{"id":284,"count":1,"description":"","link":"https:\/\/elprogresivo.mx\/index.php\/tag\/envases-carton-aseptico-queretaro\/","name":"envases cart\u00f3n as\u00e9ptico Quer\u00e9taro","slug":"envases-carton-aseptico-queretaro","taxonomy":"post_tag","meta":[],"_links":{"self":[{"href":"https:\/\/elprogresivo.mx\/index.php\/wp-json\/wp\/v2\/tags\/284","targetHints":{"allow":["GET"]}}],"collection":[{"href":"https:\/\/elprogresivo.mx\/index.php\/wp-json\/wp\/v2\/tags"}],"about":[{"href":"https:\/\/elprogresivo.mx\/index.php\/wp-json\/wp\/v2\/taxonomies\/post_tag"}],"wp:post_type":[{"href":"https:\/\/elprogresivo.mx\/index.php\/wp-json\/wp\/v2\/posts?tags=284"}],"curies":[{"name":"wp","href":"https:\/\/api.w.org\/{rel}","templated":true}]}}