{"id":5132,"date":"2026-09-01T09:42:17","date_gmt":"2026-09-01T09:42:17","guid":{"rendered":"https:\/\/elprogresivo.mx\/index.php\/2026\/09\/01\/chepe-guerrero-entrega-equipo-a-atletas-paralimpicos-de-corregidora\/"},"modified":"2026-09-01T09:42:17","modified_gmt":"2026-09-01T09:42:17","slug":"chepe-guerrero-entrega-equipo-a-atletas-paralimpicos-de-corregidora","status":"publish","type":"post","link":"https:\/\/elprogresivo.mx\/index.php\/2026\/09\/01\/chepe-guerrero-entrega-equipo-a-atletas-paralimpicos-de-corregidora\/","title":{"rendered":"Chepe Guerrero entrega equipo a atletas paral\u00edmpicos de Corregidora"},"content":{"rendered":"<p>El presidente municipal de Corregidora, Chepe Guerrero, entreg\u00f3 equipo deportivo a atletas que representar\u00e1n a Quer\u00e9taro en la pr\u00f3xima Paralimpiada y felicit\u00f3 a dos medallistas recientes en Para Swimming. La reuni\u00f3n sirvi\u00f3 para reconocer el trabajo de quienes compiten en Guadalajara y los que se preparan para el futuro.<\/p>\n<p>Guerrero aprovech\u00f3 el encuentro para confirmar que el municipio cre\u00f3 la Jefatura de Deporte Adaptado. Esta fue una promesa de campa\u00f1a que ya es realidad y busca dar atenci\u00f3n especializada a personas con discapacidad. El alcalde dijo que el departamento existe porque hay talento local de alto nivel que necesita oportunidades y buenas instalaciones.<\/p>\n<p>\u201cVolver a reconocerles de verdad sus esfuerzos, su talento, su dedicaci\u00f3n, su disciplina y decirles que la creaci\u00f3n del Departamento de Deporte Adaptado obedece a que estamos conscientes de que tenemos atletas con un muy buen nivel y que se preparan, que est\u00e1n buscando opciones y oportunidades; que tenemos muy buenos maestros. Tambi\u00e9n, felicidades por su trabajo y gracias por lo que hacen, por la dedicaci\u00f3n, por la calidad con la que lo hacen\u201d, expres\u00f3 Guerrero.<\/p>\n<p>El gobierno municipal usa esta nueva dependencia para acompa\u00f1ar a los deportistas y mejorar sus condiciones de entrenamiento. En la sesi\u00f3n tambi\u00e9n estuvieron el secretario de Desarrollo Social, Germ\u00e1n Borja Gardu\u00f1o, y el director del Instituto Municipal del Deporte, Luis G\u00f3mez Ugalde. Ambos confirmaron que ya tienen disponibles los materiales solicitados por los atletas y que los entregar\u00e1n para que compitan con mejor equipo.<\/p>\n","protected":false},"excerpt":{"rendered":"<p>El presidente municipal de Corregidora, Chepe Guerrero, entreg\u00f3 equipo deportivo a atletas que representar\u00e1n a&#8230;<\/p>\n","protected":false},"author":5,"featured_media":5131,"comment_status":"open","ping_status":"open","sticky":false,"template":"","format":"standard","meta":{"om_disable_all_campaigns":false,"_monsterinsights_skip_tracking":false,"footnotes":"","jetpack_publicize_message":"","jetpack_publicize_feature_enabled":true,"jetpack_social_post_already_shared":true,"jetpack_social_options":{"image_generator_settings":{"template":"highway","default_image_id":0,"font":"","enabled":false},"version":2}},"categories":[1,70],"tags":[201,3409,3410],"class_list":["post-5132","post","type-post","status-publish","format-standard","has-post-thumbnail","hentry","category-blog","category-destacado","tag-chepe-guerrero","tag-deporte-adaptado","tag-paralimpiada"],"aioseo_notices":[],"aioseo_head":"\n\t\t<!-- All in One SEO 5.0.1.1 - aioseo.com -->\n\t<meta name=\"description\" content=\"El presidente municipal de Corregidora, Chepe Guerrero, entreg\u00f3 equipo deportivo a atletas que representar\u00e1n a Quer\u00e9taro en la pr\u00f3xima Paralimpiada y felicit\u00f3 a dos medallistas recientes en Para Swimming. La reuni\u00f3n sirvi\u00f3 para reconocer el trabajo de quienes compiten en Guadalajara y los que se preparan para el futuro. Guerrero aprovech\u00f3 el encuentro para confirmar\" \/>\n\t<meta name=\"robots\" content=\"max-image-preview:large\" \/>\n\t<meta name=\"author\" content=\"Staff\"\/>\n\t<link rel=\"canonical\" href=\"https:\/\/elprogresivo.mx\/index.php\/2026\/09\/01\/chepe-guerrero-entrega-equipo-a-atletas-paralimpicos-de-corregidora\/\" \/>\n\t<meta name=\"generator\" content=\"All in One SEO (AIOSEO) 5.0.1.1\" \/>\n\t\t<meta property=\"og:locale\" content=\"es_MX\" \/>\n\t\t<meta property=\"og:site_name\" content=\"elprogresivo.mx - Construimos una nueva etapa en informaci\u00f3n\" \/>\n\t\t<meta property=\"og:type\" content=\"article\" \/>\n\t\t<meta property=\"og:title\" content=\"Chepe Guerrero entrega equipo a atletas paral\u00edmpicos de Corregidora - elprogresivo.mx\" \/>\n\t\t<meta property=\"og:description\" content=\"El presidente municipal de Corregidora, Chepe Guerrero, entreg\u00f3 equipo deportivo a atletas que representar\u00e1n a Quer\u00e9taro en la pr\u00f3xima Paralimpiada y felicit\u00f3 a dos medallistas recientes en Para Swimming. La reuni\u00f3n sirvi\u00f3 para reconocer el trabajo de quienes compiten en Guadalajara y los que se preparan para el futuro. Guerrero aprovech\u00f3 el encuentro para confirmar\" \/>\n\t\t<meta property=\"og:url\" content=\"https:\/\/elprogresivo.mx\/index.php\/2026\/09\/01\/chepe-guerrero-entrega-equipo-a-atletas-paralimpicos-de-corregidora\/\" \/>\n\t\t<meta property=\"og:image\" content=\"https:\/\/elprogresivo.mx\/wp-content\/uploads\/2024\/02\/cropped-LogoBlanco.png\" \/>\n\t\t<meta property=\"og:image:secure_url\" content=\"https:\/\/elprogresivo.mx\/wp-content\/uploads\/2024\/02\/cropped-LogoBlanco.png\" \/>\n\t\t<meta property=\"article:published_time\" content=\"2026-09-01T09:42:17+00:00\" \/>\n\t\t<meta property=\"article:modified_time\" content=\"2026-09-01T09:42:17+00:00\" \/>\n\t\t<meta name=\"twitter:card\" content=\"summary_large_image\" \/>\n\t\t<meta name=\"twitter:title\" content=\"Chepe Guerrero entrega equipo a atletas paral\u00edmpicos de Corregidora - elprogresivo.mx\" \/>\n\t\t<meta name=\"twitter:description\" content=\"El presidente municipal de Corregidora, Chepe Guerrero, entreg\u00f3 equipo deportivo a atletas que representar\u00e1n a Quer\u00e9taro en la pr\u00f3xima Paralimpiada y felicit\u00f3 a dos medallistas recientes en Para Swimming. La reuni\u00f3n sirvi\u00f3 para reconocer el trabajo de quienes compiten en Guadalajara y los que se preparan para el futuro. Guerrero aprovech\u00f3 el encuentro para confirmar\" \/>\n\t\t<meta name=\"twitter:image\" content=\"https:\/\/elprogresivo.mx\/wp-content\/uploads\/2024\/02\/cropped-LogoBlanco.png\" \/>\n\t\t<script type=\"application\/ld+json\" class=\"aioseo-schema\">\n\t\t\t{\"@context\":\"https:\\\/\\\/schema.org\",\"@graph\":[{\"@type\":\"BlogPosting\",\"@id\":\"https:\\\/\\\/elprogresivo.mx\\\/index.php\\\/2026\\\/09\\\/01\\\/chepe-guerrero-entrega-equipo-a-atletas-paralimpicos-de-corregidora\\\/#blogposting\",\"name\":\"Chepe Guerrero entrega equipo a atletas paral\\u00edmpicos de Corregidora - elprogresivo.mx\",\"headline\":\"Chepe Guerrero entrega equipo a atletas paral\\u00edmpicos de Corregidora\",\"author\":{\"@id\":\"https:\\\/\\\/elprogresivo.mx\\\/index.php\\\/author\\\/emmanuel-galvan\\\/#author\"},\"publisher\":{\"@id\":\"https:\\\/\\\/elprogresivo.mx\\\/#organization\"},\"image\":{\"@type\":\"ImageObject\",\"url\":\"https:\\\/\\\/elprogresivo.mx\\\/wp-content\\\/uploads\\\/2026\\\/09\\\/noticia_20260904182545.jpg\",\"width\":2560,\"height\":1707},\"datePublished\":\"2026-09-01T09:42:17+00:00\",\"dateModified\":\"2026-09-01T09:42:17+00:00\",\"inLanguage\":\"es-MX\",\"mainEntityOfPage\":{\"@id\":\"https:\\\/\\\/elprogresivo.mx\\\/index.php\\\/2026\\\/09\\\/01\\\/chepe-guerrero-entrega-equipo-a-atletas-paralimpicos-de-corregidora\\\/#webpage\"},\"isPartOf\":{\"@id\":\"https:\\\/\\\/elprogresivo.mx\\\/index.php\\\/2026\\\/09\\\/01\\\/chepe-guerrero-entrega-equipo-a-atletas-paralimpicos-de-corregidora\\\/#webpage\"},\"articleSection\":\"Blog, Destacado, Chepe Guerrero, Deporte Adaptado, Paralimpiada\"},{\"@type\":\"BreadcrumbList\",\"@id\":\"https:\\\/\\\/elprogresivo.mx\\\/index.php\\\/2026\\\/09\\\/01\\\/chepe-guerrero-entrega-equipo-a-atletas-paralimpicos-de-corregidora\\\/#breadcrumblist\",\"itemListElement\":[{\"@type\":\"ListItem\",\"@id\":\"https:\\\/\\\/elprogresivo.mx#listItem\",\"position\":1,\"name\":\"Home\",\"item\":\"https:\\\/\\\/elprogresivo.mx\",\"nextItem\":{\"@type\":\"ListItem\",\"@id\":\"https:\\\/\\\/elprogresivo.mx\\\/index.php\\\/category\\\/blog\\\/#listItem\",\"name\":\"Blog\"}},{\"@type\":\"ListItem\",\"@id\":\"https:\\\/\\\/elprogresivo.mx\\\/index.php\\\/category\\\/blog\\\/#listItem\",\"position\":2,\"name\":\"Blog\",\"item\":\"https:\\\/\\\/elprogresivo.mx\\\/index.php\\\/category\\\/blog\\\/\",\"nextItem\":{\"@type\":\"ListItem\",\"@id\":\"https:\\\/\\\/elprogresivo.mx\\\/index.php\\\/2026\\\/09\\\/01\\\/chepe-guerrero-entrega-equipo-a-atletas-paralimpicos-de-corregidora\\\/#listItem\",\"name\":\"Chepe Guerrero entrega equipo a atletas paral\\u00edmpicos de Corregidora\"},\"previousItem\":{\"@type\":\"ListItem\",\"@id\":\"https:\\\/\\\/elprogresivo.mx#listItem\",\"name\":\"Home\"}},{\"@type\":\"ListItem\",\"@id\":\"https:\\\/\\\/elprogresivo.mx\\\/index.php\\\/2026\\\/09\\\/01\\\/chepe-guerrero-entrega-equipo-a-atletas-paralimpicos-de-corregidora\\\/#listItem\",\"position\":3,\"name\":\"Chepe Guerrero entrega equipo a atletas paral\\u00edmpicos de Corregidora\",\"previousItem\":{\"@type\":\"ListItem\",\"@id\":\"https:\\\/\\\/elprogresivo.mx\\\/index.php\\\/category\\\/blog\\\/#listItem\",\"name\":\"Blog\"}}]},{\"@type\":\"Organization\",\"@id\":\"https:\\\/\\\/elprogresivo.mx\\\/#organization\",\"name\":\"elprogresivo.mx\",\"description\":\"Construimos una nueva etapa en informaci\\u00f3n\",\"url\":\"https:\\\/\\\/elprogresivo.mx\\\/\",\"logo\":{\"@type\":\"ImageObject\",\"url\":\"https:\\\/\\\/elprogresivo.mx\\\/wp-content\\\/uploads\\\/2024\\\/02\\\/cropped-LogoBlanco.png\",\"@id\":\"https:\\\/\\\/elprogresivo.mx\\\/index.php\\\/2026\\\/09\\\/01\\\/chepe-guerrero-entrega-equipo-a-atletas-paralimpicos-de-corregidora\\\/#organizationLogo\",\"width\":2096,\"height\":332},\"image\":{\"@id\":\"https:\\\/\\\/elprogresivo.mx\\\/index.php\\\/2026\\\/09\\\/01\\\/chepe-guerrero-entrega-equipo-a-atletas-paralimpicos-de-corregidora\\\/#organizationLogo\"}},{\"@type\":\"Person\",\"@id\":\"https:\\\/\\\/elprogresivo.mx\\\/index.php\\\/author\\\/emmanuel-galvan\\\/#author\",\"url\":\"https:\\\/\\\/elprogresivo.mx\\\/index.php\\\/author\\\/emmanuel-galvan\\\/\",\"name\":\"Staff\",\"image\":{\"@type\":\"ImageObject\",\"@id\":\"https:\\\/\\\/elprogresivo.mx\\\/index.php\\\/2026\\\/09\\\/01\\\/chepe-guerrero-entrega-equipo-a-atletas-paralimpicos-de-corregidora\\\/#authorImage\",\"url\":\"https:\\\/\\\/secure.gravatar.com\\\/avatar\\\/3bb87242634c3adf910515f41e6e392ab758b98c8ee7fd12a54fcb5270441486?s=96&d=mm&r=g\",\"width\":96,\"height\":96,\"caption\":\"Staff\"}},{\"@type\":\"WebPage\",\"@id\":\"https:\\\/\\\/elprogresivo.mx\\\/index.php\\\/2026\\\/09\\\/01\\\/chepe-guerrero-entrega-equipo-a-atletas-paralimpicos-de-corregidora\\\/#webpage\",\"url\":\"https:\\\/\\\/elprogresivo.mx\\\/index.php\\\/2026\\\/09\\\/01\\\/chepe-guerrero-entrega-equipo-a-atletas-paralimpicos-de-corregidora\\\/\",\"name\":\"Chepe Guerrero entrega equipo a atletas paral\\u00edmpicos de Corregidora - elprogresivo.mx\",\"description\":\"El presidente municipal de Corregidora, Chepe Guerrero, entreg\\u00f3 equipo deportivo a atletas que representar\\u00e1n a Quer\\u00e9taro en la pr\\u00f3xima Paralimpiada y felicit\\u00f3 a dos medallistas recientes en Para Swimming. La reuni\\u00f3n sirvi\\u00f3 para reconocer el trabajo de quienes compiten en Guadalajara y los que se preparan para el futuro. Guerrero aprovech\\u00f3 el encuentro para confirmar\",\"inLanguage\":\"es-MX\",\"isPartOf\":{\"@id\":\"https:\\\/\\\/elprogresivo.mx\\\/#website\"},\"breadcrumb\":{\"@id\":\"https:\\\/\\\/elprogresivo.mx\\\/index.php\\\/2026\\\/09\\\/01\\\/chepe-guerrero-entrega-equipo-a-atletas-paralimpicos-de-corregidora\\\/#breadcrumblist\"},\"author\":{\"@id\":\"https:\\\/\\\/elprogresivo.mx\\\/index.php\\\/author\\\/emmanuel-galvan\\\/#author\"},\"creator\":{\"@id\":\"https:\\\/\\\/elprogresivo.mx\\\/index.php\\\/author\\\/emmanuel-galvan\\\/#author\"},\"image\":{\"@type\":\"ImageObject\",\"url\":\"https:\\\/\\\/elprogresivo.mx\\\/wp-content\\\/uploads\\\/2026\\\/09\\\/noticia_20260904182545.jpg\",\"@id\":\"https:\\\/\\\/elprogresivo.mx\\\/index.php\\\/2026\\\/09\\\/01\\\/chepe-guerrero-entrega-equipo-a-atletas-paralimpicos-de-corregidora\\\/#mainImage\",\"width\":2560,\"height\":1707},\"primaryImageOfPage\":{\"@id\":\"https:\\\/\\\/elprogresivo.mx\\\/index.php\\\/2026\\\/09\\\/01\\\/chepe-guerrero-entrega-equipo-a-atletas-paralimpicos-de-corregidora\\\/#mainImage\"},\"datePublished\":\"2026-09-01T09:42:17+00:00\",\"dateModified\":\"2026-09-01T09:42:17+00:00\"},{\"@type\":\"WebSite\",\"@id\":\"https:\\\/\\\/elprogresivo.mx\\\/#website\",\"url\":\"https:\\\/\\\/elprogresivo.mx\\\/\",\"name\":\"elprogresivo.mx\",\"description\":\"Construimos una nueva etapa en informaci\\u00f3n\",\"inLanguage\":\"es-MX\",\"publisher\":{\"@id\":\"https:\\\/\\\/elprogresivo.mx\\\/#organization\"}}]}\n\t\t<\/script>\n\t\t<!-- All in One SEO -->\n\n","aioseo_head_json":{"title":"Chepe Guerrero entrega equipo a atletas paral\u00edmpicos de Corregidora - elprogresivo.mx","description":"El presidente municipal de Corregidora, Chepe Guerrero, entreg\u00f3 equipo deportivo a atletas que representar\u00e1n a Quer\u00e9taro en la pr\u00f3xima Paralimpiada y felicit\u00f3 a dos medallistas recientes en Para Swimming. La reuni\u00f3n sirvi\u00f3 para reconocer el trabajo de quienes compiten en Guadalajara y los que se preparan para el futuro. Guerrero aprovech\u00f3 el encuentro para confirmar","canonical_url":"https:\/\/elprogresivo.mx\/index.php\/2026\/09\/01\/chepe-guerrero-entrega-equipo-a-atletas-paralimpicos-de-corregidora\/","robots":"max-image-preview:large","keywords":"","webmasterTools":{"miscellaneous":""},"schema":{"@context":"https:\/\/schema.org","@graph":[{"@type":"BlogPosting","@id":"https:\/\/elprogresivo.mx\/index.php\/2026\/09\/01\/chepe-guerrero-entrega-equipo-a-atletas-paralimpicos-de-corregidora\/#blogposting","name":"Chepe Guerrero entrega equipo a atletas paral\u00edmpicos de Corregidora - elprogresivo.mx","headline":"Chepe Guerrero entrega equipo a atletas paral\u00edmpicos de Corregidora","author":{"@id":"https:\/\/elprogresivo.mx\/index.php\/author\/emmanuel-galvan\/#author"},"publisher":{"@id":"https:\/\/elprogresivo.mx\/#organization"},"image":{"@type":"ImageObject","url":"https:\/\/elprogresivo.mx\/wp-content\/uploads\/2026\/09\/noticia_20260904182545.jpg","width":2560,"height":1707},"datePublished":"2026-09-01T09:42:17+00:00","dateModified":"2026-09-01T09:42:17+00:00","inLanguage":"es-MX","mainEntityOfPage":{"@id":"https:\/\/elprogresivo.mx\/index.php\/2026\/09\/01\/chepe-guerrero-entrega-equipo-a-atletas-paralimpicos-de-corregidora\/#webpage"},"isPartOf":{"@id":"https:\/\/elprogresivo.mx\/index.php\/2026\/09\/01\/chepe-guerrero-entrega-equipo-a-atletas-paralimpicos-de-corregidora\/#webpage"},"articleSection":"Blog, Destacado, Chepe Guerrero, Deporte Adaptado, Paralimpiada"},{"@type":"BreadcrumbList","@id":"https:\/\/elprogresivo.mx\/index.php\/2026\/09\/01\/chepe-guerrero-entrega-equipo-a-atletas-paralimpicos-de-corregidora\/#breadcrumblist","itemListElement":[{"@type":"ListItem","@id":"https:\/\/elprogresivo.mx#listItem","position":1,"name":"Home","item":"https:\/\/elprogresivo.mx","nextItem":{"@type":"ListItem","@id":"https:\/\/elprogresivo.mx\/index.php\/category\/blog\/#listItem","name":"Blog"}},{"@type":"ListItem","@id":"https:\/\/elprogresivo.mx\/index.php\/category\/blog\/#listItem","position":2,"name":"Blog","item":"https:\/\/elprogresivo.mx\/index.php\/category\/blog\/","nextItem":{"@type":"ListItem","@id":"https:\/\/elprogresivo.mx\/index.php\/2026\/09\/01\/chepe-guerrero-entrega-equipo-a-atletas-paralimpicos-de-corregidora\/#listItem","name":"Chepe Guerrero entrega equipo a atletas paral\u00edmpicos de Corregidora"},"previousItem":{"@type":"ListItem","@id":"https:\/\/elprogresivo.mx#listItem","name":"Home"}},{"@type":"ListItem","@id":"https:\/\/elprogresivo.mx\/index.php\/2026\/09\/01\/chepe-guerrero-entrega-equipo-a-atletas-paralimpicos-de-corregidora\/#listItem","position":3,"name":"Chepe Guerrero entrega equipo a atletas paral\u00edmpicos de Corregidora","previousItem":{"@type":"ListItem","@id":"https:\/\/elprogresivo.mx\/index.php\/category\/blog\/#listItem","name":"Blog"}}]},{"@type":"Organization","@id":"https:\/\/elprogresivo.mx\/#organization","name":"elprogresivo.mx","description":"Construimos una nueva etapa en informaci\u00f3n","url":"https:\/\/elprogresivo.mx\/","logo":{"@type":"ImageObject","url":"https:\/\/elprogresivo.mx\/wp-content\/uploads\/2024\/02\/cropped-LogoBlanco.png","@id":"https:\/\/elprogresivo.mx\/index.php\/2026\/09\/01\/chepe-guerrero-entrega-equipo-a-atletas-paralimpicos-de-corregidora\/#organizationLogo","width":2096,"height":332},"image":{"@id":"https:\/\/elprogresivo.mx\/index.php\/2026\/09\/01\/chepe-guerrero-entrega-equipo-a-atletas-paralimpicos-de-corregidora\/#organizationLogo"}},{"@type":"Person","@id":"https:\/\/elprogresivo.mx\/index.php\/author\/emmanuel-galvan\/#author","url":"https:\/\/elprogresivo.mx\/index.php\/author\/emmanuel-galvan\/","name":"Staff","image":{"@type":"ImageObject","@id":"https:\/\/elprogresivo.mx\/index.php\/2026\/09\/01\/chepe-guerrero-entrega-equipo-a-atletas-paralimpicos-de-corregidora\/#authorImage","url":"https:\/\/secure.gravatar.com\/avatar\/3bb87242634c3adf910515f41e6e392ab758b98c8ee7fd12a54fcb5270441486?s=96&d=mm&r=g","width":96,"height":96,"caption":"Staff"}},{"@type":"WebPage","@id":"https:\/\/elprogresivo.mx\/index.php\/2026\/09\/01\/chepe-guerrero-entrega-equipo-a-atletas-paralimpicos-de-corregidora\/#webpage","url":"https:\/\/elprogresivo.mx\/index.php\/2026\/09\/01\/chepe-guerrero-entrega-equipo-a-atletas-paralimpicos-de-corregidora\/","name":"Chepe Guerrero entrega equipo a atletas paral\u00edmpicos de Corregidora - elprogresivo.mx","description":"El presidente municipal de Corregidora, Chepe Guerrero, entreg\u00f3 equipo deportivo a atletas que representar\u00e1n a Quer\u00e9taro en la pr\u00f3xima Paralimpiada y felicit\u00f3 a dos medallistas recientes en Para Swimming. La reuni\u00f3n sirvi\u00f3 para reconocer el trabajo de quienes compiten en Guadalajara y los que se preparan para el futuro. Guerrero aprovech\u00f3 el encuentro para confirmar","inLanguage":"es-MX","isPartOf":{"@id":"https:\/\/elprogresivo.mx\/#website"},"breadcrumb":{"@id":"https:\/\/elprogresivo.mx\/index.php\/2026\/09\/01\/chepe-guerrero-entrega-equipo-a-atletas-paralimpicos-de-corregidora\/#breadcrumblist"},"author":{"@id":"https:\/\/elprogresivo.mx\/index.php\/author\/emmanuel-galvan\/#author"},"creator":{"@id":"https:\/\/elprogresivo.mx\/index.php\/author\/emmanuel-galvan\/#author"},"image":{"@type":"ImageObject","url":"https:\/\/elprogresivo.mx\/wp-content\/uploads\/2026\/09\/noticia_20260904182545.jpg","@id":"https:\/\/elprogresivo.mx\/index.php\/2026\/09\/01\/chepe-guerrero-entrega-equipo-a-atletas-paralimpicos-de-corregidora\/#mainImage","width":2560,"height":1707},"primaryImageOfPage":{"@id":"https:\/\/elprogresivo.mx\/index.php\/2026\/09\/01\/chepe-guerrero-entrega-equipo-a-atletas-paralimpicos-de-corregidora\/#mainImage"},"datePublished":"2026-09-01T09:42:17+00:00","dateModified":"2026-09-01T09:42:17+00:00"},{"@type":"WebSite","@id":"https:\/\/elprogresivo.mx\/#website","url":"https:\/\/elprogresivo.mx\/","name":"elprogresivo.mx","description":"Construimos una nueva etapa en informaci\u00f3n","inLanguage":"es-MX","publisher":{"@id":"https:\/\/elprogresivo.mx\/#organization"}}]},"og:locale":"es_MX","og:site_name":"elprogresivo.mx - Construimos una nueva etapa en informaci\u00f3n","og:type":"article","og:title":"Chepe Guerrero entrega equipo a atletas paral\u00edmpicos de Corregidora - elprogresivo.mx","og:description":"El presidente municipal de Corregidora, Chepe Guerrero, entreg\u00f3 equipo deportivo a atletas que representar\u00e1n a Quer\u00e9taro en la pr\u00f3xima Paralimpiada y felicit\u00f3 a dos medallistas recientes en Para Swimming. La reuni\u00f3n sirvi\u00f3 para reconocer el trabajo de quienes compiten en Guadalajara y los que se preparan para el futuro. Guerrero aprovech\u00f3 el encuentro para confirmar","og:url":"https:\/\/elprogresivo.mx\/index.php\/2026\/09\/01\/chepe-guerrero-entrega-equipo-a-atletas-paralimpicos-de-corregidora\/","og:image":"https:\/\/elprogresivo.mx\/wp-content\/uploads\/2024\/02\/cropped-LogoBlanco.png","og:image:secure_url":"https:\/\/elprogresivo.mx\/wp-content\/uploads\/2024\/02\/cropped-LogoBlanco.png","article:published_time":"2026-09-01T09:42:17+00:00","article:modified_time":"2026-09-01T09:42:17+00:00","twitter:card":"summary_large_image","twitter:title":"Chepe Guerrero entrega equipo a atletas paral\u00edmpicos de Corregidora - elprogresivo.mx","twitter:description":"El presidente municipal de Corregidora, Chepe Guerrero, entreg\u00f3 equipo deportivo a atletas que representar\u00e1n a Quer\u00e9taro en la pr\u00f3xima Paralimpiada y felicit\u00f3 a dos medallistas recientes en Para Swimming. La reuni\u00f3n sirvi\u00f3 para reconocer el trabajo de quienes compiten en Guadalajara y los que se preparan para el futuro. Guerrero aprovech\u00f3 el encuentro para confirmar","twitter:image":"https:\/\/elprogresivo.mx\/wp-content\/uploads\/2024\/02\/cropped-LogoBlanco.png"},"aioseo_meta_data":{"post_id":"5132","title":null,"description":null,"keywords":null,"keyphrases":null,"primary_term":null,"canonical_url":null,"og_title":null,"og_description":null,"og_object_type":"default","og_image_type":"default","og_image_url":null,"og_image_width":null,"og_image_height":null,"og_image_custom_url":null,"og_image_custom_fields":null,"og_video":null,"og_custom_url":null,"og_article_section":null,"og_article_tags":null,"twitter_use_og":false,"twitter_card":"default","twitter_image_type":"default","twitter_image_url":null,"twitter_image_custom_url":null,"twitter_image_custom_fields":null,"twitter_title":null,"twitter_description":null,"schema":{"blockGraphs":[],"customGraphs":[],"default":{"data":{"Article":[],"Course":[],"Dataset":[],"FAQPage":[],"Movie":[],"Person":[],"Product":[],"ProductReview":[],"Car":[],"Recipe":[],"Service":[],"SoftwareApplication":[],"WebPage":[]},"graphName":"","isEnabled":true},"graphs":[]},"schema_type":"default","schema_type_options":null,"pillar_content":false,"robots_default":true,"robots_noindex":false,"robots_noarchive":false,"robots_nosnippet":false,"robots_nofollow":false,"robots_noimageindex":false,"robots_noodp":false,"robots_notranslate":false,"robots_max_snippet":null,"robots_max_videopreview":null,"robots_max_imagepreview":"large","priority":null,"frequency":null,"local_seo":null,"limit_modified_date":false,"created":"2026-09-05 01:35:50","updated":"2026-09-05 01:35:50","ai":null,"breadcrumb_settings":null,"seo_analyzer_scan_date":null,"focus_keyword":null,"additional_keywords":null,"truseo_locale":null},"aioseo_breadcrumb":"<div class=\"aioseo-breadcrumbs\"><span class=\"aioseo-breadcrumb\">\n\t\t\t<a href=\"https:\/\/elprogresivo.mx\" title=\"Home\">Home<\/a>\n\t\t<\/span><span class=\"aioseo-breadcrumb-separator\">&raquo;<\/span><span class=\"aioseo-breadcrumb\">\n\t\t\t<a href=\"https:\/\/elprogresivo.mx\/index.php\/category\/blog\/\" title=\"Blog\">Blog<\/a>\n\t\t<\/span><span class=\"aioseo-breadcrumb-separator\">&raquo;<\/span><span class=\"aioseo-breadcrumb\">\n\t\t\tChepe Guerrero entrega equipo a atletas paral\u00edmpicos de Corregidora\n\t\t<\/span><\/div>","aioseo_breadcrumb_json":[{"label":"Home","link":"https:\/\/elprogresivo.mx"},{"label":"Blog","link":"https:\/\/elprogresivo.mx\/index.php\/category\/blog\/"},{"label":"Chepe Guerrero entrega equipo a atletas paral\u00edmpicos de Corregidora","link":"https:\/\/elprogresivo.mx\/index.php\/2026\/09\/01\/chepe-guerrero-entrega-equipo-a-atletas-paralimpicos-de-corregidora\/"}],"jetpack_publicize_connections":[],"_links":{"self":[{"href":"https:\/\/elprogresivo.mx\/index.php\/wp-json\/wp\/v2\/posts\/5132","targetHints":{"allow":["GET"]}}],"collection":[{"href":"https:\/\/elprogresivo.mx\/index.php\/wp-json\/wp\/v2\/posts"}],"about":[{"href":"https:\/\/elprogresivo.mx\/index.php\/wp-json\/wp\/v2\/types\/post"}],"author":[{"embeddable":true,"href":"https:\/\/elprogresivo.mx\/index.php\/wp-json\/wp\/v2\/users\/5"}],"replies":[{"embeddable":true,"href":"https:\/\/elprogresivo.mx\/index.php\/wp-json\/wp\/v2\/comments?post=5132"}],"version-history":[{"count":0,"href":"https:\/\/elprogresivo.mx\/index.php\/wp-json\/wp\/v2\/posts\/5132\/revisions"}],"wp:featuredmedia":[{"embeddable":true,"href":"https:\/\/elprogresivo.mx\/index.php\/wp-json\/wp\/v2\/media\/5131"}],"wp:attachment":[{"href":"https:\/\/elprogresivo.mx\/index.php\/wp-json\/wp\/v2\/media?parent=5132"}],"wp:term":[{"taxonomy":"category","embeddable":true,"href":"https:\/\/elprogresivo.mx\/index.php\/wp-json\/wp\/v2\/categories?post=5132"},{"taxonomy":"post_tag","embeddable":true,"href":"https:\/\/elprogresivo.mx\/index.php\/wp-json\/wp\/v2\/tags?post=5132"}],"curies":[{"name":"wp","href":"https:\/\/api.w.org\/{rel}","templated":true}]}}