{"id":5130,"date":"2026-09-02T09:35:42","date_gmt":"2026-09-02T09:35:42","guid":{"rendered":"https:\/\/elprogresivo.mx\/index.php\/2026\/09\/02\/rehabilitan-vialidades-en-paseos-del-bosque-con-14-mdp\/"},"modified":"2026-09-02T09:35:42","modified_gmt":"2026-09-02T09:35:42","slug":"rehabilitan-vialidades-en-paseos-del-bosque-con-14-mdp","status":"publish","type":"post","link":"https:\/\/elprogresivo.mx\/index.php\/2026\/09\/02\/rehabilitan-vialidades-en-paseos-del-bosque-con-14-mdp\/","title":{"rendered":"Rehabilitan vialidades en Paseos del Bosque con 14 mdp"},"content":{"rendered":"<p>Entregaron la rehabilitaci\u00f3n de calles en el fraccionamiento Paseos del Bosque con una inversi\u00f3n de 14 millones de pesos que beneficia a 9 mil habitantes.<\/p>\n<p>Chepe Guerrero, presidente municipal de Corregidora, y Luis Nava, secretario de Desarrollo Social del estado, fueron los responsables de la entrega de la obra.<\/p>\n<p>El alcalde record\u00f3 que estas mejoras llegaron gracias a gestiones con el gobernador Mauricio Kuri y agradeci\u00f3 a los vecinos por pagar su predial a tiempo. Ese dinero, dijo, se vuelve obra p\u00fablica para las familias.<\/p>\n<p>Guerrero mencion\u00f3 que en dos a\u00f1os han movido alrededor de 500 millones de pesos en proyectos. \u201cEn 2 a\u00f1os de mi gobierno hemos ejercido alrededor de 500 millones de pesos en obra, ahora le toc\u00f3 a Paseos del Bosque, pero hemos llevado obra a gran parte del municipio, y muchos de estos trabajos, han sido gracias al apoyo del gobernador Mauricio Kuri, quien tambi\u00e9n est\u00e1 iniciando su per\u00edodo de informe, tras 5 a\u00f1os de resultados; un gobernador cercano y que no se ha cruzado de brazos ante la falta de recursos federales\u201d, dijo.<\/p>\n<p>Los trabajadores pusieron carpeta asf\u00e1ltica nueva, aplicaron riego rejuvenecedor y sellaron las grietas para que los autos rodan mejor y las calles duren m\u00e1s. Tambi\u00e9n arreglaron banquetas rotas y pintaron los se\u00f1alamientos viales para que peatones y veh\u00edculos tengan m\u00e1s seguridad.<\/p>\n<p>Viridiana Nava Rodr\u00edguez, secretaria de Obras P\u00fablicas, explic\u00f3 que la intervenci\u00f3n responde a lo que ped\u00edan las familias de la zona. Maribel Rodr\u00edguez Calder\u00f3n, presidenta del Comit\u00e9 de Obra, resalt\u00f3 el trabajo conjunto entre autoridades y vecinos para dejar las calles en mejores condiciones para la comunidad.<\/p>\n","protected":false},"excerpt":{"rendered":"<p>Entregaron la rehabilitaci\u00f3n de calles en el fraccionamiento Paseos del Bosque con una inversi\u00f3n de&#8230;<\/p>\n","protected":false},"author":5,"featured_media":5129,"comment_status":"open","ping_status":"open","sticky":false,"template":"","format":"standard","meta":{"om_disable_all_campaigns":false,"_monsterinsights_skip_tracking":false,"footnotes":"","jetpack_publicize_message":"","jetpack_publicize_feature_enabled":true,"jetpack_social_post_already_shared":true,"jetpack_social_options":{"image_generator_settings":{"template":"highway","default_image_id":0,"font":"","enabled":false},"version":2}},"categories":[1,71],"tags":[201,2514,3408,2220],"class_list":["post-5130","post","type-post","status-publish","format-standard","has-post-thumbnail","hentry","category-blog","category-principal","tag-chepe-guerrero","tag-obra-publica","tag-paseos-del-bosque","tag-rehabilitacion-vial"],"aioseo_notices":[],"aioseo_head":"\n\t\t<!-- All in One SEO 5.0.1.1 - aioseo.com -->\n\t<meta name=\"description\" content=\"Entregaron la rehabilitaci\u00f3n de calles en el fraccionamiento Paseos del Bosque con una inversi\u00f3n de 14 millones de pesos que beneficia a 9 mil habitantes. Chepe Guerrero, presidente municipal de Corregidora, y Luis Nava, secretario de Desarrollo Social del estado, fueron los responsables de la entrega de la obra. El alcalde record\u00f3 que estas mejoras\" \/>\n\t<meta name=\"robots\" content=\"max-image-preview:large\" \/>\n\t<meta name=\"author\" content=\"Staff\"\/>\n\t<link rel=\"canonical\" href=\"https:\/\/elprogresivo.mx\/index.php\/2026\/09\/02\/rehabilitan-vialidades-en-paseos-del-bosque-con-14-mdp\/\" \/>\n\t<meta name=\"generator\" content=\"All in One SEO (AIOSEO) 5.0.1.1\" \/>\n\t\t<meta property=\"og:locale\" content=\"es_MX\" \/>\n\t\t<meta property=\"og:site_name\" content=\"elprogresivo.mx - Construimos una nueva etapa en informaci\u00f3n\" \/>\n\t\t<meta property=\"og:type\" content=\"article\" \/>\n\t\t<meta property=\"og:title\" content=\"Rehabilitan vialidades en Paseos del Bosque con 14 mdp - elprogresivo.mx\" \/>\n\t\t<meta property=\"og:description\" content=\"Entregaron la rehabilitaci\u00f3n de calles en el fraccionamiento Paseos del Bosque con una inversi\u00f3n de 14 millones de pesos que beneficia a 9 mil habitantes. Chepe Guerrero, presidente municipal de Corregidora, y Luis Nava, secretario de Desarrollo Social del estado, fueron los responsables de la entrega de la obra. El alcalde record\u00f3 que estas mejoras\" \/>\n\t\t<meta property=\"og:url\" content=\"https:\/\/elprogresivo.mx\/index.php\/2026\/09\/02\/rehabilitan-vialidades-en-paseos-del-bosque-con-14-mdp\/\" \/>\n\t\t<meta property=\"og:image\" content=\"https:\/\/elprogresivo.mx\/wp-content\/uploads\/2024\/02\/cropped-LogoBlanco.png\" \/>\n\t\t<meta property=\"og:image:secure_url\" content=\"https:\/\/elprogresivo.mx\/wp-content\/uploads\/2024\/02\/cropped-LogoBlanco.png\" \/>\n\t\t<meta property=\"article:published_time\" content=\"2026-09-02T09:35:42+00:00\" \/>\n\t\t<meta property=\"article:modified_time\" content=\"2026-09-02T09:35:42+00:00\" \/>\n\t\t<meta name=\"twitter:card\" content=\"summary_large_image\" \/>\n\t\t<meta name=\"twitter:title\" content=\"Rehabilitan vialidades en Paseos del Bosque con 14 mdp - elprogresivo.mx\" \/>\n\t\t<meta name=\"twitter:description\" content=\"Entregaron la rehabilitaci\u00f3n de calles en el fraccionamiento Paseos del Bosque con una inversi\u00f3n de 14 millones de pesos que beneficia a 9 mil habitantes. Chepe Guerrero, presidente municipal de Corregidora, y Luis Nava, secretario de Desarrollo Social del estado, fueron los responsables de la entrega de la obra. El alcalde record\u00f3 que estas mejoras\" \/>\n\t\t<meta name=\"twitter:image\" content=\"https:\/\/elprogresivo.mx\/wp-content\/uploads\/2024\/02\/cropped-LogoBlanco.png\" \/>\n\t\t<script type=\"application\/ld+json\" class=\"aioseo-schema\">\n\t\t\t{\"@context\":\"https:\\\/\\\/schema.org\",\"@graph\":[{\"@type\":\"BlogPosting\",\"@id\":\"https:\\\/\\\/elprogresivo.mx\\\/index.php\\\/2026\\\/09\\\/02\\\/rehabilitan-vialidades-en-paseos-del-bosque-con-14-mdp\\\/#blogposting\",\"name\":\"Rehabilitan vialidades en Paseos del Bosque con 14 mdp - elprogresivo.mx\",\"headline\":\"Rehabilitan vialidades en Paseos del Bosque con 14 mdp\",\"author\":{\"@id\":\"https:\\\/\\\/elprogresivo.mx\\\/index.php\\\/author\\\/emmanuel-galvan\\\/#author\"},\"publisher\":{\"@id\":\"https:\\\/\\\/elprogresivo.mx\\\/#organization\"},\"image\":{\"@type\":\"ImageObject\",\"url\":\"https:\\\/\\\/elprogresivo.mx\\\/wp-content\\\/uploads\\\/2026\\\/09\\\/noticia_20260904182514.jpg\",\"width\":2560,\"height\":1706},\"datePublished\":\"2026-09-02T09:35:42+00:00\",\"dateModified\":\"2026-09-02T09:35:42+00:00\",\"inLanguage\":\"es-MX\",\"mainEntityOfPage\":{\"@id\":\"https:\\\/\\\/elprogresivo.mx\\\/index.php\\\/2026\\\/09\\\/02\\\/rehabilitan-vialidades-en-paseos-del-bosque-con-14-mdp\\\/#webpage\"},\"isPartOf\":{\"@id\":\"https:\\\/\\\/elprogresivo.mx\\\/index.php\\\/2026\\\/09\\\/02\\\/rehabilitan-vialidades-en-paseos-del-bosque-con-14-mdp\\\/#webpage\"},\"articleSection\":\"Blog, Principal, Chepe Guerrero, obra p\\u00fablica, Paseos del Bosque, rehabilitaci\\u00f3n vial\"},{\"@type\":\"BreadcrumbList\",\"@id\":\"https:\\\/\\\/elprogresivo.mx\\\/index.php\\\/2026\\\/09\\\/02\\\/rehabilitan-vialidades-en-paseos-del-bosque-con-14-mdp\\\/#breadcrumblist\",\"itemListElement\":[{\"@type\":\"ListItem\",\"@id\":\"https:\\\/\\\/elprogresivo.mx#listItem\",\"position\":1,\"name\":\"Home\",\"item\":\"https:\\\/\\\/elprogresivo.mx\",\"nextItem\":{\"@type\":\"ListItem\",\"@id\":\"https:\\\/\\\/elprogresivo.mx\\\/index.php\\\/category\\\/blog\\\/#listItem\",\"name\":\"Blog\"}},{\"@type\":\"ListItem\",\"@id\":\"https:\\\/\\\/elprogresivo.mx\\\/index.php\\\/category\\\/blog\\\/#listItem\",\"position\":2,\"name\":\"Blog\",\"item\":\"https:\\\/\\\/elprogresivo.mx\\\/index.php\\\/category\\\/blog\\\/\",\"nextItem\":{\"@type\":\"ListItem\",\"@id\":\"https:\\\/\\\/elprogresivo.mx\\\/index.php\\\/2026\\\/09\\\/02\\\/rehabilitan-vialidades-en-paseos-del-bosque-con-14-mdp\\\/#listItem\",\"name\":\"Rehabilitan vialidades en Paseos del Bosque con 14 mdp\"},\"previousItem\":{\"@type\":\"ListItem\",\"@id\":\"https:\\\/\\\/elprogresivo.mx#listItem\",\"name\":\"Home\"}},{\"@type\":\"ListItem\",\"@id\":\"https:\\\/\\\/elprogresivo.mx\\\/index.php\\\/2026\\\/09\\\/02\\\/rehabilitan-vialidades-en-paseos-del-bosque-con-14-mdp\\\/#listItem\",\"position\":3,\"name\":\"Rehabilitan vialidades en Paseos del Bosque con 14 mdp\",\"previousItem\":{\"@type\":\"ListItem\",\"@id\":\"https:\\\/\\\/elprogresivo.mx\\\/index.php\\\/category\\\/blog\\\/#listItem\",\"name\":\"Blog\"}}]},{\"@type\":\"Organization\",\"@id\":\"https:\\\/\\\/elprogresivo.mx\\\/#organization\",\"name\":\"elprogresivo.mx\",\"description\":\"Construimos una nueva etapa en informaci\\u00f3n\",\"url\":\"https:\\\/\\\/elprogresivo.mx\\\/\",\"logo\":{\"@type\":\"ImageObject\",\"url\":\"https:\\\/\\\/elprogresivo.mx\\\/wp-content\\\/uploads\\\/2024\\\/02\\\/cropped-LogoBlanco.png\",\"@id\":\"https:\\\/\\\/elprogresivo.mx\\\/index.php\\\/2026\\\/09\\\/02\\\/rehabilitan-vialidades-en-paseos-del-bosque-con-14-mdp\\\/#organizationLogo\",\"width\":2096,\"height\":332},\"image\":{\"@id\":\"https:\\\/\\\/elprogresivo.mx\\\/index.php\\\/2026\\\/09\\\/02\\\/rehabilitan-vialidades-en-paseos-del-bosque-con-14-mdp\\\/#organizationLogo\"}},{\"@type\":\"Person\",\"@id\":\"https:\\\/\\\/elprogresivo.mx\\\/index.php\\\/author\\\/emmanuel-galvan\\\/#author\",\"url\":\"https:\\\/\\\/elprogresivo.mx\\\/index.php\\\/author\\\/emmanuel-galvan\\\/\",\"name\":\"Staff\",\"image\":{\"@type\":\"ImageObject\",\"@id\":\"https:\\\/\\\/elprogresivo.mx\\\/index.php\\\/2026\\\/09\\\/02\\\/rehabilitan-vialidades-en-paseos-del-bosque-con-14-mdp\\\/#authorImage\",\"url\":\"https:\\\/\\\/secure.gravatar.com\\\/avatar\\\/3bb87242634c3adf910515f41e6e392ab758b98c8ee7fd12a54fcb5270441486?s=96&d=mm&r=g\",\"width\":96,\"height\":96,\"caption\":\"Staff\"}},{\"@type\":\"WebPage\",\"@id\":\"https:\\\/\\\/elprogresivo.mx\\\/index.php\\\/2026\\\/09\\\/02\\\/rehabilitan-vialidades-en-paseos-del-bosque-con-14-mdp\\\/#webpage\",\"url\":\"https:\\\/\\\/elprogresivo.mx\\\/index.php\\\/2026\\\/09\\\/02\\\/rehabilitan-vialidades-en-paseos-del-bosque-con-14-mdp\\\/\",\"name\":\"Rehabilitan vialidades en Paseos del Bosque con 14 mdp - elprogresivo.mx\",\"description\":\"Entregaron la rehabilitaci\\u00f3n de calles en el fraccionamiento Paseos del Bosque con una inversi\\u00f3n de 14 millones de pesos que beneficia a 9 mil habitantes. Chepe Guerrero, presidente municipal de Corregidora, y Luis Nava, secretario de Desarrollo Social del estado, fueron los responsables de la entrega de la obra. El alcalde record\\u00f3 que estas mejoras\",\"inLanguage\":\"es-MX\",\"isPartOf\":{\"@id\":\"https:\\\/\\\/elprogresivo.mx\\\/#website\"},\"breadcrumb\":{\"@id\":\"https:\\\/\\\/elprogresivo.mx\\\/index.php\\\/2026\\\/09\\\/02\\\/rehabilitan-vialidades-en-paseos-del-bosque-con-14-mdp\\\/#breadcrumblist\"},\"author\":{\"@id\":\"https:\\\/\\\/elprogresivo.mx\\\/index.php\\\/author\\\/emmanuel-galvan\\\/#author\"},\"creator\":{\"@id\":\"https:\\\/\\\/elprogresivo.mx\\\/index.php\\\/author\\\/emmanuel-galvan\\\/#author\"},\"image\":{\"@type\":\"ImageObject\",\"url\":\"https:\\\/\\\/elprogresivo.mx\\\/wp-content\\\/uploads\\\/2026\\\/09\\\/noticia_20260904182514.jpg\",\"@id\":\"https:\\\/\\\/elprogresivo.mx\\\/index.php\\\/2026\\\/09\\\/02\\\/rehabilitan-vialidades-en-paseos-del-bosque-con-14-mdp\\\/#mainImage\",\"width\":2560,\"height\":1706},\"primaryImageOfPage\":{\"@id\":\"https:\\\/\\\/elprogresivo.mx\\\/index.php\\\/2026\\\/09\\\/02\\\/rehabilitan-vialidades-en-paseos-del-bosque-con-14-mdp\\\/#mainImage\"},\"datePublished\":\"2026-09-02T09:35:42+00:00\",\"dateModified\":\"2026-09-02T09:35:42+00:00\"},{\"@type\":\"WebSite\",\"@id\":\"https:\\\/\\\/elprogresivo.mx\\\/#website\",\"url\":\"https:\\\/\\\/elprogresivo.mx\\\/\",\"name\":\"elprogresivo.mx\",\"description\":\"Construimos una nueva etapa en informaci\\u00f3n\",\"inLanguage\":\"es-MX\",\"publisher\":{\"@id\":\"https:\\\/\\\/elprogresivo.mx\\\/#organization\"}}]}\n\t\t<\/script>\n\t\t<!-- All in One SEO -->\n\n","aioseo_head_json":{"title":"Rehabilitan vialidades en Paseos del Bosque con 14 mdp - elprogresivo.mx","description":"Entregaron la rehabilitaci\u00f3n de calles en el fraccionamiento Paseos del Bosque con una inversi\u00f3n de 14 millones de pesos que beneficia a 9 mil habitantes. Chepe Guerrero, presidente municipal de Corregidora, y Luis Nava, secretario de Desarrollo Social del estado, fueron los responsables de la entrega de la obra. El alcalde record\u00f3 que estas mejoras","canonical_url":"https:\/\/elprogresivo.mx\/index.php\/2026\/09\/02\/rehabilitan-vialidades-en-paseos-del-bosque-con-14-mdp\/","robots":"max-image-preview:large","keywords":"","webmasterTools":{"miscellaneous":""},"schema":{"@context":"https:\/\/schema.org","@graph":[{"@type":"BlogPosting","@id":"https:\/\/elprogresivo.mx\/index.php\/2026\/09\/02\/rehabilitan-vialidades-en-paseos-del-bosque-con-14-mdp\/#blogposting","name":"Rehabilitan vialidades en Paseos del Bosque con 14 mdp - elprogresivo.mx","headline":"Rehabilitan vialidades en Paseos del Bosque con 14 mdp","author":{"@id":"https:\/\/elprogresivo.mx\/index.php\/author\/emmanuel-galvan\/#author"},"publisher":{"@id":"https:\/\/elprogresivo.mx\/#organization"},"image":{"@type":"ImageObject","url":"https:\/\/elprogresivo.mx\/wp-content\/uploads\/2026\/09\/noticia_20260904182514.jpg","width":2560,"height":1706},"datePublished":"2026-09-02T09:35:42+00:00","dateModified":"2026-09-02T09:35:42+00:00","inLanguage":"es-MX","mainEntityOfPage":{"@id":"https:\/\/elprogresivo.mx\/index.php\/2026\/09\/02\/rehabilitan-vialidades-en-paseos-del-bosque-con-14-mdp\/#webpage"},"isPartOf":{"@id":"https:\/\/elprogresivo.mx\/index.php\/2026\/09\/02\/rehabilitan-vialidades-en-paseos-del-bosque-con-14-mdp\/#webpage"},"articleSection":"Blog, Principal, Chepe Guerrero, obra p\u00fablica, Paseos del Bosque, rehabilitaci\u00f3n vial"},{"@type":"BreadcrumbList","@id":"https:\/\/elprogresivo.mx\/index.php\/2026\/09\/02\/rehabilitan-vialidades-en-paseos-del-bosque-con-14-mdp\/#breadcrumblist","itemListElement":[{"@type":"ListItem","@id":"https:\/\/elprogresivo.mx#listItem","position":1,"name":"Home","item":"https:\/\/elprogresivo.mx","nextItem":{"@type":"ListItem","@id":"https:\/\/elprogresivo.mx\/index.php\/category\/blog\/#listItem","name":"Blog"}},{"@type":"ListItem","@id":"https:\/\/elprogresivo.mx\/index.php\/category\/blog\/#listItem","position":2,"name":"Blog","item":"https:\/\/elprogresivo.mx\/index.php\/category\/blog\/","nextItem":{"@type":"ListItem","@id":"https:\/\/elprogresivo.mx\/index.php\/2026\/09\/02\/rehabilitan-vialidades-en-paseos-del-bosque-con-14-mdp\/#listItem","name":"Rehabilitan vialidades en Paseos del Bosque con 14 mdp"},"previousItem":{"@type":"ListItem","@id":"https:\/\/elprogresivo.mx#listItem","name":"Home"}},{"@type":"ListItem","@id":"https:\/\/elprogresivo.mx\/index.php\/2026\/09\/02\/rehabilitan-vialidades-en-paseos-del-bosque-con-14-mdp\/#listItem","position":3,"name":"Rehabilitan vialidades en Paseos del Bosque con 14 mdp","previousItem":{"@type":"ListItem","@id":"https:\/\/elprogresivo.mx\/index.php\/category\/blog\/#listItem","name":"Blog"}}]},{"@type":"Organization","@id":"https:\/\/elprogresivo.mx\/#organization","name":"elprogresivo.mx","description":"Construimos una nueva etapa en informaci\u00f3n","url":"https:\/\/elprogresivo.mx\/","logo":{"@type":"ImageObject","url":"https:\/\/elprogresivo.mx\/wp-content\/uploads\/2024\/02\/cropped-LogoBlanco.png","@id":"https:\/\/elprogresivo.mx\/index.php\/2026\/09\/02\/rehabilitan-vialidades-en-paseos-del-bosque-con-14-mdp\/#organizationLogo","width":2096,"height":332},"image":{"@id":"https:\/\/elprogresivo.mx\/index.php\/2026\/09\/02\/rehabilitan-vialidades-en-paseos-del-bosque-con-14-mdp\/#organizationLogo"}},{"@type":"Person","@id":"https:\/\/elprogresivo.mx\/index.php\/author\/emmanuel-galvan\/#author","url":"https:\/\/elprogresivo.mx\/index.php\/author\/emmanuel-galvan\/","name":"Staff","image":{"@type":"ImageObject","@id":"https:\/\/elprogresivo.mx\/index.php\/2026\/09\/02\/rehabilitan-vialidades-en-paseos-del-bosque-con-14-mdp\/#authorImage","url":"https:\/\/secure.gravatar.com\/avatar\/3bb87242634c3adf910515f41e6e392ab758b98c8ee7fd12a54fcb5270441486?s=96&d=mm&r=g","width":96,"height":96,"caption":"Staff"}},{"@type":"WebPage","@id":"https:\/\/elprogresivo.mx\/index.php\/2026\/09\/02\/rehabilitan-vialidades-en-paseos-del-bosque-con-14-mdp\/#webpage","url":"https:\/\/elprogresivo.mx\/index.php\/2026\/09\/02\/rehabilitan-vialidades-en-paseos-del-bosque-con-14-mdp\/","name":"Rehabilitan vialidades en Paseos del Bosque con 14 mdp - elprogresivo.mx","description":"Entregaron la rehabilitaci\u00f3n de calles en el fraccionamiento Paseos del Bosque con una inversi\u00f3n de 14 millones de pesos que beneficia a 9 mil habitantes. Chepe Guerrero, presidente municipal de Corregidora, y Luis Nava, secretario de Desarrollo Social del estado, fueron los responsables de la entrega de la obra. El alcalde record\u00f3 que estas mejoras","inLanguage":"es-MX","isPartOf":{"@id":"https:\/\/elprogresivo.mx\/#website"},"breadcrumb":{"@id":"https:\/\/elprogresivo.mx\/index.php\/2026\/09\/02\/rehabilitan-vialidades-en-paseos-del-bosque-con-14-mdp\/#breadcrumblist"},"author":{"@id":"https:\/\/elprogresivo.mx\/index.php\/author\/emmanuel-galvan\/#author"},"creator":{"@id":"https:\/\/elprogresivo.mx\/index.php\/author\/emmanuel-galvan\/#author"},"image":{"@type":"ImageObject","url":"https:\/\/elprogresivo.mx\/wp-content\/uploads\/2026\/09\/noticia_20260904182514.jpg","@id":"https:\/\/elprogresivo.mx\/index.php\/2026\/09\/02\/rehabilitan-vialidades-en-paseos-del-bosque-con-14-mdp\/#mainImage","width":2560,"height":1706},"primaryImageOfPage":{"@id":"https:\/\/elprogresivo.mx\/index.php\/2026\/09\/02\/rehabilitan-vialidades-en-paseos-del-bosque-con-14-mdp\/#mainImage"},"datePublished":"2026-09-02T09:35:42+00:00","dateModified":"2026-09-02T09:35:42+00:00"},{"@type":"WebSite","@id":"https:\/\/elprogresivo.mx\/#website","url":"https:\/\/elprogresivo.mx\/","name":"elprogresivo.mx","description":"Construimos una nueva etapa en informaci\u00f3n","inLanguage":"es-MX","publisher":{"@id":"https:\/\/elprogresivo.mx\/#organization"}}]},"og:locale":"es_MX","og:site_name":"elprogresivo.mx - Construimos una nueva etapa en informaci\u00f3n","og:type":"article","og:title":"Rehabilitan vialidades en Paseos del Bosque con 14 mdp - elprogresivo.mx","og:description":"Entregaron la rehabilitaci\u00f3n de calles en el fraccionamiento Paseos del Bosque con una inversi\u00f3n de 14 millones de pesos que beneficia a 9 mil habitantes. Chepe Guerrero, presidente municipal de Corregidora, y Luis Nava, secretario de Desarrollo Social del estado, fueron los responsables de la entrega de la obra. El alcalde record\u00f3 que estas mejoras","og:url":"https:\/\/elprogresivo.mx\/index.php\/2026\/09\/02\/rehabilitan-vialidades-en-paseos-del-bosque-con-14-mdp\/","og:image":"https:\/\/elprogresivo.mx\/wp-content\/uploads\/2024\/02\/cropped-LogoBlanco.png","og:image:secure_url":"https:\/\/elprogresivo.mx\/wp-content\/uploads\/2024\/02\/cropped-LogoBlanco.png","article:published_time":"2026-09-02T09:35:42+00:00","article:modified_time":"2026-09-02T09:35:42+00:00","twitter:card":"summary_large_image","twitter:title":"Rehabilitan vialidades en Paseos del Bosque con 14 mdp - elprogresivo.mx","twitter:description":"Entregaron la rehabilitaci\u00f3n de calles en el fraccionamiento Paseos del Bosque con una inversi\u00f3n de 14 millones de pesos que beneficia a 9 mil habitantes. Chepe Guerrero, presidente municipal de Corregidora, y Luis Nava, secretario de Desarrollo Social del estado, fueron los responsables de la entrega de la obra. El alcalde record\u00f3 que estas mejoras","twitter:image":"https:\/\/elprogresivo.mx\/wp-content\/uploads\/2024\/02\/cropped-LogoBlanco.png"},"aioseo_meta_data":{"post_id":"5130","title":null,"description":null,"keywords":null,"keyphrases":null,"primary_term":null,"canonical_url":null,"og_title":null,"og_description":null,"og_object_type":"default","og_image_type":"default","og_image_url":null,"og_image_width":null,"og_image_height":null,"og_image_custom_url":null,"og_image_custom_fields":null,"og_video":null,"og_custom_url":null,"og_article_section":null,"og_article_tags":null,"twitter_use_og":false,"twitter_card":"default","twitter_image_type":"default","twitter_image_url":null,"twitter_image_custom_url":null,"twitter_image_custom_fields":null,"twitter_title":null,"twitter_description":null,"schema":{"blockGraphs":[],"customGraphs":[],"default":{"data":{"Article":[],"Course":[],"Dataset":[],"FAQPage":[],"Movie":[],"Person":[],"Product":[],"ProductReview":[],"Car":[],"Recipe":[],"Service":[],"SoftwareApplication":[],"WebPage":[]},"graphName":"","isEnabled":true},"graphs":[]},"schema_type":"default","schema_type_options":null,"pillar_content":false,"robots_default":true,"robots_noindex":false,"robots_noarchive":false,"robots_nosnippet":false,"robots_nofollow":false,"robots_noimageindex":false,"robots_noodp":false,"robots_notranslate":false,"robots_max_snippet":null,"robots_max_videopreview":null,"robots_max_imagepreview":"large","priority":null,"frequency":null,"local_seo":null,"limit_modified_date":false,"created":"2026-09-05 01:35:50","updated":"2026-09-05 01:35:50","ai":null,"breadcrumb_settings":null,"seo_analyzer_scan_date":null,"focus_keyword":null,"additional_keywords":null,"truseo_locale":null},"aioseo_breadcrumb":"<div class=\"aioseo-breadcrumbs\"><span class=\"aioseo-breadcrumb\">\n\t\t\t<a href=\"https:\/\/elprogresivo.mx\" title=\"Home\">Home<\/a>\n\t\t<\/span><span class=\"aioseo-breadcrumb-separator\">&raquo;<\/span><span class=\"aioseo-breadcrumb\">\n\t\t\t<a href=\"https:\/\/elprogresivo.mx\/index.php\/category\/blog\/\" title=\"Blog\">Blog<\/a>\n\t\t<\/span><span class=\"aioseo-breadcrumb-separator\">&raquo;<\/span><span class=\"aioseo-breadcrumb\">\n\t\t\tRehabilitan vialidades en Paseos del Bosque con 14 mdp\n\t\t<\/span><\/div>","aioseo_breadcrumb_json":[{"label":"Home","link":"https:\/\/elprogresivo.mx"},{"label":"Blog","link":"https:\/\/elprogresivo.mx\/index.php\/category\/blog\/"},{"label":"Rehabilitan vialidades en Paseos del Bosque con 14 mdp","link":"https:\/\/elprogresivo.mx\/index.php\/2026\/09\/02\/rehabilitan-vialidades-en-paseos-del-bosque-con-14-mdp\/"}],"jetpack_publicize_connections":[],"_links":{"self":[{"href":"https:\/\/elprogresivo.mx\/index.php\/wp-json\/wp\/v2\/posts\/5130","targetHints":{"allow":["GET"]}}],"collection":[{"href":"https:\/\/elprogresivo.mx\/index.php\/wp-json\/wp\/v2\/posts"}],"about":[{"href":"https:\/\/elprogresivo.mx\/index.php\/wp-json\/wp\/v2\/types\/post"}],"author":[{"embeddable":true,"href":"https:\/\/elprogresivo.mx\/index.php\/wp-json\/wp\/v2\/users\/5"}],"replies":[{"embeddable":true,"href":"https:\/\/elprogresivo.mx\/index.php\/wp-json\/wp\/v2\/comments?post=5130"}],"version-history":[{"count":0,"href":"https:\/\/elprogresivo.mx\/index.php\/wp-json\/wp\/v2\/posts\/5130\/revisions"}],"wp:featuredmedia":[{"embeddable":true,"href":"https:\/\/elprogresivo.mx\/index.php\/wp-json\/wp\/v2\/media\/5129"}],"wp:attachment":[{"href":"https:\/\/elprogresivo.mx\/index.php\/wp-json\/wp\/v2\/media?parent=5130"}],"wp:term":[{"taxonomy":"category","embeddable":true,"href":"https:\/\/elprogresivo.mx\/index.php\/wp-json\/wp\/v2\/categories?post=5130"},{"taxonomy":"post_tag","embeddable":true,"href":"https:\/\/elprogresivo.mx\/index.php\/wp-json\/wp\/v2\/tags?post=5130"}],"curies":[{"name":"wp","href":"https:\/\/api.w.org\/{rel}","templated":true}]}}