{"id":5118,"date":"2026-08-28T09:43:28","date_gmt":"2026-08-28T09:43:28","guid":{"rendered":"https:\/\/elprogresivo.mx\/index.php\/2026\/08\/28\/patricia-y-sergio-son-reina-y-abuelo-de-oro-en-corregidora\/"},"modified":"2026-08-28T09:43:28","modified_gmt":"2026-08-28T09:43:28","slug":"patricia-y-sergio-son-reina-y-abuelo-de-oro-en-corregidora","status":"publish","type":"post","link":"https:\/\/elprogresivo.mx\/index.php\/2026\/08\/28\/patricia-y-sergio-son-reina-y-abuelo-de-oro-en-corregidora\/","title":{"rendered":"Patricia y Sergio son Reina y Abuelo de Oro en Corregidora"},"content":{"rendered":"<p>Patricia Jord\u00e1n y Sergio Hilario Romano llevan la corona como Reina y Abuelo de Oro 2026 de Corregidora. Ellos cerraron el convivio &#8220;Vidas que Inspiran&#8221; frente a m\u00e1s de mil 200 adultos mayores de los 22 grupos locales.<\/p>\n<p>Chepe Guerrero, presidente municipal, agradeci\u00f3 el apoyo de los asistentes. Reconoci\u00f3 que, aunque perdi\u00f3 a sus abuelos, la comunidad le regal\u00f3 una nueva familia de abuelos.<\/p>\n<p>&#8220;S\u00e9 que, as\u00ed como Dios me ha ido retirando a tres de mis abuelos, me regal\u00f3 a m\u00e1s de mil 200 abuelos que hoy est\u00e1n aqu\u00ed. El d\u00eda que alguien, hasta de su familia, les falte al respeto, les dicen: -Solo f\u00edjate, porque tengo un nieto que es presidente municipal, y as\u00ed te va a ir si me haces algo-. Muchas gracias por su cari\u00f1o&#8221;, destac\u00f3.<\/p>\n<p>Gaby Tr\u00e1pala, presidenta del Patronato del Sistema Municipal DIF, se\u00f1al\u00f3 que el gobierno trabaja para que estas personas sean escuchadas. Dijo que su experiencia construye el municipio.<\/p>\n<p>&#8220;Hoy queremos reconocerlos por lo que son y por todo lo que siguen aportando a nuestro municipio, porque ustedes contin\u00faan escribiendo su historia todos los d\u00edas: bailan, cantan, hacen deporte, aprenden cosas nuevas, participan en sus grupos, acompa\u00f1an a sus familias, aconsejan a sus hijos y siguen siendo parte fundamental de nuestras comunidades&#8221;, expres\u00f3.<\/p>\n<p>Asistieron Francisco Castro, director del DIF local; Eric Gudi\u00f1o, secretario de Gobierno estatal; Paola Fern\u00e1ndez, procuradora del DIF estatal; y regidores y directivos municipales.<\/p>\n","protected":false},"excerpt":{"rendered":"<p>Patricia Jord\u00e1n y Sergio Hilario Romano llevan la corona como Reina y Abuelo de Oro&#8230;<\/p>\n","protected":false},"author":5,"featured_media":5117,"comment_status":"open","ping_status":"open","sticky":false,"template":"","format":"standard","meta":{"om_disable_all_campaigns":false,"_monsterinsights_skip_tracking":false,"footnotes":"","jetpack_publicize_message":"","jetpack_publicize_feature_enabled":true,"jetpack_social_post_already_shared":true,"jetpack_social_options":{"image_generator_settings":{"template":"highway","default_image_id":0,"font":"","enabled":false},"version":2}},"categories":[1,71],"tags":[2393,201,93,3398],"class_list":["post-5118","post","type-post","status-publish","format-standard","has-post-thumbnail","hentry","category-blog","category-principal","tag-adultos-mayores","tag-chepe-guerrero","tag-dif-corregidora","tag-reina-y-abuelo-de-oro"],"aioseo_notices":[],"aioseo_head":"\n\t\t<!-- All in One SEO 5.0.1.1 - aioseo.com -->\n\t<meta name=\"description\" content=\"Patricia Jord\u00e1n y Sergio Hilario Romano llevan la corona como Reina y Abuelo de Oro 2026 de Corregidora. Ellos cerraron el convivio &quot;Vidas que Inspiran&quot; frente a m\u00e1s de mil 200 adultos mayores de los 22 grupos locales. Chepe Guerrero, presidente municipal, agradeci\u00f3 el apoyo de los asistentes. Reconoci\u00f3 que, aunque perdi\u00f3 a sus abuelos,\" \/>\n\t<meta name=\"robots\" content=\"max-image-preview:large\" \/>\n\t<meta name=\"author\" content=\"Staff\"\/>\n\t<link rel=\"canonical\" href=\"https:\/\/elprogresivo.mx\/index.php\/2026\/08\/28\/patricia-y-sergio-son-reina-y-abuelo-de-oro-en-corregidora\/\" \/>\n\t<meta name=\"generator\" content=\"All in One SEO (AIOSEO) 5.0.1.1\" \/>\n\t\t<meta property=\"og:locale\" content=\"es_MX\" \/>\n\t\t<meta property=\"og:site_name\" content=\"elprogresivo.mx - Construimos una nueva etapa en informaci\u00f3n\" \/>\n\t\t<meta property=\"og:type\" content=\"article\" \/>\n\t\t<meta property=\"og:title\" content=\"Patricia y Sergio son Reina y Abuelo de Oro en Corregidora - elprogresivo.mx\" \/>\n\t\t<meta property=\"og:description\" content=\"Patricia Jord\u00e1n y Sergio Hilario Romano llevan la corona como Reina y Abuelo de Oro 2026 de Corregidora. Ellos cerraron el convivio &quot;Vidas que Inspiran&quot; frente a m\u00e1s de mil 200 adultos mayores de los 22 grupos locales. Chepe Guerrero, presidente municipal, agradeci\u00f3 el apoyo de los asistentes. Reconoci\u00f3 que, aunque perdi\u00f3 a sus abuelos,\" \/>\n\t\t<meta property=\"og:url\" content=\"https:\/\/elprogresivo.mx\/index.php\/2026\/08\/28\/patricia-y-sergio-son-reina-y-abuelo-de-oro-en-corregidora\/\" \/>\n\t\t<meta property=\"og:image\" content=\"https:\/\/elprogresivo.mx\/wp-content\/uploads\/2024\/02\/cropped-LogoBlanco.png\" \/>\n\t\t<meta property=\"og:image:secure_url\" content=\"https:\/\/elprogresivo.mx\/wp-content\/uploads\/2024\/02\/cropped-LogoBlanco.png\" \/>\n\t\t<meta property=\"article:published_time\" content=\"2026-08-28T09:43:28+00:00\" \/>\n\t\t<meta property=\"article:modified_time\" content=\"2026-08-28T09:43:28+00:00\" \/>\n\t\t<meta name=\"twitter:card\" content=\"summary_large_image\" \/>\n\t\t<meta name=\"twitter:title\" content=\"Patricia y Sergio son Reina y Abuelo de Oro en Corregidora - elprogresivo.mx\" \/>\n\t\t<meta name=\"twitter:description\" content=\"Patricia Jord\u00e1n y Sergio Hilario Romano llevan la corona como Reina y Abuelo de Oro 2026 de Corregidora. Ellos cerraron el convivio &quot;Vidas que Inspiran&quot; frente a m\u00e1s de mil 200 adultos mayores de los 22 grupos locales. Chepe Guerrero, presidente municipal, agradeci\u00f3 el apoyo de los asistentes. Reconoci\u00f3 que, aunque perdi\u00f3 a sus abuelos,\" \/>\n\t\t<meta name=\"twitter:image\" content=\"https:\/\/elprogresivo.mx\/wp-content\/uploads\/2024\/02\/cropped-LogoBlanco.png\" \/>\n\t\t<script type=\"application\/ld+json\" class=\"aioseo-schema\">\n\t\t\t{\"@context\":\"https:\\\/\\\/schema.org\",\"@graph\":[{\"@type\":\"BlogPosting\",\"@id\":\"https:\\\/\\\/elprogresivo.mx\\\/index.php\\\/2026\\\/08\\\/28\\\/patricia-y-sergio-son-reina-y-abuelo-de-oro-en-corregidora\\\/#blogposting\",\"name\":\"Patricia y Sergio son Reina y Abuelo de Oro en Corregidora - elprogresivo.mx\",\"headline\":\"Patricia y Sergio son Reina y Abuelo de Oro en Corregidora\",\"author\":{\"@id\":\"https:\\\/\\\/elprogresivo.mx\\\/index.php\\\/author\\\/emmanuel-galvan\\\/#author\"},\"publisher\":{\"@id\":\"https:\\\/\\\/elprogresivo.mx\\\/#organization\"},\"image\":{\"@type\":\"ImageObject\",\"url\":\"https:\\\/\\\/elprogresivo.mx\\\/wp-content\\\/uploads\\\/2026\\\/09\\\/noticia_20260904180237.jpg\",\"width\":1280,\"height\":853},\"datePublished\":\"2026-08-28T09:43:28+00:00\",\"dateModified\":\"2026-08-28T09:43:28+00:00\",\"inLanguage\":\"es-MX\",\"mainEntityOfPage\":{\"@id\":\"https:\\\/\\\/elprogresivo.mx\\\/index.php\\\/2026\\\/08\\\/28\\\/patricia-y-sergio-son-reina-y-abuelo-de-oro-en-corregidora\\\/#webpage\"},\"isPartOf\":{\"@id\":\"https:\\\/\\\/elprogresivo.mx\\\/index.php\\\/2026\\\/08\\\/28\\\/patricia-y-sergio-son-reina-y-abuelo-de-oro-en-corregidora\\\/#webpage\"},\"articleSection\":\"Blog, Principal, adultos mayores, Chepe Guerrero, DIF Corregidora, Reina y Abuelo de Oro\"},{\"@type\":\"BreadcrumbList\",\"@id\":\"https:\\\/\\\/elprogresivo.mx\\\/index.php\\\/2026\\\/08\\\/28\\\/patricia-y-sergio-son-reina-y-abuelo-de-oro-en-corregidora\\\/#breadcrumblist\",\"itemListElement\":[{\"@type\":\"ListItem\",\"@id\":\"https:\\\/\\\/elprogresivo.mx#listItem\",\"position\":1,\"name\":\"Home\",\"item\":\"https:\\\/\\\/elprogresivo.mx\",\"nextItem\":{\"@type\":\"ListItem\",\"@id\":\"https:\\\/\\\/elprogresivo.mx\\\/index.php\\\/category\\\/blog\\\/#listItem\",\"name\":\"Blog\"}},{\"@type\":\"ListItem\",\"@id\":\"https:\\\/\\\/elprogresivo.mx\\\/index.php\\\/category\\\/blog\\\/#listItem\",\"position\":2,\"name\":\"Blog\",\"item\":\"https:\\\/\\\/elprogresivo.mx\\\/index.php\\\/category\\\/blog\\\/\",\"nextItem\":{\"@type\":\"ListItem\",\"@id\":\"https:\\\/\\\/elprogresivo.mx\\\/index.php\\\/2026\\\/08\\\/28\\\/patricia-y-sergio-son-reina-y-abuelo-de-oro-en-corregidora\\\/#listItem\",\"name\":\"Patricia y Sergio son Reina y Abuelo de Oro en Corregidora\"},\"previousItem\":{\"@type\":\"ListItem\",\"@id\":\"https:\\\/\\\/elprogresivo.mx#listItem\",\"name\":\"Home\"}},{\"@type\":\"ListItem\",\"@id\":\"https:\\\/\\\/elprogresivo.mx\\\/index.php\\\/2026\\\/08\\\/28\\\/patricia-y-sergio-son-reina-y-abuelo-de-oro-en-corregidora\\\/#listItem\",\"position\":3,\"name\":\"Patricia y Sergio son Reina y Abuelo de Oro en Corregidora\",\"previousItem\":{\"@type\":\"ListItem\",\"@id\":\"https:\\\/\\\/elprogresivo.mx\\\/index.php\\\/category\\\/blog\\\/#listItem\",\"name\":\"Blog\"}}]},{\"@type\":\"Organization\",\"@id\":\"https:\\\/\\\/elprogresivo.mx\\\/#organization\",\"name\":\"elprogresivo.mx\",\"description\":\"Construimos una nueva etapa en informaci\\u00f3n\",\"url\":\"https:\\\/\\\/elprogresivo.mx\\\/\",\"logo\":{\"@type\":\"ImageObject\",\"url\":\"https:\\\/\\\/elprogresivo.mx\\\/wp-content\\\/uploads\\\/2024\\\/02\\\/cropped-LogoBlanco.png\",\"@id\":\"https:\\\/\\\/elprogresivo.mx\\\/index.php\\\/2026\\\/08\\\/28\\\/patricia-y-sergio-son-reina-y-abuelo-de-oro-en-corregidora\\\/#organizationLogo\",\"width\":2096,\"height\":332},\"image\":{\"@id\":\"https:\\\/\\\/elprogresivo.mx\\\/index.php\\\/2026\\\/08\\\/28\\\/patricia-y-sergio-son-reina-y-abuelo-de-oro-en-corregidora\\\/#organizationLogo\"}},{\"@type\":\"Person\",\"@id\":\"https:\\\/\\\/elprogresivo.mx\\\/index.php\\\/author\\\/emmanuel-galvan\\\/#author\",\"url\":\"https:\\\/\\\/elprogresivo.mx\\\/index.php\\\/author\\\/emmanuel-galvan\\\/\",\"name\":\"Staff\",\"image\":{\"@type\":\"ImageObject\",\"@id\":\"https:\\\/\\\/elprogresivo.mx\\\/index.php\\\/2026\\\/08\\\/28\\\/patricia-y-sergio-son-reina-y-abuelo-de-oro-en-corregidora\\\/#authorImage\",\"url\":\"https:\\\/\\\/secure.gravatar.com\\\/avatar\\\/3bb87242634c3adf910515f41e6e392ab758b98c8ee7fd12a54fcb5270441486?s=96&d=mm&r=g\",\"width\":96,\"height\":96,\"caption\":\"Staff\"}},{\"@type\":\"WebPage\",\"@id\":\"https:\\\/\\\/elprogresivo.mx\\\/index.php\\\/2026\\\/08\\\/28\\\/patricia-y-sergio-son-reina-y-abuelo-de-oro-en-corregidora\\\/#webpage\",\"url\":\"https:\\\/\\\/elprogresivo.mx\\\/index.php\\\/2026\\\/08\\\/28\\\/patricia-y-sergio-son-reina-y-abuelo-de-oro-en-corregidora\\\/\",\"name\":\"Patricia y Sergio son Reina y Abuelo de Oro en Corregidora - elprogresivo.mx\",\"description\":\"Patricia Jord\\u00e1n y Sergio Hilario Romano llevan la corona como Reina y Abuelo de Oro 2026 de Corregidora. Ellos cerraron el convivio \\\"Vidas que Inspiran\\\" frente a m\\u00e1s de mil 200 adultos mayores de los 22 grupos locales. Chepe Guerrero, presidente municipal, agradeci\\u00f3 el apoyo de los asistentes. Reconoci\\u00f3 que, aunque perdi\\u00f3 a sus abuelos,\",\"inLanguage\":\"es-MX\",\"isPartOf\":{\"@id\":\"https:\\\/\\\/elprogresivo.mx\\\/#website\"},\"breadcrumb\":{\"@id\":\"https:\\\/\\\/elprogresivo.mx\\\/index.php\\\/2026\\\/08\\\/28\\\/patricia-y-sergio-son-reina-y-abuelo-de-oro-en-corregidora\\\/#breadcrumblist\"},\"author\":{\"@id\":\"https:\\\/\\\/elprogresivo.mx\\\/index.php\\\/author\\\/emmanuel-galvan\\\/#author\"},\"creator\":{\"@id\":\"https:\\\/\\\/elprogresivo.mx\\\/index.php\\\/author\\\/emmanuel-galvan\\\/#author\"},\"image\":{\"@type\":\"ImageObject\",\"url\":\"https:\\\/\\\/elprogresivo.mx\\\/wp-content\\\/uploads\\\/2026\\\/09\\\/noticia_20260904180237.jpg\",\"@id\":\"https:\\\/\\\/elprogresivo.mx\\\/index.php\\\/2026\\\/08\\\/28\\\/patricia-y-sergio-son-reina-y-abuelo-de-oro-en-corregidora\\\/#mainImage\",\"width\":1280,\"height\":853},\"primaryImageOfPage\":{\"@id\":\"https:\\\/\\\/elprogresivo.mx\\\/index.php\\\/2026\\\/08\\\/28\\\/patricia-y-sergio-son-reina-y-abuelo-de-oro-en-corregidora\\\/#mainImage\"},\"datePublished\":\"2026-08-28T09:43:28+00:00\",\"dateModified\":\"2026-08-28T09:43:28+00:00\"},{\"@type\":\"WebSite\",\"@id\":\"https:\\\/\\\/elprogresivo.mx\\\/#website\",\"url\":\"https:\\\/\\\/elprogresivo.mx\\\/\",\"name\":\"elprogresivo.mx\",\"description\":\"Construimos una nueva etapa en informaci\\u00f3n\",\"inLanguage\":\"es-MX\",\"publisher\":{\"@id\":\"https:\\\/\\\/elprogresivo.mx\\\/#organization\"}}]}\n\t\t<\/script>\n\t\t<!-- All in One SEO -->\n\n","aioseo_head_json":{"title":"Patricia y Sergio son Reina y Abuelo de Oro en Corregidora - elprogresivo.mx","description":"Patricia Jord\u00e1n y Sergio Hilario Romano llevan la corona como Reina y Abuelo de Oro 2026 de Corregidora. Ellos cerraron el convivio \"Vidas que Inspiran\" frente a m\u00e1s de mil 200 adultos mayores de los 22 grupos locales. Chepe Guerrero, presidente municipal, agradeci\u00f3 el apoyo de los asistentes. Reconoci\u00f3 que, aunque perdi\u00f3 a sus abuelos,","canonical_url":"https:\/\/elprogresivo.mx\/index.php\/2026\/08\/28\/patricia-y-sergio-son-reina-y-abuelo-de-oro-en-corregidora\/","robots":"max-image-preview:large","keywords":"","webmasterTools":{"miscellaneous":""},"schema":{"@context":"https:\/\/schema.org","@graph":[{"@type":"BlogPosting","@id":"https:\/\/elprogresivo.mx\/index.php\/2026\/08\/28\/patricia-y-sergio-son-reina-y-abuelo-de-oro-en-corregidora\/#blogposting","name":"Patricia y Sergio son Reina y Abuelo de Oro en Corregidora - elprogresivo.mx","headline":"Patricia y Sergio son Reina y Abuelo de Oro en Corregidora","author":{"@id":"https:\/\/elprogresivo.mx\/index.php\/author\/emmanuel-galvan\/#author"},"publisher":{"@id":"https:\/\/elprogresivo.mx\/#organization"},"image":{"@type":"ImageObject","url":"https:\/\/elprogresivo.mx\/wp-content\/uploads\/2026\/09\/noticia_20260904180237.jpg","width":1280,"height":853},"datePublished":"2026-08-28T09:43:28+00:00","dateModified":"2026-08-28T09:43:28+00:00","inLanguage":"es-MX","mainEntityOfPage":{"@id":"https:\/\/elprogresivo.mx\/index.php\/2026\/08\/28\/patricia-y-sergio-son-reina-y-abuelo-de-oro-en-corregidora\/#webpage"},"isPartOf":{"@id":"https:\/\/elprogresivo.mx\/index.php\/2026\/08\/28\/patricia-y-sergio-son-reina-y-abuelo-de-oro-en-corregidora\/#webpage"},"articleSection":"Blog, Principal, adultos mayores, Chepe Guerrero, DIF Corregidora, Reina y Abuelo de Oro"},{"@type":"BreadcrumbList","@id":"https:\/\/elprogresivo.mx\/index.php\/2026\/08\/28\/patricia-y-sergio-son-reina-y-abuelo-de-oro-en-corregidora\/#breadcrumblist","itemListElement":[{"@type":"ListItem","@id":"https:\/\/elprogresivo.mx#listItem","position":1,"name":"Home","item":"https:\/\/elprogresivo.mx","nextItem":{"@type":"ListItem","@id":"https:\/\/elprogresivo.mx\/index.php\/category\/blog\/#listItem","name":"Blog"}},{"@type":"ListItem","@id":"https:\/\/elprogresivo.mx\/index.php\/category\/blog\/#listItem","position":2,"name":"Blog","item":"https:\/\/elprogresivo.mx\/index.php\/category\/blog\/","nextItem":{"@type":"ListItem","@id":"https:\/\/elprogresivo.mx\/index.php\/2026\/08\/28\/patricia-y-sergio-son-reina-y-abuelo-de-oro-en-corregidora\/#listItem","name":"Patricia y Sergio son Reina y Abuelo de Oro en Corregidora"},"previousItem":{"@type":"ListItem","@id":"https:\/\/elprogresivo.mx#listItem","name":"Home"}},{"@type":"ListItem","@id":"https:\/\/elprogresivo.mx\/index.php\/2026\/08\/28\/patricia-y-sergio-son-reina-y-abuelo-de-oro-en-corregidora\/#listItem","position":3,"name":"Patricia y Sergio son Reina y Abuelo de Oro en Corregidora","previousItem":{"@type":"ListItem","@id":"https:\/\/elprogresivo.mx\/index.php\/category\/blog\/#listItem","name":"Blog"}}]},{"@type":"Organization","@id":"https:\/\/elprogresivo.mx\/#organization","name":"elprogresivo.mx","description":"Construimos una nueva etapa en informaci\u00f3n","url":"https:\/\/elprogresivo.mx\/","logo":{"@type":"ImageObject","url":"https:\/\/elprogresivo.mx\/wp-content\/uploads\/2024\/02\/cropped-LogoBlanco.png","@id":"https:\/\/elprogresivo.mx\/index.php\/2026\/08\/28\/patricia-y-sergio-son-reina-y-abuelo-de-oro-en-corregidora\/#organizationLogo","width":2096,"height":332},"image":{"@id":"https:\/\/elprogresivo.mx\/index.php\/2026\/08\/28\/patricia-y-sergio-son-reina-y-abuelo-de-oro-en-corregidora\/#organizationLogo"}},{"@type":"Person","@id":"https:\/\/elprogresivo.mx\/index.php\/author\/emmanuel-galvan\/#author","url":"https:\/\/elprogresivo.mx\/index.php\/author\/emmanuel-galvan\/","name":"Staff","image":{"@type":"ImageObject","@id":"https:\/\/elprogresivo.mx\/index.php\/2026\/08\/28\/patricia-y-sergio-son-reina-y-abuelo-de-oro-en-corregidora\/#authorImage","url":"https:\/\/secure.gravatar.com\/avatar\/3bb87242634c3adf910515f41e6e392ab758b98c8ee7fd12a54fcb5270441486?s=96&d=mm&r=g","width":96,"height":96,"caption":"Staff"}},{"@type":"WebPage","@id":"https:\/\/elprogresivo.mx\/index.php\/2026\/08\/28\/patricia-y-sergio-son-reina-y-abuelo-de-oro-en-corregidora\/#webpage","url":"https:\/\/elprogresivo.mx\/index.php\/2026\/08\/28\/patricia-y-sergio-son-reina-y-abuelo-de-oro-en-corregidora\/","name":"Patricia y Sergio son Reina y Abuelo de Oro en Corregidora - elprogresivo.mx","description":"Patricia Jord\u00e1n y Sergio Hilario Romano llevan la corona como Reina y Abuelo de Oro 2026 de Corregidora. Ellos cerraron el convivio \"Vidas que Inspiran\" frente a m\u00e1s de mil 200 adultos mayores de los 22 grupos locales. Chepe Guerrero, presidente municipal, agradeci\u00f3 el apoyo de los asistentes. Reconoci\u00f3 que, aunque perdi\u00f3 a sus abuelos,","inLanguage":"es-MX","isPartOf":{"@id":"https:\/\/elprogresivo.mx\/#website"},"breadcrumb":{"@id":"https:\/\/elprogresivo.mx\/index.php\/2026\/08\/28\/patricia-y-sergio-son-reina-y-abuelo-de-oro-en-corregidora\/#breadcrumblist"},"author":{"@id":"https:\/\/elprogresivo.mx\/index.php\/author\/emmanuel-galvan\/#author"},"creator":{"@id":"https:\/\/elprogresivo.mx\/index.php\/author\/emmanuel-galvan\/#author"},"image":{"@type":"ImageObject","url":"https:\/\/elprogresivo.mx\/wp-content\/uploads\/2026\/09\/noticia_20260904180237.jpg","@id":"https:\/\/elprogresivo.mx\/index.php\/2026\/08\/28\/patricia-y-sergio-son-reina-y-abuelo-de-oro-en-corregidora\/#mainImage","width":1280,"height":853},"primaryImageOfPage":{"@id":"https:\/\/elprogresivo.mx\/index.php\/2026\/08\/28\/patricia-y-sergio-son-reina-y-abuelo-de-oro-en-corregidora\/#mainImage"},"datePublished":"2026-08-28T09:43:28+00:00","dateModified":"2026-08-28T09:43:28+00:00"},{"@type":"WebSite","@id":"https:\/\/elprogresivo.mx\/#website","url":"https:\/\/elprogresivo.mx\/","name":"elprogresivo.mx","description":"Construimos una nueva etapa en informaci\u00f3n","inLanguage":"es-MX","publisher":{"@id":"https:\/\/elprogresivo.mx\/#organization"}}]},"og:locale":"es_MX","og:site_name":"elprogresivo.mx - Construimos una nueva etapa en informaci\u00f3n","og:type":"article","og:title":"Patricia y Sergio son Reina y Abuelo de Oro en Corregidora - elprogresivo.mx","og:description":"Patricia Jord\u00e1n y Sergio Hilario Romano llevan la corona como Reina y Abuelo de Oro 2026 de Corregidora. Ellos cerraron el convivio &quot;Vidas que Inspiran&quot; frente a m\u00e1s de mil 200 adultos mayores de los 22 grupos locales. Chepe Guerrero, presidente municipal, agradeci\u00f3 el apoyo de los asistentes. Reconoci\u00f3 que, aunque perdi\u00f3 a sus abuelos,","og:url":"https:\/\/elprogresivo.mx\/index.php\/2026\/08\/28\/patricia-y-sergio-son-reina-y-abuelo-de-oro-en-corregidora\/","og:image":"https:\/\/elprogresivo.mx\/wp-content\/uploads\/2024\/02\/cropped-LogoBlanco.png","og:image:secure_url":"https:\/\/elprogresivo.mx\/wp-content\/uploads\/2024\/02\/cropped-LogoBlanco.png","article:published_time":"2026-08-28T09:43:28+00:00","article:modified_time":"2026-08-28T09:43:28+00:00","twitter:card":"summary_large_image","twitter:title":"Patricia y Sergio son Reina y Abuelo de Oro en Corregidora - elprogresivo.mx","twitter:description":"Patricia Jord\u00e1n y Sergio Hilario Romano llevan la corona como Reina y Abuelo de Oro 2026 de Corregidora. Ellos cerraron el convivio &quot;Vidas que Inspiran&quot; frente a m\u00e1s de mil 200 adultos mayores de los 22 grupos locales. Chepe Guerrero, presidente municipal, agradeci\u00f3 el apoyo de los asistentes. Reconoci\u00f3 que, aunque perdi\u00f3 a sus abuelos,","twitter:image":"https:\/\/elprogresivo.mx\/wp-content\/uploads\/2024\/02\/cropped-LogoBlanco.png"},"aioseo_meta_data":{"post_id":"5118","title":null,"description":null,"keywords":null,"keyphrases":null,"primary_term":null,"canonical_url":null,"og_title":null,"og_description":null,"og_object_type":"default","og_image_type":"default","og_image_url":null,"og_image_width":null,"og_image_height":null,"og_image_custom_url":null,"og_image_custom_fields":null,"og_video":null,"og_custom_url":null,"og_article_section":null,"og_article_tags":null,"twitter_use_og":false,"twitter_card":"default","twitter_image_type":"default","twitter_image_url":null,"twitter_image_custom_url":null,"twitter_image_custom_fields":null,"twitter_title":null,"twitter_description":null,"schema":{"blockGraphs":[],"customGraphs":[],"default":{"data":{"Article":[],"Course":[],"Dataset":[],"FAQPage":[],"Movie":[],"Person":[],"Product":[],"ProductReview":[],"Car":[],"Recipe":[],"Service":[],"SoftwareApplication":[],"WebPage":[]},"graphName":"","isEnabled":true},"graphs":[]},"schema_type":"default","schema_type_options":null,"pillar_content":false,"robots_default":true,"robots_noindex":false,"robots_noarchive":false,"robots_nosnippet":false,"robots_nofollow":false,"robots_noimageindex":false,"robots_noodp":false,"robots_notranslate":false,"robots_max_snippet":null,"robots_max_videopreview":null,"robots_max_imagepreview":"large","priority":null,"frequency":null,"local_seo":null,"limit_modified_date":false,"created":"2026-09-05 00:15:38","updated":"2026-09-05 00:15:38","ai":null,"breadcrumb_settings":null,"seo_analyzer_scan_date":null,"focus_keyword":null,"additional_keywords":null,"truseo_locale":null},"aioseo_breadcrumb":"<div class=\"aioseo-breadcrumbs\"><span class=\"aioseo-breadcrumb\">\n\t\t\t<a href=\"https:\/\/elprogresivo.mx\" title=\"Home\">Home<\/a>\n\t\t<\/span><span class=\"aioseo-breadcrumb-separator\">&raquo;<\/span><span class=\"aioseo-breadcrumb\">\n\t\t\t<a href=\"https:\/\/elprogresivo.mx\/index.php\/category\/blog\/\" title=\"Blog\">Blog<\/a>\n\t\t<\/span><span class=\"aioseo-breadcrumb-separator\">&raquo;<\/span><span class=\"aioseo-breadcrumb\">\n\t\t\tPatricia y Sergio son Reina y Abuelo de Oro en Corregidora\n\t\t<\/span><\/div>","aioseo_breadcrumb_json":[{"label":"Home","link":"https:\/\/elprogresivo.mx"},{"label":"Blog","link":"https:\/\/elprogresivo.mx\/index.php\/category\/blog\/"},{"label":"Patricia y Sergio son Reina y Abuelo de Oro en Corregidora","link":"https:\/\/elprogresivo.mx\/index.php\/2026\/08\/28\/patricia-y-sergio-son-reina-y-abuelo-de-oro-en-corregidora\/"}],"jetpack_publicize_connections":[],"_links":{"self":[{"href":"https:\/\/elprogresivo.mx\/index.php\/wp-json\/wp\/v2\/posts\/5118","targetHints":{"allow":["GET"]}}],"collection":[{"href":"https:\/\/elprogresivo.mx\/index.php\/wp-json\/wp\/v2\/posts"}],"about":[{"href":"https:\/\/elprogresivo.mx\/index.php\/wp-json\/wp\/v2\/types\/post"}],"author":[{"embeddable":true,"href":"https:\/\/elprogresivo.mx\/index.php\/wp-json\/wp\/v2\/users\/5"}],"replies":[{"embeddable":true,"href":"https:\/\/elprogresivo.mx\/index.php\/wp-json\/wp\/v2\/comments?post=5118"}],"version-history":[{"count":0,"href":"https:\/\/elprogresivo.mx\/index.php\/wp-json\/wp\/v2\/posts\/5118\/revisions"}],"wp:featuredmedia":[{"embeddable":true,"href":"https:\/\/elprogresivo.mx\/index.php\/wp-json\/wp\/v2\/media\/5117"}],"wp:attachment":[{"href":"https:\/\/elprogresivo.mx\/index.php\/wp-json\/wp\/v2\/media?parent=5118"}],"wp:term":[{"taxonomy":"category","embeddable":true,"href":"https:\/\/elprogresivo.mx\/index.php\/wp-json\/wp\/v2\/categories?post=5118"},{"taxonomy":"post_tag","embeddable":true,"href":"https:\/\/elprogresivo.mx\/index.php\/wp-json\/wp\/v2\/tags?post=5118"}],"curies":[{"name":"wp","href":"https:\/\/api.w.org\/{rel}","templated":true}]}}