{"id":5114,"date":"2026-08-31T09:37:54","date_gmt":"2026-08-31T09:37:54","guid":{"rendered":"https:\/\/elprogresivo.mx\/index.php\/2026\/08\/31\/chepe-guerrero-ve-a-papas-peinar-a-sus-hijas-en-taller\/"},"modified":"2026-08-31T09:37:54","modified_gmt":"2026-08-31T09:37:54","slug":"chepe-guerrero-ve-a-papas-peinar-a-sus-hijas-en-taller","status":"publish","type":"post","link":"https:\/\/elprogresivo.mx\/index.php\/2026\/08\/31\/chepe-guerrero-ve-a-papas-peinar-a-sus-hijas-en-taller\/","title":{"rendered":"Chepe Guerrero ve a pap\u00e1s peinar a sus hijas en taller"},"content":{"rendered":"<p>El alcalde de Corregidora, Chepe Guerrero, vio en vivo c\u00f3mo 40 padres peinaban a sus hijas durante la tercera edici\u00f3n del taller Manos de Pap\u00e1. La actividad, parte del programa Pir\u00e1mides, cerr\u00f3 con una pasarela donde las familias mostraron los estilos que aprendieron.<\/p>\n<p>Guerrero felicit\u00f3 a los asistentes por atreverse a aprender algo nuevo. Muchos confesaron que nunca hab\u00edan hecho un peinado antes, pero salieron con una habilidad pr\u00e1ctica para estar m\u00e1s cerca de sus ni\u00f1as.<\/p>\n<p>El programa Pir\u00e1mides ofrece m\u00e1s de 60 talleres gratuitos o baratos. Alrededor de mil 500 personas los toman cada a\u00f1o para aprender oficios o habilidades que les sirvan en casa y fuera.<\/p>\n<p>Cada padre recibi\u00f3 un kit con las herramientas para seguir practicando. Germ\u00e1n Borja, titular de la Secretar\u00eda de Desarrollo Social, explic\u00f3 que el objetivo es que la convivencia familiar siga creciendo con estas actividades simples.<\/p>\n<p>El jefe municipal tambi\u00e9n recorri\u00f3 el Centro Cultural de Tejeda para revisar las actividades art\u00edsticas que se ofrecen a la ciudadan\u00eda.<\/p>\n","protected":false},"excerpt":{"rendered":"<p>El alcalde de Corregidora, Chepe Guerrero, vio en vivo c\u00f3mo 40 padres peinaban a sus&#8230;<\/p>\n","protected":false},"author":5,"featured_media":5113,"comment_status":"open","ping_status":"open","sticky":false,"template":"","format":"standard","meta":{"om_disable_all_campaigns":false,"_monsterinsights_skip_tracking":false,"footnotes":"","jetpack_publicize_message":"","jetpack_publicize_feature_enabled":true,"jetpack_social_post_already_shared":true,"jetpack_social_options":{"image_generator_settings":{"template":"highway","default_image_id":0,"font":"","enabled":false},"version":2}},"categories":[1,70],"tags":[201,22,3397,3396],"class_list":["post-5114","post","type-post","status-publish","format-standard","has-post-thumbnail","hentry","category-blog","category-destacado","tag-chepe-guerrero","tag-desarrollo-social","tag-manos-de-papa","tag-piramides"],"aioseo_notices":[],"aioseo_head":"\n\t\t<!-- All in One SEO 5.0.1.1 - aioseo.com -->\n\t<meta name=\"description\" content=\"El alcalde de Corregidora, Chepe Guerrero, vio en vivo c\u00f3mo 40 padres peinaban a sus hijas durante la tercera edici\u00f3n del taller Manos de Pap\u00e1. La actividad, parte del programa Pir\u00e1mides, cerr\u00f3 con una pasarela donde las familias mostraron los estilos que aprendieron. Guerrero felicit\u00f3 a los asistentes por atreverse a aprender algo nuevo. Muchos\" \/>\n\t<meta name=\"robots\" content=\"max-image-preview:large\" \/>\n\t<meta name=\"author\" content=\"Staff\"\/>\n\t<link rel=\"canonical\" href=\"https:\/\/elprogresivo.mx\/index.php\/2026\/08\/31\/chepe-guerrero-ve-a-papas-peinar-a-sus-hijas-en-taller\/\" \/>\n\t<meta name=\"generator\" content=\"All in One SEO (AIOSEO) 5.0.1.1\" \/>\n\t\t<meta property=\"og:locale\" content=\"es_MX\" \/>\n\t\t<meta property=\"og:site_name\" content=\"elprogresivo.mx - Construimos una nueva etapa en informaci\u00f3n\" \/>\n\t\t<meta property=\"og:type\" content=\"article\" \/>\n\t\t<meta property=\"og:title\" content=\"Chepe Guerrero ve a pap\u00e1s peinar a sus hijas en taller - elprogresivo.mx\" \/>\n\t\t<meta property=\"og:description\" content=\"El alcalde de Corregidora, Chepe Guerrero, vio en vivo c\u00f3mo 40 padres peinaban a sus hijas durante la tercera edici\u00f3n del taller Manos de Pap\u00e1. La actividad, parte del programa Pir\u00e1mides, cerr\u00f3 con una pasarela donde las familias mostraron los estilos que aprendieron. Guerrero felicit\u00f3 a los asistentes por atreverse a aprender algo nuevo. Muchos\" \/>\n\t\t<meta property=\"og:url\" content=\"https:\/\/elprogresivo.mx\/index.php\/2026\/08\/31\/chepe-guerrero-ve-a-papas-peinar-a-sus-hijas-en-taller\/\" \/>\n\t\t<meta property=\"og:image\" content=\"https:\/\/elprogresivo.mx\/wp-content\/uploads\/2024\/02\/cropped-LogoBlanco.png\" \/>\n\t\t<meta property=\"og:image:secure_url\" content=\"https:\/\/elprogresivo.mx\/wp-content\/uploads\/2024\/02\/cropped-LogoBlanco.png\" \/>\n\t\t<meta property=\"article:published_time\" content=\"2026-08-31T09:37:54+00:00\" \/>\n\t\t<meta property=\"article:modified_time\" content=\"2026-08-31T09:37:54+00:00\" \/>\n\t\t<meta name=\"twitter:card\" content=\"summary_large_image\" \/>\n\t\t<meta name=\"twitter:title\" content=\"Chepe Guerrero ve a pap\u00e1s peinar a sus hijas en taller - elprogresivo.mx\" \/>\n\t\t<meta name=\"twitter:description\" content=\"El alcalde de Corregidora, Chepe Guerrero, vio en vivo c\u00f3mo 40 padres peinaban a sus hijas durante la tercera edici\u00f3n del taller Manos de Pap\u00e1. La actividad, parte del programa Pir\u00e1mides, cerr\u00f3 con una pasarela donde las familias mostraron los estilos que aprendieron. Guerrero felicit\u00f3 a los asistentes por atreverse a aprender algo nuevo. Muchos\" \/>\n\t\t<meta name=\"twitter:image\" content=\"https:\/\/elprogresivo.mx\/wp-content\/uploads\/2024\/02\/cropped-LogoBlanco.png\" \/>\n\t\t<script type=\"application\/ld+json\" class=\"aioseo-schema\">\n\t\t\t{\"@context\":\"https:\\\/\\\/schema.org\",\"@graph\":[{\"@type\":\"BlogPosting\",\"@id\":\"https:\\\/\\\/elprogresivo.mx\\\/index.php\\\/2026\\\/08\\\/31\\\/chepe-guerrero-ve-a-papas-peinar-a-sus-hijas-en-taller\\\/#blogposting\",\"name\":\"Chepe Guerrero ve a pap\\u00e1s peinar a sus hijas en taller - elprogresivo.mx\",\"headline\":\"Chepe Guerrero ve a pap\\u00e1s peinar a sus hijas en taller\",\"author\":{\"@id\":\"https:\\\/\\\/elprogresivo.mx\\\/index.php\\\/author\\\/emmanuel-galvan\\\/#author\"},\"publisher\":{\"@id\":\"https:\\\/\\\/elprogresivo.mx\\\/#organization\"},\"image\":{\"@type\":\"ImageObject\",\"url\":\"https:\\\/\\\/elprogresivo.mx\\\/wp-content\\\/uploads\\\/2026\\\/09\\\/noticia_20260904180147.jpg\",\"width\":1280,\"height\":854},\"datePublished\":\"2026-08-31T09:37:54+00:00\",\"dateModified\":\"2026-08-31T09:37:54+00:00\",\"inLanguage\":\"es-MX\",\"mainEntityOfPage\":{\"@id\":\"https:\\\/\\\/elprogresivo.mx\\\/index.php\\\/2026\\\/08\\\/31\\\/chepe-guerrero-ve-a-papas-peinar-a-sus-hijas-en-taller\\\/#webpage\"},\"isPartOf\":{\"@id\":\"https:\\\/\\\/elprogresivo.mx\\\/index.php\\\/2026\\\/08\\\/31\\\/chepe-guerrero-ve-a-papas-peinar-a-sus-hijas-en-taller\\\/#webpage\"},\"articleSection\":\"Blog, Destacado, Chepe Guerrero, desarrollo social, Manos de Pap\\u00e1, Pir\\u00e1mides\"},{\"@type\":\"BreadcrumbList\",\"@id\":\"https:\\\/\\\/elprogresivo.mx\\\/index.php\\\/2026\\\/08\\\/31\\\/chepe-guerrero-ve-a-papas-peinar-a-sus-hijas-en-taller\\\/#breadcrumblist\",\"itemListElement\":[{\"@type\":\"ListItem\",\"@id\":\"https:\\\/\\\/elprogresivo.mx#listItem\",\"position\":1,\"name\":\"Home\",\"item\":\"https:\\\/\\\/elprogresivo.mx\",\"nextItem\":{\"@type\":\"ListItem\",\"@id\":\"https:\\\/\\\/elprogresivo.mx\\\/index.php\\\/category\\\/blog\\\/#listItem\",\"name\":\"Blog\"}},{\"@type\":\"ListItem\",\"@id\":\"https:\\\/\\\/elprogresivo.mx\\\/index.php\\\/category\\\/blog\\\/#listItem\",\"position\":2,\"name\":\"Blog\",\"item\":\"https:\\\/\\\/elprogresivo.mx\\\/index.php\\\/category\\\/blog\\\/\",\"nextItem\":{\"@type\":\"ListItem\",\"@id\":\"https:\\\/\\\/elprogresivo.mx\\\/index.php\\\/2026\\\/08\\\/31\\\/chepe-guerrero-ve-a-papas-peinar-a-sus-hijas-en-taller\\\/#listItem\",\"name\":\"Chepe Guerrero ve a pap\\u00e1s peinar a sus hijas en taller\"},\"previousItem\":{\"@type\":\"ListItem\",\"@id\":\"https:\\\/\\\/elprogresivo.mx#listItem\",\"name\":\"Home\"}},{\"@type\":\"ListItem\",\"@id\":\"https:\\\/\\\/elprogresivo.mx\\\/index.php\\\/2026\\\/08\\\/31\\\/chepe-guerrero-ve-a-papas-peinar-a-sus-hijas-en-taller\\\/#listItem\",\"position\":3,\"name\":\"Chepe Guerrero ve a pap\\u00e1s peinar a sus hijas en taller\",\"previousItem\":{\"@type\":\"ListItem\",\"@id\":\"https:\\\/\\\/elprogresivo.mx\\\/index.php\\\/category\\\/blog\\\/#listItem\",\"name\":\"Blog\"}}]},{\"@type\":\"Organization\",\"@id\":\"https:\\\/\\\/elprogresivo.mx\\\/#organization\",\"name\":\"elprogresivo.mx\",\"description\":\"Construimos una nueva etapa en informaci\\u00f3n\",\"url\":\"https:\\\/\\\/elprogresivo.mx\\\/\",\"logo\":{\"@type\":\"ImageObject\",\"url\":\"https:\\\/\\\/elprogresivo.mx\\\/wp-content\\\/uploads\\\/2024\\\/02\\\/cropped-LogoBlanco.png\",\"@id\":\"https:\\\/\\\/elprogresivo.mx\\\/index.php\\\/2026\\\/08\\\/31\\\/chepe-guerrero-ve-a-papas-peinar-a-sus-hijas-en-taller\\\/#organizationLogo\",\"width\":2096,\"height\":332},\"image\":{\"@id\":\"https:\\\/\\\/elprogresivo.mx\\\/index.php\\\/2026\\\/08\\\/31\\\/chepe-guerrero-ve-a-papas-peinar-a-sus-hijas-en-taller\\\/#organizationLogo\"}},{\"@type\":\"Person\",\"@id\":\"https:\\\/\\\/elprogresivo.mx\\\/index.php\\\/author\\\/emmanuel-galvan\\\/#author\",\"url\":\"https:\\\/\\\/elprogresivo.mx\\\/index.php\\\/author\\\/emmanuel-galvan\\\/\",\"name\":\"Staff\",\"image\":{\"@type\":\"ImageObject\",\"@id\":\"https:\\\/\\\/elprogresivo.mx\\\/index.php\\\/2026\\\/08\\\/31\\\/chepe-guerrero-ve-a-papas-peinar-a-sus-hijas-en-taller\\\/#authorImage\",\"url\":\"https:\\\/\\\/secure.gravatar.com\\\/avatar\\\/3bb87242634c3adf910515f41e6e392ab758b98c8ee7fd12a54fcb5270441486?s=96&d=mm&r=g\",\"width\":96,\"height\":96,\"caption\":\"Staff\"}},{\"@type\":\"WebPage\",\"@id\":\"https:\\\/\\\/elprogresivo.mx\\\/index.php\\\/2026\\\/08\\\/31\\\/chepe-guerrero-ve-a-papas-peinar-a-sus-hijas-en-taller\\\/#webpage\",\"url\":\"https:\\\/\\\/elprogresivo.mx\\\/index.php\\\/2026\\\/08\\\/31\\\/chepe-guerrero-ve-a-papas-peinar-a-sus-hijas-en-taller\\\/\",\"name\":\"Chepe Guerrero ve a pap\\u00e1s peinar a sus hijas en taller - elprogresivo.mx\",\"description\":\"El alcalde de Corregidora, Chepe Guerrero, vio en vivo c\\u00f3mo 40 padres peinaban a sus hijas durante la tercera edici\\u00f3n del taller Manos de Pap\\u00e1. La actividad, parte del programa Pir\\u00e1mides, cerr\\u00f3 con una pasarela donde las familias mostraron los estilos que aprendieron. Guerrero felicit\\u00f3 a los asistentes por atreverse a aprender algo nuevo. Muchos\",\"inLanguage\":\"es-MX\",\"isPartOf\":{\"@id\":\"https:\\\/\\\/elprogresivo.mx\\\/#website\"},\"breadcrumb\":{\"@id\":\"https:\\\/\\\/elprogresivo.mx\\\/index.php\\\/2026\\\/08\\\/31\\\/chepe-guerrero-ve-a-papas-peinar-a-sus-hijas-en-taller\\\/#breadcrumblist\"},\"author\":{\"@id\":\"https:\\\/\\\/elprogresivo.mx\\\/index.php\\\/author\\\/emmanuel-galvan\\\/#author\"},\"creator\":{\"@id\":\"https:\\\/\\\/elprogresivo.mx\\\/index.php\\\/author\\\/emmanuel-galvan\\\/#author\"},\"image\":{\"@type\":\"ImageObject\",\"url\":\"https:\\\/\\\/elprogresivo.mx\\\/wp-content\\\/uploads\\\/2026\\\/09\\\/noticia_20260904180147.jpg\",\"@id\":\"https:\\\/\\\/elprogresivo.mx\\\/index.php\\\/2026\\\/08\\\/31\\\/chepe-guerrero-ve-a-papas-peinar-a-sus-hijas-en-taller\\\/#mainImage\",\"width\":1280,\"height\":854},\"primaryImageOfPage\":{\"@id\":\"https:\\\/\\\/elprogresivo.mx\\\/index.php\\\/2026\\\/08\\\/31\\\/chepe-guerrero-ve-a-papas-peinar-a-sus-hijas-en-taller\\\/#mainImage\"},\"datePublished\":\"2026-08-31T09:37:54+00:00\",\"dateModified\":\"2026-08-31T09:37:54+00:00\"},{\"@type\":\"WebSite\",\"@id\":\"https:\\\/\\\/elprogresivo.mx\\\/#website\",\"url\":\"https:\\\/\\\/elprogresivo.mx\\\/\",\"name\":\"elprogresivo.mx\",\"description\":\"Construimos una nueva etapa en informaci\\u00f3n\",\"inLanguage\":\"es-MX\",\"publisher\":{\"@id\":\"https:\\\/\\\/elprogresivo.mx\\\/#organization\"}}]}\n\t\t<\/script>\n\t\t<!-- All in One SEO -->\n\n","aioseo_head_json":{"title":"Chepe Guerrero ve a pap\u00e1s peinar a sus hijas en taller - elprogresivo.mx","description":"El alcalde de Corregidora, Chepe Guerrero, vio en vivo c\u00f3mo 40 padres peinaban a sus hijas durante la tercera edici\u00f3n del taller Manos de Pap\u00e1. La actividad, parte del programa Pir\u00e1mides, cerr\u00f3 con una pasarela donde las familias mostraron los estilos que aprendieron. Guerrero felicit\u00f3 a los asistentes por atreverse a aprender algo nuevo. Muchos","canonical_url":"https:\/\/elprogresivo.mx\/index.php\/2026\/08\/31\/chepe-guerrero-ve-a-papas-peinar-a-sus-hijas-en-taller\/","robots":"max-image-preview:large","keywords":"","webmasterTools":{"miscellaneous":""},"schema":{"@context":"https:\/\/schema.org","@graph":[{"@type":"BlogPosting","@id":"https:\/\/elprogresivo.mx\/index.php\/2026\/08\/31\/chepe-guerrero-ve-a-papas-peinar-a-sus-hijas-en-taller\/#blogposting","name":"Chepe Guerrero ve a pap\u00e1s peinar a sus hijas en taller - elprogresivo.mx","headline":"Chepe Guerrero ve a pap\u00e1s peinar a sus hijas en taller","author":{"@id":"https:\/\/elprogresivo.mx\/index.php\/author\/emmanuel-galvan\/#author"},"publisher":{"@id":"https:\/\/elprogresivo.mx\/#organization"},"image":{"@type":"ImageObject","url":"https:\/\/elprogresivo.mx\/wp-content\/uploads\/2026\/09\/noticia_20260904180147.jpg","width":1280,"height":854},"datePublished":"2026-08-31T09:37:54+00:00","dateModified":"2026-08-31T09:37:54+00:00","inLanguage":"es-MX","mainEntityOfPage":{"@id":"https:\/\/elprogresivo.mx\/index.php\/2026\/08\/31\/chepe-guerrero-ve-a-papas-peinar-a-sus-hijas-en-taller\/#webpage"},"isPartOf":{"@id":"https:\/\/elprogresivo.mx\/index.php\/2026\/08\/31\/chepe-guerrero-ve-a-papas-peinar-a-sus-hijas-en-taller\/#webpage"},"articleSection":"Blog, Destacado, Chepe Guerrero, desarrollo social, Manos de Pap\u00e1, Pir\u00e1mides"},{"@type":"BreadcrumbList","@id":"https:\/\/elprogresivo.mx\/index.php\/2026\/08\/31\/chepe-guerrero-ve-a-papas-peinar-a-sus-hijas-en-taller\/#breadcrumblist","itemListElement":[{"@type":"ListItem","@id":"https:\/\/elprogresivo.mx#listItem","position":1,"name":"Home","item":"https:\/\/elprogresivo.mx","nextItem":{"@type":"ListItem","@id":"https:\/\/elprogresivo.mx\/index.php\/category\/blog\/#listItem","name":"Blog"}},{"@type":"ListItem","@id":"https:\/\/elprogresivo.mx\/index.php\/category\/blog\/#listItem","position":2,"name":"Blog","item":"https:\/\/elprogresivo.mx\/index.php\/category\/blog\/","nextItem":{"@type":"ListItem","@id":"https:\/\/elprogresivo.mx\/index.php\/2026\/08\/31\/chepe-guerrero-ve-a-papas-peinar-a-sus-hijas-en-taller\/#listItem","name":"Chepe Guerrero ve a pap\u00e1s peinar a sus hijas en taller"},"previousItem":{"@type":"ListItem","@id":"https:\/\/elprogresivo.mx#listItem","name":"Home"}},{"@type":"ListItem","@id":"https:\/\/elprogresivo.mx\/index.php\/2026\/08\/31\/chepe-guerrero-ve-a-papas-peinar-a-sus-hijas-en-taller\/#listItem","position":3,"name":"Chepe Guerrero ve a pap\u00e1s peinar a sus hijas en taller","previousItem":{"@type":"ListItem","@id":"https:\/\/elprogresivo.mx\/index.php\/category\/blog\/#listItem","name":"Blog"}}]},{"@type":"Organization","@id":"https:\/\/elprogresivo.mx\/#organization","name":"elprogresivo.mx","description":"Construimos una nueva etapa en informaci\u00f3n","url":"https:\/\/elprogresivo.mx\/","logo":{"@type":"ImageObject","url":"https:\/\/elprogresivo.mx\/wp-content\/uploads\/2024\/02\/cropped-LogoBlanco.png","@id":"https:\/\/elprogresivo.mx\/index.php\/2026\/08\/31\/chepe-guerrero-ve-a-papas-peinar-a-sus-hijas-en-taller\/#organizationLogo","width":2096,"height":332},"image":{"@id":"https:\/\/elprogresivo.mx\/index.php\/2026\/08\/31\/chepe-guerrero-ve-a-papas-peinar-a-sus-hijas-en-taller\/#organizationLogo"}},{"@type":"Person","@id":"https:\/\/elprogresivo.mx\/index.php\/author\/emmanuel-galvan\/#author","url":"https:\/\/elprogresivo.mx\/index.php\/author\/emmanuel-galvan\/","name":"Staff","image":{"@type":"ImageObject","@id":"https:\/\/elprogresivo.mx\/index.php\/2026\/08\/31\/chepe-guerrero-ve-a-papas-peinar-a-sus-hijas-en-taller\/#authorImage","url":"https:\/\/secure.gravatar.com\/avatar\/3bb87242634c3adf910515f41e6e392ab758b98c8ee7fd12a54fcb5270441486?s=96&d=mm&r=g","width":96,"height":96,"caption":"Staff"}},{"@type":"WebPage","@id":"https:\/\/elprogresivo.mx\/index.php\/2026\/08\/31\/chepe-guerrero-ve-a-papas-peinar-a-sus-hijas-en-taller\/#webpage","url":"https:\/\/elprogresivo.mx\/index.php\/2026\/08\/31\/chepe-guerrero-ve-a-papas-peinar-a-sus-hijas-en-taller\/","name":"Chepe Guerrero ve a pap\u00e1s peinar a sus hijas en taller - elprogresivo.mx","description":"El alcalde de Corregidora, Chepe Guerrero, vio en vivo c\u00f3mo 40 padres peinaban a sus hijas durante la tercera edici\u00f3n del taller Manos de Pap\u00e1. La actividad, parte del programa Pir\u00e1mides, cerr\u00f3 con una pasarela donde las familias mostraron los estilos que aprendieron. Guerrero felicit\u00f3 a los asistentes por atreverse a aprender algo nuevo. Muchos","inLanguage":"es-MX","isPartOf":{"@id":"https:\/\/elprogresivo.mx\/#website"},"breadcrumb":{"@id":"https:\/\/elprogresivo.mx\/index.php\/2026\/08\/31\/chepe-guerrero-ve-a-papas-peinar-a-sus-hijas-en-taller\/#breadcrumblist"},"author":{"@id":"https:\/\/elprogresivo.mx\/index.php\/author\/emmanuel-galvan\/#author"},"creator":{"@id":"https:\/\/elprogresivo.mx\/index.php\/author\/emmanuel-galvan\/#author"},"image":{"@type":"ImageObject","url":"https:\/\/elprogresivo.mx\/wp-content\/uploads\/2026\/09\/noticia_20260904180147.jpg","@id":"https:\/\/elprogresivo.mx\/index.php\/2026\/08\/31\/chepe-guerrero-ve-a-papas-peinar-a-sus-hijas-en-taller\/#mainImage","width":1280,"height":854},"primaryImageOfPage":{"@id":"https:\/\/elprogresivo.mx\/index.php\/2026\/08\/31\/chepe-guerrero-ve-a-papas-peinar-a-sus-hijas-en-taller\/#mainImage"},"datePublished":"2026-08-31T09:37:54+00:00","dateModified":"2026-08-31T09:37:54+00:00"},{"@type":"WebSite","@id":"https:\/\/elprogresivo.mx\/#website","url":"https:\/\/elprogresivo.mx\/","name":"elprogresivo.mx","description":"Construimos una nueva etapa en informaci\u00f3n","inLanguage":"es-MX","publisher":{"@id":"https:\/\/elprogresivo.mx\/#organization"}}]},"og:locale":"es_MX","og:site_name":"elprogresivo.mx - Construimos una nueva etapa en informaci\u00f3n","og:type":"article","og:title":"Chepe Guerrero ve a pap\u00e1s peinar a sus hijas en taller - elprogresivo.mx","og:description":"El alcalde de Corregidora, Chepe Guerrero, vio en vivo c\u00f3mo 40 padres peinaban a sus hijas durante la tercera edici\u00f3n del taller Manos de Pap\u00e1. La actividad, parte del programa Pir\u00e1mides, cerr\u00f3 con una pasarela donde las familias mostraron los estilos que aprendieron. Guerrero felicit\u00f3 a los asistentes por atreverse a aprender algo nuevo. Muchos","og:url":"https:\/\/elprogresivo.mx\/index.php\/2026\/08\/31\/chepe-guerrero-ve-a-papas-peinar-a-sus-hijas-en-taller\/","og:image":"https:\/\/elprogresivo.mx\/wp-content\/uploads\/2024\/02\/cropped-LogoBlanco.png","og:image:secure_url":"https:\/\/elprogresivo.mx\/wp-content\/uploads\/2024\/02\/cropped-LogoBlanco.png","article:published_time":"2026-08-31T09:37:54+00:00","article:modified_time":"2026-08-31T09:37:54+00:00","twitter:card":"summary_large_image","twitter:title":"Chepe Guerrero ve a pap\u00e1s peinar a sus hijas en taller - elprogresivo.mx","twitter:description":"El alcalde de Corregidora, Chepe Guerrero, vio en vivo c\u00f3mo 40 padres peinaban a sus hijas durante la tercera edici\u00f3n del taller Manos de Pap\u00e1. La actividad, parte del programa Pir\u00e1mides, cerr\u00f3 con una pasarela donde las familias mostraron los estilos que aprendieron. Guerrero felicit\u00f3 a los asistentes por atreverse a aprender algo nuevo. Muchos","twitter:image":"https:\/\/elprogresivo.mx\/wp-content\/uploads\/2024\/02\/cropped-LogoBlanco.png"},"aioseo_meta_data":{"post_id":"5114","title":null,"description":null,"keywords":null,"keyphrases":null,"primary_term":null,"canonical_url":null,"og_title":null,"og_description":null,"og_object_type":"default","og_image_type":"default","og_image_url":null,"og_image_width":null,"og_image_height":null,"og_image_custom_url":null,"og_image_custom_fields":null,"og_video":null,"og_custom_url":null,"og_article_section":null,"og_article_tags":null,"twitter_use_og":false,"twitter_card":"default","twitter_image_type":"default","twitter_image_url":null,"twitter_image_custom_url":null,"twitter_image_custom_fields":null,"twitter_title":null,"twitter_description":null,"schema":{"blockGraphs":[],"customGraphs":[],"default":{"data":{"Article":[],"Course":[],"Dataset":[],"FAQPage":[],"Movie":[],"Person":[],"Product":[],"ProductReview":[],"Car":[],"Recipe":[],"Service":[],"SoftwareApplication":[],"WebPage":[]},"graphName":"","isEnabled":true},"graphs":[]},"schema_type":"default","schema_type_options":null,"pillar_content":false,"robots_default":true,"robots_noindex":false,"robots_noarchive":false,"robots_nosnippet":false,"robots_nofollow":false,"robots_noimageindex":false,"robots_noodp":false,"robots_notranslate":false,"robots_max_snippet":null,"robots_max_videopreview":null,"robots_max_imagepreview":"large","priority":null,"frequency":null,"local_seo":null,"limit_modified_date":false,"created":"2026-09-05 00:15:38","updated":"2026-09-05 00:15:38","ai":null,"breadcrumb_settings":null,"seo_analyzer_scan_date":null,"focus_keyword":null,"additional_keywords":null,"truseo_locale":null},"aioseo_breadcrumb":"<div class=\"aioseo-breadcrumbs\"><span class=\"aioseo-breadcrumb\">\n\t\t\t<a href=\"https:\/\/elprogresivo.mx\" title=\"Home\">Home<\/a>\n\t\t<\/span><span class=\"aioseo-breadcrumb-separator\">&raquo;<\/span><span class=\"aioseo-breadcrumb\">\n\t\t\t<a href=\"https:\/\/elprogresivo.mx\/index.php\/category\/blog\/\" title=\"Blog\">Blog<\/a>\n\t\t<\/span><span class=\"aioseo-breadcrumb-separator\">&raquo;<\/span><span class=\"aioseo-breadcrumb\">\n\t\t\tChepe Guerrero ve a pap\u00e1s peinar a sus hijas en taller\n\t\t<\/span><\/div>","aioseo_breadcrumb_json":[{"label":"Home","link":"https:\/\/elprogresivo.mx"},{"label":"Blog","link":"https:\/\/elprogresivo.mx\/index.php\/category\/blog\/"},{"label":"Chepe Guerrero ve a pap\u00e1s peinar a sus hijas en taller","link":"https:\/\/elprogresivo.mx\/index.php\/2026\/08\/31\/chepe-guerrero-ve-a-papas-peinar-a-sus-hijas-en-taller\/"}],"jetpack_publicize_connections":[],"_links":{"self":[{"href":"https:\/\/elprogresivo.mx\/index.php\/wp-json\/wp\/v2\/posts\/5114","targetHints":{"allow":["GET"]}}],"collection":[{"href":"https:\/\/elprogresivo.mx\/index.php\/wp-json\/wp\/v2\/posts"}],"about":[{"href":"https:\/\/elprogresivo.mx\/index.php\/wp-json\/wp\/v2\/types\/post"}],"author":[{"embeddable":true,"href":"https:\/\/elprogresivo.mx\/index.php\/wp-json\/wp\/v2\/users\/5"}],"replies":[{"embeddable":true,"href":"https:\/\/elprogresivo.mx\/index.php\/wp-json\/wp\/v2\/comments?post=5114"}],"version-history":[{"count":0,"href":"https:\/\/elprogresivo.mx\/index.php\/wp-json\/wp\/v2\/posts\/5114\/revisions"}],"wp:featuredmedia":[{"embeddable":true,"href":"https:\/\/elprogresivo.mx\/index.php\/wp-json\/wp\/v2\/media\/5113"}],"wp:attachment":[{"href":"https:\/\/elprogresivo.mx\/index.php\/wp-json\/wp\/v2\/media?parent=5114"}],"wp:term":[{"taxonomy":"category","embeddable":true,"href":"https:\/\/elprogresivo.mx\/index.php\/wp-json\/wp\/v2\/categories?post=5114"},{"taxonomy":"post_tag","embeddable":true,"href":"https:\/\/elprogresivo.mx\/index.php\/wp-json\/wp\/v2\/tags?post=5114"}],"curies":[{"name":"wp","href":"https:\/\/api.w.org\/{rel}","templated":true}]}}