{"id":5108,"date":"2026-08-31T14:33:04","date_gmt":"2026-08-31T14:33:04","guid":{"rendered":"https:\/\/elprogresivo.mx\/index.php\/2026\/08\/31\/chepe-guerrero-anuncia-arreglo-a-calle-en-lourdes-tras-entrega-ejidal\/"},"modified":"2026-08-31T14:33:04","modified_gmt":"2026-08-31T14:33:04","slug":"chepe-guerrero-anuncia-arreglo-a-calle-en-lourdes-tras-entrega-ejidal","status":"publish","type":"post","link":"https:\/\/elprogresivo.mx\/index.php\/2026\/08\/31\/chepe-guerrero-anuncia-arreglo-a-calle-en-lourdes-tras-entrega-ejidal\/","title":{"rendered":"Chepe Guerrero anuncia arreglo a calle en Lourdes tras entrega ejidal"},"content":{"rendered":"<p>El presidente municipal de Corregidora, Chepe Guerrero, visit\u00f3 la Telesecundaria \u201cRenato Leduc\u201d en Lourdes para dar arranque al ciclo escolar 2026-2027 y confirmar que se arreglar\u00e1 la calle principal de acceso a la comunidad.<\/p>\n<p>Guerrero explic\u00f3 que el obst\u00e1culo para reparar la v\u00eda ya se quit\u00f3 de en medio. Antes, el camino estaba bajo r\u00e9gimen ejidal, lo que imped\u00eda al gobierno municipal tocarlo. Ahora que el ejido entreg\u00f3 la propiedad al municipio, las autoridades cuentan con v\u00eda libre para invertir dinero p\u00fablico en su rehabilitaci\u00f3n.<\/p>\n<p>\u201cPara que el Municipio pueda arreglar una calle, tenemos que tener, por as\u00ed decirlo, la propiedad de esa vialidad. Eso antes no hab\u00eda pasado, pero ya sucedi\u00f3. Quiero agradecer al Ejido porque ya nos entregaron la vialidad y ahora s\u00ed vamos a poder invertir recursos para arreglarla y dejarla bonita\u201d, dijo el alcalde, quien a\u00f1adi\u00f3 que ya gestionan el dinero para empezar la obra.<\/p>\n<p>En el mismo acto, Guerrero aprovech\u00f3 para recordar a estudiantes y padres que sigue abierta la convocatoria de las Becas Municipales A Paso Firme. Pidi\u00f3 a los interesados que acudan a la Secretar\u00eda de Desarrollo Social para llenar los requisitos y registrarse.<\/p>\n<p>La directora de la escuela, Mtra. Olivia Rivera Vera, agradeci\u00f3 la visita y el apoyo del gobierno local a las instituciones educativas.<\/p>\n<p>\u201cHoy es un d\u00eda de gran alegr\u00eda y agradecimiento porque iniciamos un nuevo ciclo escolar lleno de metas y aprendizajes. Su presencia hoy aqu\u00ed inspira a nuestros estudiantes a dar su mejor esfuerzo para que cada generaci\u00f3n que llegue a nuestras aulas encuentre en ellas una oportunidad para aprender, crecer y transformar su comunidad\u201d, afirm\u00f3 Rivera Vera.<\/p>\n<p>La directora resalt\u00f3 tambi\u00e9n que la telesecundaria lleva 42 a\u00f1os funcionando en Quer\u00e9taro y reconoci\u00f3 a quienes han trabajado para mantener este modelo educativo activo.<\/p>\n","protected":false},"excerpt":{"rendered":"<p>El presidente municipal de Corregidora, Chepe Guerrero, visit\u00f3 la Telesecundaria \u201cRenato Leduc\u201d en Lourdes para&#8230;<\/p>\n","protected":false},"author":5,"featured_media":5107,"comment_status":"open","ping_status":"open","sticky":false,"template":"","format":"standard","meta":{"om_disable_all_campaigns":false,"_monsterinsights_skip_tracking":false,"footnotes":"","jetpack_publicize_message":"","jetpack_publicize_feature_enabled":true,"jetpack_social_post_already_shared":true,"jetpack_social_options":{"image_generator_settings":{"template":"highway","default_image_id":0,"font":"","enabled":false},"version":2}},"categories":[1,70],"tags":[201,24,3393,1790],"class_list":["post-5108","post","type-post","status-publish","format-standard","has-post-thumbnail","hentry","category-blog","category-destacado","tag-chepe-guerrero","tag-educacion","tag-lourdes","tag-obras-publicas"],"aioseo_notices":[],"aioseo_head":"\n\t\t<!-- All in One SEO 5.0.1.1 - aioseo.com -->\n\t<meta name=\"description\" content=\"El presidente municipal de Corregidora, Chepe Guerrero, visit\u00f3 la Telesecundaria \u201cRenato Leduc\u201d en Lourdes para dar arranque al ciclo escolar 2026-2027 y confirmar que se arreglar\u00e1 la calle principal de acceso a la comunidad. Guerrero explic\u00f3 que el obst\u00e1culo para reparar la v\u00eda ya se quit\u00f3 de en medio. Antes, el camino estaba bajo r\u00e9gimen\" \/>\n\t<meta name=\"robots\" content=\"max-image-preview:large\" \/>\n\t<meta name=\"author\" content=\"Staff\"\/>\n\t<link rel=\"canonical\" href=\"https:\/\/elprogresivo.mx\/index.php\/2026\/08\/31\/chepe-guerrero-anuncia-arreglo-a-calle-en-lourdes-tras-entrega-ejidal\/\" \/>\n\t<meta name=\"generator\" content=\"All in One SEO (AIOSEO) 5.0.1.1\" \/>\n\t\t<meta property=\"og:locale\" content=\"es_MX\" \/>\n\t\t<meta property=\"og:site_name\" content=\"elprogresivo.mx - Construimos una nueva etapa en informaci\u00f3n\" \/>\n\t\t<meta property=\"og:type\" content=\"article\" \/>\n\t\t<meta property=\"og:title\" content=\"Chepe Guerrero anuncia arreglo a calle en Lourdes tras entrega ejidal - elprogresivo.mx\" \/>\n\t\t<meta property=\"og:description\" content=\"El presidente municipal de Corregidora, Chepe Guerrero, visit\u00f3 la Telesecundaria \u201cRenato Leduc\u201d en Lourdes para dar arranque al ciclo escolar 2026-2027 y confirmar que se arreglar\u00e1 la calle principal de acceso a la comunidad. Guerrero explic\u00f3 que el obst\u00e1culo para reparar la v\u00eda ya se quit\u00f3 de en medio. Antes, el camino estaba bajo r\u00e9gimen\" \/>\n\t\t<meta property=\"og:url\" content=\"https:\/\/elprogresivo.mx\/index.php\/2026\/08\/31\/chepe-guerrero-anuncia-arreglo-a-calle-en-lourdes-tras-entrega-ejidal\/\" \/>\n\t\t<meta property=\"og:image\" content=\"https:\/\/elprogresivo.mx\/wp-content\/uploads\/2024\/02\/cropped-LogoBlanco.png\" \/>\n\t\t<meta property=\"og:image:secure_url\" content=\"https:\/\/elprogresivo.mx\/wp-content\/uploads\/2024\/02\/cropped-LogoBlanco.png\" \/>\n\t\t<meta property=\"article:published_time\" content=\"2026-08-31T14:33:04+00:00\" \/>\n\t\t<meta property=\"article:modified_time\" content=\"2026-08-31T14:33:04+00:00\" \/>\n\t\t<meta name=\"twitter:card\" content=\"summary_large_image\" \/>\n\t\t<meta name=\"twitter:title\" content=\"Chepe Guerrero anuncia arreglo a calle en Lourdes tras entrega ejidal - elprogresivo.mx\" \/>\n\t\t<meta name=\"twitter:description\" content=\"El presidente municipal de Corregidora, Chepe Guerrero, visit\u00f3 la Telesecundaria \u201cRenato Leduc\u201d en Lourdes para dar arranque al ciclo escolar 2026-2027 y confirmar que se arreglar\u00e1 la calle principal de acceso a la comunidad. Guerrero explic\u00f3 que el obst\u00e1culo para reparar la v\u00eda ya se quit\u00f3 de en medio. Antes, el camino estaba bajo r\u00e9gimen\" \/>\n\t\t<meta name=\"twitter:image\" content=\"https:\/\/elprogresivo.mx\/wp-content\/uploads\/2024\/02\/cropped-LogoBlanco.png\" \/>\n\t\t<script type=\"application\/ld+json\" class=\"aioseo-schema\">\n\t\t\t{\"@context\":\"https:\\\/\\\/schema.org\",\"@graph\":[{\"@type\":\"BlogPosting\",\"@id\":\"https:\\\/\\\/elprogresivo.mx\\\/index.php\\\/2026\\\/08\\\/31\\\/chepe-guerrero-anuncia-arreglo-a-calle-en-lourdes-tras-entrega-ejidal\\\/#blogposting\",\"name\":\"Chepe Guerrero anuncia arreglo a calle en Lourdes tras entrega ejidal - elprogresivo.mx\",\"headline\":\"Chepe Guerrero anuncia arreglo a calle en Lourdes tras entrega ejidal\",\"author\":{\"@id\":\"https:\\\/\\\/elprogresivo.mx\\\/index.php\\\/author\\\/emmanuel-galvan\\\/#author\"},\"publisher\":{\"@id\":\"https:\\\/\\\/elprogresivo.mx\\\/#organization\"},\"image\":{\"@type\":\"ImageObject\",\"url\":\"https:\\\/\\\/elprogresivo.mx\\\/wp-content\\\/uploads\\\/2026\\\/09\\\/noticia_20260904175645.jpg\",\"width\":2560,\"height\":1706},\"datePublished\":\"2026-08-31T14:33:04+00:00\",\"dateModified\":\"2026-08-31T14:33:04+00:00\",\"inLanguage\":\"es-MX\",\"mainEntityOfPage\":{\"@id\":\"https:\\\/\\\/elprogresivo.mx\\\/index.php\\\/2026\\\/08\\\/31\\\/chepe-guerrero-anuncia-arreglo-a-calle-en-lourdes-tras-entrega-ejidal\\\/#webpage\"},\"isPartOf\":{\"@id\":\"https:\\\/\\\/elprogresivo.mx\\\/index.php\\\/2026\\\/08\\\/31\\\/chepe-guerrero-anuncia-arreglo-a-calle-en-lourdes-tras-entrega-ejidal\\\/#webpage\"},\"articleSection\":\"Blog, Destacado, Chepe Guerrero, educaci\\u00f3n, Lourdes, obras p\\u00fablicas\"},{\"@type\":\"BreadcrumbList\",\"@id\":\"https:\\\/\\\/elprogresivo.mx\\\/index.php\\\/2026\\\/08\\\/31\\\/chepe-guerrero-anuncia-arreglo-a-calle-en-lourdes-tras-entrega-ejidal\\\/#breadcrumblist\",\"itemListElement\":[{\"@type\":\"ListItem\",\"@id\":\"https:\\\/\\\/elprogresivo.mx#listItem\",\"position\":1,\"name\":\"Home\",\"item\":\"https:\\\/\\\/elprogresivo.mx\",\"nextItem\":{\"@type\":\"ListItem\",\"@id\":\"https:\\\/\\\/elprogresivo.mx\\\/index.php\\\/category\\\/blog\\\/#listItem\",\"name\":\"Blog\"}},{\"@type\":\"ListItem\",\"@id\":\"https:\\\/\\\/elprogresivo.mx\\\/index.php\\\/category\\\/blog\\\/#listItem\",\"position\":2,\"name\":\"Blog\",\"item\":\"https:\\\/\\\/elprogresivo.mx\\\/index.php\\\/category\\\/blog\\\/\",\"nextItem\":{\"@type\":\"ListItem\",\"@id\":\"https:\\\/\\\/elprogresivo.mx\\\/index.php\\\/2026\\\/08\\\/31\\\/chepe-guerrero-anuncia-arreglo-a-calle-en-lourdes-tras-entrega-ejidal\\\/#listItem\",\"name\":\"Chepe Guerrero anuncia arreglo a calle en Lourdes tras entrega ejidal\"},\"previousItem\":{\"@type\":\"ListItem\",\"@id\":\"https:\\\/\\\/elprogresivo.mx#listItem\",\"name\":\"Home\"}},{\"@type\":\"ListItem\",\"@id\":\"https:\\\/\\\/elprogresivo.mx\\\/index.php\\\/2026\\\/08\\\/31\\\/chepe-guerrero-anuncia-arreglo-a-calle-en-lourdes-tras-entrega-ejidal\\\/#listItem\",\"position\":3,\"name\":\"Chepe Guerrero anuncia arreglo a calle en Lourdes tras entrega ejidal\",\"previousItem\":{\"@type\":\"ListItem\",\"@id\":\"https:\\\/\\\/elprogresivo.mx\\\/index.php\\\/category\\\/blog\\\/#listItem\",\"name\":\"Blog\"}}]},{\"@type\":\"Organization\",\"@id\":\"https:\\\/\\\/elprogresivo.mx\\\/#organization\",\"name\":\"elprogresivo.mx\",\"description\":\"Construimos una nueva etapa en informaci\\u00f3n\",\"url\":\"https:\\\/\\\/elprogresivo.mx\\\/\",\"logo\":{\"@type\":\"ImageObject\",\"url\":\"https:\\\/\\\/elprogresivo.mx\\\/wp-content\\\/uploads\\\/2024\\\/02\\\/cropped-LogoBlanco.png\",\"@id\":\"https:\\\/\\\/elprogresivo.mx\\\/index.php\\\/2026\\\/08\\\/31\\\/chepe-guerrero-anuncia-arreglo-a-calle-en-lourdes-tras-entrega-ejidal\\\/#organizationLogo\",\"width\":2096,\"height\":332},\"image\":{\"@id\":\"https:\\\/\\\/elprogresivo.mx\\\/index.php\\\/2026\\\/08\\\/31\\\/chepe-guerrero-anuncia-arreglo-a-calle-en-lourdes-tras-entrega-ejidal\\\/#organizationLogo\"}},{\"@type\":\"Person\",\"@id\":\"https:\\\/\\\/elprogresivo.mx\\\/index.php\\\/author\\\/emmanuel-galvan\\\/#author\",\"url\":\"https:\\\/\\\/elprogresivo.mx\\\/index.php\\\/author\\\/emmanuel-galvan\\\/\",\"name\":\"Staff\",\"image\":{\"@type\":\"ImageObject\",\"@id\":\"https:\\\/\\\/elprogresivo.mx\\\/index.php\\\/2026\\\/08\\\/31\\\/chepe-guerrero-anuncia-arreglo-a-calle-en-lourdes-tras-entrega-ejidal\\\/#authorImage\",\"url\":\"https:\\\/\\\/secure.gravatar.com\\\/avatar\\\/3bb87242634c3adf910515f41e6e392ab758b98c8ee7fd12a54fcb5270441486?s=96&d=mm&r=g\",\"width\":96,\"height\":96,\"caption\":\"Staff\"}},{\"@type\":\"WebPage\",\"@id\":\"https:\\\/\\\/elprogresivo.mx\\\/index.php\\\/2026\\\/08\\\/31\\\/chepe-guerrero-anuncia-arreglo-a-calle-en-lourdes-tras-entrega-ejidal\\\/#webpage\",\"url\":\"https:\\\/\\\/elprogresivo.mx\\\/index.php\\\/2026\\\/08\\\/31\\\/chepe-guerrero-anuncia-arreglo-a-calle-en-lourdes-tras-entrega-ejidal\\\/\",\"name\":\"Chepe Guerrero anuncia arreglo a calle en Lourdes tras entrega ejidal - elprogresivo.mx\",\"description\":\"El presidente municipal de Corregidora, Chepe Guerrero, visit\\u00f3 la Telesecundaria \\u201cRenato Leduc\\u201d en Lourdes para dar arranque al ciclo escolar 2026-2027 y confirmar que se arreglar\\u00e1 la calle principal de acceso a la comunidad. Guerrero explic\\u00f3 que el obst\\u00e1culo para reparar la v\\u00eda ya se quit\\u00f3 de en medio. Antes, el camino estaba bajo r\\u00e9gimen\",\"inLanguage\":\"es-MX\",\"isPartOf\":{\"@id\":\"https:\\\/\\\/elprogresivo.mx\\\/#website\"},\"breadcrumb\":{\"@id\":\"https:\\\/\\\/elprogresivo.mx\\\/index.php\\\/2026\\\/08\\\/31\\\/chepe-guerrero-anuncia-arreglo-a-calle-en-lourdes-tras-entrega-ejidal\\\/#breadcrumblist\"},\"author\":{\"@id\":\"https:\\\/\\\/elprogresivo.mx\\\/index.php\\\/author\\\/emmanuel-galvan\\\/#author\"},\"creator\":{\"@id\":\"https:\\\/\\\/elprogresivo.mx\\\/index.php\\\/author\\\/emmanuel-galvan\\\/#author\"},\"image\":{\"@type\":\"ImageObject\",\"url\":\"https:\\\/\\\/elprogresivo.mx\\\/wp-content\\\/uploads\\\/2026\\\/09\\\/noticia_20260904175645.jpg\",\"@id\":\"https:\\\/\\\/elprogresivo.mx\\\/index.php\\\/2026\\\/08\\\/31\\\/chepe-guerrero-anuncia-arreglo-a-calle-en-lourdes-tras-entrega-ejidal\\\/#mainImage\",\"width\":2560,\"height\":1706},\"primaryImageOfPage\":{\"@id\":\"https:\\\/\\\/elprogresivo.mx\\\/index.php\\\/2026\\\/08\\\/31\\\/chepe-guerrero-anuncia-arreglo-a-calle-en-lourdes-tras-entrega-ejidal\\\/#mainImage\"},\"datePublished\":\"2026-08-31T14:33:04+00:00\",\"dateModified\":\"2026-08-31T14:33:04+00:00\"},{\"@type\":\"WebSite\",\"@id\":\"https:\\\/\\\/elprogresivo.mx\\\/#website\",\"url\":\"https:\\\/\\\/elprogresivo.mx\\\/\",\"name\":\"elprogresivo.mx\",\"description\":\"Construimos una nueva etapa en informaci\\u00f3n\",\"inLanguage\":\"es-MX\",\"publisher\":{\"@id\":\"https:\\\/\\\/elprogresivo.mx\\\/#organization\"}}]}\n\t\t<\/script>\n\t\t<!-- All in One SEO -->\n\n","aioseo_head_json":{"title":"Chepe Guerrero anuncia arreglo a calle en Lourdes tras entrega ejidal - elprogresivo.mx","description":"El presidente municipal de Corregidora, Chepe Guerrero, visit\u00f3 la Telesecundaria \u201cRenato Leduc\u201d en Lourdes para dar arranque al ciclo escolar 2026-2027 y confirmar que se arreglar\u00e1 la calle principal de acceso a la comunidad. Guerrero explic\u00f3 que el obst\u00e1culo para reparar la v\u00eda ya se quit\u00f3 de en medio. Antes, el camino estaba bajo r\u00e9gimen","canonical_url":"https:\/\/elprogresivo.mx\/index.php\/2026\/08\/31\/chepe-guerrero-anuncia-arreglo-a-calle-en-lourdes-tras-entrega-ejidal\/","robots":"max-image-preview:large","keywords":"","webmasterTools":{"miscellaneous":""},"schema":{"@context":"https:\/\/schema.org","@graph":[{"@type":"BlogPosting","@id":"https:\/\/elprogresivo.mx\/index.php\/2026\/08\/31\/chepe-guerrero-anuncia-arreglo-a-calle-en-lourdes-tras-entrega-ejidal\/#blogposting","name":"Chepe Guerrero anuncia arreglo a calle en Lourdes tras entrega ejidal - elprogresivo.mx","headline":"Chepe Guerrero anuncia arreglo a calle en Lourdes tras entrega ejidal","author":{"@id":"https:\/\/elprogresivo.mx\/index.php\/author\/emmanuel-galvan\/#author"},"publisher":{"@id":"https:\/\/elprogresivo.mx\/#organization"},"image":{"@type":"ImageObject","url":"https:\/\/elprogresivo.mx\/wp-content\/uploads\/2026\/09\/noticia_20260904175645.jpg","width":2560,"height":1706},"datePublished":"2026-08-31T14:33:04+00:00","dateModified":"2026-08-31T14:33:04+00:00","inLanguage":"es-MX","mainEntityOfPage":{"@id":"https:\/\/elprogresivo.mx\/index.php\/2026\/08\/31\/chepe-guerrero-anuncia-arreglo-a-calle-en-lourdes-tras-entrega-ejidal\/#webpage"},"isPartOf":{"@id":"https:\/\/elprogresivo.mx\/index.php\/2026\/08\/31\/chepe-guerrero-anuncia-arreglo-a-calle-en-lourdes-tras-entrega-ejidal\/#webpage"},"articleSection":"Blog, Destacado, Chepe Guerrero, educaci\u00f3n, Lourdes, obras p\u00fablicas"},{"@type":"BreadcrumbList","@id":"https:\/\/elprogresivo.mx\/index.php\/2026\/08\/31\/chepe-guerrero-anuncia-arreglo-a-calle-en-lourdes-tras-entrega-ejidal\/#breadcrumblist","itemListElement":[{"@type":"ListItem","@id":"https:\/\/elprogresivo.mx#listItem","position":1,"name":"Home","item":"https:\/\/elprogresivo.mx","nextItem":{"@type":"ListItem","@id":"https:\/\/elprogresivo.mx\/index.php\/category\/blog\/#listItem","name":"Blog"}},{"@type":"ListItem","@id":"https:\/\/elprogresivo.mx\/index.php\/category\/blog\/#listItem","position":2,"name":"Blog","item":"https:\/\/elprogresivo.mx\/index.php\/category\/blog\/","nextItem":{"@type":"ListItem","@id":"https:\/\/elprogresivo.mx\/index.php\/2026\/08\/31\/chepe-guerrero-anuncia-arreglo-a-calle-en-lourdes-tras-entrega-ejidal\/#listItem","name":"Chepe Guerrero anuncia arreglo a calle en Lourdes tras entrega ejidal"},"previousItem":{"@type":"ListItem","@id":"https:\/\/elprogresivo.mx#listItem","name":"Home"}},{"@type":"ListItem","@id":"https:\/\/elprogresivo.mx\/index.php\/2026\/08\/31\/chepe-guerrero-anuncia-arreglo-a-calle-en-lourdes-tras-entrega-ejidal\/#listItem","position":3,"name":"Chepe Guerrero anuncia arreglo a calle en Lourdes tras entrega ejidal","previousItem":{"@type":"ListItem","@id":"https:\/\/elprogresivo.mx\/index.php\/category\/blog\/#listItem","name":"Blog"}}]},{"@type":"Organization","@id":"https:\/\/elprogresivo.mx\/#organization","name":"elprogresivo.mx","description":"Construimos una nueva etapa en informaci\u00f3n","url":"https:\/\/elprogresivo.mx\/","logo":{"@type":"ImageObject","url":"https:\/\/elprogresivo.mx\/wp-content\/uploads\/2024\/02\/cropped-LogoBlanco.png","@id":"https:\/\/elprogresivo.mx\/index.php\/2026\/08\/31\/chepe-guerrero-anuncia-arreglo-a-calle-en-lourdes-tras-entrega-ejidal\/#organizationLogo","width":2096,"height":332},"image":{"@id":"https:\/\/elprogresivo.mx\/index.php\/2026\/08\/31\/chepe-guerrero-anuncia-arreglo-a-calle-en-lourdes-tras-entrega-ejidal\/#organizationLogo"}},{"@type":"Person","@id":"https:\/\/elprogresivo.mx\/index.php\/author\/emmanuel-galvan\/#author","url":"https:\/\/elprogresivo.mx\/index.php\/author\/emmanuel-galvan\/","name":"Staff","image":{"@type":"ImageObject","@id":"https:\/\/elprogresivo.mx\/index.php\/2026\/08\/31\/chepe-guerrero-anuncia-arreglo-a-calle-en-lourdes-tras-entrega-ejidal\/#authorImage","url":"https:\/\/secure.gravatar.com\/avatar\/3bb87242634c3adf910515f41e6e392ab758b98c8ee7fd12a54fcb5270441486?s=96&d=mm&r=g","width":96,"height":96,"caption":"Staff"}},{"@type":"WebPage","@id":"https:\/\/elprogresivo.mx\/index.php\/2026\/08\/31\/chepe-guerrero-anuncia-arreglo-a-calle-en-lourdes-tras-entrega-ejidal\/#webpage","url":"https:\/\/elprogresivo.mx\/index.php\/2026\/08\/31\/chepe-guerrero-anuncia-arreglo-a-calle-en-lourdes-tras-entrega-ejidal\/","name":"Chepe Guerrero anuncia arreglo a calle en Lourdes tras entrega ejidal - elprogresivo.mx","description":"El presidente municipal de Corregidora, Chepe Guerrero, visit\u00f3 la Telesecundaria \u201cRenato Leduc\u201d en Lourdes para dar arranque al ciclo escolar 2026-2027 y confirmar que se arreglar\u00e1 la calle principal de acceso a la comunidad. Guerrero explic\u00f3 que el obst\u00e1culo para reparar la v\u00eda ya se quit\u00f3 de en medio. Antes, el camino estaba bajo r\u00e9gimen","inLanguage":"es-MX","isPartOf":{"@id":"https:\/\/elprogresivo.mx\/#website"},"breadcrumb":{"@id":"https:\/\/elprogresivo.mx\/index.php\/2026\/08\/31\/chepe-guerrero-anuncia-arreglo-a-calle-en-lourdes-tras-entrega-ejidal\/#breadcrumblist"},"author":{"@id":"https:\/\/elprogresivo.mx\/index.php\/author\/emmanuel-galvan\/#author"},"creator":{"@id":"https:\/\/elprogresivo.mx\/index.php\/author\/emmanuel-galvan\/#author"},"image":{"@type":"ImageObject","url":"https:\/\/elprogresivo.mx\/wp-content\/uploads\/2026\/09\/noticia_20260904175645.jpg","@id":"https:\/\/elprogresivo.mx\/index.php\/2026\/08\/31\/chepe-guerrero-anuncia-arreglo-a-calle-en-lourdes-tras-entrega-ejidal\/#mainImage","width":2560,"height":1706},"primaryImageOfPage":{"@id":"https:\/\/elprogresivo.mx\/index.php\/2026\/08\/31\/chepe-guerrero-anuncia-arreglo-a-calle-en-lourdes-tras-entrega-ejidal\/#mainImage"},"datePublished":"2026-08-31T14:33:04+00:00","dateModified":"2026-08-31T14:33:04+00:00"},{"@type":"WebSite","@id":"https:\/\/elprogresivo.mx\/#website","url":"https:\/\/elprogresivo.mx\/","name":"elprogresivo.mx","description":"Construimos una nueva etapa en informaci\u00f3n","inLanguage":"es-MX","publisher":{"@id":"https:\/\/elprogresivo.mx\/#organization"}}]},"og:locale":"es_MX","og:site_name":"elprogresivo.mx - Construimos una nueva etapa en informaci\u00f3n","og:type":"article","og:title":"Chepe Guerrero anuncia arreglo a calle en Lourdes tras entrega ejidal - elprogresivo.mx","og:description":"El presidente municipal de Corregidora, Chepe Guerrero, visit\u00f3 la Telesecundaria \u201cRenato Leduc\u201d en Lourdes para dar arranque al ciclo escolar 2026-2027 y confirmar que se arreglar\u00e1 la calle principal de acceso a la comunidad. Guerrero explic\u00f3 que el obst\u00e1culo para reparar la v\u00eda ya se quit\u00f3 de en medio. Antes, el camino estaba bajo r\u00e9gimen","og:url":"https:\/\/elprogresivo.mx\/index.php\/2026\/08\/31\/chepe-guerrero-anuncia-arreglo-a-calle-en-lourdes-tras-entrega-ejidal\/","og:image":"https:\/\/elprogresivo.mx\/wp-content\/uploads\/2024\/02\/cropped-LogoBlanco.png","og:image:secure_url":"https:\/\/elprogresivo.mx\/wp-content\/uploads\/2024\/02\/cropped-LogoBlanco.png","article:published_time":"2026-08-31T14:33:04+00:00","article:modified_time":"2026-08-31T14:33:04+00:00","twitter:card":"summary_large_image","twitter:title":"Chepe Guerrero anuncia arreglo a calle en Lourdes tras entrega ejidal - elprogresivo.mx","twitter:description":"El presidente municipal de Corregidora, Chepe Guerrero, visit\u00f3 la Telesecundaria \u201cRenato Leduc\u201d en Lourdes para dar arranque al ciclo escolar 2026-2027 y confirmar que se arreglar\u00e1 la calle principal de acceso a la comunidad. Guerrero explic\u00f3 que el obst\u00e1culo para reparar la v\u00eda ya se quit\u00f3 de en medio. Antes, el camino estaba bajo r\u00e9gimen","twitter:image":"https:\/\/elprogresivo.mx\/wp-content\/uploads\/2024\/02\/cropped-LogoBlanco.png"},"aioseo_meta_data":{"post_id":"5108","title":null,"description":null,"keywords":null,"keyphrases":null,"primary_term":null,"canonical_url":null,"og_title":null,"og_description":null,"og_object_type":"default","og_image_type":"default","og_image_url":null,"og_image_width":null,"og_image_height":null,"og_image_custom_url":null,"og_image_custom_fields":null,"og_video":null,"og_custom_url":null,"og_article_section":null,"og_article_tags":null,"twitter_use_og":false,"twitter_card":"default","twitter_image_type":"default","twitter_image_url":null,"twitter_image_custom_url":null,"twitter_image_custom_fields":null,"twitter_title":null,"twitter_description":null,"schema":{"blockGraphs":[],"customGraphs":[],"default":{"data":{"Article":[],"Course":[],"Dataset":[],"FAQPage":[],"Movie":[],"Person":[],"Product":[],"ProductReview":[],"Car":[],"Recipe":[],"Service":[],"SoftwareApplication":[],"WebPage":[]},"graphName":"","isEnabled":true},"graphs":[]},"schema_type":"default","schema_type_options":null,"pillar_content":false,"robots_default":true,"robots_noindex":false,"robots_noarchive":false,"robots_nosnippet":false,"robots_nofollow":false,"robots_noimageindex":false,"robots_noodp":false,"robots_notranslate":false,"robots_max_snippet":null,"robots_max_videopreview":null,"robots_max_imagepreview":"large","priority":null,"frequency":null,"local_seo":null,"limit_modified_date":false,"created":"2026-09-05 00:15:38","updated":"2026-09-05 00:15:38","ai":null,"breadcrumb_settings":null,"seo_analyzer_scan_date":null,"focus_keyword":null,"additional_keywords":null,"truseo_locale":null},"aioseo_breadcrumb":"<div class=\"aioseo-breadcrumbs\"><span class=\"aioseo-breadcrumb\">\n\t\t\t<a href=\"https:\/\/elprogresivo.mx\" title=\"Home\">Home<\/a>\n\t\t<\/span><span class=\"aioseo-breadcrumb-separator\">&raquo;<\/span><span class=\"aioseo-breadcrumb\">\n\t\t\t<a href=\"https:\/\/elprogresivo.mx\/index.php\/category\/blog\/\" title=\"Blog\">Blog<\/a>\n\t\t<\/span><span class=\"aioseo-breadcrumb-separator\">&raquo;<\/span><span class=\"aioseo-breadcrumb\">\n\t\t\tChepe Guerrero anuncia arreglo a calle en Lourdes tras entrega ejidal\n\t\t<\/span><\/div>","aioseo_breadcrumb_json":[{"label":"Home","link":"https:\/\/elprogresivo.mx"},{"label":"Blog","link":"https:\/\/elprogresivo.mx\/index.php\/category\/blog\/"},{"label":"Chepe Guerrero anuncia arreglo a calle en Lourdes tras entrega ejidal","link":"https:\/\/elprogresivo.mx\/index.php\/2026\/08\/31\/chepe-guerrero-anuncia-arreglo-a-calle-en-lourdes-tras-entrega-ejidal\/"}],"jetpack_publicize_connections":[],"_links":{"self":[{"href":"https:\/\/elprogresivo.mx\/index.php\/wp-json\/wp\/v2\/posts\/5108","targetHints":{"allow":["GET"]}}],"collection":[{"href":"https:\/\/elprogresivo.mx\/index.php\/wp-json\/wp\/v2\/posts"}],"about":[{"href":"https:\/\/elprogresivo.mx\/index.php\/wp-json\/wp\/v2\/types\/post"}],"author":[{"embeddable":true,"href":"https:\/\/elprogresivo.mx\/index.php\/wp-json\/wp\/v2\/users\/5"}],"replies":[{"embeddable":true,"href":"https:\/\/elprogresivo.mx\/index.php\/wp-json\/wp\/v2\/comments?post=5108"}],"version-history":[{"count":0,"href":"https:\/\/elprogresivo.mx\/index.php\/wp-json\/wp\/v2\/posts\/5108\/revisions"}],"wp:featuredmedia":[{"embeddable":true,"href":"https:\/\/elprogresivo.mx\/index.php\/wp-json\/wp\/v2\/media\/5107"}],"wp:attachment":[{"href":"https:\/\/elprogresivo.mx\/index.php\/wp-json\/wp\/v2\/media?parent=5108"}],"wp:term":[{"taxonomy":"category","embeddable":true,"href":"https:\/\/elprogresivo.mx\/index.php\/wp-json\/wp\/v2\/categories?post=5108"},{"taxonomy":"post_tag","embeddable":true,"href":"https:\/\/elprogresivo.mx\/index.php\/wp-json\/wp\/v2\/tags?post=5108"}],"curies":[{"name":"wp","href":"https:\/\/api.w.org\/{rel}","templated":true}]}}