{"id":5094,"date":"2026-08-30T18:23:56","date_gmt":"2026-08-30T18:23:56","guid":{"rendered":"https:\/\/elprogresivo.mx\/index.php\/2026\/08\/30\/el-marques-gana-premio-por-abrir-centro-vive-para-salud-mental\/"},"modified":"2026-08-30T18:23:56","modified_gmt":"2026-08-30T18:23:56","slug":"el-marques-gana-premio-por-abrir-centro-vive-para-salud-mental","status":"publish","type":"post","link":"https:\/\/elprogresivo.mx\/index.php\/2026\/08\/30\/el-marques-gana-premio-por-abrir-centro-vive-para-salud-mental\/","title":{"rendered":"El Marqu\u00e9s gana premio por abrir Centro Vive para salud mental"},"content":{"rendered":"<p>El municipio de El Marqu\u00e9s gan\u00f3 el Premio a las Mejores Pr\u00e1cticas de Gobiernos Locales 2026. La Revista Alcaldes de M\u00e9xico le otorg\u00f3 el galard\u00f3n en la categor\u00eda de Bienestar Emocional. El premio reconoce la creaci\u00f3n de Centro Vive, un instituto dedicado a la prevenci\u00f3n y atenci\u00f3n de la salud mental. Es la primera instituci\u00f3n de este tipo en el estado de Quer\u00e9taro.<\/p>\n<p>Claudia Mart\u00ednez Guevara, coordinadora de Gabinete, recibi\u00f3 el reconocimiento. Lo hizo en representaci\u00f3n del presidente municipal, Rodrigo Monsalvo Castel\u00e1n, durante la ceremonia en el Centro Banamex de la Ciudad de M\u00e9xico.<\/p>\n<p>El Marqu\u00e9s present\u00f3 el Plan de Acci\u00f3n por la Salud Mental de Centro Vive. Este programa ya hab\u00eda sido ganador del Galard\u00f3n Francisco Villarreal Torres 2025, dado por la Asociaci\u00f3n Nacional de Alcaldes. El objetivo de Centro Vive es ofrecer atenci\u00f3n y acompa\u00f1amiento a personas con conductas de riesgo.<\/p>\n<p>Este premio distingue iniciativas en \u00e1reas como seguridad, innovaci\u00f3n y bienestar. Con este reconocimiento, El Marqu\u00e9s muestra su enfoque preventivo en pol\u00edticas p\u00fablicas para mejorar la vida de sus habitantes.<\/p>\n","protected":false},"excerpt":{"rendered":"<p>El municipio de El Marqu\u00e9s gan\u00f3 el Premio a las Mejores Pr\u00e1cticas de Gobiernos Locales&#8230;<\/p>\n","protected":false},"author":5,"featured_media":5093,"comment_status":"open","ping_status":"open","sticky":false,"template":"","format":"standard","meta":{"om_disable_all_campaigns":false,"_monsterinsights_skip_tracking":false,"footnotes":"","jetpack_publicize_message":"","jetpack_publicize_feature_enabled":true,"jetpack_social_post_already_shared":true,"jetpack_social_options":{"image_generator_settings":{"template":"highway","default_image_id":0,"font":"","enabled":false},"version":2}},"categories":[1,70],"tags":[3383,3354,119,2030],"class_list":["post-5094","post","type-post","status-publish","format-standard","has-post-thumbnail","hentry","category-blog","category-destacado","tag-centro-vive","tag-premios","tag-rodrigo-monsalvo","tag-salud-mental"],"aioseo_notices":[],"aioseo_head":"\n\t\t<!-- All in One SEO 5.0.1.1 - aioseo.com -->\n\t<meta name=\"description\" content=\"El municipio de El Marqu\u00e9s gan\u00f3 el Premio a las Mejores Pr\u00e1cticas de Gobiernos Locales 2026. La Revista Alcaldes de M\u00e9xico le otorg\u00f3 el galard\u00f3n en la categor\u00eda de Bienestar Emocional. El premio reconoce la creaci\u00f3n de Centro Vive, un instituto dedicado a la prevenci\u00f3n y atenci\u00f3n de la salud mental. Es la primera instituci\u00f3n\" \/>\n\t<meta name=\"robots\" content=\"max-image-preview:large\" \/>\n\t<meta name=\"author\" content=\"Staff\"\/>\n\t<link rel=\"canonical\" href=\"https:\/\/elprogresivo.mx\/index.php\/2026\/08\/30\/el-marques-gana-premio-por-abrir-centro-vive-para-salud-mental\/\" \/>\n\t<meta name=\"generator\" content=\"All in One SEO (AIOSEO) 5.0.1.1\" \/>\n\t\t<meta property=\"og:locale\" content=\"es_MX\" \/>\n\t\t<meta property=\"og:site_name\" content=\"elprogresivo.mx - Construimos una nueva etapa en informaci\u00f3n\" \/>\n\t\t<meta property=\"og:type\" content=\"article\" \/>\n\t\t<meta property=\"og:title\" content=\"El Marqu\u00e9s gana premio por abrir Centro Vive para salud mental - elprogresivo.mx\" \/>\n\t\t<meta property=\"og:description\" content=\"El municipio de El Marqu\u00e9s gan\u00f3 el Premio a las Mejores Pr\u00e1cticas de Gobiernos Locales 2026. La Revista Alcaldes de M\u00e9xico le otorg\u00f3 el galard\u00f3n en la categor\u00eda de Bienestar Emocional. El premio reconoce la creaci\u00f3n de Centro Vive, un instituto dedicado a la prevenci\u00f3n y atenci\u00f3n de la salud mental. Es la primera instituci\u00f3n\" \/>\n\t\t<meta property=\"og:url\" content=\"https:\/\/elprogresivo.mx\/index.php\/2026\/08\/30\/el-marques-gana-premio-por-abrir-centro-vive-para-salud-mental\/\" \/>\n\t\t<meta property=\"og:image\" content=\"https:\/\/elprogresivo.mx\/wp-content\/uploads\/2024\/02\/cropped-LogoBlanco.png\" \/>\n\t\t<meta property=\"og:image:secure_url\" content=\"https:\/\/elprogresivo.mx\/wp-content\/uploads\/2024\/02\/cropped-LogoBlanco.png\" \/>\n\t\t<meta property=\"article:published_time\" content=\"2026-08-30T18:23:56+00:00\" \/>\n\t\t<meta property=\"article:modified_time\" content=\"2026-08-30T18:23:56+00:00\" \/>\n\t\t<meta name=\"twitter:card\" content=\"summary_large_image\" \/>\n\t\t<meta name=\"twitter:title\" content=\"El Marqu\u00e9s gana premio por abrir Centro Vive para salud mental - elprogresivo.mx\" \/>\n\t\t<meta name=\"twitter:description\" content=\"El municipio de El Marqu\u00e9s gan\u00f3 el Premio a las Mejores Pr\u00e1cticas de Gobiernos Locales 2026. La Revista Alcaldes de M\u00e9xico le otorg\u00f3 el galard\u00f3n en la categor\u00eda de Bienestar Emocional. El premio reconoce la creaci\u00f3n de Centro Vive, un instituto dedicado a la prevenci\u00f3n y atenci\u00f3n de la salud mental. Es la primera instituci\u00f3n\" \/>\n\t\t<meta name=\"twitter:image\" content=\"https:\/\/elprogresivo.mx\/wp-content\/uploads\/2024\/02\/cropped-LogoBlanco.png\" \/>\n\t\t<script type=\"application\/ld+json\" class=\"aioseo-schema\">\n\t\t\t{\"@context\":\"https:\\\/\\\/schema.org\",\"@graph\":[{\"@type\":\"BlogPosting\",\"@id\":\"https:\\\/\\\/elprogresivo.mx\\\/index.php\\\/2026\\\/08\\\/30\\\/el-marques-gana-premio-por-abrir-centro-vive-para-salud-mental\\\/#blogposting\",\"name\":\"El Marqu\\u00e9s gana premio por abrir Centro Vive para salud mental - elprogresivo.mx\",\"headline\":\"El Marqu\\u00e9s gana premio por abrir Centro Vive para salud mental\",\"author\":{\"@id\":\"https:\\\/\\\/elprogresivo.mx\\\/index.php\\\/author\\\/emmanuel-galvan\\\/#author\"},\"publisher\":{\"@id\":\"https:\\\/\\\/elprogresivo.mx\\\/#organization\"},\"image\":{\"@type\":\"ImageObject\",\"url\":\"https:\\\/\\\/elprogresivo.mx\\\/wp-content\\\/uploads\\\/2026\\\/09\\\/noticia_20260904161459-scaled.jpg\",\"width\":2560,\"height\":1733},\"datePublished\":\"2026-08-30T18:23:56+00:00\",\"dateModified\":\"2026-08-30T18:23:56+00:00\",\"inLanguage\":\"es-MX\",\"mainEntityOfPage\":{\"@id\":\"https:\\\/\\\/elprogresivo.mx\\\/index.php\\\/2026\\\/08\\\/30\\\/el-marques-gana-premio-por-abrir-centro-vive-para-salud-mental\\\/#webpage\"},\"isPartOf\":{\"@id\":\"https:\\\/\\\/elprogresivo.mx\\\/index.php\\\/2026\\\/08\\\/30\\\/el-marques-gana-premio-por-abrir-centro-vive-para-salud-mental\\\/#webpage\"},\"articleSection\":\"Blog, Destacado, Centro Vive, Premios, Rodrigo Monsalvo, salud mental\"},{\"@type\":\"BreadcrumbList\",\"@id\":\"https:\\\/\\\/elprogresivo.mx\\\/index.php\\\/2026\\\/08\\\/30\\\/el-marques-gana-premio-por-abrir-centro-vive-para-salud-mental\\\/#breadcrumblist\",\"itemListElement\":[{\"@type\":\"ListItem\",\"@id\":\"https:\\\/\\\/elprogresivo.mx#listItem\",\"position\":1,\"name\":\"Home\",\"item\":\"https:\\\/\\\/elprogresivo.mx\",\"nextItem\":{\"@type\":\"ListItem\",\"@id\":\"https:\\\/\\\/elprogresivo.mx\\\/index.php\\\/category\\\/blog\\\/#listItem\",\"name\":\"Blog\"}},{\"@type\":\"ListItem\",\"@id\":\"https:\\\/\\\/elprogresivo.mx\\\/index.php\\\/category\\\/blog\\\/#listItem\",\"position\":2,\"name\":\"Blog\",\"item\":\"https:\\\/\\\/elprogresivo.mx\\\/index.php\\\/category\\\/blog\\\/\",\"nextItem\":{\"@type\":\"ListItem\",\"@id\":\"https:\\\/\\\/elprogresivo.mx\\\/index.php\\\/2026\\\/08\\\/30\\\/el-marques-gana-premio-por-abrir-centro-vive-para-salud-mental\\\/#listItem\",\"name\":\"El Marqu\\u00e9s gana premio por abrir Centro Vive para salud mental\"},\"previousItem\":{\"@type\":\"ListItem\",\"@id\":\"https:\\\/\\\/elprogresivo.mx#listItem\",\"name\":\"Home\"}},{\"@type\":\"ListItem\",\"@id\":\"https:\\\/\\\/elprogresivo.mx\\\/index.php\\\/2026\\\/08\\\/30\\\/el-marques-gana-premio-por-abrir-centro-vive-para-salud-mental\\\/#listItem\",\"position\":3,\"name\":\"El Marqu\\u00e9s gana premio por abrir Centro Vive para salud mental\",\"previousItem\":{\"@type\":\"ListItem\",\"@id\":\"https:\\\/\\\/elprogresivo.mx\\\/index.php\\\/category\\\/blog\\\/#listItem\",\"name\":\"Blog\"}}]},{\"@type\":\"Organization\",\"@id\":\"https:\\\/\\\/elprogresivo.mx\\\/#organization\",\"name\":\"elprogresivo.mx\",\"description\":\"Construimos una nueva etapa en informaci\\u00f3n\",\"url\":\"https:\\\/\\\/elprogresivo.mx\\\/\",\"logo\":{\"@type\":\"ImageObject\",\"url\":\"https:\\\/\\\/elprogresivo.mx\\\/wp-content\\\/uploads\\\/2024\\\/02\\\/cropped-LogoBlanco.png\",\"@id\":\"https:\\\/\\\/elprogresivo.mx\\\/index.php\\\/2026\\\/08\\\/30\\\/el-marques-gana-premio-por-abrir-centro-vive-para-salud-mental\\\/#organizationLogo\",\"width\":2096,\"height\":332},\"image\":{\"@id\":\"https:\\\/\\\/elprogresivo.mx\\\/index.php\\\/2026\\\/08\\\/30\\\/el-marques-gana-premio-por-abrir-centro-vive-para-salud-mental\\\/#organizationLogo\"}},{\"@type\":\"Person\",\"@id\":\"https:\\\/\\\/elprogresivo.mx\\\/index.php\\\/author\\\/emmanuel-galvan\\\/#author\",\"url\":\"https:\\\/\\\/elprogresivo.mx\\\/index.php\\\/author\\\/emmanuel-galvan\\\/\",\"name\":\"Staff\",\"image\":{\"@type\":\"ImageObject\",\"@id\":\"https:\\\/\\\/elprogresivo.mx\\\/index.php\\\/2026\\\/08\\\/30\\\/el-marques-gana-premio-por-abrir-centro-vive-para-salud-mental\\\/#authorImage\",\"url\":\"https:\\\/\\\/secure.gravatar.com\\\/avatar\\\/3bb87242634c3adf910515f41e6e392ab758b98c8ee7fd12a54fcb5270441486?s=96&d=mm&r=g\",\"width\":96,\"height\":96,\"caption\":\"Staff\"}},{\"@type\":\"WebPage\",\"@id\":\"https:\\\/\\\/elprogresivo.mx\\\/index.php\\\/2026\\\/08\\\/30\\\/el-marques-gana-premio-por-abrir-centro-vive-para-salud-mental\\\/#webpage\",\"url\":\"https:\\\/\\\/elprogresivo.mx\\\/index.php\\\/2026\\\/08\\\/30\\\/el-marques-gana-premio-por-abrir-centro-vive-para-salud-mental\\\/\",\"name\":\"El Marqu\\u00e9s gana premio por abrir Centro Vive para salud mental - elprogresivo.mx\",\"description\":\"El municipio de El Marqu\\u00e9s gan\\u00f3 el Premio a las Mejores Pr\\u00e1cticas de Gobiernos Locales 2026. La Revista Alcaldes de M\\u00e9xico le otorg\\u00f3 el galard\\u00f3n en la categor\\u00eda de Bienestar Emocional. El premio reconoce la creaci\\u00f3n de Centro Vive, un instituto dedicado a la prevenci\\u00f3n y atenci\\u00f3n de la salud mental. Es la primera instituci\\u00f3n\",\"inLanguage\":\"es-MX\",\"isPartOf\":{\"@id\":\"https:\\\/\\\/elprogresivo.mx\\\/#website\"},\"breadcrumb\":{\"@id\":\"https:\\\/\\\/elprogresivo.mx\\\/index.php\\\/2026\\\/08\\\/30\\\/el-marques-gana-premio-por-abrir-centro-vive-para-salud-mental\\\/#breadcrumblist\"},\"author\":{\"@id\":\"https:\\\/\\\/elprogresivo.mx\\\/index.php\\\/author\\\/emmanuel-galvan\\\/#author\"},\"creator\":{\"@id\":\"https:\\\/\\\/elprogresivo.mx\\\/index.php\\\/author\\\/emmanuel-galvan\\\/#author\"},\"image\":{\"@type\":\"ImageObject\",\"url\":\"https:\\\/\\\/elprogresivo.mx\\\/wp-content\\\/uploads\\\/2026\\\/09\\\/noticia_20260904161459-scaled.jpg\",\"@id\":\"https:\\\/\\\/elprogresivo.mx\\\/index.php\\\/2026\\\/08\\\/30\\\/el-marques-gana-premio-por-abrir-centro-vive-para-salud-mental\\\/#mainImage\",\"width\":2560,\"height\":1733},\"primaryImageOfPage\":{\"@id\":\"https:\\\/\\\/elprogresivo.mx\\\/index.php\\\/2026\\\/08\\\/30\\\/el-marques-gana-premio-por-abrir-centro-vive-para-salud-mental\\\/#mainImage\"},\"datePublished\":\"2026-08-30T18:23:56+00:00\",\"dateModified\":\"2026-08-30T18:23:56+00:00\"},{\"@type\":\"WebSite\",\"@id\":\"https:\\\/\\\/elprogresivo.mx\\\/#website\",\"url\":\"https:\\\/\\\/elprogresivo.mx\\\/\",\"name\":\"elprogresivo.mx\",\"description\":\"Construimos una nueva etapa en informaci\\u00f3n\",\"inLanguage\":\"es-MX\",\"publisher\":{\"@id\":\"https:\\\/\\\/elprogresivo.mx\\\/#organization\"}}]}\n\t\t<\/script>\n\t\t<!-- All in One SEO -->\n\n","aioseo_head_json":{"title":"El Marqu\u00e9s gana premio por abrir Centro Vive para salud mental - elprogresivo.mx","description":"El municipio de El Marqu\u00e9s gan\u00f3 el Premio a las Mejores Pr\u00e1cticas de Gobiernos Locales 2026. La Revista Alcaldes de M\u00e9xico le otorg\u00f3 el galard\u00f3n en la categor\u00eda de Bienestar Emocional. El premio reconoce la creaci\u00f3n de Centro Vive, un instituto dedicado a la prevenci\u00f3n y atenci\u00f3n de la salud mental. Es la primera instituci\u00f3n","canonical_url":"https:\/\/elprogresivo.mx\/index.php\/2026\/08\/30\/el-marques-gana-premio-por-abrir-centro-vive-para-salud-mental\/","robots":"max-image-preview:large","keywords":"","webmasterTools":{"miscellaneous":""},"schema":{"@context":"https:\/\/schema.org","@graph":[{"@type":"BlogPosting","@id":"https:\/\/elprogresivo.mx\/index.php\/2026\/08\/30\/el-marques-gana-premio-por-abrir-centro-vive-para-salud-mental\/#blogposting","name":"El Marqu\u00e9s gana premio por abrir Centro Vive para salud mental - elprogresivo.mx","headline":"El Marqu\u00e9s gana premio por abrir Centro Vive para salud mental","author":{"@id":"https:\/\/elprogresivo.mx\/index.php\/author\/emmanuel-galvan\/#author"},"publisher":{"@id":"https:\/\/elprogresivo.mx\/#organization"},"image":{"@type":"ImageObject","url":"https:\/\/elprogresivo.mx\/wp-content\/uploads\/2026\/09\/noticia_20260904161459-scaled.jpg","width":2560,"height":1733},"datePublished":"2026-08-30T18:23:56+00:00","dateModified":"2026-08-30T18:23:56+00:00","inLanguage":"es-MX","mainEntityOfPage":{"@id":"https:\/\/elprogresivo.mx\/index.php\/2026\/08\/30\/el-marques-gana-premio-por-abrir-centro-vive-para-salud-mental\/#webpage"},"isPartOf":{"@id":"https:\/\/elprogresivo.mx\/index.php\/2026\/08\/30\/el-marques-gana-premio-por-abrir-centro-vive-para-salud-mental\/#webpage"},"articleSection":"Blog, Destacado, Centro Vive, Premios, Rodrigo Monsalvo, salud mental"},{"@type":"BreadcrumbList","@id":"https:\/\/elprogresivo.mx\/index.php\/2026\/08\/30\/el-marques-gana-premio-por-abrir-centro-vive-para-salud-mental\/#breadcrumblist","itemListElement":[{"@type":"ListItem","@id":"https:\/\/elprogresivo.mx#listItem","position":1,"name":"Home","item":"https:\/\/elprogresivo.mx","nextItem":{"@type":"ListItem","@id":"https:\/\/elprogresivo.mx\/index.php\/category\/blog\/#listItem","name":"Blog"}},{"@type":"ListItem","@id":"https:\/\/elprogresivo.mx\/index.php\/category\/blog\/#listItem","position":2,"name":"Blog","item":"https:\/\/elprogresivo.mx\/index.php\/category\/blog\/","nextItem":{"@type":"ListItem","@id":"https:\/\/elprogresivo.mx\/index.php\/2026\/08\/30\/el-marques-gana-premio-por-abrir-centro-vive-para-salud-mental\/#listItem","name":"El Marqu\u00e9s gana premio por abrir Centro Vive para salud mental"},"previousItem":{"@type":"ListItem","@id":"https:\/\/elprogresivo.mx#listItem","name":"Home"}},{"@type":"ListItem","@id":"https:\/\/elprogresivo.mx\/index.php\/2026\/08\/30\/el-marques-gana-premio-por-abrir-centro-vive-para-salud-mental\/#listItem","position":3,"name":"El Marqu\u00e9s gana premio por abrir Centro Vive para salud mental","previousItem":{"@type":"ListItem","@id":"https:\/\/elprogresivo.mx\/index.php\/category\/blog\/#listItem","name":"Blog"}}]},{"@type":"Organization","@id":"https:\/\/elprogresivo.mx\/#organization","name":"elprogresivo.mx","description":"Construimos una nueva etapa en informaci\u00f3n","url":"https:\/\/elprogresivo.mx\/","logo":{"@type":"ImageObject","url":"https:\/\/elprogresivo.mx\/wp-content\/uploads\/2024\/02\/cropped-LogoBlanco.png","@id":"https:\/\/elprogresivo.mx\/index.php\/2026\/08\/30\/el-marques-gana-premio-por-abrir-centro-vive-para-salud-mental\/#organizationLogo","width":2096,"height":332},"image":{"@id":"https:\/\/elprogresivo.mx\/index.php\/2026\/08\/30\/el-marques-gana-premio-por-abrir-centro-vive-para-salud-mental\/#organizationLogo"}},{"@type":"Person","@id":"https:\/\/elprogresivo.mx\/index.php\/author\/emmanuel-galvan\/#author","url":"https:\/\/elprogresivo.mx\/index.php\/author\/emmanuel-galvan\/","name":"Staff","image":{"@type":"ImageObject","@id":"https:\/\/elprogresivo.mx\/index.php\/2026\/08\/30\/el-marques-gana-premio-por-abrir-centro-vive-para-salud-mental\/#authorImage","url":"https:\/\/secure.gravatar.com\/avatar\/3bb87242634c3adf910515f41e6e392ab758b98c8ee7fd12a54fcb5270441486?s=96&d=mm&r=g","width":96,"height":96,"caption":"Staff"}},{"@type":"WebPage","@id":"https:\/\/elprogresivo.mx\/index.php\/2026\/08\/30\/el-marques-gana-premio-por-abrir-centro-vive-para-salud-mental\/#webpage","url":"https:\/\/elprogresivo.mx\/index.php\/2026\/08\/30\/el-marques-gana-premio-por-abrir-centro-vive-para-salud-mental\/","name":"El Marqu\u00e9s gana premio por abrir Centro Vive para salud mental - elprogresivo.mx","description":"El municipio de El Marqu\u00e9s gan\u00f3 el Premio a las Mejores Pr\u00e1cticas de Gobiernos Locales 2026. La Revista Alcaldes de M\u00e9xico le otorg\u00f3 el galard\u00f3n en la categor\u00eda de Bienestar Emocional. El premio reconoce la creaci\u00f3n de Centro Vive, un instituto dedicado a la prevenci\u00f3n y atenci\u00f3n de la salud mental. Es la primera instituci\u00f3n","inLanguage":"es-MX","isPartOf":{"@id":"https:\/\/elprogresivo.mx\/#website"},"breadcrumb":{"@id":"https:\/\/elprogresivo.mx\/index.php\/2026\/08\/30\/el-marques-gana-premio-por-abrir-centro-vive-para-salud-mental\/#breadcrumblist"},"author":{"@id":"https:\/\/elprogresivo.mx\/index.php\/author\/emmanuel-galvan\/#author"},"creator":{"@id":"https:\/\/elprogresivo.mx\/index.php\/author\/emmanuel-galvan\/#author"},"image":{"@type":"ImageObject","url":"https:\/\/elprogresivo.mx\/wp-content\/uploads\/2026\/09\/noticia_20260904161459-scaled.jpg","@id":"https:\/\/elprogresivo.mx\/index.php\/2026\/08\/30\/el-marques-gana-premio-por-abrir-centro-vive-para-salud-mental\/#mainImage","width":2560,"height":1733},"primaryImageOfPage":{"@id":"https:\/\/elprogresivo.mx\/index.php\/2026\/08\/30\/el-marques-gana-premio-por-abrir-centro-vive-para-salud-mental\/#mainImage"},"datePublished":"2026-08-30T18:23:56+00:00","dateModified":"2026-08-30T18:23:56+00:00"},{"@type":"WebSite","@id":"https:\/\/elprogresivo.mx\/#website","url":"https:\/\/elprogresivo.mx\/","name":"elprogresivo.mx","description":"Construimos una nueva etapa en informaci\u00f3n","inLanguage":"es-MX","publisher":{"@id":"https:\/\/elprogresivo.mx\/#organization"}}]},"og:locale":"es_MX","og:site_name":"elprogresivo.mx - Construimos una nueva etapa en informaci\u00f3n","og:type":"article","og:title":"El Marqu\u00e9s gana premio por abrir Centro Vive para salud mental - elprogresivo.mx","og:description":"El municipio de El Marqu\u00e9s gan\u00f3 el Premio a las Mejores Pr\u00e1cticas de Gobiernos Locales 2026. La Revista Alcaldes de M\u00e9xico le otorg\u00f3 el galard\u00f3n en la categor\u00eda de Bienestar Emocional. El premio reconoce la creaci\u00f3n de Centro Vive, un instituto dedicado a la prevenci\u00f3n y atenci\u00f3n de la salud mental. Es la primera instituci\u00f3n","og:url":"https:\/\/elprogresivo.mx\/index.php\/2026\/08\/30\/el-marques-gana-premio-por-abrir-centro-vive-para-salud-mental\/","og:image":"https:\/\/elprogresivo.mx\/wp-content\/uploads\/2024\/02\/cropped-LogoBlanco.png","og:image:secure_url":"https:\/\/elprogresivo.mx\/wp-content\/uploads\/2024\/02\/cropped-LogoBlanco.png","article:published_time":"2026-08-30T18:23:56+00:00","article:modified_time":"2026-08-30T18:23:56+00:00","twitter:card":"summary_large_image","twitter:title":"El Marqu\u00e9s gana premio por abrir Centro Vive para salud mental - elprogresivo.mx","twitter:description":"El municipio de El Marqu\u00e9s gan\u00f3 el Premio a las Mejores Pr\u00e1cticas de Gobiernos Locales 2026. La Revista Alcaldes de M\u00e9xico le otorg\u00f3 el galard\u00f3n en la categor\u00eda de Bienestar Emocional. El premio reconoce la creaci\u00f3n de Centro Vive, un instituto dedicado a la prevenci\u00f3n y atenci\u00f3n de la salud mental. Es la primera instituci\u00f3n","twitter:image":"https:\/\/elprogresivo.mx\/wp-content\/uploads\/2024\/02\/cropped-LogoBlanco.png"},"aioseo_meta_data":{"post_id":"5094","title":null,"description":null,"keywords":null,"keyphrases":null,"primary_term":null,"canonical_url":null,"og_title":null,"og_description":null,"og_object_type":"default","og_image_type":"default","og_image_url":null,"og_image_width":null,"og_image_height":null,"og_image_custom_url":null,"og_image_custom_fields":null,"og_video":null,"og_custom_url":null,"og_article_section":null,"og_article_tags":null,"twitter_use_og":false,"twitter_card":"default","twitter_image_type":"default","twitter_image_url":null,"twitter_image_custom_url":null,"twitter_image_custom_fields":null,"twitter_title":null,"twitter_description":null,"schema":{"blockGraphs":[],"customGraphs":[],"default":{"data":{"Article":[],"Course":[],"Dataset":[],"FAQPage":[],"Movie":[],"Person":[],"Product":[],"ProductReview":[],"Car":[],"Recipe":[],"Service":[],"SoftwareApplication":[],"WebPage":[]},"graphName":"","isEnabled":true},"graphs":[]},"schema_type":"default","schema_type_options":null,"pillar_content":false,"robots_default":true,"robots_noindex":false,"robots_noarchive":false,"robots_nosnippet":false,"robots_nofollow":false,"robots_noimageindex":false,"robots_noodp":false,"robots_notranslate":false,"robots_max_snippet":null,"robots_max_videopreview":null,"robots_max_imagepreview":"large","priority":null,"frequency":null,"local_seo":null,"limit_modified_date":false,"created":"2026-09-04 23:04:34","updated":"2026-09-04 23:04:34","ai":null,"breadcrumb_settings":null,"seo_analyzer_scan_date":null,"focus_keyword":null,"additional_keywords":null,"truseo_locale":null},"aioseo_breadcrumb":"<div class=\"aioseo-breadcrumbs\"><span class=\"aioseo-breadcrumb\">\n\t\t\t<a href=\"https:\/\/elprogresivo.mx\" title=\"Home\">Home<\/a>\n\t\t<\/span><span class=\"aioseo-breadcrumb-separator\">&raquo;<\/span><span class=\"aioseo-breadcrumb\">\n\t\t\t<a href=\"https:\/\/elprogresivo.mx\/index.php\/category\/blog\/\" title=\"Blog\">Blog<\/a>\n\t\t<\/span><span class=\"aioseo-breadcrumb-separator\">&raquo;<\/span><span class=\"aioseo-breadcrumb\">\n\t\t\tEl Marqu\u00e9s gana premio por abrir Centro Vive para salud mental\n\t\t<\/span><\/div>","aioseo_breadcrumb_json":[{"label":"Home","link":"https:\/\/elprogresivo.mx"},{"label":"Blog","link":"https:\/\/elprogresivo.mx\/index.php\/category\/blog\/"},{"label":"El Marqu\u00e9s gana premio por abrir Centro Vive para salud mental","link":"https:\/\/elprogresivo.mx\/index.php\/2026\/08\/30\/el-marques-gana-premio-por-abrir-centro-vive-para-salud-mental\/"}],"jetpack_publicize_connections":[],"_links":{"self":[{"href":"https:\/\/elprogresivo.mx\/index.php\/wp-json\/wp\/v2\/posts\/5094","targetHints":{"allow":["GET"]}}],"collection":[{"href":"https:\/\/elprogresivo.mx\/index.php\/wp-json\/wp\/v2\/posts"}],"about":[{"href":"https:\/\/elprogresivo.mx\/index.php\/wp-json\/wp\/v2\/types\/post"}],"author":[{"embeddable":true,"href":"https:\/\/elprogresivo.mx\/index.php\/wp-json\/wp\/v2\/users\/5"}],"replies":[{"embeddable":true,"href":"https:\/\/elprogresivo.mx\/index.php\/wp-json\/wp\/v2\/comments?post=5094"}],"version-history":[{"count":0,"href":"https:\/\/elprogresivo.mx\/index.php\/wp-json\/wp\/v2\/posts\/5094\/revisions"}],"wp:featuredmedia":[{"embeddable":true,"href":"https:\/\/elprogresivo.mx\/index.php\/wp-json\/wp\/v2\/media\/5093"}],"wp:attachment":[{"href":"https:\/\/elprogresivo.mx\/index.php\/wp-json\/wp\/v2\/media?parent=5094"}],"wp:term":[{"taxonomy":"category","embeddable":true,"href":"https:\/\/elprogresivo.mx\/index.php\/wp-json\/wp\/v2\/categories?post=5094"},{"taxonomy":"post_tag","embeddable":true,"href":"https:\/\/elprogresivo.mx\/index.php\/wp-json\/wp\/v2\/tags?post=5094"}],"curies":[{"name":"wp","href":"https:\/\/api.w.org\/{rel}","templated":true}]}}