{"id":5088,"date":"2026-09-02T11:00:00","date_gmt":"2026-09-02T11:00:00","guid":{"rendered":"https:\/\/elprogresivo.mx\/index.php\/2026\/09\/02\/cabildo-metropolitano-prioriza-seguridad-y-orden-urbano\/"},"modified":"2026-09-02T11:00:00","modified_gmt":"2026-09-02T11:00:00","slug":"cabildo-metropolitano-prioriza-seguridad-y-orden-urbano","status":"publish","type":"post","link":"https:\/\/elprogresivo.mx\/index.php\/2026\/09\/02\/cabildo-metropolitano-prioriza-seguridad-y-orden-urbano\/","title":{"rendered":"Cabildo Metropolitano prioriza seguridad y orden urbano"},"content":{"rendered":"<p>El Cabildo Metropolitano re\u00fane a los municipios de la zona metropolitana para coordinar acciones concretas en seguridad, gobernanza y desarrollo urbano. Felifer Mac\u00edas, quien asisti\u00f3 al segundo encuentro ciudadano de Chepe Guerrero, subray\u00f3 que este espacio permite abordar problemas comunes de manera conjunta. La meta es ajustar las estrategias entre municipios para mejorar las condiciones de vida de los habitantes. Se busca que la coordinaci\u00f3n entre gobiernos locales genere resultados visibles en la calle, organizando mejor el espacio p\u00fablico y respondiendo con mayor eficacia a las necesidades de seguridad.<\/p>\n","protected":false},"excerpt":{"rendered":"<p>El Cabildo Metropolitano re\u00fane a los municipios de la zona metropolitana para coordinar acciones concretas&#8230;<\/p>\n","protected":false},"author":5,"featured_media":5087,"comment_status":"open","ping_status":"open","sticky":false,"template":"","format":"standard","meta":{"om_disable_all_campaigns":false,"_monsterinsights_skip_tracking":false,"footnotes":"","jetpack_publicize_message":"","jetpack_publicize_feature_enabled":true,"jetpack_social_post_already_shared":true,"jetpack_social_options":{"image_generator_settings":{"template":"highway","default_image_id":0,"font":"","enabled":false},"version":2}},"categories":[1,70],"tags":[3366,2518,77,63],"class_list":["post-5088","post","type-post","status-publish","format-standard","has-post-thumbnail","hentry","category-blog","category-destacado","tag-cabildo-metropolitano","tag-desarrollo-urbano","tag-felifer-macias","tag-seguridad-publica"],"aioseo_notices":[],"aioseo_head":"\n\t\t<!-- All in One SEO 5.0.1.1 - aioseo.com -->\n\t<meta name=\"description\" content=\"El Cabildo Metropolitano re\u00fane a los municipios de la zona metropolitana para coordinar acciones concretas en seguridad, gobernanza y desarrollo urbano. Felifer Mac\u00edas, quien asisti\u00f3 al segundo encuentro ciudadano de Chepe Guerrero, subray\u00f3 que este espacio permite abordar problemas comunes de manera conjunta. La meta es ajustar las estrategias entre municipios para mejorar las condiciones\" \/>\n\t<meta name=\"robots\" content=\"max-image-preview:large\" \/>\n\t<meta name=\"author\" content=\"Staff\"\/>\n\t<link rel=\"canonical\" href=\"https:\/\/elprogresivo.mx\/index.php\/2026\/09\/02\/cabildo-metropolitano-prioriza-seguridad-y-orden-urbano\/\" \/>\n\t<meta name=\"generator\" content=\"All in One SEO (AIOSEO) 5.0.1.1\" \/>\n\t\t<meta property=\"og:locale\" content=\"es_MX\" \/>\n\t\t<meta property=\"og:site_name\" content=\"elprogresivo.mx - Construimos una nueva etapa en informaci\u00f3n\" \/>\n\t\t<meta property=\"og:type\" content=\"article\" \/>\n\t\t<meta property=\"og:title\" content=\"Cabildo Metropolitano prioriza seguridad y orden urbano - elprogresivo.mx\" \/>\n\t\t<meta property=\"og:description\" content=\"El Cabildo Metropolitano re\u00fane a los municipios de la zona metropolitana para coordinar acciones concretas en seguridad, gobernanza y desarrollo urbano. Felifer Mac\u00edas, quien asisti\u00f3 al segundo encuentro ciudadano de Chepe Guerrero, subray\u00f3 que este espacio permite abordar problemas comunes de manera conjunta. La meta es ajustar las estrategias entre municipios para mejorar las condiciones\" \/>\n\t\t<meta property=\"og:url\" content=\"https:\/\/elprogresivo.mx\/index.php\/2026\/09\/02\/cabildo-metropolitano-prioriza-seguridad-y-orden-urbano\/\" \/>\n\t\t<meta property=\"og:image\" content=\"https:\/\/elprogresivo.mx\/wp-content\/uploads\/2024\/02\/cropped-LogoBlanco.png\" \/>\n\t\t<meta property=\"og:image:secure_url\" content=\"https:\/\/elprogresivo.mx\/wp-content\/uploads\/2024\/02\/cropped-LogoBlanco.png\" \/>\n\t\t<meta property=\"article:published_time\" content=\"2026-09-02T11:00:00+00:00\" \/>\n\t\t<meta property=\"article:modified_time\" content=\"2026-09-02T11:00:00+00:00\" \/>\n\t\t<meta name=\"twitter:card\" content=\"summary_large_image\" \/>\n\t\t<meta name=\"twitter:title\" content=\"Cabildo Metropolitano prioriza seguridad y orden urbano - elprogresivo.mx\" \/>\n\t\t<meta name=\"twitter:description\" content=\"El Cabildo Metropolitano re\u00fane a los municipios de la zona metropolitana para coordinar acciones concretas en seguridad, gobernanza y desarrollo urbano. Felifer Mac\u00edas, quien asisti\u00f3 al segundo encuentro ciudadano de Chepe Guerrero, subray\u00f3 que este espacio permite abordar problemas comunes de manera conjunta. La meta es ajustar las estrategias entre municipios para mejorar las condiciones\" \/>\n\t\t<meta name=\"twitter:image\" content=\"https:\/\/elprogresivo.mx\/wp-content\/uploads\/2024\/02\/cropped-LogoBlanco.png\" \/>\n\t\t<script type=\"application\/ld+json\" class=\"aioseo-schema\">\n\t\t\t{\"@context\":\"https:\\\/\\\/schema.org\",\"@graph\":[{\"@type\":\"BlogPosting\",\"@id\":\"https:\\\/\\\/elprogresivo.mx\\\/index.php\\\/2026\\\/09\\\/02\\\/cabildo-metropolitano-prioriza-seguridad-y-orden-urbano\\\/#blogposting\",\"name\":\"Cabildo Metropolitano prioriza seguridad y orden urbano - elprogresivo.mx\",\"headline\":\"Cabildo Metropolitano prioriza seguridad y orden urbano\",\"author\":{\"@id\":\"https:\\\/\\\/elprogresivo.mx\\\/index.php\\\/author\\\/emmanuel-galvan\\\/#author\"},\"publisher\":{\"@id\":\"https:\\\/\\\/elprogresivo.mx\\\/#organization\"},\"image\":{\"@type\":\"ImageObject\",\"url\":\"https:\\\/\\\/elprogresivo.mx\\\/wp-content\\\/uploads\\\/2026\\\/09\\\/noticia_20260904161114.jpg\",\"width\":1280,\"height\":852},\"datePublished\":\"2026-09-02T11:00:00+00:00\",\"dateModified\":\"2026-09-02T11:00:00+00:00\",\"inLanguage\":\"es-MX\",\"mainEntityOfPage\":{\"@id\":\"https:\\\/\\\/elprogresivo.mx\\\/index.php\\\/2026\\\/09\\\/02\\\/cabildo-metropolitano-prioriza-seguridad-y-orden-urbano\\\/#webpage\"},\"isPartOf\":{\"@id\":\"https:\\\/\\\/elprogresivo.mx\\\/index.php\\\/2026\\\/09\\\/02\\\/cabildo-metropolitano-prioriza-seguridad-y-orden-urbano\\\/#webpage\"},\"articleSection\":\"Blog, Destacado, Cabildo Metropolitano, desarrollo urbano, Felifer Mac\\u00edas, seguridad p\\u00fablica\"},{\"@type\":\"BreadcrumbList\",\"@id\":\"https:\\\/\\\/elprogresivo.mx\\\/index.php\\\/2026\\\/09\\\/02\\\/cabildo-metropolitano-prioriza-seguridad-y-orden-urbano\\\/#breadcrumblist\",\"itemListElement\":[{\"@type\":\"ListItem\",\"@id\":\"https:\\\/\\\/elprogresivo.mx#listItem\",\"position\":1,\"name\":\"Home\",\"item\":\"https:\\\/\\\/elprogresivo.mx\",\"nextItem\":{\"@type\":\"ListItem\",\"@id\":\"https:\\\/\\\/elprogresivo.mx\\\/index.php\\\/category\\\/blog\\\/#listItem\",\"name\":\"Blog\"}},{\"@type\":\"ListItem\",\"@id\":\"https:\\\/\\\/elprogresivo.mx\\\/index.php\\\/category\\\/blog\\\/#listItem\",\"position\":2,\"name\":\"Blog\",\"item\":\"https:\\\/\\\/elprogresivo.mx\\\/index.php\\\/category\\\/blog\\\/\",\"nextItem\":{\"@type\":\"ListItem\",\"@id\":\"https:\\\/\\\/elprogresivo.mx\\\/index.php\\\/2026\\\/09\\\/02\\\/cabildo-metropolitano-prioriza-seguridad-y-orden-urbano\\\/#listItem\",\"name\":\"Cabildo Metropolitano prioriza seguridad y orden urbano\"},\"previousItem\":{\"@type\":\"ListItem\",\"@id\":\"https:\\\/\\\/elprogresivo.mx#listItem\",\"name\":\"Home\"}},{\"@type\":\"ListItem\",\"@id\":\"https:\\\/\\\/elprogresivo.mx\\\/index.php\\\/2026\\\/09\\\/02\\\/cabildo-metropolitano-prioriza-seguridad-y-orden-urbano\\\/#listItem\",\"position\":3,\"name\":\"Cabildo Metropolitano prioriza seguridad y orden urbano\",\"previousItem\":{\"@type\":\"ListItem\",\"@id\":\"https:\\\/\\\/elprogresivo.mx\\\/index.php\\\/category\\\/blog\\\/#listItem\",\"name\":\"Blog\"}}]},{\"@type\":\"Organization\",\"@id\":\"https:\\\/\\\/elprogresivo.mx\\\/#organization\",\"name\":\"elprogresivo.mx\",\"description\":\"Construimos una nueva etapa en informaci\\u00f3n\",\"url\":\"https:\\\/\\\/elprogresivo.mx\\\/\",\"logo\":{\"@type\":\"ImageObject\",\"url\":\"https:\\\/\\\/elprogresivo.mx\\\/wp-content\\\/uploads\\\/2024\\\/02\\\/cropped-LogoBlanco.png\",\"@id\":\"https:\\\/\\\/elprogresivo.mx\\\/index.php\\\/2026\\\/09\\\/02\\\/cabildo-metropolitano-prioriza-seguridad-y-orden-urbano\\\/#organizationLogo\",\"width\":2096,\"height\":332},\"image\":{\"@id\":\"https:\\\/\\\/elprogresivo.mx\\\/index.php\\\/2026\\\/09\\\/02\\\/cabildo-metropolitano-prioriza-seguridad-y-orden-urbano\\\/#organizationLogo\"}},{\"@type\":\"Person\",\"@id\":\"https:\\\/\\\/elprogresivo.mx\\\/index.php\\\/author\\\/emmanuel-galvan\\\/#author\",\"url\":\"https:\\\/\\\/elprogresivo.mx\\\/index.php\\\/author\\\/emmanuel-galvan\\\/\",\"name\":\"Staff\",\"image\":{\"@type\":\"ImageObject\",\"@id\":\"https:\\\/\\\/elprogresivo.mx\\\/index.php\\\/2026\\\/09\\\/02\\\/cabildo-metropolitano-prioriza-seguridad-y-orden-urbano\\\/#authorImage\",\"url\":\"https:\\\/\\\/secure.gravatar.com\\\/avatar\\\/3bb87242634c3adf910515f41e6e392ab758b98c8ee7fd12a54fcb5270441486?s=96&d=mm&r=g\",\"width\":96,\"height\":96,\"caption\":\"Staff\"}},{\"@type\":\"WebPage\",\"@id\":\"https:\\\/\\\/elprogresivo.mx\\\/index.php\\\/2026\\\/09\\\/02\\\/cabildo-metropolitano-prioriza-seguridad-y-orden-urbano\\\/#webpage\",\"url\":\"https:\\\/\\\/elprogresivo.mx\\\/index.php\\\/2026\\\/09\\\/02\\\/cabildo-metropolitano-prioriza-seguridad-y-orden-urbano\\\/\",\"name\":\"Cabildo Metropolitano prioriza seguridad y orden urbano - elprogresivo.mx\",\"description\":\"El Cabildo Metropolitano re\\u00fane a los municipios de la zona metropolitana para coordinar acciones concretas en seguridad, gobernanza y desarrollo urbano. Felifer Mac\\u00edas, quien asisti\\u00f3 al segundo encuentro ciudadano de Chepe Guerrero, subray\\u00f3 que este espacio permite abordar problemas comunes de manera conjunta. La meta es ajustar las estrategias entre municipios para mejorar las condiciones\",\"inLanguage\":\"es-MX\",\"isPartOf\":{\"@id\":\"https:\\\/\\\/elprogresivo.mx\\\/#website\"},\"breadcrumb\":{\"@id\":\"https:\\\/\\\/elprogresivo.mx\\\/index.php\\\/2026\\\/09\\\/02\\\/cabildo-metropolitano-prioriza-seguridad-y-orden-urbano\\\/#breadcrumblist\"},\"author\":{\"@id\":\"https:\\\/\\\/elprogresivo.mx\\\/index.php\\\/author\\\/emmanuel-galvan\\\/#author\"},\"creator\":{\"@id\":\"https:\\\/\\\/elprogresivo.mx\\\/index.php\\\/author\\\/emmanuel-galvan\\\/#author\"},\"image\":{\"@type\":\"ImageObject\",\"url\":\"https:\\\/\\\/elprogresivo.mx\\\/wp-content\\\/uploads\\\/2026\\\/09\\\/noticia_20260904161114.jpg\",\"@id\":\"https:\\\/\\\/elprogresivo.mx\\\/index.php\\\/2026\\\/09\\\/02\\\/cabildo-metropolitano-prioriza-seguridad-y-orden-urbano\\\/#mainImage\",\"width\":1280,\"height\":852},\"primaryImageOfPage\":{\"@id\":\"https:\\\/\\\/elprogresivo.mx\\\/index.php\\\/2026\\\/09\\\/02\\\/cabildo-metropolitano-prioriza-seguridad-y-orden-urbano\\\/#mainImage\"},\"datePublished\":\"2026-09-02T11:00:00+00:00\",\"dateModified\":\"2026-09-02T11:00:00+00:00\"},{\"@type\":\"WebSite\",\"@id\":\"https:\\\/\\\/elprogresivo.mx\\\/#website\",\"url\":\"https:\\\/\\\/elprogresivo.mx\\\/\",\"name\":\"elprogresivo.mx\",\"description\":\"Construimos una nueva etapa en informaci\\u00f3n\",\"inLanguage\":\"es-MX\",\"publisher\":{\"@id\":\"https:\\\/\\\/elprogresivo.mx\\\/#organization\"}}]}\n\t\t<\/script>\n\t\t<!-- All in One SEO -->\n\n","aioseo_head_json":{"title":"Cabildo Metropolitano prioriza seguridad y orden urbano - elprogresivo.mx","description":"El Cabildo Metropolitano re\u00fane a los municipios de la zona metropolitana para coordinar acciones concretas en seguridad, gobernanza y desarrollo urbano. Felifer Mac\u00edas, quien asisti\u00f3 al segundo encuentro ciudadano de Chepe Guerrero, subray\u00f3 que este espacio permite abordar problemas comunes de manera conjunta. La meta es ajustar las estrategias entre municipios para mejorar las condiciones","canonical_url":"https:\/\/elprogresivo.mx\/index.php\/2026\/09\/02\/cabildo-metropolitano-prioriza-seguridad-y-orden-urbano\/","robots":"max-image-preview:large","keywords":"","webmasterTools":{"miscellaneous":""},"schema":{"@context":"https:\/\/schema.org","@graph":[{"@type":"BlogPosting","@id":"https:\/\/elprogresivo.mx\/index.php\/2026\/09\/02\/cabildo-metropolitano-prioriza-seguridad-y-orden-urbano\/#blogposting","name":"Cabildo Metropolitano prioriza seguridad y orden urbano - elprogresivo.mx","headline":"Cabildo Metropolitano prioriza seguridad y orden urbano","author":{"@id":"https:\/\/elprogresivo.mx\/index.php\/author\/emmanuel-galvan\/#author"},"publisher":{"@id":"https:\/\/elprogresivo.mx\/#organization"},"image":{"@type":"ImageObject","url":"https:\/\/elprogresivo.mx\/wp-content\/uploads\/2026\/09\/noticia_20260904161114.jpg","width":1280,"height":852},"datePublished":"2026-09-02T11:00:00+00:00","dateModified":"2026-09-02T11:00:00+00:00","inLanguage":"es-MX","mainEntityOfPage":{"@id":"https:\/\/elprogresivo.mx\/index.php\/2026\/09\/02\/cabildo-metropolitano-prioriza-seguridad-y-orden-urbano\/#webpage"},"isPartOf":{"@id":"https:\/\/elprogresivo.mx\/index.php\/2026\/09\/02\/cabildo-metropolitano-prioriza-seguridad-y-orden-urbano\/#webpage"},"articleSection":"Blog, Destacado, Cabildo Metropolitano, desarrollo urbano, Felifer Mac\u00edas, seguridad p\u00fablica"},{"@type":"BreadcrumbList","@id":"https:\/\/elprogresivo.mx\/index.php\/2026\/09\/02\/cabildo-metropolitano-prioriza-seguridad-y-orden-urbano\/#breadcrumblist","itemListElement":[{"@type":"ListItem","@id":"https:\/\/elprogresivo.mx#listItem","position":1,"name":"Home","item":"https:\/\/elprogresivo.mx","nextItem":{"@type":"ListItem","@id":"https:\/\/elprogresivo.mx\/index.php\/category\/blog\/#listItem","name":"Blog"}},{"@type":"ListItem","@id":"https:\/\/elprogresivo.mx\/index.php\/category\/blog\/#listItem","position":2,"name":"Blog","item":"https:\/\/elprogresivo.mx\/index.php\/category\/blog\/","nextItem":{"@type":"ListItem","@id":"https:\/\/elprogresivo.mx\/index.php\/2026\/09\/02\/cabildo-metropolitano-prioriza-seguridad-y-orden-urbano\/#listItem","name":"Cabildo Metropolitano prioriza seguridad y orden urbano"},"previousItem":{"@type":"ListItem","@id":"https:\/\/elprogresivo.mx#listItem","name":"Home"}},{"@type":"ListItem","@id":"https:\/\/elprogresivo.mx\/index.php\/2026\/09\/02\/cabildo-metropolitano-prioriza-seguridad-y-orden-urbano\/#listItem","position":3,"name":"Cabildo Metropolitano prioriza seguridad y orden urbano","previousItem":{"@type":"ListItem","@id":"https:\/\/elprogresivo.mx\/index.php\/category\/blog\/#listItem","name":"Blog"}}]},{"@type":"Organization","@id":"https:\/\/elprogresivo.mx\/#organization","name":"elprogresivo.mx","description":"Construimos una nueva etapa en informaci\u00f3n","url":"https:\/\/elprogresivo.mx\/","logo":{"@type":"ImageObject","url":"https:\/\/elprogresivo.mx\/wp-content\/uploads\/2024\/02\/cropped-LogoBlanco.png","@id":"https:\/\/elprogresivo.mx\/index.php\/2026\/09\/02\/cabildo-metropolitano-prioriza-seguridad-y-orden-urbano\/#organizationLogo","width":2096,"height":332},"image":{"@id":"https:\/\/elprogresivo.mx\/index.php\/2026\/09\/02\/cabildo-metropolitano-prioriza-seguridad-y-orden-urbano\/#organizationLogo"}},{"@type":"Person","@id":"https:\/\/elprogresivo.mx\/index.php\/author\/emmanuel-galvan\/#author","url":"https:\/\/elprogresivo.mx\/index.php\/author\/emmanuel-galvan\/","name":"Staff","image":{"@type":"ImageObject","@id":"https:\/\/elprogresivo.mx\/index.php\/2026\/09\/02\/cabildo-metropolitano-prioriza-seguridad-y-orden-urbano\/#authorImage","url":"https:\/\/secure.gravatar.com\/avatar\/3bb87242634c3adf910515f41e6e392ab758b98c8ee7fd12a54fcb5270441486?s=96&d=mm&r=g","width":96,"height":96,"caption":"Staff"}},{"@type":"WebPage","@id":"https:\/\/elprogresivo.mx\/index.php\/2026\/09\/02\/cabildo-metropolitano-prioriza-seguridad-y-orden-urbano\/#webpage","url":"https:\/\/elprogresivo.mx\/index.php\/2026\/09\/02\/cabildo-metropolitano-prioriza-seguridad-y-orden-urbano\/","name":"Cabildo Metropolitano prioriza seguridad y orden urbano - elprogresivo.mx","description":"El Cabildo Metropolitano re\u00fane a los municipios de la zona metropolitana para coordinar acciones concretas en seguridad, gobernanza y desarrollo urbano. Felifer Mac\u00edas, quien asisti\u00f3 al segundo encuentro ciudadano de Chepe Guerrero, subray\u00f3 que este espacio permite abordar problemas comunes de manera conjunta. La meta es ajustar las estrategias entre municipios para mejorar las condiciones","inLanguage":"es-MX","isPartOf":{"@id":"https:\/\/elprogresivo.mx\/#website"},"breadcrumb":{"@id":"https:\/\/elprogresivo.mx\/index.php\/2026\/09\/02\/cabildo-metropolitano-prioriza-seguridad-y-orden-urbano\/#breadcrumblist"},"author":{"@id":"https:\/\/elprogresivo.mx\/index.php\/author\/emmanuel-galvan\/#author"},"creator":{"@id":"https:\/\/elprogresivo.mx\/index.php\/author\/emmanuel-galvan\/#author"},"image":{"@type":"ImageObject","url":"https:\/\/elprogresivo.mx\/wp-content\/uploads\/2026\/09\/noticia_20260904161114.jpg","@id":"https:\/\/elprogresivo.mx\/index.php\/2026\/09\/02\/cabildo-metropolitano-prioriza-seguridad-y-orden-urbano\/#mainImage","width":1280,"height":852},"primaryImageOfPage":{"@id":"https:\/\/elprogresivo.mx\/index.php\/2026\/09\/02\/cabildo-metropolitano-prioriza-seguridad-y-orden-urbano\/#mainImage"},"datePublished":"2026-09-02T11:00:00+00:00","dateModified":"2026-09-02T11:00:00+00:00"},{"@type":"WebSite","@id":"https:\/\/elprogresivo.mx\/#website","url":"https:\/\/elprogresivo.mx\/","name":"elprogresivo.mx","description":"Construimos una nueva etapa en informaci\u00f3n","inLanguage":"es-MX","publisher":{"@id":"https:\/\/elprogresivo.mx\/#organization"}}]},"og:locale":"es_MX","og:site_name":"elprogresivo.mx - Construimos una nueva etapa en informaci\u00f3n","og:type":"article","og:title":"Cabildo Metropolitano prioriza seguridad y orden urbano - elprogresivo.mx","og:description":"El Cabildo Metropolitano re\u00fane a los municipios de la zona metropolitana para coordinar acciones concretas en seguridad, gobernanza y desarrollo urbano. Felifer Mac\u00edas, quien asisti\u00f3 al segundo encuentro ciudadano de Chepe Guerrero, subray\u00f3 que este espacio permite abordar problemas comunes de manera conjunta. La meta es ajustar las estrategias entre municipios para mejorar las condiciones","og:url":"https:\/\/elprogresivo.mx\/index.php\/2026\/09\/02\/cabildo-metropolitano-prioriza-seguridad-y-orden-urbano\/","og:image":"https:\/\/elprogresivo.mx\/wp-content\/uploads\/2024\/02\/cropped-LogoBlanco.png","og:image:secure_url":"https:\/\/elprogresivo.mx\/wp-content\/uploads\/2024\/02\/cropped-LogoBlanco.png","article:published_time":"2026-09-02T11:00:00+00:00","article:modified_time":"2026-09-02T11:00:00+00:00","twitter:card":"summary_large_image","twitter:title":"Cabildo Metropolitano prioriza seguridad y orden urbano - elprogresivo.mx","twitter:description":"El Cabildo Metropolitano re\u00fane a los municipios de la zona metropolitana para coordinar acciones concretas en seguridad, gobernanza y desarrollo urbano. Felifer Mac\u00edas, quien asisti\u00f3 al segundo encuentro ciudadano de Chepe Guerrero, subray\u00f3 que este espacio permite abordar problemas comunes de manera conjunta. La meta es ajustar las estrategias entre municipios para mejorar las condiciones","twitter:image":"https:\/\/elprogresivo.mx\/wp-content\/uploads\/2024\/02\/cropped-LogoBlanco.png"},"aioseo_meta_data":{"post_id":"5088","title":null,"description":null,"keywords":null,"keyphrases":null,"primary_term":null,"canonical_url":null,"og_title":null,"og_description":null,"og_object_type":"default","og_image_type":"default","og_image_url":null,"og_image_width":null,"og_image_height":null,"og_image_custom_url":null,"og_image_custom_fields":null,"og_video":null,"og_custom_url":null,"og_article_section":null,"og_article_tags":null,"twitter_use_og":false,"twitter_card":"default","twitter_image_type":"default","twitter_image_url":null,"twitter_image_custom_url":null,"twitter_image_custom_fields":null,"twitter_title":null,"twitter_description":null,"schema":{"blockGraphs":[],"customGraphs":[],"default":{"data":{"Article":[],"Course":[],"Dataset":[],"FAQPage":[],"Movie":[],"Person":[],"Product":[],"ProductReview":[],"Car":[],"Recipe":[],"Service":[],"SoftwareApplication":[],"WebPage":[]},"graphName":"","isEnabled":true},"graphs":[]},"schema_type":"default","schema_type_options":null,"pillar_content":false,"robots_default":true,"robots_noindex":false,"robots_noarchive":false,"robots_nosnippet":false,"robots_nofollow":false,"robots_noimageindex":false,"robots_noodp":false,"robots_notranslate":false,"robots_max_snippet":null,"robots_max_videopreview":null,"robots_max_imagepreview":"large","priority":null,"frequency":null,"local_seo":null,"limit_modified_date":false,"created":"2026-09-04 23:04:34","updated":"2026-09-04 23:04:34","ai":null,"breadcrumb_settings":null,"seo_analyzer_scan_date":null,"focus_keyword":null,"additional_keywords":null,"truseo_locale":null},"aioseo_breadcrumb":"<div class=\"aioseo-breadcrumbs\"><span class=\"aioseo-breadcrumb\">\n\t\t\t<a href=\"https:\/\/elprogresivo.mx\" title=\"Home\">Home<\/a>\n\t\t<\/span><span class=\"aioseo-breadcrumb-separator\">&raquo;<\/span><span class=\"aioseo-breadcrumb\">\n\t\t\t<a href=\"https:\/\/elprogresivo.mx\/index.php\/category\/blog\/\" title=\"Blog\">Blog<\/a>\n\t\t<\/span><span class=\"aioseo-breadcrumb-separator\">&raquo;<\/span><span class=\"aioseo-breadcrumb\">\n\t\t\tCabildo Metropolitano prioriza seguridad y orden urbano\n\t\t<\/span><\/div>","aioseo_breadcrumb_json":[{"label":"Home","link":"https:\/\/elprogresivo.mx"},{"label":"Blog","link":"https:\/\/elprogresivo.mx\/index.php\/category\/blog\/"},{"label":"Cabildo Metropolitano prioriza seguridad y orden urbano","link":"https:\/\/elprogresivo.mx\/index.php\/2026\/09\/02\/cabildo-metropolitano-prioriza-seguridad-y-orden-urbano\/"}],"jetpack_publicize_connections":[],"_links":{"self":[{"href":"https:\/\/elprogresivo.mx\/index.php\/wp-json\/wp\/v2\/posts\/5088","targetHints":{"allow":["GET"]}}],"collection":[{"href":"https:\/\/elprogresivo.mx\/index.php\/wp-json\/wp\/v2\/posts"}],"about":[{"href":"https:\/\/elprogresivo.mx\/index.php\/wp-json\/wp\/v2\/types\/post"}],"author":[{"embeddable":true,"href":"https:\/\/elprogresivo.mx\/index.php\/wp-json\/wp\/v2\/users\/5"}],"replies":[{"embeddable":true,"href":"https:\/\/elprogresivo.mx\/index.php\/wp-json\/wp\/v2\/comments?post=5088"}],"version-history":[{"count":0,"href":"https:\/\/elprogresivo.mx\/index.php\/wp-json\/wp\/v2\/posts\/5088\/revisions"}],"wp:featuredmedia":[{"embeddable":true,"href":"https:\/\/elprogresivo.mx\/index.php\/wp-json\/wp\/v2\/media\/5087"}],"wp:attachment":[{"href":"https:\/\/elprogresivo.mx\/index.php\/wp-json\/wp\/v2\/media?parent=5088"}],"wp:term":[{"taxonomy":"category","embeddable":true,"href":"https:\/\/elprogresivo.mx\/index.php\/wp-json\/wp\/v2\/categories?post=5088"},{"taxonomy":"post_tag","embeddable":true,"href":"https:\/\/elprogresivo.mx\/index.php\/wp-json\/wp\/v2\/tags?post=5088"}],"curies":[{"name":"wp","href":"https:\/\/api.w.org\/{rel}","templated":true}]}}