{"id":5086,"date":"2026-09-03T09:00:00","date_gmt":"2026-09-03T09:00:00","guid":{"rendered":"https:\/\/elprogresivo.mx\/index.php\/2026\/09\/03\/queretaro-mantiene-auxiliares-viales-en-bernardo-quintana\/"},"modified":"2026-09-03T09:00:00","modified_gmt":"2026-09-03T09:00:00","slug":"queretaro-mantiene-auxiliares-viales-en-bernardo-quintana","status":"publish","type":"post","link":"https:\/\/elprogresivo.mx\/index.php\/2026\/09\/03\/queretaro-mantiene-auxiliares-viales-en-bernardo-quintana\/","title":{"rendered":"Quer\u00e9taro mantiene auxiliares viales en Bernardo Quintana"},"content":{"rendered":"<p>Los auxiliares viales que dirigieron el tr\u00e1fico durante la construcci\u00f3n del Tren M\u00e9xico-Quer\u00e9taro no se van. El presidente municipal, Felifer Mac\u00edas, confirm\u00f3 que quedar\u00e1n de forma permanente en las calles aleda\u00f1as a Bernardo Quintana para evitar el caos vehicular.<\/p>\n<p>La decisi\u00f3n se tom\u00f3 tras ver los resultados del operativo temporal. Mac\u00edas hizo el anuncio junto al secretario de Movilidad, Pedro \u00c1ngeles, durante un recorrido por la zona la madrugada del jueves 3 de septiembre. Vieron c\u00f3mo los agentes trabajan en Avenida Universidad y otras v\u00edas cercanas.<\/p>\n<p>El alcalde habl\u00f3 directamente con los trabajadores. &#8220;T\u00fa reconociste el gran trabajo de nuestros auxiliares viales, mujeres y hombres, que con mucha pasi\u00f3n, con mucha vocaci\u00f3n, ayudaron a que esas semanas complicadas de tr\u00e1fico, la circulaci\u00f3n siempre fluyera. Pues te quiero anunciar que el trabajo de nuestros auxiliares viales va a continuar. Inicialmente iba a terminar este operativo y tambi\u00e9n iba a terminar el trabajo de los auxiliares viales, pues esto ya no, se van a quedar las y los compa\u00f1eros auxiliares viales de manera permanente para auxiliarte en el tr\u00e1fico&#8221;, dijo.<\/p>\n<p>Para que los coches pasen m\u00e1s r\u00e1pido, la ciudad mantiene los sem\u00e1foros intermitentes. Los agentes estar\u00e1n ubicados en puntos clave: Prolongaci\u00f3n Bernardo Quintana a la altura de Milenio, la intersecci\u00f3n de Calzada de los Arcos con H\u00e9rcules, Calzada de los Arcos con Bernardo Quintana, Avenida Universidad, Roncopollo, \u00c1lamos e Industrializaci\u00f3n.<\/p>\n<p>La recomendaci\u00f3n es simple: atender a las instrucciones de los auxiliares. Esto ayuda a que el tr\u00e1fico fluya mejor en todo el municipio.<\/p>\n","protected":false},"excerpt":{"rendered":"<p>Los auxiliares viales que dirigieron el tr\u00e1fico durante la construcci\u00f3n del Tren M\u00e9xico-Quer\u00e9taro no se&#8230;<\/p>\n","protected":false},"author":5,"featured_media":5085,"comment_status":"open","ping_status":"open","sticky":false,"template":"","format":"standard","meta":{"om_disable_all_campaigns":false,"_monsterinsights_skip_tracking":false,"footnotes":"","jetpack_publicize_message":"","jetpack_publicize_feature_enabled":true,"jetpack_social_post_already_shared":true,"jetpack_social_options":{"image_generator_settings":{"template":"highway","default_image_id":0,"font":"","enabled":false},"version":2}},"categories":[1,70],"tags":[1127,77,1979,2119],"class_list":["post-5086","post","type-post","status-publish","format-standard","has-post-thumbnail","hentry","category-blog","category-destacado","tag-bernardo-quintana","tag-felifer-macias","tag-movilidad","tag-tren-mexico-queretaro-3"],"aioseo_notices":[],"aioseo_head":"\n\t\t<!-- All in One SEO 5.0.1.1 - aioseo.com -->\n\t<meta name=\"description\" content=\"Los auxiliares viales que dirigieron el tr\u00e1fico durante la construcci\u00f3n del Tren M\u00e9xico-Quer\u00e9taro no se van. El presidente municipal, Felifer Mac\u00edas, confirm\u00f3 que quedar\u00e1n de forma permanente en las calles aleda\u00f1as a Bernardo Quintana para evitar el caos vehicular. La decisi\u00f3n se tom\u00f3 tras ver los resultados del operativo temporal. Mac\u00edas hizo el anuncio junto\" \/>\n\t<meta name=\"robots\" content=\"max-image-preview:large\" \/>\n\t<meta name=\"author\" content=\"Staff\"\/>\n\t<link rel=\"canonical\" href=\"https:\/\/elprogresivo.mx\/index.php\/2026\/09\/03\/queretaro-mantiene-auxiliares-viales-en-bernardo-quintana\/\" \/>\n\t<meta name=\"generator\" content=\"All in One SEO (AIOSEO) 5.0.1.1\" \/>\n\t\t<meta property=\"og:locale\" content=\"es_MX\" \/>\n\t\t<meta property=\"og:site_name\" content=\"elprogresivo.mx - Construimos una nueva etapa en informaci\u00f3n\" \/>\n\t\t<meta property=\"og:type\" content=\"article\" \/>\n\t\t<meta property=\"og:title\" content=\"Quer\u00e9taro mantiene auxiliares viales en Bernardo Quintana - elprogresivo.mx\" \/>\n\t\t<meta property=\"og:description\" content=\"Los auxiliares viales que dirigieron el tr\u00e1fico durante la construcci\u00f3n del Tren M\u00e9xico-Quer\u00e9taro no se van. El presidente municipal, Felifer Mac\u00edas, confirm\u00f3 que quedar\u00e1n de forma permanente en las calles aleda\u00f1as a Bernardo Quintana para evitar el caos vehicular. La decisi\u00f3n se tom\u00f3 tras ver los resultados del operativo temporal. Mac\u00edas hizo el anuncio junto\" \/>\n\t\t<meta property=\"og:url\" content=\"https:\/\/elprogresivo.mx\/index.php\/2026\/09\/03\/queretaro-mantiene-auxiliares-viales-en-bernardo-quintana\/\" \/>\n\t\t<meta property=\"og:image\" content=\"https:\/\/elprogresivo.mx\/wp-content\/uploads\/2024\/02\/cropped-LogoBlanco.png\" \/>\n\t\t<meta property=\"og:image:secure_url\" content=\"https:\/\/elprogresivo.mx\/wp-content\/uploads\/2024\/02\/cropped-LogoBlanco.png\" \/>\n\t\t<meta property=\"article:published_time\" content=\"2026-09-03T09:00:00+00:00\" \/>\n\t\t<meta property=\"article:modified_time\" content=\"2026-09-03T09:00:00+00:00\" \/>\n\t\t<meta name=\"twitter:card\" content=\"summary_large_image\" \/>\n\t\t<meta name=\"twitter:title\" content=\"Quer\u00e9taro mantiene auxiliares viales en Bernardo Quintana - elprogresivo.mx\" \/>\n\t\t<meta name=\"twitter:description\" content=\"Los auxiliares viales que dirigieron el tr\u00e1fico durante la construcci\u00f3n del Tren M\u00e9xico-Quer\u00e9taro no se van. El presidente municipal, Felifer Mac\u00edas, confirm\u00f3 que quedar\u00e1n de forma permanente en las calles aleda\u00f1as a Bernardo Quintana para evitar el caos vehicular. La decisi\u00f3n se tom\u00f3 tras ver los resultados del operativo temporal. Mac\u00edas hizo el anuncio junto\" \/>\n\t\t<meta name=\"twitter:image\" content=\"https:\/\/elprogresivo.mx\/wp-content\/uploads\/2024\/02\/cropped-LogoBlanco.png\" \/>\n\t\t<script type=\"application\/ld+json\" class=\"aioseo-schema\">\n\t\t\t{\"@context\":\"https:\\\/\\\/schema.org\",\"@graph\":[{\"@type\":\"BlogPosting\",\"@id\":\"https:\\\/\\\/elprogresivo.mx\\\/index.php\\\/2026\\\/09\\\/03\\\/queretaro-mantiene-auxiliares-viales-en-bernardo-quintana\\\/#blogposting\",\"name\":\"Quer\\u00e9taro mantiene auxiliares viales en Bernardo Quintana - elprogresivo.mx\",\"headline\":\"Quer\\u00e9taro mantiene auxiliares viales en Bernardo Quintana\",\"author\":{\"@id\":\"https:\\\/\\\/elprogresivo.mx\\\/index.php\\\/author\\\/emmanuel-galvan\\\/#author\"},\"publisher\":{\"@id\":\"https:\\\/\\\/elprogresivo.mx\\\/#organization\"},\"image\":{\"@type\":\"ImageObject\",\"url\":\"https:\\\/\\\/elprogresivo.mx\\\/wp-content\\\/uploads\\\/2026\\\/09\\\/noticia_20260904161026.jpg\",\"width\":1280,\"height\":854},\"datePublished\":\"2026-09-03T09:00:00+00:00\",\"dateModified\":\"2026-09-03T09:00:00+00:00\",\"inLanguage\":\"es-MX\",\"mainEntityOfPage\":{\"@id\":\"https:\\\/\\\/elprogresivo.mx\\\/index.php\\\/2026\\\/09\\\/03\\\/queretaro-mantiene-auxiliares-viales-en-bernardo-quintana\\\/#webpage\"},\"isPartOf\":{\"@id\":\"https:\\\/\\\/elprogresivo.mx\\\/index.php\\\/2026\\\/09\\\/03\\\/queretaro-mantiene-auxiliares-viales-en-bernardo-quintana\\\/#webpage\"},\"articleSection\":\"Blog, Destacado, Bernardo Quintana, Felifer Mac\\u00edas, movilidad, Tren M\\u00e9xico-Quer\\u00e9taro\"},{\"@type\":\"BreadcrumbList\",\"@id\":\"https:\\\/\\\/elprogresivo.mx\\\/index.php\\\/2026\\\/09\\\/03\\\/queretaro-mantiene-auxiliares-viales-en-bernardo-quintana\\\/#breadcrumblist\",\"itemListElement\":[{\"@type\":\"ListItem\",\"@id\":\"https:\\\/\\\/elprogresivo.mx#listItem\",\"position\":1,\"name\":\"Home\",\"item\":\"https:\\\/\\\/elprogresivo.mx\",\"nextItem\":{\"@type\":\"ListItem\",\"@id\":\"https:\\\/\\\/elprogresivo.mx\\\/index.php\\\/category\\\/blog\\\/#listItem\",\"name\":\"Blog\"}},{\"@type\":\"ListItem\",\"@id\":\"https:\\\/\\\/elprogresivo.mx\\\/index.php\\\/category\\\/blog\\\/#listItem\",\"position\":2,\"name\":\"Blog\",\"item\":\"https:\\\/\\\/elprogresivo.mx\\\/index.php\\\/category\\\/blog\\\/\",\"nextItem\":{\"@type\":\"ListItem\",\"@id\":\"https:\\\/\\\/elprogresivo.mx\\\/index.php\\\/2026\\\/09\\\/03\\\/queretaro-mantiene-auxiliares-viales-en-bernardo-quintana\\\/#listItem\",\"name\":\"Quer\\u00e9taro mantiene auxiliares viales en Bernardo Quintana\"},\"previousItem\":{\"@type\":\"ListItem\",\"@id\":\"https:\\\/\\\/elprogresivo.mx#listItem\",\"name\":\"Home\"}},{\"@type\":\"ListItem\",\"@id\":\"https:\\\/\\\/elprogresivo.mx\\\/index.php\\\/2026\\\/09\\\/03\\\/queretaro-mantiene-auxiliares-viales-en-bernardo-quintana\\\/#listItem\",\"position\":3,\"name\":\"Quer\\u00e9taro mantiene auxiliares viales en Bernardo Quintana\",\"previousItem\":{\"@type\":\"ListItem\",\"@id\":\"https:\\\/\\\/elprogresivo.mx\\\/index.php\\\/category\\\/blog\\\/#listItem\",\"name\":\"Blog\"}}]},{\"@type\":\"Organization\",\"@id\":\"https:\\\/\\\/elprogresivo.mx\\\/#organization\",\"name\":\"elprogresivo.mx\",\"description\":\"Construimos una nueva etapa en informaci\\u00f3n\",\"url\":\"https:\\\/\\\/elprogresivo.mx\\\/\",\"logo\":{\"@type\":\"ImageObject\",\"url\":\"https:\\\/\\\/elprogresivo.mx\\\/wp-content\\\/uploads\\\/2024\\\/02\\\/cropped-LogoBlanco.png\",\"@id\":\"https:\\\/\\\/elprogresivo.mx\\\/index.php\\\/2026\\\/09\\\/03\\\/queretaro-mantiene-auxiliares-viales-en-bernardo-quintana\\\/#organizationLogo\",\"width\":2096,\"height\":332},\"image\":{\"@id\":\"https:\\\/\\\/elprogresivo.mx\\\/index.php\\\/2026\\\/09\\\/03\\\/queretaro-mantiene-auxiliares-viales-en-bernardo-quintana\\\/#organizationLogo\"}},{\"@type\":\"Person\",\"@id\":\"https:\\\/\\\/elprogresivo.mx\\\/index.php\\\/author\\\/emmanuel-galvan\\\/#author\",\"url\":\"https:\\\/\\\/elprogresivo.mx\\\/index.php\\\/author\\\/emmanuel-galvan\\\/\",\"name\":\"Staff\",\"image\":{\"@type\":\"ImageObject\",\"@id\":\"https:\\\/\\\/elprogresivo.mx\\\/index.php\\\/2026\\\/09\\\/03\\\/queretaro-mantiene-auxiliares-viales-en-bernardo-quintana\\\/#authorImage\",\"url\":\"https:\\\/\\\/secure.gravatar.com\\\/avatar\\\/3bb87242634c3adf910515f41e6e392ab758b98c8ee7fd12a54fcb5270441486?s=96&d=mm&r=g\",\"width\":96,\"height\":96,\"caption\":\"Staff\"}},{\"@type\":\"WebPage\",\"@id\":\"https:\\\/\\\/elprogresivo.mx\\\/index.php\\\/2026\\\/09\\\/03\\\/queretaro-mantiene-auxiliares-viales-en-bernardo-quintana\\\/#webpage\",\"url\":\"https:\\\/\\\/elprogresivo.mx\\\/index.php\\\/2026\\\/09\\\/03\\\/queretaro-mantiene-auxiliares-viales-en-bernardo-quintana\\\/\",\"name\":\"Quer\\u00e9taro mantiene auxiliares viales en Bernardo Quintana - elprogresivo.mx\",\"description\":\"Los auxiliares viales que dirigieron el tr\\u00e1fico durante la construcci\\u00f3n del Tren M\\u00e9xico-Quer\\u00e9taro no se van. El presidente municipal, Felifer Mac\\u00edas, confirm\\u00f3 que quedar\\u00e1n de forma permanente en las calles aleda\\u00f1as a Bernardo Quintana para evitar el caos vehicular. La decisi\\u00f3n se tom\\u00f3 tras ver los resultados del operativo temporal. Mac\\u00edas hizo el anuncio junto\",\"inLanguage\":\"es-MX\",\"isPartOf\":{\"@id\":\"https:\\\/\\\/elprogresivo.mx\\\/#website\"},\"breadcrumb\":{\"@id\":\"https:\\\/\\\/elprogresivo.mx\\\/index.php\\\/2026\\\/09\\\/03\\\/queretaro-mantiene-auxiliares-viales-en-bernardo-quintana\\\/#breadcrumblist\"},\"author\":{\"@id\":\"https:\\\/\\\/elprogresivo.mx\\\/index.php\\\/author\\\/emmanuel-galvan\\\/#author\"},\"creator\":{\"@id\":\"https:\\\/\\\/elprogresivo.mx\\\/index.php\\\/author\\\/emmanuel-galvan\\\/#author\"},\"image\":{\"@type\":\"ImageObject\",\"url\":\"https:\\\/\\\/elprogresivo.mx\\\/wp-content\\\/uploads\\\/2026\\\/09\\\/noticia_20260904161026.jpg\",\"@id\":\"https:\\\/\\\/elprogresivo.mx\\\/index.php\\\/2026\\\/09\\\/03\\\/queretaro-mantiene-auxiliares-viales-en-bernardo-quintana\\\/#mainImage\",\"width\":1280,\"height\":854},\"primaryImageOfPage\":{\"@id\":\"https:\\\/\\\/elprogresivo.mx\\\/index.php\\\/2026\\\/09\\\/03\\\/queretaro-mantiene-auxiliares-viales-en-bernardo-quintana\\\/#mainImage\"},\"datePublished\":\"2026-09-03T09:00:00+00:00\",\"dateModified\":\"2026-09-03T09:00:00+00:00\"},{\"@type\":\"WebSite\",\"@id\":\"https:\\\/\\\/elprogresivo.mx\\\/#website\",\"url\":\"https:\\\/\\\/elprogresivo.mx\\\/\",\"name\":\"elprogresivo.mx\",\"description\":\"Construimos una nueva etapa en informaci\\u00f3n\",\"inLanguage\":\"es-MX\",\"publisher\":{\"@id\":\"https:\\\/\\\/elprogresivo.mx\\\/#organization\"}}]}\n\t\t<\/script>\n\t\t<!-- All in One SEO -->\n\n","aioseo_head_json":{"title":"Quer\u00e9taro mantiene auxiliares viales en Bernardo Quintana - elprogresivo.mx","description":"Los auxiliares viales que dirigieron el tr\u00e1fico durante la construcci\u00f3n del Tren M\u00e9xico-Quer\u00e9taro no se van. El presidente municipal, Felifer Mac\u00edas, confirm\u00f3 que quedar\u00e1n de forma permanente en las calles aleda\u00f1as a Bernardo Quintana para evitar el caos vehicular. La decisi\u00f3n se tom\u00f3 tras ver los resultados del operativo temporal. Mac\u00edas hizo el anuncio junto","canonical_url":"https:\/\/elprogresivo.mx\/index.php\/2026\/09\/03\/queretaro-mantiene-auxiliares-viales-en-bernardo-quintana\/","robots":"max-image-preview:large","keywords":"","webmasterTools":{"miscellaneous":""},"schema":{"@context":"https:\/\/schema.org","@graph":[{"@type":"BlogPosting","@id":"https:\/\/elprogresivo.mx\/index.php\/2026\/09\/03\/queretaro-mantiene-auxiliares-viales-en-bernardo-quintana\/#blogposting","name":"Quer\u00e9taro mantiene auxiliares viales en Bernardo Quintana - elprogresivo.mx","headline":"Quer\u00e9taro mantiene auxiliares viales en Bernardo Quintana","author":{"@id":"https:\/\/elprogresivo.mx\/index.php\/author\/emmanuel-galvan\/#author"},"publisher":{"@id":"https:\/\/elprogresivo.mx\/#organization"},"image":{"@type":"ImageObject","url":"https:\/\/elprogresivo.mx\/wp-content\/uploads\/2026\/09\/noticia_20260904161026.jpg","width":1280,"height":854},"datePublished":"2026-09-03T09:00:00+00:00","dateModified":"2026-09-03T09:00:00+00:00","inLanguage":"es-MX","mainEntityOfPage":{"@id":"https:\/\/elprogresivo.mx\/index.php\/2026\/09\/03\/queretaro-mantiene-auxiliares-viales-en-bernardo-quintana\/#webpage"},"isPartOf":{"@id":"https:\/\/elprogresivo.mx\/index.php\/2026\/09\/03\/queretaro-mantiene-auxiliares-viales-en-bernardo-quintana\/#webpage"},"articleSection":"Blog, Destacado, Bernardo Quintana, Felifer Mac\u00edas, movilidad, Tren M\u00e9xico-Quer\u00e9taro"},{"@type":"BreadcrumbList","@id":"https:\/\/elprogresivo.mx\/index.php\/2026\/09\/03\/queretaro-mantiene-auxiliares-viales-en-bernardo-quintana\/#breadcrumblist","itemListElement":[{"@type":"ListItem","@id":"https:\/\/elprogresivo.mx#listItem","position":1,"name":"Home","item":"https:\/\/elprogresivo.mx","nextItem":{"@type":"ListItem","@id":"https:\/\/elprogresivo.mx\/index.php\/category\/blog\/#listItem","name":"Blog"}},{"@type":"ListItem","@id":"https:\/\/elprogresivo.mx\/index.php\/category\/blog\/#listItem","position":2,"name":"Blog","item":"https:\/\/elprogresivo.mx\/index.php\/category\/blog\/","nextItem":{"@type":"ListItem","@id":"https:\/\/elprogresivo.mx\/index.php\/2026\/09\/03\/queretaro-mantiene-auxiliares-viales-en-bernardo-quintana\/#listItem","name":"Quer\u00e9taro mantiene auxiliares viales en Bernardo Quintana"},"previousItem":{"@type":"ListItem","@id":"https:\/\/elprogresivo.mx#listItem","name":"Home"}},{"@type":"ListItem","@id":"https:\/\/elprogresivo.mx\/index.php\/2026\/09\/03\/queretaro-mantiene-auxiliares-viales-en-bernardo-quintana\/#listItem","position":3,"name":"Quer\u00e9taro mantiene auxiliares viales en Bernardo Quintana","previousItem":{"@type":"ListItem","@id":"https:\/\/elprogresivo.mx\/index.php\/category\/blog\/#listItem","name":"Blog"}}]},{"@type":"Organization","@id":"https:\/\/elprogresivo.mx\/#organization","name":"elprogresivo.mx","description":"Construimos una nueva etapa en informaci\u00f3n","url":"https:\/\/elprogresivo.mx\/","logo":{"@type":"ImageObject","url":"https:\/\/elprogresivo.mx\/wp-content\/uploads\/2024\/02\/cropped-LogoBlanco.png","@id":"https:\/\/elprogresivo.mx\/index.php\/2026\/09\/03\/queretaro-mantiene-auxiliares-viales-en-bernardo-quintana\/#organizationLogo","width":2096,"height":332},"image":{"@id":"https:\/\/elprogresivo.mx\/index.php\/2026\/09\/03\/queretaro-mantiene-auxiliares-viales-en-bernardo-quintana\/#organizationLogo"}},{"@type":"Person","@id":"https:\/\/elprogresivo.mx\/index.php\/author\/emmanuel-galvan\/#author","url":"https:\/\/elprogresivo.mx\/index.php\/author\/emmanuel-galvan\/","name":"Staff","image":{"@type":"ImageObject","@id":"https:\/\/elprogresivo.mx\/index.php\/2026\/09\/03\/queretaro-mantiene-auxiliares-viales-en-bernardo-quintana\/#authorImage","url":"https:\/\/secure.gravatar.com\/avatar\/3bb87242634c3adf910515f41e6e392ab758b98c8ee7fd12a54fcb5270441486?s=96&d=mm&r=g","width":96,"height":96,"caption":"Staff"}},{"@type":"WebPage","@id":"https:\/\/elprogresivo.mx\/index.php\/2026\/09\/03\/queretaro-mantiene-auxiliares-viales-en-bernardo-quintana\/#webpage","url":"https:\/\/elprogresivo.mx\/index.php\/2026\/09\/03\/queretaro-mantiene-auxiliares-viales-en-bernardo-quintana\/","name":"Quer\u00e9taro mantiene auxiliares viales en Bernardo Quintana - elprogresivo.mx","description":"Los auxiliares viales que dirigieron el tr\u00e1fico durante la construcci\u00f3n del Tren M\u00e9xico-Quer\u00e9taro no se van. El presidente municipal, Felifer Mac\u00edas, confirm\u00f3 que quedar\u00e1n de forma permanente en las calles aleda\u00f1as a Bernardo Quintana para evitar el caos vehicular. La decisi\u00f3n se tom\u00f3 tras ver los resultados del operativo temporal. Mac\u00edas hizo el anuncio junto","inLanguage":"es-MX","isPartOf":{"@id":"https:\/\/elprogresivo.mx\/#website"},"breadcrumb":{"@id":"https:\/\/elprogresivo.mx\/index.php\/2026\/09\/03\/queretaro-mantiene-auxiliares-viales-en-bernardo-quintana\/#breadcrumblist"},"author":{"@id":"https:\/\/elprogresivo.mx\/index.php\/author\/emmanuel-galvan\/#author"},"creator":{"@id":"https:\/\/elprogresivo.mx\/index.php\/author\/emmanuel-galvan\/#author"},"image":{"@type":"ImageObject","url":"https:\/\/elprogresivo.mx\/wp-content\/uploads\/2026\/09\/noticia_20260904161026.jpg","@id":"https:\/\/elprogresivo.mx\/index.php\/2026\/09\/03\/queretaro-mantiene-auxiliares-viales-en-bernardo-quintana\/#mainImage","width":1280,"height":854},"primaryImageOfPage":{"@id":"https:\/\/elprogresivo.mx\/index.php\/2026\/09\/03\/queretaro-mantiene-auxiliares-viales-en-bernardo-quintana\/#mainImage"},"datePublished":"2026-09-03T09:00:00+00:00","dateModified":"2026-09-03T09:00:00+00:00"},{"@type":"WebSite","@id":"https:\/\/elprogresivo.mx\/#website","url":"https:\/\/elprogresivo.mx\/","name":"elprogresivo.mx","description":"Construimos una nueva etapa en informaci\u00f3n","inLanguage":"es-MX","publisher":{"@id":"https:\/\/elprogresivo.mx\/#organization"}}]},"og:locale":"es_MX","og:site_name":"elprogresivo.mx - Construimos una nueva etapa en informaci\u00f3n","og:type":"article","og:title":"Quer\u00e9taro mantiene auxiliares viales en Bernardo Quintana - elprogresivo.mx","og:description":"Los auxiliares viales que dirigieron el tr\u00e1fico durante la construcci\u00f3n del Tren M\u00e9xico-Quer\u00e9taro no se van. El presidente municipal, Felifer Mac\u00edas, confirm\u00f3 que quedar\u00e1n de forma permanente en las calles aleda\u00f1as a Bernardo Quintana para evitar el caos vehicular. La decisi\u00f3n se tom\u00f3 tras ver los resultados del operativo temporal. Mac\u00edas hizo el anuncio junto","og:url":"https:\/\/elprogresivo.mx\/index.php\/2026\/09\/03\/queretaro-mantiene-auxiliares-viales-en-bernardo-quintana\/","og:image":"https:\/\/elprogresivo.mx\/wp-content\/uploads\/2024\/02\/cropped-LogoBlanco.png","og:image:secure_url":"https:\/\/elprogresivo.mx\/wp-content\/uploads\/2024\/02\/cropped-LogoBlanco.png","article:published_time":"2026-09-03T09:00:00+00:00","article:modified_time":"2026-09-03T09:00:00+00:00","twitter:card":"summary_large_image","twitter:title":"Quer\u00e9taro mantiene auxiliares viales en Bernardo Quintana - elprogresivo.mx","twitter:description":"Los auxiliares viales que dirigieron el tr\u00e1fico durante la construcci\u00f3n del Tren M\u00e9xico-Quer\u00e9taro no se van. El presidente municipal, Felifer Mac\u00edas, confirm\u00f3 que quedar\u00e1n de forma permanente en las calles aleda\u00f1as a Bernardo Quintana para evitar el caos vehicular. La decisi\u00f3n se tom\u00f3 tras ver los resultados del operativo temporal. Mac\u00edas hizo el anuncio junto","twitter:image":"https:\/\/elprogresivo.mx\/wp-content\/uploads\/2024\/02\/cropped-LogoBlanco.png"},"aioseo_meta_data":{"post_id":"5086","title":null,"description":null,"keywords":null,"keyphrases":{"focus":[],"additional":[]},"primary_term":null,"canonical_url":null,"og_title":null,"og_description":null,"og_object_type":"default","og_image_type":"default","og_image_url":null,"og_image_width":null,"og_image_height":null,"og_image_custom_url":null,"og_image_custom_fields":null,"og_video":null,"og_custom_url":null,"og_article_section":null,"og_article_tags":null,"twitter_use_og":false,"twitter_card":"default","twitter_image_type":"default","twitter_image_url":null,"twitter_image_custom_url":null,"twitter_image_custom_fields":null,"twitter_title":null,"twitter_description":null,"schema":{"blockGraphs":[],"customGraphs":[],"default":{"data":{"Article":[],"Course":[],"Dataset":[],"FAQPage":[],"Movie":[],"Person":[],"Product":[],"ProductReview":[],"Car":[],"Recipe":[],"Service":[],"SoftwareApplication":[],"WebPage":[]},"graphName":"","isEnabled":true},"graphs":[]},"schema_type":"default","schema_type_options":null,"pillar_content":false,"robots_default":true,"robots_noindex":false,"robots_noarchive":false,"robots_nosnippet":false,"robots_nofollow":false,"robots_noimageindex":false,"robots_noodp":false,"robots_notranslate":false,"robots_max_snippet":null,"robots_max_videopreview":null,"robots_max_imagepreview":"large","priority":null,"frequency":null,"local_seo":null,"limit_modified_date":false,"created":"2026-09-04 22:36:34","updated":"2026-09-04 23:03:20","ai":null,"breadcrumb_settings":null,"seo_analyzer_scan_date":null,"focus_keyword":null,"additional_keywords":null,"truseo_locale":null},"aioseo_breadcrumb":"<div class=\"aioseo-breadcrumbs\"><span class=\"aioseo-breadcrumb\">\n\t\t\t<a href=\"https:\/\/elprogresivo.mx\" title=\"Home\">Home<\/a>\n\t\t<\/span><span class=\"aioseo-breadcrumb-separator\">&raquo;<\/span><span class=\"aioseo-breadcrumb\">\n\t\t\t<a href=\"https:\/\/elprogresivo.mx\/index.php\/category\/blog\/\" title=\"Blog\">Blog<\/a>\n\t\t<\/span><span class=\"aioseo-breadcrumb-separator\">&raquo;<\/span><span class=\"aioseo-breadcrumb\">\n\t\t\tQuer\u00e9taro mantiene auxiliares viales en Bernardo Quintana\n\t\t<\/span><\/div>","aioseo_breadcrumb_json":[{"label":"Home","link":"https:\/\/elprogresivo.mx"},{"label":"Blog","link":"https:\/\/elprogresivo.mx\/index.php\/category\/blog\/"},{"label":"Quer\u00e9taro mantiene auxiliares viales en Bernardo Quintana","link":"https:\/\/elprogresivo.mx\/index.php\/2026\/09\/03\/queretaro-mantiene-auxiliares-viales-en-bernardo-quintana\/"}],"jetpack_publicize_connections":[],"_links":{"self":[{"href":"https:\/\/elprogresivo.mx\/index.php\/wp-json\/wp\/v2\/posts\/5086","targetHints":{"allow":["GET"]}}],"collection":[{"href":"https:\/\/elprogresivo.mx\/index.php\/wp-json\/wp\/v2\/posts"}],"about":[{"href":"https:\/\/elprogresivo.mx\/index.php\/wp-json\/wp\/v2\/types\/post"}],"author":[{"embeddable":true,"href":"https:\/\/elprogresivo.mx\/index.php\/wp-json\/wp\/v2\/users\/5"}],"replies":[{"embeddable":true,"href":"https:\/\/elprogresivo.mx\/index.php\/wp-json\/wp\/v2\/comments?post=5086"}],"version-history":[{"count":0,"href":"https:\/\/elprogresivo.mx\/index.php\/wp-json\/wp\/v2\/posts\/5086\/revisions"}],"wp:featuredmedia":[{"embeddable":true,"href":"https:\/\/elprogresivo.mx\/index.php\/wp-json\/wp\/v2\/media\/5085"}],"wp:attachment":[{"href":"https:\/\/elprogresivo.mx\/index.php\/wp-json\/wp\/v2\/media?parent=5086"}],"wp:term":[{"taxonomy":"category","embeddable":true,"href":"https:\/\/elprogresivo.mx\/index.php\/wp-json\/wp\/v2\/categories?post=5086"},{"taxonomy":"post_tag","embeddable":true,"href":"https:\/\/elprogresivo.mx\/index.php\/wp-json\/wp\/v2\/tags?post=5086"}],"curies":[{"name":"wp","href":"https:\/\/api.w.org\/{rel}","templated":true}]}}