{"id":5080,"date":"2026-09-04T22:08:00","date_gmt":"2026-09-04T22:08:00","guid":{"rendered":"https:\/\/elprogresivo.mx\/index.php\/2026\/09\/04\/galeria-raq-en-queretaro-muestra-arte-de-adolescentes\/"},"modified":"2026-09-04T22:08:00","modified_gmt":"2026-09-04T22:08:00","slug":"galeria-raq-en-queretaro-muestra-arte-de-adolescentes","status":"publish","type":"post","link":"https:\/\/elprogresivo.mx\/index.php\/2026\/09\/04\/galeria-raq-en-queretaro-muestra-arte-de-adolescentes\/","title":{"rendered":"Galer\u00eda RAQ en Quer\u00e9taro muestra arte de adolescentes"},"content":{"rendered":"<p>Ana Paola L\u00f3pez Birlain, secretaria de Cultura de Quer\u00e9taro, inaugur\u00f3 la Galer\u00eda RAQ en el Centro de las Artes (CEART). El espacio abre sus puertas con la exposici\u00f3n &#8216;Entre rostros&#8217;, una colecci\u00f3n de pinturas hechas por j\u00f3venes del Centro de Internamiento y Ejecuci\u00f3n de Medidas para Adolescentes (CIEMA). La nueva sala forma parte del Centro de Integraci\u00f3n y Vinculaci\u00f3n para el Arte (CIVARTE). Su funci\u00f3n es usar el Registro Art\u00edstico Queretano (RAQ) para identificar talentos locales y conectar a los artistas con oportunidades reales.<\/p>\n<p>L\u00f3pez Birlain describi\u00f3 el proyecto como un ejemplo de econom\u00eda creativa. Explic\u00f3 que el talento de los j\u00f3venes se convierte en obras que se exhiben, encuentran p\u00fablico y generan valor econ\u00f3mico. Tambi\u00e9n destac\u00f3 el aspecto social de la iniciativa. &#8220;Aqu\u00ed encontramos tambi\u00e9n un ejemplo de econom\u00eda creativa, pues el talento y la creatividad se convierten en una obra que encuentra un espacio para exhibirse, un p\u00fablico y la posibilidad de generar valor; pero tambi\u00e9n hablamos de algo profundamente social: el arte como una herramienta de expresi\u00f3n, desarrollo de capacidades y construcci\u00f3n de una cultura de paz&#8221;, dijo.<\/p>\n<p>Las pinturas de &#8216;Entre rostros&#8217; est\u00e1n a la venta. La Secretar\u00eda de Cultura busca transformar la colaboraci\u00f3n en oportunidades concretas para la comunidad art\u00edstica de la entidad. Mar\u00eda X\u00f3chitl Aguilar Maqueda, directora de la Fundaci\u00f3n Ciudad Maderas, explic\u00f3 que su organizaci\u00f3n apoya la muestra porque tiene una causa social. La exposici\u00f3n re\u00fane retratos de hombres y mujeres realizados por adolescentes del CIEMA como parte de su proceso de exploraci\u00f3n art\u00edstica y desarrollo personal.<\/p>\n<p>Julio C\u00e9sar Correa Castillo, director de la Autoridad de Ejecuci\u00f3n de Medidas para Adolescentes, se\u00f1al\u00f3 que en el CIEMA fomentan el desarrollo intelectual, cultural y art\u00edstico. Estas actividades sirven para lograr una reinserci\u00f3n social adecuada y mejorar la educaci\u00f3n, la capacidad de trabajo y la salud f\u00edsica y mental de los internos. Cada obra de la muestra representa un ejercicio de sensibilidad y t\u00e9cnica que ayuda a los j\u00f3venes a descubrir su identidad y emociones.<\/p>\n<p>La galer\u00eda celebra la dualidad de la materia y la historia que llevan las personas. Los trazos en las pinturas revelan la esencia del cuerpo humano y los sentimientos que definen al ser. Durante la inauguraci\u00f3n, la Fundaci\u00f3n Ciudad Maderas recibi\u00f3 un reconocimiento como Aliado Cultural por parte de la Secretar\u00eda de Cultura.<\/p>\n","protected":false},"excerpt":{"rendered":"<p>Ana Paola L\u00f3pez Birlain, secretaria de Cultura de Quer\u00e9taro, inaugur\u00f3 la Galer\u00eda RAQ en el&#8230;<\/p>\n","protected":false},"author":5,"featured_media":5079,"comment_status":"open","ping_status":"open","sticky":false,"template":"","format":"standard","meta":{"om_disable_all_campaigns":false,"_monsterinsights_skip_tracking":false,"footnotes":"","jetpack_publicize_message":"","jetpack_publicize_feature_enabled":true,"jetpack_social_post_already_shared":true,"jetpack_social_options":{"image_generator_settings":{"template":"highway","default_image_id":0,"font":"","enabled":false},"version":2}},"categories":[1],"tags":[3373,2066,3375,39],"class_list":["post-5080","post","type-post","status-publish","format-standard","has-post-thumbnail","hentry","category-blog","tag-adolescentes","tag-arte","tag-ceart","tag-cultura"],"aioseo_notices":[],"aioseo_head":"\n\t\t<!-- All in One SEO 5.0.1.1 - aioseo.com -->\n\t<meta name=\"description\" content=\"Ana Paola L\u00f3pez Birlain, secretaria de Cultura de Quer\u00e9taro, inaugur\u00f3 la Galer\u00eda RAQ en el Centro de las Artes (CEART). El espacio abre sus puertas con la exposici\u00f3n &#039;Entre rostros&#039;, una colecci\u00f3n de pinturas hechas por j\u00f3venes del Centro de Internamiento y Ejecuci\u00f3n de Medidas para Adolescentes (CIEMA). La nueva sala forma parte del Centro\" \/>\n\t<meta name=\"robots\" content=\"max-image-preview:large\" \/>\n\t<meta name=\"author\" content=\"Staff\"\/>\n\t<link rel=\"canonical\" href=\"https:\/\/elprogresivo.mx\/index.php\/2026\/09\/04\/galeria-raq-en-queretaro-muestra-arte-de-adolescentes\/\" \/>\n\t<meta name=\"generator\" content=\"All in One SEO (AIOSEO) 5.0.1.1\" \/>\n\t\t<meta property=\"og:locale\" content=\"es_MX\" \/>\n\t\t<meta property=\"og:site_name\" content=\"elprogresivo.mx - Construimos una nueva etapa en informaci\u00f3n\" \/>\n\t\t<meta property=\"og:type\" content=\"article\" \/>\n\t\t<meta property=\"og:title\" content=\"Galer\u00eda RAQ en Quer\u00e9taro muestra arte de adolescentes - elprogresivo.mx\" \/>\n\t\t<meta property=\"og:description\" content=\"Ana Paola L\u00f3pez Birlain, secretaria de Cultura de Quer\u00e9taro, inaugur\u00f3 la Galer\u00eda RAQ en el Centro de las Artes (CEART). El espacio abre sus puertas con la exposici\u00f3n &#039;Entre rostros&#039;, una colecci\u00f3n de pinturas hechas por j\u00f3venes del Centro de Internamiento y Ejecuci\u00f3n de Medidas para Adolescentes (CIEMA). La nueva sala forma parte del Centro\" \/>\n\t\t<meta property=\"og:url\" content=\"https:\/\/elprogresivo.mx\/index.php\/2026\/09\/04\/galeria-raq-en-queretaro-muestra-arte-de-adolescentes\/\" \/>\n\t\t<meta property=\"og:image\" content=\"https:\/\/elprogresivo.mx\/wp-content\/uploads\/2024\/02\/cropped-LogoBlanco.png\" \/>\n\t\t<meta property=\"og:image:secure_url\" content=\"https:\/\/elprogresivo.mx\/wp-content\/uploads\/2024\/02\/cropped-LogoBlanco.png\" \/>\n\t\t<meta property=\"article:published_time\" content=\"2026-09-04T22:08:00+00:00\" \/>\n\t\t<meta property=\"article:modified_time\" content=\"2026-09-04T22:08:00+00:00\" \/>\n\t\t<meta name=\"twitter:card\" content=\"summary_large_image\" \/>\n\t\t<meta name=\"twitter:title\" content=\"Galer\u00eda RAQ en Quer\u00e9taro muestra arte de adolescentes - elprogresivo.mx\" \/>\n\t\t<meta name=\"twitter:description\" content=\"Ana Paola L\u00f3pez Birlain, secretaria de Cultura de Quer\u00e9taro, inaugur\u00f3 la Galer\u00eda RAQ en el Centro de las Artes (CEART). El espacio abre sus puertas con la exposici\u00f3n &#039;Entre rostros&#039;, una colecci\u00f3n de pinturas hechas por j\u00f3venes del Centro de Internamiento y Ejecuci\u00f3n de Medidas para Adolescentes (CIEMA). La nueva sala forma parte del Centro\" \/>\n\t\t<meta name=\"twitter:image\" content=\"https:\/\/elprogresivo.mx\/wp-content\/uploads\/2024\/02\/cropped-LogoBlanco.png\" \/>\n\t\t<script type=\"application\/ld+json\" class=\"aioseo-schema\">\n\t\t\t{\"@context\":\"https:\\\/\\\/schema.org\",\"@graph\":[{\"@type\":\"BlogPosting\",\"@id\":\"https:\\\/\\\/elprogresivo.mx\\\/index.php\\\/2026\\\/09\\\/04\\\/galeria-raq-en-queretaro-muestra-arte-de-adolescentes\\\/#blogposting\",\"name\":\"Galer\\u00eda RAQ en Quer\\u00e9taro muestra arte de adolescentes - elprogresivo.mx\",\"headline\":\"Galer\\u00eda RAQ en Quer\\u00e9taro muestra arte de adolescentes\",\"author\":{\"@id\":\"https:\\\/\\\/elprogresivo.mx\\\/index.php\\\/author\\\/emmanuel-galvan\\\/#author\"},\"publisher\":{\"@id\":\"https:\\\/\\\/elprogresivo.mx\\\/#organization\"},\"image\":{\"@type\":\"ImageObject\",\"url\":\"https:\\\/\\\/elprogresivo.mx\\\/wp-content\\\/uploads\\\/2026\\\/09\\\/noticia_20260904160747.jpg\",\"width\":1600,\"height\":1200},\"datePublished\":\"2026-09-04T22:08:00+00:00\",\"dateModified\":\"2026-09-04T22:08:00+00:00\",\"inLanguage\":\"es-MX\",\"mainEntityOfPage\":{\"@id\":\"https:\\\/\\\/elprogresivo.mx\\\/index.php\\\/2026\\\/09\\\/04\\\/galeria-raq-en-queretaro-muestra-arte-de-adolescentes\\\/#webpage\"},\"isPartOf\":{\"@id\":\"https:\\\/\\\/elprogresivo.mx\\\/index.php\\\/2026\\\/09\\\/04\\\/galeria-raq-en-queretaro-muestra-arte-de-adolescentes\\\/#webpage\"},\"articleSection\":\"Blog, Adolescentes, Arte, CEART, cultura\"},{\"@type\":\"BreadcrumbList\",\"@id\":\"https:\\\/\\\/elprogresivo.mx\\\/index.php\\\/2026\\\/09\\\/04\\\/galeria-raq-en-queretaro-muestra-arte-de-adolescentes\\\/#breadcrumblist\",\"itemListElement\":[{\"@type\":\"ListItem\",\"@id\":\"https:\\\/\\\/elprogresivo.mx#listItem\",\"position\":1,\"name\":\"Home\",\"item\":\"https:\\\/\\\/elprogresivo.mx\",\"nextItem\":{\"@type\":\"ListItem\",\"@id\":\"https:\\\/\\\/elprogresivo.mx\\\/index.php\\\/category\\\/blog\\\/#listItem\",\"name\":\"Blog\"}},{\"@type\":\"ListItem\",\"@id\":\"https:\\\/\\\/elprogresivo.mx\\\/index.php\\\/category\\\/blog\\\/#listItem\",\"position\":2,\"name\":\"Blog\",\"item\":\"https:\\\/\\\/elprogresivo.mx\\\/index.php\\\/category\\\/blog\\\/\",\"nextItem\":{\"@type\":\"ListItem\",\"@id\":\"https:\\\/\\\/elprogresivo.mx\\\/index.php\\\/2026\\\/09\\\/04\\\/galeria-raq-en-queretaro-muestra-arte-de-adolescentes\\\/#listItem\",\"name\":\"Galer\\u00eda RAQ en Quer\\u00e9taro muestra arte de adolescentes\"},\"previousItem\":{\"@type\":\"ListItem\",\"@id\":\"https:\\\/\\\/elprogresivo.mx#listItem\",\"name\":\"Home\"}},{\"@type\":\"ListItem\",\"@id\":\"https:\\\/\\\/elprogresivo.mx\\\/index.php\\\/2026\\\/09\\\/04\\\/galeria-raq-en-queretaro-muestra-arte-de-adolescentes\\\/#listItem\",\"position\":3,\"name\":\"Galer\\u00eda RAQ en Quer\\u00e9taro muestra arte de adolescentes\",\"previousItem\":{\"@type\":\"ListItem\",\"@id\":\"https:\\\/\\\/elprogresivo.mx\\\/index.php\\\/category\\\/blog\\\/#listItem\",\"name\":\"Blog\"}}]},{\"@type\":\"Organization\",\"@id\":\"https:\\\/\\\/elprogresivo.mx\\\/#organization\",\"name\":\"elprogresivo.mx\",\"description\":\"Construimos una nueva etapa en informaci\\u00f3n\",\"url\":\"https:\\\/\\\/elprogresivo.mx\\\/\",\"logo\":{\"@type\":\"ImageObject\",\"url\":\"https:\\\/\\\/elprogresivo.mx\\\/wp-content\\\/uploads\\\/2024\\\/02\\\/cropped-LogoBlanco.png\",\"@id\":\"https:\\\/\\\/elprogresivo.mx\\\/index.php\\\/2026\\\/09\\\/04\\\/galeria-raq-en-queretaro-muestra-arte-de-adolescentes\\\/#organizationLogo\",\"width\":2096,\"height\":332},\"image\":{\"@id\":\"https:\\\/\\\/elprogresivo.mx\\\/index.php\\\/2026\\\/09\\\/04\\\/galeria-raq-en-queretaro-muestra-arte-de-adolescentes\\\/#organizationLogo\"}},{\"@type\":\"Person\",\"@id\":\"https:\\\/\\\/elprogresivo.mx\\\/index.php\\\/author\\\/emmanuel-galvan\\\/#author\",\"url\":\"https:\\\/\\\/elprogresivo.mx\\\/index.php\\\/author\\\/emmanuel-galvan\\\/\",\"name\":\"Staff\",\"image\":{\"@type\":\"ImageObject\",\"@id\":\"https:\\\/\\\/elprogresivo.mx\\\/index.php\\\/2026\\\/09\\\/04\\\/galeria-raq-en-queretaro-muestra-arte-de-adolescentes\\\/#authorImage\",\"url\":\"https:\\\/\\\/secure.gravatar.com\\\/avatar\\\/3bb87242634c3adf910515f41e6e392ab758b98c8ee7fd12a54fcb5270441486?s=96&d=mm&r=g\",\"width\":96,\"height\":96,\"caption\":\"Staff\"}},{\"@type\":\"WebPage\",\"@id\":\"https:\\\/\\\/elprogresivo.mx\\\/index.php\\\/2026\\\/09\\\/04\\\/galeria-raq-en-queretaro-muestra-arte-de-adolescentes\\\/#webpage\",\"url\":\"https:\\\/\\\/elprogresivo.mx\\\/index.php\\\/2026\\\/09\\\/04\\\/galeria-raq-en-queretaro-muestra-arte-de-adolescentes\\\/\",\"name\":\"Galer\\u00eda RAQ en Quer\\u00e9taro muestra arte de adolescentes - elprogresivo.mx\",\"description\":\"Ana Paola L\\u00f3pez Birlain, secretaria de Cultura de Quer\\u00e9taro, inaugur\\u00f3 la Galer\\u00eda RAQ en el Centro de las Artes (CEART). El espacio abre sus puertas con la exposici\\u00f3n 'Entre rostros', una colecci\\u00f3n de pinturas hechas por j\\u00f3venes del Centro de Internamiento y Ejecuci\\u00f3n de Medidas para Adolescentes (CIEMA). La nueva sala forma parte del Centro\",\"inLanguage\":\"es-MX\",\"isPartOf\":{\"@id\":\"https:\\\/\\\/elprogresivo.mx\\\/#website\"},\"breadcrumb\":{\"@id\":\"https:\\\/\\\/elprogresivo.mx\\\/index.php\\\/2026\\\/09\\\/04\\\/galeria-raq-en-queretaro-muestra-arte-de-adolescentes\\\/#breadcrumblist\"},\"author\":{\"@id\":\"https:\\\/\\\/elprogresivo.mx\\\/index.php\\\/author\\\/emmanuel-galvan\\\/#author\"},\"creator\":{\"@id\":\"https:\\\/\\\/elprogresivo.mx\\\/index.php\\\/author\\\/emmanuel-galvan\\\/#author\"},\"image\":{\"@type\":\"ImageObject\",\"url\":\"https:\\\/\\\/elprogresivo.mx\\\/wp-content\\\/uploads\\\/2026\\\/09\\\/noticia_20260904160747.jpg\",\"@id\":\"https:\\\/\\\/elprogresivo.mx\\\/index.php\\\/2026\\\/09\\\/04\\\/galeria-raq-en-queretaro-muestra-arte-de-adolescentes\\\/#mainImage\",\"width\":1600,\"height\":1200},\"primaryImageOfPage\":{\"@id\":\"https:\\\/\\\/elprogresivo.mx\\\/index.php\\\/2026\\\/09\\\/04\\\/galeria-raq-en-queretaro-muestra-arte-de-adolescentes\\\/#mainImage\"},\"datePublished\":\"2026-09-04T22:08:00+00:00\",\"dateModified\":\"2026-09-04T22:08:00+00:00\"},{\"@type\":\"WebSite\",\"@id\":\"https:\\\/\\\/elprogresivo.mx\\\/#website\",\"url\":\"https:\\\/\\\/elprogresivo.mx\\\/\",\"name\":\"elprogresivo.mx\",\"description\":\"Construimos una nueva etapa en informaci\\u00f3n\",\"inLanguage\":\"es-MX\",\"publisher\":{\"@id\":\"https:\\\/\\\/elprogresivo.mx\\\/#organization\"}}]}\n\t\t<\/script>\n\t\t<!-- All in One SEO -->\n\n","aioseo_head_json":{"title":"Galer\u00eda RAQ en Quer\u00e9taro muestra arte de adolescentes - elprogresivo.mx","description":"Ana Paola L\u00f3pez Birlain, secretaria de Cultura de Quer\u00e9taro, inaugur\u00f3 la Galer\u00eda RAQ en el Centro de las Artes (CEART). El espacio abre sus puertas con la exposici\u00f3n 'Entre rostros', una colecci\u00f3n de pinturas hechas por j\u00f3venes del Centro de Internamiento y Ejecuci\u00f3n de Medidas para Adolescentes (CIEMA). La nueva sala forma parte del Centro","canonical_url":"https:\/\/elprogresivo.mx\/index.php\/2026\/09\/04\/galeria-raq-en-queretaro-muestra-arte-de-adolescentes\/","robots":"max-image-preview:large","keywords":"","webmasterTools":{"miscellaneous":""},"schema":{"@context":"https:\/\/schema.org","@graph":[{"@type":"BlogPosting","@id":"https:\/\/elprogresivo.mx\/index.php\/2026\/09\/04\/galeria-raq-en-queretaro-muestra-arte-de-adolescentes\/#blogposting","name":"Galer\u00eda RAQ en Quer\u00e9taro muestra arte de adolescentes - elprogresivo.mx","headline":"Galer\u00eda RAQ en Quer\u00e9taro muestra arte de adolescentes","author":{"@id":"https:\/\/elprogresivo.mx\/index.php\/author\/emmanuel-galvan\/#author"},"publisher":{"@id":"https:\/\/elprogresivo.mx\/#organization"},"image":{"@type":"ImageObject","url":"https:\/\/elprogresivo.mx\/wp-content\/uploads\/2026\/09\/noticia_20260904160747.jpg","width":1600,"height":1200},"datePublished":"2026-09-04T22:08:00+00:00","dateModified":"2026-09-04T22:08:00+00:00","inLanguage":"es-MX","mainEntityOfPage":{"@id":"https:\/\/elprogresivo.mx\/index.php\/2026\/09\/04\/galeria-raq-en-queretaro-muestra-arte-de-adolescentes\/#webpage"},"isPartOf":{"@id":"https:\/\/elprogresivo.mx\/index.php\/2026\/09\/04\/galeria-raq-en-queretaro-muestra-arte-de-adolescentes\/#webpage"},"articleSection":"Blog, Adolescentes, Arte, CEART, cultura"},{"@type":"BreadcrumbList","@id":"https:\/\/elprogresivo.mx\/index.php\/2026\/09\/04\/galeria-raq-en-queretaro-muestra-arte-de-adolescentes\/#breadcrumblist","itemListElement":[{"@type":"ListItem","@id":"https:\/\/elprogresivo.mx#listItem","position":1,"name":"Home","item":"https:\/\/elprogresivo.mx","nextItem":{"@type":"ListItem","@id":"https:\/\/elprogresivo.mx\/index.php\/category\/blog\/#listItem","name":"Blog"}},{"@type":"ListItem","@id":"https:\/\/elprogresivo.mx\/index.php\/category\/blog\/#listItem","position":2,"name":"Blog","item":"https:\/\/elprogresivo.mx\/index.php\/category\/blog\/","nextItem":{"@type":"ListItem","@id":"https:\/\/elprogresivo.mx\/index.php\/2026\/09\/04\/galeria-raq-en-queretaro-muestra-arte-de-adolescentes\/#listItem","name":"Galer\u00eda RAQ en Quer\u00e9taro muestra arte de adolescentes"},"previousItem":{"@type":"ListItem","@id":"https:\/\/elprogresivo.mx#listItem","name":"Home"}},{"@type":"ListItem","@id":"https:\/\/elprogresivo.mx\/index.php\/2026\/09\/04\/galeria-raq-en-queretaro-muestra-arte-de-adolescentes\/#listItem","position":3,"name":"Galer\u00eda RAQ en Quer\u00e9taro muestra arte de adolescentes","previousItem":{"@type":"ListItem","@id":"https:\/\/elprogresivo.mx\/index.php\/category\/blog\/#listItem","name":"Blog"}}]},{"@type":"Organization","@id":"https:\/\/elprogresivo.mx\/#organization","name":"elprogresivo.mx","description":"Construimos una nueva etapa en informaci\u00f3n","url":"https:\/\/elprogresivo.mx\/","logo":{"@type":"ImageObject","url":"https:\/\/elprogresivo.mx\/wp-content\/uploads\/2024\/02\/cropped-LogoBlanco.png","@id":"https:\/\/elprogresivo.mx\/index.php\/2026\/09\/04\/galeria-raq-en-queretaro-muestra-arte-de-adolescentes\/#organizationLogo","width":2096,"height":332},"image":{"@id":"https:\/\/elprogresivo.mx\/index.php\/2026\/09\/04\/galeria-raq-en-queretaro-muestra-arte-de-adolescentes\/#organizationLogo"}},{"@type":"Person","@id":"https:\/\/elprogresivo.mx\/index.php\/author\/emmanuel-galvan\/#author","url":"https:\/\/elprogresivo.mx\/index.php\/author\/emmanuel-galvan\/","name":"Staff","image":{"@type":"ImageObject","@id":"https:\/\/elprogresivo.mx\/index.php\/2026\/09\/04\/galeria-raq-en-queretaro-muestra-arte-de-adolescentes\/#authorImage","url":"https:\/\/secure.gravatar.com\/avatar\/3bb87242634c3adf910515f41e6e392ab758b98c8ee7fd12a54fcb5270441486?s=96&d=mm&r=g","width":96,"height":96,"caption":"Staff"}},{"@type":"WebPage","@id":"https:\/\/elprogresivo.mx\/index.php\/2026\/09\/04\/galeria-raq-en-queretaro-muestra-arte-de-adolescentes\/#webpage","url":"https:\/\/elprogresivo.mx\/index.php\/2026\/09\/04\/galeria-raq-en-queretaro-muestra-arte-de-adolescentes\/","name":"Galer\u00eda RAQ en Quer\u00e9taro muestra arte de adolescentes - elprogresivo.mx","description":"Ana Paola L\u00f3pez Birlain, secretaria de Cultura de Quer\u00e9taro, inaugur\u00f3 la Galer\u00eda RAQ en el Centro de las Artes (CEART). El espacio abre sus puertas con la exposici\u00f3n 'Entre rostros', una colecci\u00f3n de pinturas hechas por j\u00f3venes del Centro de Internamiento y Ejecuci\u00f3n de Medidas para Adolescentes (CIEMA). La nueva sala forma parte del Centro","inLanguage":"es-MX","isPartOf":{"@id":"https:\/\/elprogresivo.mx\/#website"},"breadcrumb":{"@id":"https:\/\/elprogresivo.mx\/index.php\/2026\/09\/04\/galeria-raq-en-queretaro-muestra-arte-de-adolescentes\/#breadcrumblist"},"author":{"@id":"https:\/\/elprogresivo.mx\/index.php\/author\/emmanuel-galvan\/#author"},"creator":{"@id":"https:\/\/elprogresivo.mx\/index.php\/author\/emmanuel-galvan\/#author"},"image":{"@type":"ImageObject","url":"https:\/\/elprogresivo.mx\/wp-content\/uploads\/2026\/09\/noticia_20260904160747.jpg","@id":"https:\/\/elprogresivo.mx\/index.php\/2026\/09\/04\/galeria-raq-en-queretaro-muestra-arte-de-adolescentes\/#mainImage","width":1600,"height":1200},"primaryImageOfPage":{"@id":"https:\/\/elprogresivo.mx\/index.php\/2026\/09\/04\/galeria-raq-en-queretaro-muestra-arte-de-adolescentes\/#mainImage"},"datePublished":"2026-09-04T22:08:00+00:00","dateModified":"2026-09-04T22:08:00+00:00"},{"@type":"WebSite","@id":"https:\/\/elprogresivo.mx\/#website","url":"https:\/\/elprogresivo.mx\/","name":"elprogresivo.mx","description":"Construimos una nueva etapa en informaci\u00f3n","inLanguage":"es-MX","publisher":{"@id":"https:\/\/elprogresivo.mx\/#organization"}}]},"og:locale":"es_MX","og:site_name":"elprogresivo.mx - Construimos una nueva etapa en informaci\u00f3n","og:type":"article","og:title":"Galer\u00eda RAQ en Quer\u00e9taro muestra arte de adolescentes - elprogresivo.mx","og:description":"Ana Paola L\u00f3pez Birlain, secretaria de Cultura de Quer\u00e9taro, inaugur\u00f3 la Galer\u00eda RAQ en el Centro de las Artes (CEART). El espacio abre sus puertas con la exposici\u00f3n 'Entre rostros', una colecci\u00f3n de pinturas hechas por j\u00f3venes del Centro de Internamiento y Ejecuci\u00f3n de Medidas para Adolescentes (CIEMA). La nueva sala forma parte del Centro","og:url":"https:\/\/elprogresivo.mx\/index.php\/2026\/09\/04\/galeria-raq-en-queretaro-muestra-arte-de-adolescentes\/","og:image":"https:\/\/elprogresivo.mx\/wp-content\/uploads\/2024\/02\/cropped-LogoBlanco.png","og:image:secure_url":"https:\/\/elprogresivo.mx\/wp-content\/uploads\/2024\/02\/cropped-LogoBlanco.png","article:published_time":"2026-09-04T22:08:00+00:00","article:modified_time":"2026-09-04T22:08:00+00:00","twitter:card":"summary_large_image","twitter:title":"Galer\u00eda RAQ en Quer\u00e9taro muestra arte de adolescentes - elprogresivo.mx","twitter:description":"Ana Paola L\u00f3pez Birlain, secretaria de Cultura de Quer\u00e9taro, inaugur\u00f3 la Galer\u00eda RAQ en el Centro de las Artes (CEART). El espacio abre sus puertas con la exposici\u00f3n 'Entre rostros', una colecci\u00f3n de pinturas hechas por j\u00f3venes del Centro de Internamiento y Ejecuci\u00f3n de Medidas para Adolescentes (CIEMA). La nueva sala forma parte del Centro","twitter:image":"https:\/\/elprogresivo.mx\/wp-content\/uploads\/2024\/02\/cropped-LogoBlanco.png"},"aioseo_meta_data":{"post_id":"5080","title":null,"description":null,"keywords":null,"keyphrases":{"focus":[],"additional":[]},"primary_term":null,"canonical_url":null,"og_title":null,"og_description":null,"og_object_type":"default","og_image_type":"default","og_image_url":null,"og_image_width":null,"og_image_height":null,"og_image_custom_url":null,"og_image_custom_fields":null,"og_video":null,"og_custom_url":null,"og_article_section":null,"og_article_tags":null,"twitter_use_og":false,"twitter_card":"default","twitter_image_type":"default","twitter_image_url":null,"twitter_image_custom_url":null,"twitter_image_custom_fields":null,"twitter_title":null,"twitter_description":null,"schema":{"blockGraphs":[],"customGraphs":[],"default":{"data":{"Article":[],"Course":[],"Dataset":[],"FAQPage":[],"Movie":[],"Person":[],"Product":[],"ProductReview":[],"Car":[],"Recipe":[],"Service":[],"SoftwareApplication":[],"WebPage":[]},"graphName":"","isEnabled":true},"graphs":[]},"schema_type":"default","schema_type_options":null,"pillar_content":false,"robots_default":true,"robots_noindex":false,"robots_noarchive":false,"robots_nosnippet":false,"robots_nofollow":false,"robots_noimageindex":false,"robots_noodp":false,"robots_notranslate":false,"robots_max_snippet":null,"robots_max_videopreview":null,"robots_max_imagepreview":"large","priority":null,"frequency":null,"local_seo":null,"limit_modified_date":false,"created":"2026-09-04 22:33:15","updated":"2026-09-04 23:03:20","ai":null,"breadcrumb_settings":null,"seo_analyzer_scan_date":null,"focus_keyword":null,"additional_keywords":null,"truseo_locale":null},"aioseo_breadcrumb":"<div class=\"aioseo-breadcrumbs\"><span class=\"aioseo-breadcrumb\">\n\t\t\t<a href=\"https:\/\/elprogresivo.mx\" title=\"Home\">Home<\/a>\n\t\t<\/span><span class=\"aioseo-breadcrumb-separator\">&raquo;<\/span><span class=\"aioseo-breadcrumb\">\n\t\t\t<a href=\"https:\/\/elprogresivo.mx\/index.php\/category\/blog\/\" title=\"Blog\">Blog<\/a>\n\t\t<\/span><span class=\"aioseo-breadcrumb-separator\">&raquo;<\/span><span class=\"aioseo-breadcrumb\">\n\t\t\tGaler\u00eda RAQ en Quer\u00e9taro muestra arte de adolescentes\n\t\t<\/span><\/div>","aioseo_breadcrumb_json":[{"label":"Home","link":"https:\/\/elprogresivo.mx"},{"label":"Blog","link":"https:\/\/elprogresivo.mx\/index.php\/category\/blog\/"},{"label":"Galer\u00eda RAQ en Quer\u00e9taro muestra arte de adolescentes","link":"https:\/\/elprogresivo.mx\/index.php\/2026\/09\/04\/galeria-raq-en-queretaro-muestra-arte-de-adolescentes\/"}],"jetpack_publicize_connections":[],"_links":{"self":[{"href":"https:\/\/elprogresivo.mx\/index.php\/wp-json\/wp\/v2\/posts\/5080","targetHints":{"allow":["GET"]}}],"collection":[{"href":"https:\/\/elprogresivo.mx\/index.php\/wp-json\/wp\/v2\/posts"}],"about":[{"href":"https:\/\/elprogresivo.mx\/index.php\/wp-json\/wp\/v2\/types\/post"}],"author":[{"embeddable":true,"href":"https:\/\/elprogresivo.mx\/index.php\/wp-json\/wp\/v2\/users\/5"}],"replies":[{"embeddable":true,"href":"https:\/\/elprogresivo.mx\/index.php\/wp-json\/wp\/v2\/comments?post=5080"}],"version-history":[{"count":0,"href":"https:\/\/elprogresivo.mx\/index.php\/wp-json\/wp\/v2\/posts\/5080\/revisions"}],"wp:featuredmedia":[{"embeddable":true,"href":"https:\/\/elprogresivo.mx\/index.php\/wp-json\/wp\/v2\/media\/5079"}],"wp:attachment":[{"href":"https:\/\/elprogresivo.mx\/index.php\/wp-json\/wp\/v2\/media?parent=5080"}],"wp:term":[{"taxonomy":"category","embeddable":true,"href":"https:\/\/elprogresivo.mx\/index.php\/wp-json\/wp\/v2\/categories?post=5080"},{"taxonomy":"post_tag","embeddable":true,"href":"https:\/\/elprogresivo.mx\/index.php\/wp-json\/wp\/v2\/tags?post=5080"}],"curies":[{"name":"wp","href":"https:\/\/api.w.org\/{rel}","templated":true}]}}