{"id":5070,"date":"2026-09-04T22:03:18","date_gmt":"2026-09-04T22:03:18","guid":{"rendered":"https:\/\/elprogresivo.mx\/index.php\/2026\/09\/04\/queretaro-firma-convenio-para-justicia-indigena-en-amealco\/"},"modified":"2026-09-04T22:03:18","modified_gmt":"2026-09-04T22:03:18","slug":"queretaro-firma-convenio-para-justicia-indigena-en-amealco","status":"publish","type":"post","link":"https:\/\/elprogresivo.mx\/index.php\/2026\/09\/04\/queretaro-firma-convenio-para-justicia-indigena-en-amealco\/","title":{"rendered":"Quer\u00e9taro firma convenio para justicia ind\u00edgena en Amealco"},"content":{"rendered":"<p>La Secretaria de las Mujeres, Sonia Rocha Acosta, el Poder Judicial de Quer\u00e9taro y el municipio de Amealco firmaron hoy un convenio para agilizar la atenci\u00f3n legal a mujeres ind\u00edgenas. El acuerdo busca eliminar los tr\u00e1mites\u5197osos y asegurar que las usuarias reciban acompa\u00f1amiento respetuoso de su cultura y lengua.<\/p>\n<p>Rocha explic\u00f3 que sumar al Poder Judicial permite cerrar brechas en el sistema. &#8220;Sumar al Poder Judicial es especialmente importante porque uno de los derechos que debemos garantizar a las mujeres es el acceso efectivo a la justicia. Queremos fortalecer la coordinaci\u00f3n entre nuestras instituciones para que encuentren mejores rutas de atenci\u00f3n y acompa\u00f1amiento. Eso es lo importante de los convenios que hoy firmamos: convertir la coordinaci\u00f3n institucional en mejores respuestas para las mujeres&#8221;, afirm\u00f3.<\/p>\n<p>Ana Paola Vald\u00e9s Sandoval, del Poder Judicial, detall\u00f3 que la justicia comienza antes de llegar a un juzgado. Las mujeres deben saber sus derechos sin tener que navegar entre dependencias. &#8220;El acceso a la justicia no comienza frente a un juez, comienza mucho antes; comienza desde el momento en que una mujer sabe que tiene derechos y que existen instituciones que pueden acompa\u00f1arla para ejercerlos. Una mujer que necesita ayuda no tendr\u00eda por qu\u00e9 conocer c\u00f3mo est\u00e1n divididas nuestras competencias. Esa coordinaci\u00f3n nos corresponde a nosotros; a ella le corresponde \u00fanicamente encontrar una respuesta&#8221;, expres\u00f3.<\/p>\n<p>La firma coincidi\u00f3 con el D\u00eda Internacional de la Mujer Ind\u00edgena y la jornada &#8220;Aqu\u00ed Contigo Mujeres&#8221;. En ese evento, varias dependencias ofrecieron servicios de salud, apoyo psicol\u00f3gico, asesor\u00eda jur\u00eddica y programas de empleo. El objetivo es brindar herramientas concretas para la autonom\u00eda econ\u00f3mica y la protecci\u00f3n integral.<\/p>\n<p>Aurelio Sigala P\u00e1ez, del Instituto de Pueblos Ind\u00edgenas, resalt\u00f3 el rol de las mujeres como guardianas de la cultura. &#8220;La mujer ind\u00edgena preserva las tradiciones, preserva la cultura; es quien les ense\u00f1a a los ni\u00f1os, a los beb\u00e9s, a hablar en otom\u00ed. Con las palabras se transmiten los conocimientos, las tradiciones y la cultura. No dejen de ense\u00f1arles a sus hijos, a sus nietos y a la gente que tengan cercana el otom\u00ed&#8221;, subray\u00f3.<\/p>\n<p>Tambi\u00e9n se presentaron avances de Nu ju Gathohu, una estrategia basada en diagn\u00f3sticos de violencia familiar y de g\u00e9nero en comunidades. La iniciativa busca abordar las causas ra\u00edz de la violencia con soluciones dise\u00f1adas junto a las mujeres ind\u00edgenas.<\/p>\n","protected":false},"excerpt":{"rendered":"<p>La Secretaria de las Mujeres, Sonia Rocha Acosta, el Poder Judicial de Quer\u00e9taro y el&#8230;<\/p>\n","protected":false},"author":5,"featured_media":5069,"comment_status":"open","ping_status":"open","sticky":false,"template":"","format":"standard","meta":{"om_disable_all_campaigns":false,"_monsterinsights_skip_tracking":false,"footnotes":"","jetpack_publicize_message":"","jetpack_publicize_feature_enabled":true,"jetpack_social_post_already_shared":true,"jetpack_social_options":{"image_generator_settings":{"template":"highway","default_image_id":0,"font":"","enabled":false},"version":2}},"categories":[1],"tags":[2259,3368,2391,1175],"class_list":["post-5070","post","type-post","status-publish","format-standard","has-post-thumbnail","hentry","category-blog","tag-amealco","tag-mujeres-indigenas","tag-poder-judicial","tag-violencia-de-genero"],"aioseo_notices":[],"aioseo_head":"\n\t\t<!-- All in One SEO 5.0.1.1 - aioseo.com -->\n\t<meta name=\"description\" content=\"La Secretaria de las Mujeres, Sonia Rocha Acosta, el Poder Judicial de Quer\u00e9taro y el municipio de Amealco firmaron hoy un convenio para agilizar la atenci\u00f3n legal a mujeres ind\u00edgenas. El acuerdo busca eliminar los tr\u00e1mites\u5197osos y asegurar que las usuarias reciban acompa\u00f1amiento respetuoso de su cultura y lengua. Rocha explic\u00f3 que sumar al Poder\" \/>\n\t<meta name=\"robots\" content=\"max-image-preview:large\" \/>\n\t<meta name=\"author\" content=\"Staff\"\/>\n\t<link rel=\"canonical\" href=\"https:\/\/elprogresivo.mx\/index.php\/2026\/09\/04\/queretaro-firma-convenio-para-justicia-indigena-en-amealco\/\" \/>\n\t<meta name=\"generator\" content=\"All in One SEO (AIOSEO) 5.0.1.1\" \/>\n\t\t<meta property=\"og:locale\" content=\"es_MX\" \/>\n\t\t<meta property=\"og:site_name\" content=\"elprogresivo.mx - Construimos una nueva etapa en informaci\u00f3n\" \/>\n\t\t<meta property=\"og:type\" content=\"article\" \/>\n\t\t<meta property=\"og:title\" content=\"Quer\u00e9taro firma convenio para justicia ind\u00edgena en Amealco - elprogresivo.mx\" \/>\n\t\t<meta property=\"og:description\" content=\"La Secretaria de las Mujeres, Sonia Rocha Acosta, el Poder Judicial de Quer\u00e9taro y el municipio de Amealco firmaron hoy un convenio para agilizar la atenci\u00f3n legal a mujeres ind\u00edgenas. El acuerdo busca eliminar los tr\u00e1mites\u5197osos y asegurar que las usuarias reciban acompa\u00f1amiento respetuoso de su cultura y lengua. Rocha explic\u00f3 que sumar al Poder\" \/>\n\t\t<meta property=\"og:url\" content=\"https:\/\/elprogresivo.mx\/index.php\/2026\/09\/04\/queretaro-firma-convenio-para-justicia-indigena-en-amealco\/\" \/>\n\t\t<meta property=\"og:image\" content=\"https:\/\/elprogresivo.mx\/wp-content\/uploads\/2024\/02\/cropped-LogoBlanco.png\" \/>\n\t\t<meta property=\"og:image:secure_url\" content=\"https:\/\/elprogresivo.mx\/wp-content\/uploads\/2024\/02\/cropped-LogoBlanco.png\" \/>\n\t\t<meta property=\"article:published_time\" content=\"2026-09-04T22:03:18+00:00\" \/>\n\t\t<meta property=\"article:modified_time\" content=\"2026-09-04T22:03:18+00:00\" \/>\n\t\t<meta name=\"twitter:card\" content=\"summary_large_image\" \/>\n\t\t<meta name=\"twitter:title\" content=\"Quer\u00e9taro firma convenio para justicia ind\u00edgena en Amealco - elprogresivo.mx\" \/>\n\t\t<meta name=\"twitter:description\" content=\"La Secretaria de las Mujeres, Sonia Rocha Acosta, el Poder Judicial de Quer\u00e9taro y el municipio de Amealco firmaron hoy un convenio para agilizar la atenci\u00f3n legal a mujeres ind\u00edgenas. El acuerdo busca eliminar los tr\u00e1mites\u5197osos y asegurar que las usuarias reciban acompa\u00f1amiento respetuoso de su cultura y lengua. Rocha explic\u00f3 que sumar al Poder\" \/>\n\t\t<meta name=\"twitter:image\" content=\"https:\/\/elprogresivo.mx\/wp-content\/uploads\/2024\/02\/cropped-LogoBlanco.png\" \/>\n\t\t<script type=\"application\/ld+json\" class=\"aioseo-schema\">\n\t\t\t{\"@context\":\"https:\\\/\\\/schema.org\",\"@graph\":[{\"@type\":\"BlogPosting\",\"@id\":\"https:\\\/\\\/elprogresivo.mx\\\/index.php\\\/2026\\\/09\\\/04\\\/queretaro-firma-convenio-para-justicia-indigena-en-amealco\\\/#blogposting\",\"name\":\"Quer\\u00e9taro firma convenio para justicia ind\\u00edgena en Amealco - elprogresivo.mx\",\"headline\":\"Quer\\u00e9taro firma convenio para justicia ind\\u00edgena en Amealco\",\"author\":{\"@id\":\"https:\\\/\\\/elprogresivo.mx\\\/index.php\\\/author\\\/emmanuel-galvan\\\/#author\"},\"publisher\":{\"@id\":\"https:\\\/\\\/elprogresivo.mx\\\/#organization\"},\"image\":{\"@type\":\"ImageObject\",\"url\":\"https:\\\/\\\/elprogresivo.mx\\\/wp-content\\\/uploads\\\/2026\\\/09\\\/noticia_20260904160303.jpg\",\"width\":1600,\"height\":1200},\"datePublished\":\"2026-09-04T22:03:18+00:00\",\"dateModified\":\"2026-09-04T22:03:18+00:00\",\"inLanguage\":\"es-MX\",\"mainEntityOfPage\":{\"@id\":\"https:\\\/\\\/elprogresivo.mx\\\/index.php\\\/2026\\\/09\\\/04\\\/queretaro-firma-convenio-para-justicia-indigena-en-amealco\\\/#webpage\"},\"isPartOf\":{\"@id\":\"https:\\\/\\\/elprogresivo.mx\\\/index.php\\\/2026\\\/09\\\/04\\\/queretaro-firma-convenio-para-justicia-indigena-en-amealco\\\/#webpage\"},\"articleSection\":\"Blog, Amealco, Mujeres Ind\\u00edgenas, Poder Judicial, Violencia de G\\u00e9nero\"},{\"@type\":\"BreadcrumbList\",\"@id\":\"https:\\\/\\\/elprogresivo.mx\\\/index.php\\\/2026\\\/09\\\/04\\\/queretaro-firma-convenio-para-justicia-indigena-en-amealco\\\/#breadcrumblist\",\"itemListElement\":[{\"@type\":\"ListItem\",\"@id\":\"https:\\\/\\\/elprogresivo.mx#listItem\",\"position\":1,\"name\":\"Home\",\"item\":\"https:\\\/\\\/elprogresivo.mx\",\"nextItem\":{\"@type\":\"ListItem\",\"@id\":\"https:\\\/\\\/elprogresivo.mx\\\/index.php\\\/category\\\/blog\\\/#listItem\",\"name\":\"Blog\"}},{\"@type\":\"ListItem\",\"@id\":\"https:\\\/\\\/elprogresivo.mx\\\/index.php\\\/category\\\/blog\\\/#listItem\",\"position\":2,\"name\":\"Blog\",\"item\":\"https:\\\/\\\/elprogresivo.mx\\\/index.php\\\/category\\\/blog\\\/\",\"nextItem\":{\"@type\":\"ListItem\",\"@id\":\"https:\\\/\\\/elprogresivo.mx\\\/index.php\\\/2026\\\/09\\\/04\\\/queretaro-firma-convenio-para-justicia-indigena-en-amealco\\\/#listItem\",\"name\":\"Quer\\u00e9taro firma convenio para justicia ind\\u00edgena en Amealco\"},\"previousItem\":{\"@type\":\"ListItem\",\"@id\":\"https:\\\/\\\/elprogresivo.mx#listItem\",\"name\":\"Home\"}},{\"@type\":\"ListItem\",\"@id\":\"https:\\\/\\\/elprogresivo.mx\\\/index.php\\\/2026\\\/09\\\/04\\\/queretaro-firma-convenio-para-justicia-indigena-en-amealco\\\/#listItem\",\"position\":3,\"name\":\"Quer\\u00e9taro firma convenio para justicia ind\\u00edgena en Amealco\",\"previousItem\":{\"@type\":\"ListItem\",\"@id\":\"https:\\\/\\\/elprogresivo.mx\\\/index.php\\\/category\\\/blog\\\/#listItem\",\"name\":\"Blog\"}}]},{\"@type\":\"Organization\",\"@id\":\"https:\\\/\\\/elprogresivo.mx\\\/#organization\",\"name\":\"elprogresivo.mx\",\"description\":\"Construimos una nueva etapa en informaci\\u00f3n\",\"url\":\"https:\\\/\\\/elprogresivo.mx\\\/\",\"logo\":{\"@type\":\"ImageObject\",\"url\":\"https:\\\/\\\/elprogresivo.mx\\\/wp-content\\\/uploads\\\/2024\\\/02\\\/cropped-LogoBlanco.png\",\"@id\":\"https:\\\/\\\/elprogresivo.mx\\\/index.php\\\/2026\\\/09\\\/04\\\/queretaro-firma-convenio-para-justicia-indigena-en-amealco\\\/#organizationLogo\",\"width\":2096,\"height\":332},\"image\":{\"@id\":\"https:\\\/\\\/elprogresivo.mx\\\/index.php\\\/2026\\\/09\\\/04\\\/queretaro-firma-convenio-para-justicia-indigena-en-amealco\\\/#organizationLogo\"}},{\"@type\":\"Person\",\"@id\":\"https:\\\/\\\/elprogresivo.mx\\\/index.php\\\/author\\\/emmanuel-galvan\\\/#author\",\"url\":\"https:\\\/\\\/elprogresivo.mx\\\/index.php\\\/author\\\/emmanuel-galvan\\\/\",\"name\":\"Staff\",\"image\":{\"@type\":\"ImageObject\",\"@id\":\"https:\\\/\\\/elprogresivo.mx\\\/index.php\\\/2026\\\/09\\\/04\\\/queretaro-firma-convenio-para-justicia-indigena-en-amealco\\\/#authorImage\",\"url\":\"https:\\\/\\\/secure.gravatar.com\\\/avatar\\\/3bb87242634c3adf910515f41e6e392ab758b98c8ee7fd12a54fcb5270441486?s=96&d=mm&r=g\",\"width\":96,\"height\":96,\"caption\":\"Staff\"}},{\"@type\":\"WebPage\",\"@id\":\"https:\\\/\\\/elprogresivo.mx\\\/index.php\\\/2026\\\/09\\\/04\\\/queretaro-firma-convenio-para-justicia-indigena-en-amealco\\\/#webpage\",\"url\":\"https:\\\/\\\/elprogresivo.mx\\\/index.php\\\/2026\\\/09\\\/04\\\/queretaro-firma-convenio-para-justicia-indigena-en-amealco\\\/\",\"name\":\"Quer\\u00e9taro firma convenio para justicia ind\\u00edgena en Amealco - elprogresivo.mx\",\"description\":\"La Secretaria de las Mujeres, Sonia Rocha Acosta, el Poder Judicial de Quer\\u00e9taro y el municipio de Amealco firmaron hoy un convenio para agilizar la atenci\\u00f3n legal a mujeres ind\\u00edgenas. El acuerdo busca eliminar los tr\\u00e1mites\\u5197osos y asegurar que las usuarias reciban acompa\\u00f1amiento respetuoso de su cultura y lengua. Rocha explic\\u00f3 que sumar al Poder\",\"inLanguage\":\"es-MX\",\"isPartOf\":{\"@id\":\"https:\\\/\\\/elprogresivo.mx\\\/#website\"},\"breadcrumb\":{\"@id\":\"https:\\\/\\\/elprogresivo.mx\\\/index.php\\\/2026\\\/09\\\/04\\\/queretaro-firma-convenio-para-justicia-indigena-en-amealco\\\/#breadcrumblist\"},\"author\":{\"@id\":\"https:\\\/\\\/elprogresivo.mx\\\/index.php\\\/author\\\/emmanuel-galvan\\\/#author\"},\"creator\":{\"@id\":\"https:\\\/\\\/elprogresivo.mx\\\/index.php\\\/author\\\/emmanuel-galvan\\\/#author\"},\"image\":{\"@type\":\"ImageObject\",\"url\":\"https:\\\/\\\/elprogresivo.mx\\\/wp-content\\\/uploads\\\/2026\\\/09\\\/noticia_20260904160303.jpg\",\"@id\":\"https:\\\/\\\/elprogresivo.mx\\\/index.php\\\/2026\\\/09\\\/04\\\/queretaro-firma-convenio-para-justicia-indigena-en-amealco\\\/#mainImage\",\"width\":1600,\"height\":1200},\"primaryImageOfPage\":{\"@id\":\"https:\\\/\\\/elprogresivo.mx\\\/index.php\\\/2026\\\/09\\\/04\\\/queretaro-firma-convenio-para-justicia-indigena-en-amealco\\\/#mainImage\"},\"datePublished\":\"2026-09-04T22:03:18+00:00\",\"dateModified\":\"2026-09-04T22:03:18+00:00\"},{\"@type\":\"WebSite\",\"@id\":\"https:\\\/\\\/elprogresivo.mx\\\/#website\",\"url\":\"https:\\\/\\\/elprogresivo.mx\\\/\",\"name\":\"elprogresivo.mx\",\"description\":\"Construimos una nueva etapa en informaci\\u00f3n\",\"inLanguage\":\"es-MX\",\"publisher\":{\"@id\":\"https:\\\/\\\/elprogresivo.mx\\\/#organization\"}}]}\n\t\t<\/script>\n\t\t<!-- All in One SEO -->\n\n","aioseo_head_json":{"title":"Quer\u00e9taro firma convenio para justicia ind\u00edgena en Amealco - elprogresivo.mx","description":"La Secretaria de las Mujeres, Sonia Rocha Acosta, el Poder Judicial de Quer\u00e9taro y el municipio de Amealco firmaron hoy un convenio para agilizar la atenci\u00f3n legal a mujeres ind\u00edgenas. El acuerdo busca eliminar los tr\u00e1mites\u5197osos y asegurar que las usuarias reciban acompa\u00f1amiento respetuoso de su cultura y lengua. Rocha explic\u00f3 que sumar al Poder","canonical_url":"https:\/\/elprogresivo.mx\/index.php\/2026\/09\/04\/queretaro-firma-convenio-para-justicia-indigena-en-amealco\/","robots":"max-image-preview:large","keywords":"","webmasterTools":{"miscellaneous":""},"schema":{"@context":"https:\/\/schema.org","@graph":[{"@type":"BlogPosting","@id":"https:\/\/elprogresivo.mx\/index.php\/2026\/09\/04\/queretaro-firma-convenio-para-justicia-indigena-en-amealco\/#blogposting","name":"Quer\u00e9taro firma convenio para justicia ind\u00edgena en Amealco - elprogresivo.mx","headline":"Quer\u00e9taro firma convenio para justicia ind\u00edgena en Amealco","author":{"@id":"https:\/\/elprogresivo.mx\/index.php\/author\/emmanuel-galvan\/#author"},"publisher":{"@id":"https:\/\/elprogresivo.mx\/#organization"},"image":{"@type":"ImageObject","url":"https:\/\/elprogresivo.mx\/wp-content\/uploads\/2026\/09\/noticia_20260904160303.jpg","width":1600,"height":1200},"datePublished":"2026-09-04T22:03:18+00:00","dateModified":"2026-09-04T22:03:18+00:00","inLanguage":"es-MX","mainEntityOfPage":{"@id":"https:\/\/elprogresivo.mx\/index.php\/2026\/09\/04\/queretaro-firma-convenio-para-justicia-indigena-en-amealco\/#webpage"},"isPartOf":{"@id":"https:\/\/elprogresivo.mx\/index.php\/2026\/09\/04\/queretaro-firma-convenio-para-justicia-indigena-en-amealco\/#webpage"},"articleSection":"Blog, Amealco, Mujeres Ind\u00edgenas, Poder Judicial, Violencia de G\u00e9nero"},{"@type":"BreadcrumbList","@id":"https:\/\/elprogresivo.mx\/index.php\/2026\/09\/04\/queretaro-firma-convenio-para-justicia-indigena-en-amealco\/#breadcrumblist","itemListElement":[{"@type":"ListItem","@id":"https:\/\/elprogresivo.mx#listItem","position":1,"name":"Home","item":"https:\/\/elprogresivo.mx","nextItem":{"@type":"ListItem","@id":"https:\/\/elprogresivo.mx\/index.php\/category\/blog\/#listItem","name":"Blog"}},{"@type":"ListItem","@id":"https:\/\/elprogresivo.mx\/index.php\/category\/blog\/#listItem","position":2,"name":"Blog","item":"https:\/\/elprogresivo.mx\/index.php\/category\/blog\/","nextItem":{"@type":"ListItem","@id":"https:\/\/elprogresivo.mx\/index.php\/2026\/09\/04\/queretaro-firma-convenio-para-justicia-indigena-en-amealco\/#listItem","name":"Quer\u00e9taro firma convenio para justicia ind\u00edgena en Amealco"},"previousItem":{"@type":"ListItem","@id":"https:\/\/elprogresivo.mx#listItem","name":"Home"}},{"@type":"ListItem","@id":"https:\/\/elprogresivo.mx\/index.php\/2026\/09\/04\/queretaro-firma-convenio-para-justicia-indigena-en-amealco\/#listItem","position":3,"name":"Quer\u00e9taro firma convenio para justicia ind\u00edgena en Amealco","previousItem":{"@type":"ListItem","@id":"https:\/\/elprogresivo.mx\/index.php\/category\/blog\/#listItem","name":"Blog"}}]},{"@type":"Organization","@id":"https:\/\/elprogresivo.mx\/#organization","name":"elprogresivo.mx","description":"Construimos una nueva etapa en informaci\u00f3n","url":"https:\/\/elprogresivo.mx\/","logo":{"@type":"ImageObject","url":"https:\/\/elprogresivo.mx\/wp-content\/uploads\/2024\/02\/cropped-LogoBlanco.png","@id":"https:\/\/elprogresivo.mx\/index.php\/2026\/09\/04\/queretaro-firma-convenio-para-justicia-indigena-en-amealco\/#organizationLogo","width":2096,"height":332},"image":{"@id":"https:\/\/elprogresivo.mx\/index.php\/2026\/09\/04\/queretaro-firma-convenio-para-justicia-indigena-en-amealco\/#organizationLogo"}},{"@type":"Person","@id":"https:\/\/elprogresivo.mx\/index.php\/author\/emmanuel-galvan\/#author","url":"https:\/\/elprogresivo.mx\/index.php\/author\/emmanuel-galvan\/","name":"Staff","image":{"@type":"ImageObject","@id":"https:\/\/elprogresivo.mx\/index.php\/2026\/09\/04\/queretaro-firma-convenio-para-justicia-indigena-en-amealco\/#authorImage","url":"https:\/\/secure.gravatar.com\/avatar\/3bb87242634c3adf910515f41e6e392ab758b98c8ee7fd12a54fcb5270441486?s=96&d=mm&r=g","width":96,"height":96,"caption":"Staff"}},{"@type":"WebPage","@id":"https:\/\/elprogresivo.mx\/index.php\/2026\/09\/04\/queretaro-firma-convenio-para-justicia-indigena-en-amealco\/#webpage","url":"https:\/\/elprogresivo.mx\/index.php\/2026\/09\/04\/queretaro-firma-convenio-para-justicia-indigena-en-amealco\/","name":"Quer\u00e9taro firma convenio para justicia ind\u00edgena en Amealco - elprogresivo.mx","description":"La Secretaria de las Mujeres, Sonia Rocha Acosta, el Poder Judicial de Quer\u00e9taro y el municipio de Amealco firmaron hoy un convenio para agilizar la atenci\u00f3n legal a mujeres ind\u00edgenas. El acuerdo busca eliminar los tr\u00e1mites\u5197osos y asegurar que las usuarias reciban acompa\u00f1amiento respetuoso de su cultura y lengua. Rocha explic\u00f3 que sumar al Poder","inLanguage":"es-MX","isPartOf":{"@id":"https:\/\/elprogresivo.mx\/#website"},"breadcrumb":{"@id":"https:\/\/elprogresivo.mx\/index.php\/2026\/09\/04\/queretaro-firma-convenio-para-justicia-indigena-en-amealco\/#breadcrumblist"},"author":{"@id":"https:\/\/elprogresivo.mx\/index.php\/author\/emmanuel-galvan\/#author"},"creator":{"@id":"https:\/\/elprogresivo.mx\/index.php\/author\/emmanuel-galvan\/#author"},"image":{"@type":"ImageObject","url":"https:\/\/elprogresivo.mx\/wp-content\/uploads\/2026\/09\/noticia_20260904160303.jpg","@id":"https:\/\/elprogresivo.mx\/index.php\/2026\/09\/04\/queretaro-firma-convenio-para-justicia-indigena-en-amealco\/#mainImage","width":1600,"height":1200},"primaryImageOfPage":{"@id":"https:\/\/elprogresivo.mx\/index.php\/2026\/09\/04\/queretaro-firma-convenio-para-justicia-indigena-en-amealco\/#mainImage"},"datePublished":"2026-09-04T22:03:18+00:00","dateModified":"2026-09-04T22:03:18+00:00"},{"@type":"WebSite","@id":"https:\/\/elprogresivo.mx\/#website","url":"https:\/\/elprogresivo.mx\/","name":"elprogresivo.mx","description":"Construimos una nueva etapa en informaci\u00f3n","inLanguage":"es-MX","publisher":{"@id":"https:\/\/elprogresivo.mx\/#organization"}}]},"og:locale":"es_MX","og:site_name":"elprogresivo.mx - Construimos una nueva etapa en informaci\u00f3n","og:type":"article","og:title":"Quer\u00e9taro firma convenio para justicia ind\u00edgena en Amealco - elprogresivo.mx","og:description":"La Secretaria de las Mujeres, Sonia Rocha Acosta, el Poder Judicial de Quer\u00e9taro y el municipio de Amealco firmaron hoy un convenio para agilizar la atenci\u00f3n legal a mujeres ind\u00edgenas. El acuerdo busca eliminar los tr\u00e1mites\u5197osos y asegurar que las usuarias reciban acompa\u00f1amiento respetuoso de su cultura y lengua. Rocha explic\u00f3 que sumar al Poder","og:url":"https:\/\/elprogresivo.mx\/index.php\/2026\/09\/04\/queretaro-firma-convenio-para-justicia-indigena-en-amealco\/","og:image":"https:\/\/elprogresivo.mx\/wp-content\/uploads\/2024\/02\/cropped-LogoBlanco.png","og:image:secure_url":"https:\/\/elprogresivo.mx\/wp-content\/uploads\/2024\/02\/cropped-LogoBlanco.png","article:published_time":"2026-09-04T22:03:18+00:00","article:modified_time":"2026-09-04T22:03:18+00:00","twitter:card":"summary_large_image","twitter:title":"Quer\u00e9taro firma convenio para justicia ind\u00edgena en Amealco - elprogresivo.mx","twitter:description":"La Secretaria de las Mujeres, Sonia Rocha Acosta, el Poder Judicial de Quer\u00e9taro y el municipio de Amealco firmaron hoy un convenio para agilizar la atenci\u00f3n legal a mujeres ind\u00edgenas. El acuerdo busca eliminar los tr\u00e1mites\u5197osos y asegurar que las usuarias reciban acompa\u00f1amiento respetuoso de su cultura y lengua. Rocha explic\u00f3 que sumar al Poder","twitter:image":"https:\/\/elprogresivo.mx\/wp-content\/uploads\/2024\/02\/cropped-LogoBlanco.png"},"aioseo_meta_data":{"post_id":"5070","title":null,"description":null,"keywords":null,"keyphrases":{"focus":[],"additional":[]},"primary_term":null,"canonical_url":null,"og_title":null,"og_description":null,"og_object_type":"default","og_image_type":"default","og_image_url":null,"og_image_width":null,"og_image_height":null,"og_image_custom_url":null,"og_image_custom_fields":null,"og_video":null,"og_custom_url":null,"og_article_section":null,"og_article_tags":null,"twitter_use_og":false,"twitter_card":"default","twitter_image_type":"default","twitter_image_url":null,"twitter_image_custom_url":null,"twitter_image_custom_fields":null,"twitter_title":null,"twitter_description":null,"schema":{"blockGraphs":[],"customGraphs":[],"default":{"data":{"Article":[],"Course":[],"Dataset":[],"FAQPage":[],"Movie":[],"Person":[],"Product":[],"ProductReview":[],"Car":[],"Recipe":[],"Service":[],"SoftwareApplication":[],"WebPage":[]},"graphName":"","isEnabled":true},"graphs":[]},"schema_type":"default","schema_type_options":null,"pillar_content":false,"robots_default":true,"robots_noindex":false,"robots_noarchive":false,"robots_nosnippet":false,"robots_nofollow":false,"robots_noimageindex":false,"robots_noodp":false,"robots_notranslate":false,"robots_max_snippet":null,"robots_max_videopreview":null,"robots_max_imagepreview":"large","priority":null,"frequency":null,"local_seo":null,"limit_modified_date":false,"created":"2026-09-04 22:33:16","updated":"2026-09-04 23:03:20","ai":null,"breadcrumb_settings":null,"seo_analyzer_scan_date":null,"focus_keyword":null,"additional_keywords":null,"truseo_locale":null},"aioseo_breadcrumb":"<div class=\"aioseo-breadcrumbs\"><span class=\"aioseo-breadcrumb\">\n\t\t\t<a href=\"https:\/\/elprogresivo.mx\" title=\"Home\">Home<\/a>\n\t\t<\/span><span class=\"aioseo-breadcrumb-separator\">&raquo;<\/span><span class=\"aioseo-breadcrumb\">\n\t\t\t<a href=\"https:\/\/elprogresivo.mx\/index.php\/category\/blog\/\" title=\"Blog\">Blog<\/a>\n\t\t<\/span><span class=\"aioseo-breadcrumb-separator\">&raquo;<\/span><span class=\"aioseo-breadcrumb\">\n\t\t\tQuer\u00e9taro firma convenio para justicia ind\u00edgena en Amealco\n\t\t<\/span><\/div>","aioseo_breadcrumb_json":[{"label":"Home","link":"https:\/\/elprogresivo.mx"},{"label":"Blog","link":"https:\/\/elprogresivo.mx\/index.php\/category\/blog\/"},{"label":"Quer\u00e9taro firma convenio para justicia ind\u00edgena en Amealco","link":"https:\/\/elprogresivo.mx\/index.php\/2026\/09\/04\/queretaro-firma-convenio-para-justicia-indigena-en-amealco\/"}],"jetpack_publicize_connections":[],"_links":{"self":[{"href":"https:\/\/elprogresivo.mx\/index.php\/wp-json\/wp\/v2\/posts\/5070","targetHints":{"allow":["GET"]}}],"collection":[{"href":"https:\/\/elprogresivo.mx\/index.php\/wp-json\/wp\/v2\/posts"}],"about":[{"href":"https:\/\/elprogresivo.mx\/index.php\/wp-json\/wp\/v2\/types\/post"}],"author":[{"embeddable":true,"href":"https:\/\/elprogresivo.mx\/index.php\/wp-json\/wp\/v2\/users\/5"}],"replies":[{"embeddable":true,"href":"https:\/\/elprogresivo.mx\/index.php\/wp-json\/wp\/v2\/comments?post=5070"}],"version-history":[{"count":0,"href":"https:\/\/elprogresivo.mx\/index.php\/wp-json\/wp\/v2\/posts\/5070\/revisions"}],"wp:featuredmedia":[{"embeddable":true,"href":"https:\/\/elprogresivo.mx\/index.php\/wp-json\/wp\/v2\/media\/5069"}],"wp:attachment":[{"href":"https:\/\/elprogresivo.mx\/index.php\/wp-json\/wp\/v2\/media?parent=5070"}],"wp:term":[{"taxonomy":"category","embeddable":true,"href":"https:\/\/elprogresivo.mx\/index.php\/wp-json\/wp\/v2\/categories?post=5070"},{"taxonomy":"post_tag","embeddable":true,"href":"https:\/\/elprogresivo.mx\/index.php\/wp-json\/wp\/v2\/tags?post=5070"}],"curies":[{"name":"wp","href":"https:\/\/api.w.org\/{rel}","templated":true}]}}