{"id":5054,"date":"2026-09-04T15:39:45","date_gmt":"2026-09-04T15:39:45","guid":{"rendered":"https:\/\/elprogresivo.mx\/index.php\/2026\/09\/04\/cirujanos-de-la-zona-centro-se-reunen-en-queretaro\/"},"modified":"2026-09-04T15:39:45","modified_gmt":"2026-09-04T15:39:45","slug":"cirujanos-de-la-zona-centro-se-reunen-en-queretaro","status":"publish","type":"post","link":"https:\/\/elprogresivo.mx\/index.php\/2026\/09\/04\/cirujanos-de-la-zona-centro-se-reunen-en-queretaro\/","title":{"rendered":"Cirujanos de la zona centro se re\u00fanen en Quer\u00e9taro"},"content":{"rendered":"<p>M\u00e9dicos especialistas de cinco estados se juntan en Quer\u00e9taro para poner al d\u00eda sus t\u00e9cnicas quir\u00fargicas y compartir casos cl\u00ednicos. La Reuni\u00f3n Regional Centro de la Asociaci\u00f3n Mexicana de Cirug\u00eda General re\u00fane a cirujanos, profesores, residentes y estudiantes del 3 al 5 de septiembre.<\/p>\n<p>Mar\u00eda Martina P\u00e9rez Rend\u00f3n, titular de la Secretar\u00eda de Salud del estado, abri\u00f3 el evento con especialistas de la Ciudad de M\u00e9xico, Estado de M\u00e9xico, Hidalgo, Morelos y Quer\u00e9taro. &#8220;La cirug\u00eda general es una de las \u00e1reas fundamentales de la medicina, pues detr\u00e1s de cada procedimiento existen conocimiento, experiencia, precisi\u00f3n y una gran responsabilidad: cuidar la vida y contribuir a recuperar la salud de las personas que depositan su confianza en el personal m\u00e9dico&#8221;, se\u00f1al\u00f3 la funcionaria.<\/p>\n<p>P\u00e9rez Rend\u00f3n explic\u00f3 que la medicina cambia y la tecnolog\u00eda avanza. Por eso, es necesario que los doctores compartan sus experiencias y analicen qu\u00e9 m\u00e9todos funcionan mejor en el quir\u00f3fano. El objetivo es tomar decisiones cl\u00ednicas m\u00e1s acertadas y mejorar la seguridad de los pacientes.<\/p>\n<p>En la ceremonia tambi\u00e9n hablaron Elia Carolina Centeno R\u00edos, presidenta del Colegio de Especialistas de Cirug\u00eda General de Quer\u00e9taro; Mar\u00eda del Carmen Barradas Guevara, coordinadora nacional de reuniones de la asociaci\u00f3n; Jes\u00fas Vega Malag\u00f3n, ex presidente del gremio, y Enrique Borbolla Garc\u00eda, director del Hospital Moscati.<\/p>\n","protected":false},"excerpt":{"rendered":"<p>M\u00e9dicos especialistas de cinco estados se juntan en Quer\u00e9taro para poner al d\u00eda sus t\u00e9cnicas&#8230;<\/p>\n","protected":false},"author":5,"featured_media":5053,"comment_status":"open","ping_status":"open","sticky":false,"template":"","format":"standard","meta":{"om_disable_all_campaigns":false,"_monsterinsights_skip_tracking":false,"footnotes":"","jetpack_publicize_message":"","jetpack_publicize_feature_enabled":true,"jetpack_social_post_already_shared":true,"jetpack_social_options":{"image_generator_settings":{"template":"highway","default_image_id":0,"font":"","enabled":false},"version":2}},"categories":[1,71],"tags":[876,205,3364,3365,2561],"class_list":["post-5054","post","type-post","status-publish","format-standard","has-post-thumbnail","hentry","category-blog","category-principal","tag-300-anos-acueducto-queretaro-el-marques","tag-casas-de-salud-corregidora","tag-cirugia-general","tag-educacion-medica","tag-medicina-familiar"],"aioseo_notices":[],"aioseo_head":"\n\t\t<!-- All in One SEO 5.0.1.1 - aioseo.com -->\n\t<meta name=\"description\" content=\"M\u00e9dicos especialistas de cinco estados se juntan en Quer\u00e9taro para poner al d\u00eda sus t\u00e9cnicas quir\u00fargicas y compartir casos cl\u00ednicos. La Reuni\u00f3n Regional Centro de la Asociaci\u00f3n Mexicana de Cirug\u00eda General re\u00fane a cirujanos, profesores, residentes y estudiantes del 3 al 5 de septiembre. Mar\u00eda Martina P\u00e9rez Rend\u00f3n, titular de la Secretar\u00eda de Salud del\" \/>\n\t<meta name=\"robots\" content=\"max-image-preview:large\" \/>\n\t<meta name=\"author\" content=\"Staff\"\/>\n\t<link rel=\"canonical\" href=\"https:\/\/elprogresivo.mx\/index.php\/2026\/09\/04\/cirujanos-de-la-zona-centro-se-reunen-en-queretaro\/\" \/>\n\t<meta name=\"generator\" content=\"All in One SEO (AIOSEO) 5.0.1.1\" \/>\n\t\t<meta property=\"og:locale\" content=\"es_MX\" \/>\n\t\t<meta property=\"og:site_name\" content=\"elprogresivo.mx - Construimos una nueva etapa en informaci\u00f3n\" \/>\n\t\t<meta property=\"og:type\" content=\"article\" \/>\n\t\t<meta property=\"og:title\" content=\"Cirujanos de la zona centro se re\u00fanen en Quer\u00e9taro - elprogresivo.mx\" \/>\n\t\t<meta property=\"og:description\" content=\"M\u00e9dicos especialistas de cinco estados se juntan en Quer\u00e9taro para poner al d\u00eda sus t\u00e9cnicas quir\u00fargicas y compartir casos cl\u00ednicos. La Reuni\u00f3n Regional Centro de la Asociaci\u00f3n Mexicana de Cirug\u00eda General re\u00fane a cirujanos, profesores, residentes y estudiantes del 3 al 5 de septiembre. Mar\u00eda Martina P\u00e9rez Rend\u00f3n, titular de la Secretar\u00eda de Salud del\" \/>\n\t\t<meta property=\"og:url\" content=\"https:\/\/elprogresivo.mx\/index.php\/2026\/09\/04\/cirujanos-de-la-zona-centro-se-reunen-en-queretaro\/\" \/>\n\t\t<meta property=\"og:image\" content=\"https:\/\/elprogresivo.mx\/wp-content\/uploads\/2024\/02\/cropped-LogoBlanco.png\" \/>\n\t\t<meta property=\"og:image:secure_url\" content=\"https:\/\/elprogresivo.mx\/wp-content\/uploads\/2024\/02\/cropped-LogoBlanco.png\" \/>\n\t\t<meta property=\"article:published_time\" content=\"2026-09-04T15:39:45+00:00\" \/>\n\t\t<meta property=\"article:modified_time\" content=\"2026-09-04T15:39:45+00:00\" \/>\n\t\t<meta name=\"twitter:card\" content=\"summary_large_image\" \/>\n\t\t<meta name=\"twitter:title\" content=\"Cirujanos de la zona centro se re\u00fanen en Quer\u00e9taro - elprogresivo.mx\" \/>\n\t\t<meta name=\"twitter:description\" content=\"M\u00e9dicos especialistas de cinco estados se juntan en Quer\u00e9taro para poner al d\u00eda sus t\u00e9cnicas quir\u00fargicas y compartir casos cl\u00ednicos. La Reuni\u00f3n Regional Centro de la Asociaci\u00f3n Mexicana de Cirug\u00eda General re\u00fane a cirujanos, profesores, residentes y estudiantes del 3 al 5 de septiembre. Mar\u00eda Martina P\u00e9rez Rend\u00f3n, titular de la Secretar\u00eda de Salud del\" \/>\n\t\t<meta name=\"twitter:image\" content=\"https:\/\/elprogresivo.mx\/wp-content\/uploads\/2024\/02\/cropped-LogoBlanco.png\" \/>\n\t\t<script type=\"application\/ld+json\" class=\"aioseo-schema\">\n\t\t\t{\"@context\":\"https:\\\/\\\/schema.org\",\"@graph\":[{\"@type\":\"BlogPosting\",\"@id\":\"https:\\\/\\\/elprogresivo.mx\\\/index.php\\\/2026\\\/09\\\/04\\\/cirujanos-de-la-zona-centro-se-reunen-en-queretaro\\\/#blogposting\",\"name\":\"Cirujanos de la zona centro se re\\u00fanen en Quer\\u00e9taro - elprogresivo.mx\",\"headline\":\"Cirujanos de la zona centro se re\\u00fanen en Quer\\u00e9taro\",\"author\":{\"@id\":\"https:\\\/\\\/elprogresivo.mx\\\/index.php\\\/author\\\/emmanuel-galvan\\\/#author\"},\"publisher\":{\"@id\":\"https:\\\/\\\/elprogresivo.mx\\\/#organization\"},\"image\":{\"@type\":\"ImageObject\",\"url\":\"https:\\\/\\\/elprogresivo.mx\\\/wp-content\\\/uploads\\\/2026\\\/09\\\/noticia_20260904093932.jpg\",\"width\":1470,\"height\":980},\"datePublished\":\"2026-09-04T15:39:45+00:00\",\"dateModified\":\"2026-09-04T15:39:45+00:00\",\"inLanguage\":\"es-MX\",\"mainEntityOfPage\":{\"@id\":\"https:\\\/\\\/elprogresivo.mx\\\/index.php\\\/2026\\\/09\\\/04\\\/cirujanos-de-la-zona-centro-se-reunen-en-queretaro\\\/#webpage\"},\"isPartOf\":{\"@id\":\"https:\\\/\\\/elprogresivo.mx\\\/index.php\\\/2026\\\/09\\\/04\\\/cirujanos-de-la-zona-centro-se-reunen-en-queretaro\\\/#webpage\"},\"articleSection\":\"Blog, Principal, 300 a\\u00f1os Acueducto Quer\\u00e9taro El Marqu\\u00e9s, Casas de Salud Corregidora, Cirug\\u00eda General, Educaci\\u00f3n M\\u00e9dica, Medicina Familiar\"},{\"@type\":\"BreadcrumbList\",\"@id\":\"https:\\\/\\\/elprogresivo.mx\\\/index.php\\\/2026\\\/09\\\/04\\\/cirujanos-de-la-zona-centro-se-reunen-en-queretaro\\\/#breadcrumblist\",\"itemListElement\":[{\"@type\":\"ListItem\",\"@id\":\"https:\\\/\\\/elprogresivo.mx#listItem\",\"position\":1,\"name\":\"Home\",\"item\":\"https:\\\/\\\/elprogresivo.mx\",\"nextItem\":{\"@type\":\"ListItem\",\"@id\":\"https:\\\/\\\/elprogresivo.mx\\\/index.php\\\/category\\\/blog\\\/#listItem\",\"name\":\"Blog\"}},{\"@type\":\"ListItem\",\"@id\":\"https:\\\/\\\/elprogresivo.mx\\\/index.php\\\/category\\\/blog\\\/#listItem\",\"position\":2,\"name\":\"Blog\",\"item\":\"https:\\\/\\\/elprogresivo.mx\\\/index.php\\\/category\\\/blog\\\/\",\"nextItem\":{\"@type\":\"ListItem\",\"@id\":\"https:\\\/\\\/elprogresivo.mx\\\/index.php\\\/2026\\\/09\\\/04\\\/cirujanos-de-la-zona-centro-se-reunen-en-queretaro\\\/#listItem\",\"name\":\"Cirujanos de la zona centro se re\\u00fanen en Quer\\u00e9taro\"},\"previousItem\":{\"@type\":\"ListItem\",\"@id\":\"https:\\\/\\\/elprogresivo.mx#listItem\",\"name\":\"Home\"}},{\"@type\":\"ListItem\",\"@id\":\"https:\\\/\\\/elprogresivo.mx\\\/index.php\\\/2026\\\/09\\\/04\\\/cirujanos-de-la-zona-centro-se-reunen-en-queretaro\\\/#listItem\",\"position\":3,\"name\":\"Cirujanos de la zona centro se re\\u00fanen en Quer\\u00e9taro\",\"previousItem\":{\"@type\":\"ListItem\",\"@id\":\"https:\\\/\\\/elprogresivo.mx\\\/index.php\\\/category\\\/blog\\\/#listItem\",\"name\":\"Blog\"}}]},{\"@type\":\"Organization\",\"@id\":\"https:\\\/\\\/elprogresivo.mx\\\/#organization\",\"name\":\"elprogresivo.mx\",\"description\":\"Construimos una nueva etapa en informaci\\u00f3n\",\"url\":\"https:\\\/\\\/elprogresivo.mx\\\/\",\"logo\":{\"@type\":\"ImageObject\",\"url\":\"https:\\\/\\\/elprogresivo.mx\\\/wp-content\\\/uploads\\\/2024\\\/02\\\/cropped-LogoBlanco.png\",\"@id\":\"https:\\\/\\\/elprogresivo.mx\\\/index.php\\\/2026\\\/09\\\/04\\\/cirujanos-de-la-zona-centro-se-reunen-en-queretaro\\\/#organizationLogo\",\"width\":2096,\"height\":332},\"image\":{\"@id\":\"https:\\\/\\\/elprogresivo.mx\\\/index.php\\\/2026\\\/09\\\/04\\\/cirujanos-de-la-zona-centro-se-reunen-en-queretaro\\\/#organizationLogo\"}},{\"@type\":\"Person\",\"@id\":\"https:\\\/\\\/elprogresivo.mx\\\/index.php\\\/author\\\/emmanuel-galvan\\\/#author\",\"url\":\"https:\\\/\\\/elprogresivo.mx\\\/index.php\\\/author\\\/emmanuel-galvan\\\/\",\"name\":\"Staff\",\"image\":{\"@type\":\"ImageObject\",\"@id\":\"https:\\\/\\\/elprogresivo.mx\\\/index.php\\\/2026\\\/09\\\/04\\\/cirujanos-de-la-zona-centro-se-reunen-en-queretaro\\\/#authorImage\",\"url\":\"https:\\\/\\\/secure.gravatar.com\\\/avatar\\\/3bb87242634c3adf910515f41e6e392ab758b98c8ee7fd12a54fcb5270441486?s=96&d=mm&r=g\",\"width\":96,\"height\":96,\"caption\":\"Staff\"}},{\"@type\":\"WebPage\",\"@id\":\"https:\\\/\\\/elprogresivo.mx\\\/index.php\\\/2026\\\/09\\\/04\\\/cirujanos-de-la-zona-centro-se-reunen-en-queretaro\\\/#webpage\",\"url\":\"https:\\\/\\\/elprogresivo.mx\\\/index.php\\\/2026\\\/09\\\/04\\\/cirujanos-de-la-zona-centro-se-reunen-en-queretaro\\\/\",\"name\":\"Cirujanos de la zona centro se re\\u00fanen en Quer\\u00e9taro - elprogresivo.mx\",\"description\":\"M\\u00e9dicos especialistas de cinco estados se juntan en Quer\\u00e9taro para poner al d\\u00eda sus t\\u00e9cnicas quir\\u00fargicas y compartir casos cl\\u00ednicos. La Reuni\\u00f3n Regional Centro de la Asociaci\\u00f3n Mexicana de Cirug\\u00eda General re\\u00fane a cirujanos, profesores, residentes y estudiantes del 3 al 5 de septiembre. Mar\\u00eda Martina P\\u00e9rez Rend\\u00f3n, titular de la Secretar\\u00eda de Salud del\",\"inLanguage\":\"es-MX\",\"isPartOf\":{\"@id\":\"https:\\\/\\\/elprogresivo.mx\\\/#website\"},\"breadcrumb\":{\"@id\":\"https:\\\/\\\/elprogresivo.mx\\\/index.php\\\/2026\\\/09\\\/04\\\/cirujanos-de-la-zona-centro-se-reunen-en-queretaro\\\/#breadcrumblist\"},\"author\":{\"@id\":\"https:\\\/\\\/elprogresivo.mx\\\/index.php\\\/author\\\/emmanuel-galvan\\\/#author\"},\"creator\":{\"@id\":\"https:\\\/\\\/elprogresivo.mx\\\/index.php\\\/author\\\/emmanuel-galvan\\\/#author\"},\"image\":{\"@type\":\"ImageObject\",\"url\":\"https:\\\/\\\/elprogresivo.mx\\\/wp-content\\\/uploads\\\/2026\\\/09\\\/noticia_20260904093932.jpg\",\"@id\":\"https:\\\/\\\/elprogresivo.mx\\\/index.php\\\/2026\\\/09\\\/04\\\/cirujanos-de-la-zona-centro-se-reunen-en-queretaro\\\/#mainImage\",\"width\":1470,\"height\":980},\"primaryImageOfPage\":{\"@id\":\"https:\\\/\\\/elprogresivo.mx\\\/index.php\\\/2026\\\/09\\\/04\\\/cirujanos-de-la-zona-centro-se-reunen-en-queretaro\\\/#mainImage\"},\"datePublished\":\"2026-09-04T15:39:45+00:00\",\"dateModified\":\"2026-09-04T15:39:45+00:00\"},{\"@type\":\"WebSite\",\"@id\":\"https:\\\/\\\/elprogresivo.mx\\\/#website\",\"url\":\"https:\\\/\\\/elprogresivo.mx\\\/\",\"name\":\"elprogresivo.mx\",\"description\":\"Construimos una nueva etapa en informaci\\u00f3n\",\"inLanguage\":\"es-MX\",\"publisher\":{\"@id\":\"https:\\\/\\\/elprogresivo.mx\\\/#organization\"}}]}\n\t\t<\/script>\n\t\t<!-- All in One SEO -->\n\n","aioseo_head_json":{"title":"Cirujanos de la zona centro se re\u00fanen en Quer\u00e9taro - elprogresivo.mx","description":"M\u00e9dicos especialistas de cinco estados se juntan en Quer\u00e9taro para poner al d\u00eda sus t\u00e9cnicas quir\u00fargicas y compartir casos cl\u00ednicos. La Reuni\u00f3n Regional Centro de la Asociaci\u00f3n Mexicana de Cirug\u00eda General re\u00fane a cirujanos, profesores, residentes y estudiantes del 3 al 5 de septiembre. Mar\u00eda Martina P\u00e9rez Rend\u00f3n, titular de la Secretar\u00eda de Salud del","canonical_url":"https:\/\/elprogresivo.mx\/index.php\/2026\/09\/04\/cirujanos-de-la-zona-centro-se-reunen-en-queretaro\/","robots":"max-image-preview:large","keywords":"","webmasterTools":{"miscellaneous":""},"schema":{"@context":"https:\/\/schema.org","@graph":[{"@type":"BlogPosting","@id":"https:\/\/elprogresivo.mx\/index.php\/2026\/09\/04\/cirujanos-de-la-zona-centro-se-reunen-en-queretaro\/#blogposting","name":"Cirujanos de la zona centro se re\u00fanen en Quer\u00e9taro - elprogresivo.mx","headline":"Cirujanos de la zona centro se re\u00fanen en Quer\u00e9taro","author":{"@id":"https:\/\/elprogresivo.mx\/index.php\/author\/emmanuel-galvan\/#author"},"publisher":{"@id":"https:\/\/elprogresivo.mx\/#organization"},"image":{"@type":"ImageObject","url":"https:\/\/elprogresivo.mx\/wp-content\/uploads\/2026\/09\/noticia_20260904093932.jpg","width":1470,"height":980},"datePublished":"2026-09-04T15:39:45+00:00","dateModified":"2026-09-04T15:39:45+00:00","inLanguage":"es-MX","mainEntityOfPage":{"@id":"https:\/\/elprogresivo.mx\/index.php\/2026\/09\/04\/cirujanos-de-la-zona-centro-se-reunen-en-queretaro\/#webpage"},"isPartOf":{"@id":"https:\/\/elprogresivo.mx\/index.php\/2026\/09\/04\/cirujanos-de-la-zona-centro-se-reunen-en-queretaro\/#webpage"},"articleSection":"Blog, Principal, 300 a\u00f1os Acueducto Quer\u00e9taro El Marqu\u00e9s, Casas de Salud Corregidora, Cirug\u00eda General, Educaci\u00f3n M\u00e9dica, Medicina Familiar"},{"@type":"BreadcrumbList","@id":"https:\/\/elprogresivo.mx\/index.php\/2026\/09\/04\/cirujanos-de-la-zona-centro-se-reunen-en-queretaro\/#breadcrumblist","itemListElement":[{"@type":"ListItem","@id":"https:\/\/elprogresivo.mx#listItem","position":1,"name":"Home","item":"https:\/\/elprogresivo.mx","nextItem":{"@type":"ListItem","@id":"https:\/\/elprogresivo.mx\/index.php\/category\/blog\/#listItem","name":"Blog"}},{"@type":"ListItem","@id":"https:\/\/elprogresivo.mx\/index.php\/category\/blog\/#listItem","position":2,"name":"Blog","item":"https:\/\/elprogresivo.mx\/index.php\/category\/blog\/","nextItem":{"@type":"ListItem","@id":"https:\/\/elprogresivo.mx\/index.php\/2026\/09\/04\/cirujanos-de-la-zona-centro-se-reunen-en-queretaro\/#listItem","name":"Cirujanos de la zona centro se re\u00fanen en Quer\u00e9taro"},"previousItem":{"@type":"ListItem","@id":"https:\/\/elprogresivo.mx#listItem","name":"Home"}},{"@type":"ListItem","@id":"https:\/\/elprogresivo.mx\/index.php\/2026\/09\/04\/cirujanos-de-la-zona-centro-se-reunen-en-queretaro\/#listItem","position":3,"name":"Cirujanos de la zona centro se re\u00fanen en Quer\u00e9taro","previousItem":{"@type":"ListItem","@id":"https:\/\/elprogresivo.mx\/index.php\/category\/blog\/#listItem","name":"Blog"}}]},{"@type":"Organization","@id":"https:\/\/elprogresivo.mx\/#organization","name":"elprogresivo.mx","description":"Construimos una nueva etapa en informaci\u00f3n","url":"https:\/\/elprogresivo.mx\/","logo":{"@type":"ImageObject","url":"https:\/\/elprogresivo.mx\/wp-content\/uploads\/2024\/02\/cropped-LogoBlanco.png","@id":"https:\/\/elprogresivo.mx\/index.php\/2026\/09\/04\/cirujanos-de-la-zona-centro-se-reunen-en-queretaro\/#organizationLogo","width":2096,"height":332},"image":{"@id":"https:\/\/elprogresivo.mx\/index.php\/2026\/09\/04\/cirujanos-de-la-zona-centro-se-reunen-en-queretaro\/#organizationLogo"}},{"@type":"Person","@id":"https:\/\/elprogresivo.mx\/index.php\/author\/emmanuel-galvan\/#author","url":"https:\/\/elprogresivo.mx\/index.php\/author\/emmanuel-galvan\/","name":"Staff","image":{"@type":"ImageObject","@id":"https:\/\/elprogresivo.mx\/index.php\/2026\/09\/04\/cirujanos-de-la-zona-centro-se-reunen-en-queretaro\/#authorImage","url":"https:\/\/secure.gravatar.com\/avatar\/3bb87242634c3adf910515f41e6e392ab758b98c8ee7fd12a54fcb5270441486?s=96&d=mm&r=g","width":96,"height":96,"caption":"Staff"}},{"@type":"WebPage","@id":"https:\/\/elprogresivo.mx\/index.php\/2026\/09\/04\/cirujanos-de-la-zona-centro-se-reunen-en-queretaro\/#webpage","url":"https:\/\/elprogresivo.mx\/index.php\/2026\/09\/04\/cirujanos-de-la-zona-centro-se-reunen-en-queretaro\/","name":"Cirujanos de la zona centro se re\u00fanen en Quer\u00e9taro - elprogresivo.mx","description":"M\u00e9dicos especialistas de cinco estados se juntan en Quer\u00e9taro para poner al d\u00eda sus t\u00e9cnicas quir\u00fargicas y compartir casos cl\u00ednicos. La Reuni\u00f3n Regional Centro de la Asociaci\u00f3n Mexicana de Cirug\u00eda General re\u00fane a cirujanos, profesores, residentes y estudiantes del 3 al 5 de septiembre. Mar\u00eda Martina P\u00e9rez Rend\u00f3n, titular de la Secretar\u00eda de Salud del","inLanguage":"es-MX","isPartOf":{"@id":"https:\/\/elprogresivo.mx\/#website"},"breadcrumb":{"@id":"https:\/\/elprogresivo.mx\/index.php\/2026\/09\/04\/cirujanos-de-la-zona-centro-se-reunen-en-queretaro\/#breadcrumblist"},"author":{"@id":"https:\/\/elprogresivo.mx\/index.php\/author\/emmanuel-galvan\/#author"},"creator":{"@id":"https:\/\/elprogresivo.mx\/index.php\/author\/emmanuel-galvan\/#author"},"image":{"@type":"ImageObject","url":"https:\/\/elprogresivo.mx\/wp-content\/uploads\/2026\/09\/noticia_20260904093932.jpg","@id":"https:\/\/elprogresivo.mx\/index.php\/2026\/09\/04\/cirujanos-de-la-zona-centro-se-reunen-en-queretaro\/#mainImage","width":1470,"height":980},"primaryImageOfPage":{"@id":"https:\/\/elprogresivo.mx\/index.php\/2026\/09\/04\/cirujanos-de-la-zona-centro-se-reunen-en-queretaro\/#mainImage"},"datePublished":"2026-09-04T15:39:45+00:00","dateModified":"2026-09-04T15:39:45+00:00"},{"@type":"WebSite","@id":"https:\/\/elprogresivo.mx\/#website","url":"https:\/\/elprogresivo.mx\/","name":"elprogresivo.mx","description":"Construimos una nueva etapa en informaci\u00f3n","inLanguage":"es-MX","publisher":{"@id":"https:\/\/elprogresivo.mx\/#organization"}}]},"og:locale":"es_MX","og:site_name":"elprogresivo.mx - Construimos una nueva etapa en informaci\u00f3n","og:type":"article","og:title":"Cirujanos de la zona centro se re\u00fanen en Quer\u00e9taro - elprogresivo.mx","og:description":"M\u00e9dicos especialistas de cinco estados se juntan en Quer\u00e9taro para poner al d\u00eda sus t\u00e9cnicas quir\u00fargicas y compartir casos cl\u00ednicos. La Reuni\u00f3n Regional Centro de la Asociaci\u00f3n Mexicana de Cirug\u00eda General re\u00fane a cirujanos, profesores, residentes y estudiantes del 3 al 5 de septiembre. Mar\u00eda Martina P\u00e9rez Rend\u00f3n, titular de la Secretar\u00eda de Salud del","og:url":"https:\/\/elprogresivo.mx\/index.php\/2026\/09\/04\/cirujanos-de-la-zona-centro-se-reunen-en-queretaro\/","og:image":"https:\/\/elprogresivo.mx\/wp-content\/uploads\/2024\/02\/cropped-LogoBlanco.png","og:image:secure_url":"https:\/\/elprogresivo.mx\/wp-content\/uploads\/2024\/02\/cropped-LogoBlanco.png","article:published_time":"2026-09-04T15:39:45+00:00","article:modified_time":"2026-09-04T15:39:45+00:00","twitter:card":"summary_large_image","twitter:title":"Cirujanos de la zona centro se re\u00fanen en Quer\u00e9taro - elprogresivo.mx","twitter:description":"M\u00e9dicos especialistas de cinco estados se juntan en Quer\u00e9taro para poner al d\u00eda sus t\u00e9cnicas quir\u00fargicas y compartir casos cl\u00ednicos. La Reuni\u00f3n Regional Centro de la Asociaci\u00f3n Mexicana de Cirug\u00eda General re\u00fane a cirujanos, profesores, residentes y estudiantes del 3 al 5 de septiembre. Mar\u00eda Martina P\u00e9rez Rend\u00f3n, titular de la Secretar\u00eda de Salud del","twitter:image":"https:\/\/elprogresivo.mx\/wp-content\/uploads\/2024\/02\/cropped-LogoBlanco.png"},"aioseo_meta_data":{"post_id":"5054","title":null,"description":null,"keywords":null,"keyphrases":{"focus":[],"additional":[]},"primary_term":null,"canonical_url":null,"og_title":null,"og_description":null,"og_object_type":"default","og_image_type":"default","og_image_url":null,"og_image_width":null,"og_image_height":null,"og_image_custom_url":null,"og_image_custom_fields":null,"og_video":null,"og_custom_url":null,"og_article_section":null,"og_article_tags":null,"twitter_use_og":false,"twitter_card":"default","twitter_image_type":"default","twitter_image_url":null,"twitter_image_custom_url":null,"twitter_image_custom_fields":null,"twitter_title":null,"twitter_description":null,"schema":{"blockGraphs":[],"customGraphs":[],"default":{"data":{"Article":[],"Course":[],"Dataset":[],"FAQPage":[],"Movie":[],"Person":[],"Product":[],"ProductReview":[],"Car":[],"Recipe":[],"Service":[],"SoftwareApplication":[],"WebPage":[]},"graphName":"","isEnabled":true},"graphs":[]},"schema_type":"default","schema_type_options":null,"pillar_content":false,"robots_default":true,"robots_noindex":false,"robots_noarchive":false,"robots_nosnippet":false,"robots_nofollow":false,"robots_noimageindex":false,"robots_noodp":false,"robots_notranslate":false,"robots_max_snippet":null,"robots_max_videopreview":null,"robots_max_imagepreview":"large","priority":null,"frequency":null,"local_seo":null,"limit_modified_date":false,"created":"2026-09-04 16:24:22","updated":"2026-09-04 22:33:17","ai":null,"breadcrumb_settings":null,"seo_analyzer_scan_date":null,"focus_keyword":null,"additional_keywords":null,"truseo_locale":null},"aioseo_breadcrumb":"<div class=\"aioseo-breadcrumbs\"><span class=\"aioseo-breadcrumb\">\n\t\t\t<a href=\"https:\/\/elprogresivo.mx\" title=\"Home\">Home<\/a>\n\t\t<\/span><span class=\"aioseo-breadcrumb-separator\">&raquo;<\/span><span class=\"aioseo-breadcrumb\">\n\t\t\t<a href=\"https:\/\/elprogresivo.mx\/index.php\/category\/blog\/\" title=\"Blog\">Blog<\/a>\n\t\t<\/span><span class=\"aioseo-breadcrumb-separator\">&raquo;<\/span><span class=\"aioseo-breadcrumb\">\n\t\t\tCirujanos de la zona centro se re\u00fanen en Quer\u00e9taro\n\t\t<\/span><\/div>","aioseo_breadcrumb_json":[{"label":"Home","link":"https:\/\/elprogresivo.mx"},{"label":"Blog","link":"https:\/\/elprogresivo.mx\/index.php\/category\/blog\/"},{"label":"Cirujanos de la zona centro se re\u00fanen en Quer\u00e9taro","link":"https:\/\/elprogresivo.mx\/index.php\/2026\/09\/04\/cirujanos-de-la-zona-centro-se-reunen-en-queretaro\/"}],"jetpack_publicize_connections":[],"_links":{"self":[{"href":"https:\/\/elprogresivo.mx\/index.php\/wp-json\/wp\/v2\/posts\/5054","targetHints":{"allow":["GET"]}}],"collection":[{"href":"https:\/\/elprogresivo.mx\/index.php\/wp-json\/wp\/v2\/posts"}],"about":[{"href":"https:\/\/elprogresivo.mx\/index.php\/wp-json\/wp\/v2\/types\/post"}],"author":[{"embeddable":true,"href":"https:\/\/elprogresivo.mx\/index.php\/wp-json\/wp\/v2\/users\/5"}],"replies":[{"embeddable":true,"href":"https:\/\/elprogresivo.mx\/index.php\/wp-json\/wp\/v2\/comments?post=5054"}],"version-history":[{"count":0,"href":"https:\/\/elprogresivo.mx\/index.php\/wp-json\/wp\/v2\/posts\/5054\/revisions"}],"wp:featuredmedia":[{"embeddable":true,"href":"https:\/\/elprogresivo.mx\/index.php\/wp-json\/wp\/v2\/media\/5053"}],"wp:attachment":[{"href":"https:\/\/elprogresivo.mx\/index.php\/wp-json\/wp\/v2\/media?parent=5054"}],"wp:term":[{"taxonomy":"category","embeddable":true,"href":"https:\/\/elprogresivo.mx\/index.php\/wp-json\/wp\/v2\/categories?post=5054"},{"taxonomy":"post_tag","embeddable":true,"href":"https:\/\/elprogresivo.mx\/index.php\/wp-json\/wp\/v2\/tags?post=5054"}],"curies":[{"name":"wp","href":"https:\/\/api.w.org\/{rel}","templated":true}]}}