{"id":5050,"date":"2026-09-03T20:31:55","date_gmt":"2026-09-03T20:31:55","guid":{"rendered":"https:\/\/elprogresivo.mx\/index.php\/2026\/09\/03\/queretaro-acoge-la-feria-nacional-del-libro-de-escritoras-2\/"},"modified":"2026-09-03T20:31:55","modified_gmt":"2026-09-03T20:31:55","slug":"queretaro-acoge-la-feria-nacional-del-libro-de-escritoras-2","status":"publish","type":"post","link":"https:\/\/elprogresivo.mx\/index.php\/2026\/09\/03\/queretaro-acoge-la-feria-nacional-del-libro-de-escritoras-2\/","title":{"rendered":"Quer\u00e9taro acoge la Feria Nacional del Libro de Escritoras"},"content":{"rendered":"<p>Quer\u00e9taro abre sus puertas del 9 al 12 de septiembre para recibir la s\u00e9ptima edici\u00f3n de la Feria Nacional del Libro de Escritoras Mexicanas, conocida como FENALEM 2026. La Secretar\u00eda de Cultura del estado, a trav\u00e9s de su titular, Ana Paola L\u00f3pez Birlain, confirm\u00f3 que el evento contar\u00e1 con 31 actividades. El programa incluye conferencias, presentaciones de libros de varios g\u00e9neros y mesas de di\u00e1logo. Tambi\u00e9n se presentar\u00e1 una antolog\u00eda ganadora del Concurso Nacional de Poes\u00eda organizado por la feria.<\/p>\n<p>El Centro de las Artes de Quer\u00e9taro ser\u00e1 el escenario principal durante estos cuatro d\u00edas. All\u00ed llegar\u00e1n autoras de diferentes partes del pa\u00eds para mostrar su trabajo al p\u00fablico. L\u00f3pez Birlain explic\u00f3 que la cultura se mueve gracias a estos espacios. &#8220;La participaci\u00f3n de las mujeres en la cultura tambi\u00e9n se fortalece cuando existen espacios para publicar, circular su obra, generar redes y llegar a nuevos p\u00fablicos, porque la literatura forma parte de la econom\u00eda creativa. Alrededor de un libro trabajan escritoras, editoras, correctoras, ilustradoras, dise\u00f1adoras, impresores, librer\u00edas, distribuidoras, gestoras y comunicadoras&#8221;, se\u00f1al\u00f3.<\/p>\n<p>El objetivo es que las profesionales vivan de su talento. La funcionaria estatal destac\u00f3 que al facilitar la circulaci\u00f3n de las obras, se apoyan a las personas que est\u00e1n detr\u00e1s de cada libro. Esto crea oportunidades reales de trabajo para la cadena creativa. La feria busca conectar a escritoras, editoras y lectoras de distintas regiones para reforzar la comunidad literaria nacional.<\/p>\n<p>Natalia Guerra D\u00edaz, representante del Consejo Literario Queretano, describi\u00f3 el encuentro como una cita obligada para quienes aman la lectura. Por su parte, Camelia Roc\u00edo Moreno Granados, del comit\u00e9 organizador, record\u00f3 que todas las actividades son gratuitas. Aunque Quer\u00e9taro es la sede central, algunos foros se llevar\u00e1n a cabo en los municipios de El Marqu\u00e9s y San Juan del R\u00edo. La programaci\u00f3n completa est\u00e1 disponible en las redes sociales de FENALEM, el Consejo Literario y la SECULT.<\/p>\n","protected":false},"excerpt":{"rendered":"<p>Quer\u00e9taro abre sus puertas del 9 al 12 de septiembre para recibir la s\u00e9ptima edici\u00f3n&#8230;<\/p>\n","protected":false},"author":5,"featured_media":5049,"comment_status":"open","ping_status":"open","sticky":false,"template":"","format":"standard","meta":{"om_disable_all_campaigns":false,"_monsterinsights_skip_tracking":false,"footnotes":"","jetpack_publicize_message":"","jetpack_publicize_feature_enabled":true,"jetpack_social_post_already_shared":true,"jetpack_social_options":{"image_generator_settings":{"template":"highway","default_image_id":0,"font":"","enabled":false},"version":2}},"categories":[1],"tags":[39,3361,3360,2750],"class_list":["post-5050","post","type-post","status-publish","format-standard","has-post-thumbnail","hentry","category-blog","tag-cultura","tag-escritoras","tag-fenalem-2026","tag-literatura"],"aioseo_notices":[],"aioseo_head":"\n\t\t<!-- All in One SEO 5.0.1.1 - aioseo.com -->\n\t<meta name=\"description\" content=\"Quer\u00e9taro abre sus puertas del 9 al 12 de septiembre para recibir la s\u00e9ptima edici\u00f3n de la Feria Nacional del Libro de Escritoras Mexicanas, conocida como FENALEM 2026. La Secretar\u00eda de Cultura del estado, a trav\u00e9s de su titular, Ana Paola L\u00f3pez Birlain, confirm\u00f3 que el evento contar\u00e1 con 31 actividades. El programa incluye conferencias,\" \/>\n\t<meta name=\"robots\" content=\"max-image-preview:large\" \/>\n\t<meta name=\"author\" content=\"Staff\"\/>\n\t<link rel=\"canonical\" href=\"https:\/\/elprogresivo.mx\/index.php\/2026\/09\/03\/queretaro-acoge-la-feria-nacional-del-libro-de-escritoras-2\/\" \/>\n\t<meta name=\"generator\" content=\"All in One SEO (AIOSEO) 5.0.1.1\" \/>\n\t\t<meta property=\"og:locale\" content=\"es_MX\" \/>\n\t\t<meta property=\"og:site_name\" content=\"elprogresivo.mx - Construimos una nueva etapa en informaci\u00f3n\" \/>\n\t\t<meta property=\"og:type\" content=\"article\" \/>\n\t\t<meta property=\"og:title\" content=\"Quer\u00e9taro acoge la Feria Nacional del Libro de Escritoras - elprogresivo.mx\" \/>\n\t\t<meta property=\"og:description\" content=\"Quer\u00e9taro abre sus puertas del 9 al 12 de septiembre para recibir la s\u00e9ptima edici\u00f3n de la Feria Nacional del Libro de Escritoras Mexicanas, conocida como FENALEM 2026. La Secretar\u00eda de Cultura del estado, a trav\u00e9s de su titular, Ana Paola L\u00f3pez Birlain, confirm\u00f3 que el evento contar\u00e1 con 31 actividades. El programa incluye conferencias,\" \/>\n\t\t<meta property=\"og:url\" content=\"https:\/\/elprogresivo.mx\/index.php\/2026\/09\/03\/queretaro-acoge-la-feria-nacional-del-libro-de-escritoras-2\/\" \/>\n\t\t<meta property=\"og:image\" content=\"https:\/\/elprogresivo.mx\/wp-content\/uploads\/2024\/02\/cropped-LogoBlanco.png\" \/>\n\t\t<meta property=\"og:image:secure_url\" content=\"https:\/\/elprogresivo.mx\/wp-content\/uploads\/2024\/02\/cropped-LogoBlanco.png\" \/>\n\t\t<meta property=\"article:published_time\" content=\"2026-09-03T20:31:55+00:00\" \/>\n\t\t<meta property=\"article:modified_time\" content=\"2026-09-03T20:31:55+00:00\" \/>\n\t\t<meta name=\"twitter:card\" content=\"summary_large_image\" \/>\n\t\t<meta name=\"twitter:title\" content=\"Quer\u00e9taro acoge la Feria Nacional del Libro de Escritoras - elprogresivo.mx\" \/>\n\t\t<meta name=\"twitter:description\" content=\"Quer\u00e9taro abre sus puertas del 9 al 12 de septiembre para recibir la s\u00e9ptima edici\u00f3n de la Feria Nacional del Libro de Escritoras Mexicanas, conocida como FENALEM 2026. La Secretar\u00eda de Cultura del estado, a trav\u00e9s de su titular, Ana Paola L\u00f3pez Birlain, confirm\u00f3 que el evento contar\u00e1 con 31 actividades. El programa incluye conferencias,\" \/>\n\t\t<meta name=\"twitter:image\" content=\"https:\/\/elprogresivo.mx\/wp-content\/uploads\/2024\/02\/cropped-LogoBlanco.png\" \/>\n\t\t<script type=\"application\/ld+json\" class=\"aioseo-schema\">\n\t\t\t{\"@context\":\"https:\\\/\\\/schema.org\",\"@graph\":[{\"@type\":\"BlogPosting\",\"@id\":\"https:\\\/\\\/elprogresivo.mx\\\/index.php\\\/2026\\\/09\\\/03\\\/queretaro-acoge-la-feria-nacional-del-libro-de-escritoras-2\\\/#blogposting\",\"name\":\"Quer\\u00e9taro acoge la Feria Nacional del Libro de Escritoras - elprogresivo.mx\",\"headline\":\"Quer\\u00e9taro acoge la Feria Nacional del Libro de Escritoras\",\"author\":{\"@id\":\"https:\\\/\\\/elprogresivo.mx\\\/index.php\\\/author\\\/emmanuel-galvan\\\/#author\"},\"publisher\":{\"@id\":\"https:\\\/\\\/elprogresivo.mx\\\/#organization\"},\"image\":{\"@type\":\"ImageObject\",\"url\":\"https:\\\/\\\/elprogresivo.mx\\\/wp-content\\\/uploads\\\/2026\\\/09\\\/noticia_20260903143136.jpg\",\"width\":2560,\"height\":1707},\"datePublished\":\"2026-09-03T20:31:55+00:00\",\"dateModified\":\"2026-09-03T20:31:55+00:00\",\"inLanguage\":\"es-MX\",\"mainEntityOfPage\":{\"@id\":\"https:\\\/\\\/elprogresivo.mx\\\/index.php\\\/2026\\\/09\\\/03\\\/queretaro-acoge-la-feria-nacional-del-libro-de-escritoras-2\\\/#webpage\"},\"isPartOf\":{\"@id\":\"https:\\\/\\\/elprogresivo.mx\\\/index.php\\\/2026\\\/09\\\/03\\\/queretaro-acoge-la-feria-nacional-del-libro-de-escritoras-2\\\/#webpage\"},\"articleSection\":\"Blog, cultura, Escritoras, FENALEM 2026, Literatura\"},{\"@type\":\"BreadcrumbList\",\"@id\":\"https:\\\/\\\/elprogresivo.mx\\\/index.php\\\/2026\\\/09\\\/03\\\/queretaro-acoge-la-feria-nacional-del-libro-de-escritoras-2\\\/#breadcrumblist\",\"itemListElement\":[{\"@type\":\"ListItem\",\"@id\":\"https:\\\/\\\/elprogresivo.mx#listItem\",\"position\":1,\"name\":\"Home\",\"item\":\"https:\\\/\\\/elprogresivo.mx\",\"nextItem\":{\"@type\":\"ListItem\",\"@id\":\"https:\\\/\\\/elprogresivo.mx\\\/index.php\\\/category\\\/blog\\\/#listItem\",\"name\":\"Blog\"}},{\"@type\":\"ListItem\",\"@id\":\"https:\\\/\\\/elprogresivo.mx\\\/index.php\\\/category\\\/blog\\\/#listItem\",\"position\":2,\"name\":\"Blog\",\"item\":\"https:\\\/\\\/elprogresivo.mx\\\/index.php\\\/category\\\/blog\\\/\",\"nextItem\":{\"@type\":\"ListItem\",\"@id\":\"https:\\\/\\\/elprogresivo.mx\\\/index.php\\\/2026\\\/09\\\/03\\\/queretaro-acoge-la-feria-nacional-del-libro-de-escritoras-2\\\/#listItem\",\"name\":\"Quer\\u00e9taro acoge la Feria Nacional del Libro de Escritoras\"},\"previousItem\":{\"@type\":\"ListItem\",\"@id\":\"https:\\\/\\\/elprogresivo.mx#listItem\",\"name\":\"Home\"}},{\"@type\":\"ListItem\",\"@id\":\"https:\\\/\\\/elprogresivo.mx\\\/index.php\\\/2026\\\/09\\\/03\\\/queretaro-acoge-la-feria-nacional-del-libro-de-escritoras-2\\\/#listItem\",\"position\":3,\"name\":\"Quer\\u00e9taro acoge la Feria Nacional del Libro de Escritoras\",\"previousItem\":{\"@type\":\"ListItem\",\"@id\":\"https:\\\/\\\/elprogresivo.mx\\\/index.php\\\/category\\\/blog\\\/#listItem\",\"name\":\"Blog\"}}]},{\"@type\":\"Organization\",\"@id\":\"https:\\\/\\\/elprogresivo.mx\\\/#organization\",\"name\":\"elprogresivo.mx\",\"description\":\"Construimos una nueva etapa en informaci\\u00f3n\",\"url\":\"https:\\\/\\\/elprogresivo.mx\\\/\",\"logo\":{\"@type\":\"ImageObject\",\"url\":\"https:\\\/\\\/elprogresivo.mx\\\/wp-content\\\/uploads\\\/2024\\\/02\\\/cropped-LogoBlanco.png\",\"@id\":\"https:\\\/\\\/elprogresivo.mx\\\/index.php\\\/2026\\\/09\\\/03\\\/queretaro-acoge-la-feria-nacional-del-libro-de-escritoras-2\\\/#organizationLogo\",\"width\":2096,\"height\":332},\"image\":{\"@id\":\"https:\\\/\\\/elprogresivo.mx\\\/index.php\\\/2026\\\/09\\\/03\\\/queretaro-acoge-la-feria-nacional-del-libro-de-escritoras-2\\\/#organizationLogo\"}},{\"@type\":\"Person\",\"@id\":\"https:\\\/\\\/elprogresivo.mx\\\/index.php\\\/author\\\/emmanuel-galvan\\\/#author\",\"url\":\"https:\\\/\\\/elprogresivo.mx\\\/index.php\\\/author\\\/emmanuel-galvan\\\/\",\"name\":\"Staff\",\"image\":{\"@type\":\"ImageObject\",\"@id\":\"https:\\\/\\\/elprogresivo.mx\\\/index.php\\\/2026\\\/09\\\/03\\\/queretaro-acoge-la-feria-nacional-del-libro-de-escritoras-2\\\/#authorImage\",\"url\":\"https:\\\/\\\/secure.gravatar.com\\\/avatar\\\/3bb87242634c3adf910515f41e6e392ab758b98c8ee7fd12a54fcb5270441486?s=96&d=mm&r=g\",\"width\":96,\"height\":96,\"caption\":\"Staff\"}},{\"@type\":\"WebPage\",\"@id\":\"https:\\\/\\\/elprogresivo.mx\\\/index.php\\\/2026\\\/09\\\/03\\\/queretaro-acoge-la-feria-nacional-del-libro-de-escritoras-2\\\/#webpage\",\"url\":\"https:\\\/\\\/elprogresivo.mx\\\/index.php\\\/2026\\\/09\\\/03\\\/queretaro-acoge-la-feria-nacional-del-libro-de-escritoras-2\\\/\",\"name\":\"Quer\\u00e9taro acoge la Feria Nacional del Libro de Escritoras - elprogresivo.mx\",\"description\":\"Quer\\u00e9taro abre sus puertas del 9 al 12 de septiembre para recibir la s\\u00e9ptima edici\\u00f3n de la Feria Nacional del Libro de Escritoras Mexicanas, conocida como FENALEM 2026. La Secretar\\u00eda de Cultura del estado, a trav\\u00e9s de su titular, Ana Paola L\\u00f3pez Birlain, confirm\\u00f3 que el evento contar\\u00e1 con 31 actividades. El programa incluye conferencias,\",\"inLanguage\":\"es-MX\",\"isPartOf\":{\"@id\":\"https:\\\/\\\/elprogresivo.mx\\\/#website\"},\"breadcrumb\":{\"@id\":\"https:\\\/\\\/elprogresivo.mx\\\/index.php\\\/2026\\\/09\\\/03\\\/queretaro-acoge-la-feria-nacional-del-libro-de-escritoras-2\\\/#breadcrumblist\"},\"author\":{\"@id\":\"https:\\\/\\\/elprogresivo.mx\\\/index.php\\\/author\\\/emmanuel-galvan\\\/#author\"},\"creator\":{\"@id\":\"https:\\\/\\\/elprogresivo.mx\\\/index.php\\\/author\\\/emmanuel-galvan\\\/#author\"},\"image\":{\"@type\":\"ImageObject\",\"url\":\"https:\\\/\\\/elprogresivo.mx\\\/wp-content\\\/uploads\\\/2026\\\/09\\\/noticia_20260903143136.jpg\",\"@id\":\"https:\\\/\\\/elprogresivo.mx\\\/index.php\\\/2026\\\/09\\\/03\\\/queretaro-acoge-la-feria-nacional-del-libro-de-escritoras-2\\\/#mainImage\",\"width\":2560,\"height\":1707},\"primaryImageOfPage\":{\"@id\":\"https:\\\/\\\/elprogresivo.mx\\\/index.php\\\/2026\\\/09\\\/03\\\/queretaro-acoge-la-feria-nacional-del-libro-de-escritoras-2\\\/#mainImage\"},\"datePublished\":\"2026-09-03T20:31:55+00:00\",\"dateModified\":\"2026-09-03T20:31:55+00:00\"},{\"@type\":\"WebSite\",\"@id\":\"https:\\\/\\\/elprogresivo.mx\\\/#website\",\"url\":\"https:\\\/\\\/elprogresivo.mx\\\/\",\"name\":\"elprogresivo.mx\",\"description\":\"Construimos una nueva etapa en informaci\\u00f3n\",\"inLanguage\":\"es-MX\",\"publisher\":{\"@id\":\"https:\\\/\\\/elprogresivo.mx\\\/#organization\"}}]}\n\t\t<\/script>\n\t\t<!-- All in One SEO -->\n\n","aioseo_head_json":{"title":"Quer\u00e9taro acoge la Feria Nacional del Libro de Escritoras - elprogresivo.mx","description":"Quer\u00e9taro abre sus puertas del 9 al 12 de septiembre para recibir la s\u00e9ptima edici\u00f3n de la Feria Nacional del Libro de Escritoras Mexicanas, conocida como FENALEM 2026. La Secretar\u00eda de Cultura del estado, a trav\u00e9s de su titular, Ana Paola L\u00f3pez Birlain, confirm\u00f3 que el evento contar\u00e1 con 31 actividades. El programa incluye conferencias,","canonical_url":"https:\/\/elprogresivo.mx\/index.php\/2026\/09\/03\/queretaro-acoge-la-feria-nacional-del-libro-de-escritoras-2\/","robots":"max-image-preview:large","keywords":"","webmasterTools":{"miscellaneous":""},"schema":{"@context":"https:\/\/schema.org","@graph":[{"@type":"BlogPosting","@id":"https:\/\/elprogresivo.mx\/index.php\/2026\/09\/03\/queretaro-acoge-la-feria-nacional-del-libro-de-escritoras-2\/#blogposting","name":"Quer\u00e9taro acoge la Feria Nacional del Libro de Escritoras - elprogresivo.mx","headline":"Quer\u00e9taro acoge la Feria Nacional del Libro de Escritoras","author":{"@id":"https:\/\/elprogresivo.mx\/index.php\/author\/emmanuel-galvan\/#author"},"publisher":{"@id":"https:\/\/elprogresivo.mx\/#organization"},"image":{"@type":"ImageObject","url":"https:\/\/elprogresivo.mx\/wp-content\/uploads\/2026\/09\/noticia_20260903143136.jpg","width":2560,"height":1707},"datePublished":"2026-09-03T20:31:55+00:00","dateModified":"2026-09-03T20:31:55+00:00","inLanguage":"es-MX","mainEntityOfPage":{"@id":"https:\/\/elprogresivo.mx\/index.php\/2026\/09\/03\/queretaro-acoge-la-feria-nacional-del-libro-de-escritoras-2\/#webpage"},"isPartOf":{"@id":"https:\/\/elprogresivo.mx\/index.php\/2026\/09\/03\/queretaro-acoge-la-feria-nacional-del-libro-de-escritoras-2\/#webpage"},"articleSection":"Blog, cultura, Escritoras, FENALEM 2026, Literatura"},{"@type":"BreadcrumbList","@id":"https:\/\/elprogresivo.mx\/index.php\/2026\/09\/03\/queretaro-acoge-la-feria-nacional-del-libro-de-escritoras-2\/#breadcrumblist","itemListElement":[{"@type":"ListItem","@id":"https:\/\/elprogresivo.mx#listItem","position":1,"name":"Home","item":"https:\/\/elprogresivo.mx","nextItem":{"@type":"ListItem","@id":"https:\/\/elprogresivo.mx\/index.php\/category\/blog\/#listItem","name":"Blog"}},{"@type":"ListItem","@id":"https:\/\/elprogresivo.mx\/index.php\/category\/blog\/#listItem","position":2,"name":"Blog","item":"https:\/\/elprogresivo.mx\/index.php\/category\/blog\/","nextItem":{"@type":"ListItem","@id":"https:\/\/elprogresivo.mx\/index.php\/2026\/09\/03\/queretaro-acoge-la-feria-nacional-del-libro-de-escritoras-2\/#listItem","name":"Quer\u00e9taro acoge la Feria Nacional del Libro de Escritoras"},"previousItem":{"@type":"ListItem","@id":"https:\/\/elprogresivo.mx#listItem","name":"Home"}},{"@type":"ListItem","@id":"https:\/\/elprogresivo.mx\/index.php\/2026\/09\/03\/queretaro-acoge-la-feria-nacional-del-libro-de-escritoras-2\/#listItem","position":3,"name":"Quer\u00e9taro acoge la Feria Nacional del Libro de Escritoras","previousItem":{"@type":"ListItem","@id":"https:\/\/elprogresivo.mx\/index.php\/category\/blog\/#listItem","name":"Blog"}}]},{"@type":"Organization","@id":"https:\/\/elprogresivo.mx\/#organization","name":"elprogresivo.mx","description":"Construimos una nueva etapa en informaci\u00f3n","url":"https:\/\/elprogresivo.mx\/","logo":{"@type":"ImageObject","url":"https:\/\/elprogresivo.mx\/wp-content\/uploads\/2024\/02\/cropped-LogoBlanco.png","@id":"https:\/\/elprogresivo.mx\/index.php\/2026\/09\/03\/queretaro-acoge-la-feria-nacional-del-libro-de-escritoras-2\/#organizationLogo","width":2096,"height":332},"image":{"@id":"https:\/\/elprogresivo.mx\/index.php\/2026\/09\/03\/queretaro-acoge-la-feria-nacional-del-libro-de-escritoras-2\/#organizationLogo"}},{"@type":"Person","@id":"https:\/\/elprogresivo.mx\/index.php\/author\/emmanuel-galvan\/#author","url":"https:\/\/elprogresivo.mx\/index.php\/author\/emmanuel-galvan\/","name":"Staff","image":{"@type":"ImageObject","@id":"https:\/\/elprogresivo.mx\/index.php\/2026\/09\/03\/queretaro-acoge-la-feria-nacional-del-libro-de-escritoras-2\/#authorImage","url":"https:\/\/secure.gravatar.com\/avatar\/3bb87242634c3adf910515f41e6e392ab758b98c8ee7fd12a54fcb5270441486?s=96&d=mm&r=g","width":96,"height":96,"caption":"Staff"}},{"@type":"WebPage","@id":"https:\/\/elprogresivo.mx\/index.php\/2026\/09\/03\/queretaro-acoge-la-feria-nacional-del-libro-de-escritoras-2\/#webpage","url":"https:\/\/elprogresivo.mx\/index.php\/2026\/09\/03\/queretaro-acoge-la-feria-nacional-del-libro-de-escritoras-2\/","name":"Quer\u00e9taro acoge la Feria Nacional del Libro de Escritoras - elprogresivo.mx","description":"Quer\u00e9taro abre sus puertas del 9 al 12 de septiembre para recibir la s\u00e9ptima edici\u00f3n de la Feria Nacional del Libro de Escritoras Mexicanas, conocida como FENALEM 2026. La Secretar\u00eda de Cultura del estado, a trav\u00e9s de su titular, Ana Paola L\u00f3pez Birlain, confirm\u00f3 que el evento contar\u00e1 con 31 actividades. El programa incluye conferencias,","inLanguage":"es-MX","isPartOf":{"@id":"https:\/\/elprogresivo.mx\/#website"},"breadcrumb":{"@id":"https:\/\/elprogresivo.mx\/index.php\/2026\/09\/03\/queretaro-acoge-la-feria-nacional-del-libro-de-escritoras-2\/#breadcrumblist"},"author":{"@id":"https:\/\/elprogresivo.mx\/index.php\/author\/emmanuel-galvan\/#author"},"creator":{"@id":"https:\/\/elprogresivo.mx\/index.php\/author\/emmanuel-galvan\/#author"},"image":{"@type":"ImageObject","url":"https:\/\/elprogresivo.mx\/wp-content\/uploads\/2026\/09\/noticia_20260903143136.jpg","@id":"https:\/\/elprogresivo.mx\/index.php\/2026\/09\/03\/queretaro-acoge-la-feria-nacional-del-libro-de-escritoras-2\/#mainImage","width":2560,"height":1707},"primaryImageOfPage":{"@id":"https:\/\/elprogresivo.mx\/index.php\/2026\/09\/03\/queretaro-acoge-la-feria-nacional-del-libro-de-escritoras-2\/#mainImage"},"datePublished":"2026-09-03T20:31:55+00:00","dateModified":"2026-09-03T20:31:55+00:00"},{"@type":"WebSite","@id":"https:\/\/elprogresivo.mx\/#website","url":"https:\/\/elprogresivo.mx\/","name":"elprogresivo.mx","description":"Construimos una nueva etapa en informaci\u00f3n","inLanguage":"es-MX","publisher":{"@id":"https:\/\/elprogresivo.mx\/#organization"}}]},"og:locale":"es_MX","og:site_name":"elprogresivo.mx - Construimos una nueva etapa en informaci\u00f3n","og:type":"article","og:title":"Quer\u00e9taro acoge la Feria Nacional del Libro de Escritoras - elprogresivo.mx","og:description":"Quer\u00e9taro abre sus puertas del 9 al 12 de septiembre para recibir la s\u00e9ptima edici\u00f3n de la Feria Nacional del Libro de Escritoras Mexicanas, conocida como FENALEM 2026. La Secretar\u00eda de Cultura del estado, a trav\u00e9s de su titular, Ana Paola L\u00f3pez Birlain, confirm\u00f3 que el evento contar\u00e1 con 31 actividades. El programa incluye conferencias,","og:url":"https:\/\/elprogresivo.mx\/index.php\/2026\/09\/03\/queretaro-acoge-la-feria-nacional-del-libro-de-escritoras-2\/","og:image":"https:\/\/elprogresivo.mx\/wp-content\/uploads\/2024\/02\/cropped-LogoBlanco.png","og:image:secure_url":"https:\/\/elprogresivo.mx\/wp-content\/uploads\/2024\/02\/cropped-LogoBlanco.png","article:published_time":"2026-09-03T20:31:55+00:00","article:modified_time":"2026-09-03T20:31:55+00:00","twitter:card":"summary_large_image","twitter:title":"Quer\u00e9taro acoge la Feria Nacional del Libro de Escritoras - elprogresivo.mx","twitter:description":"Quer\u00e9taro abre sus puertas del 9 al 12 de septiembre para recibir la s\u00e9ptima edici\u00f3n de la Feria Nacional del Libro de Escritoras Mexicanas, conocida como FENALEM 2026. La Secretar\u00eda de Cultura del estado, a trav\u00e9s de su titular, Ana Paola L\u00f3pez Birlain, confirm\u00f3 que el evento contar\u00e1 con 31 actividades. El programa incluye conferencias,","twitter:image":"https:\/\/elprogresivo.mx\/wp-content\/uploads\/2024\/02\/cropped-LogoBlanco.png"},"aioseo_meta_data":{"post_id":"5050","title":null,"description":null,"keywords":null,"keyphrases":null,"primary_term":null,"canonical_url":null,"og_title":null,"og_description":null,"og_object_type":"default","og_image_type":"default","og_image_url":null,"og_image_width":null,"og_image_height":null,"og_image_custom_url":null,"og_image_custom_fields":null,"og_video":null,"og_custom_url":null,"og_article_section":null,"og_article_tags":null,"twitter_use_og":false,"twitter_card":"default","twitter_image_type":"default","twitter_image_url":null,"twitter_image_custom_url":null,"twitter_image_custom_fields":null,"twitter_title":null,"twitter_description":null,"schema":{"blockGraphs":[],"customGraphs":[],"default":{"data":{"Article":[],"Course":[],"Dataset":[],"FAQPage":[],"Movie":[],"Person":[],"Product":[],"ProductReview":[],"Car":[],"Recipe":[],"Service":[],"SoftwareApplication":[],"WebPage":[]},"graphName":"","isEnabled":true},"graphs":[]},"schema_type":"default","schema_type_options":null,"pillar_content":false,"robots_default":true,"robots_noindex":false,"robots_noarchive":false,"robots_nosnippet":false,"robots_nofollow":false,"robots_noimageindex":false,"robots_noodp":false,"robots_notranslate":false,"robots_max_snippet":null,"robots_max_videopreview":null,"robots_max_imagepreview":"large","priority":null,"frequency":null,"local_seo":null,"limit_modified_date":false,"created":"2026-09-03 21:09:47","updated":"2026-09-03 21:09:47","ai":null,"breadcrumb_settings":null,"seo_analyzer_scan_date":null,"focus_keyword":null,"additional_keywords":null,"truseo_locale":null},"aioseo_breadcrumb":"<div class=\"aioseo-breadcrumbs\"><span class=\"aioseo-breadcrumb\">\n\t\t\t<a href=\"https:\/\/elprogresivo.mx\" title=\"Home\">Home<\/a>\n\t\t<\/span><span class=\"aioseo-breadcrumb-separator\">&raquo;<\/span><span class=\"aioseo-breadcrumb\">\n\t\t\t<a href=\"https:\/\/elprogresivo.mx\/index.php\/category\/blog\/\" title=\"Blog\">Blog<\/a>\n\t\t<\/span><span class=\"aioseo-breadcrumb-separator\">&raquo;<\/span><span class=\"aioseo-breadcrumb\">\n\t\t\tQuer\u00e9taro acoge la Feria Nacional del Libro de Escritoras\n\t\t<\/span><\/div>","aioseo_breadcrumb_json":[{"label":"Home","link":"https:\/\/elprogresivo.mx"},{"label":"Blog","link":"https:\/\/elprogresivo.mx\/index.php\/category\/blog\/"},{"label":"Quer\u00e9taro acoge la Feria Nacional del Libro de Escritoras","link":"https:\/\/elprogresivo.mx\/index.php\/2026\/09\/03\/queretaro-acoge-la-feria-nacional-del-libro-de-escritoras-2\/"}],"jetpack_publicize_connections":[],"_links":{"self":[{"href":"https:\/\/elprogresivo.mx\/index.php\/wp-json\/wp\/v2\/posts\/5050","targetHints":{"allow":["GET"]}}],"collection":[{"href":"https:\/\/elprogresivo.mx\/index.php\/wp-json\/wp\/v2\/posts"}],"about":[{"href":"https:\/\/elprogresivo.mx\/index.php\/wp-json\/wp\/v2\/types\/post"}],"author":[{"embeddable":true,"href":"https:\/\/elprogresivo.mx\/index.php\/wp-json\/wp\/v2\/users\/5"}],"replies":[{"embeddable":true,"href":"https:\/\/elprogresivo.mx\/index.php\/wp-json\/wp\/v2\/comments?post=5050"}],"version-history":[{"count":0,"href":"https:\/\/elprogresivo.mx\/index.php\/wp-json\/wp\/v2\/posts\/5050\/revisions"}],"wp:featuredmedia":[{"embeddable":true,"href":"https:\/\/elprogresivo.mx\/index.php\/wp-json\/wp\/v2\/media\/5049"}],"wp:attachment":[{"href":"https:\/\/elprogresivo.mx\/index.php\/wp-json\/wp\/v2\/media?parent=5050"}],"wp:term":[{"taxonomy":"category","embeddable":true,"href":"https:\/\/elprogresivo.mx\/index.php\/wp-json\/wp\/v2\/categories?post=5050"},{"taxonomy":"post_tag","embeddable":true,"href":"https:\/\/elprogresivo.mx\/index.php\/wp-json\/wp\/v2\/tags?post=5050"}],"curies":[{"name":"wp","href":"https:\/\/api.w.org\/{rel}","templated":true}]}}