{"id":5046,"date":"2026-09-03T20:30:44","date_gmt":"2026-09-03T20:30:44","guid":{"rendered":"https:\/\/elprogresivo.mx\/index.php\/2026\/09\/03\/estudiantes-en-qro-modulos-itinerantes-para-la-tarifa-unidos\/"},"modified":"2026-09-03T20:30:44","modified_gmt":"2026-09-03T20:30:44","slug":"estudiantes-en-qro-modulos-itinerantes-para-la-tarifa-unidos","status":"publish","type":"post","link":"https:\/\/elprogresivo.mx\/index.php\/2026\/09\/03\/estudiantes-en-qro-modulos-itinerantes-para-la-tarifa-unidos\/","title":{"rendered":"Estudiantes en Qro: m\u00f3dulos itinerantes para la Tarifa Unidos"},"content":{"rendered":"<p>Cuarenta mil estudiantes queretanos pagar\u00e1n $9 pesos en el transporte p\u00fablico si no renuevan su registro para la Tarifa Unidos. La Agencia de Movilidad del Estado de Quer\u00e9taro (AMEQ) montar\u00e1 m\u00f3dulos itinerantes este mes para que hagan el tr\u00e1mite en sus universidades o paradas del sistema Qrobus.<\/p>\n<p>Gerardo Cuanalo Santos, director de la AMEQ, confirm\u00f3 que la campa\u00f1a coincide con el regreso a clases. El objetivo es que los alumnos se afilien o renueven para volver a disfrutar de la tarifa preferente de $2 pesos.<\/p>\n<p>La cita de Cuanalo es clara: \u201cHay alrededor de 40 mil usuarios que no realizaron su refrendo, esto lo que implic\u00f3 es que pasar\u00e1n de una tarifa de $2 pesos a una tarifa de $9 pesos. Y ahora, durante el regreso a clases, durante el mes de septiembre haremos toda una estrategia de comunicaci\u00f3n y de implementaci\u00f3n de m\u00f3dulos en diferentes puntos para poderles facilitar a los alumnos que se est\u00e1n integrando a los nuevos ciclos escolares que puedan realizar su tr\u00e1mite de afiliaci\u00f3n al programa Tarifa Unidos\u201d.<\/p>\n<p>Las visitas a las universidades arrancan el viernes 4 en el Instituto Tecnol\u00f3gico de Quer\u00e9taro (ITQ), de 9:00 a 16:00 horas. Al d\u00eda siguiente, el martes 8, los m\u00f3dulos estar\u00e1n en el Centro de Estudios Superiores del Baj\u00edo (CESBA) de 8:00 a 14:00 horas.<\/p>\n<p>El mi\u00e9rcoles 9, la atenci\u00f3n se har\u00e1 en la Universidad Aut\u00f3noma de Quer\u00e9taro (UAQ) de 9:00 a 15:00 horas. El viernes 11, los m\u00f3dulos llegar\u00e1n a la Universidad Tecnol\u00f3gica de Quer\u00e9taro (UTEQ), aunque el horario espec\u00edfico est\u00e1 por confirmarse.<\/p>\n<p>Tambi\u00e9n habr\u00e1 atenci\u00f3n en estaciones del sistema Qrobus. El lunes 14, los m\u00f3dulos estar\u00e1n en la estaci\u00f3n Alameda de 8:30 a 15:30 horas. El jueves 17, la atenci\u00f3n ser\u00e1 en la estaci\u00f3n Universidad de 9:00 a 15:00 horas.<\/p>\n<p>El lunes 21, los m\u00f3dulos se instalar\u00e1n en la estaci\u00f3n Obrera de 9:00 a 15:00 horas. Quienes no puedan ir a estos puntos fijos tienen la opci\u00f3n de acudir a las delegaciones, a la Terminal Balvanera o a las oficinas de la AMEQ, donde tambi\u00e9n se vende la tarjeta Bono Qrobus.<\/p>\n","protected":false},"excerpt":{"rendered":"<p>Cuarenta mil estudiantes queretanos pagar\u00e1n $9 pesos en el transporte p\u00fablico si no renuevan su&#8230;<\/p>\n","protected":false},"author":5,"featured_media":5045,"comment_status":"open","ping_status":"open","sticky":false,"template":"","format":"standard","meta":{"om_disable_all_campaigns":false,"_monsterinsights_skip_tracking":false,"footnotes":"","jetpack_publicize_message":"","jetpack_publicize_feature_enabled":true,"jetpack_social_post_already_shared":true,"jetpack_social_options":{"image_generator_settings":{"template":"highway","default_image_id":0,"font":"","enabled":false},"version":2}},"categories":[1],"tags":[2053,2141,1410,2336],"class_list":["post-5046","post","type-post","status-publish","format-standard","has-post-thumbnail","hentry","category-blog","tag-estudiantes","tag-qrobus","tag-tarifa-unidos","tag-transporte"],"aioseo_notices":[],"aioseo_head":"\n\t\t<!-- All in One SEO 5.0.1.1 - aioseo.com -->\n\t<meta name=\"description\" content=\"Cuarenta mil estudiantes queretanos pagar\u00e1n $9 pesos en el transporte p\u00fablico si no renuevan su registro para la Tarifa Unidos. La Agencia de Movilidad del Estado de Quer\u00e9taro (AMEQ) montar\u00e1 m\u00f3dulos itinerantes este mes para que hagan el tr\u00e1mite en sus universidades o paradas del sistema Qrobus. Gerardo Cuanalo Santos, director de la AMEQ, confirm\u00f3\" \/>\n\t<meta name=\"robots\" content=\"max-image-preview:large\" \/>\n\t<meta name=\"author\" content=\"Staff\"\/>\n\t<link rel=\"canonical\" href=\"https:\/\/elprogresivo.mx\/index.php\/2026\/09\/03\/estudiantes-en-qro-modulos-itinerantes-para-la-tarifa-unidos\/\" \/>\n\t<meta name=\"generator\" content=\"All in One SEO (AIOSEO) 5.0.1.1\" \/>\n\t\t<meta property=\"og:locale\" content=\"es_MX\" \/>\n\t\t<meta property=\"og:site_name\" content=\"elprogresivo.mx - Construimos una nueva etapa en informaci\u00f3n\" \/>\n\t\t<meta property=\"og:type\" content=\"article\" \/>\n\t\t<meta property=\"og:title\" content=\"Estudiantes en Qro: m\u00f3dulos itinerantes para la Tarifa Unidos - elprogresivo.mx\" \/>\n\t\t<meta property=\"og:description\" content=\"Cuarenta mil estudiantes queretanos pagar\u00e1n $9 pesos en el transporte p\u00fablico si no renuevan su registro para la Tarifa Unidos. La Agencia de Movilidad del Estado de Quer\u00e9taro (AMEQ) montar\u00e1 m\u00f3dulos itinerantes este mes para que hagan el tr\u00e1mite en sus universidades o paradas del sistema Qrobus. Gerardo Cuanalo Santos, director de la AMEQ, confirm\u00f3\" \/>\n\t\t<meta property=\"og:url\" content=\"https:\/\/elprogresivo.mx\/index.php\/2026\/09\/03\/estudiantes-en-qro-modulos-itinerantes-para-la-tarifa-unidos\/\" \/>\n\t\t<meta property=\"og:image\" content=\"https:\/\/elprogresivo.mx\/wp-content\/uploads\/2024\/02\/cropped-LogoBlanco.png\" \/>\n\t\t<meta property=\"og:image:secure_url\" content=\"https:\/\/elprogresivo.mx\/wp-content\/uploads\/2024\/02\/cropped-LogoBlanco.png\" \/>\n\t\t<meta property=\"article:published_time\" content=\"2026-09-03T20:30:44+00:00\" \/>\n\t\t<meta property=\"article:modified_time\" content=\"2026-09-03T20:30:44+00:00\" \/>\n\t\t<meta name=\"twitter:card\" content=\"summary_large_image\" \/>\n\t\t<meta name=\"twitter:title\" content=\"Estudiantes en Qro: m\u00f3dulos itinerantes para la Tarifa Unidos - elprogresivo.mx\" \/>\n\t\t<meta name=\"twitter:description\" content=\"Cuarenta mil estudiantes queretanos pagar\u00e1n $9 pesos en el transporte p\u00fablico si no renuevan su registro para la Tarifa Unidos. La Agencia de Movilidad del Estado de Quer\u00e9taro (AMEQ) montar\u00e1 m\u00f3dulos itinerantes este mes para que hagan el tr\u00e1mite en sus universidades o paradas del sistema Qrobus. Gerardo Cuanalo Santos, director de la AMEQ, confirm\u00f3\" \/>\n\t\t<meta name=\"twitter:image\" content=\"https:\/\/elprogresivo.mx\/wp-content\/uploads\/2024\/02\/cropped-LogoBlanco.png\" \/>\n\t\t<script type=\"application\/ld+json\" class=\"aioseo-schema\">\n\t\t\t{\"@context\":\"https:\\\/\\\/schema.org\",\"@graph\":[{\"@type\":\"BlogPosting\",\"@id\":\"https:\\\/\\\/elprogresivo.mx\\\/index.php\\\/2026\\\/09\\\/03\\\/estudiantes-en-qro-modulos-itinerantes-para-la-tarifa-unidos\\\/#blogposting\",\"name\":\"Estudiantes en Qro: m\\u00f3dulos itinerantes para la Tarifa Unidos - elprogresivo.mx\",\"headline\":\"Estudiantes en Qro: m\\u00f3dulos itinerantes para la Tarifa Unidos\",\"author\":{\"@id\":\"https:\\\/\\\/elprogresivo.mx\\\/index.php\\\/author\\\/emmanuel-galvan\\\/#author\"},\"publisher\":{\"@id\":\"https:\\\/\\\/elprogresivo.mx\\\/#organization\"},\"image\":{\"@type\":\"ImageObject\",\"url\":\"https:\\\/\\\/elprogresivo.mx\\\/wp-content\\\/uploads\\\/2026\\\/09\\\/noticia_20260903143034.jpg\",\"width\":1280,\"height\":960},\"datePublished\":\"2026-09-03T20:30:44+00:00\",\"dateModified\":\"2026-09-03T20:30:44+00:00\",\"inLanguage\":\"es-MX\",\"mainEntityOfPage\":{\"@id\":\"https:\\\/\\\/elprogresivo.mx\\\/index.php\\\/2026\\\/09\\\/03\\\/estudiantes-en-qro-modulos-itinerantes-para-la-tarifa-unidos\\\/#webpage\"},\"isPartOf\":{\"@id\":\"https:\\\/\\\/elprogresivo.mx\\\/index.php\\\/2026\\\/09\\\/03\\\/estudiantes-en-qro-modulos-itinerantes-para-la-tarifa-unidos\\\/#webpage\"},\"articleSection\":\"Blog, estudiantes, Qrobus, Tarifa Unidos, transporte\"},{\"@type\":\"BreadcrumbList\",\"@id\":\"https:\\\/\\\/elprogresivo.mx\\\/index.php\\\/2026\\\/09\\\/03\\\/estudiantes-en-qro-modulos-itinerantes-para-la-tarifa-unidos\\\/#breadcrumblist\",\"itemListElement\":[{\"@type\":\"ListItem\",\"@id\":\"https:\\\/\\\/elprogresivo.mx#listItem\",\"position\":1,\"name\":\"Home\",\"item\":\"https:\\\/\\\/elprogresivo.mx\",\"nextItem\":{\"@type\":\"ListItem\",\"@id\":\"https:\\\/\\\/elprogresivo.mx\\\/index.php\\\/category\\\/blog\\\/#listItem\",\"name\":\"Blog\"}},{\"@type\":\"ListItem\",\"@id\":\"https:\\\/\\\/elprogresivo.mx\\\/index.php\\\/category\\\/blog\\\/#listItem\",\"position\":2,\"name\":\"Blog\",\"item\":\"https:\\\/\\\/elprogresivo.mx\\\/index.php\\\/category\\\/blog\\\/\",\"nextItem\":{\"@type\":\"ListItem\",\"@id\":\"https:\\\/\\\/elprogresivo.mx\\\/index.php\\\/2026\\\/09\\\/03\\\/estudiantes-en-qro-modulos-itinerantes-para-la-tarifa-unidos\\\/#listItem\",\"name\":\"Estudiantes en Qro: m\\u00f3dulos itinerantes para la Tarifa Unidos\"},\"previousItem\":{\"@type\":\"ListItem\",\"@id\":\"https:\\\/\\\/elprogresivo.mx#listItem\",\"name\":\"Home\"}},{\"@type\":\"ListItem\",\"@id\":\"https:\\\/\\\/elprogresivo.mx\\\/index.php\\\/2026\\\/09\\\/03\\\/estudiantes-en-qro-modulos-itinerantes-para-la-tarifa-unidos\\\/#listItem\",\"position\":3,\"name\":\"Estudiantes en Qro: m\\u00f3dulos itinerantes para la Tarifa Unidos\",\"previousItem\":{\"@type\":\"ListItem\",\"@id\":\"https:\\\/\\\/elprogresivo.mx\\\/index.php\\\/category\\\/blog\\\/#listItem\",\"name\":\"Blog\"}}]},{\"@type\":\"Organization\",\"@id\":\"https:\\\/\\\/elprogresivo.mx\\\/#organization\",\"name\":\"elprogresivo.mx\",\"description\":\"Construimos una nueva etapa en informaci\\u00f3n\",\"url\":\"https:\\\/\\\/elprogresivo.mx\\\/\",\"logo\":{\"@type\":\"ImageObject\",\"url\":\"https:\\\/\\\/elprogresivo.mx\\\/wp-content\\\/uploads\\\/2024\\\/02\\\/cropped-LogoBlanco.png\",\"@id\":\"https:\\\/\\\/elprogresivo.mx\\\/index.php\\\/2026\\\/09\\\/03\\\/estudiantes-en-qro-modulos-itinerantes-para-la-tarifa-unidos\\\/#organizationLogo\",\"width\":2096,\"height\":332},\"image\":{\"@id\":\"https:\\\/\\\/elprogresivo.mx\\\/index.php\\\/2026\\\/09\\\/03\\\/estudiantes-en-qro-modulos-itinerantes-para-la-tarifa-unidos\\\/#organizationLogo\"}},{\"@type\":\"Person\",\"@id\":\"https:\\\/\\\/elprogresivo.mx\\\/index.php\\\/author\\\/emmanuel-galvan\\\/#author\",\"url\":\"https:\\\/\\\/elprogresivo.mx\\\/index.php\\\/author\\\/emmanuel-galvan\\\/\",\"name\":\"Staff\",\"image\":{\"@type\":\"ImageObject\",\"@id\":\"https:\\\/\\\/elprogresivo.mx\\\/index.php\\\/2026\\\/09\\\/03\\\/estudiantes-en-qro-modulos-itinerantes-para-la-tarifa-unidos\\\/#authorImage\",\"url\":\"https:\\\/\\\/secure.gravatar.com\\\/avatar\\\/3bb87242634c3adf910515f41e6e392ab758b98c8ee7fd12a54fcb5270441486?s=96&d=mm&r=g\",\"width\":96,\"height\":96,\"caption\":\"Staff\"}},{\"@type\":\"WebPage\",\"@id\":\"https:\\\/\\\/elprogresivo.mx\\\/index.php\\\/2026\\\/09\\\/03\\\/estudiantes-en-qro-modulos-itinerantes-para-la-tarifa-unidos\\\/#webpage\",\"url\":\"https:\\\/\\\/elprogresivo.mx\\\/index.php\\\/2026\\\/09\\\/03\\\/estudiantes-en-qro-modulos-itinerantes-para-la-tarifa-unidos\\\/\",\"name\":\"Estudiantes en Qro: m\\u00f3dulos itinerantes para la Tarifa Unidos - elprogresivo.mx\",\"description\":\"Cuarenta mil estudiantes queretanos pagar\\u00e1n $9 pesos en el transporte p\\u00fablico si no renuevan su registro para la Tarifa Unidos. La Agencia de Movilidad del Estado de Quer\\u00e9taro (AMEQ) montar\\u00e1 m\\u00f3dulos itinerantes este mes para que hagan el tr\\u00e1mite en sus universidades o paradas del sistema Qrobus. Gerardo Cuanalo Santos, director de la AMEQ, confirm\\u00f3\",\"inLanguage\":\"es-MX\",\"isPartOf\":{\"@id\":\"https:\\\/\\\/elprogresivo.mx\\\/#website\"},\"breadcrumb\":{\"@id\":\"https:\\\/\\\/elprogresivo.mx\\\/index.php\\\/2026\\\/09\\\/03\\\/estudiantes-en-qro-modulos-itinerantes-para-la-tarifa-unidos\\\/#breadcrumblist\"},\"author\":{\"@id\":\"https:\\\/\\\/elprogresivo.mx\\\/index.php\\\/author\\\/emmanuel-galvan\\\/#author\"},\"creator\":{\"@id\":\"https:\\\/\\\/elprogresivo.mx\\\/index.php\\\/author\\\/emmanuel-galvan\\\/#author\"},\"image\":{\"@type\":\"ImageObject\",\"url\":\"https:\\\/\\\/elprogresivo.mx\\\/wp-content\\\/uploads\\\/2026\\\/09\\\/noticia_20260903143034.jpg\",\"@id\":\"https:\\\/\\\/elprogresivo.mx\\\/index.php\\\/2026\\\/09\\\/03\\\/estudiantes-en-qro-modulos-itinerantes-para-la-tarifa-unidos\\\/#mainImage\",\"width\":1280,\"height\":960},\"primaryImageOfPage\":{\"@id\":\"https:\\\/\\\/elprogresivo.mx\\\/index.php\\\/2026\\\/09\\\/03\\\/estudiantes-en-qro-modulos-itinerantes-para-la-tarifa-unidos\\\/#mainImage\"},\"datePublished\":\"2026-09-03T20:30:44+00:00\",\"dateModified\":\"2026-09-03T20:30:44+00:00\"},{\"@type\":\"WebSite\",\"@id\":\"https:\\\/\\\/elprogresivo.mx\\\/#website\",\"url\":\"https:\\\/\\\/elprogresivo.mx\\\/\",\"name\":\"elprogresivo.mx\",\"description\":\"Construimos una nueva etapa en informaci\\u00f3n\",\"inLanguage\":\"es-MX\",\"publisher\":{\"@id\":\"https:\\\/\\\/elprogresivo.mx\\\/#organization\"}}]}\n\t\t<\/script>\n\t\t<!-- All in One SEO -->\n\n","aioseo_head_json":{"title":"Estudiantes en Qro: m\u00f3dulos itinerantes para la Tarifa Unidos - elprogresivo.mx","description":"Cuarenta mil estudiantes queretanos pagar\u00e1n $9 pesos en el transporte p\u00fablico si no renuevan su registro para la Tarifa Unidos. La Agencia de Movilidad del Estado de Quer\u00e9taro (AMEQ) montar\u00e1 m\u00f3dulos itinerantes este mes para que hagan el tr\u00e1mite en sus universidades o paradas del sistema Qrobus. Gerardo Cuanalo Santos, director de la AMEQ, confirm\u00f3","canonical_url":"https:\/\/elprogresivo.mx\/index.php\/2026\/09\/03\/estudiantes-en-qro-modulos-itinerantes-para-la-tarifa-unidos\/","robots":"max-image-preview:large","keywords":"","webmasterTools":{"miscellaneous":""},"schema":{"@context":"https:\/\/schema.org","@graph":[{"@type":"BlogPosting","@id":"https:\/\/elprogresivo.mx\/index.php\/2026\/09\/03\/estudiantes-en-qro-modulos-itinerantes-para-la-tarifa-unidos\/#blogposting","name":"Estudiantes en Qro: m\u00f3dulos itinerantes para la Tarifa Unidos - elprogresivo.mx","headline":"Estudiantes en Qro: m\u00f3dulos itinerantes para la Tarifa Unidos","author":{"@id":"https:\/\/elprogresivo.mx\/index.php\/author\/emmanuel-galvan\/#author"},"publisher":{"@id":"https:\/\/elprogresivo.mx\/#organization"},"image":{"@type":"ImageObject","url":"https:\/\/elprogresivo.mx\/wp-content\/uploads\/2026\/09\/noticia_20260903143034.jpg","width":1280,"height":960},"datePublished":"2026-09-03T20:30:44+00:00","dateModified":"2026-09-03T20:30:44+00:00","inLanguage":"es-MX","mainEntityOfPage":{"@id":"https:\/\/elprogresivo.mx\/index.php\/2026\/09\/03\/estudiantes-en-qro-modulos-itinerantes-para-la-tarifa-unidos\/#webpage"},"isPartOf":{"@id":"https:\/\/elprogresivo.mx\/index.php\/2026\/09\/03\/estudiantes-en-qro-modulos-itinerantes-para-la-tarifa-unidos\/#webpage"},"articleSection":"Blog, estudiantes, Qrobus, Tarifa Unidos, transporte"},{"@type":"BreadcrumbList","@id":"https:\/\/elprogresivo.mx\/index.php\/2026\/09\/03\/estudiantes-en-qro-modulos-itinerantes-para-la-tarifa-unidos\/#breadcrumblist","itemListElement":[{"@type":"ListItem","@id":"https:\/\/elprogresivo.mx#listItem","position":1,"name":"Home","item":"https:\/\/elprogresivo.mx","nextItem":{"@type":"ListItem","@id":"https:\/\/elprogresivo.mx\/index.php\/category\/blog\/#listItem","name":"Blog"}},{"@type":"ListItem","@id":"https:\/\/elprogresivo.mx\/index.php\/category\/blog\/#listItem","position":2,"name":"Blog","item":"https:\/\/elprogresivo.mx\/index.php\/category\/blog\/","nextItem":{"@type":"ListItem","@id":"https:\/\/elprogresivo.mx\/index.php\/2026\/09\/03\/estudiantes-en-qro-modulos-itinerantes-para-la-tarifa-unidos\/#listItem","name":"Estudiantes en Qro: m\u00f3dulos itinerantes para la Tarifa Unidos"},"previousItem":{"@type":"ListItem","@id":"https:\/\/elprogresivo.mx#listItem","name":"Home"}},{"@type":"ListItem","@id":"https:\/\/elprogresivo.mx\/index.php\/2026\/09\/03\/estudiantes-en-qro-modulos-itinerantes-para-la-tarifa-unidos\/#listItem","position":3,"name":"Estudiantes en Qro: m\u00f3dulos itinerantes para la Tarifa Unidos","previousItem":{"@type":"ListItem","@id":"https:\/\/elprogresivo.mx\/index.php\/category\/blog\/#listItem","name":"Blog"}}]},{"@type":"Organization","@id":"https:\/\/elprogresivo.mx\/#organization","name":"elprogresivo.mx","description":"Construimos una nueva etapa en informaci\u00f3n","url":"https:\/\/elprogresivo.mx\/","logo":{"@type":"ImageObject","url":"https:\/\/elprogresivo.mx\/wp-content\/uploads\/2024\/02\/cropped-LogoBlanco.png","@id":"https:\/\/elprogresivo.mx\/index.php\/2026\/09\/03\/estudiantes-en-qro-modulos-itinerantes-para-la-tarifa-unidos\/#organizationLogo","width":2096,"height":332},"image":{"@id":"https:\/\/elprogresivo.mx\/index.php\/2026\/09\/03\/estudiantes-en-qro-modulos-itinerantes-para-la-tarifa-unidos\/#organizationLogo"}},{"@type":"Person","@id":"https:\/\/elprogresivo.mx\/index.php\/author\/emmanuel-galvan\/#author","url":"https:\/\/elprogresivo.mx\/index.php\/author\/emmanuel-galvan\/","name":"Staff","image":{"@type":"ImageObject","@id":"https:\/\/elprogresivo.mx\/index.php\/2026\/09\/03\/estudiantes-en-qro-modulos-itinerantes-para-la-tarifa-unidos\/#authorImage","url":"https:\/\/secure.gravatar.com\/avatar\/3bb87242634c3adf910515f41e6e392ab758b98c8ee7fd12a54fcb5270441486?s=96&d=mm&r=g","width":96,"height":96,"caption":"Staff"}},{"@type":"WebPage","@id":"https:\/\/elprogresivo.mx\/index.php\/2026\/09\/03\/estudiantes-en-qro-modulos-itinerantes-para-la-tarifa-unidos\/#webpage","url":"https:\/\/elprogresivo.mx\/index.php\/2026\/09\/03\/estudiantes-en-qro-modulos-itinerantes-para-la-tarifa-unidos\/","name":"Estudiantes en Qro: m\u00f3dulos itinerantes para la Tarifa Unidos - elprogresivo.mx","description":"Cuarenta mil estudiantes queretanos pagar\u00e1n $9 pesos en el transporte p\u00fablico si no renuevan su registro para la Tarifa Unidos. La Agencia de Movilidad del Estado de Quer\u00e9taro (AMEQ) montar\u00e1 m\u00f3dulos itinerantes este mes para que hagan el tr\u00e1mite en sus universidades o paradas del sistema Qrobus. Gerardo Cuanalo Santos, director de la AMEQ, confirm\u00f3","inLanguage":"es-MX","isPartOf":{"@id":"https:\/\/elprogresivo.mx\/#website"},"breadcrumb":{"@id":"https:\/\/elprogresivo.mx\/index.php\/2026\/09\/03\/estudiantes-en-qro-modulos-itinerantes-para-la-tarifa-unidos\/#breadcrumblist"},"author":{"@id":"https:\/\/elprogresivo.mx\/index.php\/author\/emmanuel-galvan\/#author"},"creator":{"@id":"https:\/\/elprogresivo.mx\/index.php\/author\/emmanuel-galvan\/#author"},"image":{"@type":"ImageObject","url":"https:\/\/elprogresivo.mx\/wp-content\/uploads\/2026\/09\/noticia_20260903143034.jpg","@id":"https:\/\/elprogresivo.mx\/index.php\/2026\/09\/03\/estudiantes-en-qro-modulos-itinerantes-para-la-tarifa-unidos\/#mainImage","width":1280,"height":960},"primaryImageOfPage":{"@id":"https:\/\/elprogresivo.mx\/index.php\/2026\/09\/03\/estudiantes-en-qro-modulos-itinerantes-para-la-tarifa-unidos\/#mainImage"},"datePublished":"2026-09-03T20:30:44+00:00","dateModified":"2026-09-03T20:30:44+00:00"},{"@type":"WebSite","@id":"https:\/\/elprogresivo.mx\/#website","url":"https:\/\/elprogresivo.mx\/","name":"elprogresivo.mx","description":"Construimos una nueva etapa en informaci\u00f3n","inLanguage":"es-MX","publisher":{"@id":"https:\/\/elprogresivo.mx\/#organization"}}]},"og:locale":"es_MX","og:site_name":"elprogresivo.mx - Construimos una nueva etapa en informaci\u00f3n","og:type":"article","og:title":"Estudiantes en Qro: m\u00f3dulos itinerantes para la Tarifa Unidos - elprogresivo.mx","og:description":"Cuarenta mil estudiantes queretanos pagar\u00e1n $9 pesos en el transporte p\u00fablico si no renuevan su registro para la Tarifa Unidos. La Agencia de Movilidad del Estado de Quer\u00e9taro (AMEQ) montar\u00e1 m\u00f3dulos itinerantes este mes para que hagan el tr\u00e1mite en sus universidades o paradas del sistema Qrobus. Gerardo Cuanalo Santos, director de la AMEQ, confirm\u00f3","og:url":"https:\/\/elprogresivo.mx\/index.php\/2026\/09\/03\/estudiantes-en-qro-modulos-itinerantes-para-la-tarifa-unidos\/","og:image":"https:\/\/elprogresivo.mx\/wp-content\/uploads\/2024\/02\/cropped-LogoBlanco.png","og:image:secure_url":"https:\/\/elprogresivo.mx\/wp-content\/uploads\/2024\/02\/cropped-LogoBlanco.png","article:published_time":"2026-09-03T20:30:44+00:00","article:modified_time":"2026-09-03T20:30:44+00:00","twitter:card":"summary_large_image","twitter:title":"Estudiantes en Qro: m\u00f3dulos itinerantes para la Tarifa Unidos - elprogresivo.mx","twitter:description":"Cuarenta mil estudiantes queretanos pagar\u00e1n $9 pesos en el transporte p\u00fablico si no renuevan su registro para la Tarifa Unidos. La Agencia de Movilidad del Estado de Quer\u00e9taro (AMEQ) montar\u00e1 m\u00f3dulos itinerantes este mes para que hagan el tr\u00e1mite en sus universidades o paradas del sistema Qrobus. Gerardo Cuanalo Santos, director de la AMEQ, confirm\u00f3","twitter:image":"https:\/\/elprogresivo.mx\/wp-content\/uploads\/2024\/02\/cropped-LogoBlanco.png"},"aioseo_meta_data":{"post_id":"5046","title":null,"description":null,"keywords":null,"keyphrases":null,"primary_term":null,"canonical_url":null,"og_title":null,"og_description":null,"og_object_type":"default","og_image_type":"default","og_image_url":null,"og_image_width":null,"og_image_height":null,"og_image_custom_url":null,"og_image_custom_fields":null,"og_video":null,"og_custom_url":null,"og_article_section":null,"og_article_tags":null,"twitter_use_og":false,"twitter_card":"default","twitter_image_type":"default","twitter_image_url":null,"twitter_image_custom_url":null,"twitter_image_custom_fields":null,"twitter_title":null,"twitter_description":null,"schema":{"blockGraphs":[],"customGraphs":[],"default":{"data":{"Article":[],"Course":[],"Dataset":[],"FAQPage":[],"Movie":[],"Person":[],"Product":[],"ProductReview":[],"Car":[],"Recipe":[],"Service":[],"SoftwareApplication":[],"WebPage":[]},"graphName":"","isEnabled":true},"graphs":[]},"schema_type":"default","schema_type_options":null,"pillar_content":false,"robots_default":true,"robots_noindex":false,"robots_noarchive":false,"robots_nosnippet":false,"robots_nofollow":false,"robots_noimageindex":false,"robots_noodp":false,"robots_notranslate":false,"robots_max_snippet":null,"robots_max_videopreview":null,"robots_max_imagepreview":"large","priority":null,"frequency":null,"local_seo":null,"limit_modified_date":false,"created":"2026-09-03 21:09:47","updated":"2026-09-03 21:09:47","ai":null,"breadcrumb_settings":null,"seo_analyzer_scan_date":null,"focus_keyword":null,"additional_keywords":null,"truseo_locale":null},"aioseo_breadcrumb":"<div class=\"aioseo-breadcrumbs\"><span class=\"aioseo-breadcrumb\">\n\t\t\t<a href=\"https:\/\/elprogresivo.mx\" title=\"Home\">Home<\/a>\n\t\t<\/span><span class=\"aioseo-breadcrumb-separator\">&raquo;<\/span><span class=\"aioseo-breadcrumb\">\n\t\t\t<a href=\"https:\/\/elprogresivo.mx\/index.php\/category\/blog\/\" title=\"Blog\">Blog<\/a>\n\t\t<\/span><span class=\"aioseo-breadcrumb-separator\">&raquo;<\/span><span class=\"aioseo-breadcrumb\">\n\t\t\tEstudiantes en Qro: m\u00f3dulos itinerantes para la Tarifa Unidos\n\t\t<\/span><\/div>","aioseo_breadcrumb_json":[{"label":"Home","link":"https:\/\/elprogresivo.mx"},{"label":"Blog","link":"https:\/\/elprogresivo.mx\/index.php\/category\/blog\/"},{"label":"Estudiantes en Qro: m\u00f3dulos itinerantes para la Tarifa Unidos","link":"https:\/\/elprogresivo.mx\/index.php\/2026\/09\/03\/estudiantes-en-qro-modulos-itinerantes-para-la-tarifa-unidos\/"}],"jetpack_publicize_connections":[],"_links":{"self":[{"href":"https:\/\/elprogresivo.mx\/index.php\/wp-json\/wp\/v2\/posts\/5046","targetHints":{"allow":["GET"]}}],"collection":[{"href":"https:\/\/elprogresivo.mx\/index.php\/wp-json\/wp\/v2\/posts"}],"about":[{"href":"https:\/\/elprogresivo.mx\/index.php\/wp-json\/wp\/v2\/types\/post"}],"author":[{"embeddable":true,"href":"https:\/\/elprogresivo.mx\/index.php\/wp-json\/wp\/v2\/users\/5"}],"replies":[{"embeddable":true,"href":"https:\/\/elprogresivo.mx\/index.php\/wp-json\/wp\/v2\/comments?post=5046"}],"version-history":[{"count":0,"href":"https:\/\/elprogresivo.mx\/index.php\/wp-json\/wp\/v2\/posts\/5046\/revisions"}],"wp:featuredmedia":[{"embeddable":true,"href":"https:\/\/elprogresivo.mx\/index.php\/wp-json\/wp\/v2\/media\/5045"}],"wp:attachment":[{"href":"https:\/\/elprogresivo.mx\/index.php\/wp-json\/wp\/v2\/media?parent=5046"}],"wp:term":[{"taxonomy":"category","embeddable":true,"href":"https:\/\/elprogresivo.mx\/index.php\/wp-json\/wp\/v2\/categories?post=5046"},{"taxonomy":"post_tag","embeddable":true,"href":"https:\/\/elprogresivo.mx\/index.php\/wp-json\/wp\/v2\/tags?post=5046"}],"curies":[{"name":"wp","href":"https:\/\/api.w.org\/{rel}","templated":true}]}}