{"id":5044,"date":"2026-09-03T20:30:26","date_gmt":"2026-09-03T20:30:26","guid":{"rendered":"https:\/\/elprogresivo.mx\/index.php\/2026\/09\/03\/septiembre-dorado-senales-de-alerta-del-cancer-infantil\/"},"modified":"2026-09-03T20:30:26","modified_gmt":"2026-09-03T20:30:26","slug":"septiembre-dorado-senales-de-alerta-del-cancer-infantil","status":"publish","type":"post","link":"https:\/\/elprogresivo.mx\/index.php\/2026\/09\/03\/septiembre-dorado-senales-de-alerta-del-cancer-infantil\/","title":{"rendered":"Septiembre Dorado: se\u00f1ales de alerta del c\u00e1ncer infantil"},"content":{"rendered":"<p>La fiebre que no baja en una semana o un moreton sin causa pueden ser la primera pista de una enfermedad grave en los ninos. Por eso, la Secretaria de Salud de Queretaro pide a los padres que no esperen a que los sintomas desaparezcan y lleven a sus hijos al medico de inmediato. Esto coincide con la conmemoracion internacional del Septiembre Dorado, mes dedicado al cancer infantil. El lazo dorado simboliza la fortaleza de los pequenos que luchan contra la enfermedad. El lema de este ano es Demostrando el Impacto: Del desafio al cambio, y busca que la sociedad sepa identificar los senas de alerta para tratar el problema a tiempo. Muchos sintomas del cancer en ninos se parecen a los de otras enfermedades comunes. Por ello, la clave esta en la persistencia. Si un nino tiene dolor de cabeza sobre todo en la noche, vomita con fuerza o ve doble, hay que ir al centro de salud. Tambien son senales de alarma si cojea, tropieza o se queja de dolor en los huesos que le impide moverse. Los padres deben observar si aparecen petequias, moretones sin golpe o sangrado de nariz y encias. Otros indicadores son bultos o ganglios de mas de dos centimetros y medio en el cuello o la ingle, abdomen hinchado, masas en el cuerpo, perdida rapida de peso y apetito, palidez extrema o luz blanca en el ojo. Una senal no confirma el diagnostico, pero obliga a hacer una Revision medica. La instancia estatal anuncia que durante septiembre los centros de salud realizaran talleres para padres y aplicaran la Cedula de Deteccion de Signos y Sintomas en consultas y ferias. Ademas, habra actividades recreativas y murales en escuelas para acercar la informacion a las familias. La deteccin temprana es lo que marca la diferencia entre una enfermedad controlada y una tragedia.<\/p>\n","protected":false},"excerpt":{"rendered":"<p>La fiebre que no baja en una semana o un moreton sin causa pueden ser&#8230;<\/p>\n","protected":false},"author":5,"featured_media":5043,"comment_status":"open","ping_status":"open","sticky":false,"template":"","format":"standard","meta":{"om_disable_all_campaigns":false,"_monsterinsights_skip_tracking":false,"footnotes":"","jetpack_publicize_message":"","jetpack_publicize_feature_enabled":true,"jetpack_social_post_already_shared":true,"jetpack_social_options":{"image_generator_settings":{"template":"highway","default_image_id":0,"font":"","enabled":false},"version":2}},"categories":[1],"tags":[3358,1725,2188,3359,3332],"class_list":["post-5044","post","type-post","status-publish","format-standard","has-post-thumbnail","hentry","category-blog","tag-cancer-infantil","tag-padres","tag-prevencion-2","tag-salud-queretaro","tag-septiembre-dorado"],"aioseo_notices":[],"aioseo_head":"\n\t\t<!-- All in One SEO 5.0.1.1 - aioseo.com -->\n\t<meta name=\"description\" content=\"La fiebre que no baja en una semana o un moreton sin causa pueden ser la primera pista de una enfermedad grave en los ninos. Por eso, la Secretaria de Salud de Queretaro pide a los padres que no esperen a que los sintomas desaparezcan y lleven a sus hijos al medico de inmediato. Esto\" \/>\n\t<meta name=\"robots\" content=\"max-image-preview:large\" \/>\n\t<meta name=\"author\" content=\"Staff\"\/>\n\t<link rel=\"canonical\" href=\"https:\/\/elprogresivo.mx\/index.php\/2026\/09\/03\/septiembre-dorado-senales-de-alerta-del-cancer-infantil\/\" \/>\n\t<meta name=\"generator\" content=\"All in One SEO (AIOSEO) 5.0.1.1\" \/>\n\t\t<meta property=\"og:locale\" content=\"es_MX\" \/>\n\t\t<meta property=\"og:site_name\" content=\"elprogresivo.mx - Construimos una nueva etapa en informaci\u00f3n\" \/>\n\t\t<meta property=\"og:type\" content=\"article\" \/>\n\t\t<meta property=\"og:title\" content=\"Septiembre Dorado: se\u00f1ales de alerta del c\u00e1ncer infantil - elprogresivo.mx\" \/>\n\t\t<meta property=\"og:description\" content=\"La fiebre que no baja en una semana o un moreton sin causa pueden ser la primera pista de una enfermedad grave en los ninos. Por eso, la Secretaria de Salud de Queretaro pide a los padres que no esperen a que los sintomas desaparezcan y lleven a sus hijos al medico de inmediato. Esto\" \/>\n\t\t<meta property=\"og:url\" content=\"https:\/\/elprogresivo.mx\/index.php\/2026\/09\/03\/septiembre-dorado-senales-de-alerta-del-cancer-infantil\/\" \/>\n\t\t<meta property=\"og:image\" content=\"https:\/\/elprogresivo.mx\/wp-content\/uploads\/2024\/02\/cropped-LogoBlanco.png\" \/>\n\t\t<meta property=\"og:image:secure_url\" content=\"https:\/\/elprogresivo.mx\/wp-content\/uploads\/2024\/02\/cropped-LogoBlanco.png\" \/>\n\t\t<meta property=\"article:published_time\" content=\"2026-09-03T20:30:26+00:00\" \/>\n\t\t<meta property=\"article:modified_time\" content=\"2026-09-03T20:30:26+00:00\" \/>\n\t\t<meta name=\"twitter:card\" content=\"summary_large_image\" \/>\n\t\t<meta name=\"twitter:title\" content=\"Septiembre Dorado: se\u00f1ales de alerta del c\u00e1ncer infantil - elprogresivo.mx\" \/>\n\t\t<meta name=\"twitter:description\" content=\"La fiebre que no baja en una semana o un moreton sin causa pueden ser la primera pista de una enfermedad grave en los ninos. Por eso, la Secretaria de Salud de Queretaro pide a los padres que no esperen a que los sintomas desaparezcan y lleven a sus hijos al medico de inmediato. Esto\" \/>\n\t\t<meta name=\"twitter:image\" content=\"https:\/\/elprogresivo.mx\/wp-content\/uploads\/2024\/02\/cropped-LogoBlanco.png\" \/>\n\t\t<script type=\"application\/ld+json\" class=\"aioseo-schema\">\n\t\t\t{\"@context\":\"https:\\\/\\\/schema.org\",\"@graph\":[{\"@type\":\"BlogPosting\",\"@id\":\"https:\\\/\\\/elprogresivo.mx\\\/index.php\\\/2026\\\/09\\\/03\\\/septiembre-dorado-senales-de-alerta-del-cancer-infantil\\\/#blogposting\",\"name\":\"Septiembre Dorado: se\\u00f1ales de alerta del c\\u00e1ncer infantil - elprogresivo.mx\",\"headline\":\"Septiembre Dorado: se\\u00f1ales de alerta del c\\u00e1ncer infantil\",\"author\":{\"@id\":\"https:\\\/\\\/elprogresivo.mx\\\/index.php\\\/author\\\/emmanuel-galvan\\\/#author\"},\"publisher\":{\"@id\":\"https:\\\/\\\/elprogresivo.mx\\\/#organization\"},\"image\":{\"@type\":\"ImageObject\",\"url\":\"https:\\\/\\\/elprogresivo.mx\\\/wp-content\\\/uploads\\\/2026\\\/09\\\/noticia_20260903143006.jpg\",\"width\":1080,\"height\":630},\"datePublished\":\"2026-09-03T20:30:26+00:00\",\"dateModified\":\"2026-09-03T20:30:26+00:00\",\"inLanguage\":\"es-MX\",\"mainEntityOfPage\":{\"@id\":\"https:\\\/\\\/elprogresivo.mx\\\/index.php\\\/2026\\\/09\\\/03\\\/septiembre-dorado-senales-de-alerta-del-cancer-infantil\\\/#webpage\"},\"isPartOf\":{\"@id\":\"https:\\\/\\\/elprogresivo.mx\\\/index.php\\\/2026\\\/09\\\/03\\\/septiembre-dorado-senales-de-alerta-del-cancer-infantil\\\/#webpage\"},\"articleSection\":\"Blog, Cancer Infantil, Padres, prevencion, Salud Queretaro, Septiembre Dorado\"},{\"@type\":\"BreadcrumbList\",\"@id\":\"https:\\\/\\\/elprogresivo.mx\\\/index.php\\\/2026\\\/09\\\/03\\\/septiembre-dorado-senales-de-alerta-del-cancer-infantil\\\/#breadcrumblist\",\"itemListElement\":[{\"@type\":\"ListItem\",\"@id\":\"https:\\\/\\\/elprogresivo.mx#listItem\",\"position\":1,\"name\":\"Home\",\"item\":\"https:\\\/\\\/elprogresivo.mx\",\"nextItem\":{\"@type\":\"ListItem\",\"@id\":\"https:\\\/\\\/elprogresivo.mx\\\/index.php\\\/category\\\/blog\\\/#listItem\",\"name\":\"Blog\"}},{\"@type\":\"ListItem\",\"@id\":\"https:\\\/\\\/elprogresivo.mx\\\/index.php\\\/category\\\/blog\\\/#listItem\",\"position\":2,\"name\":\"Blog\",\"item\":\"https:\\\/\\\/elprogresivo.mx\\\/index.php\\\/category\\\/blog\\\/\",\"nextItem\":{\"@type\":\"ListItem\",\"@id\":\"https:\\\/\\\/elprogresivo.mx\\\/index.php\\\/2026\\\/09\\\/03\\\/septiembre-dorado-senales-de-alerta-del-cancer-infantil\\\/#listItem\",\"name\":\"Septiembre Dorado: se\\u00f1ales de alerta del c\\u00e1ncer infantil\"},\"previousItem\":{\"@type\":\"ListItem\",\"@id\":\"https:\\\/\\\/elprogresivo.mx#listItem\",\"name\":\"Home\"}},{\"@type\":\"ListItem\",\"@id\":\"https:\\\/\\\/elprogresivo.mx\\\/index.php\\\/2026\\\/09\\\/03\\\/septiembre-dorado-senales-de-alerta-del-cancer-infantil\\\/#listItem\",\"position\":3,\"name\":\"Septiembre Dorado: se\\u00f1ales de alerta del c\\u00e1ncer infantil\",\"previousItem\":{\"@type\":\"ListItem\",\"@id\":\"https:\\\/\\\/elprogresivo.mx\\\/index.php\\\/category\\\/blog\\\/#listItem\",\"name\":\"Blog\"}}]},{\"@type\":\"Organization\",\"@id\":\"https:\\\/\\\/elprogresivo.mx\\\/#organization\",\"name\":\"elprogresivo.mx\",\"description\":\"Construimos una nueva etapa en informaci\\u00f3n\",\"url\":\"https:\\\/\\\/elprogresivo.mx\\\/\",\"logo\":{\"@type\":\"ImageObject\",\"url\":\"https:\\\/\\\/elprogresivo.mx\\\/wp-content\\\/uploads\\\/2024\\\/02\\\/cropped-LogoBlanco.png\",\"@id\":\"https:\\\/\\\/elprogresivo.mx\\\/index.php\\\/2026\\\/09\\\/03\\\/septiembre-dorado-senales-de-alerta-del-cancer-infantil\\\/#organizationLogo\",\"width\":2096,\"height\":332},\"image\":{\"@id\":\"https:\\\/\\\/elprogresivo.mx\\\/index.php\\\/2026\\\/09\\\/03\\\/septiembre-dorado-senales-de-alerta-del-cancer-infantil\\\/#organizationLogo\"}},{\"@type\":\"Person\",\"@id\":\"https:\\\/\\\/elprogresivo.mx\\\/index.php\\\/author\\\/emmanuel-galvan\\\/#author\",\"url\":\"https:\\\/\\\/elprogresivo.mx\\\/index.php\\\/author\\\/emmanuel-galvan\\\/\",\"name\":\"Staff\",\"image\":{\"@type\":\"ImageObject\",\"@id\":\"https:\\\/\\\/elprogresivo.mx\\\/index.php\\\/2026\\\/09\\\/03\\\/septiembre-dorado-senales-de-alerta-del-cancer-infantil\\\/#authorImage\",\"url\":\"https:\\\/\\\/secure.gravatar.com\\\/avatar\\\/3bb87242634c3adf910515f41e6e392ab758b98c8ee7fd12a54fcb5270441486?s=96&d=mm&r=g\",\"width\":96,\"height\":96,\"caption\":\"Staff\"}},{\"@type\":\"WebPage\",\"@id\":\"https:\\\/\\\/elprogresivo.mx\\\/index.php\\\/2026\\\/09\\\/03\\\/septiembre-dorado-senales-de-alerta-del-cancer-infantil\\\/#webpage\",\"url\":\"https:\\\/\\\/elprogresivo.mx\\\/index.php\\\/2026\\\/09\\\/03\\\/septiembre-dorado-senales-de-alerta-del-cancer-infantil\\\/\",\"name\":\"Septiembre Dorado: se\\u00f1ales de alerta del c\\u00e1ncer infantil - elprogresivo.mx\",\"description\":\"La fiebre que no baja en una semana o un moreton sin causa pueden ser la primera pista de una enfermedad grave en los ninos. Por eso, la Secretaria de Salud de Queretaro pide a los padres que no esperen a que los sintomas desaparezcan y lleven a sus hijos al medico de inmediato. Esto\",\"inLanguage\":\"es-MX\",\"isPartOf\":{\"@id\":\"https:\\\/\\\/elprogresivo.mx\\\/#website\"},\"breadcrumb\":{\"@id\":\"https:\\\/\\\/elprogresivo.mx\\\/index.php\\\/2026\\\/09\\\/03\\\/septiembre-dorado-senales-de-alerta-del-cancer-infantil\\\/#breadcrumblist\"},\"author\":{\"@id\":\"https:\\\/\\\/elprogresivo.mx\\\/index.php\\\/author\\\/emmanuel-galvan\\\/#author\"},\"creator\":{\"@id\":\"https:\\\/\\\/elprogresivo.mx\\\/index.php\\\/author\\\/emmanuel-galvan\\\/#author\"},\"image\":{\"@type\":\"ImageObject\",\"url\":\"https:\\\/\\\/elprogresivo.mx\\\/wp-content\\\/uploads\\\/2026\\\/09\\\/noticia_20260903143006.jpg\",\"@id\":\"https:\\\/\\\/elprogresivo.mx\\\/index.php\\\/2026\\\/09\\\/03\\\/septiembre-dorado-senales-de-alerta-del-cancer-infantil\\\/#mainImage\",\"width\":1080,\"height\":630},\"primaryImageOfPage\":{\"@id\":\"https:\\\/\\\/elprogresivo.mx\\\/index.php\\\/2026\\\/09\\\/03\\\/septiembre-dorado-senales-de-alerta-del-cancer-infantil\\\/#mainImage\"},\"datePublished\":\"2026-09-03T20:30:26+00:00\",\"dateModified\":\"2026-09-03T20:30:26+00:00\"},{\"@type\":\"WebSite\",\"@id\":\"https:\\\/\\\/elprogresivo.mx\\\/#website\",\"url\":\"https:\\\/\\\/elprogresivo.mx\\\/\",\"name\":\"elprogresivo.mx\",\"description\":\"Construimos una nueva etapa en informaci\\u00f3n\",\"inLanguage\":\"es-MX\",\"publisher\":{\"@id\":\"https:\\\/\\\/elprogresivo.mx\\\/#organization\"}}]}\n\t\t<\/script>\n\t\t<!-- All in One SEO -->\n\n","aioseo_head_json":{"title":"Septiembre Dorado: se\u00f1ales de alerta del c\u00e1ncer infantil - elprogresivo.mx","description":"La fiebre que no baja en una semana o un moreton sin causa pueden ser la primera pista de una enfermedad grave en los ninos. Por eso, la Secretaria de Salud de Queretaro pide a los padres que no esperen a que los sintomas desaparezcan y lleven a sus hijos al medico de inmediato. Esto","canonical_url":"https:\/\/elprogresivo.mx\/index.php\/2026\/09\/03\/septiembre-dorado-senales-de-alerta-del-cancer-infantil\/","robots":"max-image-preview:large","keywords":"","webmasterTools":{"miscellaneous":""},"schema":{"@context":"https:\/\/schema.org","@graph":[{"@type":"BlogPosting","@id":"https:\/\/elprogresivo.mx\/index.php\/2026\/09\/03\/septiembre-dorado-senales-de-alerta-del-cancer-infantil\/#blogposting","name":"Septiembre Dorado: se\u00f1ales de alerta del c\u00e1ncer infantil - elprogresivo.mx","headline":"Septiembre Dorado: se\u00f1ales de alerta del c\u00e1ncer infantil","author":{"@id":"https:\/\/elprogresivo.mx\/index.php\/author\/emmanuel-galvan\/#author"},"publisher":{"@id":"https:\/\/elprogresivo.mx\/#organization"},"image":{"@type":"ImageObject","url":"https:\/\/elprogresivo.mx\/wp-content\/uploads\/2026\/09\/noticia_20260903143006.jpg","width":1080,"height":630},"datePublished":"2026-09-03T20:30:26+00:00","dateModified":"2026-09-03T20:30:26+00:00","inLanguage":"es-MX","mainEntityOfPage":{"@id":"https:\/\/elprogresivo.mx\/index.php\/2026\/09\/03\/septiembre-dorado-senales-de-alerta-del-cancer-infantil\/#webpage"},"isPartOf":{"@id":"https:\/\/elprogresivo.mx\/index.php\/2026\/09\/03\/septiembre-dorado-senales-de-alerta-del-cancer-infantil\/#webpage"},"articleSection":"Blog, Cancer Infantil, Padres, prevencion, Salud Queretaro, Septiembre Dorado"},{"@type":"BreadcrumbList","@id":"https:\/\/elprogresivo.mx\/index.php\/2026\/09\/03\/septiembre-dorado-senales-de-alerta-del-cancer-infantil\/#breadcrumblist","itemListElement":[{"@type":"ListItem","@id":"https:\/\/elprogresivo.mx#listItem","position":1,"name":"Home","item":"https:\/\/elprogresivo.mx","nextItem":{"@type":"ListItem","@id":"https:\/\/elprogresivo.mx\/index.php\/category\/blog\/#listItem","name":"Blog"}},{"@type":"ListItem","@id":"https:\/\/elprogresivo.mx\/index.php\/category\/blog\/#listItem","position":2,"name":"Blog","item":"https:\/\/elprogresivo.mx\/index.php\/category\/blog\/","nextItem":{"@type":"ListItem","@id":"https:\/\/elprogresivo.mx\/index.php\/2026\/09\/03\/septiembre-dorado-senales-de-alerta-del-cancer-infantil\/#listItem","name":"Septiembre Dorado: se\u00f1ales de alerta del c\u00e1ncer infantil"},"previousItem":{"@type":"ListItem","@id":"https:\/\/elprogresivo.mx#listItem","name":"Home"}},{"@type":"ListItem","@id":"https:\/\/elprogresivo.mx\/index.php\/2026\/09\/03\/septiembre-dorado-senales-de-alerta-del-cancer-infantil\/#listItem","position":3,"name":"Septiembre Dorado: se\u00f1ales de alerta del c\u00e1ncer infantil","previousItem":{"@type":"ListItem","@id":"https:\/\/elprogresivo.mx\/index.php\/category\/blog\/#listItem","name":"Blog"}}]},{"@type":"Organization","@id":"https:\/\/elprogresivo.mx\/#organization","name":"elprogresivo.mx","description":"Construimos una nueva etapa en informaci\u00f3n","url":"https:\/\/elprogresivo.mx\/","logo":{"@type":"ImageObject","url":"https:\/\/elprogresivo.mx\/wp-content\/uploads\/2024\/02\/cropped-LogoBlanco.png","@id":"https:\/\/elprogresivo.mx\/index.php\/2026\/09\/03\/septiembre-dorado-senales-de-alerta-del-cancer-infantil\/#organizationLogo","width":2096,"height":332},"image":{"@id":"https:\/\/elprogresivo.mx\/index.php\/2026\/09\/03\/septiembre-dorado-senales-de-alerta-del-cancer-infantil\/#organizationLogo"}},{"@type":"Person","@id":"https:\/\/elprogresivo.mx\/index.php\/author\/emmanuel-galvan\/#author","url":"https:\/\/elprogresivo.mx\/index.php\/author\/emmanuel-galvan\/","name":"Staff","image":{"@type":"ImageObject","@id":"https:\/\/elprogresivo.mx\/index.php\/2026\/09\/03\/septiembre-dorado-senales-de-alerta-del-cancer-infantil\/#authorImage","url":"https:\/\/secure.gravatar.com\/avatar\/3bb87242634c3adf910515f41e6e392ab758b98c8ee7fd12a54fcb5270441486?s=96&d=mm&r=g","width":96,"height":96,"caption":"Staff"}},{"@type":"WebPage","@id":"https:\/\/elprogresivo.mx\/index.php\/2026\/09\/03\/septiembre-dorado-senales-de-alerta-del-cancer-infantil\/#webpage","url":"https:\/\/elprogresivo.mx\/index.php\/2026\/09\/03\/septiembre-dorado-senales-de-alerta-del-cancer-infantil\/","name":"Septiembre Dorado: se\u00f1ales de alerta del c\u00e1ncer infantil - elprogresivo.mx","description":"La fiebre que no baja en una semana o un moreton sin causa pueden ser la primera pista de una enfermedad grave en los ninos. Por eso, la Secretaria de Salud de Queretaro pide a los padres que no esperen a que los sintomas desaparezcan y lleven a sus hijos al medico de inmediato. Esto","inLanguage":"es-MX","isPartOf":{"@id":"https:\/\/elprogresivo.mx\/#website"},"breadcrumb":{"@id":"https:\/\/elprogresivo.mx\/index.php\/2026\/09\/03\/septiembre-dorado-senales-de-alerta-del-cancer-infantil\/#breadcrumblist"},"author":{"@id":"https:\/\/elprogresivo.mx\/index.php\/author\/emmanuel-galvan\/#author"},"creator":{"@id":"https:\/\/elprogresivo.mx\/index.php\/author\/emmanuel-galvan\/#author"},"image":{"@type":"ImageObject","url":"https:\/\/elprogresivo.mx\/wp-content\/uploads\/2026\/09\/noticia_20260903143006.jpg","@id":"https:\/\/elprogresivo.mx\/index.php\/2026\/09\/03\/septiembre-dorado-senales-de-alerta-del-cancer-infantil\/#mainImage","width":1080,"height":630},"primaryImageOfPage":{"@id":"https:\/\/elprogresivo.mx\/index.php\/2026\/09\/03\/septiembre-dorado-senales-de-alerta-del-cancer-infantil\/#mainImage"},"datePublished":"2026-09-03T20:30:26+00:00","dateModified":"2026-09-03T20:30:26+00:00"},{"@type":"WebSite","@id":"https:\/\/elprogresivo.mx\/#website","url":"https:\/\/elprogresivo.mx\/","name":"elprogresivo.mx","description":"Construimos una nueva etapa en informaci\u00f3n","inLanguage":"es-MX","publisher":{"@id":"https:\/\/elprogresivo.mx\/#organization"}}]},"og:locale":"es_MX","og:site_name":"elprogresivo.mx - Construimos una nueva etapa en informaci\u00f3n","og:type":"article","og:title":"Septiembre Dorado: se\u00f1ales de alerta del c\u00e1ncer infantil - elprogresivo.mx","og:description":"La fiebre que no baja en una semana o un moreton sin causa pueden ser la primera pista de una enfermedad grave en los ninos. Por eso, la Secretaria de Salud de Queretaro pide a los padres que no esperen a que los sintomas desaparezcan y lleven a sus hijos al medico de inmediato. Esto","og:url":"https:\/\/elprogresivo.mx\/index.php\/2026\/09\/03\/septiembre-dorado-senales-de-alerta-del-cancer-infantil\/","og:image":"https:\/\/elprogresivo.mx\/wp-content\/uploads\/2024\/02\/cropped-LogoBlanco.png","og:image:secure_url":"https:\/\/elprogresivo.mx\/wp-content\/uploads\/2024\/02\/cropped-LogoBlanco.png","article:published_time":"2026-09-03T20:30:26+00:00","article:modified_time":"2026-09-03T20:30:26+00:00","twitter:card":"summary_large_image","twitter:title":"Septiembre Dorado: se\u00f1ales de alerta del c\u00e1ncer infantil - elprogresivo.mx","twitter:description":"La fiebre que no baja en una semana o un moreton sin causa pueden ser la primera pista de una enfermedad grave en los ninos. Por eso, la Secretaria de Salud de Queretaro pide a los padres que no esperen a que los sintomas desaparezcan y lleven a sus hijos al medico de inmediato. Esto","twitter:image":"https:\/\/elprogresivo.mx\/wp-content\/uploads\/2024\/02\/cropped-LogoBlanco.png"},"aioseo_meta_data":{"post_id":"5044","title":null,"description":null,"keywords":null,"keyphrases":null,"primary_term":null,"canonical_url":null,"og_title":null,"og_description":null,"og_object_type":"default","og_image_type":"default","og_image_url":null,"og_image_width":null,"og_image_height":null,"og_image_custom_url":null,"og_image_custom_fields":null,"og_video":null,"og_custom_url":null,"og_article_section":null,"og_article_tags":null,"twitter_use_og":false,"twitter_card":"default","twitter_image_type":"default","twitter_image_url":null,"twitter_image_custom_url":null,"twitter_image_custom_fields":null,"twitter_title":null,"twitter_description":null,"schema":{"blockGraphs":[],"customGraphs":[],"default":{"data":{"Article":[],"Course":[],"Dataset":[],"FAQPage":[],"Movie":[],"Person":[],"Product":[],"ProductReview":[],"Car":[],"Recipe":[],"Service":[],"SoftwareApplication":[],"WebPage":[]},"graphName":"","isEnabled":true},"graphs":[]},"schema_type":"default","schema_type_options":null,"pillar_content":false,"robots_default":true,"robots_noindex":false,"robots_noarchive":false,"robots_nosnippet":false,"robots_nofollow":false,"robots_noimageindex":false,"robots_noodp":false,"robots_notranslate":false,"robots_max_snippet":null,"robots_max_videopreview":null,"robots_max_imagepreview":"large","priority":null,"frequency":null,"local_seo":null,"limit_modified_date":false,"created":"2026-09-03 21:09:47","updated":"2026-09-03 21:09:47","ai":null,"breadcrumb_settings":null,"seo_analyzer_scan_date":null,"focus_keyword":null,"additional_keywords":null,"truseo_locale":null},"aioseo_breadcrumb":"<div class=\"aioseo-breadcrumbs\"><span class=\"aioseo-breadcrumb\">\n\t\t\t<a href=\"https:\/\/elprogresivo.mx\" title=\"Home\">Home<\/a>\n\t\t<\/span><span class=\"aioseo-breadcrumb-separator\">&raquo;<\/span><span class=\"aioseo-breadcrumb\">\n\t\t\t<a href=\"https:\/\/elprogresivo.mx\/index.php\/category\/blog\/\" title=\"Blog\">Blog<\/a>\n\t\t<\/span><span class=\"aioseo-breadcrumb-separator\">&raquo;<\/span><span class=\"aioseo-breadcrumb\">\n\t\t\tSeptiembre Dorado: se\u00f1ales de alerta del c\u00e1ncer infantil\n\t\t<\/span><\/div>","aioseo_breadcrumb_json":[{"label":"Home","link":"https:\/\/elprogresivo.mx"},{"label":"Blog","link":"https:\/\/elprogresivo.mx\/index.php\/category\/blog\/"},{"label":"Septiembre Dorado: se\u00f1ales de alerta del c\u00e1ncer infantil","link":"https:\/\/elprogresivo.mx\/index.php\/2026\/09\/03\/septiembre-dorado-senales-de-alerta-del-cancer-infantil\/"}],"jetpack_publicize_connections":[],"_links":{"self":[{"href":"https:\/\/elprogresivo.mx\/index.php\/wp-json\/wp\/v2\/posts\/5044","targetHints":{"allow":["GET"]}}],"collection":[{"href":"https:\/\/elprogresivo.mx\/index.php\/wp-json\/wp\/v2\/posts"}],"about":[{"href":"https:\/\/elprogresivo.mx\/index.php\/wp-json\/wp\/v2\/types\/post"}],"author":[{"embeddable":true,"href":"https:\/\/elprogresivo.mx\/index.php\/wp-json\/wp\/v2\/users\/5"}],"replies":[{"embeddable":true,"href":"https:\/\/elprogresivo.mx\/index.php\/wp-json\/wp\/v2\/comments?post=5044"}],"version-history":[{"count":0,"href":"https:\/\/elprogresivo.mx\/index.php\/wp-json\/wp\/v2\/posts\/5044\/revisions"}],"wp:featuredmedia":[{"embeddable":true,"href":"https:\/\/elprogresivo.mx\/index.php\/wp-json\/wp\/v2\/media\/5043"}],"wp:attachment":[{"href":"https:\/\/elprogresivo.mx\/index.php\/wp-json\/wp\/v2\/media?parent=5044"}],"wp:term":[{"taxonomy":"category","embeddable":true,"href":"https:\/\/elprogresivo.mx\/index.php\/wp-json\/wp\/v2\/categories?post=5044"},{"taxonomy":"post_tag","embeddable":true,"href":"https:\/\/elprogresivo.mx\/index.php\/wp-json\/wp\/v2\/tags?post=5044"}],"curies":[{"name":"wp","href":"https:\/\/api.w.org\/{rel}","templated":true}]}}