{"id":5038,"date":"2026-09-03T20:29:13","date_gmt":"2026-09-03T20:29:13","guid":{"rendered":"https:\/\/elprogresivo.mx\/index.php\/2026\/09\/03\/nuevas-aulas-y-utiles-escolares-para-800-alumnos-en-queretaro\/"},"modified":"2026-09-03T20:29:13","modified_gmt":"2026-09-03T20:29:13","slug":"nuevas-aulas-y-utiles-escolares-para-800-alumnos-en-queretaro","status":"publish","type":"post","link":"https:\/\/elprogresivo.mx\/index.php\/2026\/09\/03\/nuevas-aulas-y-utiles-escolares-para-800-alumnos-en-queretaro\/","title":{"rendered":"Nuevas aulas y \u00fatiles escolares para 800 alumnos en Quer\u00e9taro"},"content":{"rendered":"<p>M\u00e1s de 800 alumnos de la escuela primaria Emeterio Gonz\u00e1lez, en La Negreta, recibieron uniformes, \u00fatiles escolares y un nuevo edificio de clases. El gobernador Mauricio Kuri Gonz\u00e1lez y el presidente municipal de Corregidora, Josu\u00e9 Guerrero Tr\u00e1pala, entregaron los recursos a los estudiantes de los turnos matutino y vespertino.<\/p>\n<p>La nueva construcci\u00f3n tiene dos niveles y cost\u00f3 m\u00e1s de nueve millones de pesos. Incluye cuatro aulas, ba\u00f1os adaptados, rampas de acceso, una bodega, pasillos y 45 luminarias. La obra busca mejorar las condiciones f\u00edsicas del plantel educativo.<\/p>\n<p>Sonia Carrillo Rosillo, coordinadora de la Comisi\u00f3n Estatal de Infraestructura, detall\u00f3 las caracter\u00edsticas del edificio. \u201cNuestros ni\u00f1os van a tener mejores espacios cada vez, porque adem\u00e1s tiene los espacios inclusivos y ba\u00f1os para personitas con ciertas discapacidades, tenemos rampas de acceso y estamos modernizando la infraestructura en beneficio, en este caso, de toda La Negreta\u201d, precis\u00f3.<\/p>\n<p>A nivel estatal, la entrega de materiales escolares abarc\u00f3 las dos mil 114 escuelas de los 18 municipios. Irene Quintanar Mej\u00eda, de la Unidad de Servicios para la Educaci\u00f3n B\u00e1sica en el Estado de Quer\u00e9taro, record\u00f3 que en cinco a\u00f1os se han apoyado a m\u00e1s de 350 mil ni\u00f1os de preescolar, primaria y secundaria.<\/p>\n<p>Quintanar se\u00f1al\u00f3 que estos recursos alivian el gasto familiar. \u201cEstos \u00fatiles contin\u00faan siendo un apoyo para la econom\u00eda familiar (\u2026) vamos a entregar, para que todos nuestros ni\u00f1os se sientan en un piso parejo, que todos sepan que tienen lo elemental para poder iniciar su ciclo escolar y que, seguramente, nos van a faltar algunas cosas d\u00eda a d\u00eda que vamos necesitando los maestros, pero eso ya lo podemos ir trabajando\u201d, finaliz\u00f3.<\/p>\n","protected":false},"excerpt":{"rendered":"<p>M\u00e1s de 800 alumnos de la escuela primaria Emeterio Gonz\u00e1lez, en La Negreta, recibieron uniformes,&#8230;<\/p>\n","protected":false},"author":5,"featured_media":5037,"comment_status":"open","ping_status":"open","sticky":false,"template":"","format":"standard","meta":{"om_disable_all_campaigns":false,"_monsterinsights_skip_tracking":false,"footnotes":"","jetpack_publicize_message":"","jetpack_publicize_feature_enabled":true,"jetpack_social_post_already_shared":true,"jetpack_social_options":{"image_generator_settings":{"template":"highway","default_image_id":0,"font":"","enabled":false},"version":2}},"categories":[1,71],"tags":[24,2884,3356,129],"class_list":["post-5038","post","type-post","status-publish","format-standard","has-post-thumbnail","hentry","category-blog","category-principal","tag-educacion","tag-infraestructura-escolar","tag-la-negreta","tag-mauricio-kuri"],"aioseo_notices":[],"aioseo_head":"\n\t\t<!-- All in One SEO 5.0.1.1 - aioseo.com -->\n\t<meta name=\"description\" content=\"M\u00e1s de 800 alumnos de la escuela primaria Emeterio Gonz\u00e1lez, en La Negreta, recibieron uniformes, \u00fatiles escolares y un nuevo edificio de clases. El gobernador Mauricio Kuri Gonz\u00e1lez y el presidente municipal de Corregidora, Josu\u00e9 Guerrero Tr\u00e1pala, entregaron los recursos a los estudiantes de los turnos matutino y vespertino. La nueva construcci\u00f3n tiene dos niveles\" \/>\n\t<meta name=\"robots\" content=\"max-image-preview:large\" \/>\n\t<meta name=\"author\" content=\"Staff\"\/>\n\t<link rel=\"canonical\" href=\"https:\/\/elprogresivo.mx\/index.php\/2026\/09\/03\/nuevas-aulas-y-utiles-escolares-para-800-alumnos-en-queretaro\/\" \/>\n\t<meta name=\"generator\" content=\"All in One SEO (AIOSEO) 5.0.1.1\" \/>\n\t\t<meta property=\"og:locale\" content=\"es_MX\" \/>\n\t\t<meta property=\"og:site_name\" content=\"elprogresivo.mx - Construimos una nueva etapa en informaci\u00f3n\" \/>\n\t\t<meta property=\"og:type\" content=\"article\" \/>\n\t\t<meta property=\"og:title\" content=\"Nuevas aulas y \u00fatiles escolares para 800 alumnos en Quer\u00e9taro - elprogresivo.mx\" \/>\n\t\t<meta property=\"og:description\" content=\"M\u00e1s de 800 alumnos de la escuela primaria Emeterio Gonz\u00e1lez, en La Negreta, recibieron uniformes, \u00fatiles escolares y un nuevo edificio de clases. El gobernador Mauricio Kuri Gonz\u00e1lez y el presidente municipal de Corregidora, Josu\u00e9 Guerrero Tr\u00e1pala, entregaron los recursos a los estudiantes de los turnos matutino y vespertino. La nueva construcci\u00f3n tiene dos niveles\" \/>\n\t\t<meta property=\"og:url\" content=\"https:\/\/elprogresivo.mx\/index.php\/2026\/09\/03\/nuevas-aulas-y-utiles-escolares-para-800-alumnos-en-queretaro\/\" \/>\n\t\t<meta property=\"og:image\" content=\"https:\/\/elprogresivo.mx\/wp-content\/uploads\/2024\/02\/cropped-LogoBlanco.png\" \/>\n\t\t<meta property=\"og:image:secure_url\" content=\"https:\/\/elprogresivo.mx\/wp-content\/uploads\/2024\/02\/cropped-LogoBlanco.png\" \/>\n\t\t<meta property=\"article:published_time\" content=\"2026-09-03T20:29:13+00:00\" \/>\n\t\t<meta property=\"article:modified_time\" content=\"2026-09-03T20:29:13+00:00\" \/>\n\t\t<meta name=\"twitter:card\" content=\"summary_large_image\" \/>\n\t\t<meta name=\"twitter:title\" content=\"Nuevas aulas y \u00fatiles escolares para 800 alumnos en Quer\u00e9taro - elprogresivo.mx\" \/>\n\t\t<meta name=\"twitter:description\" content=\"M\u00e1s de 800 alumnos de la escuela primaria Emeterio Gonz\u00e1lez, en La Negreta, recibieron uniformes, \u00fatiles escolares y un nuevo edificio de clases. El gobernador Mauricio Kuri Gonz\u00e1lez y el presidente municipal de Corregidora, Josu\u00e9 Guerrero Tr\u00e1pala, entregaron los recursos a los estudiantes de los turnos matutino y vespertino. La nueva construcci\u00f3n tiene dos niveles\" \/>\n\t\t<meta name=\"twitter:image\" content=\"https:\/\/elprogresivo.mx\/wp-content\/uploads\/2024\/02\/cropped-LogoBlanco.png\" \/>\n\t\t<script type=\"application\/ld+json\" class=\"aioseo-schema\">\n\t\t\t{\"@context\":\"https:\\\/\\\/schema.org\",\"@graph\":[{\"@type\":\"BlogPosting\",\"@id\":\"https:\\\/\\\/elprogresivo.mx\\\/index.php\\\/2026\\\/09\\\/03\\\/nuevas-aulas-y-utiles-escolares-para-800-alumnos-en-queretaro\\\/#blogposting\",\"name\":\"Nuevas aulas y \\u00fatiles escolares para 800 alumnos en Quer\\u00e9taro - elprogresivo.mx\",\"headline\":\"Nuevas aulas y \\u00fatiles escolares para 800 alumnos en Quer\\u00e9taro\",\"author\":{\"@id\":\"https:\\\/\\\/elprogresivo.mx\\\/index.php\\\/author\\\/emmanuel-galvan\\\/#author\"},\"publisher\":{\"@id\":\"https:\\\/\\\/elprogresivo.mx\\\/#organization\"},\"image\":{\"@type\":\"ImageObject\",\"url\":\"https:\\\/\\\/elprogresivo.mx\\\/wp-content\\\/uploads\\\/2026\\\/09\\\/noticia_20260903142859.jpg\",\"width\":2048,\"height\":1365},\"datePublished\":\"2026-09-03T20:29:13+00:00\",\"dateModified\":\"2026-09-03T20:29:13+00:00\",\"inLanguage\":\"es-MX\",\"mainEntityOfPage\":{\"@id\":\"https:\\\/\\\/elprogresivo.mx\\\/index.php\\\/2026\\\/09\\\/03\\\/nuevas-aulas-y-utiles-escolares-para-800-alumnos-en-queretaro\\\/#webpage\"},\"isPartOf\":{\"@id\":\"https:\\\/\\\/elprogresivo.mx\\\/index.php\\\/2026\\\/09\\\/03\\\/nuevas-aulas-y-utiles-escolares-para-800-alumnos-en-queretaro\\\/#webpage\"},\"articleSection\":\"Blog, Principal, educaci\\u00f3n, infraestructura escolar, La Negreta, Mauricio Kuri\"},{\"@type\":\"BreadcrumbList\",\"@id\":\"https:\\\/\\\/elprogresivo.mx\\\/index.php\\\/2026\\\/09\\\/03\\\/nuevas-aulas-y-utiles-escolares-para-800-alumnos-en-queretaro\\\/#breadcrumblist\",\"itemListElement\":[{\"@type\":\"ListItem\",\"@id\":\"https:\\\/\\\/elprogresivo.mx#listItem\",\"position\":1,\"name\":\"Home\",\"item\":\"https:\\\/\\\/elprogresivo.mx\",\"nextItem\":{\"@type\":\"ListItem\",\"@id\":\"https:\\\/\\\/elprogresivo.mx\\\/index.php\\\/category\\\/blog\\\/#listItem\",\"name\":\"Blog\"}},{\"@type\":\"ListItem\",\"@id\":\"https:\\\/\\\/elprogresivo.mx\\\/index.php\\\/category\\\/blog\\\/#listItem\",\"position\":2,\"name\":\"Blog\",\"item\":\"https:\\\/\\\/elprogresivo.mx\\\/index.php\\\/category\\\/blog\\\/\",\"nextItem\":{\"@type\":\"ListItem\",\"@id\":\"https:\\\/\\\/elprogresivo.mx\\\/index.php\\\/2026\\\/09\\\/03\\\/nuevas-aulas-y-utiles-escolares-para-800-alumnos-en-queretaro\\\/#listItem\",\"name\":\"Nuevas aulas y \\u00fatiles escolares para 800 alumnos en Quer\\u00e9taro\"},\"previousItem\":{\"@type\":\"ListItem\",\"@id\":\"https:\\\/\\\/elprogresivo.mx#listItem\",\"name\":\"Home\"}},{\"@type\":\"ListItem\",\"@id\":\"https:\\\/\\\/elprogresivo.mx\\\/index.php\\\/2026\\\/09\\\/03\\\/nuevas-aulas-y-utiles-escolares-para-800-alumnos-en-queretaro\\\/#listItem\",\"position\":3,\"name\":\"Nuevas aulas y \\u00fatiles escolares para 800 alumnos en Quer\\u00e9taro\",\"previousItem\":{\"@type\":\"ListItem\",\"@id\":\"https:\\\/\\\/elprogresivo.mx\\\/index.php\\\/category\\\/blog\\\/#listItem\",\"name\":\"Blog\"}}]},{\"@type\":\"Organization\",\"@id\":\"https:\\\/\\\/elprogresivo.mx\\\/#organization\",\"name\":\"elprogresivo.mx\",\"description\":\"Construimos una nueva etapa en informaci\\u00f3n\",\"url\":\"https:\\\/\\\/elprogresivo.mx\\\/\",\"logo\":{\"@type\":\"ImageObject\",\"url\":\"https:\\\/\\\/elprogresivo.mx\\\/wp-content\\\/uploads\\\/2024\\\/02\\\/cropped-LogoBlanco.png\",\"@id\":\"https:\\\/\\\/elprogresivo.mx\\\/index.php\\\/2026\\\/09\\\/03\\\/nuevas-aulas-y-utiles-escolares-para-800-alumnos-en-queretaro\\\/#organizationLogo\",\"width\":2096,\"height\":332},\"image\":{\"@id\":\"https:\\\/\\\/elprogresivo.mx\\\/index.php\\\/2026\\\/09\\\/03\\\/nuevas-aulas-y-utiles-escolares-para-800-alumnos-en-queretaro\\\/#organizationLogo\"}},{\"@type\":\"Person\",\"@id\":\"https:\\\/\\\/elprogresivo.mx\\\/index.php\\\/author\\\/emmanuel-galvan\\\/#author\",\"url\":\"https:\\\/\\\/elprogresivo.mx\\\/index.php\\\/author\\\/emmanuel-galvan\\\/\",\"name\":\"Staff\",\"image\":{\"@type\":\"ImageObject\",\"@id\":\"https:\\\/\\\/elprogresivo.mx\\\/index.php\\\/2026\\\/09\\\/03\\\/nuevas-aulas-y-utiles-escolares-para-800-alumnos-en-queretaro\\\/#authorImage\",\"url\":\"https:\\\/\\\/secure.gravatar.com\\\/avatar\\\/3bb87242634c3adf910515f41e6e392ab758b98c8ee7fd12a54fcb5270441486?s=96&d=mm&r=g\",\"width\":96,\"height\":96,\"caption\":\"Staff\"}},{\"@type\":\"WebPage\",\"@id\":\"https:\\\/\\\/elprogresivo.mx\\\/index.php\\\/2026\\\/09\\\/03\\\/nuevas-aulas-y-utiles-escolares-para-800-alumnos-en-queretaro\\\/#webpage\",\"url\":\"https:\\\/\\\/elprogresivo.mx\\\/index.php\\\/2026\\\/09\\\/03\\\/nuevas-aulas-y-utiles-escolares-para-800-alumnos-en-queretaro\\\/\",\"name\":\"Nuevas aulas y \\u00fatiles escolares para 800 alumnos en Quer\\u00e9taro - elprogresivo.mx\",\"description\":\"M\\u00e1s de 800 alumnos de la escuela primaria Emeterio Gonz\\u00e1lez, en La Negreta, recibieron uniformes, \\u00fatiles escolares y un nuevo edificio de clases. El gobernador Mauricio Kuri Gonz\\u00e1lez y el presidente municipal de Corregidora, Josu\\u00e9 Guerrero Tr\\u00e1pala, entregaron los recursos a los estudiantes de los turnos matutino y vespertino. La nueva construcci\\u00f3n tiene dos niveles\",\"inLanguage\":\"es-MX\",\"isPartOf\":{\"@id\":\"https:\\\/\\\/elprogresivo.mx\\\/#website\"},\"breadcrumb\":{\"@id\":\"https:\\\/\\\/elprogresivo.mx\\\/index.php\\\/2026\\\/09\\\/03\\\/nuevas-aulas-y-utiles-escolares-para-800-alumnos-en-queretaro\\\/#breadcrumblist\"},\"author\":{\"@id\":\"https:\\\/\\\/elprogresivo.mx\\\/index.php\\\/author\\\/emmanuel-galvan\\\/#author\"},\"creator\":{\"@id\":\"https:\\\/\\\/elprogresivo.mx\\\/index.php\\\/author\\\/emmanuel-galvan\\\/#author\"},\"image\":{\"@type\":\"ImageObject\",\"url\":\"https:\\\/\\\/elprogresivo.mx\\\/wp-content\\\/uploads\\\/2026\\\/09\\\/noticia_20260903142859.jpg\",\"@id\":\"https:\\\/\\\/elprogresivo.mx\\\/index.php\\\/2026\\\/09\\\/03\\\/nuevas-aulas-y-utiles-escolares-para-800-alumnos-en-queretaro\\\/#mainImage\",\"width\":2048,\"height\":1365},\"primaryImageOfPage\":{\"@id\":\"https:\\\/\\\/elprogresivo.mx\\\/index.php\\\/2026\\\/09\\\/03\\\/nuevas-aulas-y-utiles-escolares-para-800-alumnos-en-queretaro\\\/#mainImage\"},\"datePublished\":\"2026-09-03T20:29:13+00:00\",\"dateModified\":\"2026-09-03T20:29:13+00:00\"},{\"@type\":\"WebSite\",\"@id\":\"https:\\\/\\\/elprogresivo.mx\\\/#website\",\"url\":\"https:\\\/\\\/elprogresivo.mx\\\/\",\"name\":\"elprogresivo.mx\",\"description\":\"Construimos una nueva etapa en informaci\\u00f3n\",\"inLanguage\":\"es-MX\",\"publisher\":{\"@id\":\"https:\\\/\\\/elprogresivo.mx\\\/#organization\"}}]}\n\t\t<\/script>\n\t\t<!-- All in One SEO -->\n\n","aioseo_head_json":{"title":"Nuevas aulas y \u00fatiles escolares para 800 alumnos en Quer\u00e9taro - elprogresivo.mx","description":"M\u00e1s de 800 alumnos de la escuela primaria Emeterio Gonz\u00e1lez, en La Negreta, recibieron uniformes, \u00fatiles escolares y un nuevo edificio de clases. El gobernador Mauricio Kuri Gonz\u00e1lez y el presidente municipal de Corregidora, Josu\u00e9 Guerrero Tr\u00e1pala, entregaron los recursos a los estudiantes de los turnos matutino y vespertino. La nueva construcci\u00f3n tiene dos niveles","canonical_url":"https:\/\/elprogresivo.mx\/index.php\/2026\/09\/03\/nuevas-aulas-y-utiles-escolares-para-800-alumnos-en-queretaro\/","robots":"max-image-preview:large","keywords":"","webmasterTools":{"miscellaneous":""},"schema":{"@context":"https:\/\/schema.org","@graph":[{"@type":"BlogPosting","@id":"https:\/\/elprogresivo.mx\/index.php\/2026\/09\/03\/nuevas-aulas-y-utiles-escolares-para-800-alumnos-en-queretaro\/#blogposting","name":"Nuevas aulas y \u00fatiles escolares para 800 alumnos en Quer\u00e9taro - elprogresivo.mx","headline":"Nuevas aulas y \u00fatiles escolares para 800 alumnos en Quer\u00e9taro","author":{"@id":"https:\/\/elprogresivo.mx\/index.php\/author\/emmanuel-galvan\/#author"},"publisher":{"@id":"https:\/\/elprogresivo.mx\/#organization"},"image":{"@type":"ImageObject","url":"https:\/\/elprogresivo.mx\/wp-content\/uploads\/2026\/09\/noticia_20260903142859.jpg","width":2048,"height":1365},"datePublished":"2026-09-03T20:29:13+00:00","dateModified":"2026-09-03T20:29:13+00:00","inLanguage":"es-MX","mainEntityOfPage":{"@id":"https:\/\/elprogresivo.mx\/index.php\/2026\/09\/03\/nuevas-aulas-y-utiles-escolares-para-800-alumnos-en-queretaro\/#webpage"},"isPartOf":{"@id":"https:\/\/elprogresivo.mx\/index.php\/2026\/09\/03\/nuevas-aulas-y-utiles-escolares-para-800-alumnos-en-queretaro\/#webpage"},"articleSection":"Blog, Principal, educaci\u00f3n, infraestructura escolar, La Negreta, Mauricio Kuri"},{"@type":"BreadcrumbList","@id":"https:\/\/elprogresivo.mx\/index.php\/2026\/09\/03\/nuevas-aulas-y-utiles-escolares-para-800-alumnos-en-queretaro\/#breadcrumblist","itemListElement":[{"@type":"ListItem","@id":"https:\/\/elprogresivo.mx#listItem","position":1,"name":"Home","item":"https:\/\/elprogresivo.mx","nextItem":{"@type":"ListItem","@id":"https:\/\/elprogresivo.mx\/index.php\/category\/blog\/#listItem","name":"Blog"}},{"@type":"ListItem","@id":"https:\/\/elprogresivo.mx\/index.php\/category\/blog\/#listItem","position":2,"name":"Blog","item":"https:\/\/elprogresivo.mx\/index.php\/category\/blog\/","nextItem":{"@type":"ListItem","@id":"https:\/\/elprogresivo.mx\/index.php\/2026\/09\/03\/nuevas-aulas-y-utiles-escolares-para-800-alumnos-en-queretaro\/#listItem","name":"Nuevas aulas y \u00fatiles escolares para 800 alumnos en Quer\u00e9taro"},"previousItem":{"@type":"ListItem","@id":"https:\/\/elprogresivo.mx#listItem","name":"Home"}},{"@type":"ListItem","@id":"https:\/\/elprogresivo.mx\/index.php\/2026\/09\/03\/nuevas-aulas-y-utiles-escolares-para-800-alumnos-en-queretaro\/#listItem","position":3,"name":"Nuevas aulas y \u00fatiles escolares para 800 alumnos en Quer\u00e9taro","previousItem":{"@type":"ListItem","@id":"https:\/\/elprogresivo.mx\/index.php\/category\/blog\/#listItem","name":"Blog"}}]},{"@type":"Organization","@id":"https:\/\/elprogresivo.mx\/#organization","name":"elprogresivo.mx","description":"Construimos una nueva etapa en informaci\u00f3n","url":"https:\/\/elprogresivo.mx\/","logo":{"@type":"ImageObject","url":"https:\/\/elprogresivo.mx\/wp-content\/uploads\/2024\/02\/cropped-LogoBlanco.png","@id":"https:\/\/elprogresivo.mx\/index.php\/2026\/09\/03\/nuevas-aulas-y-utiles-escolares-para-800-alumnos-en-queretaro\/#organizationLogo","width":2096,"height":332},"image":{"@id":"https:\/\/elprogresivo.mx\/index.php\/2026\/09\/03\/nuevas-aulas-y-utiles-escolares-para-800-alumnos-en-queretaro\/#organizationLogo"}},{"@type":"Person","@id":"https:\/\/elprogresivo.mx\/index.php\/author\/emmanuel-galvan\/#author","url":"https:\/\/elprogresivo.mx\/index.php\/author\/emmanuel-galvan\/","name":"Staff","image":{"@type":"ImageObject","@id":"https:\/\/elprogresivo.mx\/index.php\/2026\/09\/03\/nuevas-aulas-y-utiles-escolares-para-800-alumnos-en-queretaro\/#authorImage","url":"https:\/\/secure.gravatar.com\/avatar\/3bb87242634c3adf910515f41e6e392ab758b98c8ee7fd12a54fcb5270441486?s=96&d=mm&r=g","width":96,"height":96,"caption":"Staff"}},{"@type":"WebPage","@id":"https:\/\/elprogresivo.mx\/index.php\/2026\/09\/03\/nuevas-aulas-y-utiles-escolares-para-800-alumnos-en-queretaro\/#webpage","url":"https:\/\/elprogresivo.mx\/index.php\/2026\/09\/03\/nuevas-aulas-y-utiles-escolares-para-800-alumnos-en-queretaro\/","name":"Nuevas aulas y \u00fatiles escolares para 800 alumnos en Quer\u00e9taro - elprogresivo.mx","description":"M\u00e1s de 800 alumnos de la escuela primaria Emeterio Gonz\u00e1lez, en La Negreta, recibieron uniformes, \u00fatiles escolares y un nuevo edificio de clases. El gobernador Mauricio Kuri Gonz\u00e1lez y el presidente municipal de Corregidora, Josu\u00e9 Guerrero Tr\u00e1pala, entregaron los recursos a los estudiantes de los turnos matutino y vespertino. La nueva construcci\u00f3n tiene dos niveles","inLanguage":"es-MX","isPartOf":{"@id":"https:\/\/elprogresivo.mx\/#website"},"breadcrumb":{"@id":"https:\/\/elprogresivo.mx\/index.php\/2026\/09\/03\/nuevas-aulas-y-utiles-escolares-para-800-alumnos-en-queretaro\/#breadcrumblist"},"author":{"@id":"https:\/\/elprogresivo.mx\/index.php\/author\/emmanuel-galvan\/#author"},"creator":{"@id":"https:\/\/elprogresivo.mx\/index.php\/author\/emmanuel-galvan\/#author"},"image":{"@type":"ImageObject","url":"https:\/\/elprogresivo.mx\/wp-content\/uploads\/2026\/09\/noticia_20260903142859.jpg","@id":"https:\/\/elprogresivo.mx\/index.php\/2026\/09\/03\/nuevas-aulas-y-utiles-escolares-para-800-alumnos-en-queretaro\/#mainImage","width":2048,"height":1365},"primaryImageOfPage":{"@id":"https:\/\/elprogresivo.mx\/index.php\/2026\/09\/03\/nuevas-aulas-y-utiles-escolares-para-800-alumnos-en-queretaro\/#mainImage"},"datePublished":"2026-09-03T20:29:13+00:00","dateModified":"2026-09-03T20:29:13+00:00"},{"@type":"WebSite","@id":"https:\/\/elprogresivo.mx\/#website","url":"https:\/\/elprogresivo.mx\/","name":"elprogresivo.mx","description":"Construimos una nueva etapa en informaci\u00f3n","inLanguage":"es-MX","publisher":{"@id":"https:\/\/elprogresivo.mx\/#organization"}}]},"og:locale":"es_MX","og:site_name":"elprogresivo.mx - Construimos una nueva etapa en informaci\u00f3n","og:type":"article","og:title":"Nuevas aulas y \u00fatiles escolares para 800 alumnos en Quer\u00e9taro - elprogresivo.mx","og:description":"M\u00e1s de 800 alumnos de la escuela primaria Emeterio Gonz\u00e1lez, en La Negreta, recibieron uniformes, \u00fatiles escolares y un nuevo edificio de clases. El gobernador Mauricio Kuri Gonz\u00e1lez y el presidente municipal de Corregidora, Josu\u00e9 Guerrero Tr\u00e1pala, entregaron los recursos a los estudiantes de los turnos matutino y vespertino. La nueva construcci\u00f3n tiene dos niveles","og:url":"https:\/\/elprogresivo.mx\/index.php\/2026\/09\/03\/nuevas-aulas-y-utiles-escolares-para-800-alumnos-en-queretaro\/","og:image":"https:\/\/elprogresivo.mx\/wp-content\/uploads\/2024\/02\/cropped-LogoBlanco.png","og:image:secure_url":"https:\/\/elprogresivo.mx\/wp-content\/uploads\/2024\/02\/cropped-LogoBlanco.png","article:published_time":"2026-09-03T20:29:13+00:00","article:modified_time":"2026-09-03T20:29:13+00:00","twitter:card":"summary_large_image","twitter:title":"Nuevas aulas y \u00fatiles escolares para 800 alumnos en Quer\u00e9taro - elprogresivo.mx","twitter:description":"M\u00e1s de 800 alumnos de la escuela primaria Emeterio Gonz\u00e1lez, en La Negreta, recibieron uniformes, \u00fatiles escolares y un nuevo edificio de clases. El gobernador Mauricio Kuri Gonz\u00e1lez y el presidente municipal de Corregidora, Josu\u00e9 Guerrero Tr\u00e1pala, entregaron los recursos a los estudiantes de los turnos matutino y vespertino. La nueva construcci\u00f3n tiene dos niveles","twitter:image":"https:\/\/elprogresivo.mx\/wp-content\/uploads\/2024\/02\/cropped-LogoBlanco.png"},"aioseo_meta_data":{"post_id":"5038","title":null,"description":null,"keywords":null,"keyphrases":null,"primary_term":null,"canonical_url":null,"og_title":null,"og_description":null,"og_object_type":"default","og_image_type":"default","og_image_url":null,"og_image_width":null,"og_image_height":null,"og_image_custom_url":null,"og_image_custom_fields":null,"og_video":null,"og_custom_url":null,"og_article_section":null,"og_article_tags":null,"twitter_use_og":false,"twitter_card":"default","twitter_image_type":"default","twitter_image_url":null,"twitter_image_custom_url":null,"twitter_image_custom_fields":null,"twitter_title":null,"twitter_description":null,"schema":{"blockGraphs":[],"customGraphs":[],"default":{"data":{"Article":[],"Course":[],"Dataset":[],"FAQPage":[],"Movie":[],"Person":[],"Product":[],"ProductReview":[],"Car":[],"Recipe":[],"Service":[],"SoftwareApplication":[],"WebPage":[]},"graphName":"","isEnabled":true},"graphs":[]},"schema_type":"default","schema_type_options":null,"pillar_content":false,"robots_default":true,"robots_noindex":false,"robots_noarchive":false,"robots_nosnippet":false,"robots_nofollow":false,"robots_noimageindex":false,"robots_noodp":false,"robots_notranslate":false,"robots_max_snippet":null,"robots_max_videopreview":null,"robots_max_imagepreview":"large","priority":null,"frequency":null,"local_seo":null,"limit_modified_date":false,"created":"2026-09-03 21:09:47","updated":"2026-09-03 21:09:47","ai":null,"breadcrumb_settings":null,"seo_analyzer_scan_date":null,"focus_keyword":null,"additional_keywords":null,"truseo_locale":null},"aioseo_breadcrumb":"<div class=\"aioseo-breadcrumbs\"><span class=\"aioseo-breadcrumb\">\n\t\t\t<a href=\"https:\/\/elprogresivo.mx\" title=\"Home\">Home<\/a>\n\t\t<\/span><span class=\"aioseo-breadcrumb-separator\">&raquo;<\/span><span class=\"aioseo-breadcrumb\">\n\t\t\t<a href=\"https:\/\/elprogresivo.mx\/index.php\/category\/blog\/\" title=\"Blog\">Blog<\/a>\n\t\t<\/span><span class=\"aioseo-breadcrumb-separator\">&raquo;<\/span><span class=\"aioseo-breadcrumb\">\n\t\t\tNuevas aulas y \u00fatiles escolares para 800 alumnos en Quer\u00e9taro\n\t\t<\/span><\/div>","aioseo_breadcrumb_json":[{"label":"Home","link":"https:\/\/elprogresivo.mx"},{"label":"Blog","link":"https:\/\/elprogresivo.mx\/index.php\/category\/blog\/"},{"label":"Nuevas aulas y \u00fatiles escolares para 800 alumnos en Quer\u00e9taro","link":"https:\/\/elprogresivo.mx\/index.php\/2026\/09\/03\/nuevas-aulas-y-utiles-escolares-para-800-alumnos-en-queretaro\/"}],"jetpack_publicize_connections":[],"_links":{"self":[{"href":"https:\/\/elprogresivo.mx\/index.php\/wp-json\/wp\/v2\/posts\/5038","targetHints":{"allow":["GET"]}}],"collection":[{"href":"https:\/\/elprogresivo.mx\/index.php\/wp-json\/wp\/v2\/posts"}],"about":[{"href":"https:\/\/elprogresivo.mx\/index.php\/wp-json\/wp\/v2\/types\/post"}],"author":[{"embeddable":true,"href":"https:\/\/elprogresivo.mx\/index.php\/wp-json\/wp\/v2\/users\/5"}],"replies":[{"embeddable":true,"href":"https:\/\/elprogresivo.mx\/index.php\/wp-json\/wp\/v2\/comments?post=5038"}],"version-history":[{"count":0,"href":"https:\/\/elprogresivo.mx\/index.php\/wp-json\/wp\/v2\/posts\/5038\/revisions"}],"wp:featuredmedia":[{"embeddable":true,"href":"https:\/\/elprogresivo.mx\/index.php\/wp-json\/wp\/v2\/media\/5037"}],"wp:attachment":[{"href":"https:\/\/elprogresivo.mx\/index.php\/wp-json\/wp\/v2\/media?parent=5038"}],"wp:term":[{"taxonomy":"category","embeddable":true,"href":"https:\/\/elprogresivo.mx\/index.php\/wp-json\/wp\/v2\/categories?post=5038"},{"taxonomy":"post_tag","embeddable":true,"href":"https:\/\/elprogresivo.mx\/index.php\/wp-json\/wp\/v2\/tags?post=5038"}],"curies":[{"name":"wp","href":"https:\/\/api.w.org\/{rel}","templated":true}]}}