{"id":5027,"date":"2026-09-02T19:39:00","date_gmt":"2026-09-02T19:39:00","guid":{"rendered":"https:\/\/elprogresivo.mx\/?p=5027"},"modified":"2026-09-03T19:04:56","modified_gmt":"2026-09-03T19:04:56","slug":"dos-anos-de-chepe-guerrero-corregidora-presume-obra-programas-sociales-y-finanzas-sanas","status":"publish","type":"post","link":"https:\/\/elprogresivo.mx\/index.php\/2026\/09\/02\/dos-anos-de-chepe-guerrero-corregidora-presume-obra-programas-sociales-y-finanzas-sanas\/","title":{"rendered":"Dos a\u00f1os de Chepe Guerrero: Corregidora presume obra, programas sociales y finanzas sanas"},"content":{"rendered":"\n<p><strong>El gobierno municipal reporta una inversi\u00f3n superior a 500 millones de pesos en obra p\u00fablica, 175 mil raciones de alimentos y una cobertura de 93% en el sistema Movivan.<\/strong><\/p>\n\n\n\n<p><strong>Corregidora, Qro.\u2014<\/strong>&nbsp;Dos a\u00f1os despu\u00e9s de asumir la presidencia municipal de Corregidora,&nbsp;<strong>Chepe Guerrero<\/strong>&nbsp;present\u00f3 ante ciudadanos un balance de su administraci\u00f3n, en el que puso sobre la mesa cifras de obra p\u00fablica, programas sociales, movilidad, seguridad, servicios p\u00fablicos y finanzas.<\/p>\n\n\n\n<p>El mensaje tuvo como eje una idea: hacer que los indicadores del municipio se traduzcan en beneficios concretos para las familias.<\/p>\n\n\n\n<p>\u201cHoy Corregidora est\u00e1 dando resultados en calidad de vida, nivel educativo, combate a la pobreza y pobreza extrema y desarrollo econ\u00f3mico\u201d, sostuvo Guerrero, quien a\u00f1adi\u00f3 que el reto es que esos resultados lleguen directamente a los hogares.<\/p>\n\n\n\n<h3 class=\"wp-block-heading\">La obra p\u00fablica, uno de los principales argumentos<\/h3>\n\n\n\n<p>La administraci\u00f3n municipal report\u00f3 una inversi\u00f3n de&nbsp;<strong>m\u00e1s de 500 millones de pesos en 96 obras<\/strong>, realizadas con apoyo del gobierno estatal.<\/p>\n\n\n\n<p>Entre los trabajos mencionados se encuentran la rehabilitaci\u00f3n de avenidas, construcci\u00f3n y mejoramiento de parques, adem\u00e1s de las jornadas permanentes de bacheo.<\/p>\n\n\n\n<p>El gobierno de Guerrero plantea que el ritmo de inversi\u00f3n equivale, en promedio, a&nbsp;<strong>una obra nueva cada semana<\/strong>.<\/p>\n\n\n\n<p>M\u00e1s all\u00e1 de la cifra, la apuesta de la administraci\u00f3n ha sido utilizar la obra p\u00fablica como una de sus principales herramientas para mejorar la infraestructura urbana y la calidad de vida en colonias y comunidades.<\/p>\n\n\n\n<h3 class=\"wp-block-heading\">El reto de \u201cun municipio sin hambre\u201d<\/h3>\n\n\n\n<p>En el terreno social, uno de los programas que el alcalde coloc\u00f3 entre los resultados prioritarios fue&nbsp;<strong>Cocina M\u00f3vil<\/strong>.<\/p>\n\n\n\n<p>De acuerdo con las cifras presentadas durante el encuentro, se han distribuido&nbsp;<strong>m\u00e1s de 175 mil raciones de alimentos<\/strong>entre personas en condiciones de vulnerabilidad.<\/p>\n\n\n\n<p>El programa forma parte del compromiso anunciado por Guerrero de convertir a Corregidora en el primer municipio del estado sin hambre.<\/p>\n\n\n\n<p>La l\u00f3gica, explic\u00f3 el alcalde, no se limita a entregar alimentos, sino tambi\u00e9n a generar un ahorro para familias que enfrentan condiciones econ\u00f3micas complicadas.<\/p>\n\n\n\n<h3 class=\"wp-block-heading\">Pir\u00e1mides lleva servicios a las colonias<\/h3>\n\n\n\n<p>Otro de los programas que concentra la atenci\u00f3n social del municipio es&nbsp;<strong>Pir\u00e1mides Cerca de Ti<\/strong>, que, seg\u00fan el balance presentado, ha alcanzado a&nbsp;<strong>m\u00e1s de 10 mil familias<\/strong>.<\/p>\n\n\n\n<p>El programa acumula m\u00e1s de 60 actividades y servicios, entre ellos talleres, atenci\u00f3n m\u00e9dica y lavander\u00edas p\u00fablicas. En estas \u00faltimas, una carga completa de ropa tiene un costo de 10 pesos.<\/p>\n\n\n\n<p>El objetivo es acercar servicios a las colonias y comunidades y reducir algunos de los gastos cotidianos de las familias.<\/p>\n\n\n\n<h3 class=\"wp-block-heading\">Movilidad: 100 mil usuarios al mes<\/h3>\n\n\n\n<p>En movilidad, el municipio report\u00f3 que&nbsp;<strong>Movivan tiene una cobertura de 93% del territorio de Corregidora<\/strong>&nbsp;y transporta gratuitamente a cerca de&nbsp;<strong>100 mil personas cada mes<\/strong>.<\/p>\n\n\n\n<p>A este sistema se suma el Transporte Escolar Gratuito, que actualmente atiende a estudiantes de&nbsp;<strong>105 localidades<\/strong>.<\/p>\n\n\n\n<p>La administraci\u00f3n sostiene que ambos esquemas tienen un doble efecto: facilitar los desplazamientos y reducir el impacto del transporte en la econom\u00eda familiar.<\/p>\n\n\n\n<h3 class=\"wp-block-heading\">Seguridad: m\u00e1s c\u00e1maras y mejor salario policial<\/h3>\n\n\n\n<p>La seguridad contin\u00faa siendo uno de los temas centrales para el gobierno municipal.<\/p>\n\n\n\n<p>Entre las acciones reportadas se encuentra la construcci\u00f3n de la&nbsp;<strong>Unidad C2 de Santa B\u00e1rbara<\/strong>, desde donde se monitorean en tiempo real&nbsp;<strong>200 c\u00e1maras ubicadas en 81 puntos estrat\u00e9gicos<\/strong>.<\/p>\n\n\n\n<p>El municipio tambi\u00e9n destac\u00f3 el incremento de&nbsp;<strong>20% al salario de los polic\u00edas<\/strong>, as\u00ed como el reforzamiento del patrullaje y la coordinaci\u00f3n con autoridades de los otros niveles de gobierno.<\/p>\n\n\n\n<h3 class=\"wp-block-heading\">Servicios p\u00fablicos y cuidado animal<\/h3>\n\n\n\n<p>En servicios p\u00fablicos, Guerrero presumi\u00f3 que Corregidora ocupa, de acuerdo con los indicadores citados por su administraci\u00f3n, el&nbsp;<strong>primer lugar nacional en satisfacci\u00f3n ciudadana<\/strong>.<\/p>\n\n\n\n<p>Entre las acciones reportadas est\u00e1n la duplicaci\u00f3n de las rutas de barrido, la limpieza de&nbsp;<strong>123 kil\u00f3metros de drenes<\/strong>&nbsp;y la recolecci\u00f3n de&nbsp;<strong>230 toneladas de tiliches<\/strong>&nbsp;en colonias y comunidades.<\/p>\n\n\n\n<p>En paralelo, el gobierno municipal destac\u00f3 la creaci\u00f3n del Instituto de Cuidado Animal, con el que se han realizado&nbsp;<strong>m\u00e1s de 3 mil esterilizaciones<\/strong>, adem\u00e1s del proyecto de una cl\u00ednica veterinaria municipal.<\/p>\n\n\n\n<h3 class=\"wp-block-heading\">Un gobierno que busca estar en la calle<\/h3>\n\n\n\n<p>Guerrero tambi\u00e9n utiliz\u00f3 las&nbsp;<strong>Jornadas A Paso Firme<\/strong>&nbsp;como ejemplo de la estrategia de atenci\u00f3n directa.<\/p>\n\n\n\n<p>Seg\u00fan las cifras presentadas, estas jornadas han permitido atender a&nbsp;<strong>m\u00e1s de 12 mil ciudadanos<\/strong>&nbsp;en colonias y comunidades.<\/p>\n\n\n\n<p>\u201c<strong>No se puede gobernar desde un escritorio<\/strong>\u201d, plante\u00f3 el alcalde al referirse a la necesidad de mantener presencia directa en el territorio.<\/p>\n\n\n\n<h3 class=\"wp-block-heading\">Finanzas: uno de los puntos fuertes del discurso<\/h3>\n\n\n\n<p>Las finanzas municipales ocuparon otro espacio importante durante el balance.<\/p>\n\n\n\n<p>El gobierno de Corregidora report\u00f3 mantener finanzas sanas y contar con altos niveles de calidad crediticia conforme a los est\u00e1ndares de las principales agencias calificadoras.<\/p>\n\n\n\n<p>Tambi\u00e9n destac\u00f3&nbsp;<strong>cero observaciones de la Auditor\u00eda Superior de la Federaci\u00f3n<\/strong>&nbsp;y una evaluaci\u00f3n favorable en materia de Presupuesto Basado en Resultados por parte de la Secretar\u00eda de Hacienda.<\/p>\n\n\n\n<p>Estos resultados fueron utilizados por Guerrero como parte del argumento de que el crecimiento del municipio debe estar acompa\u00f1ado de disciplina financiera.<\/p>\n\n\n\n<h3 class=\"wp-block-heading\">El pendiente: que los resultados lleguen a todos<\/h3>\n\n\n\n<p>Aunque el discurso estuvo marcado por cifras positivas, el propio alcalde reconoci\u00f3 que existen rezagos.<\/p>\n\n\n\n<p>\u201c<strong>S\u00e9 que hay rezagos, no los niego, pero tampoco los acepto<\/strong>\u201d, afirm\u00f3.<\/p>\n\n\n\n<p>La frase resume uno de los principales retos para la segunda mitad de su administraci\u00f3n: convertir las cifras de inversi\u00f3n, cobertura y atenci\u00f3n en resultados que sean perceptibles de manera cotidiana por los habitantes de Corregidora.<\/p>\n\n\n\n<p>Al cierre de su mensaje, Guerrero llam\u00f3 a mantener el trabajo conjunto entre sociedad y gobierno y asegur\u00f3 que su administraci\u00f3n continuar\u00e1 con la estrategia que, bajo el lema&nbsp;<strong>\u201cA Paso Firme\u201d<\/strong>, ha marcado estos primeros dos a\u00f1os.<\/p>\n\n\n\n<p>El reto ahora ser\u00e1 sostener el ritmo de inversi\u00f3n y programas sociales, pero tambi\u00e9n demostrar que los indicadores presumidos durante el balance tienen un impacto duradero en las colonias y comunidades del municipio.<\/p>\n","protected":false},"excerpt":{"rendered":"<p>El gobierno municipal reporta una inversi\u00f3n superior a 500 millones de pesos en obra p\u00fablica,&#8230;<\/p>\n","protected":false},"author":1,"featured_media":5028,"comment_status":"open","ping_status":"open","sticky":false,"template":"","format":"standard","meta":{"om_disable_all_campaigns":false,"_monsterinsights_skip_tracking":false,"footnotes":"","jetpack_publicize_message":"","jetpack_publicize_feature_enabled":true,"jetpack_social_post_already_shared":true,"jetpack_social_options":{"image_generator_settings":{"template":"highway","default_image_id":0,"font":"","enabled":false},"version":2}},"categories":[1,71],"tags":[3349,3350,201,3341,44,3344,3351,3343,3339,3347,2767,3340,3345,3181,3348,3346,8,3342,3108],"class_list":["post-5027","post","type-post","status-publish","format-standard","has-post-thumbnail","hentry","category-blog","category-principal","tag-a-paso-firme","tag-ayuntamiento-de-corregidora","tag-chepe-guerrero","tag-cocina-movil","tag-corregidora","tag-corregidora-queretaro","tag-desarrollo-municipal","tag-finanzas-municipales","tag-gobierno-de-corregidora","tag-movivan","tag-municipio-de-corregidora","tag-obra-publica-queretaro","tag-obras-publicas-corregidora","tag-piramides-cerca-de-ti","tag-presidente-municipal-de-corregidora","tag-programas-sociales-corregidora","tag-queretaro","tag-seguridad-corregidora","tag-servicios-publicos-corregidora"],"aioseo_notices":[],"aioseo_head":"\n\t\t<!-- All in One SEO 5.0.1.1 - aioseo.com -->\n\t<meta name=\"description\" content=\"El gobierno municipal reporta una inversi\u00f3n superior a 500 millones de pesos en obra p\u00fablica, 175 mil raciones de alimentos y una cobertura de 93% en el sistema Movivan. Corregidora, Qro.\u2014 Dos a\u00f1os despu\u00e9s de asumir la presidencia municipal de Corregidora, Chepe Guerrero present\u00f3 ante ciudadanos un balance de su administraci\u00f3n, en el que puso sobre la mesa\" \/>\n\t<meta name=\"robots\" content=\"max-image-preview:large\" \/>\n\t<meta name=\"author\" content=\"elprogresivo.mx\"\/>\n\t<link rel=\"canonical\" href=\"https:\/\/elprogresivo.mx\/index.php\/2026\/09\/02\/dos-anos-de-chepe-guerrero-corregidora-presume-obra-programas-sociales-y-finanzas-sanas\/\" \/>\n\t<meta name=\"generator\" content=\"All in One SEO (AIOSEO) 5.0.1.1\" \/>\n\t\t<meta property=\"og:locale\" content=\"es_MX\" \/>\n\t\t<meta property=\"og:site_name\" content=\"elprogresivo.mx - Construimos una nueva etapa en informaci\u00f3n\" \/>\n\t\t<meta property=\"og:type\" content=\"article\" \/>\n\t\t<meta property=\"og:title\" content=\"Dos a\u00f1os de Chepe Guerrero: Corregidora presume obra, programas sociales y finanzas sanas - elprogresivo.mx\" \/>\n\t\t<meta property=\"og:description\" content=\"El gobierno municipal reporta una inversi\u00f3n superior a 500 millones de pesos en obra p\u00fablica, 175 mil raciones de alimentos y una cobertura de 93% en el sistema Movivan. Corregidora, Qro.\u2014 Dos a\u00f1os despu\u00e9s de asumir la presidencia municipal de Corregidora, Chepe Guerrero present\u00f3 ante ciudadanos un balance de su administraci\u00f3n, en el que puso sobre la mesa\" \/>\n\t\t<meta property=\"og:url\" content=\"https:\/\/elprogresivo.mx\/index.php\/2026\/09\/02\/dos-anos-de-chepe-guerrero-corregidora-presume-obra-programas-sociales-y-finanzas-sanas\/\" \/>\n\t\t<meta property=\"og:image\" content=\"https:\/\/elprogresivo.mx\/wp-content\/uploads\/2024\/02\/cropped-LogoBlanco.png\" \/>\n\t\t<meta property=\"og:image:secure_url\" content=\"https:\/\/elprogresivo.mx\/wp-content\/uploads\/2024\/02\/cropped-LogoBlanco.png\" \/>\n\t\t<meta property=\"article:published_time\" content=\"2026-09-02T19:39:00+00:00\" \/>\n\t\t<meta property=\"article:modified_time\" content=\"2026-09-03T19:04:56+00:00\" \/>\n\t\t<meta name=\"twitter:card\" content=\"summary_large_image\" \/>\n\t\t<meta name=\"twitter:title\" content=\"Dos a\u00f1os de Chepe Guerrero: Corregidora presume obra, programas sociales y finanzas sanas - elprogresivo.mx\" \/>\n\t\t<meta name=\"twitter:description\" content=\"El gobierno municipal reporta una inversi\u00f3n superior a 500 millones de pesos en obra p\u00fablica, 175 mil raciones de alimentos y una cobertura de 93% en el sistema Movivan. Corregidora, Qro.\u2014 Dos a\u00f1os despu\u00e9s de asumir la presidencia municipal de Corregidora, Chepe Guerrero present\u00f3 ante ciudadanos un balance de su administraci\u00f3n, en el que puso sobre la mesa\" \/>\n\t\t<meta name=\"twitter:image\" content=\"https:\/\/elprogresivo.mx\/wp-content\/uploads\/2024\/02\/cropped-LogoBlanco.png\" \/>\n\t\t<script type=\"application\/ld+json\" class=\"aioseo-schema\">\n\t\t\t{\"@context\":\"https:\\\/\\\/schema.org\",\"@graph\":[{\"@type\":\"BlogPosting\",\"@id\":\"https:\\\/\\\/elprogresivo.mx\\\/index.php\\\/2026\\\/09\\\/02\\\/dos-anos-de-chepe-guerrero-corregidora-presume-obra-programas-sociales-y-finanzas-sanas\\\/#blogposting\",\"name\":\"Dos a\\u00f1os de Chepe Guerrero: Corregidora presume obra, programas sociales y finanzas sanas - elprogresivo.mx\",\"headline\":\"Dos a\\u00f1os de Chepe Guerrero: Corregidora presume obra, programas sociales y finanzas sanas\",\"author\":{\"@id\":\"https:\\\/\\\/elprogresivo.mx\\\/index.php\\\/author\\\/elprogresivo-mx\\\/#author\"},\"publisher\":{\"@id\":\"https:\\\/\\\/elprogresivo.mx\\\/#organization\"},\"image\":{\"@type\":\"ImageObject\",\"url\":\"https:\\\/\\\/elprogresivo.mx\\\/wp-content\\\/uploads\\\/2026\\\/09\\\/WhatsApp-Image-2026-09-02-at-19.04.12-scaled.jpeg\",\"width\":2560,\"height\":1706},\"datePublished\":\"2026-09-02T19:39:00+00:00\",\"dateModified\":\"2026-09-03T19:04:56+00:00\",\"inLanguage\":\"es-MX\",\"mainEntityOfPage\":{\"@id\":\"https:\\\/\\\/elprogresivo.mx\\\/index.php\\\/2026\\\/09\\\/02\\\/dos-anos-de-chepe-guerrero-corregidora-presume-obra-programas-sociales-y-finanzas-sanas\\\/#webpage\"},\"isPartOf\":{\"@id\":\"https:\\\/\\\/elprogresivo.mx\\\/index.php\\\/2026\\\/09\\\/02\\\/dos-anos-de-chepe-guerrero-corregidora-presume-obra-programas-sociales-y-finanzas-sanas\\\/#webpage\"},\"articleSection\":\"Blog, Principal, A Paso Firme, Ayuntamiento de Corregidora, Chepe Guerrero, Cocina M\\u00f3vil, Corregidora, Corregidora Quer\\u00e9taro, desarrollo municipal, finanzas municipales, Gobierno de Corregidora, Movivan, Municipio de Corregidora, obra p\\u00fablica Quer\\u00e9taro, obras p\\u00fablicas Corregidora, Pir\\u00e1mides Cerca De Ti, presidente municipal de Corregidora, programas sociales Corregidora, Quer\\u00e9taro, seguridad Corregidora, servicios p\\u00fablicos Corregidora\"},{\"@type\":\"BreadcrumbList\",\"@id\":\"https:\\\/\\\/elprogresivo.mx\\\/index.php\\\/2026\\\/09\\\/02\\\/dos-anos-de-chepe-guerrero-corregidora-presume-obra-programas-sociales-y-finanzas-sanas\\\/#breadcrumblist\",\"itemListElement\":[{\"@type\":\"ListItem\",\"@id\":\"https:\\\/\\\/elprogresivo.mx#listItem\",\"position\":1,\"name\":\"Home\",\"item\":\"https:\\\/\\\/elprogresivo.mx\",\"nextItem\":{\"@type\":\"ListItem\",\"@id\":\"https:\\\/\\\/elprogresivo.mx\\\/index.php\\\/category\\\/blog\\\/#listItem\",\"name\":\"Blog\"}},{\"@type\":\"ListItem\",\"@id\":\"https:\\\/\\\/elprogresivo.mx\\\/index.php\\\/category\\\/blog\\\/#listItem\",\"position\":2,\"name\":\"Blog\",\"item\":\"https:\\\/\\\/elprogresivo.mx\\\/index.php\\\/category\\\/blog\\\/\",\"nextItem\":{\"@type\":\"ListItem\",\"@id\":\"https:\\\/\\\/elprogresivo.mx\\\/index.php\\\/2026\\\/09\\\/02\\\/dos-anos-de-chepe-guerrero-corregidora-presume-obra-programas-sociales-y-finanzas-sanas\\\/#listItem\",\"name\":\"Dos a\\u00f1os de Chepe Guerrero: Corregidora presume obra, programas sociales y finanzas sanas\"},\"previousItem\":{\"@type\":\"ListItem\",\"@id\":\"https:\\\/\\\/elprogresivo.mx#listItem\",\"name\":\"Home\"}},{\"@type\":\"ListItem\",\"@id\":\"https:\\\/\\\/elprogresivo.mx\\\/index.php\\\/2026\\\/09\\\/02\\\/dos-anos-de-chepe-guerrero-corregidora-presume-obra-programas-sociales-y-finanzas-sanas\\\/#listItem\",\"position\":3,\"name\":\"Dos a\\u00f1os de Chepe Guerrero: Corregidora presume obra, programas sociales y finanzas sanas\",\"previousItem\":{\"@type\":\"ListItem\",\"@id\":\"https:\\\/\\\/elprogresivo.mx\\\/index.php\\\/category\\\/blog\\\/#listItem\",\"name\":\"Blog\"}}]},{\"@type\":\"Organization\",\"@id\":\"https:\\\/\\\/elprogresivo.mx\\\/#organization\",\"name\":\"elprogresivo.mx\",\"description\":\"Construimos una nueva etapa en informaci\\u00f3n\",\"url\":\"https:\\\/\\\/elprogresivo.mx\\\/\",\"logo\":{\"@type\":\"ImageObject\",\"url\":\"https:\\\/\\\/elprogresivo.mx\\\/wp-content\\\/uploads\\\/2024\\\/02\\\/cropped-LogoBlanco.png\",\"@id\":\"https:\\\/\\\/elprogresivo.mx\\\/index.php\\\/2026\\\/09\\\/02\\\/dos-anos-de-chepe-guerrero-corregidora-presume-obra-programas-sociales-y-finanzas-sanas\\\/#organizationLogo\",\"width\":2096,\"height\":332},\"image\":{\"@id\":\"https:\\\/\\\/elprogresivo.mx\\\/index.php\\\/2026\\\/09\\\/02\\\/dos-anos-de-chepe-guerrero-corregidora-presume-obra-programas-sociales-y-finanzas-sanas\\\/#organizationLogo\"}},{\"@type\":\"Person\",\"@id\":\"https:\\\/\\\/elprogresivo.mx\\\/index.php\\\/author\\\/elprogresivo-mx\\\/#author\",\"url\":\"https:\\\/\\\/elprogresivo.mx\\\/index.php\\\/author\\\/elprogresivo-mx\\\/\",\"name\":\"elprogresivo.mx\",\"image\":{\"@type\":\"ImageObject\",\"@id\":\"https:\\\/\\\/elprogresivo.mx\\\/index.php\\\/2026\\\/09\\\/02\\\/dos-anos-de-chepe-guerrero-corregidora-presume-obra-programas-sociales-y-finanzas-sanas\\\/#authorImage\",\"url\":\"https:\\\/\\\/secure.gravatar.com\\\/avatar\\\/f8f619b2b94bf196501220695d5a6b8552763754143ed0ab1cf99ef065ae37cf?s=96&d=mm&r=g\",\"width\":96,\"height\":96,\"caption\":\"elprogresivo.mx\"}},{\"@type\":\"WebPage\",\"@id\":\"https:\\\/\\\/elprogresivo.mx\\\/index.php\\\/2026\\\/09\\\/02\\\/dos-anos-de-chepe-guerrero-corregidora-presume-obra-programas-sociales-y-finanzas-sanas\\\/#webpage\",\"url\":\"https:\\\/\\\/elprogresivo.mx\\\/index.php\\\/2026\\\/09\\\/02\\\/dos-anos-de-chepe-guerrero-corregidora-presume-obra-programas-sociales-y-finanzas-sanas\\\/\",\"name\":\"Dos a\\u00f1os de Chepe Guerrero: Corregidora presume obra, programas sociales y finanzas sanas - elprogresivo.mx\",\"description\":\"El gobierno municipal reporta una inversi\\u00f3n superior a 500 millones de pesos en obra p\\u00fablica, 175 mil raciones de alimentos y una cobertura de 93% en el sistema Movivan. Corregidora, Qro.\\u2014 Dos a\\u00f1os despu\\u00e9s de asumir la presidencia municipal de Corregidora, Chepe Guerrero present\\u00f3 ante ciudadanos un balance de su administraci\\u00f3n, en el que puso sobre la mesa\",\"inLanguage\":\"es-MX\",\"isPartOf\":{\"@id\":\"https:\\\/\\\/elprogresivo.mx\\\/#website\"},\"breadcrumb\":{\"@id\":\"https:\\\/\\\/elprogresivo.mx\\\/index.php\\\/2026\\\/09\\\/02\\\/dos-anos-de-chepe-guerrero-corregidora-presume-obra-programas-sociales-y-finanzas-sanas\\\/#breadcrumblist\"},\"author\":{\"@id\":\"https:\\\/\\\/elprogresivo.mx\\\/index.php\\\/author\\\/elprogresivo-mx\\\/#author\"},\"creator\":{\"@id\":\"https:\\\/\\\/elprogresivo.mx\\\/index.php\\\/author\\\/elprogresivo-mx\\\/#author\"},\"image\":{\"@type\":\"ImageObject\",\"url\":\"https:\\\/\\\/elprogresivo.mx\\\/wp-content\\\/uploads\\\/2026\\\/09\\\/WhatsApp-Image-2026-09-02-at-19.04.12-scaled.jpeg\",\"@id\":\"https:\\\/\\\/elprogresivo.mx\\\/index.php\\\/2026\\\/09\\\/02\\\/dos-anos-de-chepe-guerrero-corregidora-presume-obra-programas-sociales-y-finanzas-sanas\\\/#mainImage\",\"width\":2560,\"height\":1706},\"primaryImageOfPage\":{\"@id\":\"https:\\\/\\\/elprogresivo.mx\\\/index.php\\\/2026\\\/09\\\/02\\\/dos-anos-de-chepe-guerrero-corregidora-presume-obra-programas-sociales-y-finanzas-sanas\\\/#mainImage\"},\"datePublished\":\"2026-09-02T19:39:00+00:00\",\"dateModified\":\"2026-09-03T19:04:56+00:00\"},{\"@type\":\"WebSite\",\"@id\":\"https:\\\/\\\/elprogresivo.mx\\\/#website\",\"url\":\"https:\\\/\\\/elprogresivo.mx\\\/\",\"name\":\"elprogresivo.mx\",\"description\":\"Construimos una nueva etapa en informaci\\u00f3n\",\"inLanguage\":\"es-MX\",\"publisher\":{\"@id\":\"https:\\\/\\\/elprogresivo.mx\\\/#organization\"}}]}\n\t\t<\/script>\n\t\t<!-- All in One SEO -->\n\n","aioseo_head_json":{"title":"Dos a\u00f1os de Chepe Guerrero: Corregidora presume obra, programas sociales y finanzas sanas - elprogresivo.mx","description":"El gobierno municipal reporta una inversi\u00f3n superior a 500 millones de pesos en obra p\u00fablica, 175 mil raciones de alimentos y una cobertura de 93% en el sistema Movivan. Corregidora, Qro.\u2014 Dos a\u00f1os despu\u00e9s de asumir la presidencia municipal de Corregidora, Chepe Guerrero present\u00f3 ante ciudadanos un balance de su administraci\u00f3n, en el que puso sobre la mesa","canonical_url":"https:\/\/elprogresivo.mx\/index.php\/2026\/09\/02\/dos-anos-de-chepe-guerrero-corregidora-presume-obra-programas-sociales-y-finanzas-sanas\/","robots":"max-image-preview:large","keywords":"","webmasterTools":{"miscellaneous":""},"schema":{"@context":"https:\/\/schema.org","@graph":[{"@type":"BlogPosting","@id":"https:\/\/elprogresivo.mx\/index.php\/2026\/09\/02\/dos-anos-de-chepe-guerrero-corregidora-presume-obra-programas-sociales-y-finanzas-sanas\/#blogposting","name":"Dos a\u00f1os de Chepe Guerrero: Corregidora presume obra, programas sociales y finanzas sanas - elprogresivo.mx","headline":"Dos a\u00f1os de Chepe Guerrero: Corregidora presume obra, programas sociales y finanzas sanas","author":{"@id":"https:\/\/elprogresivo.mx\/index.php\/author\/elprogresivo-mx\/#author"},"publisher":{"@id":"https:\/\/elprogresivo.mx\/#organization"},"image":{"@type":"ImageObject","url":"https:\/\/elprogresivo.mx\/wp-content\/uploads\/2026\/09\/WhatsApp-Image-2026-09-02-at-19.04.12-scaled.jpeg","width":2560,"height":1706},"datePublished":"2026-09-02T19:39:00+00:00","dateModified":"2026-09-03T19:04:56+00:00","inLanguage":"es-MX","mainEntityOfPage":{"@id":"https:\/\/elprogresivo.mx\/index.php\/2026\/09\/02\/dos-anos-de-chepe-guerrero-corregidora-presume-obra-programas-sociales-y-finanzas-sanas\/#webpage"},"isPartOf":{"@id":"https:\/\/elprogresivo.mx\/index.php\/2026\/09\/02\/dos-anos-de-chepe-guerrero-corregidora-presume-obra-programas-sociales-y-finanzas-sanas\/#webpage"},"articleSection":"Blog, Principal, A Paso Firme, Ayuntamiento de Corregidora, Chepe Guerrero, Cocina M\u00f3vil, Corregidora, Corregidora Quer\u00e9taro, desarrollo municipal, finanzas municipales, Gobierno de Corregidora, Movivan, Municipio de Corregidora, obra p\u00fablica Quer\u00e9taro, obras p\u00fablicas Corregidora, Pir\u00e1mides Cerca De Ti, presidente municipal de Corregidora, programas sociales Corregidora, Quer\u00e9taro, seguridad Corregidora, servicios p\u00fablicos Corregidora"},{"@type":"BreadcrumbList","@id":"https:\/\/elprogresivo.mx\/index.php\/2026\/09\/02\/dos-anos-de-chepe-guerrero-corregidora-presume-obra-programas-sociales-y-finanzas-sanas\/#breadcrumblist","itemListElement":[{"@type":"ListItem","@id":"https:\/\/elprogresivo.mx#listItem","position":1,"name":"Home","item":"https:\/\/elprogresivo.mx","nextItem":{"@type":"ListItem","@id":"https:\/\/elprogresivo.mx\/index.php\/category\/blog\/#listItem","name":"Blog"}},{"@type":"ListItem","@id":"https:\/\/elprogresivo.mx\/index.php\/category\/blog\/#listItem","position":2,"name":"Blog","item":"https:\/\/elprogresivo.mx\/index.php\/category\/blog\/","nextItem":{"@type":"ListItem","@id":"https:\/\/elprogresivo.mx\/index.php\/2026\/09\/02\/dos-anos-de-chepe-guerrero-corregidora-presume-obra-programas-sociales-y-finanzas-sanas\/#listItem","name":"Dos a\u00f1os de Chepe Guerrero: Corregidora presume obra, programas sociales y finanzas sanas"},"previousItem":{"@type":"ListItem","@id":"https:\/\/elprogresivo.mx#listItem","name":"Home"}},{"@type":"ListItem","@id":"https:\/\/elprogresivo.mx\/index.php\/2026\/09\/02\/dos-anos-de-chepe-guerrero-corregidora-presume-obra-programas-sociales-y-finanzas-sanas\/#listItem","position":3,"name":"Dos a\u00f1os de Chepe Guerrero: Corregidora presume obra, programas sociales y finanzas sanas","previousItem":{"@type":"ListItem","@id":"https:\/\/elprogresivo.mx\/index.php\/category\/blog\/#listItem","name":"Blog"}}]},{"@type":"Organization","@id":"https:\/\/elprogresivo.mx\/#organization","name":"elprogresivo.mx","description":"Construimos una nueva etapa en informaci\u00f3n","url":"https:\/\/elprogresivo.mx\/","logo":{"@type":"ImageObject","url":"https:\/\/elprogresivo.mx\/wp-content\/uploads\/2024\/02\/cropped-LogoBlanco.png","@id":"https:\/\/elprogresivo.mx\/index.php\/2026\/09\/02\/dos-anos-de-chepe-guerrero-corregidora-presume-obra-programas-sociales-y-finanzas-sanas\/#organizationLogo","width":2096,"height":332},"image":{"@id":"https:\/\/elprogresivo.mx\/index.php\/2026\/09\/02\/dos-anos-de-chepe-guerrero-corregidora-presume-obra-programas-sociales-y-finanzas-sanas\/#organizationLogo"}},{"@type":"Person","@id":"https:\/\/elprogresivo.mx\/index.php\/author\/elprogresivo-mx\/#author","url":"https:\/\/elprogresivo.mx\/index.php\/author\/elprogresivo-mx\/","name":"elprogresivo.mx","image":{"@type":"ImageObject","@id":"https:\/\/elprogresivo.mx\/index.php\/2026\/09\/02\/dos-anos-de-chepe-guerrero-corregidora-presume-obra-programas-sociales-y-finanzas-sanas\/#authorImage","url":"https:\/\/secure.gravatar.com\/avatar\/f8f619b2b94bf196501220695d5a6b8552763754143ed0ab1cf99ef065ae37cf?s=96&d=mm&r=g","width":96,"height":96,"caption":"elprogresivo.mx"}},{"@type":"WebPage","@id":"https:\/\/elprogresivo.mx\/index.php\/2026\/09\/02\/dos-anos-de-chepe-guerrero-corregidora-presume-obra-programas-sociales-y-finanzas-sanas\/#webpage","url":"https:\/\/elprogresivo.mx\/index.php\/2026\/09\/02\/dos-anos-de-chepe-guerrero-corregidora-presume-obra-programas-sociales-y-finanzas-sanas\/","name":"Dos a\u00f1os de Chepe Guerrero: Corregidora presume obra, programas sociales y finanzas sanas - elprogresivo.mx","description":"El gobierno municipal reporta una inversi\u00f3n superior a 500 millones de pesos en obra p\u00fablica, 175 mil raciones de alimentos y una cobertura de 93% en el sistema Movivan. Corregidora, Qro.\u2014 Dos a\u00f1os despu\u00e9s de asumir la presidencia municipal de Corregidora, Chepe Guerrero present\u00f3 ante ciudadanos un balance de su administraci\u00f3n, en el que puso sobre la mesa","inLanguage":"es-MX","isPartOf":{"@id":"https:\/\/elprogresivo.mx\/#website"},"breadcrumb":{"@id":"https:\/\/elprogresivo.mx\/index.php\/2026\/09\/02\/dos-anos-de-chepe-guerrero-corregidora-presume-obra-programas-sociales-y-finanzas-sanas\/#breadcrumblist"},"author":{"@id":"https:\/\/elprogresivo.mx\/index.php\/author\/elprogresivo-mx\/#author"},"creator":{"@id":"https:\/\/elprogresivo.mx\/index.php\/author\/elprogresivo-mx\/#author"},"image":{"@type":"ImageObject","url":"https:\/\/elprogresivo.mx\/wp-content\/uploads\/2026\/09\/WhatsApp-Image-2026-09-02-at-19.04.12-scaled.jpeg","@id":"https:\/\/elprogresivo.mx\/index.php\/2026\/09\/02\/dos-anos-de-chepe-guerrero-corregidora-presume-obra-programas-sociales-y-finanzas-sanas\/#mainImage","width":2560,"height":1706},"primaryImageOfPage":{"@id":"https:\/\/elprogresivo.mx\/index.php\/2026\/09\/02\/dos-anos-de-chepe-guerrero-corregidora-presume-obra-programas-sociales-y-finanzas-sanas\/#mainImage"},"datePublished":"2026-09-02T19:39:00+00:00","dateModified":"2026-09-03T19:04:56+00:00"},{"@type":"WebSite","@id":"https:\/\/elprogresivo.mx\/#website","url":"https:\/\/elprogresivo.mx\/","name":"elprogresivo.mx","description":"Construimos una nueva etapa en informaci\u00f3n","inLanguage":"es-MX","publisher":{"@id":"https:\/\/elprogresivo.mx\/#organization"}}]},"og:locale":"es_MX","og:site_name":"elprogresivo.mx - Construimos una nueva etapa en informaci\u00f3n","og:type":"article","og:title":"Dos a\u00f1os de Chepe Guerrero: Corregidora presume obra, programas sociales y finanzas sanas - elprogresivo.mx","og:description":"El gobierno municipal reporta una inversi\u00f3n superior a 500 millones de pesos en obra p\u00fablica, 175 mil raciones de alimentos y una cobertura de 93% en el sistema Movivan. Corregidora, Qro.\u2014 Dos a\u00f1os despu\u00e9s de asumir la presidencia municipal de Corregidora, Chepe Guerrero present\u00f3 ante ciudadanos un balance de su administraci\u00f3n, en el que puso sobre la mesa","og:url":"https:\/\/elprogresivo.mx\/index.php\/2026\/09\/02\/dos-anos-de-chepe-guerrero-corregidora-presume-obra-programas-sociales-y-finanzas-sanas\/","og:image":"https:\/\/elprogresivo.mx\/wp-content\/uploads\/2024\/02\/cropped-LogoBlanco.png","og:image:secure_url":"https:\/\/elprogresivo.mx\/wp-content\/uploads\/2024\/02\/cropped-LogoBlanco.png","article:published_time":"2026-09-02T19:39:00+00:00","article:modified_time":"2026-09-03T19:04:56+00:00","twitter:card":"summary_large_image","twitter:title":"Dos a\u00f1os de Chepe Guerrero: Corregidora presume obra, programas sociales y finanzas sanas - elprogresivo.mx","twitter:description":"El gobierno municipal reporta una inversi\u00f3n superior a 500 millones de pesos en obra p\u00fablica, 175 mil raciones de alimentos y una cobertura de 93% en el sistema Movivan. Corregidora, Qro.\u2014 Dos a\u00f1os despu\u00e9s de asumir la presidencia municipal de Corregidora, Chepe Guerrero present\u00f3 ante ciudadanos un balance de su administraci\u00f3n, en el que puso sobre la mesa","twitter:image":"https:\/\/elprogresivo.mx\/wp-content\/uploads\/2024\/02\/cropped-LogoBlanco.png"},"aioseo_meta_data":{"post_id":"5027","title":null,"description":null,"keywords":null,"keyphrases":{"focus":{"keyphrase":"","score":0,"analysis":{"keyphraseInTitle":{"score":0,"maxScore":9,"error":1}}},"additional":[]},"primary_term":null,"canonical_url":null,"og_title":null,"og_description":null,"og_object_type":"default","og_image_type":"default","og_image_url":null,"og_image_width":null,"og_image_height":null,"og_image_custom_url":null,"og_image_custom_fields":null,"og_video":"","og_custom_url":null,"og_article_section":null,"og_article_tags":null,"twitter_use_og":false,"twitter_card":"default","twitter_image_type":"default","twitter_image_url":null,"twitter_image_custom_url":null,"twitter_image_custom_fields":null,"twitter_title":null,"twitter_description":null,"schema":{"blockGraphs":[],"customGraphs":[],"default":{"data":{"Article":[],"Course":[],"Dataset":[],"FAQPage":[],"Movie":[],"Person":[],"Product":[],"ProductReview":[],"Car":[],"Recipe":[],"Service":[],"SoftwareApplication":[],"WebPage":[]},"graphName":"BlogPosting","isEnabled":true},"graphs":[]},"schema_type":"default","schema_type_options":null,"pillar_content":false,"robots_default":true,"robots_noindex":false,"robots_noarchive":false,"robots_nosnippet":false,"robots_nofollow":false,"robots_noimageindex":false,"robots_noodp":false,"robots_notranslate":false,"robots_max_snippet":"-1","robots_max_videopreview":"-1","robots_max_imagepreview":"large","priority":null,"frequency":"default","local_seo":null,"limit_modified_date":false,"created":"2026-09-03 18:43:27","updated":"2026-09-03 20:04:51","ai":{"faqs":[],"keyPoints":[],"schemas":[],"titles":[],"descriptions":[],"socialPosts":{"email":{"subject":"","preview":"","content":""},"linkedin":[],"twitter":[],"facebook":[],"instagram":[]}},"breadcrumb_settings":null,"seo_analyzer_scan_date":null,"focus_keyword":null,"additional_keywords":null,"truseo_locale":null},"aioseo_breadcrumb":"<div class=\"aioseo-breadcrumbs\"><span class=\"aioseo-breadcrumb\">\n\t\t\t<a href=\"https:\/\/elprogresivo.mx\" title=\"Home\">Home<\/a>\n\t\t<\/span><span class=\"aioseo-breadcrumb-separator\">&raquo;<\/span><span class=\"aioseo-breadcrumb\">\n\t\t\t<a href=\"https:\/\/elprogresivo.mx\/index.php\/category\/blog\/\" title=\"Blog\">Blog<\/a>\n\t\t<\/span><span class=\"aioseo-breadcrumb-separator\">&raquo;<\/span><span class=\"aioseo-breadcrumb\">\n\t\t\tDos a\u00f1os de Chepe Guerrero: Corregidora presume obra, programas sociales y finanzas sanas\n\t\t<\/span><\/div>","aioseo_breadcrumb_json":[{"label":"Home","link":"https:\/\/elprogresivo.mx"},{"label":"Blog","link":"https:\/\/elprogresivo.mx\/index.php\/category\/blog\/"},{"label":"Dos a\u00f1os de Chepe Guerrero: Corregidora presume obra, programas sociales y finanzas sanas","link":"https:\/\/elprogresivo.mx\/index.php\/2026\/09\/02\/dos-anos-de-chepe-guerrero-corregidora-presume-obra-programas-sociales-y-finanzas-sanas\/"}],"jetpack_publicize_connections":[],"_links":{"self":[{"href":"https:\/\/elprogresivo.mx\/index.php\/wp-json\/wp\/v2\/posts\/5027","targetHints":{"allow":["GET"]}}],"collection":[{"href":"https:\/\/elprogresivo.mx\/index.php\/wp-json\/wp\/v2\/posts"}],"about":[{"href":"https:\/\/elprogresivo.mx\/index.php\/wp-json\/wp\/v2\/types\/post"}],"author":[{"embeddable":true,"href":"https:\/\/elprogresivo.mx\/index.php\/wp-json\/wp\/v2\/users\/1"}],"replies":[{"embeddable":true,"href":"https:\/\/elprogresivo.mx\/index.php\/wp-json\/wp\/v2\/comments?post=5027"}],"version-history":[{"count":1,"href":"https:\/\/elprogresivo.mx\/index.php\/wp-json\/wp\/v2\/posts\/5027\/revisions"}],"predecessor-version":[{"id":5029,"href":"https:\/\/elprogresivo.mx\/index.php\/wp-json\/wp\/v2\/posts\/5027\/revisions\/5029"}],"wp:featuredmedia":[{"embeddable":true,"href":"https:\/\/elprogresivo.mx\/index.php\/wp-json\/wp\/v2\/media\/5028"}],"wp:attachment":[{"href":"https:\/\/elprogresivo.mx\/index.php\/wp-json\/wp\/v2\/media?parent=5027"}],"wp:term":[{"taxonomy":"category","embeddable":true,"href":"https:\/\/elprogresivo.mx\/index.php\/wp-json\/wp\/v2\/categories?post=5027"},{"taxonomy":"post_tag","embeddable":true,"href":"https:\/\/elprogresivo.mx\/index.php\/wp-json\/wp\/v2\/tags?post=5027"}],"curies":[{"name":"wp","href":"https:\/\/api.w.org\/{rel}","templated":true}]}}