{"id":5024,"date":"2026-09-03T18:37:53","date_gmt":"2026-09-03T18:37:53","guid":{"rendered":"https:\/\/elprogresivo.mx\/?p=5024"},"modified":"2026-09-03T18:39:43","modified_gmt":"2026-09-03T18:39:43","slug":"chepe-guerrero-informa-manejando-un-movivan","status":"publish","type":"post","link":"https:\/\/elprogresivo.mx\/index.php\/2026\/09\/03\/chepe-guerrero-informa-manejando-un-movivan\/","title":{"rendered":"Chepe Guerrero informa manejando un Movivan\u00a0"},"content":{"rendered":"\n<p>Con motivo de su Segundo Informe de Gobierno, el presidente municipal de Corregidora, Chepe Guerrero, condujo la Ruta 01&nbsp;La Negreta&nbsp;del programa&nbsp;de movilidad&nbsp;Movivan, donde convers\u00f3 y escuch\u00f3&nbsp;las inquietudes de las usuarias, principalmente relacionadas con temas de movilidad y rehabilitaci\u00f3n de vialidades.<\/p>\n\n\n\n<p>Las beneficiarias del programa coincidieron en&nbsp;la importancia de contar con este servicio, que les permite realizar traslados m\u00e1s cortos y seguros, adem\u00e1s de representar un ahorro significativo para sus familias al ser un programa gratuito.<\/p>\n\n\n\n<p>Durante la actual administraci\u00f3n municipal, se ampli\u00f3 la cobertura del programa Movivan, alcanzando actualmente al 93%&nbsp;de las colonias y comunidades de Corregidora, trasladando a cerca de 100 mil usuarios cada mes.&nbsp;<\/p>\n","protected":false},"excerpt":{"rendered":"<p>Con motivo de su Segundo Informe de Gobierno, el presidente municipal de Corregidora, Chepe Guerrero,&#8230;<\/p>\n","protected":false},"author":1,"featured_media":5025,"comment_status":"open","ping_status":"open","sticky":false,"template":"","format":"standard","meta":{"om_disable_all_campaigns":false,"_monsterinsights_skip_tracking":false,"footnotes":"","jetpack_publicize_message":"","jetpack_publicize_feature_enabled":true,"jetpack_social_post_already_shared":true,"jetpack_social_options":{"image_generator_settings":{"template":"highway","default_image_id":0,"font":"","enabled":false},"version":2}},"categories":[1,70],"tags":[201,1979,2510,3141],"class_list":["post-5024","post","type-post","status-publish","format-standard","has-post-thumbnail","hentry","category-blog","category-destacado","tag-chepe-guerrero","tag-movilidad","tag-movilidad-accesible","tag-segundo-informe-corregidora"],"aioseo_notices":[],"aioseo_head":"\n\t\t<!-- All in One SEO 5.0.1.1 - aioseo.com -->\n\t<meta name=\"description\" content=\"Con motivo de su Segundo Informe de Gobierno, el presidente municipal de Corregidora, Chepe Guerrero, condujo la Ruta 01 La Negreta del programa de movilidad Movivan, donde convers\u00f3 y escuch\u00f3 las inquietudes de las usuarias, principalmente relacionadas con temas de movilidad y rehabilitaci\u00f3n de vialidades. Las beneficiarias del programa coincidieron en la importancia de contar con este servicio, que les permite\" \/>\n\t<meta name=\"robots\" content=\"max-image-preview:large\" \/>\n\t<meta name=\"author\" content=\"elprogresivo.mx\"\/>\n\t<link rel=\"canonical\" href=\"https:\/\/elprogresivo.mx\/index.php\/2026\/09\/03\/chepe-guerrero-informa-manejando-un-movivan\/\" \/>\n\t<meta name=\"generator\" content=\"All in One SEO (AIOSEO) 5.0.1.1\" \/>\n\t\t<meta property=\"og:locale\" content=\"es_MX\" \/>\n\t\t<meta property=\"og:site_name\" content=\"elprogresivo.mx - Construimos una nueva etapa en informaci\u00f3n\" \/>\n\t\t<meta property=\"og:type\" content=\"article\" \/>\n\t\t<meta property=\"og:title\" content=\"Chepe Guerrero informa manejando un Movivan - elprogresivo.mx\" \/>\n\t\t<meta property=\"og:description\" content=\"Con motivo de su Segundo Informe de Gobierno, el presidente municipal de Corregidora, Chepe Guerrero, condujo la Ruta 01 La Negreta del programa de movilidad Movivan, donde convers\u00f3 y escuch\u00f3 las inquietudes de las usuarias, principalmente relacionadas con temas de movilidad y rehabilitaci\u00f3n de vialidades. Las beneficiarias del programa coincidieron en la importancia de contar con este servicio, que les permite\" \/>\n\t\t<meta property=\"og:url\" content=\"https:\/\/elprogresivo.mx\/index.php\/2026\/09\/03\/chepe-guerrero-informa-manejando-un-movivan\/\" \/>\n\t\t<meta property=\"og:image\" content=\"https:\/\/elprogresivo.mx\/wp-content\/uploads\/2024\/02\/cropped-LogoBlanco.png\" \/>\n\t\t<meta property=\"og:image:secure_url\" content=\"https:\/\/elprogresivo.mx\/wp-content\/uploads\/2024\/02\/cropped-LogoBlanco.png\" \/>\n\t\t<meta property=\"article:published_time\" content=\"2026-09-03T18:37:53+00:00\" \/>\n\t\t<meta property=\"article:modified_time\" content=\"2026-09-03T18:39:43+00:00\" \/>\n\t\t<meta name=\"twitter:card\" content=\"summary_large_image\" \/>\n\t\t<meta name=\"twitter:title\" content=\"Chepe Guerrero informa manejando un Movivan - elprogresivo.mx\" \/>\n\t\t<meta name=\"twitter:description\" content=\"Con motivo de su Segundo Informe de Gobierno, el presidente municipal de Corregidora, Chepe Guerrero, condujo la Ruta 01 La Negreta del programa de movilidad Movivan, donde convers\u00f3 y escuch\u00f3 las inquietudes de las usuarias, principalmente relacionadas con temas de movilidad y rehabilitaci\u00f3n de vialidades. Las beneficiarias del programa coincidieron en la importancia de contar con este servicio, que les permite\" \/>\n\t\t<meta name=\"twitter:image\" content=\"https:\/\/elprogresivo.mx\/wp-content\/uploads\/2024\/02\/cropped-LogoBlanco.png\" \/>\n\t\t<script type=\"application\/ld+json\" class=\"aioseo-schema\">\n\t\t\t{\"@context\":\"https:\\\/\\\/schema.org\",\"@graph\":[{\"@type\":\"BlogPosting\",\"@id\":\"https:\\\/\\\/elprogresivo.mx\\\/index.php\\\/2026\\\/09\\\/03\\\/chepe-guerrero-informa-manejando-un-movivan\\\/#blogposting\",\"name\":\"Chepe Guerrero informa manejando un Movivan - elprogresivo.mx\",\"headline\":\"Chepe Guerrero informa manejando un Movivan\\u00a0\",\"author\":{\"@id\":\"https:\\\/\\\/elprogresivo.mx\\\/index.php\\\/author\\\/elprogresivo-mx\\\/#author\"},\"publisher\":{\"@id\":\"https:\\\/\\\/elprogresivo.mx\\\/#organization\"},\"image\":{\"@type\":\"ImageObject\",\"url\":\"https:\\\/\\\/elprogresivo.mx\\\/wp-content\\\/uploads\\\/2026\\\/09\\\/WhatsApp-Image-2026-09-03-at-11.40.14-scaled.jpeg\",\"width\":2560,\"height\":1706},\"datePublished\":\"2026-09-03T18:37:53+00:00\",\"dateModified\":\"2026-09-03T18:39:43+00:00\",\"inLanguage\":\"es-MX\",\"mainEntityOfPage\":{\"@id\":\"https:\\\/\\\/elprogresivo.mx\\\/index.php\\\/2026\\\/09\\\/03\\\/chepe-guerrero-informa-manejando-un-movivan\\\/#webpage\"},\"isPartOf\":{\"@id\":\"https:\\\/\\\/elprogresivo.mx\\\/index.php\\\/2026\\\/09\\\/03\\\/chepe-guerrero-informa-manejando-un-movivan\\\/#webpage\"},\"articleSection\":\"Blog, Destacado, Chepe Guerrero, movilidad, movilidad accesible, Segundo Informe Corregidora\"},{\"@type\":\"BreadcrumbList\",\"@id\":\"https:\\\/\\\/elprogresivo.mx\\\/index.php\\\/2026\\\/09\\\/03\\\/chepe-guerrero-informa-manejando-un-movivan\\\/#breadcrumblist\",\"itemListElement\":[{\"@type\":\"ListItem\",\"@id\":\"https:\\\/\\\/elprogresivo.mx#listItem\",\"position\":1,\"name\":\"Home\",\"item\":\"https:\\\/\\\/elprogresivo.mx\",\"nextItem\":{\"@type\":\"ListItem\",\"@id\":\"https:\\\/\\\/elprogresivo.mx\\\/index.php\\\/category\\\/blog\\\/#listItem\",\"name\":\"Blog\"}},{\"@type\":\"ListItem\",\"@id\":\"https:\\\/\\\/elprogresivo.mx\\\/index.php\\\/category\\\/blog\\\/#listItem\",\"position\":2,\"name\":\"Blog\",\"item\":\"https:\\\/\\\/elprogresivo.mx\\\/index.php\\\/category\\\/blog\\\/\",\"nextItem\":{\"@type\":\"ListItem\",\"@id\":\"https:\\\/\\\/elprogresivo.mx\\\/index.php\\\/2026\\\/09\\\/03\\\/chepe-guerrero-informa-manejando-un-movivan\\\/#listItem\",\"name\":\"Chepe Guerrero informa manejando un Movivan\\u00a0\"},\"previousItem\":{\"@type\":\"ListItem\",\"@id\":\"https:\\\/\\\/elprogresivo.mx#listItem\",\"name\":\"Home\"}},{\"@type\":\"ListItem\",\"@id\":\"https:\\\/\\\/elprogresivo.mx\\\/index.php\\\/2026\\\/09\\\/03\\\/chepe-guerrero-informa-manejando-un-movivan\\\/#listItem\",\"position\":3,\"name\":\"Chepe Guerrero informa manejando un Movivan\\u00a0\",\"previousItem\":{\"@type\":\"ListItem\",\"@id\":\"https:\\\/\\\/elprogresivo.mx\\\/index.php\\\/category\\\/blog\\\/#listItem\",\"name\":\"Blog\"}}]},{\"@type\":\"Organization\",\"@id\":\"https:\\\/\\\/elprogresivo.mx\\\/#organization\",\"name\":\"elprogresivo.mx\",\"description\":\"Construimos una nueva etapa en informaci\\u00f3n\",\"url\":\"https:\\\/\\\/elprogresivo.mx\\\/\",\"logo\":{\"@type\":\"ImageObject\",\"url\":\"https:\\\/\\\/elprogresivo.mx\\\/wp-content\\\/uploads\\\/2024\\\/02\\\/cropped-LogoBlanco.png\",\"@id\":\"https:\\\/\\\/elprogresivo.mx\\\/index.php\\\/2026\\\/09\\\/03\\\/chepe-guerrero-informa-manejando-un-movivan\\\/#organizationLogo\",\"width\":2096,\"height\":332},\"image\":{\"@id\":\"https:\\\/\\\/elprogresivo.mx\\\/index.php\\\/2026\\\/09\\\/03\\\/chepe-guerrero-informa-manejando-un-movivan\\\/#organizationLogo\"}},{\"@type\":\"Person\",\"@id\":\"https:\\\/\\\/elprogresivo.mx\\\/index.php\\\/author\\\/elprogresivo-mx\\\/#author\",\"url\":\"https:\\\/\\\/elprogresivo.mx\\\/index.php\\\/author\\\/elprogresivo-mx\\\/\",\"name\":\"elprogresivo.mx\",\"image\":{\"@type\":\"ImageObject\",\"@id\":\"https:\\\/\\\/elprogresivo.mx\\\/index.php\\\/2026\\\/09\\\/03\\\/chepe-guerrero-informa-manejando-un-movivan\\\/#authorImage\",\"url\":\"https:\\\/\\\/secure.gravatar.com\\\/avatar\\\/f8f619b2b94bf196501220695d5a6b8552763754143ed0ab1cf99ef065ae37cf?s=96&d=mm&r=g\",\"width\":96,\"height\":96,\"caption\":\"elprogresivo.mx\"}},{\"@type\":\"WebPage\",\"@id\":\"https:\\\/\\\/elprogresivo.mx\\\/index.php\\\/2026\\\/09\\\/03\\\/chepe-guerrero-informa-manejando-un-movivan\\\/#webpage\",\"url\":\"https:\\\/\\\/elprogresivo.mx\\\/index.php\\\/2026\\\/09\\\/03\\\/chepe-guerrero-informa-manejando-un-movivan\\\/\",\"name\":\"Chepe Guerrero informa manejando un Movivan - elprogresivo.mx\",\"description\":\"Con motivo de su Segundo Informe de Gobierno, el presidente municipal de Corregidora, Chepe Guerrero, condujo la Ruta 01 La Negreta del programa de movilidad Movivan, donde convers\\u00f3 y escuch\\u00f3 las inquietudes de las usuarias, principalmente relacionadas con temas de movilidad y rehabilitaci\\u00f3n de vialidades. Las beneficiarias del programa coincidieron en la importancia de contar con este servicio, que les permite\",\"inLanguage\":\"es-MX\",\"isPartOf\":{\"@id\":\"https:\\\/\\\/elprogresivo.mx\\\/#website\"},\"breadcrumb\":{\"@id\":\"https:\\\/\\\/elprogresivo.mx\\\/index.php\\\/2026\\\/09\\\/03\\\/chepe-guerrero-informa-manejando-un-movivan\\\/#breadcrumblist\"},\"author\":{\"@id\":\"https:\\\/\\\/elprogresivo.mx\\\/index.php\\\/author\\\/elprogresivo-mx\\\/#author\"},\"creator\":{\"@id\":\"https:\\\/\\\/elprogresivo.mx\\\/index.php\\\/author\\\/elprogresivo-mx\\\/#author\"},\"image\":{\"@type\":\"ImageObject\",\"url\":\"https:\\\/\\\/elprogresivo.mx\\\/wp-content\\\/uploads\\\/2026\\\/09\\\/WhatsApp-Image-2026-09-03-at-11.40.14-scaled.jpeg\",\"@id\":\"https:\\\/\\\/elprogresivo.mx\\\/index.php\\\/2026\\\/09\\\/03\\\/chepe-guerrero-informa-manejando-un-movivan\\\/#mainImage\",\"width\":2560,\"height\":1706},\"primaryImageOfPage\":{\"@id\":\"https:\\\/\\\/elprogresivo.mx\\\/index.php\\\/2026\\\/09\\\/03\\\/chepe-guerrero-informa-manejando-un-movivan\\\/#mainImage\"},\"datePublished\":\"2026-09-03T18:37:53+00:00\",\"dateModified\":\"2026-09-03T18:39:43+00:00\"},{\"@type\":\"WebSite\",\"@id\":\"https:\\\/\\\/elprogresivo.mx\\\/#website\",\"url\":\"https:\\\/\\\/elprogresivo.mx\\\/\",\"name\":\"elprogresivo.mx\",\"description\":\"Construimos una nueva etapa en informaci\\u00f3n\",\"inLanguage\":\"es-MX\",\"publisher\":{\"@id\":\"https:\\\/\\\/elprogresivo.mx\\\/#organization\"}}]}\n\t\t<\/script>\n\t\t<!-- All in One SEO -->\n\n","aioseo_head_json":{"title":"Chepe Guerrero informa manejando un Movivan - elprogresivo.mx","description":"Con motivo de su Segundo Informe de Gobierno, el presidente municipal de Corregidora, Chepe Guerrero, condujo la Ruta 01 La Negreta del programa de movilidad Movivan, donde convers\u00f3 y escuch\u00f3 las inquietudes de las usuarias, principalmente relacionadas con temas de movilidad y rehabilitaci\u00f3n de vialidades. Las beneficiarias del programa coincidieron en la importancia de contar con este servicio, que les permite","canonical_url":"https:\/\/elprogresivo.mx\/index.php\/2026\/09\/03\/chepe-guerrero-informa-manejando-un-movivan\/","robots":"max-image-preview:large","keywords":"","webmasterTools":{"miscellaneous":""},"schema":{"@context":"https:\/\/schema.org","@graph":[{"@type":"BlogPosting","@id":"https:\/\/elprogresivo.mx\/index.php\/2026\/09\/03\/chepe-guerrero-informa-manejando-un-movivan\/#blogposting","name":"Chepe Guerrero informa manejando un Movivan - elprogresivo.mx","headline":"Chepe Guerrero informa manejando un Movivan\u00a0","author":{"@id":"https:\/\/elprogresivo.mx\/index.php\/author\/elprogresivo-mx\/#author"},"publisher":{"@id":"https:\/\/elprogresivo.mx\/#organization"},"image":{"@type":"ImageObject","url":"https:\/\/elprogresivo.mx\/wp-content\/uploads\/2026\/09\/WhatsApp-Image-2026-09-03-at-11.40.14-scaled.jpeg","width":2560,"height":1706},"datePublished":"2026-09-03T18:37:53+00:00","dateModified":"2026-09-03T18:39:43+00:00","inLanguage":"es-MX","mainEntityOfPage":{"@id":"https:\/\/elprogresivo.mx\/index.php\/2026\/09\/03\/chepe-guerrero-informa-manejando-un-movivan\/#webpage"},"isPartOf":{"@id":"https:\/\/elprogresivo.mx\/index.php\/2026\/09\/03\/chepe-guerrero-informa-manejando-un-movivan\/#webpage"},"articleSection":"Blog, Destacado, Chepe Guerrero, movilidad, movilidad accesible, Segundo Informe Corregidora"},{"@type":"BreadcrumbList","@id":"https:\/\/elprogresivo.mx\/index.php\/2026\/09\/03\/chepe-guerrero-informa-manejando-un-movivan\/#breadcrumblist","itemListElement":[{"@type":"ListItem","@id":"https:\/\/elprogresivo.mx#listItem","position":1,"name":"Home","item":"https:\/\/elprogresivo.mx","nextItem":{"@type":"ListItem","@id":"https:\/\/elprogresivo.mx\/index.php\/category\/blog\/#listItem","name":"Blog"}},{"@type":"ListItem","@id":"https:\/\/elprogresivo.mx\/index.php\/category\/blog\/#listItem","position":2,"name":"Blog","item":"https:\/\/elprogresivo.mx\/index.php\/category\/blog\/","nextItem":{"@type":"ListItem","@id":"https:\/\/elprogresivo.mx\/index.php\/2026\/09\/03\/chepe-guerrero-informa-manejando-un-movivan\/#listItem","name":"Chepe Guerrero informa manejando un Movivan\u00a0"},"previousItem":{"@type":"ListItem","@id":"https:\/\/elprogresivo.mx#listItem","name":"Home"}},{"@type":"ListItem","@id":"https:\/\/elprogresivo.mx\/index.php\/2026\/09\/03\/chepe-guerrero-informa-manejando-un-movivan\/#listItem","position":3,"name":"Chepe Guerrero informa manejando un Movivan\u00a0","previousItem":{"@type":"ListItem","@id":"https:\/\/elprogresivo.mx\/index.php\/category\/blog\/#listItem","name":"Blog"}}]},{"@type":"Organization","@id":"https:\/\/elprogresivo.mx\/#organization","name":"elprogresivo.mx","description":"Construimos una nueva etapa en informaci\u00f3n","url":"https:\/\/elprogresivo.mx\/","logo":{"@type":"ImageObject","url":"https:\/\/elprogresivo.mx\/wp-content\/uploads\/2024\/02\/cropped-LogoBlanco.png","@id":"https:\/\/elprogresivo.mx\/index.php\/2026\/09\/03\/chepe-guerrero-informa-manejando-un-movivan\/#organizationLogo","width":2096,"height":332},"image":{"@id":"https:\/\/elprogresivo.mx\/index.php\/2026\/09\/03\/chepe-guerrero-informa-manejando-un-movivan\/#organizationLogo"}},{"@type":"Person","@id":"https:\/\/elprogresivo.mx\/index.php\/author\/elprogresivo-mx\/#author","url":"https:\/\/elprogresivo.mx\/index.php\/author\/elprogresivo-mx\/","name":"elprogresivo.mx","image":{"@type":"ImageObject","@id":"https:\/\/elprogresivo.mx\/index.php\/2026\/09\/03\/chepe-guerrero-informa-manejando-un-movivan\/#authorImage","url":"https:\/\/secure.gravatar.com\/avatar\/f8f619b2b94bf196501220695d5a6b8552763754143ed0ab1cf99ef065ae37cf?s=96&d=mm&r=g","width":96,"height":96,"caption":"elprogresivo.mx"}},{"@type":"WebPage","@id":"https:\/\/elprogresivo.mx\/index.php\/2026\/09\/03\/chepe-guerrero-informa-manejando-un-movivan\/#webpage","url":"https:\/\/elprogresivo.mx\/index.php\/2026\/09\/03\/chepe-guerrero-informa-manejando-un-movivan\/","name":"Chepe Guerrero informa manejando un Movivan - elprogresivo.mx","description":"Con motivo de su Segundo Informe de Gobierno, el presidente municipal de Corregidora, Chepe Guerrero, condujo la Ruta 01 La Negreta del programa de movilidad Movivan, donde convers\u00f3 y escuch\u00f3 las inquietudes de las usuarias, principalmente relacionadas con temas de movilidad y rehabilitaci\u00f3n de vialidades. Las beneficiarias del programa coincidieron en la importancia de contar con este servicio, que les permite","inLanguage":"es-MX","isPartOf":{"@id":"https:\/\/elprogresivo.mx\/#website"},"breadcrumb":{"@id":"https:\/\/elprogresivo.mx\/index.php\/2026\/09\/03\/chepe-guerrero-informa-manejando-un-movivan\/#breadcrumblist"},"author":{"@id":"https:\/\/elprogresivo.mx\/index.php\/author\/elprogresivo-mx\/#author"},"creator":{"@id":"https:\/\/elprogresivo.mx\/index.php\/author\/elprogresivo-mx\/#author"},"image":{"@type":"ImageObject","url":"https:\/\/elprogresivo.mx\/wp-content\/uploads\/2026\/09\/WhatsApp-Image-2026-09-03-at-11.40.14-scaled.jpeg","@id":"https:\/\/elprogresivo.mx\/index.php\/2026\/09\/03\/chepe-guerrero-informa-manejando-un-movivan\/#mainImage","width":2560,"height":1706},"primaryImageOfPage":{"@id":"https:\/\/elprogresivo.mx\/index.php\/2026\/09\/03\/chepe-guerrero-informa-manejando-un-movivan\/#mainImage"},"datePublished":"2026-09-03T18:37:53+00:00","dateModified":"2026-09-03T18:39:43+00:00"},{"@type":"WebSite","@id":"https:\/\/elprogresivo.mx\/#website","url":"https:\/\/elprogresivo.mx\/","name":"elprogresivo.mx","description":"Construimos una nueva etapa en informaci\u00f3n","inLanguage":"es-MX","publisher":{"@id":"https:\/\/elprogresivo.mx\/#organization"}}]},"og:locale":"es_MX","og:site_name":"elprogresivo.mx - Construimos una nueva etapa en informaci\u00f3n","og:type":"article","og:title":"Chepe Guerrero informa manejando un Movivan - elprogresivo.mx","og:description":"Con motivo de su Segundo Informe de Gobierno, el presidente municipal de Corregidora, Chepe Guerrero, condujo la Ruta 01 La Negreta del programa de movilidad Movivan, donde convers\u00f3 y escuch\u00f3 las inquietudes de las usuarias, principalmente relacionadas con temas de movilidad y rehabilitaci\u00f3n de vialidades. Las beneficiarias del programa coincidieron en la importancia de contar con este servicio, que les permite","og:url":"https:\/\/elprogresivo.mx\/index.php\/2026\/09\/03\/chepe-guerrero-informa-manejando-un-movivan\/","og:image":"https:\/\/elprogresivo.mx\/wp-content\/uploads\/2024\/02\/cropped-LogoBlanco.png","og:image:secure_url":"https:\/\/elprogresivo.mx\/wp-content\/uploads\/2024\/02\/cropped-LogoBlanco.png","article:published_time":"2026-09-03T18:37:53+00:00","article:modified_time":"2026-09-03T18:39:43+00:00","twitter:card":"summary_large_image","twitter:title":"Chepe Guerrero informa manejando un Movivan - elprogresivo.mx","twitter:description":"Con motivo de su Segundo Informe de Gobierno, el presidente municipal de Corregidora, Chepe Guerrero, condujo la Ruta 01 La Negreta del programa de movilidad Movivan, donde convers\u00f3 y escuch\u00f3 las inquietudes de las usuarias, principalmente relacionadas con temas de movilidad y rehabilitaci\u00f3n de vialidades. Las beneficiarias del programa coincidieron en la importancia de contar con este servicio, que les permite","twitter:image":"https:\/\/elprogresivo.mx\/wp-content\/uploads\/2024\/02\/cropped-LogoBlanco.png"},"aioseo_meta_data":{"post_id":"5024","title":null,"description":null,"keywords":null,"keyphrases":{"focus":{"keyphrase":"","score":0,"analysis":{"keyphraseInTitle":{"score":0,"maxScore":9,"error":1}}},"additional":[]},"primary_term":null,"canonical_url":null,"og_title":null,"og_description":null,"og_object_type":"default","og_image_type":"default","og_image_url":null,"og_image_width":null,"og_image_height":null,"og_image_custom_url":null,"og_image_custom_fields":null,"og_video":"","og_custom_url":null,"og_article_section":null,"og_article_tags":null,"twitter_use_og":false,"twitter_card":"default","twitter_image_type":"default","twitter_image_url":null,"twitter_image_custom_url":null,"twitter_image_custom_fields":null,"twitter_title":null,"twitter_description":null,"schema":{"blockGraphs":[],"customGraphs":[],"default":{"data":{"Article":[],"Course":[],"Dataset":[],"FAQPage":[],"Movie":[],"Person":[],"Product":[],"ProductReview":[],"Car":[],"Recipe":[],"Service":[],"SoftwareApplication":[],"WebPage":[]},"graphName":"BlogPosting","isEnabled":true},"graphs":[]},"schema_type":"default","schema_type_options":null,"pillar_content":false,"robots_default":true,"robots_noindex":false,"robots_noarchive":false,"robots_nosnippet":false,"robots_nofollow":false,"robots_noimageindex":false,"robots_noodp":false,"robots_notranslate":false,"robots_max_snippet":"-1","robots_max_videopreview":"-1","robots_max_imagepreview":"large","priority":null,"frequency":"default","local_seo":null,"limit_modified_date":false,"created":"2026-09-03 18:37:55","updated":"2026-09-03 19:00:54","ai":{"faqs":[],"keyPoints":[],"schemas":[],"titles":[],"descriptions":[],"socialPosts":{"email":{"subject":"","preview":"","content":""},"linkedin":[],"twitter":[],"facebook":[],"instagram":[]}},"breadcrumb_settings":null,"seo_analyzer_scan_date":null,"focus_keyword":null,"additional_keywords":null,"truseo_locale":null},"aioseo_breadcrumb":"<div class=\"aioseo-breadcrumbs\"><span class=\"aioseo-breadcrumb\">\n\t\t\t<a href=\"https:\/\/elprogresivo.mx\" title=\"Home\">Home<\/a>\n\t\t<\/span><span class=\"aioseo-breadcrumb-separator\">&raquo;<\/span><span class=\"aioseo-breadcrumb\">\n\t\t\t<a href=\"https:\/\/elprogresivo.mx\/index.php\/category\/blog\/\" title=\"Blog\">Blog<\/a>\n\t\t<\/span><span class=\"aioseo-breadcrumb-separator\">&raquo;<\/span><span class=\"aioseo-breadcrumb\">\n\t\t\tChepe Guerrero informa manejando un Movivan \n\t\t<\/span><\/div>","aioseo_breadcrumb_json":[{"label":"Home","link":"https:\/\/elprogresivo.mx"},{"label":"Blog","link":"https:\/\/elprogresivo.mx\/index.php\/category\/blog\/"},{"label":"Chepe Guerrero informa manejando un Movivan\u00a0","link":"https:\/\/elprogresivo.mx\/index.php\/2026\/09\/03\/chepe-guerrero-informa-manejando-un-movivan\/"}],"jetpack_publicize_connections":[],"_links":{"self":[{"href":"https:\/\/elprogresivo.mx\/index.php\/wp-json\/wp\/v2\/posts\/5024","targetHints":{"allow":["GET"]}}],"collection":[{"href":"https:\/\/elprogresivo.mx\/index.php\/wp-json\/wp\/v2\/posts"}],"about":[{"href":"https:\/\/elprogresivo.mx\/index.php\/wp-json\/wp\/v2\/types\/post"}],"author":[{"embeddable":true,"href":"https:\/\/elprogresivo.mx\/index.php\/wp-json\/wp\/v2\/users\/1"}],"replies":[{"embeddable":true,"href":"https:\/\/elprogresivo.mx\/index.php\/wp-json\/wp\/v2\/comments?post=5024"}],"version-history":[{"count":1,"href":"https:\/\/elprogresivo.mx\/index.php\/wp-json\/wp\/v2\/posts\/5024\/revisions"}],"predecessor-version":[{"id":5026,"href":"https:\/\/elprogresivo.mx\/index.php\/wp-json\/wp\/v2\/posts\/5024\/revisions\/5026"}],"wp:featuredmedia":[{"embeddable":true,"href":"https:\/\/elprogresivo.mx\/index.php\/wp-json\/wp\/v2\/media\/5025"}],"wp:attachment":[{"href":"https:\/\/elprogresivo.mx\/index.php\/wp-json\/wp\/v2\/media?parent=5024"}],"wp:term":[{"taxonomy":"category","embeddable":true,"href":"https:\/\/elprogresivo.mx\/index.php\/wp-json\/wp\/v2\/categories?post=5024"},{"taxonomy":"post_tag","embeddable":true,"href":"https:\/\/elprogresivo.mx\/index.php\/wp-json\/wp\/v2\/tags?post=5024"}],"curies":[{"name":"wp","href":"https:\/\/api.w.org\/{rel}","templated":true}]}}