{"id":5008,"date":"2026-09-03T15:29:17","date_gmt":"2026-09-03T15:29:17","guid":{"rendered":"https:\/\/elprogresivo.mx\/index.php\/2026\/09\/03\/septiembre-dorado-12-senales-de-alerta-del-cancer-infantil\/"},"modified":"2026-09-03T15:29:17","modified_gmt":"2026-09-03T15:29:17","slug":"septiembre-dorado-12-senales-de-alerta-del-cancer-infantil","status":"publish","type":"post","link":"https:\/\/elprogresivo.mx\/index.php\/2026\/09\/03\/septiembre-dorado-12-senales-de-alerta-del-cancer-infantil\/","title":{"rendered":"Septiembre Dorado: 12 se\u00f1ales de alerta del c\u00e1ncer infantil"},"content":{"rendered":"<p>La fiebre que no baja en siete d\u00edas, los moretones sin golpe claro o el dolor de cabeza nocturno son las se\u00f1ales que la Secretar\u00eda de Salud de Quer\u00e9taro pide vigilar este mes. Septiembre es el mes internacional de concientizaci\u00f3n sobre el c\u00e1ncer infantil. El lazo dorado simboliza a los pacientes. El lema para 2026 es \u201cDemostrando el Impacto: Del desaf\u00edo al cambio\u201d. La meta es detectar s\u00edntomas temprano y acercar tratamientos a las familias.<\/p>\n<p>El c\u00e1ncer en ni\u00f1os comparte s\u00edntomas con otras enfermedades comunes. Por eso la recomendaci\u00f3n es clara: no esperes a que los signos desaparezcan solos. Ve al Centro de Salud. Un doctor debe revisar al menor si hay duda. Una se\u00f1al no confirma c\u00e1ncer, pero exige una cita m\u00e9dica urgente.<\/p>\n<p>Las alertas incluyen fiebre prolongada sin causa, v\u00f3mito en proyectil o visi\u00f3n doble. Tambi\u00e9n tambaleos al caminar, dolores \u00f3seos que impiden moverse, o sangrado de nariz y enc\u00edas. Busca ganglios mayores a 2.5 cent\u00edmetros en cuello o axilas. F\u00edjate si hay bultos en el cuerpo, p\u00e9rdida de peso r\u00e1pida en tres meses, palidez extrema o luz blanca en el ojo.<\/p>\n<p>En Quer\u00e9taro, los centros de salud aplican la C\u00e9dula de Detecci\u00f3n durante consultas y ferias. Hay talleres para padres y actividades recreativas para j\u00f3venes. La detecci\u00f3n temprana salva vidas. No ignores un s\u00edntoma persistente.<\/p>\n","protected":false},"excerpt":{"rendered":"<p>La fiebre que no baja en siete d\u00edas, los moretones sin golpe claro o el&#8230;<\/p>\n","protected":false},"author":5,"featured_media":5007,"comment_status":"open","ping_status":"open","sticky":false,"template":"","format":"standard","meta":{"om_disable_all_campaigns":false,"_monsterinsights_skip_tracking":false,"footnotes":"","jetpack_publicize_message":"","jetpack_publicize_feature_enabled":true,"jetpack_social_post_already_shared":true,"jetpack_social_options":{"image_generator_settings":{"template":"highway","default_image_id":0,"font":"","enabled":false},"version":2}},"categories":[1],"tags":[639,474,568,3332,2068],"class_list":["post-5008","post","type-post","status-publish","format-standard","has-post-thumbnail","hentry","category-blog","tag-cancer-infantil-queretaro","tag-cultura-prevencion-queretaro","tag-infraestructura-salud-queretaro","tag-septiembre-dorado","tag-sesa"],"aioseo_notices":[],"aioseo_head":"\n\t\t<!-- All in One SEO 5.0.1.1 - aioseo.com -->\n\t<meta name=\"description\" content=\"La fiebre que no baja en siete d\u00edas, los moretones sin golpe claro o el dolor de cabeza nocturno son las se\u00f1ales que la Secretar\u00eda de Salud de Quer\u00e9taro pide vigilar este mes. Septiembre es el mes internacional de concientizaci\u00f3n sobre el c\u00e1ncer infantil. El lazo dorado simboliza a los pacientes. El lema para 2026\" \/>\n\t<meta name=\"robots\" content=\"max-image-preview:large\" \/>\n\t<meta name=\"author\" content=\"Staff\"\/>\n\t<link rel=\"canonical\" href=\"https:\/\/elprogresivo.mx\/index.php\/2026\/09\/03\/septiembre-dorado-12-senales-de-alerta-del-cancer-infantil\/\" \/>\n\t<meta name=\"generator\" content=\"All in One SEO (AIOSEO) 5.0.1.1\" \/>\n\t\t<meta property=\"og:locale\" content=\"es_MX\" \/>\n\t\t<meta property=\"og:site_name\" content=\"elprogresivo.mx - Construimos una nueva etapa en informaci\u00f3n\" \/>\n\t\t<meta property=\"og:type\" content=\"article\" \/>\n\t\t<meta property=\"og:title\" content=\"Septiembre Dorado: 12 se\u00f1ales de alerta del c\u00e1ncer infantil - elprogresivo.mx\" \/>\n\t\t<meta property=\"og:description\" content=\"La fiebre que no baja en siete d\u00edas, los moretones sin golpe claro o el dolor de cabeza nocturno son las se\u00f1ales que la Secretar\u00eda de Salud de Quer\u00e9taro pide vigilar este mes. Septiembre es el mes internacional de concientizaci\u00f3n sobre el c\u00e1ncer infantil. El lazo dorado simboliza a los pacientes. El lema para 2026\" \/>\n\t\t<meta property=\"og:url\" content=\"https:\/\/elprogresivo.mx\/index.php\/2026\/09\/03\/septiembre-dorado-12-senales-de-alerta-del-cancer-infantil\/\" \/>\n\t\t<meta property=\"og:image\" content=\"https:\/\/elprogresivo.mx\/wp-content\/uploads\/2024\/02\/cropped-LogoBlanco.png\" \/>\n\t\t<meta property=\"og:image:secure_url\" content=\"https:\/\/elprogresivo.mx\/wp-content\/uploads\/2024\/02\/cropped-LogoBlanco.png\" \/>\n\t\t<meta property=\"article:published_time\" content=\"2026-09-03T15:29:17+00:00\" \/>\n\t\t<meta property=\"article:modified_time\" content=\"2026-09-03T15:29:17+00:00\" \/>\n\t\t<meta name=\"twitter:card\" content=\"summary_large_image\" \/>\n\t\t<meta name=\"twitter:title\" content=\"Septiembre Dorado: 12 se\u00f1ales de alerta del c\u00e1ncer infantil - elprogresivo.mx\" \/>\n\t\t<meta name=\"twitter:description\" content=\"La fiebre que no baja en siete d\u00edas, los moretones sin golpe claro o el dolor de cabeza nocturno son las se\u00f1ales que la Secretar\u00eda de Salud de Quer\u00e9taro pide vigilar este mes. Septiembre es el mes internacional de concientizaci\u00f3n sobre el c\u00e1ncer infantil. El lazo dorado simboliza a los pacientes. El lema para 2026\" \/>\n\t\t<meta name=\"twitter:image\" content=\"https:\/\/elprogresivo.mx\/wp-content\/uploads\/2024\/02\/cropped-LogoBlanco.png\" \/>\n\t\t<script type=\"application\/ld+json\" class=\"aioseo-schema\">\n\t\t\t{\"@context\":\"https:\\\/\\\/schema.org\",\"@graph\":[{\"@type\":\"BlogPosting\",\"@id\":\"https:\\\/\\\/elprogresivo.mx\\\/index.php\\\/2026\\\/09\\\/03\\\/septiembre-dorado-12-senales-de-alerta-del-cancer-infantil\\\/#blogposting\",\"name\":\"Septiembre Dorado: 12 se\\u00f1ales de alerta del c\\u00e1ncer infantil - elprogresivo.mx\",\"headline\":\"Septiembre Dorado: 12 se\\u00f1ales de alerta del c\\u00e1ncer infantil\",\"author\":{\"@id\":\"https:\\\/\\\/elprogresivo.mx\\\/index.php\\\/author\\\/emmanuel-galvan\\\/#author\"},\"publisher\":{\"@id\":\"https:\\\/\\\/elprogresivo.mx\\\/#organization\"},\"image\":{\"@type\":\"ImageObject\",\"url\":\"https:\\\/\\\/elprogresivo.mx\\\/wp-content\\\/uploads\\\/2026\\\/09\\\/noticia_20260903092908.jpg\",\"width\":1080,\"height\":630},\"datePublished\":\"2026-09-03T15:29:17+00:00\",\"dateModified\":\"2026-09-03T15:29:17+00:00\",\"inLanguage\":\"es-MX\",\"mainEntityOfPage\":{\"@id\":\"https:\\\/\\\/elprogresivo.mx\\\/index.php\\\/2026\\\/09\\\/03\\\/septiembre-dorado-12-senales-de-alerta-del-cancer-infantil\\\/#webpage\"},\"isPartOf\":{\"@id\":\"https:\\\/\\\/elprogresivo.mx\\\/index.php\\\/2026\\\/09\\\/03\\\/septiembre-dorado-12-senales-de-alerta-del-cancer-infantil\\\/#webpage\"},\"articleSection\":\"Blog, c\\u00e1ncer infantil Quer\\u00e9taro, cultura prevenci\\u00f3n Quer\\u00e9taro, infraestructura salud Quer\\u00e9taro, Septiembre Dorado, SESA\"},{\"@type\":\"BreadcrumbList\",\"@id\":\"https:\\\/\\\/elprogresivo.mx\\\/index.php\\\/2026\\\/09\\\/03\\\/septiembre-dorado-12-senales-de-alerta-del-cancer-infantil\\\/#breadcrumblist\",\"itemListElement\":[{\"@type\":\"ListItem\",\"@id\":\"https:\\\/\\\/elprogresivo.mx#listItem\",\"position\":1,\"name\":\"Home\",\"item\":\"https:\\\/\\\/elprogresivo.mx\",\"nextItem\":{\"@type\":\"ListItem\",\"@id\":\"https:\\\/\\\/elprogresivo.mx\\\/index.php\\\/category\\\/blog\\\/#listItem\",\"name\":\"Blog\"}},{\"@type\":\"ListItem\",\"@id\":\"https:\\\/\\\/elprogresivo.mx\\\/index.php\\\/category\\\/blog\\\/#listItem\",\"position\":2,\"name\":\"Blog\",\"item\":\"https:\\\/\\\/elprogresivo.mx\\\/index.php\\\/category\\\/blog\\\/\",\"nextItem\":{\"@type\":\"ListItem\",\"@id\":\"https:\\\/\\\/elprogresivo.mx\\\/index.php\\\/2026\\\/09\\\/03\\\/septiembre-dorado-12-senales-de-alerta-del-cancer-infantil\\\/#listItem\",\"name\":\"Septiembre Dorado: 12 se\\u00f1ales de alerta del c\\u00e1ncer infantil\"},\"previousItem\":{\"@type\":\"ListItem\",\"@id\":\"https:\\\/\\\/elprogresivo.mx#listItem\",\"name\":\"Home\"}},{\"@type\":\"ListItem\",\"@id\":\"https:\\\/\\\/elprogresivo.mx\\\/index.php\\\/2026\\\/09\\\/03\\\/septiembre-dorado-12-senales-de-alerta-del-cancer-infantil\\\/#listItem\",\"position\":3,\"name\":\"Septiembre Dorado: 12 se\\u00f1ales de alerta del c\\u00e1ncer infantil\",\"previousItem\":{\"@type\":\"ListItem\",\"@id\":\"https:\\\/\\\/elprogresivo.mx\\\/index.php\\\/category\\\/blog\\\/#listItem\",\"name\":\"Blog\"}}]},{\"@type\":\"Organization\",\"@id\":\"https:\\\/\\\/elprogresivo.mx\\\/#organization\",\"name\":\"elprogresivo.mx\",\"description\":\"Construimos una nueva etapa en informaci\\u00f3n\",\"url\":\"https:\\\/\\\/elprogresivo.mx\\\/\",\"logo\":{\"@type\":\"ImageObject\",\"url\":\"https:\\\/\\\/elprogresivo.mx\\\/wp-content\\\/uploads\\\/2024\\\/02\\\/cropped-LogoBlanco.png\",\"@id\":\"https:\\\/\\\/elprogresivo.mx\\\/index.php\\\/2026\\\/09\\\/03\\\/septiembre-dorado-12-senales-de-alerta-del-cancer-infantil\\\/#organizationLogo\",\"width\":2096,\"height\":332},\"image\":{\"@id\":\"https:\\\/\\\/elprogresivo.mx\\\/index.php\\\/2026\\\/09\\\/03\\\/septiembre-dorado-12-senales-de-alerta-del-cancer-infantil\\\/#organizationLogo\"}},{\"@type\":\"Person\",\"@id\":\"https:\\\/\\\/elprogresivo.mx\\\/index.php\\\/author\\\/emmanuel-galvan\\\/#author\",\"url\":\"https:\\\/\\\/elprogresivo.mx\\\/index.php\\\/author\\\/emmanuel-galvan\\\/\",\"name\":\"Staff\",\"image\":{\"@type\":\"ImageObject\",\"@id\":\"https:\\\/\\\/elprogresivo.mx\\\/index.php\\\/2026\\\/09\\\/03\\\/septiembre-dorado-12-senales-de-alerta-del-cancer-infantil\\\/#authorImage\",\"url\":\"https:\\\/\\\/secure.gravatar.com\\\/avatar\\\/3bb87242634c3adf910515f41e6e392ab758b98c8ee7fd12a54fcb5270441486?s=96&d=mm&r=g\",\"width\":96,\"height\":96,\"caption\":\"Staff\"}},{\"@type\":\"WebPage\",\"@id\":\"https:\\\/\\\/elprogresivo.mx\\\/index.php\\\/2026\\\/09\\\/03\\\/septiembre-dorado-12-senales-de-alerta-del-cancer-infantil\\\/#webpage\",\"url\":\"https:\\\/\\\/elprogresivo.mx\\\/index.php\\\/2026\\\/09\\\/03\\\/septiembre-dorado-12-senales-de-alerta-del-cancer-infantil\\\/\",\"name\":\"Septiembre Dorado: 12 se\\u00f1ales de alerta del c\\u00e1ncer infantil - elprogresivo.mx\",\"description\":\"La fiebre que no baja en siete d\\u00edas, los moretones sin golpe claro o el dolor de cabeza nocturno son las se\\u00f1ales que la Secretar\\u00eda de Salud de Quer\\u00e9taro pide vigilar este mes. Septiembre es el mes internacional de concientizaci\\u00f3n sobre el c\\u00e1ncer infantil. El lazo dorado simboliza a los pacientes. El lema para 2026\",\"inLanguage\":\"es-MX\",\"isPartOf\":{\"@id\":\"https:\\\/\\\/elprogresivo.mx\\\/#website\"},\"breadcrumb\":{\"@id\":\"https:\\\/\\\/elprogresivo.mx\\\/index.php\\\/2026\\\/09\\\/03\\\/septiembre-dorado-12-senales-de-alerta-del-cancer-infantil\\\/#breadcrumblist\"},\"author\":{\"@id\":\"https:\\\/\\\/elprogresivo.mx\\\/index.php\\\/author\\\/emmanuel-galvan\\\/#author\"},\"creator\":{\"@id\":\"https:\\\/\\\/elprogresivo.mx\\\/index.php\\\/author\\\/emmanuel-galvan\\\/#author\"},\"image\":{\"@type\":\"ImageObject\",\"url\":\"https:\\\/\\\/elprogresivo.mx\\\/wp-content\\\/uploads\\\/2026\\\/09\\\/noticia_20260903092908.jpg\",\"@id\":\"https:\\\/\\\/elprogresivo.mx\\\/index.php\\\/2026\\\/09\\\/03\\\/septiembre-dorado-12-senales-de-alerta-del-cancer-infantil\\\/#mainImage\",\"width\":1080,\"height\":630},\"primaryImageOfPage\":{\"@id\":\"https:\\\/\\\/elprogresivo.mx\\\/index.php\\\/2026\\\/09\\\/03\\\/septiembre-dorado-12-senales-de-alerta-del-cancer-infantil\\\/#mainImage\"},\"datePublished\":\"2026-09-03T15:29:17+00:00\",\"dateModified\":\"2026-09-03T15:29:17+00:00\"},{\"@type\":\"WebSite\",\"@id\":\"https:\\\/\\\/elprogresivo.mx\\\/#website\",\"url\":\"https:\\\/\\\/elprogresivo.mx\\\/\",\"name\":\"elprogresivo.mx\",\"description\":\"Construimos una nueva etapa en informaci\\u00f3n\",\"inLanguage\":\"es-MX\",\"publisher\":{\"@id\":\"https:\\\/\\\/elprogresivo.mx\\\/#organization\"}}]}\n\t\t<\/script>\n\t\t<!-- All in One SEO -->\n\n","aioseo_head_json":{"title":"Septiembre Dorado: 12 se\u00f1ales de alerta del c\u00e1ncer infantil - elprogresivo.mx","description":"La fiebre que no baja en siete d\u00edas, los moretones sin golpe claro o el dolor de cabeza nocturno son las se\u00f1ales que la Secretar\u00eda de Salud de Quer\u00e9taro pide vigilar este mes. Septiembre es el mes internacional de concientizaci\u00f3n sobre el c\u00e1ncer infantil. El lazo dorado simboliza a los pacientes. El lema para 2026","canonical_url":"https:\/\/elprogresivo.mx\/index.php\/2026\/09\/03\/septiembre-dorado-12-senales-de-alerta-del-cancer-infantil\/","robots":"max-image-preview:large","keywords":"","webmasterTools":{"miscellaneous":""},"schema":{"@context":"https:\/\/schema.org","@graph":[{"@type":"BlogPosting","@id":"https:\/\/elprogresivo.mx\/index.php\/2026\/09\/03\/septiembre-dorado-12-senales-de-alerta-del-cancer-infantil\/#blogposting","name":"Septiembre Dorado: 12 se\u00f1ales de alerta del c\u00e1ncer infantil - elprogresivo.mx","headline":"Septiembre Dorado: 12 se\u00f1ales de alerta del c\u00e1ncer infantil","author":{"@id":"https:\/\/elprogresivo.mx\/index.php\/author\/emmanuel-galvan\/#author"},"publisher":{"@id":"https:\/\/elprogresivo.mx\/#organization"},"image":{"@type":"ImageObject","url":"https:\/\/elprogresivo.mx\/wp-content\/uploads\/2026\/09\/noticia_20260903092908.jpg","width":1080,"height":630},"datePublished":"2026-09-03T15:29:17+00:00","dateModified":"2026-09-03T15:29:17+00:00","inLanguage":"es-MX","mainEntityOfPage":{"@id":"https:\/\/elprogresivo.mx\/index.php\/2026\/09\/03\/septiembre-dorado-12-senales-de-alerta-del-cancer-infantil\/#webpage"},"isPartOf":{"@id":"https:\/\/elprogresivo.mx\/index.php\/2026\/09\/03\/septiembre-dorado-12-senales-de-alerta-del-cancer-infantil\/#webpage"},"articleSection":"Blog, c\u00e1ncer infantil Quer\u00e9taro, cultura prevenci\u00f3n Quer\u00e9taro, infraestructura salud Quer\u00e9taro, Septiembre Dorado, SESA"},{"@type":"BreadcrumbList","@id":"https:\/\/elprogresivo.mx\/index.php\/2026\/09\/03\/septiembre-dorado-12-senales-de-alerta-del-cancer-infantil\/#breadcrumblist","itemListElement":[{"@type":"ListItem","@id":"https:\/\/elprogresivo.mx#listItem","position":1,"name":"Home","item":"https:\/\/elprogresivo.mx","nextItem":{"@type":"ListItem","@id":"https:\/\/elprogresivo.mx\/index.php\/category\/blog\/#listItem","name":"Blog"}},{"@type":"ListItem","@id":"https:\/\/elprogresivo.mx\/index.php\/category\/blog\/#listItem","position":2,"name":"Blog","item":"https:\/\/elprogresivo.mx\/index.php\/category\/blog\/","nextItem":{"@type":"ListItem","@id":"https:\/\/elprogresivo.mx\/index.php\/2026\/09\/03\/septiembre-dorado-12-senales-de-alerta-del-cancer-infantil\/#listItem","name":"Septiembre Dorado: 12 se\u00f1ales de alerta del c\u00e1ncer infantil"},"previousItem":{"@type":"ListItem","@id":"https:\/\/elprogresivo.mx#listItem","name":"Home"}},{"@type":"ListItem","@id":"https:\/\/elprogresivo.mx\/index.php\/2026\/09\/03\/septiembre-dorado-12-senales-de-alerta-del-cancer-infantil\/#listItem","position":3,"name":"Septiembre Dorado: 12 se\u00f1ales de alerta del c\u00e1ncer infantil","previousItem":{"@type":"ListItem","@id":"https:\/\/elprogresivo.mx\/index.php\/category\/blog\/#listItem","name":"Blog"}}]},{"@type":"Organization","@id":"https:\/\/elprogresivo.mx\/#organization","name":"elprogresivo.mx","description":"Construimos una nueva etapa en informaci\u00f3n","url":"https:\/\/elprogresivo.mx\/","logo":{"@type":"ImageObject","url":"https:\/\/elprogresivo.mx\/wp-content\/uploads\/2024\/02\/cropped-LogoBlanco.png","@id":"https:\/\/elprogresivo.mx\/index.php\/2026\/09\/03\/septiembre-dorado-12-senales-de-alerta-del-cancer-infantil\/#organizationLogo","width":2096,"height":332},"image":{"@id":"https:\/\/elprogresivo.mx\/index.php\/2026\/09\/03\/septiembre-dorado-12-senales-de-alerta-del-cancer-infantil\/#organizationLogo"}},{"@type":"Person","@id":"https:\/\/elprogresivo.mx\/index.php\/author\/emmanuel-galvan\/#author","url":"https:\/\/elprogresivo.mx\/index.php\/author\/emmanuel-galvan\/","name":"Staff","image":{"@type":"ImageObject","@id":"https:\/\/elprogresivo.mx\/index.php\/2026\/09\/03\/septiembre-dorado-12-senales-de-alerta-del-cancer-infantil\/#authorImage","url":"https:\/\/secure.gravatar.com\/avatar\/3bb87242634c3adf910515f41e6e392ab758b98c8ee7fd12a54fcb5270441486?s=96&d=mm&r=g","width":96,"height":96,"caption":"Staff"}},{"@type":"WebPage","@id":"https:\/\/elprogresivo.mx\/index.php\/2026\/09\/03\/septiembre-dorado-12-senales-de-alerta-del-cancer-infantil\/#webpage","url":"https:\/\/elprogresivo.mx\/index.php\/2026\/09\/03\/septiembre-dorado-12-senales-de-alerta-del-cancer-infantil\/","name":"Septiembre Dorado: 12 se\u00f1ales de alerta del c\u00e1ncer infantil - elprogresivo.mx","description":"La fiebre que no baja en siete d\u00edas, los moretones sin golpe claro o el dolor de cabeza nocturno son las se\u00f1ales que la Secretar\u00eda de Salud de Quer\u00e9taro pide vigilar este mes. Septiembre es el mes internacional de concientizaci\u00f3n sobre el c\u00e1ncer infantil. El lazo dorado simboliza a los pacientes. El lema para 2026","inLanguage":"es-MX","isPartOf":{"@id":"https:\/\/elprogresivo.mx\/#website"},"breadcrumb":{"@id":"https:\/\/elprogresivo.mx\/index.php\/2026\/09\/03\/septiembre-dorado-12-senales-de-alerta-del-cancer-infantil\/#breadcrumblist"},"author":{"@id":"https:\/\/elprogresivo.mx\/index.php\/author\/emmanuel-galvan\/#author"},"creator":{"@id":"https:\/\/elprogresivo.mx\/index.php\/author\/emmanuel-galvan\/#author"},"image":{"@type":"ImageObject","url":"https:\/\/elprogresivo.mx\/wp-content\/uploads\/2026\/09\/noticia_20260903092908.jpg","@id":"https:\/\/elprogresivo.mx\/index.php\/2026\/09\/03\/septiembre-dorado-12-senales-de-alerta-del-cancer-infantil\/#mainImage","width":1080,"height":630},"primaryImageOfPage":{"@id":"https:\/\/elprogresivo.mx\/index.php\/2026\/09\/03\/septiembre-dorado-12-senales-de-alerta-del-cancer-infantil\/#mainImage"},"datePublished":"2026-09-03T15:29:17+00:00","dateModified":"2026-09-03T15:29:17+00:00"},{"@type":"WebSite","@id":"https:\/\/elprogresivo.mx\/#website","url":"https:\/\/elprogresivo.mx\/","name":"elprogresivo.mx","description":"Construimos una nueva etapa en informaci\u00f3n","inLanguage":"es-MX","publisher":{"@id":"https:\/\/elprogresivo.mx\/#organization"}}]},"og:locale":"es_MX","og:site_name":"elprogresivo.mx - Construimos una nueva etapa en informaci\u00f3n","og:type":"article","og:title":"Septiembre Dorado: 12 se\u00f1ales de alerta del c\u00e1ncer infantil - elprogresivo.mx","og:description":"La fiebre que no baja en siete d\u00edas, los moretones sin golpe claro o el dolor de cabeza nocturno son las se\u00f1ales que la Secretar\u00eda de Salud de Quer\u00e9taro pide vigilar este mes. Septiembre es el mes internacional de concientizaci\u00f3n sobre el c\u00e1ncer infantil. El lazo dorado simboliza a los pacientes. El lema para 2026","og:url":"https:\/\/elprogresivo.mx\/index.php\/2026\/09\/03\/septiembre-dorado-12-senales-de-alerta-del-cancer-infantil\/","og:image":"https:\/\/elprogresivo.mx\/wp-content\/uploads\/2024\/02\/cropped-LogoBlanco.png","og:image:secure_url":"https:\/\/elprogresivo.mx\/wp-content\/uploads\/2024\/02\/cropped-LogoBlanco.png","article:published_time":"2026-09-03T15:29:17+00:00","article:modified_time":"2026-09-03T15:29:17+00:00","twitter:card":"summary_large_image","twitter:title":"Septiembre Dorado: 12 se\u00f1ales de alerta del c\u00e1ncer infantil - elprogresivo.mx","twitter:description":"La fiebre que no baja en siete d\u00edas, los moretones sin golpe claro o el dolor de cabeza nocturno son las se\u00f1ales que la Secretar\u00eda de Salud de Quer\u00e9taro pide vigilar este mes. Septiembre es el mes internacional de concientizaci\u00f3n sobre el c\u00e1ncer infantil. El lazo dorado simboliza a los pacientes. El lema para 2026","twitter:image":"https:\/\/elprogresivo.mx\/wp-content\/uploads\/2024\/02\/cropped-LogoBlanco.png"},"aioseo_meta_data":{"post_id":"5008","title":null,"description":null,"keywords":null,"keyphrases":{"focus":[],"additional":[]},"primary_term":null,"canonical_url":null,"og_title":null,"og_description":null,"og_object_type":"default","og_image_type":"default","og_image_url":null,"og_image_width":null,"og_image_height":null,"og_image_custom_url":null,"og_image_custom_fields":null,"og_video":null,"og_custom_url":null,"og_article_section":null,"og_article_tags":null,"twitter_use_og":false,"twitter_card":"default","twitter_image_type":"default","twitter_image_url":null,"twitter_image_custom_url":null,"twitter_image_custom_fields":null,"twitter_title":null,"twitter_description":null,"schema":{"blockGraphs":[],"customGraphs":[],"default":{"data":{"Article":[],"Course":[],"Dataset":[],"FAQPage":[],"Movie":[],"Person":[],"Product":[],"ProductReview":[],"Car":[],"Recipe":[],"Service":[],"SoftwareApplication":[],"WebPage":[]},"graphName":"","isEnabled":true},"graphs":[]},"schema_type":"default","schema_type_options":null,"pillar_content":false,"robots_default":true,"robots_noindex":false,"robots_noarchive":false,"robots_nosnippet":false,"robots_nofollow":false,"robots_noimageindex":false,"robots_noodp":false,"robots_notranslate":false,"robots_max_snippet":null,"robots_max_videopreview":null,"robots_max_imagepreview":"large","priority":null,"frequency":null,"local_seo":null,"limit_modified_date":false,"created":"2026-09-03 16:42:55","updated":"2026-09-03 16:53:22","ai":null,"breadcrumb_settings":null,"seo_analyzer_scan_date":null,"focus_keyword":null,"additional_keywords":null,"truseo_locale":null},"aioseo_breadcrumb":"<div class=\"aioseo-breadcrumbs\"><span class=\"aioseo-breadcrumb\">\n\t\t\t<a href=\"https:\/\/elprogresivo.mx\" title=\"Home\">Home<\/a>\n\t\t<\/span><span class=\"aioseo-breadcrumb-separator\">&raquo;<\/span><span class=\"aioseo-breadcrumb\">\n\t\t\t<a href=\"https:\/\/elprogresivo.mx\/index.php\/category\/blog\/\" title=\"Blog\">Blog<\/a>\n\t\t<\/span><span class=\"aioseo-breadcrumb-separator\">&raquo;<\/span><span class=\"aioseo-breadcrumb\">\n\t\t\tSeptiembre Dorado: 12 se\u00f1ales de alerta del c\u00e1ncer infantil\n\t\t<\/span><\/div>","aioseo_breadcrumb_json":[{"label":"Home","link":"https:\/\/elprogresivo.mx"},{"label":"Blog","link":"https:\/\/elprogresivo.mx\/index.php\/category\/blog\/"},{"label":"Septiembre Dorado: 12 se\u00f1ales de alerta del c\u00e1ncer infantil","link":"https:\/\/elprogresivo.mx\/index.php\/2026\/09\/03\/septiembre-dorado-12-senales-de-alerta-del-cancer-infantil\/"}],"jetpack_publicize_connections":[],"_links":{"self":[{"href":"https:\/\/elprogresivo.mx\/index.php\/wp-json\/wp\/v2\/posts\/5008","targetHints":{"allow":["GET"]}}],"collection":[{"href":"https:\/\/elprogresivo.mx\/index.php\/wp-json\/wp\/v2\/posts"}],"about":[{"href":"https:\/\/elprogresivo.mx\/index.php\/wp-json\/wp\/v2\/types\/post"}],"author":[{"embeddable":true,"href":"https:\/\/elprogresivo.mx\/index.php\/wp-json\/wp\/v2\/users\/5"}],"replies":[{"embeddable":true,"href":"https:\/\/elprogresivo.mx\/index.php\/wp-json\/wp\/v2\/comments?post=5008"}],"version-history":[{"count":0,"href":"https:\/\/elprogresivo.mx\/index.php\/wp-json\/wp\/v2\/posts\/5008\/revisions"}],"wp:featuredmedia":[{"embeddable":true,"href":"https:\/\/elprogresivo.mx\/index.php\/wp-json\/wp\/v2\/media\/5007"}],"wp:attachment":[{"href":"https:\/\/elprogresivo.mx\/index.php\/wp-json\/wp\/v2\/media?parent=5008"}],"wp:term":[{"taxonomy":"category","embeddable":true,"href":"https:\/\/elprogresivo.mx\/index.php\/wp-json\/wp\/v2\/categories?post=5008"},{"taxonomy":"post_tag","embeddable":true,"href":"https:\/\/elprogresivo.mx\/index.php\/wp-json\/wp\/v2\/tags?post=5008"}],"curies":[{"name":"wp","href":"https:\/\/api.w.org\/{rel}","templated":true}]}}