{"id":5003,"date":"2026-09-04T09:00:00","date_gmt":"2026-09-04T09:00:00","guid":{"rendered":"https:\/\/elprogresivo.mx\/?p=5003"},"modified":"2026-09-02T19:58:24","modified_gmt":"2026-09-02T19:58:24","slug":"el-informe-y-la-ciudad-que-no-aparece-en-el","status":"publish","type":"post","link":"https:\/\/elprogresivo.mx\/index.php\/2026\/09\/04\/el-informe-y-la-ciudad-que-no-aparece-en-el\/","title":{"rendered":"El informe y la ciudad que no aparece en \u00e9l"},"content":{"rendered":"\n<p>El primero de septiembre, el gobernador Mauricio Kuri Gonz\u00e1lez comenz\u00f3 su quinto y \u00faltimo informe de gobierno de una manera que nadie esperaba: sin discurso en el Congreso, sin evento protocolario, sin alfombra roja. En su lugar, cinco mil funcionarios p\u00fablicos salieron a recorrer los 18 municipios del estado para entregar el documento directamente a la ciudadan\u00eda. Y el propio gobernador arranc\u00f3 una gira que lo llevar\u00e1, antes de que termine su mandato, a cada rinc\u00f3n de Quer\u00e9taro.<\/p>\n\n\n\n<p>Es un gesto de comunicaci\u00f3n pol\u00edtica inteligente. Y los n\u00fameros que respaldan ese gesto son, en varios rubros, genuinamente impresionantes.<\/p>\n\n\n\n<hr class=\"wp-block-separator has-alpha-channel-opacity\"\/>\n\n\n\n<p>El informe de Kuri tiene cifras que merecen leerse con seriedad. M\u00e1s de 200 mil queretanos salieron de la pobreza en cinco a\u00f1os \u2014 una reducci\u00f3n del 30% de la poblaci\u00f3n que viv\u00eda en esa condici\u00f3n cuando inici\u00f3 su administraci\u00f3n. La pobreza extrema cay\u00f3 59%. El estado ocupa el primer lugar nacional en seguridad, en certidumbre jur\u00eddica, en movilidad. M\u00e1s de 720 mil trabajadores est\u00e1n afiliados al IMSS con salarios superiores en siete por ciento al promedio nacional. Y Kuri promete algo que pocos gobernadores en M\u00e9xico pueden decir: dejar\u00e1 el estado sin deuda p\u00fablica.<\/p>\n\n\n\n<p>Son logros reales. No son maquillaje estad\u00edstico. El CONEVAL los respalda, los datos del IMSS los verifican, los rankings los confirman.<\/p>\n\n\n\n<p>Y entonces, \u00bfpor qu\u00e9 esta columna existe?<\/p>\n\n\n\n<hr class=\"wp-block-separator has-alpha-channel-opacity\"\/>\n\n\n\n<p>Porque los indicadores miden promedios. Y los promedios esconden texturas.<\/p>\n\n\n\n<p>Durante diecisiete semanas,&nbsp;<em>Quer\u00e9taro de a Pie<\/em>&nbsp;ha documentado la Quer\u00e9taro que vive entre las grietas de esos indicadores. No para contradecir el informe \u2014 los datos son los datos \u2014 sino para completarlo con lo que ning\u00fan bolet\u00edn oficial tiene espacio para contar.<\/p>\n\n\n\n<p>Documentamos que m\u00e1s de 60 mil estudiantes universitarios queretanos presentan s\u00edntomas de depresi\u00f3n, y que el sistema de salud mental en las escuelas p\u00fablicas no tiene capacidad para atenderlos.<\/p>\n\n\n\n<p>Documentamos que preparar a un hijo para el regreso a clases cuesta casi 11 mil pesos en Quer\u00e9taro \u2014 m\u00e1s de un salario m\u00ednimo mensual completo \u2014 y que la respuesta institucional a las familias que no pueden pagarlo es ofrecerles un pr\u00e9stamo.<\/p>\n\n\n\n<p>Documentamos que las colonias perif\u00e9ricas de la zona metropolitana crecen sin drenaje, sin parques, sin transporte digno, mientras el centro de la ciudad recibe inversi\u00f3n y atenci\u00f3n constante.<\/p>\n\n\n\n<p>Documentamos que Santiago Mexquititl\u00e1n lleva cinco a\u00f1os peleando por el agua de sus propios pozos, y que la Fiscal\u00eda de Amealco le neg\u00f3 a uno de sus defensores el derecho a ser atendido en su lengua materna.<\/p>\n\n\n\n<p>Documentamos que una presa en Corregidora amaneci\u00f3 con cientos de peces muertos porque nadie actu\u00f3 cuando el lirio acu\u00e1tico empez\u00f3 a expandirse a\u00f1os atr\u00e1s.<\/p>\n\n\n\n<p>Documentamos que un \u00e1rbol en la Alameda Hidalgo \u2014 en el coraz\u00f3n del Centro Hist\u00f3rico Patrimonio de la Humanidad \u2014 cay\u00f3 sobre un conductor de Uber y lo mat\u00f3, y que al momento del accidente nadie sab\u00eda en qu\u00e9 estado fitosanitario se encontraba ese \u00e1rbol.<\/p>\n\n\n\n<p>Todo eso ocurri\u00f3 en el Quer\u00e9taro del primer lugar en seguridad, del crecimiento econ\u00f3mico r\u00e9cord, del estado que va al siguiente nivel.<\/p>\n\n\n\n<hr class=\"wp-block-separator has-alpha-channel-opacity\"\/>\n\n\n\n<p>El problema no es el informe. El problema es que los informes de gobierno, por su naturaleza, miden lo que el gobierno hace. Y hay cosas que el gobierno no hace \u2014 no por negligencia necesariamente, sino porque ning\u00fan gobierno, en ninguna ciudad del mundo, puede hacer todo \u2014 que tambi\u00e9n definen la calidad de vida de una ciudad.<\/p>\n\n\n\n<p>\u00bfQui\u00e9n hace el mantenimiento preventivo de los \u00e1rboles en los parques? \u00bfQui\u00e9n garantiza que el agua de las comunidades ind\u00edgenas no se vaya en pipas sin logotipos? \u00bfQui\u00e9n acompa\u00f1a al universitario que lleva semanas sin dormir bien? \u00bfQui\u00e9n construye el parque de la colonia perif\u00e9rica donde los ni\u00f1os puedan jugar cuando salgan de la escuela sin celular?<\/p>\n\n\n\n<p>Esas preguntas no tienen respuesta en el quinto informe de Kuri. Tampoco en el de ning\u00fan gobernador anterior. Son las preguntas que una ciudad en serio tendr\u00eda que hacerse antes de declarar que lleg\u00f3 al siguiente nivel.<\/p>\n\n\n\n<hr class=\"wp-block-separator has-alpha-channel-opacity\"\/>\n\n\n\n<p>Hay algo que el formato del quinto informe revela sin querer: que el gobierno sabe que los n\u00fameros solos no alcanzan. Por eso no hubo evento protocolario. Por eso los funcionarios salieron a la calle. Por eso el gobernador grab\u00f3 episodios con testimonios de ciudadanos reales de los 18 municipios.<\/p>\n\n\n\n<p>Es un reconocimiento impl\u00edcito de que la legitimidad de un gobierno no se construye en un congreso con aplausos, sino en la conversaci\u00f3n con la gente que vive los resultados \u2014 o que vive en los m\u00e1rgenes de los resultados.<\/p>\n\n\n\n<p><em>Quer\u00e9taro de a Pie<\/em>&nbsp;naci\u00f3 exactamente de ese mismo reconocimiento. No desde el gobierno, sino desde el periodismo: que los indicadores cuentan una historia, y que hay otra historia que se cuenta desde la calle, desde las colonias, desde los mercados y las presas y los parques rotos y los \u00e1rboles que nadie revis\u00f3.<\/p>\n\n\n\n<hr class=\"wp-block-separator has-alpha-channel-opacity\"\/>\n\n\n\n<p>Kuri termina su mandato en septiembre de 2027. Le quedan doce meses para completar el tren, para terminar el dren Pe\u00f1uelas, para entregar las obras que prometi\u00f3. Doce meses en los que esta columna seguir\u00e1 preguntando lo mismo que ha preguntado desde enero: \u00bfc\u00f3mo est\u00e1 la Quer\u00e9taro que no aparece en los rankings?<\/p>\n\n\n\n<p>El informe dice que Quer\u00e9taro subi\u00f3 al siguiente nivel. Puede ser que as\u00ed sea.<\/p>\n\n\n\n<p>La pregunta es si todos subieron. Y si no todos subieron, qui\u00e9nes se quedaron esperando el elevador.<\/p>\n\n\n\n<p>Quer\u00e9taro de a Pie es la columna de comunidad y sociedad de El Progresivo. Se publica cada semana. Si tienes una historia que contar, escr\u00edbenos.<\/p>\n\n\n\n<p><\/p>\n","protected":false},"excerpt":{"rendered":"<p>El primero de septiembre, el gobernador Mauricio Kuri Gonz\u00e1lez comenz\u00f3 su quinto y \u00faltimo informe&#8230;<\/p>\n","protected":false},"author":1,"featured_media":2362,"comment_status":"open","ping_status":"open","sticky":false,"template":"","format":"standard","meta":{"om_disable_all_campaigns":false,"_monsterinsights_skip_tracking":false,"footnotes":"","jetpack_publicize_message":"","jetpack_publicize_feature_enabled":true,"jetpack_social_post_already_shared":true,"jetpack_social_options":{"image_generator_settings":{"template":"highway","default_image_id":0,"font":"","enabled":false},"version":2}},"categories":[62],"tags":[3325,3324,3320,3321,620,3326,3323,3319,3317,3322,3329,616,3318,3328,3316,3327],"class_list":["post-5003","post","type-post","status-publish","format-standard","has-post-thumbnail","hentry","category-opinion","tag-balance-gobierno-queretaro-2021-2026","tag-desarrollo-social-queretaro-kuri","tag-desigualdad-queretaro-informe","tag-deuda-publica-queretaro-cero","tag-el-progresivo-queretaro","tag-empleo-formal-queretaro-imss","tag-informe-gobierno-kuri-ciudadanos-municipios","tag-logros-gobierno-queretaro-cinco-anos","tag-mauricio-kuri-informe-gobierno-septiembre-2026","tag-pobreza-queretaro-reduccion-coneval","tag-politica-social-queretaro-2026","tag-queretaro-de-a-pie","tag-queretaro-primer-lugar-seguridad-2026","tag-queretaro-siguiente-nivel","tag-quinto-informe-gobierno-queretaro-2026","tag-rendicion-cuentas-queretaro"],"aioseo_notices":[],"aioseo_head":"\n\t\t<!-- All in One SEO 5.0.1.1 - aioseo.com -->\n\t<meta name=\"description\" content=\"El primero de septiembre, el gobernador Mauricio Kuri Gonz\u00e1lez comenz\u00f3 su quinto y \u00faltimo informe de gobierno de una manera que nadie esperaba: sin discurso en el Congreso, sin evento protocolario, sin alfombra roja. En su lugar, cinco mil funcionarios p\u00fablicos salieron a recorrer los 18 municipios del estado para entregar el documento directamente a\" \/>\n\t<meta name=\"robots\" content=\"max-image-preview:large\" \/>\n\t<meta name=\"author\" content=\"elprogresivo.mx\"\/>\n\t<link rel=\"canonical\" href=\"https:\/\/elprogresivo.mx\/index.php\/2026\/09\/04\/el-informe-y-la-ciudad-que-no-aparece-en-el\/\" \/>\n\t<meta name=\"generator\" content=\"All in One SEO (AIOSEO) 5.0.1.1\" \/>\n\t\t<meta property=\"og:locale\" content=\"es_MX\" \/>\n\t\t<meta property=\"og:site_name\" content=\"elprogresivo.mx - Construimos una nueva etapa en informaci\u00f3n\" \/>\n\t\t<meta property=\"og:type\" content=\"article\" \/>\n\t\t<meta property=\"og:title\" content=\"El informe y la ciudad que no aparece en \u00e9l - elprogresivo.mx\" \/>\n\t\t<meta property=\"og:description\" content=\"El primero de septiembre, el gobernador Mauricio Kuri Gonz\u00e1lez comenz\u00f3 su quinto y \u00faltimo informe de gobierno de una manera que nadie esperaba: sin discurso en el Congreso, sin evento protocolario, sin alfombra roja. En su lugar, cinco mil funcionarios p\u00fablicos salieron a recorrer los 18 municipios del estado para entregar el documento directamente a\" \/>\n\t\t<meta property=\"og:url\" content=\"https:\/\/elprogresivo.mx\/index.php\/2026\/09\/04\/el-informe-y-la-ciudad-que-no-aparece-en-el\/\" \/>\n\t\t<meta property=\"og:image\" content=\"https:\/\/elprogresivo.mx\/wp-content\/uploads\/2024\/02\/cropped-LogoBlanco.png\" \/>\n\t\t<meta property=\"og:image:secure_url\" content=\"https:\/\/elprogresivo.mx\/wp-content\/uploads\/2024\/02\/cropped-LogoBlanco.png\" \/>\n\t\t<meta property=\"article:published_time\" content=\"2026-09-04T09:00:00+00:00\" \/>\n\t\t<meta property=\"article:modified_time\" content=\"2026-09-02T19:58:24+00:00\" \/>\n\t\t<meta name=\"twitter:card\" content=\"summary_large_image\" \/>\n\t\t<meta name=\"twitter:title\" content=\"El informe y la ciudad que no aparece en \u00e9l - elprogresivo.mx\" \/>\n\t\t<meta name=\"twitter:description\" content=\"El primero de septiembre, el gobernador Mauricio Kuri Gonz\u00e1lez comenz\u00f3 su quinto y \u00faltimo informe de gobierno de una manera que nadie esperaba: sin discurso en el Congreso, sin evento protocolario, sin alfombra roja. En su lugar, cinco mil funcionarios p\u00fablicos salieron a recorrer los 18 municipios del estado para entregar el documento directamente a\" \/>\n\t\t<meta name=\"twitter:image\" content=\"https:\/\/elprogresivo.mx\/wp-content\/uploads\/2024\/02\/cropped-LogoBlanco.png\" \/>\n\t\t<script type=\"application\/ld+json\" class=\"aioseo-schema\">\n\t\t\t{\"@context\":\"https:\\\/\\\/schema.org\",\"@graph\":[{\"@type\":\"BlogPosting\",\"@id\":\"https:\\\/\\\/elprogresivo.mx\\\/index.php\\\/2026\\\/09\\\/04\\\/el-informe-y-la-ciudad-que-no-aparece-en-el\\\/#blogposting\",\"name\":\"El informe y la ciudad que no aparece en \\u00e9l - elprogresivo.mx\",\"headline\":\"El informe y la ciudad que no aparece en \\u00e9l\",\"author\":{\"@id\":\"https:\\\/\\\/elprogresivo.mx\\\/index.php\\\/author\\\/elprogresivo-mx\\\/#author\"},\"publisher\":{\"@id\":\"https:\\\/\\\/elprogresivo.mx\\\/#organization\"},\"image\":{\"@type\":\"ImageObject\",\"url\":\"https:\\\/\\\/elprogresivo.mx\\\/wp-content\\\/uploads\\\/2026\\\/05\\\/ChatGPT-Image-May-7-2026-02_43_13-PM.png\",\"width\":1254,\"height\":1254},\"datePublished\":\"2026-09-04T09:00:00+00:00\",\"dateModified\":\"2026-09-02T19:58:24+00:00\",\"inLanguage\":\"es-MX\",\"mainEntityOfPage\":{\"@id\":\"https:\\\/\\\/elprogresivo.mx\\\/index.php\\\/2026\\\/09\\\/04\\\/el-informe-y-la-ciudad-que-no-aparece-en-el\\\/#webpage\"},\"isPartOf\":{\"@id\":\"https:\\\/\\\/elprogresivo.mx\\\/index.php\\\/2026\\\/09\\\/04\\\/el-informe-y-la-ciudad-que-no-aparece-en-el\\\/#webpage\"},\"articleSection\":\"Opini\\u00f3n, balance gobierno Quer\\u00e9taro 2021-2026, desarrollo social Quer\\u00e9taro Kuri, desigualdad Quer\\u00e9taro informe, deuda p\\u00fablica Quer\\u00e9taro cero, El Progresivo Quer\\u00e9taro, empleo formal Quer\\u00e9taro IMSS, informe gobierno Kuri ciudadanos municipios, logros gobierno Quer\\u00e9taro cinco a\\u00f1os, Mauricio Kuri informe gobierno septiembre 2026, pobreza Quer\\u00e9taro reducci\\u00f3n CONEVAL, pol\\u00edtica social Quer\\u00e9taro 2026, Quer\\u00e9taro de a pie, Quer\\u00e9taro primer lugar seguridad 2026, Quer\\u00e9taro siguiente nivel, quinto informe gobierno Quer\\u00e9taro 2026, rendici\\u00f3n cuentas Quer\\u00e9taro\"},{\"@type\":\"BreadcrumbList\",\"@id\":\"https:\\\/\\\/elprogresivo.mx\\\/index.php\\\/2026\\\/09\\\/04\\\/el-informe-y-la-ciudad-que-no-aparece-en-el\\\/#breadcrumblist\",\"itemListElement\":[{\"@type\":\"ListItem\",\"@id\":\"https:\\\/\\\/elprogresivo.mx#listItem\",\"position\":1,\"name\":\"Home\",\"item\":\"https:\\\/\\\/elprogresivo.mx\",\"nextItem\":{\"@type\":\"ListItem\",\"@id\":\"https:\\\/\\\/elprogresivo.mx\\\/index.php\\\/category\\\/opinion\\\/#listItem\",\"name\":\"Opini\\u00f3n\"}},{\"@type\":\"ListItem\",\"@id\":\"https:\\\/\\\/elprogresivo.mx\\\/index.php\\\/category\\\/opinion\\\/#listItem\",\"position\":2,\"name\":\"Opini\\u00f3n\",\"item\":\"https:\\\/\\\/elprogresivo.mx\\\/index.php\\\/category\\\/opinion\\\/\",\"nextItem\":{\"@type\":\"ListItem\",\"@id\":\"https:\\\/\\\/elprogresivo.mx\\\/index.php\\\/2026\\\/09\\\/04\\\/el-informe-y-la-ciudad-que-no-aparece-en-el\\\/#listItem\",\"name\":\"El informe y la ciudad que no aparece en \\u00e9l\"},\"previousItem\":{\"@type\":\"ListItem\",\"@id\":\"https:\\\/\\\/elprogresivo.mx#listItem\",\"name\":\"Home\"}},{\"@type\":\"ListItem\",\"@id\":\"https:\\\/\\\/elprogresivo.mx\\\/index.php\\\/2026\\\/09\\\/04\\\/el-informe-y-la-ciudad-que-no-aparece-en-el\\\/#listItem\",\"position\":3,\"name\":\"El informe y la ciudad que no aparece en \\u00e9l\",\"previousItem\":{\"@type\":\"ListItem\",\"@id\":\"https:\\\/\\\/elprogresivo.mx\\\/index.php\\\/category\\\/opinion\\\/#listItem\",\"name\":\"Opini\\u00f3n\"}}]},{\"@type\":\"Organization\",\"@id\":\"https:\\\/\\\/elprogresivo.mx\\\/#organization\",\"name\":\"elprogresivo.mx\",\"description\":\"Construimos una nueva etapa en informaci\\u00f3n\",\"url\":\"https:\\\/\\\/elprogresivo.mx\\\/\",\"logo\":{\"@type\":\"ImageObject\",\"url\":\"https:\\\/\\\/elprogresivo.mx\\\/wp-content\\\/uploads\\\/2024\\\/02\\\/cropped-LogoBlanco.png\",\"@id\":\"https:\\\/\\\/elprogresivo.mx\\\/index.php\\\/2026\\\/09\\\/04\\\/el-informe-y-la-ciudad-que-no-aparece-en-el\\\/#organizationLogo\",\"width\":2096,\"height\":332},\"image\":{\"@id\":\"https:\\\/\\\/elprogresivo.mx\\\/index.php\\\/2026\\\/09\\\/04\\\/el-informe-y-la-ciudad-que-no-aparece-en-el\\\/#organizationLogo\"}},{\"@type\":\"Person\",\"@id\":\"https:\\\/\\\/elprogresivo.mx\\\/index.php\\\/author\\\/elprogresivo-mx\\\/#author\",\"url\":\"https:\\\/\\\/elprogresivo.mx\\\/index.php\\\/author\\\/elprogresivo-mx\\\/\",\"name\":\"elprogresivo.mx\",\"image\":{\"@type\":\"ImageObject\",\"@id\":\"https:\\\/\\\/elprogresivo.mx\\\/index.php\\\/2026\\\/09\\\/04\\\/el-informe-y-la-ciudad-que-no-aparece-en-el\\\/#authorImage\",\"url\":\"https:\\\/\\\/secure.gravatar.com\\\/avatar\\\/f8f619b2b94bf196501220695d5a6b8552763754143ed0ab1cf99ef065ae37cf?s=96&d=mm&r=g\",\"width\":96,\"height\":96,\"caption\":\"elprogresivo.mx\"}},{\"@type\":\"WebPage\",\"@id\":\"https:\\\/\\\/elprogresivo.mx\\\/index.php\\\/2026\\\/09\\\/04\\\/el-informe-y-la-ciudad-que-no-aparece-en-el\\\/#webpage\",\"url\":\"https:\\\/\\\/elprogresivo.mx\\\/index.php\\\/2026\\\/09\\\/04\\\/el-informe-y-la-ciudad-que-no-aparece-en-el\\\/\",\"name\":\"El informe y la ciudad que no aparece en \\u00e9l - elprogresivo.mx\",\"description\":\"El primero de septiembre, el gobernador Mauricio Kuri Gonz\\u00e1lez comenz\\u00f3 su quinto y \\u00faltimo informe de gobierno de una manera que nadie esperaba: sin discurso en el Congreso, sin evento protocolario, sin alfombra roja. En su lugar, cinco mil funcionarios p\\u00fablicos salieron a recorrer los 18 municipios del estado para entregar el documento directamente a\",\"inLanguage\":\"es-MX\",\"isPartOf\":{\"@id\":\"https:\\\/\\\/elprogresivo.mx\\\/#website\"},\"breadcrumb\":{\"@id\":\"https:\\\/\\\/elprogresivo.mx\\\/index.php\\\/2026\\\/09\\\/04\\\/el-informe-y-la-ciudad-que-no-aparece-en-el\\\/#breadcrumblist\"},\"author\":{\"@id\":\"https:\\\/\\\/elprogresivo.mx\\\/index.php\\\/author\\\/elprogresivo-mx\\\/#author\"},\"creator\":{\"@id\":\"https:\\\/\\\/elprogresivo.mx\\\/index.php\\\/author\\\/elprogresivo-mx\\\/#author\"},\"image\":{\"@type\":\"ImageObject\",\"url\":\"https:\\\/\\\/elprogresivo.mx\\\/wp-content\\\/uploads\\\/2026\\\/05\\\/ChatGPT-Image-May-7-2026-02_43_13-PM.png\",\"@id\":\"https:\\\/\\\/elprogresivo.mx\\\/index.php\\\/2026\\\/09\\\/04\\\/el-informe-y-la-ciudad-que-no-aparece-en-el\\\/#mainImage\",\"width\":1254,\"height\":1254},\"primaryImageOfPage\":{\"@id\":\"https:\\\/\\\/elprogresivo.mx\\\/index.php\\\/2026\\\/09\\\/04\\\/el-informe-y-la-ciudad-que-no-aparece-en-el\\\/#mainImage\"},\"datePublished\":\"2026-09-04T09:00:00+00:00\",\"dateModified\":\"2026-09-02T19:58:24+00:00\"},{\"@type\":\"WebSite\",\"@id\":\"https:\\\/\\\/elprogresivo.mx\\\/#website\",\"url\":\"https:\\\/\\\/elprogresivo.mx\\\/\",\"name\":\"elprogresivo.mx\",\"description\":\"Construimos una nueva etapa en informaci\\u00f3n\",\"inLanguage\":\"es-MX\",\"publisher\":{\"@id\":\"https:\\\/\\\/elprogresivo.mx\\\/#organization\"}}]}\n\t\t<\/script>\n\t\t<!-- All in One SEO -->\n\n","aioseo_head_json":{"title":"El informe y la ciudad que no aparece en \u00e9l - elprogresivo.mx","description":"El primero de septiembre, el gobernador Mauricio Kuri Gonz\u00e1lez comenz\u00f3 su quinto y \u00faltimo informe de gobierno de una manera que nadie esperaba: sin discurso en el Congreso, sin evento protocolario, sin alfombra roja. En su lugar, cinco mil funcionarios p\u00fablicos salieron a recorrer los 18 municipios del estado para entregar el documento directamente a","canonical_url":"https:\/\/elprogresivo.mx\/index.php\/2026\/09\/04\/el-informe-y-la-ciudad-que-no-aparece-en-el\/","robots":"max-image-preview:large","keywords":"","webmasterTools":{"miscellaneous":""},"schema":{"@context":"https:\/\/schema.org","@graph":[{"@type":"BlogPosting","@id":"https:\/\/elprogresivo.mx\/index.php\/2026\/09\/04\/el-informe-y-la-ciudad-que-no-aparece-en-el\/#blogposting","name":"El informe y la ciudad que no aparece en \u00e9l - elprogresivo.mx","headline":"El informe y la ciudad que no aparece en \u00e9l","author":{"@id":"https:\/\/elprogresivo.mx\/index.php\/author\/elprogresivo-mx\/#author"},"publisher":{"@id":"https:\/\/elprogresivo.mx\/#organization"},"image":{"@type":"ImageObject","url":"https:\/\/elprogresivo.mx\/wp-content\/uploads\/2026\/05\/ChatGPT-Image-May-7-2026-02_43_13-PM.png","width":1254,"height":1254},"datePublished":"2026-09-04T09:00:00+00:00","dateModified":"2026-09-02T19:58:24+00:00","inLanguage":"es-MX","mainEntityOfPage":{"@id":"https:\/\/elprogresivo.mx\/index.php\/2026\/09\/04\/el-informe-y-la-ciudad-que-no-aparece-en-el\/#webpage"},"isPartOf":{"@id":"https:\/\/elprogresivo.mx\/index.php\/2026\/09\/04\/el-informe-y-la-ciudad-que-no-aparece-en-el\/#webpage"},"articleSection":"Opini\u00f3n, balance gobierno Quer\u00e9taro 2021-2026, desarrollo social Quer\u00e9taro Kuri, desigualdad Quer\u00e9taro informe, deuda p\u00fablica Quer\u00e9taro cero, El Progresivo Quer\u00e9taro, empleo formal Quer\u00e9taro IMSS, informe gobierno Kuri ciudadanos municipios, logros gobierno Quer\u00e9taro cinco a\u00f1os, Mauricio Kuri informe gobierno septiembre 2026, pobreza Quer\u00e9taro reducci\u00f3n CONEVAL, pol\u00edtica social Quer\u00e9taro 2026, Quer\u00e9taro de a pie, Quer\u00e9taro primer lugar seguridad 2026, Quer\u00e9taro siguiente nivel, quinto informe gobierno Quer\u00e9taro 2026, rendici\u00f3n cuentas Quer\u00e9taro"},{"@type":"BreadcrumbList","@id":"https:\/\/elprogresivo.mx\/index.php\/2026\/09\/04\/el-informe-y-la-ciudad-que-no-aparece-en-el\/#breadcrumblist","itemListElement":[{"@type":"ListItem","@id":"https:\/\/elprogresivo.mx#listItem","position":1,"name":"Home","item":"https:\/\/elprogresivo.mx","nextItem":{"@type":"ListItem","@id":"https:\/\/elprogresivo.mx\/index.php\/category\/opinion\/#listItem","name":"Opini\u00f3n"}},{"@type":"ListItem","@id":"https:\/\/elprogresivo.mx\/index.php\/category\/opinion\/#listItem","position":2,"name":"Opini\u00f3n","item":"https:\/\/elprogresivo.mx\/index.php\/category\/opinion\/","nextItem":{"@type":"ListItem","@id":"https:\/\/elprogresivo.mx\/index.php\/2026\/09\/04\/el-informe-y-la-ciudad-que-no-aparece-en-el\/#listItem","name":"El informe y la ciudad que no aparece en \u00e9l"},"previousItem":{"@type":"ListItem","@id":"https:\/\/elprogresivo.mx#listItem","name":"Home"}},{"@type":"ListItem","@id":"https:\/\/elprogresivo.mx\/index.php\/2026\/09\/04\/el-informe-y-la-ciudad-que-no-aparece-en-el\/#listItem","position":3,"name":"El informe y la ciudad que no aparece en \u00e9l","previousItem":{"@type":"ListItem","@id":"https:\/\/elprogresivo.mx\/index.php\/category\/opinion\/#listItem","name":"Opini\u00f3n"}}]},{"@type":"Organization","@id":"https:\/\/elprogresivo.mx\/#organization","name":"elprogresivo.mx","description":"Construimos una nueva etapa en informaci\u00f3n","url":"https:\/\/elprogresivo.mx\/","logo":{"@type":"ImageObject","url":"https:\/\/elprogresivo.mx\/wp-content\/uploads\/2024\/02\/cropped-LogoBlanco.png","@id":"https:\/\/elprogresivo.mx\/index.php\/2026\/09\/04\/el-informe-y-la-ciudad-que-no-aparece-en-el\/#organizationLogo","width":2096,"height":332},"image":{"@id":"https:\/\/elprogresivo.mx\/index.php\/2026\/09\/04\/el-informe-y-la-ciudad-que-no-aparece-en-el\/#organizationLogo"}},{"@type":"Person","@id":"https:\/\/elprogresivo.mx\/index.php\/author\/elprogresivo-mx\/#author","url":"https:\/\/elprogresivo.mx\/index.php\/author\/elprogresivo-mx\/","name":"elprogresivo.mx","image":{"@type":"ImageObject","@id":"https:\/\/elprogresivo.mx\/index.php\/2026\/09\/04\/el-informe-y-la-ciudad-que-no-aparece-en-el\/#authorImage","url":"https:\/\/secure.gravatar.com\/avatar\/f8f619b2b94bf196501220695d5a6b8552763754143ed0ab1cf99ef065ae37cf?s=96&d=mm&r=g","width":96,"height":96,"caption":"elprogresivo.mx"}},{"@type":"WebPage","@id":"https:\/\/elprogresivo.mx\/index.php\/2026\/09\/04\/el-informe-y-la-ciudad-que-no-aparece-en-el\/#webpage","url":"https:\/\/elprogresivo.mx\/index.php\/2026\/09\/04\/el-informe-y-la-ciudad-que-no-aparece-en-el\/","name":"El informe y la ciudad que no aparece en \u00e9l - elprogresivo.mx","description":"El primero de septiembre, el gobernador Mauricio Kuri Gonz\u00e1lez comenz\u00f3 su quinto y \u00faltimo informe de gobierno de una manera que nadie esperaba: sin discurso en el Congreso, sin evento protocolario, sin alfombra roja. En su lugar, cinco mil funcionarios p\u00fablicos salieron a recorrer los 18 municipios del estado para entregar el documento directamente a","inLanguage":"es-MX","isPartOf":{"@id":"https:\/\/elprogresivo.mx\/#website"},"breadcrumb":{"@id":"https:\/\/elprogresivo.mx\/index.php\/2026\/09\/04\/el-informe-y-la-ciudad-que-no-aparece-en-el\/#breadcrumblist"},"author":{"@id":"https:\/\/elprogresivo.mx\/index.php\/author\/elprogresivo-mx\/#author"},"creator":{"@id":"https:\/\/elprogresivo.mx\/index.php\/author\/elprogresivo-mx\/#author"},"image":{"@type":"ImageObject","url":"https:\/\/elprogresivo.mx\/wp-content\/uploads\/2026\/05\/ChatGPT-Image-May-7-2026-02_43_13-PM.png","@id":"https:\/\/elprogresivo.mx\/index.php\/2026\/09\/04\/el-informe-y-la-ciudad-que-no-aparece-en-el\/#mainImage","width":1254,"height":1254},"primaryImageOfPage":{"@id":"https:\/\/elprogresivo.mx\/index.php\/2026\/09\/04\/el-informe-y-la-ciudad-que-no-aparece-en-el\/#mainImage"},"datePublished":"2026-09-04T09:00:00+00:00","dateModified":"2026-09-02T19:58:24+00:00"},{"@type":"WebSite","@id":"https:\/\/elprogresivo.mx\/#website","url":"https:\/\/elprogresivo.mx\/","name":"elprogresivo.mx","description":"Construimos una nueva etapa en informaci\u00f3n","inLanguage":"es-MX","publisher":{"@id":"https:\/\/elprogresivo.mx\/#organization"}}]},"og:locale":"es_MX","og:site_name":"elprogresivo.mx - Construimos una nueva etapa en informaci\u00f3n","og:type":"article","og:title":"El informe y la ciudad que no aparece en \u00e9l - elprogresivo.mx","og:description":"El primero de septiembre, el gobernador Mauricio Kuri Gonz\u00e1lez comenz\u00f3 su quinto y \u00faltimo informe de gobierno de una manera que nadie esperaba: sin discurso en el Congreso, sin evento protocolario, sin alfombra roja. En su lugar, cinco mil funcionarios p\u00fablicos salieron a recorrer los 18 municipios del estado para entregar el documento directamente a","og:url":"https:\/\/elprogresivo.mx\/index.php\/2026\/09\/04\/el-informe-y-la-ciudad-que-no-aparece-en-el\/","og:image":"https:\/\/elprogresivo.mx\/wp-content\/uploads\/2024\/02\/cropped-LogoBlanco.png","og:image:secure_url":"https:\/\/elprogresivo.mx\/wp-content\/uploads\/2024\/02\/cropped-LogoBlanco.png","article:published_time":"2026-09-04T09:00:00+00:00","article:modified_time":"2026-09-02T19:58:24+00:00","twitter:card":"summary_large_image","twitter:title":"El informe y la ciudad que no aparece en \u00e9l - elprogresivo.mx","twitter:description":"El primero de septiembre, el gobernador Mauricio Kuri Gonz\u00e1lez comenz\u00f3 su quinto y \u00faltimo informe de gobierno de una manera que nadie esperaba: sin discurso en el Congreso, sin evento protocolario, sin alfombra roja. En su lugar, cinco mil funcionarios p\u00fablicos salieron a recorrer los 18 municipios del estado para entregar el documento directamente a","twitter:image":"https:\/\/elprogresivo.mx\/wp-content\/uploads\/2024\/02\/cropped-LogoBlanco.png"},"aioseo_meta_data":{"post_id":"5003","title":null,"description":null,"keywords":null,"keyphrases":{"focus":{"keyphrase":"","score":0,"analysis":{"keyphraseInTitle":{"score":0,"maxScore":9,"error":1}}},"additional":[]},"primary_term":null,"canonical_url":null,"og_title":null,"og_description":null,"og_object_type":"default","og_image_type":"default","og_image_url":null,"og_image_width":null,"og_image_height":null,"og_image_custom_url":null,"og_image_custom_fields":null,"og_video":"","og_custom_url":null,"og_article_section":null,"og_article_tags":null,"twitter_use_og":false,"twitter_card":"default","twitter_image_type":"default","twitter_image_url":null,"twitter_image_custom_url":null,"twitter_image_custom_fields":null,"twitter_title":null,"twitter_description":null,"schema":{"blockGraphs":[],"customGraphs":[],"default":{"data":{"Article":[],"Course":[],"Dataset":[],"FAQPage":[],"Movie":[],"Person":[],"Product":[],"ProductReview":[],"Car":[],"Recipe":[],"Service":[],"SoftwareApplication":[],"WebPage":[]},"graphName":"BlogPosting","isEnabled":true},"graphs":[]},"schema_type":"default","schema_type_options":null,"pillar_content":false,"robots_default":true,"robots_noindex":false,"robots_noarchive":false,"robots_nosnippet":false,"robots_nofollow":false,"robots_noimageindex":false,"robots_noodp":false,"robots_notranslate":false,"robots_max_snippet":"-1","robots_max_videopreview":"-1","robots_max_imagepreview":"large","priority":null,"frequency":"default","local_seo":null,"limit_modified_date":false,"created":"2026-09-02 19:58:24","updated":"2026-09-04 09:30:29","ai":{"faqs":[],"keyPoints":[],"schemas":[],"titles":[],"descriptions":[],"socialPosts":{"email":{"subject":"","preview":"","content":""},"linkedin":[],"twitter":[],"facebook":[],"instagram":[]}},"breadcrumb_settings":null,"seo_analyzer_scan_date":null,"focus_keyword":null,"additional_keywords":null,"truseo_locale":null},"aioseo_breadcrumb":"<div class=\"aioseo-breadcrumbs\"><span class=\"aioseo-breadcrumb\">\n\t\t\t<a href=\"https:\/\/elprogresivo.mx\" title=\"Home\">Home<\/a>\n\t\t<\/span><span class=\"aioseo-breadcrumb-separator\">&raquo;<\/span><span class=\"aioseo-breadcrumb\">\n\t\t\t<a href=\"https:\/\/elprogresivo.mx\/index.php\/category\/opinion\/\" title=\"Opini\u00f3n\">Opini\u00f3n<\/a>\n\t\t<\/span><span class=\"aioseo-breadcrumb-separator\">&raquo;<\/span><span class=\"aioseo-breadcrumb\">\n\t\t\tEl informe y la ciudad que no aparece en \u00e9l\n\t\t<\/span><\/div>","aioseo_breadcrumb_json":[{"label":"Home","link":"https:\/\/elprogresivo.mx"},{"label":"Opini\u00f3n","link":"https:\/\/elprogresivo.mx\/index.php\/category\/opinion\/"},{"label":"El informe y la ciudad que no aparece en \u00e9l","link":"https:\/\/elprogresivo.mx\/index.php\/2026\/09\/04\/el-informe-y-la-ciudad-que-no-aparece-en-el\/"}],"jetpack_publicize_connections":[],"_links":{"self":[{"href":"https:\/\/elprogresivo.mx\/index.php\/wp-json\/wp\/v2\/posts\/5003","targetHints":{"allow":["GET"]}}],"collection":[{"href":"https:\/\/elprogresivo.mx\/index.php\/wp-json\/wp\/v2\/posts"}],"about":[{"href":"https:\/\/elprogresivo.mx\/index.php\/wp-json\/wp\/v2\/types\/post"}],"author":[{"embeddable":true,"href":"https:\/\/elprogresivo.mx\/index.php\/wp-json\/wp\/v2\/users\/1"}],"replies":[{"embeddable":true,"href":"https:\/\/elprogresivo.mx\/index.php\/wp-json\/wp\/v2\/comments?post=5003"}],"version-history":[{"count":1,"href":"https:\/\/elprogresivo.mx\/index.php\/wp-json\/wp\/v2\/posts\/5003\/revisions"}],"predecessor-version":[{"id":5004,"href":"https:\/\/elprogresivo.mx\/index.php\/wp-json\/wp\/v2\/posts\/5003\/revisions\/5004"}],"wp:featuredmedia":[{"embeddable":true,"href":"https:\/\/elprogresivo.mx\/index.php\/wp-json\/wp\/v2\/media\/2362"}],"wp:attachment":[{"href":"https:\/\/elprogresivo.mx\/index.php\/wp-json\/wp\/v2\/media?parent=5003"}],"wp:term":[{"taxonomy":"category","embeddable":true,"href":"https:\/\/elprogresivo.mx\/index.php\/wp-json\/wp\/v2\/categories?post=5003"},{"taxonomy":"post_tag","embeddable":true,"href":"https:\/\/elprogresivo.mx\/index.php\/wp-json\/wp\/v2\/tags?post=5003"}],"curies":[{"name":"wp","href":"https:\/\/api.w.org\/{rel}","templated":true}]}}