{"id":5000,"date":"2026-09-03T09:00:00","date_gmt":"2026-09-03T09:00:00","guid":{"rendered":"https:\/\/elprogresivo.mx\/?p=5000"},"modified":"2026-09-02T19:48:04","modified_gmt":"2026-09-02T19:48:04","slug":"el-cirque-du-soleil-aterriza-en-queretaro-y-la-santa-cecilia-cierra-la-semana","status":"publish","type":"post","link":"https:\/\/elprogresivo.mx\/index.php\/2026\/09\/03\/el-cirque-du-soleil-aterriza-en-queretaro-y-la-santa-cecilia-cierra-la-semana\/","title":{"rendered":"El Cirque du Soleil aterriza en Quer\u00e9taro y La Santa Cecilia cierra la semana"},"content":{"rendered":"\n<p><strong>JUEVES 3 | EL EVENTO DEL MES<\/strong><\/p>\n\n\n\n<p>El Cirque du Soleil llega por primera vez al estado de Quer\u00e9taro con su espect\u00e1culo&nbsp;<em>Echo<\/em>, y lo hace instalando su Gran Carpa Soleil en el Aut\u00f3dromo.&nbsp;<em>Echo<\/em>&nbsp;narra la historia de una ni\u00f1a llamada Future y su perro Ewai, que se adentran en una aventura por un mundo misterioso construido alrededor de un cubo gigante de 23 pies que representa la naturaleza: acrobacias, tecnolog\u00eda visual, m\u00fasica en vivo y una narrativa sin palabras que funciona para cualquier edad. Los boletos van desde $1,600 hasta $5,485 pesos por persona, y habr\u00e1 funciones los d\u00edas 3, 4, 5, 9, 10, 11, 12, 17, 18, 19 y 20 de septiembre en distintos horarios. Se espera una afluencia de 90 mil personas durante la temporada, con la mitad procedente de otros estados: Quer\u00e9taro como destino. Si vas a ver un solo espect\u00e1culo este oto\u00f1o, que sea este.&nbsp;<a href=\"https:\/\/aldialogo.mx\/vsd\/2026\/05\/05\/cirque-du-soleil-en-queretaro-2026-fechas-precios-y-donde-comprar-boletos\" target=\"_blank\" rel=\"noreferrer noopener\">Cirque du Soleil en Quer\u00e9taro 2026: fechas, precios y d\u00f3nde comprar boletos +3<\/a><\/p>\n\n\n\n<hr class=\"wp-block-separator has-alpha-channel-opacity\"\/>\n\n\n\n<p><strong>VIERNES 4 | DOBLE PROPUESTA<\/strong><\/p>\n\n\n\n<p>La noche del viernes tiene dos opciones muy distintas. Yng Naz se presenta en Sala Arpa con su propuesta de trap en espa\u00f1ol que ha ido ganando terreno en la escena urbana nacional: una noche \u00edntima para los seguidores del g\u00e9nero que prefieren los foros peque\u00f1os a los grandes auditorios.<\/p>\n\n\n\n<p>Y para los que prefieren la magia de Disney con velas: el Candlelight&nbsp;<em>Disney Canciones de Amor<\/em>&nbsp;regresa a la Sala Experimental a las 7:00 PM con los temas m\u00e1s ic\u00f3nicos de las pel\u00edculas animadas en formato de cuerdas. La segunda oportunidad de ver este show despu\u00e9s de agosto, y por lo general la \u00faltima antes de que cambie la programaci\u00f3n.<\/p>\n\n\n\n<hr class=\"wp-block-separator has-alpha-channel-opacity\"\/>\n\n\n\n<p><strong>S\u00c1BADO 5 | LA SANTA CECILIA EN FORO ARPA<\/strong><\/p>\n\n\n\n<p>El cierre de semana con uno de los nombres m\u00e1s queridos de la escena latina alternativa. La Santa Cecilia llega a Foro Arpa, la banda angelina de ra\u00edces mexicanas liderada por La Marisoul, que mezcla cumbia, bolero, rock y blues en un sonido que no suena a nada m\u00e1s. Una propuesta que llena foros en toda Am\u00e9rica y que en Quer\u00e9taro siempre tiene una recepci\u00f3n especial. Noche para ir con quien quieras impresionar sin que parezca que lo est\u00e1s intentando.<\/p>\n\n\n\n<hr class=\"wp-block-separator has-alpha-channel-opacity\"\/>\n\n\n\n<p><strong>TODA LA SEMANA | CIRQUE DU SOLEIL<\/strong><\/p>\n\n\n\n<p>El Cirque du Soleil&nbsp;<em>Echo<\/em>&nbsp;tendr\u00e1 temporada en Quer\u00e9taro del 3 al 20 de septiembre bajo su ic\u00f3nica Gran Carpa en el Aut\u00f3dromo. Habr\u00e1 funciones entre semana y los fines de semana, con horarios de tarde y noche. Si no consigues boleto para el estreno, hay muchas m\u00e1s oportunidades a lo largo del mes. Los horarios de las funciones de tarde son a la 1:30 y 5:00 PM, y las nocturnas a las 9:00 PM, dependiendo del d\u00eda. Vale la pena revisar el calendario completo y elegir la funci\u00f3n que mejor le quede a la familia, la pareja o los amigos.&nbsp;<a href=\"https:\/\/oem.com.mx\/diariodequeretaro\/cultura\/cirque-du-soleil-en-queretaro-2026-fechas-boletos-y-por-que-echo-es-el-show-imperdible-del-ano-31166072\" target=\"_blank\" rel=\"noreferrer noopener\">La Prensa<\/a><a href=\"https:\/\/www.de-paseo.com\/queretaro\/event-pro\/circ-du-soleil-echo-en-queretaro\/2026-09-06\/1\/\" target=\"_blank\" rel=\"noreferrer noopener\">De Paseo<\/a><\/p>\n\n\n\n<hr class=\"wp-block-separator has-alpha-channel-opacity\"\/>\n\n\n\n<p><strong>EN EL HORIZONTE | SEPTIEMBRE VIENE CON TODO<\/strong><\/p>\n\n\n\n<p>La agenda de septiembre no para despu\u00e9s de esta semana: Lucero llega al Auditorio Josefa Ortiz el viernes 11 con su gira&nbsp;<em>Siempre Contigo<\/em>, Sonata Arctica toca en Foro Arpa el mi\u00e9rcoles 16, y Enjambre se presenta en el Auditorio el viernes 18. El mes de la patria en Quer\u00e9taro se celebra con m\u00fasica de todos los g\u00e9neros. Y el 10 de octubre, el Pulso GNP con Robbie Williams y Caifanes cierra el a\u00f1o grande de la ciudad.<\/p>\n\n\n\n<hr class=\"wp-block-separator has-alpha-channel-opacity\"\/>\n\n\n\n<p><em>Plan Qro se publica cada jueves. Comparte tus recomendaciones en redes con #PlanQro.<\/em><\/p>\n\n\n\n<p><\/p>\n","protected":false},"excerpt":{"rendered":"<p>JUEVES 3 | EL EVENTO DEL MES El Cirque du Soleil llega por primera vez&#8230;<\/p>\n","protected":false},"author":1,"featured_media":2205,"comment_status":"open","ping_status":"open","sticky":false,"template":"","format":"standard","meta":{"om_disable_all_campaigns":false,"_monsterinsights_skip_tracking":false,"footnotes":"","jetpack_publicize_message":"","jetpack_publicize_feature_enabled":true,"jetpack_social_post_already_shared":true,"jetpack_social_options":{"image_generator_settings":{"template":"highway","default_image_id":0,"font":"","enabled":false},"version":2}},"categories":[62],"tags":[],"class_list":["post-5000","post","type-post","status-publish","format-standard","has-post-thumbnail","hentry","category-opinion"],"aioseo_notices":[],"aioseo_head":"\n\t\t<!-- All in One SEO 5.0.1.1 - aioseo.com -->\n\t<meta name=\"description\" content=\"JUEVES 3 | EL EVENTO DEL MES El Cirque du Soleil llega por primera vez al estado de Quer\u00e9taro con su espect\u00e1culo Echo, y lo hace instalando su Gran Carpa Soleil en el Aut\u00f3dromo. Echo narra la historia de una ni\u00f1a llamada Future y su perro Ewai, que se adentran en una aventura por un mundo misterioso construido\" \/>\n\t<meta name=\"robots\" content=\"max-image-preview:large\" \/>\n\t<meta name=\"author\" content=\"elprogresivo.mx\"\/>\n\t<link rel=\"canonical\" href=\"https:\/\/elprogresivo.mx\/index.php\/2026\/09\/03\/el-cirque-du-soleil-aterriza-en-queretaro-y-la-santa-cecilia-cierra-la-semana\/\" \/>\n\t<meta name=\"generator\" content=\"All in One SEO (AIOSEO) 5.0.1.1\" \/>\n\t\t<meta property=\"og:locale\" content=\"es_MX\" \/>\n\t\t<meta property=\"og:site_name\" content=\"elprogresivo.mx - Construimos una nueva etapa en informaci\u00f3n\" \/>\n\t\t<meta property=\"og:type\" content=\"article\" \/>\n\t\t<meta property=\"og:title\" content=\"El Cirque du Soleil aterriza en Quer\u00e9taro y La Santa Cecilia cierra la semana - elprogresivo.mx\" \/>\n\t\t<meta property=\"og:description\" content=\"JUEVES 3 | EL EVENTO DEL MES El Cirque du Soleil llega por primera vez al estado de Quer\u00e9taro con su espect\u00e1culo Echo, y lo hace instalando su Gran Carpa Soleil en el Aut\u00f3dromo. Echo narra la historia de una ni\u00f1a llamada Future y su perro Ewai, que se adentran en una aventura por un mundo misterioso construido\" \/>\n\t\t<meta property=\"og:url\" content=\"https:\/\/elprogresivo.mx\/index.php\/2026\/09\/03\/el-cirque-du-soleil-aterriza-en-queretaro-y-la-santa-cecilia-cierra-la-semana\/\" \/>\n\t\t<meta property=\"og:image\" content=\"https:\/\/elprogresivo.mx\/wp-content\/uploads\/2024\/02\/cropped-LogoBlanco.png\" \/>\n\t\t<meta property=\"og:image:secure_url\" content=\"https:\/\/elprogresivo.mx\/wp-content\/uploads\/2024\/02\/cropped-LogoBlanco.png\" \/>\n\t\t<meta property=\"article:published_time\" content=\"2026-09-03T09:00:00+00:00\" \/>\n\t\t<meta property=\"article:modified_time\" content=\"2026-09-02T19:48:04+00:00\" \/>\n\t\t<meta name=\"twitter:card\" content=\"summary_large_image\" \/>\n\t\t<meta name=\"twitter:title\" content=\"El Cirque du Soleil aterriza en Quer\u00e9taro y La Santa Cecilia cierra la semana - elprogresivo.mx\" \/>\n\t\t<meta name=\"twitter:description\" content=\"JUEVES 3 | EL EVENTO DEL MES El Cirque du Soleil llega por primera vez al estado de Quer\u00e9taro con su espect\u00e1culo Echo, y lo hace instalando su Gran Carpa Soleil en el Aut\u00f3dromo. Echo narra la historia de una ni\u00f1a llamada Future y su perro Ewai, que se adentran en una aventura por un mundo misterioso construido\" \/>\n\t\t<meta name=\"twitter:image\" content=\"https:\/\/elprogresivo.mx\/wp-content\/uploads\/2024\/02\/cropped-LogoBlanco.png\" \/>\n\t\t<script type=\"application\/ld+json\" class=\"aioseo-schema\">\n\t\t\t{\"@context\":\"https:\\\/\\\/schema.org\",\"@graph\":[{\"@type\":\"BlogPosting\",\"@id\":\"https:\\\/\\\/elprogresivo.mx\\\/index.php\\\/2026\\\/09\\\/03\\\/el-cirque-du-soleil-aterriza-en-queretaro-y-la-santa-cecilia-cierra-la-semana\\\/#blogposting\",\"name\":\"El Cirque du Soleil aterriza en Quer\\u00e9taro y La Santa Cecilia cierra la semana - elprogresivo.mx\",\"headline\":\"El Cirque du Soleil aterriza en Quer\\u00e9taro y La Santa Cecilia cierra la semana\",\"author\":{\"@id\":\"https:\\\/\\\/elprogresivo.mx\\\/index.php\\\/author\\\/elprogresivo-mx\\\/#author\"},\"publisher\":{\"@id\":\"https:\\\/\\\/elprogresivo.mx\\\/#organization\"},\"image\":{\"@type\":\"ImageObject\",\"url\":\"https:\\\/\\\/elprogresivo.mx\\\/wp-content\\\/uploads\\\/2026\\\/04\\\/ChatGPT-Image-Apr-27-2026-04_01_31-PM.png\",\"width\":1254,\"height\":1254},\"datePublished\":\"2026-09-03T09:00:00+00:00\",\"dateModified\":\"2026-09-02T19:48:04+00:00\",\"inLanguage\":\"es-MX\",\"mainEntityOfPage\":{\"@id\":\"https:\\\/\\\/elprogresivo.mx\\\/index.php\\\/2026\\\/09\\\/03\\\/el-cirque-du-soleil-aterriza-en-queretaro-y-la-santa-cecilia-cierra-la-semana\\\/#webpage\"},\"isPartOf\":{\"@id\":\"https:\\\/\\\/elprogresivo.mx\\\/index.php\\\/2026\\\/09\\\/03\\\/el-cirque-du-soleil-aterriza-en-queretaro-y-la-santa-cecilia-cierra-la-semana\\\/#webpage\"},\"articleSection\":\"Opini\\u00f3n\"},{\"@type\":\"BreadcrumbList\",\"@id\":\"https:\\\/\\\/elprogresivo.mx\\\/index.php\\\/2026\\\/09\\\/03\\\/el-cirque-du-soleil-aterriza-en-queretaro-y-la-santa-cecilia-cierra-la-semana\\\/#breadcrumblist\",\"itemListElement\":[{\"@type\":\"ListItem\",\"@id\":\"https:\\\/\\\/elprogresivo.mx#listItem\",\"position\":1,\"name\":\"Home\",\"item\":\"https:\\\/\\\/elprogresivo.mx\",\"nextItem\":{\"@type\":\"ListItem\",\"@id\":\"https:\\\/\\\/elprogresivo.mx\\\/index.php\\\/category\\\/opinion\\\/#listItem\",\"name\":\"Opini\\u00f3n\"}},{\"@type\":\"ListItem\",\"@id\":\"https:\\\/\\\/elprogresivo.mx\\\/index.php\\\/category\\\/opinion\\\/#listItem\",\"position\":2,\"name\":\"Opini\\u00f3n\",\"item\":\"https:\\\/\\\/elprogresivo.mx\\\/index.php\\\/category\\\/opinion\\\/\",\"nextItem\":{\"@type\":\"ListItem\",\"@id\":\"https:\\\/\\\/elprogresivo.mx\\\/index.php\\\/2026\\\/09\\\/03\\\/el-cirque-du-soleil-aterriza-en-queretaro-y-la-santa-cecilia-cierra-la-semana\\\/#listItem\",\"name\":\"El Cirque du Soleil aterriza en Quer\\u00e9taro y La Santa Cecilia cierra la semana\"},\"previousItem\":{\"@type\":\"ListItem\",\"@id\":\"https:\\\/\\\/elprogresivo.mx#listItem\",\"name\":\"Home\"}},{\"@type\":\"ListItem\",\"@id\":\"https:\\\/\\\/elprogresivo.mx\\\/index.php\\\/2026\\\/09\\\/03\\\/el-cirque-du-soleil-aterriza-en-queretaro-y-la-santa-cecilia-cierra-la-semana\\\/#listItem\",\"position\":3,\"name\":\"El Cirque du Soleil aterriza en Quer\\u00e9taro y La Santa Cecilia cierra la semana\",\"previousItem\":{\"@type\":\"ListItem\",\"@id\":\"https:\\\/\\\/elprogresivo.mx\\\/index.php\\\/category\\\/opinion\\\/#listItem\",\"name\":\"Opini\\u00f3n\"}}]},{\"@type\":\"Organization\",\"@id\":\"https:\\\/\\\/elprogresivo.mx\\\/#organization\",\"name\":\"elprogresivo.mx\",\"description\":\"Construimos una nueva etapa en informaci\\u00f3n\",\"url\":\"https:\\\/\\\/elprogresivo.mx\\\/\",\"logo\":{\"@type\":\"ImageObject\",\"url\":\"https:\\\/\\\/elprogresivo.mx\\\/wp-content\\\/uploads\\\/2024\\\/02\\\/cropped-LogoBlanco.png\",\"@id\":\"https:\\\/\\\/elprogresivo.mx\\\/index.php\\\/2026\\\/09\\\/03\\\/el-cirque-du-soleil-aterriza-en-queretaro-y-la-santa-cecilia-cierra-la-semana\\\/#organizationLogo\",\"width\":2096,\"height\":332},\"image\":{\"@id\":\"https:\\\/\\\/elprogresivo.mx\\\/index.php\\\/2026\\\/09\\\/03\\\/el-cirque-du-soleil-aterriza-en-queretaro-y-la-santa-cecilia-cierra-la-semana\\\/#organizationLogo\"}},{\"@type\":\"Person\",\"@id\":\"https:\\\/\\\/elprogresivo.mx\\\/index.php\\\/author\\\/elprogresivo-mx\\\/#author\",\"url\":\"https:\\\/\\\/elprogresivo.mx\\\/index.php\\\/author\\\/elprogresivo-mx\\\/\",\"name\":\"elprogresivo.mx\",\"image\":{\"@type\":\"ImageObject\",\"@id\":\"https:\\\/\\\/elprogresivo.mx\\\/index.php\\\/2026\\\/09\\\/03\\\/el-cirque-du-soleil-aterriza-en-queretaro-y-la-santa-cecilia-cierra-la-semana\\\/#authorImage\",\"url\":\"https:\\\/\\\/secure.gravatar.com\\\/avatar\\\/f8f619b2b94bf196501220695d5a6b8552763754143ed0ab1cf99ef065ae37cf?s=96&d=mm&r=g\",\"width\":96,\"height\":96,\"caption\":\"elprogresivo.mx\"}},{\"@type\":\"WebPage\",\"@id\":\"https:\\\/\\\/elprogresivo.mx\\\/index.php\\\/2026\\\/09\\\/03\\\/el-cirque-du-soleil-aterriza-en-queretaro-y-la-santa-cecilia-cierra-la-semana\\\/#webpage\",\"url\":\"https:\\\/\\\/elprogresivo.mx\\\/index.php\\\/2026\\\/09\\\/03\\\/el-cirque-du-soleil-aterriza-en-queretaro-y-la-santa-cecilia-cierra-la-semana\\\/\",\"name\":\"El Cirque du Soleil aterriza en Quer\\u00e9taro y La Santa Cecilia cierra la semana - elprogresivo.mx\",\"description\":\"JUEVES 3 | EL EVENTO DEL MES El Cirque du Soleil llega por primera vez al estado de Quer\\u00e9taro con su espect\\u00e1culo Echo, y lo hace instalando su Gran Carpa Soleil en el Aut\\u00f3dromo. Echo narra la historia de una ni\\u00f1a llamada Future y su perro Ewai, que se adentran en una aventura por un mundo misterioso construido\",\"inLanguage\":\"es-MX\",\"isPartOf\":{\"@id\":\"https:\\\/\\\/elprogresivo.mx\\\/#website\"},\"breadcrumb\":{\"@id\":\"https:\\\/\\\/elprogresivo.mx\\\/index.php\\\/2026\\\/09\\\/03\\\/el-cirque-du-soleil-aterriza-en-queretaro-y-la-santa-cecilia-cierra-la-semana\\\/#breadcrumblist\"},\"author\":{\"@id\":\"https:\\\/\\\/elprogresivo.mx\\\/index.php\\\/author\\\/elprogresivo-mx\\\/#author\"},\"creator\":{\"@id\":\"https:\\\/\\\/elprogresivo.mx\\\/index.php\\\/author\\\/elprogresivo-mx\\\/#author\"},\"image\":{\"@type\":\"ImageObject\",\"url\":\"https:\\\/\\\/elprogresivo.mx\\\/wp-content\\\/uploads\\\/2026\\\/04\\\/ChatGPT-Image-Apr-27-2026-04_01_31-PM.png\",\"@id\":\"https:\\\/\\\/elprogresivo.mx\\\/index.php\\\/2026\\\/09\\\/03\\\/el-cirque-du-soleil-aterriza-en-queretaro-y-la-santa-cecilia-cierra-la-semana\\\/#mainImage\",\"width\":1254,\"height\":1254},\"primaryImageOfPage\":{\"@id\":\"https:\\\/\\\/elprogresivo.mx\\\/index.php\\\/2026\\\/09\\\/03\\\/el-cirque-du-soleil-aterriza-en-queretaro-y-la-santa-cecilia-cierra-la-semana\\\/#mainImage\"},\"datePublished\":\"2026-09-03T09:00:00+00:00\",\"dateModified\":\"2026-09-02T19:48:04+00:00\"},{\"@type\":\"WebSite\",\"@id\":\"https:\\\/\\\/elprogresivo.mx\\\/#website\",\"url\":\"https:\\\/\\\/elprogresivo.mx\\\/\",\"name\":\"elprogresivo.mx\",\"description\":\"Construimos una nueva etapa en informaci\\u00f3n\",\"inLanguage\":\"es-MX\",\"publisher\":{\"@id\":\"https:\\\/\\\/elprogresivo.mx\\\/#organization\"}}]}\n\t\t<\/script>\n\t\t<!-- All in One SEO -->\n\n","aioseo_head_json":{"title":"El Cirque du Soleil aterriza en Quer\u00e9taro y La Santa Cecilia cierra la semana - elprogresivo.mx","description":"JUEVES 3 | EL EVENTO DEL MES El Cirque du Soleil llega por primera vez al estado de Quer\u00e9taro con su espect\u00e1culo Echo, y lo hace instalando su Gran Carpa Soleil en el Aut\u00f3dromo. Echo narra la historia de una ni\u00f1a llamada Future y su perro Ewai, que se adentran en una aventura por un mundo misterioso construido","canonical_url":"https:\/\/elprogresivo.mx\/index.php\/2026\/09\/03\/el-cirque-du-soleil-aterriza-en-queretaro-y-la-santa-cecilia-cierra-la-semana\/","robots":"max-image-preview:large","keywords":"","webmasterTools":{"miscellaneous":""},"schema":{"@context":"https:\/\/schema.org","@graph":[{"@type":"BlogPosting","@id":"https:\/\/elprogresivo.mx\/index.php\/2026\/09\/03\/el-cirque-du-soleil-aterriza-en-queretaro-y-la-santa-cecilia-cierra-la-semana\/#blogposting","name":"El Cirque du Soleil aterriza en Quer\u00e9taro y La Santa Cecilia cierra la semana - elprogresivo.mx","headline":"El Cirque du Soleil aterriza en Quer\u00e9taro y La Santa Cecilia cierra la semana","author":{"@id":"https:\/\/elprogresivo.mx\/index.php\/author\/elprogresivo-mx\/#author"},"publisher":{"@id":"https:\/\/elprogresivo.mx\/#organization"},"image":{"@type":"ImageObject","url":"https:\/\/elprogresivo.mx\/wp-content\/uploads\/2026\/04\/ChatGPT-Image-Apr-27-2026-04_01_31-PM.png","width":1254,"height":1254},"datePublished":"2026-09-03T09:00:00+00:00","dateModified":"2026-09-02T19:48:04+00:00","inLanguage":"es-MX","mainEntityOfPage":{"@id":"https:\/\/elprogresivo.mx\/index.php\/2026\/09\/03\/el-cirque-du-soleil-aterriza-en-queretaro-y-la-santa-cecilia-cierra-la-semana\/#webpage"},"isPartOf":{"@id":"https:\/\/elprogresivo.mx\/index.php\/2026\/09\/03\/el-cirque-du-soleil-aterriza-en-queretaro-y-la-santa-cecilia-cierra-la-semana\/#webpage"},"articleSection":"Opini\u00f3n"},{"@type":"BreadcrumbList","@id":"https:\/\/elprogresivo.mx\/index.php\/2026\/09\/03\/el-cirque-du-soleil-aterriza-en-queretaro-y-la-santa-cecilia-cierra-la-semana\/#breadcrumblist","itemListElement":[{"@type":"ListItem","@id":"https:\/\/elprogresivo.mx#listItem","position":1,"name":"Home","item":"https:\/\/elprogresivo.mx","nextItem":{"@type":"ListItem","@id":"https:\/\/elprogresivo.mx\/index.php\/category\/opinion\/#listItem","name":"Opini\u00f3n"}},{"@type":"ListItem","@id":"https:\/\/elprogresivo.mx\/index.php\/category\/opinion\/#listItem","position":2,"name":"Opini\u00f3n","item":"https:\/\/elprogresivo.mx\/index.php\/category\/opinion\/","nextItem":{"@type":"ListItem","@id":"https:\/\/elprogresivo.mx\/index.php\/2026\/09\/03\/el-cirque-du-soleil-aterriza-en-queretaro-y-la-santa-cecilia-cierra-la-semana\/#listItem","name":"El Cirque du Soleil aterriza en Quer\u00e9taro y La Santa Cecilia cierra la semana"},"previousItem":{"@type":"ListItem","@id":"https:\/\/elprogresivo.mx#listItem","name":"Home"}},{"@type":"ListItem","@id":"https:\/\/elprogresivo.mx\/index.php\/2026\/09\/03\/el-cirque-du-soleil-aterriza-en-queretaro-y-la-santa-cecilia-cierra-la-semana\/#listItem","position":3,"name":"El Cirque du Soleil aterriza en Quer\u00e9taro y La Santa Cecilia cierra la semana","previousItem":{"@type":"ListItem","@id":"https:\/\/elprogresivo.mx\/index.php\/category\/opinion\/#listItem","name":"Opini\u00f3n"}}]},{"@type":"Organization","@id":"https:\/\/elprogresivo.mx\/#organization","name":"elprogresivo.mx","description":"Construimos una nueva etapa en informaci\u00f3n","url":"https:\/\/elprogresivo.mx\/","logo":{"@type":"ImageObject","url":"https:\/\/elprogresivo.mx\/wp-content\/uploads\/2024\/02\/cropped-LogoBlanco.png","@id":"https:\/\/elprogresivo.mx\/index.php\/2026\/09\/03\/el-cirque-du-soleil-aterriza-en-queretaro-y-la-santa-cecilia-cierra-la-semana\/#organizationLogo","width":2096,"height":332},"image":{"@id":"https:\/\/elprogresivo.mx\/index.php\/2026\/09\/03\/el-cirque-du-soleil-aterriza-en-queretaro-y-la-santa-cecilia-cierra-la-semana\/#organizationLogo"}},{"@type":"Person","@id":"https:\/\/elprogresivo.mx\/index.php\/author\/elprogresivo-mx\/#author","url":"https:\/\/elprogresivo.mx\/index.php\/author\/elprogresivo-mx\/","name":"elprogresivo.mx","image":{"@type":"ImageObject","@id":"https:\/\/elprogresivo.mx\/index.php\/2026\/09\/03\/el-cirque-du-soleil-aterriza-en-queretaro-y-la-santa-cecilia-cierra-la-semana\/#authorImage","url":"https:\/\/secure.gravatar.com\/avatar\/f8f619b2b94bf196501220695d5a6b8552763754143ed0ab1cf99ef065ae37cf?s=96&d=mm&r=g","width":96,"height":96,"caption":"elprogresivo.mx"}},{"@type":"WebPage","@id":"https:\/\/elprogresivo.mx\/index.php\/2026\/09\/03\/el-cirque-du-soleil-aterriza-en-queretaro-y-la-santa-cecilia-cierra-la-semana\/#webpage","url":"https:\/\/elprogresivo.mx\/index.php\/2026\/09\/03\/el-cirque-du-soleil-aterriza-en-queretaro-y-la-santa-cecilia-cierra-la-semana\/","name":"El Cirque du Soleil aterriza en Quer\u00e9taro y La Santa Cecilia cierra la semana - elprogresivo.mx","description":"JUEVES 3 | EL EVENTO DEL MES El Cirque du Soleil llega por primera vez al estado de Quer\u00e9taro con su espect\u00e1culo Echo, y lo hace instalando su Gran Carpa Soleil en el Aut\u00f3dromo. Echo narra la historia de una ni\u00f1a llamada Future y su perro Ewai, que se adentran en una aventura por un mundo misterioso construido","inLanguage":"es-MX","isPartOf":{"@id":"https:\/\/elprogresivo.mx\/#website"},"breadcrumb":{"@id":"https:\/\/elprogresivo.mx\/index.php\/2026\/09\/03\/el-cirque-du-soleil-aterriza-en-queretaro-y-la-santa-cecilia-cierra-la-semana\/#breadcrumblist"},"author":{"@id":"https:\/\/elprogresivo.mx\/index.php\/author\/elprogresivo-mx\/#author"},"creator":{"@id":"https:\/\/elprogresivo.mx\/index.php\/author\/elprogresivo-mx\/#author"},"image":{"@type":"ImageObject","url":"https:\/\/elprogresivo.mx\/wp-content\/uploads\/2026\/04\/ChatGPT-Image-Apr-27-2026-04_01_31-PM.png","@id":"https:\/\/elprogresivo.mx\/index.php\/2026\/09\/03\/el-cirque-du-soleil-aterriza-en-queretaro-y-la-santa-cecilia-cierra-la-semana\/#mainImage","width":1254,"height":1254},"primaryImageOfPage":{"@id":"https:\/\/elprogresivo.mx\/index.php\/2026\/09\/03\/el-cirque-du-soleil-aterriza-en-queretaro-y-la-santa-cecilia-cierra-la-semana\/#mainImage"},"datePublished":"2026-09-03T09:00:00+00:00","dateModified":"2026-09-02T19:48:04+00:00"},{"@type":"WebSite","@id":"https:\/\/elprogresivo.mx\/#website","url":"https:\/\/elprogresivo.mx\/","name":"elprogresivo.mx","description":"Construimos una nueva etapa en informaci\u00f3n","inLanguage":"es-MX","publisher":{"@id":"https:\/\/elprogresivo.mx\/#organization"}}]},"og:locale":"es_MX","og:site_name":"elprogresivo.mx - Construimos una nueva etapa en informaci\u00f3n","og:type":"article","og:title":"El Cirque du Soleil aterriza en Quer\u00e9taro y La Santa Cecilia cierra la semana - elprogresivo.mx","og:description":"JUEVES 3 | EL EVENTO DEL MES El Cirque du Soleil llega por primera vez al estado de Quer\u00e9taro con su espect\u00e1culo Echo, y lo hace instalando su Gran Carpa Soleil en el Aut\u00f3dromo. Echo narra la historia de una ni\u00f1a llamada Future y su perro Ewai, que se adentran en una aventura por un mundo misterioso construido","og:url":"https:\/\/elprogresivo.mx\/index.php\/2026\/09\/03\/el-cirque-du-soleil-aterriza-en-queretaro-y-la-santa-cecilia-cierra-la-semana\/","og:image":"https:\/\/elprogresivo.mx\/wp-content\/uploads\/2024\/02\/cropped-LogoBlanco.png","og:image:secure_url":"https:\/\/elprogresivo.mx\/wp-content\/uploads\/2024\/02\/cropped-LogoBlanco.png","article:published_time":"2026-09-03T09:00:00+00:00","article:modified_time":"2026-09-02T19:48:04+00:00","twitter:card":"summary_large_image","twitter:title":"El Cirque du Soleil aterriza en Quer\u00e9taro y La Santa Cecilia cierra la semana - elprogresivo.mx","twitter:description":"JUEVES 3 | EL EVENTO DEL MES El Cirque du Soleil llega por primera vez al estado de Quer\u00e9taro con su espect\u00e1culo Echo, y lo hace instalando su Gran Carpa Soleil en el Aut\u00f3dromo. Echo narra la historia de una ni\u00f1a llamada Future y su perro Ewai, que se adentran en una aventura por un mundo misterioso construido","twitter:image":"https:\/\/elprogresivo.mx\/wp-content\/uploads\/2024\/02\/cropped-LogoBlanco.png"},"aioseo_meta_data":{"post_id":"5000","title":null,"description":null,"keywords":null,"keyphrases":{"focus":{"keyphrase":"","score":0,"analysis":{"keyphraseInTitle":{"score":0,"maxScore":9,"error":1}}},"additional":[]},"primary_term":null,"canonical_url":null,"og_title":null,"og_description":null,"og_object_type":"default","og_image_type":"default","og_image_url":null,"og_image_width":null,"og_image_height":null,"og_image_custom_url":null,"og_image_custom_fields":null,"og_video":"","og_custom_url":null,"og_article_section":null,"og_article_tags":null,"twitter_use_og":false,"twitter_card":"default","twitter_image_type":"default","twitter_image_url":null,"twitter_image_custom_url":null,"twitter_image_custom_fields":null,"twitter_title":null,"twitter_description":null,"schema":{"blockGraphs":[],"customGraphs":[],"default":{"data":{"Article":[],"Course":[],"Dataset":[],"FAQPage":[],"Movie":[],"Person":[],"Product":[],"ProductReview":[],"Car":[],"Recipe":[],"Service":[],"SoftwareApplication":[],"WebPage":[]},"graphName":"BlogPosting","isEnabled":true},"graphs":[]},"schema_type":"default","schema_type_options":null,"pillar_content":false,"robots_default":true,"robots_noindex":false,"robots_noarchive":false,"robots_nosnippet":false,"robots_nofollow":false,"robots_noimageindex":false,"robots_noodp":false,"robots_notranslate":false,"robots_max_snippet":"-1","robots_max_videopreview":"-1","robots_max_imagepreview":"large","priority":null,"frequency":"default","local_seo":null,"limit_modified_date":false,"created":"2026-09-02 19:48:04","updated":"2026-09-03 09:56:05","ai":{"faqs":[],"keyPoints":[],"schemas":[],"titles":[],"descriptions":[],"socialPosts":{"email":{"subject":"","preview":"","content":""},"linkedin":[],"twitter":[],"facebook":[],"instagram":[]}},"breadcrumb_settings":null,"seo_analyzer_scan_date":null,"focus_keyword":null,"additional_keywords":null,"truseo_locale":null},"aioseo_breadcrumb":"<div class=\"aioseo-breadcrumbs\"><span class=\"aioseo-breadcrumb\">\n\t\t\t<a href=\"https:\/\/elprogresivo.mx\" title=\"Home\">Home<\/a>\n\t\t<\/span><span class=\"aioseo-breadcrumb-separator\">&raquo;<\/span><span class=\"aioseo-breadcrumb\">\n\t\t\t<a href=\"https:\/\/elprogresivo.mx\/index.php\/category\/opinion\/\" title=\"Opini\u00f3n\">Opini\u00f3n<\/a>\n\t\t<\/span><span class=\"aioseo-breadcrumb-separator\">&raquo;<\/span><span class=\"aioseo-breadcrumb\">\n\t\t\tEl Cirque du Soleil aterriza en Quer\u00e9taro y La Santa Cecilia cierra la semana\n\t\t<\/span><\/div>","aioseo_breadcrumb_json":[{"label":"Home","link":"https:\/\/elprogresivo.mx"},{"label":"Opini\u00f3n","link":"https:\/\/elprogresivo.mx\/index.php\/category\/opinion\/"},{"label":"El Cirque du Soleil aterriza en Quer\u00e9taro y La Santa Cecilia cierra la semana","link":"https:\/\/elprogresivo.mx\/index.php\/2026\/09\/03\/el-cirque-du-soleil-aterriza-en-queretaro-y-la-santa-cecilia-cierra-la-semana\/"}],"jetpack_publicize_connections":[],"_links":{"self":[{"href":"https:\/\/elprogresivo.mx\/index.php\/wp-json\/wp\/v2\/posts\/5000","targetHints":{"allow":["GET"]}}],"collection":[{"href":"https:\/\/elprogresivo.mx\/index.php\/wp-json\/wp\/v2\/posts"}],"about":[{"href":"https:\/\/elprogresivo.mx\/index.php\/wp-json\/wp\/v2\/types\/post"}],"author":[{"embeddable":true,"href":"https:\/\/elprogresivo.mx\/index.php\/wp-json\/wp\/v2\/users\/1"}],"replies":[{"embeddable":true,"href":"https:\/\/elprogresivo.mx\/index.php\/wp-json\/wp\/v2\/comments?post=5000"}],"version-history":[{"count":1,"href":"https:\/\/elprogresivo.mx\/index.php\/wp-json\/wp\/v2\/posts\/5000\/revisions"}],"predecessor-version":[{"id":5001,"href":"https:\/\/elprogresivo.mx\/index.php\/wp-json\/wp\/v2\/posts\/5000\/revisions\/5001"}],"wp:featuredmedia":[{"embeddable":true,"href":"https:\/\/elprogresivo.mx\/index.php\/wp-json\/wp\/v2\/media\/2205"}],"wp:attachment":[{"href":"https:\/\/elprogresivo.mx\/index.php\/wp-json\/wp\/v2\/media?parent=5000"}],"wp:term":[{"taxonomy":"category","embeddable":true,"href":"https:\/\/elprogresivo.mx\/index.php\/wp-json\/wp\/v2\/categories?post=5000"},{"taxonomy":"post_tag","embeddable":true,"href":"https:\/\/elprogresivo.mx\/index.php\/wp-json\/wp\/v2\/tags?post=5000"}],"curies":[{"name":"wp","href":"https:\/\/api.w.org\/{rel}","templated":true}]}}