{"id":4989,"date":"2026-09-02T19:20:44","date_gmt":"2026-09-02T19:20:44","guid":{"rendered":"https:\/\/elprogresivo.mx\/index.php\/2026\/09\/02\/retratos-de-ancianos-en-el-museo-de-arte-de-queretaro\/"},"modified":"2026-09-02T19:20:44","modified_gmt":"2026-09-02T19:20:44","slug":"retratos-de-ancianos-en-el-museo-de-arte-de-queretaro","status":"publish","type":"post","link":"https:\/\/elprogresivo.mx\/index.php\/2026\/09\/02\/retratos-de-ancianos-en-el-museo-de-arte-de-queretaro\/","title":{"rendered":"Retratos de ancianos en el Museo de Arte de Quer\u00e9taro"},"content":{"rendered":"<p>El Museo de Arte de Quer\u00e9taro inaugur\u00f3 la exposici\u00f3n &#8220;Una vida en la mirada&#8221;, de la artista espa\u00f1ola Soledad Burgaleta. La muestra pone frente al p\u00fablico a adultos mayores que suelen pasar desapercibidos en las calles. Burgaleta, residente en M\u00e9xico hace m\u00e1s de veinte a\u00f1os, retrata a personas que venden artesan\u00edas o piden apoyo. Sus obras capturan rostros marcados por el tiempo y la intemperie.<\/p>\n<p>El proyecto naci\u00f3 con fotograf\u00edas tomadas durante a\u00f1os de encuentros con personas de la tercera edad. Posteriormente, la artista transform\u00f3 esas im\u00e1genes en pict\u00f3ricas. Utiliza l\u00e1pices de colores sobre p\u00e1ginas de antiguas novelas rom\u00e1nticas. Sobre textos que prometen finales felices, Burgaleta dibuja vidas reales llenas de dignidad, cansancio y supervivencia.<\/p>\n<p>Cada retrato busca que el espectador mire con respeto, no con compasi\u00f3n distante. La vejez no se muestra como una p\u00e9rdida, sino como memoria viva. La exposici\u00f3n devuelve presencia a quienes han sido olvidados. Burgaleta dej\u00f3 la alta direcci\u00f3n para usar el arte como puente entre quien observa y quien ha sido ignorado.<\/p>\n<p>La entrada es libre. Se puede visitar de martes a domingo, de 10:00 a 18:00 horas. El museo est\u00e1 en la calle Ignacio Allende Sur n\u00famero 14, en el Centro Hist\u00f3rico de Quer\u00e9taro.<\/p>\n","protected":false},"excerpt":{"rendered":"<p>El Museo de Arte de Quer\u00e9taro inaugur\u00f3 la exposici\u00f3n &#8220;Una vida en la mirada&#8221;, de&#8230;<\/p>\n","protected":false},"author":5,"featured_media":4988,"comment_status":"open","ping_status":"open","sticky":false,"template":"","format":"standard","meta":{"om_disable_all_campaigns":false,"_monsterinsights_skip_tracking":false,"footnotes":"","jetpack_publicize_message":"","jetpack_publicize_feature_enabled":true,"jetpack_social_post_already_shared":true,"jetpack_social_options":{"image_generator_settings":{"template":"highway","default_image_id":0,"font":"","enabled":false},"version":2}},"categories":[1],"tags":[2066,3297,104,3269],"class_list":["post-4989","post","type-post","status-publish","format-standard","has-post-thumbnail","hentry","category-blog","tag-arte","tag-exposicion","tag-museo-de-arte-de-queretaro","tag-soledad-burgaleta"],"aioseo_notices":[],"aioseo_head":"\n\t\t<!-- All in One SEO 5.0.1.1 - aioseo.com -->\n\t<meta name=\"description\" content=\"El Museo de Arte de Quer\u00e9taro inaugur\u00f3 la exposici\u00f3n &quot;Una vida en la mirada&quot;, de la artista espa\u00f1ola Soledad Burgaleta. La muestra pone frente al p\u00fablico a adultos mayores que suelen pasar desapercibidos en las calles. Burgaleta, residente en M\u00e9xico hace m\u00e1s de veinte a\u00f1os, retrata a personas que venden artesan\u00edas o piden apoyo. Sus\" \/>\n\t<meta name=\"robots\" content=\"max-image-preview:large\" \/>\n\t<meta name=\"author\" content=\"Staff\"\/>\n\t<link rel=\"canonical\" href=\"https:\/\/elprogresivo.mx\/index.php\/2026\/09\/02\/retratos-de-ancianos-en-el-museo-de-arte-de-queretaro\/\" \/>\n\t<meta name=\"generator\" content=\"All in One SEO (AIOSEO) 5.0.1.1\" \/>\n\t\t<meta property=\"og:locale\" content=\"es_MX\" \/>\n\t\t<meta property=\"og:site_name\" content=\"elprogresivo.mx - Construimos una nueva etapa en informaci\u00f3n\" \/>\n\t\t<meta property=\"og:type\" content=\"article\" \/>\n\t\t<meta property=\"og:title\" content=\"Retratos de ancianos en el Museo de Arte de Quer\u00e9taro - elprogresivo.mx\" \/>\n\t\t<meta property=\"og:description\" content=\"El Museo de Arte de Quer\u00e9taro inaugur\u00f3 la exposici\u00f3n &quot;Una vida en la mirada&quot;, de la artista espa\u00f1ola Soledad Burgaleta. La muestra pone frente al p\u00fablico a adultos mayores que suelen pasar desapercibidos en las calles. Burgaleta, residente en M\u00e9xico hace m\u00e1s de veinte a\u00f1os, retrata a personas que venden artesan\u00edas o piden apoyo. Sus\" \/>\n\t\t<meta property=\"og:url\" content=\"https:\/\/elprogresivo.mx\/index.php\/2026\/09\/02\/retratos-de-ancianos-en-el-museo-de-arte-de-queretaro\/\" \/>\n\t\t<meta property=\"og:image\" content=\"https:\/\/elprogresivo.mx\/wp-content\/uploads\/2024\/02\/cropped-LogoBlanco.png\" \/>\n\t\t<meta property=\"og:image:secure_url\" content=\"https:\/\/elprogresivo.mx\/wp-content\/uploads\/2024\/02\/cropped-LogoBlanco.png\" \/>\n\t\t<meta property=\"article:published_time\" content=\"2026-09-02T19:20:44+00:00\" \/>\n\t\t<meta property=\"article:modified_time\" content=\"2026-09-02T19:20:44+00:00\" \/>\n\t\t<meta name=\"twitter:card\" content=\"summary_large_image\" \/>\n\t\t<meta name=\"twitter:title\" content=\"Retratos de ancianos en el Museo de Arte de Quer\u00e9taro - elprogresivo.mx\" \/>\n\t\t<meta name=\"twitter:description\" content=\"El Museo de Arte de Quer\u00e9taro inaugur\u00f3 la exposici\u00f3n &quot;Una vida en la mirada&quot;, de la artista espa\u00f1ola Soledad Burgaleta. La muestra pone frente al p\u00fablico a adultos mayores que suelen pasar desapercibidos en las calles. Burgaleta, residente en M\u00e9xico hace m\u00e1s de veinte a\u00f1os, retrata a personas que venden artesan\u00edas o piden apoyo. Sus\" \/>\n\t\t<meta name=\"twitter:image\" content=\"https:\/\/elprogresivo.mx\/wp-content\/uploads\/2024\/02\/cropped-LogoBlanco.png\" \/>\n\t\t<script type=\"application\/ld+json\" class=\"aioseo-schema\">\n\t\t\t{\"@context\":\"https:\\\/\\\/schema.org\",\"@graph\":[{\"@type\":\"BlogPosting\",\"@id\":\"https:\\\/\\\/elprogresivo.mx\\\/index.php\\\/2026\\\/09\\\/02\\\/retratos-de-ancianos-en-el-museo-de-arte-de-queretaro\\\/#blogposting\",\"name\":\"Retratos de ancianos en el Museo de Arte de Quer\\u00e9taro - elprogresivo.mx\",\"headline\":\"Retratos de ancianos en el Museo de Arte de Quer\\u00e9taro\",\"author\":{\"@id\":\"https:\\\/\\\/elprogresivo.mx\\\/index.php\\\/author\\\/emmanuel-galvan\\\/#author\"},\"publisher\":{\"@id\":\"https:\\\/\\\/elprogresivo.mx\\\/#organization\"},\"image\":{\"@type\":\"ImageObject\",\"url\":\"https:\\\/\\\/elprogresivo.mx\\\/wp-content\\\/uploads\\\/2026\\\/09\\\/noticia_20260902132033.jpg\",\"width\":960,\"height\":1280},\"datePublished\":\"2026-09-02T19:20:44+00:00\",\"dateModified\":\"2026-09-02T19:20:44+00:00\",\"inLanguage\":\"es-MX\",\"mainEntityOfPage\":{\"@id\":\"https:\\\/\\\/elprogresivo.mx\\\/index.php\\\/2026\\\/09\\\/02\\\/retratos-de-ancianos-en-el-museo-de-arte-de-queretaro\\\/#webpage\"},\"isPartOf\":{\"@id\":\"https:\\\/\\\/elprogresivo.mx\\\/index.php\\\/2026\\\/09\\\/02\\\/retratos-de-ancianos-en-el-museo-de-arte-de-queretaro\\\/#webpage\"},\"articleSection\":\"Blog, Arte, Exposici\\u00f3n, Museo de Arte de Quer\\u00e9taro, Soledad Burgaleta\"},{\"@type\":\"BreadcrumbList\",\"@id\":\"https:\\\/\\\/elprogresivo.mx\\\/index.php\\\/2026\\\/09\\\/02\\\/retratos-de-ancianos-en-el-museo-de-arte-de-queretaro\\\/#breadcrumblist\",\"itemListElement\":[{\"@type\":\"ListItem\",\"@id\":\"https:\\\/\\\/elprogresivo.mx#listItem\",\"position\":1,\"name\":\"Home\",\"item\":\"https:\\\/\\\/elprogresivo.mx\",\"nextItem\":{\"@type\":\"ListItem\",\"@id\":\"https:\\\/\\\/elprogresivo.mx\\\/index.php\\\/category\\\/blog\\\/#listItem\",\"name\":\"Blog\"}},{\"@type\":\"ListItem\",\"@id\":\"https:\\\/\\\/elprogresivo.mx\\\/index.php\\\/category\\\/blog\\\/#listItem\",\"position\":2,\"name\":\"Blog\",\"item\":\"https:\\\/\\\/elprogresivo.mx\\\/index.php\\\/category\\\/blog\\\/\",\"nextItem\":{\"@type\":\"ListItem\",\"@id\":\"https:\\\/\\\/elprogresivo.mx\\\/index.php\\\/2026\\\/09\\\/02\\\/retratos-de-ancianos-en-el-museo-de-arte-de-queretaro\\\/#listItem\",\"name\":\"Retratos de ancianos en el Museo de Arte de Quer\\u00e9taro\"},\"previousItem\":{\"@type\":\"ListItem\",\"@id\":\"https:\\\/\\\/elprogresivo.mx#listItem\",\"name\":\"Home\"}},{\"@type\":\"ListItem\",\"@id\":\"https:\\\/\\\/elprogresivo.mx\\\/index.php\\\/2026\\\/09\\\/02\\\/retratos-de-ancianos-en-el-museo-de-arte-de-queretaro\\\/#listItem\",\"position\":3,\"name\":\"Retratos de ancianos en el Museo de Arte de Quer\\u00e9taro\",\"previousItem\":{\"@type\":\"ListItem\",\"@id\":\"https:\\\/\\\/elprogresivo.mx\\\/index.php\\\/category\\\/blog\\\/#listItem\",\"name\":\"Blog\"}}]},{\"@type\":\"Organization\",\"@id\":\"https:\\\/\\\/elprogresivo.mx\\\/#organization\",\"name\":\"elprogresivo.mx\",\"description\":\"Construimos una nueva etapa en informaci\\u00f3n\",\"url\":\"https:\\\/\\\/elprogresivo.mx\\\/\",\"logo\":{\"@type\":\"ImageObject\",\"url\":\"https:\\\/\\\/elprogresivo.mx\\\/wp-content\\\/uploads\\\/2024\\\/02\\\/cropped-LogoBlanco.png\",\"@id\":\"https:\\\/\\\/elprogresivo.mx\\\/index.php\\\/2026\\\/09\\\/02\\\/retratos-de-ancianos-en-el-museo-de-arte-de-queretaro\\\/#organizationLogo\",\"width\":2096,\"height\":332},\"image\":{\"@id\":\"https:\\\/\\\/elprogresivo.mx\\\/index.php\\\/2026\\\/09\\\/02\\\/retratos-de-ancianos-en-el-museo-de-arte-de-queretaro\\\/#organizationLogo\"}},{\"@type\":\"Person\",\"@id\":\"https:\\\/\\\/elprogresivo.mx\\\/index.php\\\/author\\\/emmanuel-galvan\\\/#author\",\"url\":\"https:\\\/\\\/elprogresivo.mx\\\/index.php\\\/author\\\/emmanuel-galvan\\\/\",\"name\":\"Staff\",\"image\":{\"@type\":\"ImageObject\",\"@id\":\"https:\\\/\\\/elprogresivo.mx\\\/index.php\\\/2026\\\/09\\\/02\\\/retratos-de-ancianos-en-el-museo-de-arte-de-queretaro\\\/#authorImage\",\"url\":\"https:\\\/\\\/secure.gravatar.com\\\/avatar\\\/3bb87242634c3adf910515f41e6e392ab758b98c8ee7fd12a54fcb5270441486?s=96&d=mm&r=g\",\"width\":96,\"height\":96,\"caption\":\"Staff\"}},{\"@type\":\"WebPage\",\"@id\":\"https:\\\/\\\/elprogresivo.mx\\\/index.php\\\/2026\\\/09\\\/02\\\/retratos-de-ancianos-en-el-museo-de-arte-de-queretaro\\\/#webpage\",\"url\":\"https:\\\/\\\/elprogresivo.mx\\\/index.php\\\/2026\\\/09\\\/02\\\/retratos-de-ancianos-en-el-museo-de-arte-de-queretaro\\\/\",\"name\":\"Retratos de ancianos en el Museo de Arte de Quer\\u00e9taro - elprogresivo.mx\",\"description\":\"El Museo de Arte de Quer\\u00e9taro inaugur\\u00f3 la exposici\\u00f3n \\\"Una vida en la mirada\\\", de la artista espa\\u00f1ola Soledad Burgaleta. La muestra pone frente al p\\u00fablico a adultos mayores que suelen pasar desapercibidos en las calles. Burgaleta, residente en M\\u00e9xico hace m\\u00e1s de veinte a\\u00f1os, retrata a personas que venden artesan\\u00edas o piden apoyo. Sus\",\"inLanguage\":\"es-MX\",\"isPartOf\":{\"@id\":\"https:\\\/\\\/elprogresivo.mx\\\/#website\"},\"breadcrumb\":{\"@id\":\"https:\\\/\\\/elprogresivo.mx\\\/index.php\\\/2026\\\/09\\\/02\\\/retratos-de-ancianos-en-el-museo-de-arte-de-queretaro\\\/#breadcrumblist\"},\"author\":{\"@id\":\"https:\\\/\\\/elprogresivo.mx\\\/index.php\\\/author\\\/emmanuel-galvan\\\/#author\"},\"creator\":{\"@id\":\"https:\\\/\\\/elprogresivo.mx\\\/index.php\\\/author\\\/emmanuel-galvan\\\/#author\"},\"image\":{\"@type\":\"ImageObject\",\"url\":\"https:\\\/\\\/elprogresivo.mx\\\/wp-content\\\/uploads\\\/2026\\\/09\\\/noticia_20260902132033.jpg\",\"@id\":\"https:\\\/\\\/elprogresivo.mx\\\/index.php\\\/2026\\\/09\\\/02\\\/retratos-de-ancianos-en-el-museo-de-arte-de-queretaro\\\/#mainImage\",\"width\":960,\"height\":1280},\"primaryImageOfPage\":{\"@id\":\"https:\\\/\\\/elprogresivo.mx\\\/index.php\\\/2026\\\/09\\\/02\\\/retratos-de-ancianos-en-el-museo-de-arte-de-queretaro\\\/#mainImage\"},\"datePublished\":\"2026-09-02T19:20:44+00:00\",\"dateModified\":\"2026-09-02T19:20:44+00:00\"},{\"@type\":\"WebSite\",\"@id\":\"https:\\\/\\\/elprogresivo.mx\\\/#website\",\"url\":\"https:\\\/\\\/elprogresivo.mx\\\/\",\"name\":\"elprogresivo.mx\",\"description\":\"Construimos una nueva etapa en informaci\\u00f3n\",\"inLanguage\":\"es-MX\",\"publisher\":{\"@id\":\"https:\\\/\\\/elprogresivo.mx\\\/#organization\"}}]}\n\t\t<\/script>\n\t\t<!-- All in One SEO -->\n\n","aioseo_head_json":{"title":"Retratos de ancianos en el Museo de Arte de Quer\u00e9taro - elprogresivo.mx","description":"El Museo de Arte de Quer\u00e9taro inaugur\u00f3 la exposici\u00f3n \"Una vida en la mirada\", de la artista espa\u00f1ola Soledad Burgaleta. La muestra pone frente al p\u00fablico a adultos mayores que suelen pasar desapercibidos en las calles. Burgaleta, residente en M\u00e9xico hace m\u00e1s de veinte a\u00f1os, retrata a personas que venden artesan\u00edas o piden apoyo. Sus","canonical_url":"https:\/\/elprogresivo.mx\/index.php\/2026\/09\/02\/retratos-de-ancianos-en-el-museo-de-arte-de-queretaro\/","robots":"max-image-preview:large","keywords":"","webmasterTools":{"miscellaneous":""},"schema":{"@context":"https:\/\/schema.org","@graph":[{"@type":"BlogPosting","@id":"https:\/\/elprogresivo.mx\/index.php\/2026\/09\/02\/retratos-de-ancianos-en-el-museo-de-arte-de-queretaro\/#blogposting","name":"Retratos de ancianos en el Museo de Arte de Quer\u00e9taro - elprogresivo.mx","headline":"Retratos de ancianos en el Museo de Arte de Quer\u00e9taro","author":{"@id":"https:\/\/elprogresivo.mx\/index.php\/author\/emmanuel-galvan\/#author"},"publisher":{"@id":"https:\/\/elprogresivo.mx\/#organization"},"image":{"@type":"ImageObject","url":"https:\/\/elprogresivo.mx\/wp-content\/uploads\/2026\/09\/noticia_20260902132033.jpg","width":960,"height":1280},"datePublished":"2026-09-02T19:20:44+00:00","dateModified":"2026-09-02T19:20:44+00:00","inLanguage":"es-MX","mainEntityOfPage":{"@id":"https:\/\/elprogresivo.mx\/index.php\/2026\/09\/02\/retratos-de-ancianos-en-el-museo-de-arte-de-queretaro\/#webpage"},"isPartOf":{"@id":"https:\/\/elprogresivo.mx\/index.php\/2026\/09\/02\/retratos-de-ancianos-en-el-museo-de-arte-de-queretaro\/#webpage"},"articleSection":"Blog, Arte, Exposici\u00f3n, Museo de Arte de Quer\u00e9taro, Soledad Burgaleta"},{"@type":"BreadcrumbList","@id":"https:\/\/elprogresivo.mx\/index.php\/2026\/09\/02\/retratos-de-ancianos-en-el-museo-de-arte-de-queretaro\/#breadcrumblist","itemListElement":[{"@type":"ListItem","@id":"https:\/\/elprogresivo.mx#listItem","position":1,"name":"Home","item":"https:\/\/elprogresivo.mx","nextItem":{"@type":"ListItem","@id":"https:\/\/elprogresivo.mx\/index.php\/category\/blog\/#listItem","name":"Blog"}},{"@type":"ListItem","@id":"https:\/\/elprogresivo.mx\/index.php\/category\/blog\/#listItem","position":2,"name":"Blog","item":"https:\/\/elprogresivo.mx\/index.php\/category\/blog\/","nextItem":{"@type":"ListItem","@id":"https:\/\/elprogresivo.mx\/index.php\/2026\/09\/02\/retratos-de-ancianos-en-el-museo-de-arte-de-queretaro\/#listItem","name":"Retratos de ancianos en el Museo de Arte de Quer\u00e9taro"},"previousItem":{"@type":"ListItem","@id":"https:\/\/elprogresivo.mx#listItem","name":"Home"}},{"@type":"ListItem","@id":"https:\/\/elprogresivo.mx\/index.php\/2026\/09\/02\/retratos-de-ancianos-en-el-museo-de-arte-de-queretaro\/#listItem","position":3,"name":"Retratos de ancianos en el Museo de Arte de Quer\u00e9taro","previousItem":{"@type":"ListItem","@id":"https:\/\/elprogresivo.mx\/index.php\/category\/blog\/#listItem","name":"Blog"}}]},{"@type":"Organization","@id":"https:\/\/elprogresivo.mx\/#organization","name":"elprogresivo.mx","description":"Construimos una nueva etapa en informaci\u00f3n","url":"https:\/\/elprogresivo.mx\/","logo":{"@type":"ImageObject","url":"https:\/\/elprogresivo.mx\/wp-content\/uploads\/2024\/02\/cropped-LogoBlanco.png","@id":"https:\/\/elprogresivo.mx\/index.php\/2026\/09\/02\/retratos-de-ancianos-en-el-museo-de-arte-de-queretaro\/#organizationLogo","width":2096,"height":332},"image":{"@id":"https:\/\/elprogresivo.mx\/index.php\/2026\/09\/02\/retratos-de-ancianos-en-el-museo-de-arte-de-queretaro\/#organizationLogo"}},{"@type":"Person","@id":"https:\/\/elprogresivo.mx\/index.php\/author\/emmanuel-galvan\/#author","url":"https:\/\/elprogresivo.mx\/index.php\/author\/emmanuel-galvan\/","name":"Staff","image":{"@type":"ImageObject","@id":"https:\/\/elprogresivo.mx\/index.php\/2026\/09\/02\/retratos-de-ancianos-en-el-museo-de-arte-de-queretaro\/#authorImage","url":"https:\/\/secure.gravatar.com\/avatar\/3bb87242634c3adf910515f41e6e392ab758b98c8ee7fd12a54fcb5270441486?s=96&d=mm&r=g","width":96,"height":96,"caption":"Staff"}},{"@type":"WebPage","@id":"https:\/\/elprogresivo.mx\/index.php\/2026\/09\/02\/retratos-de-ancianos-en-el-museo-de-arte-de-queretaro\/#webpage","url":"https:\/\/elprogresivo.mx\/index.php\/2026\/09\/02\/retratos-de-ancianos-en-el-museo-de-arte-de-queretaro\/","name":"Retratos de ancianos en el Museo de Arte de Quer\u00e9taro - elprogresivo.mx","description":"El Museo de Arte de Quer\u00e9taro inaugur\u00f3 la exposici\u00f3n \"Una vida en la mirada\", de la artista espa\u00f1ola Soledad Burgaleta. La muestra pone frente al p\u00fablico a adultos mayores que suelen pasar desapercibidos en las calles. Burgaleta, residente en M\u00e9xico hace m\u00e1s de veinte a\u00f1os, retrata a personas que venden artesan\u00edas o piden apoyo. Sus","inLanguage":"es-MX","isPartOf":{"@id":"https:\/\/elprogresivo.mx\/#website"},"breadcrumb":{"@id":"https:\/\/elprogresivo.mx\/index.php\/2026\/09\/02\/retratos-de-ancianos-en-el-museo-de-arte-de-queretaro\/#breadcrumblist"},"author":{"@id":"https:\/\/elprogresivo.mx\/index.php\/author\/emmanuel-galvan\/#author"},"creator":{"@id":"https:\/\/elprogresivo.mx\/index.php\/author\/emmanuel-galvan\/#author"},"image":{"@type":"ImageObject","url":"https:\/\/elprogresivo.mx\/wp-content\/uploads\/2026\/09\/noticia_20260902132033.jpg","@id":"https:\/\/elprogresivo.mx\/index.php\/2026\/09\/02\/retratos-de-ancianos-en-el-museo-de-arte-de-queretaro\/#mainImage","width":960,"height":1280},"primaryImageOfPage":{"@id":"https:\/\/elprogresivo.mx\/index.php\/2026\/09\/02\/retratos-de-ancianos-en-el-museo-de-arte-de-queretaro\/#mainImage"},"datePublished":"2026-09-02T19:20:44+00:00","dateModified":"2026-09-02T19:20:44+00:00"},{"@type":"WebSite","@id":"https:\/\/elprogresivo.mx\/#website","url":"https:\/\/elprogresivo.mx\/","name":"elprogresivo.mx","description":"Construimos una nueva etapa en informaci\u00f3n","inLanguage":"es-MX","publisher":{"@id":"https:\/\/elprogresivo.mx\/#organization"}}]},"og:locale":"es_MX","og:site_name":"elprogresivo.mx - Construimos una nueva etapa en informaci\u00f3n","og:type":"article","og:title":"Retratos de ancianos en el Museo de Arte de Quer\u00e9taro - elprogresivo.mx","og:description":"El Museo de Arte de Quer\u00e9taro inaugur\u00f3 la exposici\u00f3n &quot;Una vida en la mirada&quot;, de la artista espa\u00f1ola Soledad Burgaleta. La muestra pone frente al p\u00fablico a adultos mayores que suelen pasar desapercibidos en las calles. Burgaleta, residente en M\u00e9xico hace m\u00e1s de veinte a\u00f1os, retrata a personas que venden artesan\u00edas o piden apoyo. Sus","og:url":"https:\/\/elprogresivo.mx\/index.php\/2026\/09\/02\/retratos-de-ancianos-en-el-museo-de-arte-de-queretaro\/","og:image":"https:\/\/elprogresivo.mx\/wp-content\/uploads\/2024\/02\/cropped-LogoBlanco.png","og:image:secure_url":"https:\/\/elprogresivo.mx\/wp-content\/uploads\/2024\/02\/cropped-LogoBlanco.png","article:published_time":"2026-09-02T19:20:44+00:00","article:modified_time":"2026-09-02T19:20:44+00:00","twitter:card":"summary_large_image","twitter:title":"Retratos de ancianos en el Museo de Arte de Quer\u00e9taro - elprogresivo.mx","twitter:description":"El Museo de Arte de Quer\u00e9taro inaugur\u00f3 la exposici\u00f3n &quot;Una vida en la mirada&quot;, de la artista espa\u00f1ola Soledad Burgaleta. La muestra pone frente al p\u00fablico a adultos mayores que suelen pasar desapercibidos en las calles. Burgaleta, residente en M\u00e9xico hace m\u00e1s de veinte a\u00f1os, retrata a personas que venden artesan\u00edas o piden apoyo. Sus","twitter:image":"https:\/\/elprogresivo.mx\/wp-content\/uploads\/2024\/02\/cropped-LogoBlanco.png"},"aioseo_meta_data":{"post_id":"4989","title":null,"description":null,"keywords":null,"keyphrases":{"focus":[],"additional":[]},"primary_term":null,"canonical_url":null,"og_title":null,"og_description":null,"og_object_type":"default","og_image_type":"default","og_image_url":null,"og_image_width":null,"og_image_height":null,"og_image_custom_url":null,"og_image_custom_fields":null,"og_video":null,"og_custom_url":null,"og_article_section":null,"og_article_tags":null,"twitter_use_og":false,"twitter_card":"default","twitter_image_type":"default","twitter_image_url":null,"twitter_image_custom_url":null,"twitter_image_custom_fields":null,"twitter_title":null,"twitter_description":null,"schema":{"blockGraphs":[],"customGraphs":[],"default":{"data":{"Article":[],"Course":[],"Dataset":[],"FAQPage":[],"Movie":[],"Person":[],"Product":[],"ProductReview":[],"Car":[],"Recipe":[],"Service":[],"SoftwareApplication":[],"WebPage":[]},"graphName":"","isEnabled":true},"graphs":[]},"schema_type":"default","schema_type_options":null,"pillar_content":false,"robots_default":true,"robots_noindex":false,"robots_noarchive":false,"robots_nosnippet":false,"robots_nofollow":false,"robots_noimageindex":false,"robots_noodp":false,"robots_notranslate":false,"robots_max_snippet":null,"robots_max_videopreview":null,"robots_max_imagepreview":"large","priority":null,"frequency":null,"local_seo":null,"limit_modified_date":false,"created":"2026-09-02 19:33:01","updated":"2026-09-02 19:37:56","ai":null,"breadcrumb_settings":null,"seo_analyzer_scan_date":null,"focus_keyword":null,"additional_keywords":null,"truseo_locale":null},"aioseo_breadcrumb":"<div class=\"aioseo-breadcrumbs\"><span class=\"aioseo-breadcrumb\">\n\t\t\t<a href=\"https:\/\/elprogresivo.mx\" title=\"Home\">Home<\/a>\n\t\t<\/span><span class=\"aioseo-breadcrumb-separator\">&raquo;<\/span><span class=\"aioseo-breadcrumb\">\n\t\t\t<a href=\"https:\/\/elprogresivo.mx\/index.php\/category\/blog\/\" title=\"Blog\">Blog<\/a>\n\t\t<\/span><span class=\"aioseo-breadcrumb-separator\">&raquo;<\/span><span class=\"aioseo-breadcrumb\">\n\t\t\tRetratos de ancianos en el Museo de Arte de Quer\u00e9taro\n\t\t<\/span><\/div>","aioseo_breadcrumb_json":[{"label":"Home","link":"https:\/\/elprogresivo.mx"},{"label":"Blog","link":"https:\/\/elprogresivo.mx\/index.php\/category\/blog\/"},{"label":"Retratos de ancianos en el Museo de Arte de Quer\u00e9taro","link":"https:\/\/elprogresivo.mx\/index.php\/2026\/09\/02\/retratos-de-ancianos-en-el-museo-de-arte-de-queretaro\/"}],"jetpack_publicize_connections":[],"_links":{"self":[{"href":"https:\/\/elprogresivo.mx\/index.php\/wp-json\/wp\/v2\/posts\/4989","targetHints":{"allow":["GET"]}}],"collection":[{"href":"https:\/\/elprogresivo.mx\/index.php\/wp-json\/wp\/v2\/posts"}],"about":[{"href":"https:\/\/elprogresivo.mx\/index.php\/wp-json\/wp\/v2\/types\/post"}],"author":[{"embeddable":true,"href":"https:\/\/elprogresivo.mx\/index.php\/wp-json\/wp\/v2\/users\/5"}],"replies":[{"embeddable":true,"href":"https:\/\/elprogresivo.mx\/index.php\/wp-json\/wp\/v2\/comments?post=4989"}],"version-history":[{"count":0,"href":"https:\/\/elprogresivo.mx\/index.php\/wp-json\/wp\/v2\/posts\/4989\/revisions"}],"wp:featuredmedia":[{"embeddable":true,"href":"https:\/\/elprogresivo.mx\/index.php\/wp-json\/wp\/v2\/media\/4988"}],"wp:attachment":[{"href":"https:\/\/elprogresivo.mx\/index.php\/wp-json\/wp\/v2\/media?parent=4989"}],"wp:term":[{"taxonomy":"category","embeddable":true,"href":"https:\/\/elprogresivo.mx\/index.php\/wp-json\/wp\/v2\/categories?post=4989"},{"taxonomy":"post_tag","embeddable":true,"href":"https:\/\/elprogresivo.mx\/index.php\/wp-json\/wp\/v2\/tags?post=4989"}],"curies":[{"name":"wp","href":"https:\/\/api.w.org\/{rel}","templated":true}]}}