{"id":4987,"date":"2026-09-02T19:20:25","date_gmt":"2026-09-02T19:20:25","guid":{"rendered":"https:\/\/elprogresivo.mx\/index.php\/2026\/09\/02\/queretaro-capacita-a-su-gabinete-en-igualdad-de-genero\/"},"modified":"2026-09-02T19:20:25","modified_gmt":"2026-09-02T19:20:25","slug":"queretaro-capacita-a-su-gabinete-en-igualdad-de-genero","status":"publish","type":"post","link":"https:\/\/elprogresivo.mx\/index.php\/2026\/09\/02\/queretaro-capacita-a-su-gabinete-en-igualdad-de-genero\/","title":{"rendered":"Quer\u00e9taro capacita a su gabinete en igualdad de g\u00e9nero"},"content":{"rendered":"<p>La igualdad debe guiar cada decisi\u00f3n que tome el gobierno, afirm\u00f3 la acad\u00e9mica Rosa Cobo Bed\u00eda. As\u00ed lo dej\u00f3 claro en la conferencia &#8220;Construir igualdad: feminismo, ciudadan\u00eda y pol\u00edticas p\u00fablicas&#8221;, organizada por la Secretar\u00eda de las Mujeres de Quer\u00e9taro.<\/p>\n<p>Rosa Cobo Bed\u00eda no dej\u00f3 lugar a dudas: &#8220;No hay pol\u00edticas p\u00fablicas sin el principio de igualdad. Si una pol\u00edtica p\u00fablica no est\u00e1 al servicio de la igualdad, es una mala pol\u00edtica p\u00fablica. La igualdad tiene que estar en el centro de las decisiones p\u00fablicas, porque no solamente es un principio \u00e9tico y pol\u00edtico, sino una condici\u00f3n necesaria para construir sociedades m\u00e1s justas y m\u00e1s humanas&#8221;.<\/p>\n<p>Ante legisladoras, feministas y funcionarios del gobierno estatal, la acad\u00e9mica puso dos condiciones para lograr la igualdad en este siglo. Primero, que exista un movimiento feminista fuerte y capaz de movilizar a la gente. Segundo, que las autoridades est\u00e9n dispuestas a escuchar sus demandas.<\/p>\n<p>Cobo Bed\u00eda insisti\u00f3 en que la igualdad humaniza a la sociedad. Por eso, llam\u00f3 a cambiar la forma en que se ve la pol\u00edtica, poniendo la redistribuci\u00f3n y la justicia en el centro.<\/p>\n<p>Sonia Rocha Acosta, secretaria de las Mujeres, explic\u00f3 que su equipo lleva capacitando a su personal desde el inicio de su gesti\u00f3n. No solo forman a quienes atienden denuncias, sino tambi\u00e9n a quienes dise\u00f1an las leyes.<\/p>\n<p>Rocha Acosta detall\u00f3 los pasos dados: &#8220;Hemos fortalecido la capacitaci\u00f3n de nuestro personal y acercado procesos formativos en derechos humanos, perspectiva de g\u00e9nero e igualdad a instituciones, municipios y sociedad civil. Queremos que el conocimiento se convierta en decisiones, estrategias y mejores pol\u00edticas p\u00fablicas para las mujeres&#8221;.<\/p>\n<p>La secretaria aclar\u00f3 que estos cursos no buscan quedarse en la teor\u00eda. El objetivo es que lo que se aprenda cambie las reglas del juego en la pr\u00e1ctica. Rocha Acosta record\u00f3 que el gobernador Mauricio Kuri Gonz\u00e1lez pone a las mujeres como prioridad. Su tarea, dijo, es convertir esa promesa en acciones concretas.<\/p>\n<p>&#8220;Todo esto forma parte de un objetivo que compartimos: trabajar para que Quer\u00e9taro siga siendo una historia de \u00e9xito, tambi\u00e9n para sus mujeres. Para conseguirlo necesitamos mujeres preparadas, participando, tomando decisiones, construyendo desde todos los espacios y generando pol\u00edticas p\u00fablicas que nos permitan seguir avanzando&#8221;, concluy\u00f3.<\/p>\n","protected":false},"excerpt":{"rendered":"<p>La igualdad debe guiar cada decisi\u00f3n que tome el gobierno, afirm\u00f3 la acad\u00e9mica Rosa Cobo&#8230;<\/p>\n","protected":false},"author":5,"featured_media":4986,"comment_status":"open","ping_status":"open","sticky":false,"template":"","format":"standard","meta":{"om_disable_all_campaigns":false,"_monsterinsights_skip_tracking":false,"footnotes":"","jetpack_publicize_message":"","jetpack_publicize_feature_enabled":true,"jetpack_social_post_already_shared":true,"jetpack_social_options":{"image_generator_settings":{"template":"highway","default_image_id":0,"font":"","enabled":false},"version":2}},"categories":[1,71],"tags":[3296,1204,1661,1134],"class_list":["post-4987","post","type-post","status-publish","format-standard","has-post-thumbnail","hentry","category-blog","category-principal","tag-feminismo","tag-igualdad-de-genero","tag-politicas-publicas","tag-sonia-rocha-acosta"],"aioseo_notices":[],"aioseo_head":"\n\t\t<!-- All in One SEO 5.0.1.1 - aioseo.com -->\n\t<meta name=\"description\" content=\"La igualdad debe guiar cada decisi\u00f3n que tome el gobierno, afirm\u00f3 la acad\u00e9mica Rosa Cobo Bed\u00eda. As\u00ed lo dej\u00f3 claro en la conferencia &quot;Construir igualdad: feminismo, ciudadan\u00eda y pol\u00edticas p\u00fablicas&quot;, organizada por la Secretar\u00eda de las Mujeres de Quer\u00e9taro. Rosa Cobo Bed\u00eda no dej\u00f3 lugar a dudas: &quot;No hay pol\u00edticas p\u00fablicas sin el principio de\" \/>\n\t<meta name=\"robots\" content=\"max-image-preview:large\" \/>\n\t<meta name=\"author\" content=\"Staff\"\/>\n\t<link rel=\"canonical\" href=\"https:\/\/elprogresivo.mx\/index.php\/2026\/09\/02\/queretaro-capacita-a-su-gabinete-en-igualdad-de-genero\/\" \/>\n\t<meta name=\"generator\" content=\"All in One SEO (AIOSEO) 5.0.1.1\" \/>\n\t\t<meta property=\"og:locale\" content=\"es_MX\" \/>\n\t\t<meta property=\"og:site_name\" content=\"elprogresivo.mx - Construimos una nueva etapa en informaci\u00f3n\" \/>\n\t\t<meta property=\"og:type\" content=\"article\" \/>\n\t\t<meta property=\"og:title\" content=\"Quer\u00e9taro capacita a su gabinete en igualdad de g\u00e9nero - elprogresivo.mx\" \/>\n\t\t<meta property=\"og:description\" content=\"La igualdad debe guiar cada decisi\u00f3n que tome el gobierno, afirm\u00f3 la acad\u00e9mica Rosa Cobo Bed\u00eda. As\u00ed lo dej\u00f3 claro en la conferencia &quot;Construir igualdad: feminismo, ciudadan\u00eda y pol\u00edticas p\u00fablicas&quot;, organizada por la Secretar\u00eda de las Mujeres de Quer\u00e9taro. Rosa Cobo Bed\u00eda no dej\u00f3 lugar a dudas: &quot;No hay pol\u00edticas p\u00fablicas sin el principio de\" \/>\n\t\t<meta property=\"og:url\" content=\"https:\/\/elprogresivo.mx\/index.php\/2026\/09\/02\/queretaro-capacita-a-su-gabinete-en-igualdad-de-genero\/\" \/>\n\t\t<meta property=\"og:image\" content=\"https:\/\/elprogresivo.mx\/wp-content\/uploads\/2024\/02\/cropped-LogoBlanco.png\" \/>\n\t\t<meta property=\"og:image:secure_url\" content=\"https:\/\/elprogresivo.mx\/wp-content\/uploads\/2024\/02\/cropped-LogoBlanco.png\" \/>\n\t\t<meta property=\"article:published_time\" content=\"2026-09-02T19:20:25+00:00\" \/>\n\t\t<meta property=\"article:modified_time\" content=\"2026-09-02T19:20:25+00:00\" \/>\n\t\t<meta name=\"twitter:card\" content=\"summary_large_image\" \/>\n\t\t<meta name=\"twitter:title\" content=\"Quer\u00e9taro capacita a su gabinete en igualdad de g\u00e9nero - elprogresivo.mx\" \/>\n\t\t<meta name=\"twitter:description\" content=\"La igualdad debe guiar cada decisi\u00f3n que tome el gobierno, afirm\u00f3 la acad\u00e9mica Rosa Cobo Bed\u00eda. As\u00ed lo dej\u00f3 claro en la conferencia &quot;Construir igualdad: feminismo, ciudadan\u00eda y pol\u00edticas p\u00fablicas&quot;, organizada por la Secretar\u00eda de las Mujeres de Quer\u00e9taro. Rosa Cobo Bed\u00eda no dej\u00f3 lugar a dudas: &quot;No hay pol\u00edticas p\u00fablicas sin el principio de\" \/>\n\t\t<meta name=\"twitter:image\" content=\"https:\/\/elprogresivo.mx\/wp-content\/uploads\/2024\/02\/cropped-LogoBlanco.png\" \/>\n\t\t<script type=\"application\/ld+json\" class=\"aioseo-schema\">\n\t\t\t{\"@context\":\"https:\\\/\\\/schema.org\",\"@graph\":[{\"@type\":\"BlogPosting\",\"@id\":\"https:\\\/\\\/elprogresivo.mx\\\/index.php\\\/2026\\\/09\\\/02\\\/queretaro-capacita-a-su-gabinete-en-igualdad-de-genero\\\/#blogposting\",\"name\":\"Quer\\u00e9taro capacita a su gabinete en igualdad de g\\u00e9nero - elprogresivo.mx\",\"headline\":\"Quer\\u00e9taro capacita a su gabinete en igualdad de g\\u00e9nero\",\"author\":{\"@id\":\"https:\\\/\\\/elprogresivo.mx\\\/index.php\\\/author\\\/emmanuel-galvan\\\/#author\"},\"publisher\":{\"@id\":\"https:\\\/\\\/elprogresivo.mx\\\/#organization\"},\"image\":{\"@type\":\"ImageObject\",\"url\":\"https:\\\/\\\/elprogresivo.mx\\\/wp-content\\\/uploads\\\/2026\\\/09\\\/noticia_20260902132012.jpg\",\"width\":1280,\"height\":854},\"datePublished\":\"2026-09-02T19:20:25+00:00\",\"dateModified\":\"2026-09-02T19:20:25+00:00\",\"inLanguage\":\"es-MX\",\"mainEntityOfPage\":{\"@id\":\"https:\\\/\\\/elprogresivo.mx\\\/index.php\\\/2026\\\/09\\\/02\\\/queretaro-capacita-a-su-gabinete-en-igualdad-de-genero\\\/#webpage\"},\"isPartOf\":{\"@id\":\"https:\\\/\\\/elprogresivo.mx\\\/index.php\\\/2026\\\/09\\\/02\\\/queretaro-capacita-a-su-gabinete-en-igualdad-de-genero\\\/#webpage\"},\"articleSection\":\"Blog, Principal, Feminismo, Igualdad de g\\u00e9nero, pol\\u00edticas p\\u00fablicas, Sonia Rocha Acosta\"},{\"@type\":\"BreadcrumbList\",\"@id\":\"https:\\\/\\\/elprogresivo.mx\\\/index.php\\\/2026\\\/09\\\/02\\\/queretaro-capacita-a-su-gabinete-en-igualdad-de-genero\\\/#breadcrumblist\",\"itemListElement\":[{\"@type\":\"ListItem\",\"@id\":\"https:\\\/\\\/elprogresivo.mx#listItem\",\"position\":1,\"name\":\"Home\",\"item\":\"https:\\\/\\\/elprogresivo.mx\",\"nextItem\":{\"@type\":\"ListItem\",\"@id\":\"https:\\\/\\\/elprogresivo.mx\\\/index.php\\\/category\\\/blog\\\/#listItem\",\"name\":\"Blog\"}},{\"@type\":\"ListItem\",\"@id\":\"https:\\\/\\\/elprogresivo.mx\\\/index.php\\\/category\\\/blog\\\/#listItem\",\"position\":2,\"name\":\"Blog\",\"item\":\"https:\\\/\\\/elprogresivo.mx\\\/index.php\\\/category\\\/blog\\\/\",\"nextItem\":{\"@type\":\"ListItem\",\"@id\":\"https:\\\/\\\/elprogresivo.mx\\\/index.php\\\/2026\\\/09\\\/02\\\/queretaro-capacita-a-su-gabinete-en-igualdad-de-genero\\\/#listItem\",\"name\":\"Quer\\u00e9taro capacita a su gabinete en igualdad de g\\u00e9nero\"},\"previousItem\":{\"@type\":\"ListItem\",\"@id\":\"https:\\\/\\\/elprogresivo.mx#listItem\",\"name\":\"Home\"}},{\"@type\":\"ListItem\",\"@id\":\"https:\\\/\\\/elprogresivo.mx\\\/index.php\\\/2026\\\/09\\\/02\\\/queretaro-capacita-a-su-gabinete-en-igualdad-de-genero\\\/#listItem\",\"position\":3,\"name\":\"Quer\\u00e9taro capacita a su gabinete en igualdad de g\\u00e9nero\",\"previousItem\":{\"@type\":\"ListItem\",\"@id\":\"https:\\\/\\\/elprogresivo.mx\\\/index.php\\\/category\\\/blog\\\/#listItem\",\"name\":\"Blog\"}}]},{\"@type\":\"Organization\",\"@id\":\"https:\\\/\\\/elprogresivo.mx\\\/#organization\",\"name\":\"elprogresivo.mx\",\"description\":\"Construimos una nueva etapa en informaci\\u00f3n\",\"url\":\"https:\\\/\\\/elprogresivo.mx\\\/\",\"logo\":{\"@type\":\"ImageObject\",\"url\":\"https:\\\/\\\/elprogresivo.mx\\\/wp-content\\\/uploads\\\/2024\\\/02\\\/cropped-LogoBlanco.png\",\"@id\":\"https:\\\/\\\/elprogresivo.mx\\\/index.php\\\/2026\\\/09\\\/02\\\/queretaro-capacita-a-su-gabinete-en-igualdad-de-genero\\\/#organizationLogo\",\"width\":2096,\"height\":332},\"image\":{\"@id\":\"https:\\\/\\\/elprogresivo.mx\\\/index.php\\\/2026\\\/09\\\/02\\\/queretaro-capacita-a-su-gabinete-en-igualdad-de-genero\\\/#organizationLogo\"}},{\"@type\":\"Person\",\"@id\":\"https:\\\/\\\/elprogresivo.mx\\\/index.php\\\/author\\\/emmanuel-galvan\\\/#author\",\"url\":\"https:\\\/\\\/elprogresivo.mx\\\/index.php\\\/author\\\/emmanuel-galvan\\\/\",\"name\":\"Staff\",\"image\":{\"@type\":\"ImageObject\",\"@id\":\"https:\\\/\\\/elprogresivo.mx\\\/index.php\\\/2026\\\/09\\\/02\\\/queretaro-capacita-a-su-gabinete-en-igualdad-de-genero\\\/#authorImage\",\"url\":\"https:\\\/\\\/secure.gravatar.com\\\/avatar\\\/3bb87242634c3adf910515f41e6e392ab758b98c8ee7fd12a54fcb5270441486?s=96&d=mm&r=g\",\"width\":96,\"height\":96,\"caption\":\"Staff\"}},{\"@type\":\"WebPage\",\"@id\":\"https:\\\/\\\/elprogresivo.mx\\\/index.php\\\/2026\\\/09\\\/02\\\/queretaro-capacita-a-su-gabinete-en-igualdad-de-genero\\\/#webpage\",\"url\":\"https:\\\/\\\/elprogresivo.mx\\\/index.php\\\/2026\\\/09\\\/02\\\/queretaro-capacita-a-su-gabinete-en-igualdad-de-genero\\\/\",\"name\":\"Quer\\u00e9taro capacita a su gabinete en igualdad de g\\u00e9nero - elprogresivo.mx\",\"description\":\"La igualdad debe guiar cada decisi\\u00f3n que tome el gobierno, afirm\\u00f3 la acad\\u00e9mica Rosa Cobo Bed\\u00eda. As\\u00ed lo dej\\u00f3 claro en la conferencia \\\"Construir igualdad: feminismo, ciudadan\\u00eda y pol\\u00edticas p\\u00fablicas\\\", organizada por la Secretar\\u00eda de las Mujeres de Quer\\u00e9taro. Rosa Cobo Bed\\u00eda no dej\\u00f3 lugar a dudas: \\\"No hay pol\\u00edticas p\\u00fablicas sin el principio de\",\"inLanguage\":\"es-MX\",\"isPartOf\":{\"@id\":\"https:\\\/\\\/elprogresivo.mx\\\/#website\"},\"breadcrumb\":{\"@id\":\"https:\\\/\\\/elprogresivo.mx\\\/index.php\\\/2026\\\/09\\\/02\\\/queretaro-capacita-a-su-gabinete-en-igualdad-de-genero\\\/#breadcrumblist\"},\"author\":{\"@id\":\"https:\\\/\\\/elprogresivo.mx\\\/index.php\\\/author\\\/emmanuel-galvan\\\/#author\"},\"creator\":{\"@id\":\"https:\\\/\\\/elprogresivo.mx\\\/index.php\\\/author\\\/emmanuel-galvan\\\/#author\"},\"image\":{\"@type\":\"ImageObject\",\"url\":\"https:\\\/\\\/elprogresivo.mx\\\/wp-content\\\/uploads\\\/2026\\\/09\\\/noticia_20260902132012.jpg\",\"@id\":\"https:\\\/\\\/elprogresivo.mx\\\/index.php\\\/2026\\\/09\\\/02\\\/queretaro-capacita-a-su-gabinete-en-igualdad-de-genero\\\/#mainImage\",\"width\":1280,\"height\":854},\"primaryImageOfPage\":{\"@id\":\"https:\\\/\\\/elprogresivo.mx\\\/index.php\\\/2026\\\/09\\\/02\\\/queretaro-capacita-a-su-gabinete-en-igualdad-de-genero\\\/#mainImage\"},\"datePublished\":\"2026-09-02T19:20:25+00:00\",\"dateModified\":\"2026-09-02T19:20:25+00:00\"},{\"@type\":\"WebSite\",\"@id\":\"https:\\\/\\\/elprogresivo.mx\\\/#website\",\"url\":\"https:\\\/\\\/elprogresivo.mx\\\/\",\"name\":\"elprogresivo.mx\",\"description\":\"Construimos una nueva etapa en informaci\\u00f3n\",\"inLanguage\":\"es-MX\",\"publisher\":{\"@id\":\"https:\\\/\\\/elprogresivo.mx\\\/#organization\"}}]}\n\t\t<\/script>\n\t\t<!-- All in One SEO -->\n\n","aioseo_head_json":{"title":"Quer\u00e9taro capacita a su gabinete en igualdad de g\u00e9nero - elprogresivo.mx","description":"La igualdad debe guiar cada decisi\u00f3n que tome el gobierno, afirm\u00f3 la acad\u00e9mica Rosa Cobo Bed\u00eda. As\u00ed lo dej\u00f3 claro en la conferencia \"Construir igualdad: feminismo, ciudadan\u00eda y pol\u00edticas p\u00fablicas\", organizada por la Secretar\u00eda de las Mujeres de Quer\u00e9taro. Rosa Cobo Bed\u00eda no dej\u00f3 lugar a dudas: \"No hay pol\u00edticas p\u00fablicas sin el principio de","canonical_url":"https:\/\/elprogresivo.mx\/index.php\/2026\/09\/02\/queretaro-capacita-a-su-gabinete-en-igualdad-de-genero\/","robots":"max-image-preview:large","keywords":"","webmasterTools":{"miscellaneous":""},"schema":{"@context":"https:\/\/schema.org","@graph":[{"@type":"BlogPosting","@id":"https:\/\/elprogresivo.mx\/index.php\/2026\/09\/02\/queretaro-capacita-a-su-gabinete-en-igualdad-de-genero\/#blogposting","name":"Quer\u00e9taro capacita a su gabinete en igualdad de g\u00e9nero - elprogresivo.mx","headline":"Quer\u00e9taro capacita a su gabinete en igualdad de g\u00e9nero","author":{"@id":"https:\/\/elprogresivo.mx\/index.php\/author\/emmanuel-galvan\/#author"},"publisher":{"@id":"https:\/\/elprogresivo.mx\/#organization"},"image":{"@type":"ImageObject","url":"https:\/\/elprogresivo.mx\/wp-content\/uploads\/2026\/09\/noticia_20260902132012.jpg","width":1280,"height":854},"datePublished":"2026-09-02T19:20:25+00:00","dateModified":"2026-09-02T19:20:25+00:00","inLanguage":"es-MX","mainEntityOfPage":{"@id":"https:\/\/elprogresivo.mx\/index.php\/2026\/09\/02\/queretaro-capacita-a-su-gabinete-en-igualdad-de-genero\/#webpage"},"isPartOf":{"@id":"https:\/\/elprogresivo.mx\/index.php\/2026\/09\/02\/queretaro-capacita-a-su-gabinete-en-igualdad-de-genero\/#webpage"},"articleSection":"Blog, Principal, Feminismo, Igualdad de g\u00e9nero, pol\u00edticas p\u00fablicas, Sonia Rocha Acosta"},{"@type":"BreadcrumbList","@id":"https:\/\/elprogresivo.mx\/index.php\/2026\/09\/02\/queretaro-capacita-a-su-gabinete-en-igualdad-de-genero\/#breadcrumblist","itemListElement":[{"@type":"ListItem","@id":"https:\/\/elprogresivo.mx#listItem","position":1,"name":"Home","item":"https:\/\/elprogresivo.mx","nextItem":{"@type":"ListItem","@id":"https:\/\/elprogresivo.mx\/index.php\/category\/blog\/#listItem","name":"Blog"}},{"@type":"ListItem","@id":"https:\/\/elprogresivo.mx\/index.php\/category\/blog\/#listItem","position":2,"name":"Blog","item":"https:\/\/elprogresivo.mx\/index.php\/category\/blog\/","nextItem":{"@type":"ListItem","@id":"https:\/\/elprogresivo.mx\/index.php\/2026\/09\/02\/queretaro-capacita-a-su-gabinete-en-igualdad-de-genero\/#listItem","name":"Quer\u00e9taro capacita a su gabinete en igualdad de g\u00e9nero"},"previousItem":{"@type":"ListItem","@id":"https:\/\/elprogresivo.mx#listItem","name":"Home"}},{"@type":"ListItem","@id":"https:\/\/elprogresivo.mx\/index.php\/2026\/09\/02\/queretaro-capacita-a-su-gabinete-en-igualdad-de-genero\/#listItem","position":3,"name":"Quer\u00e9taro capacita a su gabinete en igualdad de g\u00e9nero","previousItem":{"@type":"ListItem","@id":"https:\/\/elprogresivo.mx\/index.php\/category\/blog\/#listItem","name":"Blog"}}]},{"@type":"Organization","@id":"https:\/\/elprogresivo.mx\/#organization","name":"elprogresivo.mx","description":"Construimos una nueva etapa en informaci\u00f3n","url":"https:\/\/elprogresivo.mx\/","logo":{"@type":"ImageObject","url":"https:\/\/elprogresivo.mx\/wp-content\/uploads\/2024\/02\/cropped-LogoBlanco.png","@id":"https:\/\/elprogresivo.mx\/index.php\/2026\/09\/02\/queretaro-capacita-a-su-gabinete-en-igualdad-de-genero\/#organizationLogo","width":2096,"height":332},"image":{"@id":"https:\/\/elprogresivo.mx\/index.php\/2026\/09\/02\/queretaro-capacita-a-su-gabinete-en-igualdad-de-genero\/#organizationLogo"}},{"@type":"Person","@id":"https:\/\/elprogresivo.mx\/index.php\/author\/emmanuel-galvan\/#author","url":"https:\/\/elprogresivo.mx\/index.php\/author\/emmanuel-galvan\/","name":"Staff","image":{"@type":"ImageObject","@id":"https:\/\/elprogresivo.mx\/index.php\/2026\/09\/02\/queretaro-capacita-a-su-gabinete-en-igualdad-de-genero\/#authorImage","url":"https:\/\/secure.gravatar.com\/avatar\/3bb87242634c3adf910515f41e6e392ab758b98c8ee7fd12a54fcb5270441486?s=96&d=mm&r=g","width":96,"height":96,"caption":"Staff"}},{"@type":"WebPage","@id":"https:\/\/elprogresivo.mx\/index.php\/2026\/09\/02\/queretaro-capacita-a-su-gabinete-en-igualdad-de-genero\/#webpage","url":"https:\/\/elprogresivo.mx\/index.php\/2026\/09\/02\/queretaro-capacita-a-su-gabinete-en-igualdad-de-genero\/","name":"Quer\u00e9taro capacita a su gabinete en igualdad de g\u00e9nero - elprogresivo.mx","description":"La igualdad debe guiar cada decisi\u00f3n que tome el gobierno, afirm\u00f3 la acad\u00e9mica Rosa Cobo Bed\u00eda. As\u00ed lo dej\u00f3 claro en la conferencia \"Construir igualdad: feminismo, ciudadan\u00eda y pol\u00edticas p\u00fablicas\", organizada por la Secretar\u00eda de las Mujeres de Quer\u00e9taro. Rosa Cobo Bed\u00eda no dej\u00f3 lugar a dudas: \"No hay pol\u00edticas p\u00fablicas sin el principio de","inLanguage":"es-MX","isPartOf":{"@id":"https:\/\/elprogresivo.mx\/#website"},"breadcrumb":{"@id":"https:\/\/elprogresivo.mx\/index.php\/2026\/09\/02\/queretaro-capacita-a-su-gabinete-en-igualdad-de-genero\/#breadcrumblist"},"author":{"@id":"https:\/\/elprogresivo.mx\/index.php\/author\/emmanuel-galvan\/#author"},"creator":{"@id":"https:\/\/elprogresivo.mx\/index.php\/author\/emmanuel-galvan\/#author"},"image":{"@type":"ImageObject","url":"https:\/\/elprogresivo.mx\/wp-content\/uploads\/2026\/09\/noticia_20260902132012.jpg","@id":"https:\/\/elprogresivo.mx\/index.php\/2026\/09\/02\/queretaro-capacita-a-su-gabinete-en-igualdad-de-genero\/#mainImage","width":1280,"height":854},"primaryImageOfPage":{"@id":"https:\/\/elprogresivo.mx\/index.php\/2026\/09\/02\/queretaro-capacita-a-su-gabinete-en-igualdad-de-genero\/#mainImage"},"datePublished":"2026-09-02T19:20:25+00:00","dateModified":"2026-09-02T19:20:25+00:00"},{"@type":"WebSite","@id":"https:\/\/elprogresivo.mx\/#website","url":"https:\/\/elprogresivo.mx\/","name":"elprogresivo.mx","description":"Construimos una nueva etapa en informaci\u00f3n","inLanguage":"es-MX","publisher":{"@id":"https:\/\/elprogresivo.mx\/#organization"}}]},"og:locale":"es_MX","og:site_name":"elprogresivo.mx - Construimos una nueva etapa en informaci\u00f3n","og:type":"article","og:title":"Quer\u00e9taro capacita a su gabinete en igualdad de g\u00e9nero - elprogresivo.mx","og:description":"La igualdad debe guiar cada decisi\u00f3n que tome el gobierno, afirm\u00f3 la acad\u00e9mica Rosa Cobo Bed\u00eda. As\u00ed lo dej\u00f3 claro en la conferencia &quot;Construir igualdad: feminismo, ciudadan\u00eda y pol\u00edticas p\u00fablicas&quot;, organizada por la Secretar\u00eda de las Mujeres de Quer\u00e9taro. Rosa Cobo Bed\u00eda no dej\u00f3 lugar a dudas: &quot;No hay pol\u00edticas p\u00fablicas sin el principio de","og:url":"https:\/\/elprogresivo.mx\/index.php\/2026\/09\/02\/queretaro-capacita-a-su-gabinete-en-igualdad-de-genero\/","og:image":"https:\/\/elprogresivo.mx\/wp-content\/uploads\/2024\/02\/cropped-LogoBlanco.png","og:image:secure_url":"https:\/\/elprogresivo.mx\/wp-content\/uploads\/2024\/02\/cropped-LogoBlanco.png","article:published_time":"2026-09-02T19:20:25+00:00","article:modified_time":"2026-09-02T19:20:25+00:00","twitter:card":"summary_large_image","twitter:title":"Quer\u00e9taro capacita a su gabinete en igualdad de g\u00e9nero - elprogresivo.mx","twitter:description":"La igualdad debe guiar cada decisi\u00f3n que tome el gobierno, afirm\u00f3 la acad\u00e9mica Rosa Cobo Bed\u00eda. As\u00ed lo dej\u00f3 claro en la conferencia &quot;Construir igualdad: feminismo, ciudadan\u00eda y pol\u00edticas p\u00fablicas&quot;, organizada por la Secretar\u00eda de las Mujeres de Quer\u00e9taro. Rosa Cobo Bed\u00eda no dej\u00f3 lugar a dudas: &quot;No hay pol\u00edticas p\u00fablicas sin el principio de","twitter:image":"https:\/\/elprogresivo.mx\/wp-content\/uploads\/2024\/02\/cropped-LogoBlanco.png"},"aioseo_meta_data":{"post_id":"4987","title":null,"description":null,"keywords":null,"keyphrases":{"focus":[],"additional":[]},"primary_term":null,"canonical_url":null,"og_title":null,"og_description":null,"og_object_type":"default","og_image_type":"default","og_image_url":null,"og_image_width":null,"og_image_height":null,"og_image_custom_url":null,"og_image_custom_fields":null,"og_video":null,"og_custom_url":null,"og_article_section":null,"og_article_tags":null,"twitter_use_og":false,"twitter_card":"default","twitter_image_type":"default","twitter_image_url":null,"twitter_image_custom_url":null,"twitter_image_custom_fields":null,"twitter_title":null,"twitter_description":null,"schema":{"blockGraphs":[],"customGraphs":[],"default":{"data":{"Article":[],"Course":[],"Dataset":[],"FAQPage":[],"Movie":[],"Person":[],"Product":[],"ProductReview":[],"Car":[],"Recipe":[],"Service":[],"SoftwareApplication":[],"WebPage":[]},"graphName":"","isEnabled":true},"graphs":[]},"schema_type":"default","schema_type_options":null,"pillar_content":false,"robots_default":true,"robots_noindex":false,"robots_noarchive":false,"robots_nosnippet":false,"robots_nofollow":false,"robots_noimageindex":false,"robots_noodp":false,"robots_notranslate":false,"robots_max_snippet":null,"robots_max_videopreview":null,"robots_max_imagepreview":"large","priority":null,"frequency":null,"local_seo":null,"limit_modified_date":false,"created":"2026-09-02 19:33:01","updated":"2026-09-02 19:37:56","ai":null,"breadcrumb_settings":null,"seo_analyzer_scan_date":null,"focus_keyword":null,"additional_keywords":null,"truseo_locale":null},"aioseo_breadcrumb":"<div class=\"aioseo-breadcrumbs\"><span class=\"aioseo-breadcrumb\">\n\t\t\t<a href=\"https:\/\/elprogresivo.mx\" title=\"Home\">Home<\/a>\n\t\t<\/span><span class=\"aioseo-breadcrumb-separator\">&raquo;<\/span><span class=\"aioseo-breadcrumb\">\n\t\t\t<a href=\"https:\/\/elprogresivo.mx\/index.php\/category\/blog\/\" title=\"Blog\">Blog<\/a>\n\t\t<\/span><span class=\"aioseo-breadcrumb-separator\">&raquo;<\/span><span class=\"aioseo-breadcrumb\">\n\t\t\tQuer\u00e9taro capacita a su gabinete en igualdad de g\u00e9nero\n\t\t<\/span><\/div>","aioseo_breadcrumb_json":[{"label":"Home","link":"https:\/\/elprogresivo.mx"},{"label":"Blog","link":"https:\/\/elprogresivo.mx\/index.php\/category\/blog\/"},{"label":"Quer\u00e9taro capacita a su gabinete en igualdad de g\u00e9nero","link":"https:\/\/elprogresivo.mx\/index.php\/2026\/09\/02\/queretaro-capacita-a-su-gabinete-en-igualdad-de-genero\/"}],"jetpack_publicize_connections":[],"_links":{"self":[{"href":"https:\/\/elprogresivo.mx\/index.php\/wp-json\/wp\/v2\/posts\/4987","targetHints":{"allow":["GET"]}}],"collection":[{"href":"https:\/\/elprogresivo.mx\/index.php\/wp-json\/wp\/v2\/posts"}],"about":[{"href":"https:\/\/elprogresivo.mx\/index.php\/wp-json\/wp\/v2\/types\/post"}],"author":[{"embeddable":true,"href":"https:\/\/elprogresivo.mx\/index.php\/wp-json\/wp\/v2\/users\/5"}],"replies":[{"embeddable":true,"href":"https:\/\/elprogresivo.mx\/index.php\/wp-json\/wp\/v2\/comments?post=4987"}],"version-history":[{"count":0,"href":"https:\/\/elprogresivo.mx\/index.php\/wp-json\/wp\/v2\/posts\/4987\/revisions"}],"wp:featuredmedia":[{"embeddable":true,"href":"https:\/\/elprogresivo.mx\/index.php\/wp-json\/wp\/v2\/media\/4986"}],"wp:attachment":[{"href":"https:\/\/elprogresivo.mx\/index.php\/wp-json\/wp\/v2\/media?parent=4987"}],"wp:term":[{"taxonomy":"category","embeddable":true,"href":"https:\/\/elprogresivo.mx\/index.php\/wp-json\/wp\/v2\/categories?post=4987"},{"taxonomy":"post_tag","embeddable":true,"href":"https:\/\/elprogresivo.mx\/index.php\/wp-json\/wp\/v2\/tags?post=4987"}],"curies":[{"name":"wp","href":"https:\/\/api.w.org\/{rel}","templated":true}]}}