{"id":4982,"date":"2026-09-02T19:19:20","date_gmt":"2026-09-02T19:19:20","guid":{"rendered":"https:\/\/elprogresivo.mx\/index.php\/2026\/09\/02\/entregan-119-toneladas-de-avena-a-ganaderos-de-amealco\/"},"modified":"2026-09-02T19:19:20","modified_gmt":"2026-09-02T19:19:20","slug":"entregan-119-toneladas-de-avena-a-ganaderos-de-amealco","status":"publish","type":"post","link":"https:\/\/elprogresivo.mx\/index.php\/2026\/09\/02\/entregan-119-toneladas-de-avena-a-ganaderos-de-amealco\/","title":{"rendered":"Entregan 119 toneladas de avena a ganaderos de Amealco"},"content":{"rendered":"<p>Casi 120 toneladas de avena llegaron hoy a las manos de 700 peque\u00f1os ganaderos en Amealco de Bonfil, Quer\u00e9taro. El secretario de Desarrollo Agropecuario, Rosendo Anaya, encabez\u00f3 la entrega de esta semilla forrajera para cubrir mil 192 hect\u00e1reas y asegurar el alimento del ganado.<\/p>\n<p>El objetivo es directo: que los productores siembren un segundo ciclo y no les falte comida para sus animales. La avena y el garbanzo son cultivos de ciclo corto que sirvan de forraje durante el estiaje y ayudan a recuperar suelos da\u00f1ados por la falta de lluvia.<\/p>\n<p>Anaya explic\u00f3 el enfoque del programa en palabras claras: \u201cLos productores, los que tienen animalitos y no necesariamente tiene que ser en grandes cantidades, porque nosotros hemos buscado enfocarnos en los peque\u00f1os productores, ustedes tienen que batallar todos los d\u00edas, por eso es que habilitamos estos programas para ayudarles con semilla, que es principalmente lo que vamos a entregar el d\u00eda de hoy, que es la avena para forraje, para que quienes puedan meter un segundo ciclo, puedan fortalecerse para que sus animales tengan algo de alimentaci\u00f3n.\u201d.<\/p>\n<p>Pedro Garc\u00eda Bola\u00f1os, quien representa a los campesinos amealcenses, agradeci\u00f3 la respuesta cercana de las autoridades. \u201cY como campesinos debemos de tener la base bien firme de que nosotros tenemos el apoyo, del ingeniero Rosendo y de nuestro gobernador, licenciado Mauricio Kuri Gonz\u00e1lez, que reciba un fuerte saludo, se\u00f1or secretario, h\u00e1ganselo llegar por favor, de parte de todos los campesinos de Amealco\u201d, indic\u00f3.<\/p>\n","protected":false},"excerpt":{"rendered":"<p>Casi 120 toneladas de avena llegaron hoy a las manos de 700 peque\u00f1os ganaderos en&#8230;<\/p>\n","protected":false},"author":5,"featured_media":4981,"comment_status":"open","ping_status":"open","sticky":false,"template":"","format":"standard","meta":{"om_disable_all_campaigns":false,"_monsterinsights_skip_tracking":false,"footnotes":"","jetpack_publicize_message":"","jetpack_publicize_feature_enabled":true,"jetpack_social_post_already_shared":true,"jetpack_social_options":{"image_generator_settings":{"template":"highway","default_image_id":0,"font":"","enabled":false},"version":2}},"categories":[1,71],"tags":[2259,2587,2913,3295],"class_list":["post-4982","post","type-post","status-publish","format-standard","has-post-thumbnail","hentry","category-blog","category-principal","tag-amealco","tag-ganaderia","tag-rosendo-anaya","tag-semilla-forrajera"],"aioseo_notices":[],"aioseo_head":"\n\t\t<!-- All in One SEO 5.0.1.1 - aioseo.com -->\n\t<meta name=\"description\" content=\"Casi 120 toneladas de avena llegaron hoy a las manos de 700 peque\u00f1os ganaderos en Amealco de Bonfil, Quer\u00e9taro. El secretario de Desarrollo Agropecuario, Rosendo Anaya, encabez\u00f3 la entrega de esta semilla forrajera para cubrir mil 192 hect\u00e1reas y asegurar el alimento del ganado. El objetivo es directo: que los productores siembren un segundo ciclo\" \/>\n\t<meta name=\"robots\" content=\"max-image-preview:large\" \/>\n\t<meta name=\"author\" content=\"Staff\"\/>\n\t<link rel=\"canonical\" href=\"https:\/\/elprogresivo.mx\/index.php\/2026\/09\/02\/entregan-119-toneladas-de-avena-a-ganaderos-de-amealco\/\" \/>\n\t<meta name=\"generator\" content=\"All in One SEO (AIOSEO) 5.0.1.1\" \/>\n\t\t<meta property=\"og:locale\" content=\"es_MX\" \/>\n\t\t<meta property=\"og:site_name\" content=\"elprogresivo.mx - Construimos una nueva etapa en informaci\u00f3n\" \/>\n\t\t<meta property=\"og:type\" content=\"article\" \/>\n\t\t<meta property=\"og:title\" content=\"Entregan 119 toneladas de avena a ganaderos de Amealco - elprogresivo.mx\" \/>\n\t\t<meta property=\"og:description\" content=\"Casi 120 toneladas de avena llegaron hoy a las manos de 700 peque\u00f1os ganaderos en Amealco de Bonfil, Quer\u00e9taro. El secretario de Desarrollo Agropecuario, Rosendo Anaya, encabez\u00f3 la entrega de esta semilla forrajera para cubrir mil 192 hect\u00e1reas y asegurar el alimento del ganado. El objetivo es directo: que los productores siembren un segundo ciclo\" \/>\n\t\t<meta property=\"og:url\" content=\"https:\/\/elprogresivo.mx\/index.php\/2026\/09\/02\/entregan-119-toneladas-de-avena-a-ganaderos-de-amealco\/\" \/>\n\t\t<meta property=\"og:image\" content=\"https:\/\/elprogresivo.mx\/wp-content\/uploads\/2024\/02\/cropped-LogoBlanco.png\" \/>\n\t\t<meta property=\"og:image:secure_url\" content=\"https:\/\/elprogresivo.mx\/wp-content\/uploads\/2024\/02\/cropped-LogoBlanco.png\" \/>\n\t\t<meta property=\"article:published_time\" content=\"2026-09-02T19:19:20+00:00\" \/>\n\t\t<meta property=\"article:modified_time\" content=\"2026-09-02T19:19:20+00:00\" \/>\n\t\t<meta name=\"twitter:card\" content=\"summary_large_image\" \/>\n\t\t<meta name=\"twitter:title\" content=\"Entregan 119 toneladas de avena a ganaderos de Amealco - elprogresivo.mx\" \/>\n\t\t<meta name=\"twitter:description\" content=\"Casi 120 toneladas de avena llegaron hoy a las manos de 700 peque\u00f1os ganaderos en Amealco de Bonfil, Quer\u00e9taro. El secretario de Desarrollo Agropecuario, Rosendo Anaya, encabez\u00f3 la entrega de esta semilla forrajera para cubrir mil 192 hect\u00e1reas y asegurar el alimento del ganado. El objetivo es directo: que los productores siembren un segundo ciclo\" \/>\n\t\t<meta name=\"twitter:image\" content=\"https:\/\/elprogresivo.mx\/wp-content\/uploads\/2024\/02\/cropped-LogoBlanco.png\" \/>\n\t\t<script type=\"application\/ld+json\" class=\"aioseo-schema\">\n\t\t\t{\"@context\":\"https:\\\/\\\/schema.org\",\"@graph\":[{\"@type\":\"BlogPosting\",\"@id\":\"https:\\\/\\\/elprogresivo.mx\\\/index.php\\\/2026\\\/09\\\/02\\\/entregan-119-toneladas-de-avena-a-ganaderos-de-amealco\\\/#blogposting\",\"name\":\"Entregan 119 toneladas de avena a ganaderos de Amealco - elprogresivo.mx\",\"headline\":\"Entregan 119 toneladas de avena a ganaderos de Amealco\",\"author\":{\"@id\":\"https:\\\/\\\/elprogresivo.mx\\\/index.php\\\/author\\\/emmanuel-galvan\\\/#author\"},\"publisher\":{\"@id\":\"https:\\\/\\\/elprogresivo.mx\\\/#organization\"},\"image\":{\"@type\":\"ImageObject\",\"url\":\"https:\\\/\\\/elprogresivo.mx\\\/wp-content\\\/uploads\\\/2026\\\/09\\\/noticia_20260902131908.jpg\",\"width\":1600,\"height\":1066},\"datePublished\":\"2026-09-02T19:19:20+00:00\",\"dateModified\":\"2026-09-02T19:19:20+00:00\",\"inLanguage\":\"es-MX\",\"mainEntityOfPage\":{\"@id\":\"https:\\\/\\\/elprogresivo.mx\\\/index.php\\\/2026\\\/09\\\/02\\\/entregan-119-toneladas-de-avena-a-ganaderos-de-amealco\\\/#webpage\"},\"isPartOf\":{\"@id\":\"https:\\\/\\\/elprogresivo.mx\\\/index.php\\\/2026\\\/09\\\/02\\\/entregan-119-toneladas-de-avena-a-ganaderos-de-amealco\\\/#webpage\"},\"articleSection\":\"Blog, Principal, Amealco, Ganader\\u00eda, Rosendo Anaya, Semilla forrajera\"},{\"@type\":\"BreadcrumbList\",\"@id\":\"https:\\\/\\\/elprogresivo.mx\\\/index.php\\\/2026\\\/09\\\/02\\\/entregan-119-toneladas-de-avena-a-ganaderos-de-amealco\\\/#breadcrumblist\",\"itemListElement\":[{\"@type\":\"ListItem\",\"@id\":\"https:\\\/\\\/elprogresivo.mx#listItem\",\"position\":1,\"name\":\"Home\",\"item\":\"https:\\\/\\\/elprogresivo.mx\",\"nextItem\":{\"@type\":\"ListItem\",\"@id\":\"https:\\\/\\\/elprogresivo.mx\\\/index.php\\\/category\\\/blog\\\/#listItem\",\"name\":\"Blog\"}},{\"@type\":\"ListItem\",\"@id\":\"https:\\\/\\\/elprogresivo.mx\\\/index.php\\\/category\\\/blog\\\/#listItem\",\"position\":2,\"name\":\"Blog\",\"item\":\"https:\\\/\\\/elprogresivo.mx\\\/index.php\\\/category\\\/blog\\\/\",\"nextItem\":{\"@type\":\"ListItem\",\"@id\":\"https:\\\/\\\/elprogresivo.mx\\\/index.php\\\/2026\\\/09\\\/02\\\/entregan-119-toneladas-de-avena-a-ganaderos-de-amealco\\\/#listItem\",\"name\":\"Entregan 119 toneladas de avena a ganaderos de Amealco\"},\"previousItem\":{\"@type\":\"ListItem\",\"@id\":\"https:\\\/\\\/elprogresivo.mx#listItem\",\"name\":\"Home\"}},{\"@type\":\"ListItem\",\"@id\":\"https:\\\/\\\/elprogresivo.mx\\\/index.php\\\/2026\\\/09\\\/02\\\/entregan-119-toneladas-de-avena-a-ganaderos-de-amealco\\\/#listItem\",\"position\":3,\"name\":\"Entregan 119 toneladas de avena a ganaderos de Amealco\",\"previousItem\":{\"@type\":\"ListItem\",\"@id\":\"https:\\\/\\\/elprogresivo.mx\\\/index.php\\\/category\\\/blog\\\/#listItem\",\"name\":\"Blog\"}}]},{\"@type\":\"Organization\",\"@id\":\"https:\\\/\\\/elprogresivo.mx\\\/#organization\",\"name\":\"elprogresivo.mx\",\"description\":\"Construimos una nueva etapa en informaci\\u00f3n\",\"url\":\"https:\\\/\\\/elprogresivo.mx\\\/\",\"logo\":{\"@type\":\"ImageObject\",\"url\":\"https:\\\/\\\/elprogresivo.mx\\\/wp-content\\\/uploads\\\/2024\\\/02\\\/cropped-LogoBlanco.png\",\"@id\":\"https:\\\/\\\/elprogresivo.mx\\\/index.php\\\/2026\\\/09\\\/02\\\/entregan-119-toneladas-de-avena-a-ganaderos-de-amealco\\\/#organizationLogo\",\"width\":2096,\"height\":332},\"image\":{\"@id\":\"https:\\\/\\\/elprogresivo.mx\\\/index.php\\\/2026\\\/09\\\/02\\\/entregan-119-toneladas-de-avena-a-ganaderos-de-amealco\\\/#organizationLogo\"}},{\"@type\":\"Person\",\"@id\":\"https:\\\/\\\/elprogresivo.mx\\\/index.php\\\/author\\\/emmanuel-galvan\\\/#author\",\"url\":\"https:\\\/\\\/elprogresivo.mx\\\/index.php\\\/author\\\/emmanuel-galvan\\\/\",\"name\":\"Staff\",\"image\":{\"@type\":\"ImageObject\",\"@id\":\"https:\\\/\\\/elprogresivo.mx\\\/index.php\\\/2026\\\/09\\\/02\\\/entregan-119-toneladas-de-avena-a-ganaderos-de-amealco\\\/#authorImage\",\"url\":\"https:\\\/\\\/secure.gravatar.com\\\/avatar\\\/3bb87242634c3adf910515f41e6e392ab758b98c8ee7fd12a54fcb5270441486?s=96&d=mm&r=g\",\"width\":96,\"height\":96,\"caption\":\"Staff\"}},{\"@type\":\"WebPage\",\"@id\":\"https:\\\/\\\/elprogresivo.mx\\\/index.php\\\/2026\\\/09\\\/02\\\/entregan-119-toneladas-de-avena-a-ganaderos-de-amealco\\\/#webpage\",\"url\":\"https:\\\/\\\/elprogresivo.mx\\\/index.php\\\/2026\\\/09\\\/02\\\/entregan-119-toneladas-de-avena-a-ganaderos-de-amealco\\\/\",\"name\":\"Entregan 119 toneladas de avena a ganaderos de Amealco - elprogresivo.mx\",\"description\":\"Casi 120 toneladas de avena llegaron hoy a las manos de 700 peque\\u00f1os ganaderos en Amealco de Bonfil, Quer\\u00e9taro. El secretario de Desarrollo Agropecuario, Rosendo Anaya, encabez\\u00f3 la entrega de esta semilla forrajera para cubrir mil 192 hect\\u00e1reas y asegurar el alimento del ganado. El objetivo es directo: que los productores siembren un segundo ciclo\",\"inLanguage\":\"es-MX\",\"isPartOf\":{\"@id\":\"https:\\\/\\\/elprogresivo.mx\\\/#website\"},\"breadcrumb\":{\"@id\":\"https:\\\/\\\/elprogresivo.mx\\\/index.php\\\/2026\\\/09\\\/02\\\/entregan-119-toneladas-de-avena-a-ganaderos-de-amealco\\\/#breadcrumblist\"},\"author\":{\"@id\":\"https:\\\/\\\/elprogresivo.mx\\\/index.php\\\/author\\\/emmanuel-galvan\\\/#author\"},\"creator\":{\"@id\":\"https:\\\/\\\/elprogresivo.mx\\\/index.php\\\/author\\\/emmanuel-galvan\\\/#author\"},\"image\":{\"@type\":\"ImageObject\",\"url\":\"https:\\\/\\\/elprogresivo.mx\\\/wp-content\\\/uploads\\\/2026\\\/09\\\/noticia_20260902131908.jpg\",\"@id\":\"https:\\\/\\\/elprogresivo.mx\\\/index.php\\\/2026\\\/09\\\/02\\\/entregan-119-toneladas-de-avena-a-ganaderos-de-amealco\\\/#mainImage\",\"width\":1600,\"height\":1066},\"primaryImageOfPage\":{\"@id\":\"https:\\\/\\\/elprogresivo.mx\\\/index.php\\\/2026\\\/09\\\/02\\\/entregan-119-toneladas-de-avena-a-ganaderos-de-amealco\\\/#mainImage\"},\"datePublished\":\"2026-09-02T19:19:20+00:00\",\"dateModified\":\"2026-09-02T19:19:20+00:00\"},{\"@type\":\"WebSite\",\"@id\":\"https:\\\/\\\/elprogresivo.mx\\\/#website\",\"url\":\"https:\\\/\\\/elprogresivo.mx\\\/\",\"name\":\"elprogresivo.mx\",\"description\":\"Construimos una nueva etapa en informaci\\u00f3n\",\"inLanguage\":\"es-MX\",\"publisher\":{\"@id\":\"https:\\\/\\\/elprogresivo.mx\\\/#organization\"}}]}\n\t\t<\/script>\n\t\t<!-- All in One SEO -->\n\n","aioseo_head_json":{"title":"Entregan 119 toneladas de avena a ganaderos de Amealco - elprogresivo.mx","description":"Casi 120 toneladas de avena llegaron hoy a las manos de 700 peque\u00f1os ganaderos en Amealco de Bonfil, Quer\u00e9taro. El secretario de Desarrollo Agropecuario, Rosendo Anaya, encabez\u00f3 la entrega de esta semilla forrajera para cubrir mil 192 hect\u00e1reas y asegurar el alimento del ganado. El objetivo es directo: que los productores siembren un segundo ciclo","canonical_url":"https:\/\/elprogresivo.mx\/index.php\/2026\/09\/02\/entregan-119-toneladas-de-avena-a-ganaderos-de-amealco\/","robots":"max-image-preview:large","keywords":"","webmasterTools":{"miscellaneous":""},"schema":{"@context":"https:\/\/schema.org","@graph":[{"@type":"BlogPosting","@id":"https:\/\/elprogresivo.mx\/index.php\/2026\/09\/02\/entregan-119-toneladas-de-avena-a-ganaderos-de-amealco\/#blogposting","name":"Entregan 119 toneladas de avena a ganaderos de Amealco - elprogresivo.mx","headline":"Entregan 119 toneladas de avena a ganaderos de Amealco","author":{"@id":"https:\/\/elprogresivo.mx\/index.php\/author\/emmanuel-galvan\/#author"},"publisher":{"@id":"https:\/\/elprogresivo.mx\/#organization"},"image":{"@type":"ImageObject","url":"https:\/\/elprogresivo.mx\/wp-content\/uploads\/2026\/09\/noticia_20260902131908.jpg","width":1600,"height":1066},"datePublished":"2026-09-02T19:19:20+00:00","dateModified":"2026-09-02T19:19:20+00:00","inLanguage":"es-MX","mainEntityOfPage":{"@id":"https:\/\/elprogresivo.mx\/index.php\/2026\/09\/02\/entregan-119-toneladas-de-avena-a-ganaderos-de-amealco\/#webpage"},"isPartOf":{"@id":"https:\/\/elprogresivo.mx\/index.php\/2026\/09\/02\/entregan-119-toneladas-de-avena-a-ganaderos-de-amealco\/#webpage"},"articleSection":"Blog, Principal, Amealco, Ganader\u00eda, Rosendo Anaya, Semilla forrajera"},{"@type":"BreadcrumbList","@id":"https:\/\/elprogresivo.mx\/index.php\/2026\/09\/02\/entregan-119-toneladas-de-avena-a-ganaderos-de-amealco\/#breadcrumblist","itemListElement":[{"@type":"ListItem","@id":"https:\/\/elprogresivo.mx#listItem","position":1,"name":"Home","item":"https:\/\/elprogresivo.mx","nextItem":{"@type":"ListItem","@id":"https:\/\/elprogresivo.mx\/index.php\/category\/blog\/#listItem","name":"Blog"}},{"@type":"ListItem","@id":"https:\/\/elprogresivo.mx\/index.php\/category\/blog\/#listItem","position":2,"name":"Blog","item":"https:\/\/elprogresivo.mx\/index.php\/category\/blog\/","nextItem":{"@type":"ListItem","@id":"https:\/\/elprogresivo.mx\/index.php\/2026\/09\/02\/entregan-119-toneladas-de-avena-a-ganaderos-de-amealco\/#listItem","name":"Entregan 119 toneladas de avena a ganaderos de Amealco"},"previousItem":{"@type":"ListItem","@id":"https:\/\/elprogresivo.mx#listItem","name":"Home"}},{"@type":"ListItem","@id":"https:\/\/elprogresivo.mx\/index.php\/2026\/09\/02\/entregan-119-toneladas-de-avena-a-ganaderos-de-amealco\/#listItem","position":3,"name":"Entregan 119 toneladas de avena a ganaderos de Amealco","previousItem":{"@type":"ListItem","@id":"https:\/\/elprogresivo.mx\/index.php\/category\/blog\/#listItem","name":"Blog"}}]},{"@type":"Organization","@id":"https:\/\/elprogresivo.mx\/#organization","name":"elprogresivo.mx","description":"Construimos una nueva etapa en informaci\u00f3n","url":"https:\/\/elprogresivo.mx\/","logo":{"@type":"ImageObject","url":"https:\/\/elprogresivo.mx\/wp-content\/uploads\/2024\/02\/cropped-LogoBlanco.png","@id":"https:\/\/elprogresivo.mx\/index.php\/2026\/09\/02\/entregan-119-toneladas-de-avena-a-ganaderos-de-amealco\/#organizationLogo","width":2096,"height":332},"image":{"@id":"https:\/\/elprogresivo.mx\/index.php\/2026\/09\/02\/entregan-119-toneladas-de-avena-a-ganaderos-de-amealco\/#organizationLogo"}},{"@type":"Person","@id":"https:\/\/elprogresivo.mx\/index.php\/author\/emmanuel-galvan\/#author","url":"https:\/\/elprogresivo.mx\/index.php\/author\/emmanuel-galvan\/","name":"Staff","image":{"@type":"ImageObject","@id":"https:\/\/elprogresivo.mx\/index.php\/2026\/09\/02\/entregan-119-toneladas-de-avena-a-ganaderos-de-amealco\/#authorImage","url":"https:\/\/secure.gravatar.com\/avatar\/3bb87242634c3adf910515f41e6e392ab758b98c8ee7fd12a54fcb5270441486?s=96&d=mm&r=g","width":96,"height":96,"caption":"Staff"}},{"@type":"WebPage","@id":"https:\/\/elprogresivo.mx\/index.php\/2026\/09\/02\/entregan-119-toneladas-de-avena-a-ganaderos-de-amealco\/#webpage","url":"https:\/\/elprogresivo.mx\/index.php\/2026\/09\/02\/entregan-119-toneladas-de-avena-a-ganaderos-de-amealco\/","name":"Entregan 119 toneladas de avena a ganaderos de Amealco - elprogresivo.mx","description":"Casi 120 toneladas de avena llegaron hoy a las manos de 700 peque\u00f1os ganaderos en Amealco de Bonfil, Quer\u00e9taro. El secretario de Desarrollo Agropecuario, Rosendo Anaya, encabez\u00f3 la entrega de esta semilla forrajera para cubrir mil 192 hect\u00e1reas y asegurar el alimento del ganado. El objetivo es directo: que los productores siembren un segundo ciclo","inLanguage":"es-MX","isPartOf":{"@id":"https:\/\/elprogresivo.mx\/#website"},"breadcrumb":{"@id":"https:\/\/elprogresivo.mx\/index.php\/2026\/09\/02\/entregan-119-toneladas-de-avena-a-ganaderos-de-amealco\/#breadcrumblist"},"author":{"@id":"https:\/\/elprogresivo.mx\/index.php\/author\/emmanuel-galvan\/#author"},"creator":{"@id":"https:\/\/elprogresivo.mx\/index.php\/author\/emmanuel-galvan\/#author"},"image":{"@type":"ImageObject","url":"https:\/\/elprogresivo.mx\/wp-content\/uploads\/2026\/09\/noticia_20260902131908.jpg","@id":"https:\/\/elprogresivo.mx\/index.php\/2026\/09\/02\/entregan-119-toneladas-de-avena-a-ganaderos-de-amealco\/#mainImage","width":1600,"height":1066},"primaryImageOfPage":{"@id":"https:\/\/elprogresivo.mx\/index.php\/2026\/09\/02\/entregan-119-toneladas-de-avena-a-ganaderos-de-amealco\/#mainImage"},"datePublished":"2026-09-02T19:19:20+00:00","dateModified":"2026-09-02T19:19:20+00:00"},{"@type":"WebSite","@id":"https:\/\/elprogresivo.mx\/#website","url":"https:\/\/elprogresivo.mx\/","name":"elprogresivo.mx","description":"Construimos una nueva etapa en informaci\u00f3n","inLanguage":"es-MX","publisher":{"@id":"https:\/\/elprogresivo.mx\/#organization"}}]},"og:locale":"es_MX","og:site_name":"elprogresivo.mx - Construimos una nueva etapa en informaci\u00f3n","og:type":"article","og:title":"Entregan 119 toneladas de avena a ganaderos de Amealco - elprogresivo.mx","og:description":"Casi 120 toneladas de avena llegaron hoy a las manos de 700 peque\u00f1os ganaderos en Amealco de Bonfil, Quer\u00e9taro. El secretario de Desarrollo Agropecuario, Rosendo Anaya, encabez\u00f3 la entrega de esta semilla forrajera para cubrir mil 192 hect\u00e1reas y asegurar el alimento del ganado. El objetivo es directo: que los productores siembren un segundo ciclo","og:url":"https:\/\/elprogresivo.mx\/index.php\/2026\/09\/02\/entregan-119-toneladas-de-avena-a-ganaderos-de-amealco\/","og:image":"https:\/\/elprogresivo.mx\/wp-content\/uploads\/2024\/02\/cropped-LogoBlanco.png","og:image:secure_url":"https:\/\/elprogresivo.mx\/wp-content\/uploads\/2024\/02\/cropped-LogoBlanco.png","article:published_time":"2026-09-02T19:19:20+00:00","article:modified_time":"2026-09-02T19:19:20+00:00","twitter:card":"summary_large_image","twitter:title":"Entregan 119 toneladas de avena a ganaderos de Amealco - elprogresivo.mx","twitter:description":"Casi 120 toneladas de avena llegaron hoy a las manos de 700 peque\u00f1os ganaderos en Amealco de Bonfil, Quer\u00e9taro. El secretario de Desarrollo Agropecuario, Rosendo Anaya, encabez\u00f3 la entrega de esta semilla forrajera para cubrir mil 192 hect\u00e1reas y asegurar el alimento del ganado. El objetivo es directo: que los productores siembren un segundo ciclo","twitter:image":"https:\/\/elprogresivo.mx\/wp-content\/uploads\/2024\/02\/cropped-LogoBlanco.png"},"aioseo_meta_data":{"post_id":"4982","title":null,"description":null,"keywords":null,"keyphrases":{"focus":[],"additional":[]},"primary_term":null,"canonical_url":null,"og_title":null,"og_description":null,"og_object_type":"default","og_image_type":"default","og_image_url":null,"og_image_width":null,"og_image_height":null,"og_image_custom_url":null,"og_image_custom_fields":null,"og_video":null,"og_custom_url":null,"og_article_section":null,"og_article_tags":null,"twitter_use_og":false,"twitter_card":"default","twitter_image_type":"default","twitter_image_url":null,"twitter_image_custom_url":null,"twitter_image_custom_fields":null,"twitter_title":null,"twitter_description":null,"schema":{"blockGraphs":[],"customGraphs":[],"default":{"data":{"Article":[],"Course":[],"Dataset":[],"FAQPage":[],"Movie":[],"Person":[],"Product":[],"ProductReview":[],"Car":[],"Recipe":[],"Service":[],"SoftwareApplication":[],"WebPage":[]},"graphName":"","isEnabled":true},"graphs":[]},"schema_type":"default","schema_type_options":null,"pillar_content":false,"robots_default":true,"robots_noindex":false,"robots_noarchive":false,"robots_nosnippet":false,"robots_nofollow":false,"robots_noimageindex":false,"robots_noodp":false,"robots_notranslate":false,"robots_max_snippet":null,"robots_max_videopreview":null,"robots_max_imagepreview":"large","priority":null,"frequency":null,"local_seo":null,"limit_modified_date":false,"created":"2026-09-02 19:33:01","updated":"2026-09-02 19:37:56","ai":null,"breadcrumb_settings":null,"seo_analyzer_scan_date":null,"focus_keyword":null,"additional_keywords":null,"truseo_locale":null},"aioseo_breadcrumb":"<div class=\"aioseo-breadcrumbs\"><span class=\"aioseo-breadcrumb\">\n\t\t\t<a href=\"https:\/\/elprogresivo.mx\" title=\"Home\">Home<\/a>\n\t\t<\/span><span class=\"aioseo-breadcrumb-separator\">&raquo;<\/span><span class=\"aioseo-breadcrumb\">\n\t\t\t<a href=\"https:\/\/elprogresivo.mx\/index.php\/category\/blog\/\" title=\"Blog\">Blog<\/a>\n\t\t<\/span><span class=\"aioseo-breadcrumb-separator\">&raquo;<\/span><span class=\"aioseo-breadcrumb\">\n\t\t\tEntregan 119 toneladas de avena a ganaderos de Amealco\n\t\t<\/span><\/div>","aioseo_breadcrumb_json":[{"label":"Home","link":"https:\/\/elprogresivo.mx"},{"label":"Blog","link":"https:\/\/elprogresivo.mx\/index.php\/category\/blog\/"},{"label":"Entregan 119 toneladas de avena a ganaderos de Amealco","link":"https:\/\/elprogresivo.mx\/index.php\/2026\/09\/02\/entregan-119-toneladas-de-avena-a-ganaderos-de-amealco\/"}],"jetpack_publicize_connections":[],"_links":{"self":[{"href":"https:\/\/elprogresivo.mx\/index.php\/wp-json\/wp\/v2\/posts\/4982","targetHints":{"allow":["GET"]}}],"collection":[{"href":"https:\/\/elprogresivo.mx\/index.php\/wp-json\/wp\/v2\/posts"}],"about":[{"href":"https:\/\/elprogresivo.mx\/index.php\/wp-json\/wp\/v2\/types\/post"}],"author":[{"embeddable":true,"href":"https:\/\/elprogresivo.mx\/index.php\/wp-json\/wp\/v2\/users\/5"}],"replies":[{"embeddable":true,"href":"https:\/\/elprogresivo.mx\/index.php\/wp-json\/wp\/v2\/comments?post=4982"}],"version-history":[{"count":0,"href":"https:\/\/elprogresivo.mx\/index.php\/wp-json\/wp\/v2\/posts\/4982\/revisions"}],"wp:featuredmedia":[{"embeddable":true,"href":"https:\/\/elprogresivo.mx\/index.php\/wp-json\/wp\/v2\/media\/4981"}],"wp:attachment":[{"href":"https:\/\/elprogresivo.mx\/index.php\/wp-json\/wp\/v2\/media?parent=4982"}],"wp:term":[{"taxonomy":"category","embeddable":true,"href":"https:\/\/elprogresivo.mx\/index.php\/wp-json\/wp\/v2\/categories?post=4982"},{"taxonomy":"post_tag","embeddable":true,"href":"https:\/\/elprogresivo.mx\/index.php\/wp-json\/wp\/v2\/tags?post=4982"}],"curies":[{"name":"wp","href":"https:\/\/api.w.org\/{rel}","templated":true}]}}