{"id":4980,"date":"2026-09-02T19:32:20","date_gmt":"2026-09-02T19:32:20","guid":{"rendered":"https:\/\/elprogresivo.mx\/?p=4980"},"modified":"2026-09-02T19:32:22","modified_gmt":"2026-09-02T19:32:22","slug":"encuentro-industrial-2026-menos-exhibicion-mas-negocios-en-qro","status":"publish","type":"post","link":"https:\/\/elprogresivo.mx\/index.php\/2026\/09\/02\/encuentro-industrial-2026-menos-exhibicion-mas-negocios-en-qro\/","title":{"rendered":"Encuentro Industrial 2026: menos exhibici\u00f3n, m\u00e1s negocios en Qro"},"content":{"rendered":"<p>El Encuentro Industrial de Quer\u00e9taro 2026 cambia su enfoque: ya no se trata solo de exponer productos, sino de cerrar tratos. El gobernador Mauricio Kuri Gonz\u00e1lez anunci\u00f3 que el evento busca concretar inversiones y crear empleos.<\/p>\n<p>En el Quer\u00e9taro Centro de Congresos, 580 proveedores y 60 compradores agendaron m\u00e1s de 700 citas. La meta es generar m\u00e1s de cinco mil 600 enlaces de negocio reales.<\/p>\n<p>El secretario de Desarrollo Sustentable, Marco Antonio Del Prete Tercero, explic\u00f3 la estrategia. Dijeron que eliminaron lo innecesario para que las empresas encuentren socios r\u00e1pido.<\/p>\n<p>&#8220;Reducimos lo accesorio para concentrarnos en lo verdaderamente importante. Simplificamos el formato, focalizamos los esfuerzos y construimos un encuentro m\u00e1s preciso, m\u00e1s din\u00e1mico y con una mayor capacidad para vincular proveedores con compradores. Es un evento m\u00e1s concentrado, pero tambi\u00e9n mucho m\u00e1s potente. Menos dispersi\u00f3n y m\u00e1s resultados. Menos encuentros fortuitos, m\u00e1s citas estrat\u00e9gicas; menos \u00e9nfasis en contar asistentes, m\u00e1s \u00e9nfasis en concretar oportunidades&#8221;, afirm\u00f3 Del Prete Tercero.<\/p>\n<p>El evento incluye una Expo Empleo con 25 firmas y 400 vacantes para t\u00e9cnicos. Tambi\u00e9n hay espacio para 50 peque\u00f1os productores locales.<\/p>\n<p>Los sectores automotriz, aeroespacial y m\u00e9dico participan. Se sum\u00f3 un Pabell\u00f3n Tecnol\u00f3gico de la Secretar\u00eda de Juventud para dar alcance digital.<\/p>\n","protected":false},"excerpt":{"rendered":"<p>El Encuentro Industrial de Quer\u00e9taro 2026 cambia su enfoque: ya no se trata solo de&#8230;<\/p>\n","protected":false},"author":5,"featured_media":4998,"comment_status":"open","ping_status":"open","sticky":false,"template":"","format":"standard","meta":{"om_disable_all_campaigns":false,"_monsterinsights_skip_tracking":false,"footnotes":"","jetpack_publicize_message":"","jetpack_publicize_feature_enabled":true,"jetpack_social_post_already_shared":true,"jetpack_social_options":{"image_generator_settings":{"template":"highway","default_image_id":0,"font":"","enabled":false},"version":2}},"categories":[1,71],"tags":[1967,2016,2000,91],"class_list":["post-4980","post","type-post","status-publish","format-standard","has-post-thumbnail","hentry","category-blog","category-principal","tag-empleo","tag-industria","tag-inversion","tag-negocios"],"aioseo_notices":[],"aioseo_head":"\n\t\t<!-- All in One SEO 5.0.1.1 - aioseo.com -->\n\t<meta name=\"description\" content=\"El Encuentro Industrial de Quer\u00e9taro 2026 cambia su enfoque: ya no se trata solo de exponer productos, sino de cerrar tratos. El gobernador Mauricio Kuri Gonz\u00e1lez anunci\u00f3 que el evento busca concretar inversiones y crear empleos. En el Quer\u00e9taro Centro de Congresos, 580 proveedores y 60 compradores agendaron m\u00e1s de 700 citas. La meta es\" \/>\n\t<meta name=\"robots\" content=\"max-image-preview:large\" \/>\n\t<meta name=\"author\" content=\"Staff\"\/>\n\t<link rel=\"canonical\" href=\"https:\/\/elprogresivo.mx\/index.php\/2026\/09\/02\/encuentro-industrial-2026-menos-exhibicion-mas-negocios-en-qro\/\" \/>\n\t<meta name=\"generator\" content=\"All in One SEO (AIOSEO) 5.0.1.1\" \/>\n\t\t<meta property=\"og:locale\" content=\"es_MX\" \/>\n\t\t<meta property=\"og:site_name\" content=\"elprogresivo.mx - Construimos una nueva etapa en informaci\u00f3n\" \/>\n\t\t<meta property=\"og:type\" content=\"article\" \/>\n\t\t<meta property=\"og:title\" content=\"Encuentro Industrial 2026: menos exhibici\u00f3n, m\u00e1s negocios en Qro - elprogresivo.mx\" \/>\n\t\t<meta property=\"og:description\" content=\"El Encuentro Industrial de Quer\u00e9taro 2026 cambia su enfoque: ya no se trata solo de exponer productos, sino de cerrar tratos. El gobernador Mauricio Kuri Gonz\u00e1lez anunci\u00f3 que el evento busca concretar inversiones y crear empleos. En el Quer\u00e9taro Centro de Congresos, 580 proveedores y 60 compradores agendaron m\u00e1s de 700 citas. La meta es\" \/>\n\t\t<meta property=\"og:url\" content=\"https:\/\/elprogresivo.mx\/index.php\/2026\/09\/02\/encuentro-industrial-2026-menos-exhibicion-mas-negocios-en-qro\/\" \/>\n\t\t<meta property=\"og:image\" content=\"https:\/\/elprogresivo.mx\/wp-content\/uploads\/2024\/02\/cropped-LogoBlanco.png\" \/>\n\t\t<meta property=\"og:image:secure_url\" content=\"https:\/\/elprogresivo.mx\/wp-content\/uploads\/2024\/02\/cropped-LogoBlanco.png\" \/>\n\t\t<meta property=\"article:published_time\" content=\"2026-09-02T19:32:20+00:00\" \/>\n\t\t<meta property=\"article:modified_time\" content=\"2026-09-02T19:32:22+00:00\" \/>\n\t\t<meta name=\"twitter:card\" content=\"summary_large_image\" \/>\n\t\t<meta name=\"twitter:title\" content=\"Encuentro Industrial 2026: menos exhibici\u00f3n, m\u00e1s negocios en Qro - elprogresivo.mx\" \/>\n\t\t<meta name=\"twitter:description\" content=\"El Encuentro Industrial de Quer\u00e9taro 2026 cambia su enfoque: ya no se trata solo de exponer productos, sino de cerrar tratos. El gobernador Mauricio Kuri Gonz\u00e1lez anunci\u00f3 que el evento busca concretar inversiones y crear empleos. En el Quer\u00e9taro Centro de Congresos, 580 proveedores y 60 compradores agendaron m\u00e1s de 700 citas. La meta es\" \/>\n\t\t<meta name=\"twitter:image\" content=\"https:\/\/elprogresivo.mx\/wp-content\/uploads\/2024\/02\/cropped-LogoBlanco.png\" \/>\n\t\t<script type=\"application\/ld+json\" class=\"aioseo-schema\">\n\t\t\t{\"@context\":\"https:\\\/\\\/schema.org\",\"@graph\":[{\"@type\":\"BlogPosting\",\"@id\":\"https:\\\/\\\/elprogresivo.mx\\\/index.php\\\/2026\\\/09\\\/02\\\/encuentro-industrial-2026-menos-exhibicion-mas-negocios-en-qro\\\/#blogposting\",\"name\":\"Encuentro Industrial 2026: menos exhibici\\u00f3n, m\\u00e1s negocios en Qro - elprogresivo.mx\",\"headline\":\"Encuentro Industrial 2026: menos exhibici\\u00f3n, m\\u00e1s negocios en Qro\",\"author\":{\"@id\":\"https:\\\/\\\/elprogresivo.mx\\\/index.php\\\/author\\\/emmanuel-galvan\\\/#author\"},\"publisher\":{\"@id\":\"https:\\\/\\\/elprogresivo.mx\\\/#organization\"},\"image\":{\"@type\":\"ImageObject\",\"url\":\"https:\\\/\\\/elprogresivo.mx\\\/wp-content\\\/uploads\\\/2026\\\/09\\\/ImageWorks-scaled.jpeg\",\"width\":2560,\"height\":1708},\"datePublished\":\"2026-09-02T19:32:20+00:00\",\"dateModified\":\"2026-09-02T19:32:22+00:00\",\"inLanguage\":\"es-MX\",\"mainEntityOfPage\":{\"@id\":\"https:\\\/\\\/elprogresivo.mx\\\/index.php\\\/2026\\\/09\\\/02\\\/encuentro-industrial-2026-menos-exhibicion-mas-negocios-en-qro\\\/#webpage\"},\"isPartOf\":{\"@id\":\"https:\\\/\\\/elprogresivo.mx\\\/index.php\\\/2026\\\/09\\\/02\\\/encuentro-industrial-2026-menos-exhibicion-mas-negocios-en-qro\\\/#webpage\"},\"articleSection\":\"Blog, Principal, empleo, industria, Inversi\\u00f3n, negocios\"},{\"@type\":\"BreadcrumbList\",\"@id\":\"https:\\\/\\\/elprogresivo.mx\\\/index.php\\\/2026\\\/09\\\/02\\\/encuentro-industrial-2026-menos-exhibicion-mas-negocios-en-qro\\\/#breadcrumblist\",\"itemListElement\":[{\"@type\":\"ListItem\",\"@id\":\"https:\\\/\\\/elprogresivo.mx#listItem\",\"position\":1,\"name\":\"Home\",\"item\":\"https:\\\/\\\/elprogresivo.mx\",\"nextItem\":{\"@type\":\"ListItem\",\"@id\":\"https:\\\/\\\/elprogresivo.mx\\\/index.php\\\/category\\\/blog\\\/#listItem\",\"name\":\"Blog\"}},{\"@type\":\"ListItem\",\"@id\":\"https:\\\/\\\/elprogresivo.mx\\\/index.php\\\/category\\\/blog\\\/#listItem\",\"position\":2,\"name\":\"Blog\",\"item\":\"https:\\\/\\\/elprogresivo.mx\\\/index.php\\\/category\\\/blog\\\/\",\"nextItem\":{\"@type\":\"ListItem\",\"@id\":\"https:\\\/\\\/elprogresivo.mx\\\/index.php\\\/2026\\\/09\\\/02\\\/encuentro-industrial-2026-menos-exhibicion-mas-negocios-en-qro\\\/#listItem\",\"name\":\"Encuentro Industrial 2026: menos exhibici\\u00f3n, m\\u00e1s negocios en Qro\"},\"previousItem\":{\"@type\":\"ListItem\",\"@id\":\"https:\\\/\\\/elprogresivo.mx#listItem\",\"name\":\"Home\"}},{\"@type\":\"ListItem\",\"@id\":\"https:\\\/\\\/elprogresivo.mx\\\/index.php\\\/2026\\\/09\\\/02\\\/encuentro-industrial-2026-menos-exhibicion-mas-negocios-en-qro\\\/#listItem\",\"position\":3,\"name\":\"Encuentro Industrial 2026: menos exhibici\\u00f3n, m\\u00e1s negocios en Qro\",\"previousItem\":{\"@type\":\"ListItem\",\"@id\":\"https:\\\/\\\/elprogresivo.mx\\\/index.php\\\/category\\\/blog\\\/#listItem\",\"name\":\"Blog\"}}]},{\"@type\":\"Organization\",\"@id\":\"https:\\\/\\\/elprogresivo.mx\\\/#organization\",\"name\":\"elprogresivo.mx\",\"description\":\"Construimos una nueva etapa en informaci\\u00f3n\",\"url\":\"https:\\\/\\\/elprogresivo.mx\\\/\",\"logo\":{\"@type\":\"ImageObject\",\"url\":\"https:\\\/\\\/elprogresivo.mx\\\/wp-content\\\/uploads\\\/2024\\\/02\\\/cropped-LogoBlanco.png\",\"@id\":\"https:\\\/\\\/elprogresivo.mx\\\/index.php\\\/2026\\\/09\\\/02\\\/encuentro-industrial-2026-menos-exhibicion-mas-negocios-en-qro\\\/#organizationLogo\",\"width\":2096,\"height\":332},\"image\":{\"@id\":\"https:\\\/\\\/elprogresivo.mx\\\/index.php\\\/2026\\\/09\\\/02\\\/encuentro-industrial-2026-menos-exhibicion-mas-negocios-en-qro\\\/#organizationLogo\"}},{\"@type\":\"Person\",\"@id\":\"https:\\\/\\\/elprogresivo.mx\\\/index.php\\\/author\\\/emmanuel-galvan\\\/#author\",\"url\":\"https:\\\/\\\/elprogresivo.mx\\\/index.php\\\/author\\\/emmanuel-galvan\\\/\",\"name\":\"Staff\",\"image\":{\"@type\":\"ImageObject\",\"@id\":\"https:\\\/\\\/elprogresivo.mx\\\/index.php\\\/2026\\\/09\\\/02\\\/encuentro-industrial-2026-menos-exhibicion-mas-negocios-en-qro\\\/#authorImage\",\"url\":\"https:\\\/\\\/secure.gravatar.com\\\/avatar\\\/3bb87242634c3adf910515f41e6e392ab758b98c8ee7fd12a54fcb5270441486?s=96&d=mm&r=g\",\"width\":96,\"height\":96,\"caption\":\"Staff\"}},{\"@type\":\"WebPage\",\"@id\":\"https:\\\/\\\/elprogresivo.mx\\\/index.php\\\/2026\\\/09\\\/02\\\/encuentro-industrial-2026-menos-exhibicion-mas-negocios-en-qro\\\/#webpage\",\"url\":\"https:\\\/\\\/elprogresivo.mx\\\/index.php\\\/2026\\\/09\\\/02\\\/encuentro-industrial-2026-menos-exhibicion-mas-negocios-en-qro\\\/\",\"name\":\"Encuentro Industrial 2026: menos exhibici\\u00f3n, m\\u00e1s negocios en Qro - elprogresivo.mx\",\"description\":\"El Encuentro Industrial de Quer\\u00e9taro 2026 cambia su enfoque: ya no se trata solo de exponer productos, sino de cerrar tratos. El gobernador Mauricio Kuri Gonz\\u00e1lez anunci\\u00f3 que el evento busca concretar inversiones y crear empleos. En el Quer\\u00e9taro Centro de Congresos, 580 proveedores y 60 compradores agendaron m\\u00e1s de 700 citas. La meta es\",\"inLanguage\":\"es-MX\",\"isPartOf\":{\"@id\":\"https:\\\/\\\/elprogresivo.mx\\\/#website\"},\"breadcrumb\":{\"@id\":\"https:\\\/\\\/elprogresivo.mx\\\/index.php\\\/2026\\\/09\\\/02\\\/encuentro-industrial-2026-menos-exhibicion-mas-negocios-en-qro\\\/#breadcrumblist\"},\"author\":{\"@id\":\"https:\\\/\\\/elprogresivo.mx\\\/index.php\\\/author\\\/emmanuel-galvan\\\/#author\"},\"creator\":{\"@id\":\"https:\\\/\\\/elprogresivo.mx\\\/index.php\\\/author\\\/emmanuel-galvan\\\/#author\"},\"image\":{\"@type\":\"ImageObject\",\"url\":\"https:\\\/\\\/elprogresivo.mx\\\/wp-content\\\/uploads\\\/2026\\\/09\\\/ImageWorks-scaled.jpeg\",\"@id\":\"https:\\\/\\\/elprogresivo.mx\\\/index.php\\\/2026\\\/09\\\/02\\\/encuentro-industrial-2026-menos-exhibicion-mas-negocios-en-qro\\\/#mainImage\",\"width\":2560,\"height\":1708},\"primaryImageOfPage\":{\"@id\":\"https:\\\/\\\/elprogresivo.mx\\\/index.php\\\/2026\\\/09\\\/02\\\/encuentro-industrial-2026-menos-exhibicion-mas-negocios-en-qro\\\/#mainImage\"},\"datePublished\":\"2026-09-02T19:32:20+00:00\",\"dateModified\":\"2026-09-02T19:32:22+00:00\"},{\"@type\":\"WebSite\",\"@id\":\"https:\\\/\\\/elprogresivo.mx\\\/#website\",\"url\":\"https:\\\/\\\/elprogresivo.mx\\\/\",\"name\":\"elprogresivo.mx\",\"description\":\"Construimos una nueva etapa en informaci\\u00f3n\",\"inLanguage\":\"es-MX\",\"publisher\":{\"@id\":\"https:\\\/\\\/elprogresivo.mx\\\/#organization\"}}]}\n\t\t<\/script>\n\t\t<!-- All in One SEO -->\n\n","aioseo_head_json":{"title":"Encuentro Industrial 2026: menos exhibici\u00f3n, m\u00e1s negocios en Qro - elprogresivo.mx","description":"El Encuentro Industrial de Quer\u00e9taro 2026 cambia su enfoque: ya no se trata solo de exponer productos, sino de cerrar tratos. El gobernador Mauricio Kuri Gonz\u00e1lez anunci\u00f3 que el evento busca concretar inversiones y crear empleos. En el Quer\u00e9taro Centro de Congresos, 580 proveedores y 60 compradores agendaron m\u00e1s de 700 citas. La meta es","canonical_url":"https:\/\/elprogresivo.mx\/index.php\/2026\/09\/02\/encuentro-industrial-2026-menos-exhibicion-mas-negocios-en-qro\/","robots":"max-image-preview:large","keywords":"","webmasterTools":{"miscellaneous":""},"schema":{"@context":"https:\/\/schema.org","@graph":[{"@type":"BlogPosting","@id":"https:\/\/elprogresivo.mx\/index.php\/2026\/09\/02\/encuentro-industrial-2026-menos-exhibicion-mas-negocios-en-qro\/#blogposting","name":"Encuentro Industrial 2026: menos exhibici\u00f3n, m\u00e1s negocios en Qro - elprogresivo.mx","headline":"Encuentro Industrial 2026: menos exhibici\u00f3n, m\u00e1s negocios en Qro","author":{"@id":"https:\/\/elprogresivo.mx\/index.php\/author\/emmanuel-galvan\/#author"},"publisher":{"@id":"https:\/\/elprogresivo.mx\/#organization"},"image":{"@type":"ImageObject","url":"https:\/\/elprogresivo.mx\/wp-content\/uploads\/2026\/09\/ImageWorks-scaled.jpeg","width":2560,"height":1708},"datePublished":"2026-09-02T19:32:20+00:00","dateModified":"2026-09-02T19:32:22+00:00","inLanguage":"es-MX","mainEntityOfPage":{"@id":"https:\/\/elprogresivo.mx\/index.php\/2026\/09\/02\/encuentro-industrial-2026-menos-exhibicion-mas-negocios-en-qro\/#webpage"},"isPartOf":{"@id":"https:\/\/elprogresivo.mx\/index.php\/2026\/09\/02\/encuentro-industrial-2026-menos-exhibicion-mas-negocios-en-qro\/#webpage"},"articleSection":"Blog, Principal, empleo, industria, Inversi\u00f3n, negocios"},{"@type":"BreadcrumbList","@id":"https:\/\/elprogresivo.mx\/index.php\/2026\/09\/02\/encuentro-industrial-2026-menos-exhibicion-mas-negocios-en-qro\/#breadcrumblist","itemListElement":[{"@type":"ListItem","@id":"https:\/\/elprogresivo.mx#listItem","position":1,"name":"Home","item":"https:\/\/elprogresivo.mx","nextItem":{"@type":"ListItem","@id":"https:\/\/elprogresivo.mx\/index.php\/category\/blog\/#listItem","name":"Blog"}},{"@type":"ListItem","@id":"https:\/\/elprogresivo.mx\/index.php\/category\/blog\/#listItem","position":2,"name":"Blog","item":"https:\/\/elprogresivo.mx\/index.php\/category\/blog\/","nextItem":{"@type":"ListItem","@id":"https:\/\/elprogresivo.mx\/index.php\/2026\/09\/02\/encuentro-industrial-2026-menos-exhibicion-mas-negocios-en-qro\/#listItem","name":"Encuentro Industrial 2026: menos exhibici\u00f3n, m\u00e1s negocios en Qro"},"previousItem":{"@type":"ListItem","@id":"https:\/\/elprogresivo.mx#listItem","name":"Home"}},{"@type":"ListItem","@id":"https:\/\/elprogresivo.mx\/index.php\/2026\/09\/02\/encuentro-industrial-2026-menos-exhibicion-mas-negocios-en-qro\/#listItem","position":3,"name":"Encuentro Industrial 2026: menos exhibici\u00f3n, m\u00e1s negocios en Qro","previousItem":{"@type":"ListItem","@id":"https:\/\/elprogresivo.mx\/index.php\/category\/blog\/#listItem","name":"Blog"}}]},{"@type":"Organization","@id":"https:\/\/elprogresivo.mx\/#organization","name":"elprogresivo.mx","description":"Construimos una nueva etapa en informaci\u00f3n","url":"https:\/\/elprogresivo.mx\/","logo":{"@type":"ImageObject","url":"https:\/\/elprogresivo.mx\/wp-content\/uploads\/2024\/02\/cropped-LogoBlanco.png","@id":"https:\/\/elprogresivo.mx\/index.php\/2026\/09\/02\/encuentro-industrial-2026-menos-exhibicion-mas-negocios-en-qro\/#organizationLogo","width":2096,"height":332},"image":{"@id":"https:\/\/elprogresivo.mx\/index.php\/2026\/09\/02\/encuentro-industrial-2026-menos-exhibicion-mas-negocios-en-qro\/#organizationLogo"}},{"@type":"Person","@id":"https:\/\/elprogresivo.mx\/index.php\/author\/emmanuel-galvan\/#author","url":"https:\/\/elprogresivo.mx\/index.php\/author\/emmanuel-galvan\/","name":"Staff","image":{"@type":"ImageObject","@id":"https:\/\/elprogresivo.mx\/index.php\/2026\/09\/02\/encuentro-industrial-2026-menos-exhibicion-mas-negocios-en-qro\/#authorImage","url":"https:\/\/secure.gravatar.com\/avatar\/3bb87242634c3adf910515f41e6e392ab758b98c8ee7fd12a54fcb5270441486?s=96&d=mm&r=g","width":96,"height":96,"caption":"Staff"}},{"@type":"WebPage","@id":"https:\/\/elprogresivo.mx\/index.php\/2026\/09\/02\/encuentro-industrial-2026-menos-exhibicion-mas-negocios-en-qro\/#webpage","url":"https:\/\/elprogresivo.mx\/index.php\/2026\/09\/02\/encuentro-industrial-2026-menos-exhibicion-mas-negocios-en-qro\/","name":"Encuentro Industrial 2026: menos exhibici\u00f3n, m\u00e1s negocios en Qro - elprogresivo.mx","description":"El Encuentro Industrial de Quer\u00e9taro 2026 cambia su enfoque: ya no se trata solo de exponer productos, sino de cerrar tratos. El gobernador Mauricio Kuri Gonz\u00e1lez anunci\u00f3 que el evento busca concretar inversiones y crear empleos. En el Quer\u00e9taro Centro de Congresos, 580 proveedores y 60 compradores agendaron m\u00e1s de 700 citas. La meta es","inLanguage":"es-MX","isPartOf":{"@id":"https:\/\/elprogresivo.mx\/#website"},"breadcrumb":{"@id":"https:\/\/elprogresivo.mx\/index.php\/2026\/09\/02\/encuentro-industrial-2026-menos-exhibicion-mas-negocios-en-qro\/#breadcrumblist"},"author":{"@id":"https:\/\/elprogresivo.mx\/index.php\/author\/emmanuel-galvan\/#author"},"creator":{"@id":"https:\/\/elprogresivo.mx\/index.php\/author\/emmanuel-galvan\/#author"},"image":{"@type":"ImageObject","url":"https:\/\/elprogresivo.mx\/wp-content\/uploads\/2026\/09\/ImageWorks-scaled.jpeg","@id":"https:\/\/elprogresivo.mx\/index.php\/2026\/09\/02\/encuentro-industrial-2026-menos-exhibicion-mas-negocios-en-qro\/#mainImage","width":2560,"height":1708},"primaryImageOfPage":{"@id":"https:\/\/elprogresivo.mx\/index.php\/2026\/09\/02\/encuentro-industrial-2026-menos-exhibicion-mas-negocios-en-qro\/#mainImage"},"datePublished":"2026-09-02T19:32:20+00:00","dateModified":"2026-09-02T19:32:22+00:00"},{"@type":"WebSite","@id":"https:\/\/elprogresivo.mx\/#website","url":"https:\/\/elprogresivo.mx\/","name":"elprogresivo.mx","description":"Construimos una nueva etapa en informaci\u00f3n","inLanguage":"es-MX","publisher":{"@id":"https:\/\/elprogresivo.mx\/#organization"}}]},"og:locale":"es_MX","og:site_name":"elprogresivo.mx - Construimos una nueva etapa en informaci\u00f3n","og:type":"article","og:title":"Encuentro Industrial 2026: menos exhibici\u00f3n, m\u00e1s negocios en Qro - elprogresivo.mx","og:description":"El Encuentro Industrial de Quer\u00e9taro 2026 cambia su enfoque: ya no se trata solo de exponer productos, sino de cerrar tratos. El gobernador Mauricio Kuri Gonz\u00e1lez anunci\u00f3 que el evento busca concretar inversiones y crear empleos. En el Quer\u00e9taro Centro de Congresos, 580 proveedores y 60 compradores agendaron m\u00e1s de 700 citas. La meta es","og:url":"https:\/\/elprogresivo.mx\/index.php\/2026\/09\/02\/encuentro-industrial-2026-menos-exhibicion-mas-negocios-en-qro\/","og:image":"https:\/\/elprogresivo.mx\/wp-content\/uploads\/2024\/02\/cropped-LogoBlanco.png","og:image:secure_url":"https:\/\/elprogresivo.mx\/wp-content\/uploads\/2024\/02\/cropped-LogoBlanco.png","article:published_time":"2026-09-02T19:32:20+00:00","article:modified_time":"2026-09-02T19:32:22+00:00","twitter:card":"summary_large_image","twitter:title":"Encuentro Industrial 2026: menos exhibici\u00f3n, m\u00e1s negocios en Qro - elprogresivo.mx","twitter:description":"El Encuentro Industrial de Quer\u00e9taro 2026 cambia su enfoque: ya no se trata solo de exponer productos, sino de cerrar tratos. El gobernador Mauricio Kuri Gonz\u00e1lez anunci\u00f3 que el evento busca concretar inversiones y crear empleos. En el Quer\u00e9taro Centro de Congresos, 580 proveedores y 60 compradores agendaron m\u00e1s de 700 citas. La meta es","twitter:image":"https:\/\/elprogresivo.mx\/wp-content\/uploads\/2024\/02\/cropped-LogoBlanco.png"},"aioseo_meta_data":{"post_id":"4980","title":null,"description":null,"keywords":null,"keyphrases":{"focus":{"keyphrase":"","score":0,"analysis":{"keyphraseInTitle":{"score":0,"maxScore":9,"error":1}}},"additional":[]},"primary_term":null,"canonical_url":null,"og_title":null,"og_description":null,"og_object_type":"default","og_image_type":"default","og_image_url":null,"og_image_width":null,"og_image_height":null,"og_image_custom_url":null,"og_image_custom_fields":null,"og_video":"","og_custom_url":null,"og_article_section":null,"og_article_tags":null,"twitter_use_og":false,"twitter_card":"default","twitter_image_type":"default","twitter_image_url":null,"twitter_image_custom_url":null,"twitter_image_custom_fields":null,"twitter_title":null,"twitter_description":null,"schema":{"blockGraphs":[],"customGraphs":[],"default":{"data":{"Article":[],"Course":[],"Dataset":[],"FAQPage":[],"Movie":[],"Person":[],"Product":[],"ProductReview":[],"Car":[],"Recipe":[],"Service":[],"SoftwareApplication":[],"WebPage":[]},"graphName":"BlogPosting","isEnabled":true},"graphs":[]},"schema_type":"default","schema_type_options":null,"pillar_content":false,"robots_default":true,"robots_noindex":false,"robots_noarchive":false,"robots_nosnippet":false,"robots_nofollow":false,"robots_noimageindex":false,"robots_noodp":false,"robots_notranslate":false,"robots_max_snippet":"-1","robots_max_videopreview":"-1","robots_max_imagepreview":"large","priority":null,"frequency":"default","local_seo":null,"limit_modified_date":false,"created":"2026-09-02 19:24:38","updated":"2026-09-02 19:37:56","ai":{"faqs":[],"keyPoints":[],"schemas":[],"titles":[],"descriptions":[],"socialPosts":{"email":{"subject":"","preview":"","content":""},"linkedin":[],"twitter":[],"facebook":[],"instagram":[]}},"breadcrumb_settings":null,"seo_analyzer_scan_date":null,"focus_keyword":null,"additional_keywords":null,"truseo_locale":null},"aioseo_breadcrumb":"<div class=\"aioseo-breadcrumbs\"><span class=\"aioseo-breadcrumb\">\n\t\t\t<a href=\"https:\/\/elprogresivo.mx\" title=\"Home\">Home<\/a>\n\t\t<\/span><span class=\"aioseo-breadcrumb-separator\">&raquo;<\/span><span class=\"aioseo-breadcrumb\">\n\t\t\t<a href=\"https:\/\/elprogresivo.mx\/index.php\/category\/blog\/\" title=\"Blog\">Blog<\/a>\n\t\t<\/span><span class=\"aioseo-breadcrumb-separator\">&raquo;<\/span><span class=\"aioseo-breadcrumb\">\n\t\t\tEncuentro Industrial 2026: menos exhibici\u00f3n, m\u00e1s negocios en Qro\n\t\t<\/span><\/div>","aioseo_breadcrumb_json":[{"label":"Home","link":"https:\/\/elprogresivo.mx"},{"label":"Blog","link":"https:\/\/elprogresivo.mx\/index.php\/category\/blog\/"},{"label":"Encuentro Industrial 2026: menos exhibici\u00f3n, m\u00e1s negocios en Qro","link":"https:\/\/elprogresivo.mx\/index.php\/2026\/09\/02\/encuentro-industrial-2026-menos-exhibicion-mas-negocios-en-qro\/"}],"jetpack_publicize_connections":[],"_links":{"self":[{"href":"https:\/\/elprogresivo.mx\/index.php\/wp-json\/wp\/v2\/posts\/4980","targetHints":{"allow":["GET"]}}],"collection":[{"href":"https:\/\/elprogresivo.mx\/index.php\/wp-json\/wp\/v2\/posts"}],"about":[{"href":"https:\/\/elprogresivo.mx\/index.php\/wp-json\/wp\/v2\/types\/post"}],"author":[{"embeddable":true,"href":"https:\/\/elprogresivo.mx\/index.php\/wp-json\/wp\/v2\/users\/5"}],"replies":[{"embeddable":true,"href":"https:\/\/elprogresivo.mx\/index.php\/wp-json\/wp\/v2\/comments?post=4980"}],"version-history":[{"count":1,"href":"https:\/\/elprogresivo.mx\/index.php\/wp-json\/wp\/v2\/posts\/4980\/revisions"}],"predecessor-version":[{"id":4999,"href":"https:\/\/elprogresivo.mx\/index.php\/wp-json\/wp\/v2\/posts\/4980\/revisions\/4999"}],"wp:featuredmedia":[{"embeddable":true,"href":"https:\/\/elprogresivo.mx\/index.php\/wp-json\/wp\/v2\/media\/4998"}],"wp:attachment":[{"href":"https:\/\/elprogresivo.mx\/index.php\/wp-json\/wp\/v2\/media?parent=4980"}],"wp:term":[{"taxonomy":"category","embeddable":true,"href":"https:\/\/elprogresivo.mx\/index.php\/wp-json\/wp\/v2\/categories?post=4980"},{"taxonomy":"post_tag","embeddable":true,"href":"https:\/\/elprogresivo.mx\/index.php\/wp-json\/wp\/v2\/tags?post=4980"}],"curies":[{"name":"wp","href":"https:\/\/api.w.org\/{rel}","templated":true}]}}