{"id":4973,"date":"2026-09-02T19:12:53","date_gmt":"2026-09-02T19:12:53","guid":{"rendered":"https:\/\/elprogresivo.mx\/?p=4973"},"modified":"2026-09-02T19:52:26","modified_gmt":"2026-09-02T19:52:26","slug":"kuri-rinde-cuentas-en-la-calle-que-responda-en-la-calle","status":"publish","type":"post","link":"https:\/\/elprogresivo.mx\/index.php\/2026\/09\/02\/kuri-rinde-cuentas-en-la-calle-que-responda-en-la-calle\/","title":{"rendered":"Kuri rinde cuentas en la calle. Que responda en la calle"},"content":{"rendered":"\n<p><em>El quinto informe arranc\u00f3 sin auditorio ni tribuna. Es el formato correcto. Ahora falta que el contenido est\u00e9 a la altura<\/em><\/p>\n\n\n\n<p>yer, 1 de septiembre, el gobernador Mauricio Kuri arranc\u00f3 su quinto informe de gobierno sin auditorio, sin tribuna y sin el ritual protocolario que durante d\u00e9cadas convirti\u00f3 los informes de gobierno en espect\u00e1culos de auto-celebraci\u00f3n desconectados de la gente. En su lugar: episodios publicados en redes sociales con testimonios ciudadanos, y el anuncio de que \u00e9l y su gabinete recorrer\u00e1n los 18 municipios del estado para rendir cuentas en directo. Luis Nava ya sali\u00f3 ayer con usuarios del Qrob\u00fas. El secretario de Seguridad fue a colonias. El formato es el correcto \u2014 y hay que decirlo sin reservas. Un gobernante que elige la calle sobre el escenario entiende algo que muchos de sus pares a\u00fan no aprenden. El problema no es el formato. El problema es lo que se dice en \u00e9l.<\/p>\n\n\n\n<p>Este quinto informe no es un tr\u00e1mite administrativo. Es el pen\u00faltimo antes de que Quer\u00e9taro vaya a las urnas en junio de 2027, y en la l\u00f3gica pol\u00edtica mexicana eso lo convierte en algo m\u00e1s que rendici\u00f3n de cuentas: es la construcci\u00f3n del relato del legado. Lo que Kuri diga en estos recorridos municipales \u2014 y lo que decida no decir \u2014 va a moldear la narrativa con la que el PAN pedir\u00e1 la continuidad en la gubernatura. Que ese relato se construya en la calle, con testimonios reales, es una apuesta inteligente. Que sea tambi\u00e9n selectivo en qu\u00e9 historias cuenta es el riesgo que este espacio no va a dejar pasar.<\/p>\n\n\n\n<p>Un informe de gobierno de calle es m\u00e1s dif\u00edcil de maquillar que uno de auditorio. La gente que camina junto al gobernador tambi\u00e9n tiene preguntas que los episodios de redes no responden.<\/p>\n\n\n\n<p>Porque hay preguntas que los episodios en redes no responden solas. \u00bfQu\u00e9 pas\u00f3 con el dren Pe\u00f1uelas que cost\u00f3 390 millones de pesos y no evit\u00f3 las inundaciones de junio en las colonias del norte? \u00bfC\u00f3mo se explica que Quer\u00e9taro sea el primer lugar nacional en competitividad y simult\u00e1neamente el estado con el manejo m\u00e1s peligroso del pa\u00eds? \u00bfQu\u00e9 significa vetar la Ley de Identidad de G\u00e9nero para el modelo de estado moderno que este gobierno dice construir? \u00bfCu\u00e1ndo el padr\u00f3n de deudores alimentarios va a capturar algo m\u00e1s que 208 personas en un estado con m\u00e1s de 20 mil juicios anuales por pensi\u00f3n? Estas no son preguntas de oposici\u00f3n \u2014 son las cuentas pendientes que cualquier ciudadano queretano tiene derecho a escuchar responder en esos recorridos municipales.<\/p>\n\n\n\n<p>Kuri tiene cinco a\u00f1os de logros reales para mostrar: inversi\u00f3n extranjera, empleo formal, infraestructura, el Tren M\u00e9xico-Quer\u00e9taro en construcci\u00f3n, Evoluci\u00f3n Movilidad, el protocolo antinarcocandidatos. El quinto informe en la calle es la oportunidad de mostrar todo eso sin intermediarios. Pero la rendici\u00f3n de cuentas genuina no es solo contar lo que sali\u00f3 bien \u2014 es tambi\u00e9n explicar lo que no pudo o no quiso resolver. Si los recorridos municipales de septiembre son una gira de testimonios seleccionados, el formato habr\u00e1 sido innovador y el contenido, el de siempre. Si son una conversaci\u00f3n real con la ciudadan\u00eda, este informe puede ser el m\u00e1s honesto que Quer\u00e9taro haya visto en mucho tiempo. La calle ya est\u00e1 puesta. Ahora a ver qu\u00e9 se dice en ella.<\/p>\n\n\n\n<p>Sin Concesiones es una columna de opini\u00f3n semanal de El Progresivo. Las opiniones expresadas son responsabilidad del medio.<\/p>\n","protected":false},"excerpt":{"rendered":"<p>El quinto informe arranc\u00f3 sin auditorio ni tribuna. Es el formato correcto. Ahora falta que&#8230;<\/p>\n","protected":false},"author":1,"featured_media":1953,"comment_status":"open","ping_status":"open","sticky":false,"template":"","format":"standard","meta":{"om_disable_all_campaigns":false,"_monsterinsights_skip_tracking":false,"footnotes":"","jetpack_publicize_message":"","jetpack_publicize_feature_enabled":true,"jetpack_social_post_already_shared":true,"jetpack_social_options":{"image_generator_settings":{"template":"highway","default_image_id":0,"font":"","enabled":false},"version":2}},"categories":[62],"tags":[3279,3282,3281,598,3276,3283,3277,3278,3280,2693,2696,590,3284],"class_list":["post-4973","post","type-post","status-publish","format-standard","has-post-thumbnail","hentry","category-opinion","tag-balance-cinco-anos-kuri-queretaro","tag-deudores-alimentarios-queretaro-informe","tag-dren-penuelas-informe-queretaro","tag-el-progresivo","tag-informe-gobierno-queretaro-septiembre-2026","tag-informe-gobierno-sin-protocolo-queretaro","tag-legado-kuri-queretaro-elecciones-2027","tag-luis-nava-qrobus-informe-queretaro","tag-mauricio-kuri-informe-calle-municipios","tag-quinto-informe-kuri-queretaro-2026","tag-rendicion-cuentas-queretaro-2026","tag-sin-concesiones","tag-veto-ley-trans-queretaro-kuri"],"aioseo_notices":[],"aioseo_head":"\n\t\t<!-- All in One SEO 5.0.1.1 - aioseo.com -->\n\t<meta name=\"description\" content=\"El quinto informe arranc\u00f3 sin auditorio ni tribuna. Es el formato correcto. Ahora falta que el contenido est\u00e9 a la altura yer, 1 de septiembre, el gobernador Mauricio Kuri arranc\u00f3 su quinto informe de gobierno sin auditorio, sin tribuna y sin el ritual protocolario que durante d\u00e9cadas convirti\u00f3 los informes de gobierno en espect\u00e1culos de\" \/>\n\t<meta name=\"robots\" content=\"max-image-preview:large\" \/>\n\t<meta name=\"author\" content=\"elprogresivo.mx\"\/>\n\t<link rel=\"canonical\" href=\"https:\/\/elprogresivo.mx\/index.php\/2026\/09\/02\/kuri-rinde-cuentas-en-la-calle-que-responda-en-la-calle\/\" \/>\n\t<meta name=\"generator\" content=\"All in One SEO (AIOSEO) 5.0.1.1\" \/>\n\t\t<meta property=\"og:locale\" content=\"es_MX\" \/>\n\t\t<meta property=\"og:site_name\" content=\"elprogresivo.mx - Construimos una nueva etapa en informaci\u00f3n\" \/>\n\t\t<meta property=\"og:type\" content=\"article\" \/>\n\t\t<meta property=\"og:title\" content=\"Kuri rinde cuentas en la calle. Que responda en la calle - elprogresivo.mx\" \/>\n\t\t<meta property=\"og:description\" content=\"El quinto informe arranc\u00f3 sin auditorio ni tribuna. Es el formato correcto. Ahora falta que el contenido est\u00e9 a la altura yer, 1 de septiembre, el gobernador Mauricio Kuri arranc\u00f3 su quinto informe de gobierno sin auditorio, sin tribuna y sin el ritual protocolario que durante d\u00e9cadas convirti\u00f3 los informes de gobierno en espect\u00e1culos de\" \/>\n\t\t<meta property=\"og:url\" content=\"https:\/\/elprogresivo.mx\/index.php\/2026\/09\/02\/kuri-rinde-cuentas-en-la-calle-que-responda-en-la-calle\/\" \/>\n\t\t<meta property=\"og:image\" content=\"https:\/\/elprogresivo.mx\/wp-content\/uploads\/2024\/02\/cropped-LogoBlanco.png\" \/>\n\t\t<meta property=\"og:image:secure_url\" content=\"https:\/\/elprogresivo.mx\/wp-content\/uploads\/2024\/02\/cropped-LogoBlanco.png\" \/>\n\t\t<meta property=\"article:published_time\" content=\"2026-09-02T19:12:53+00:00\" \/>\n\t\t<meta property=\"article:modified_time\" content=\"2026-09-02T19:52:26+00:00\" \/>\n\t\t<meta name=\"twitter:card\" content=\"summary_large_image\" \/>\n\t\t<meta name=\"twitter:title\" content=\"Kuri rinde cuentas en la calle. Que responda en la calle - elprogresivo.mx\" \/>\n\t\t<meta name=\"twitter:description\" content=\"El quinto informe arranc\u00f3 sin auditorio ni tribuna. Es el formato correcto. Ahora falta que el contenido est\u00e9 a la altura yer, 1 de septiembre, el gobernador Mauricio Kuri arranc\u00f3 su quinto informe de gobierno sin auditorio, sin tribuna y sin el ritual protocolario que durante d\u00e9cadas convirti\u00f3 los informes de gobierno en espect\u00e1culos de\" \/>\n\t\t<meta name=\"twitter:image\" content=\"https:\/\/elprogresivo.mx\/wp-content\/uploads\/2024\/02\/cropped-LogoBlanco.png\" \/>\n\t\t<script type=\"application\/ld+json\" class=\"aioseo-schema\">\n\t\t\t{\"@context\":\"https:\\\/\\\/schema.org\",\"@graph\":[{\"@type\":\"BlogPosting\",\"@id\":\"https:\\\/\\\/elprogresivo.mx\\\/index.php\\\/2026\\\/09\\\/02\\\/kuri-rinde-cuentas-en-la-calle-que-responda-en-la-calle\\\/#blogposting\",\"name\":\"Kuri rinde cuentas en la calle. Que responda en la calle - elprogresivo.mx\",\"headline\":\"Kuri rinde cuentas en la calle. Que responda en la calle\",\"author\":{\"@id\":\"https:\\\/\\\/elprogresivo.mx\\\/index.php\\\/author\\\/elprogresivo-mx\\\/#author\"},\"publisher\":{\"@id\":\"https:\\\/\\\/elprogresivo.mx\\\/#organization\"},\"image\":{\"@type\":\"ImageObject\",\"url\":\"https:\\\/\\\/elprogresivo.mx\\\/wp-content\\\/uploads\\\/2026\\\/04\\\/ChatGPT-Image-Apr-21-2026-12_20_13-PM-e1784566569584.png\",\"width\":1254,\"height\":620},\"datePublished\":\"2026-09-02T19:12:53+00:00\",\"dateModified\":\"2026-09-02T19:52:26+00:00\",\"inLanguage\":\"es-MX\",\"mainEntityOfPage\":{\"@id\":\"https:\\\/\\\/elprogresivo.mx\\\/index.php\\\/2026\\\/09\\\/02\\\/kuri-rinde-cuentas-en-la-calle-que-responda-en-la-calle\\\/#webpage\"},\"isPartOf\":{\"@id\":\"https:\\\/\\\/elprogresivo.mx\\\/index.php\\\/2026\\\/09\\\/02\\\/kuri-rinde-cuentas-en-la-calle-que-responda-en-la-calle\\\/#webpage\"},\"articleSection\":\"Opini\\u00f3n, balance cinco a\\u00f1os Kuri Quer\\u00e9taro, deudores alimentarios Quer\\u00e9taro informe, dren Pe\\u00f1uelas informe Quer\\u00e9taro, El Progresivo, informe gobierno Quer\\u00e9taro septiembre 2026, informe gobierno sin protocolo Quer\\u00e9taro, legado Kuri Quer\\u00e9taro elecciones 2027, Luis Nava Qrobus informe Quer\\u00e9taro, Mauricio Kuri informe calle municipios, quinto informe Kuri Quer\\u00e9taro 2026, rendici\\u00f3n cuentas Quer\\u00e9taro 2026, Sin Concesiones, veto ley trans Quer\\u00e9taro Kuri\"},{\"@type\":\"BreadcrumbList\",\"@id\":\"https:\\\/\\\/elprogresivo.mx\\\/index.php\\\/2026\\\/09\\\/02\\\/kuri-rinde-cuentas-en-la-calle-que-responda-en-la-calle\\\/#breadcrumblist\",\"itemListElement\":[{\"@type\":\"ListItem\",\"@id\":\"https:\\\/\\\/elprogresivo.mx#listItem\",\"position\":1,\"name\":\"Home\",\"item\":\"https:\\\/\\\/elprogresivo.mx\",\"nextItem\":{\"@type\":\"ListItem\",\"@id\":\"https:\\\/\\\/elprogresivo.mx\\\/index.php\\\/category\\\/opinion\\\/#listItem\",\"name\":\"Opini\\u00f3n\"}},{\"@type\":\"ListItem\",\"@id\":\"https:\\\/\\\/elprogresivo.mx\\\/index.php\\\/category\\\/opinion\\\/#listItem\",\"position\":2,\"name\":\"Opini\\u00f3n\",\"item\":\"https:\\\/\\\/elprogresivo.mx\\\/index.php\\\/category\\\/opinion\\\/\",\"nextItem\":{\"@type\":\"ListItem\",\"@id\":\"https:\\\/\\\/elprogresivo.mx\\\/index.php\\\/2026\\\/09\\\/02\\\/kuri-rinde-cuentas-en-la-calle-que-responda-en-la-calle\\\/#listItem\",\"name\":\"Kuri rinde cuentas en la calle. Que responda en la calle\"},\"previousItem\":{\"@type\":\"ListItem\",\"@id\":\"https:\\\/\\\/elprogresivo.mx#listItem\",\"name\":\"Home\"}},{\"@type\":\"ListItem\",\"@id\":\"https:\\\/\\\/elprogresivo.mx\\\/index.php\\\/2026\\\/09\\\/02\\\/kuri-rinde-cuentas-en-la-calle-que-responda-en-la-calle\\\/#listItem\",\"position\":3,\"name\":\"Kuri rinde cuentas en la calle. Que responda en la calle\",\"previousItem\":{\"@type\":\"ListItem\",\"@id\":\"https:\\\/\\\/elprogresivo.mx\\\/index.php\\\/category\\\/opinion\\\/#listItem\",\"name\":\"Opini\\u00f3n\"}}]},{\"@type\":\"Organization\",\"@id\":\"https:\\\/\\\/elprogresivo.mx\\\/#organization\",\"name\":\"elprogresivo.mx\",\"description\":\"Construimos una nueva etapa en informaci\\u00f3n\",\"url\":\"https:\\\/\\\/elprogresivo.mx\\\/\",\"logo\":{\"@type\":\"ImageObject\",\"url\":\"https:\\\/\\\/elprogresivo.mx\\\/wp-content\\\/uploads\\\/2024\\\/02\\\/cropped-LogoBlanco.png\",\"@id\":\"https:\\\/\\\/elprogresivo.mx\\\/index.php\\\/2026\\\/09\\\/02\\\/kuri-rinde-cuentas-en-la-calle-que-responda-en-la-calle\\\/#organizationLogo\",\"width\":2096,\"height\":332},\"image\":{\"@id\":\"https:\\\/\\\/elprogresivo.mx\\\/index.php\\\/2026\\\/09\\\/02\\\/kuri-rinde-cuentas-en-la-calle-que-responda-en-la-calle\\\/#organizationLogo\"}},{\"@type\":\"Person\",\"@id\":\"https:\\\/\\\/elprogresivo.mx\\\/index.php\\\/author\\\/elprogresivo-mx\\\/#author\",\"url\":\"https:\\\/\\\/elprogresivo.mx\\\/index.php\\\/author\\\/elprogresivo-mx\\\/\",\"name\":\"elprogresivo.mx\",\"image\":{\"@type\":\"ImageObject\",\"@id\":\"https:\\\/\\\/elprogresivo.mx\\\/index.php\\\/2026\\\/09\\\/02\\\/kuri-rinde-cuentas-en-la-calle-que-responda-en-la-calle\\\/#authorImage\",\"url\":\"https:\\\/\\\/secure.gravatar.com\\\/avatar\\\/f8f619b2b94bf196501220695d5a6b8552763754143ed0ab1cf99ef065ae37cf?s=96&d=mm&r=g\",\"width\":96,\"height\":96,\"caption\":\"elprogresivo.mx\"}},{\"@type\":\"WebPage\",\"@id\":\"https:\\\/\\\/elprogresivo.mx\\\/index.php\\\/2026\\\/09\\\/02\\\/kuri-rinde-cuentas-en-la-calle-que-responda-en-la-calle\\\/#webpage\",\"url\":\"https:\\\/\\\/elprogresivo.mx\\\/index.php\\\/2026\\\/09\\\/02\\\/kuri-rinde-cuentas-en-la-calle-que-responda-en-la-calle\\\/\",\"name\":\"Kuri rinde cuentas en la calle. Que responda en la calle - elprogresivo.mx\",\"description\":\"El quinto informe arranc\\u00f3 sin auditorio ni tribuna. Es el formato correcto. Ahora falta que el contenido est\\u00e9 a la altura yer, 1 de septiembre, el gobernador Mauricio Kuri arranc\\u00f3 su quinto informe de gobierno sin auditorio, sin tribuna y sin el ritual protocolario que durante d\\u00e9cadas convirti\\u00f3 los informes de gobierno en espect\\u00e1culos de\",\"inLanguage\":\"es-MX\",\"isPartOf\":{\"@id\":\"https:\\\/\\\/elprogresivo.mx\\\/#website\"},\"breadcrumb\":{\"@id\":\"https:\\\/\\\/elprogresivo.mx\\\/index.php\\\/2026\\\/09\\\/02\\\/kuri-rinde-cuentas-en-la-calle-que-responda-en-la-calle\\\/#breadcrumblist\"},\"author\":{\"@id\":\"https:\\\/\\\/elprogresivo.mx\\\/index.php\\\/author\\\/elprogresivo-mx\\\/#author\"},\"creator\":{\"@id\":\"https:\\\/\\\/elprogresivo.mx\\\/index.php\\\/author\\\/elprogresivo-mx\\\/#author\"},\"image\":{\"@type\":\"ImageObject\",\"url\":\"https:\\\/\\\/elprogresivo.mx\\\/wp-content\\\/uploads\\\/2026\\\/04\\\/ChatGPT-Image-Apr-21-2026-12_20_13-PM-e1784566569584.png\",\"@id\":\"https:\\\/\\\/elprogresivo.mx\\\/index.php\\\/2026\\\/09\\\/02\\\/kuri-rinde-cuentas-en-la-calle-que-responda-en-la-calle\\\/#mainImage\",\"width\":1254,\"height\":620},\"primaryImageOfPage\":{\"@id\":\"https:\\\/\\\/elprogresivo.mx\\\/index.php\\\/2026\\\/09\\\/02\\\/kuri-rinde-cuentas-en-la-calle-que-responda-en-la-calle\\\/#mainImage\"},\"datePublished\":\"2026-09-02T19:12:53+00:00\",\"dateModified\":\"2026-09-02T19:52:26+00:00\"},{\"@type\":\"WebSite\",\"@id\":\"https:\\\/\\\/elprogresivo.mx\\\/#website\",\"url\":\"https:\\\/\\\/elprogresivo.mx\\\/\",\"name\":\"elprogresivo.mx\",\"description\":\"Construimos una nueva etapa en informaci\\u00f3n\",\"inLanguage\":\"es-MX\",\"publisher\":{\"@id\":\"https:\\\/\\\/elprogresivo.mx\\\/#organization\"}}]}\n\t\t<\/script>\n\t\t<!-- All in One SEO -->\n\n","aioseo_head_json":{"title":"Kuri rinde cuentas en la calle. Que responda en la calle - elprogresivo.mx","description":"El quinto informe arranc\u00f3 sin auditorio ni tribuna. Es el formato correcto. Ahora falta que el contenido est\u00e9 a la altura yer, 1 de septiembre, el gobernador Mauricio Kuri arranc\u00f3 su quinto informe de gobierno sin auditorio, sin tribuna y sin el ritual protocolario que durante d\u00e9cadas convirti\u00f3 los informes de gobierno en espect\u00e1culos de","canonical_url":"https:\/\/elprogresivo.mx\/index.php\/2026\/09\/02\/kuri-rinde-cuentas-en-la-calle-que-responda-en-la-calle\/","robots":"max-image-preview:large","keywords":"","webmasterTools":{"miscellaneous":""},"schema":{"@context":"https:\/\/schema.org","@graph":[{"@type":"BlogPosting","@id":"https:\/\/elprogresivo.mx\/index.php\/2026\/09\/02\/kuri-rinde-cuentas-en-la-calle-que-responda-en-la-calle\/#blogposting","name":"Kuri rinde cuentas en la calle. Que responda en la calle - elprogresivo.mx","headline":"Kuri rinde cuentas en la calle. Que responda en la calle","author":{"@id":"https:\/\/elprogresivo.mx\/index.php\/author\/elprogresivo-mx\/#author"},"publisher":{"@id":"https:\/\/elprogresivo.mx\/#organization"},"image":{"@type":"ImageObject","url":"https:\/\/elprogresivo.mx\/wp-content\/uploads\/2026\/04\/ChatGPT-Image-Apr-21-2026-12_20_13-PM-e1784566569584.png","width":1254,"height":620},"datePublished":"2026-09-02T19:12:53+00:00","dateModified":"2026-09-02T19:52:26+00:00","inLanguage":"es-MX","mainEntityOfPage":{"@id":"https:\/\/elprogresivo.mx\/index.php\/2026\/09\/02\/kuri-rinde-cuentas-en-la-calle-que-responda-en-la-calle\/#webpage"},"isPartOf":{"@id":"https:\/\/elprogresivo.mx\/index.php\/2026\/09\/02\/kuri-rinde-cuentas-en-la-calle-que-responda-en-la-calle\/#webpage"},"articleSection":"Opini\u00f3n, balance cinco a\u00f1os Kuri Quer\u00e9taro, deudores alimentarios Quer\u00e9taro informe, dren Pe\u00f1uelas informe Quer\u00e9taro, El Progresivo, informe gobierno Quer\u00e9taro septiembre 2026, informe gobierno sin protocolo Quer\u00e9taro, legado Kuri Quer\u00e9taro elecciones 2027, Luis Nava Qrobus informe Quer\u00e9taro, Mauricio Kuri informe calle municipios, quinto informe Kuri Quer\u00e9taro 2026, rendici\u00f3n cuentas Quer\u00e9taro 2026, Sin Concesiones, veto ley trans Quer\u00e9taro Kuri"},{"@type":"BreadcrumbList","@id":"https:\/\/elprogresivo.mx\/index.php\/2026\/09\/02\/kuri-rinde-cuentas-en-la-calle-que-responda-en-la-calle\/#breadcrumblist","itemListElement":[{"@type":"ListItem","@id":"https:\/\/elprogresivo.mx#listItem","position":1,"name":"Home","item":"https:\/\/elprogresivo.mx","nextItem":{"@type":"ListItem","@id":"https:\/\/elprogresivo.mx\/index.php\/category\/opinion\/#listItem","name":"Opini\u00f3n"}},{"@type":"ListItem","@id":"https:\/\/elprogresivo.mx\/index.php\/category\/opinion\/#listItem","position":2,"name":"Opini\u00f3n","item":"https:\/\/elprogresivo.mx\/index.php\/category\/opinion\/","nextItem":{"@type":"ListItem","@id":"https:\/\/elprogresivo.mx\/index.php\/2026\/09\/02\/kuri-rinde-cuentas-en-la-calle-que-responda-en-la-calle\/#listItem","name":"Kuri rinde cuentas en la calle. Que responda en la calle"},"previousItem":{"@type":"ListItem","@id":"https:\/\/elprogresivo.mx#listItem","name":"Home"}},{"@type":"ListItem","@id":"https:\/\/elprogresivo.mx\/index.php\/2026\/09\/02\/kuri-rinde-cuentas-en-la-calle-que-responda-en-la-calle\/#listItem","position":3,"name":"Kuri rinde cuentas en la calle. Que responda en la calle","previousItem":{"@type":"ListItem","@id":"https:\/\/elprogresivo.mx\/index.php\/category\/opinion\/#listItem","name":"Opini\u00f3n"}}]},{"@type":"Organization","@id":"https:\/\/elprogresivo.mx\/#organization","name":"elprogresivo.mx","description":"Construimos una nueva etapa en informaci\u00f3n","url":"https:\/\/elprogresivo.mx\/","logo":{"@type":"ImageObject","url":"https:\/\/elprogresivo.mx\/wp-content\/uploads\/2024\/02\/cropped-LogoBlanco.png","@id":"https:\/\/elprogresivo.mx\/index.php\/2026\/09\/02\/kuri-rinde-cuentas-en-la-calle-que-responda-en-la-calle\/#organizationLogo","width":2096,"height":332},"image":{"@id":"https:\/\/elprogresivo.mx\/index.php\/2026\/09\/02\/kuri-rinde-cuentas-en-la-calle-que-responda-en-la-calle\/#organizationLogo"}},{"@type":"Person","@id":"https:\/\/elprogresivo.mx\/index.php\/author\/elprogresivo-mx\/#author","url":"https:\/\/elprogresivo.mx\/index.php\/author\/elprogresivo-mx\/","name":"elprogresivo.mx","image":{"@type":"ImageObject","@id":"https:\/\/elprogresivo.mx\/index.php\/2026\/09\/02\/kuri-rinde-cuentas-en-la-calle-que-responda-en-la-calle\/#authorImage","url":"https:\/\/secure.gravatar.com\/avatar\/f8f619b2b94bf196501220695d5a6b8552763754143ed0ab1cf99ef065ae37cf?s=96&d=mm&r=g","width":96,"height":96,"caption":"elprogresivo.mx"}},{"@type":"WebPage","@id":"https:\/\/elprogresivo.mx\/index.php\/2026\/09\/02\/kuri-rinde-cuentas-en-la-calle-que-responda-en-la-calle\/#webpage","url":"https:\/\/elprogresivo.mx\/index.php\/2026\/09\/02\/kuri-rinde-cuentas-en-la-calle-que-responda-en-la-calle\/","name":"Kuri rinde cuentas en la calle. Que responda en la calle - elprogresivo.mx","description":"El quinto informe arranc\u00f3 sin auditorio ni tribuna. Es el formato correcto. Ahora falta que el contenido est\u00e9 a la altura yer, 1 de septiembre, el gobernador Mauricio Kuri arranc\u00f3 su quinto informe de gobierno sin auditorio, sin tribuna y sin el ritual protocolario que durante d\u00e9cadas convirti\u00f3 los informes de gobierno en espect\u00e1culos de","inLanguage":"es-MX","isPartOf":{"@id":"https:\/\/elprogresivo.mx\/#website"},"breadcrumb":{"@id":"https:\/\/elprogresivo.mx\/index.php\/2026\/09\/02\/kuri-rinde-cuentas-en-la-calle-que-responda-en-la-calle\/#breadcrumblist"},"author":{"@id":"https:\/\/elprogresivo.mx\/index.php\/author\/elprogresivo-mx\/#author"},"creator":{"@id":"https:\/\/elprogresivo.mx\/index.php\/author\/elprogresivo-mx\/#author"},"image":{"@type":"ImageObject","url":"https:\/\/elprogresivo.mx\/wp-content\/uploads\/2026\/04\/ChatGPT-Image-Apr-21-2026-12_20_13-PM-e1784566569584.png","@id":"https:\/\/elprogresivo.mx\/index.php\/2026\/09\/02\/kuri-rinde-cuentas-en-la-calle-que-responda-en-la-calle\/#mainImage","width":1254,"height":620},"primaryImageOfPage":{"@id":"https:\/\/elprogresivo.mx\/index.php\/2026\/09\/02\/kuri-rinde-cuentas-en-la-calle-que-responda-en-la-calle\/#mainImage"},"datePublished":"2026-09-02T19:12:53+00:00","dateModified":"2026-09-02T19:52:26+00:00"},{"@type":"WebSite","@id":"https:\/\/elprogresivo.mx\/#website","url":"https:\/\/elprogresivo.mx\/","name":"elprogresivo.mx","description":"Construimos una nueva etapa en informaci\u00f3n","inLanguage":"es-MX","publisher":{"@id":"https:\/\/elprogresivo.mx\/#organization"}}]},"og:locale":"es_MX","og:site_name":"elprogresivo.mx - Construimos una nueva etapa en informaci\u00f3n","og:type":"article","og:title":"Kuri rinde cuentas en la calle. Que responda en la calle - elprogresivo.mx","og:description":"El quinto informe arranc\u00f3 sin auditorio ni tribuna. Es el formato correcto. Ahora falta que el contenido est\u00e9 a la altura yer, 1 de septiembre, el gobernador Mauricio Kuri arranc\u00f3 su quinto informe de gobierno sin auditorio, sin tribuna y sin el ritual protocolario que durante d\u00e9cadas convirti\u00f3 los informes de gobierno en espect\u00e1culos de","og:url":"https:\/\/elprogresivo.mx\/index.php\/2026\/09\/02\/kuri-rinde-cuentas-en-la-calle-que-responda-en-la-calle\/","og:image":"https:\/\/elprogresivo.mx\/wp-content\/uploads\/2024\/02\/cropped-LogoBlanco.png","og:image:secure_url":"https:\/\/elprogresivo.mx\/wp-content\/uploads\/2024\/02\/cropped-LogoBlanco.png","article:published_time":"2026-09-02T19:12:53+00:00","article:modified_time":"2026-09-02T19:52:26+00:00","twitter:card":"summary_large_image","twitter:title":"Kuri rinde cuentas en la calle. Que responda en la calle - elprogresivo.mx","twitter:description":"El quinto informe arranc\u00f3 sin auditorio ni tribuna. Es el formato correcto. Ahora falta que el contenido est\u00e9 a la altura yer, 1 de septiembre, el gobernador Mauricio Kuri arranc\u00f3 su quinto informe de gobierno sin auditorio, sin tribuna y sin el ritual protocolario que durante d\u00e9cadas convirti\u00f3 los informes de gobierno en espect\u00e1culos de","twitter:image":"https:\/\/elprogresivo.mx\/wp-content\/uploads\/2024\/02\/cropped-LogoBlanco.png"},"aioseo_meta_data":{"post_id":"4973","title":null,"description":null,"keywords":null,"keyphrases":{"focus":{"keyphrase":"","score":0,"analysis":{"keyphraseInTitle":{"score":0,"maxScore":9,"error":1}}},"additional":[]},"primary_term":null,"canonical_url":null,"og_title":null,"og_description":null,"og_object_type":"default","og_image_type":"default","og_image_url":null,"og_image_width":null,"og_image_height":null,"og_image_custom_url":null,"og_image_custom_fields":null,"og_video":"","og_custom_url":null,"og_article_section":null,"og_article_tags":null,"twitter_use_og":false,"twitter_card":"default","twitter_image_type":"default","twitter_image_url":null,"twitter_image_custom_url":null,"twitter_image_custom_fields":null,"twitter_title":null,"twitter_description":null,"schema":{"blockGraphs":[],"customGraphs":[],"default":{"data":{"Article":[],"Course":[],"Dataset":[],"FAQPage":[],"Movie":[],"Person":[],"Product":[],"ProductReview":[],"Car":[],"Recipe":[],"Service":[],"SoftwareApplication":[],"WebPage":[]},"graphName":"BlogPosting","isEnabled":true},"graphs":[]},"schema_type":"default","schema_type_options":null,"pillar_content":false,"robots_default":true,"robots_noindex":false,"robots_noarchive":false,"robots_nosnippet":false,"robots_nofollow":false,"robots_noimageindex":false,"robots_noodp":false,"robots_notranslate":false,"robots_max_snippet":"-1","robots_max_videopreview":"-1","robots_max_imagepreview":"large","priority":null,"frequency":"default","local_seo":null,"limit_modified_date":false,"created":"2026-09-02 19:12:54","updated":"2026-09-02 20:45:48","ai":{"faqs":[],"keyPoints":[],"schemas":[],"titles":[],"descriptions":[],"socialPosts":{"email":{"subject":"","preview":"","content":""},"linkedin":[],"twitter":[],"facebook":[],"instagram":[]}},"breadcrumb_settings":null,"seo_analyzer_scan_date":null,"focus_keyword":null,"additional_keywords":null,"truseo_locale":null},"aioseo_breadcrumb":"<div class=\"aioseo-breadcrumbs\"><span class=\"aioseo-breadcrumb\">\n\t\t\t<a href=\"https:\/\/elprogresivo.mx\" title=\"Home\">Home<\/a>\n\t\t<\/span><span class=\"aioseo-breadcrumb-separator\">&raquo;<\/span><span class=\"aioseo-breadcrumb\">\n\t\t\t<a href=\"https:\/\/elprogresivo.mx\/index.php\/category\/opinion\/\" title=\"Opini\u00f3n\">Opini\u00f3n<\/a>\n\t\t<\/span><span class=\"aioseo-breadcrumb-separator\">&raquo;<\/span><span class=\"aioseo-breadcrumb\">\n\t\t\tKuri rinde cuentas en la calle. Que responda en la calle\n\t\t<\/span><\/div>","aioseo_breadcrumb_json":[{"label":"Home","link":"https:\/\/elprogresivo.mx"},{"label":"Opini\u00f3n","link":"https:\/\/elprogresivo.mx\/index.php\/category\/opinion\/"},{"label":"Kuri rinde cuentas en la calle. Que responda en la calle","link":"https:\/\/elprogresivo.mx\/index.php\/2026\/09\/02\/kuri-rinde-cuentas-en-la-calle-que-responda-en-la-calle\/"}],"jetpack_publicize_connections":[],"_links":{"self":[{"href":"https:\/\/elprogresivo.mx\/index.php\/wp-json\/wp\/v2\/posts\/4973","targetHints":{"allow":["GET"]}}],"collection":[{"href":"https:\/\/elprogresivo.mx\/index.php\/wp-json\/wp\/v2\/posts"}],"about":[{"href":"https:\/\/elprogresivo.mx\/index.php\/wp-json\/wp\/v2\/types\/post"}],"author":[{"embeddable":true,"href":"https:\/\/elprogresivo.mx\/index.php\/wp-json\/wp\/v2\/users\/1"}],"replies":[{"embeddable":true,"href":"https:\/\/elprogresivo.mx\/index.php\/wp-json\/wp\/v2\/comments?post=4973"}],"version-history":[{"count":1,"href":"https:\/\/elprogresivo.mx\/index.php\/wp-json\/wp\/v2\/posts\/4973\/revisions"}],"predecessor-version":[{"id":4974,"href":"https:\/\/elprogresivo.mx\/index.php\/wp-json\/wp\/v2\/posts\/4973\/revisions\/4974"}],"wp:featuredmedia":[{"embeddable":true,"href":"https:\/\/elprogresivo.mx\/index.php\/wp-json\/wp\/v2\/media\/1953"}],"wp:attachment":[{"href":"https:\/\/elprogresivo.mx\/index.php\/wp-json\/wp\/v2\/media?parent=4973"}],"wp:term":[{"taxonomy":"category","embeddable":true,"href":"https:\/\/elprogresivo.mx\/index.php\/wp-json\/wp\/v2\/categories?post=4973"},{"taxonomy":"post_tag","embeddable":true,"href":"https:\/\/elprogresivo.mx\/index.php\/wp-json\/wp\/v2\/tags?post=4973"}],"curies":[{"name":"wp","href":"https:\/\/api.w.org\/{rel}","templated":true}]}}