{"id":4968,"date":"2026-09-02T15:56:10","date_gmt":"2026-09-02T15:56:10","guid":{"rendered":"https:\/\/elprogresivo.mx\/index.php\/2026\/09\/02\/felifer-macias-queretaro-crece-gracias-a-sus-adultos-mayores\/"},"modified":"2026-09-02T15:56:10","modified_gmt":"2026-09-02T15:56:10","slug":"felifer-macias-queretaro-crece-gracias-a-sus-adultos-mayores","status":"publish","type":"post","link":"https:\/\/elprogresivo.mx\/index.php\/2026\/09\/02\/felifer-macias-queretaro-crece-gracias-a-sus-adultos-mayores\/","title":{"rendered":"Felifer Mac\u00edas: Quer\u00e9taro crece gracias a sus adultos mayores"},"content":{"rendered":"<p>El alcalde de Quer\u00e9taro, Felifer Mac\u00edas, agradeci\u00f3 p\u00fablicamente a m\u00e1s de 3,500 adultos mayores durante el evento Baile de Plata, organizado por el DIF Municipal. En la celebraci\u00f3n, Mac\u00edas, acompa\u00f1ado de su esposa Adriana Olvera, reconoci\u00f3 que el crecimiento de la ciudad se debe a la formaci\u00f3n y los valores que esta generaci\u00f3n ha transmitido a sus familias.<\/p>\n<p>El mandatario enfatiz\u00f3 que la prosperidad actual del estado y la ciudad es consecuencia directa del esfuerzo de quienes hoy son mayores. Se\u00f1al\u00f3 que ellos ense\u00f1aron a sus hijos y nietos a priorizar la familia, un pilar fundamental para la identidad local. Mac\u00edas afirm\u00f3 que la educaci\u00f3n recibida en tiempos pasados fue superior a la actual en t\u00e9rminos de principios morales.<\/p>\n<p>Amigas y amigos, yo les quiero decir que si hoy tenemos un estado de Quer\u00e9taro y una ciudad de Quer\u00e9taro, del cual nos sentimos sumamente orgullosos, es gracias a ustedes, porque ustedes fueron capaces de ense\u00f1ar, de formar generaciones de mujeres y hombres exitosos, de valores, de principios. A ustedes les ense\u00f1aron a las queretanas y queretanos que lo m\u00e1s valioso que podemos tener es la familia. \u00bfY saben qu\u00e9? La educaci\u00f3n y la formaci\u00f3n que ustedes vieron por much\u00edsimos a\u00f1os fue la mejor. Incluso mucho, mucho mejor que la de ahora. Hoy estamos tratando de buscar recuperar los valores y los principios que ustedes inculcaron.<\/p>\n<p>El jefe de gobierno mencion\u00f3 que mantener el rumbo de la ciudad requiere preservar esas ense\u00f1anzas. Dijo tambi\u00e9n que su propia formaci\u00f3n se debe a los consejos de su padre y, en especial, de su abuelo, Alfonso Olvera Morales. Durante el evento, Mac\u00edas interactu\u00f3 con asistentes de las siete delegaciones municipales y con Dolores Fausta Valdez, la Reina de Oro 2026, mientras los invitados disfrutaban de la fiesta.<\/p>\n<p>Asistieron a la ceremonia la Oficial Mayor, Linda Luz Luna Rangel; el director de la Agencia de Movilidad, Gerardo Cuanalo Santos; el diputado Mauricio C\u00e1rdenas Palacios; la directora del DIF Municipal, Gabriela Valencia Garc\u00eda; y el coordinador para adultos mayores, Alejandro Javier Lozano Vel\u00e1zquez, junto con otros funcionarios del ayuntamiento.<\/p>\n","protected":false},"excerpt":{"rendered":"<p>El alcalde de Quer\u00e9taro, Felifer Mac\u00edas, agradeci\u00f3 p\u00fablicamente a m\u00e1s de 3,500 adultos mayores durante&#8230;<\/p>\n","protected":false},"author":5,"featured_media":4967,"comment_status":"open","ping_status":"open","sticky":false,"template":"","format":"standard","meta":{"om_disable_all_campaigns":false,"_monsterinsights_skip_tracking":false,"footnotes":"","jetpack_publicize_message":"","jetpack_publicize_feature_enabled":true,"jetpack_social_post_already_shared":true,"jetpack_social_options":{"image_generator_settings":{"template":"highway","default_image_id":0,"font":"","enabled":false},"version":2}},"categories":[1,71],"tags":[2393,797,3257,1029,77],"class_list":["post-4968","post","type-post","status-publish","format-standard","has-post-thumbnail","hentry","category-blog","category-principal","tag-adultos-mayores","tag-agua-familias-queretaro-2026","tag-baile-de-plata","tag-dif-queretaro","tag-felifer-macias"],"aioseo_notices":[],"aioseo_head":"\n\t\t<!-- All in One SEO 5.0.1.1 - aioseo.com -->\n\t<meta name=\"description\" content=\"El alcalde de Quer\u00e9taro, Felifer Mac\u00edas, agradeci\u00f3 p\u00fablicamente a m\u00e1s de 3,500 adultos mayores durante el evento Baile de Plata, organizado por el DIF Municipal. En la celebraci\u00f3n, Mac\u00edas, acompa\u00f1ado de su esposa Adriana Olvera, reconoci\u00f3 que el crecimiento de la ciudad se debe a la formaci\u00f3n y los valores que esta generaci\u00f3n ha transmitido\" \/>\n\t<meta name=\"robots\" content=\"max-image-preview:large\" \/>\n\t<meta name=\"author\" content=\"Staff\"\/>\n\t<link rel=\"canonical\" href=\"https:\/\/elprogresivo.mx\/index.php\/2026\/09\/02\/felifer-macias-queretaro-crece-gracias-a-sus-adultos-mayores\/\" \/>\n\t<meta name=\"generator\" content=\"All in One SEO (AIOSEO) 5.0.1.1\" \/>\n\t\t<meta property=\"og:locale\" content=\"es_MX\" \/>\n\t\t<meta property=\"og:site_name\" content=\"elprogresivo.mx - Construimos una nueva etapa en informaci\u00f3n\" \/>\n\t\t<meta property=\"og:type\" content=\"article\" \/>\n\t\t<meta property=\"og:title\" content=\"Felifer Mac\u00edas: Quer\u00e9taro crece gracias a sus adultos mayores - elprogresivo.mx\" \/>\n\t\t<meta property=\"og:description\" content=\"El alcalde de Quer\u00e9taro, Felifer Mac\u00edas, agradeci\u00f3 p\u00fablicamente a m\u00e1s de 3,500 adultos mayores durante el evento Baile de Plata, organizado por el DIF Municipal. En la celebraci\u00f3n, Mac\u00edas, acompa\u00f1ado de su esposa Adriana Olvera, reconoci\u00f3 que el crecimiento de la ciudad se debe a la formaci\u00f3n y los valores que esta generaci\u00f3n ha transmitido\" \/>\n\t\t<meta property=\"og:url\" content=\"https:\/\/elprogresivo.mx\/index.php\/2026\/09\/02\/felifer-macias-queretaro-crece-gracias-a-sus-adultos-mayores\/\" \/>\n\t\t<meta property=\"og:image\" content=\"https:\/\/elprogresivo.mx\/wp-content\/uploads\/2024\/02\/cropped-LogoBlanco.png\" \/>\n\t\t<meta property=\"og:image:secure_url\" content=\"https:\/\/elprogresivo.mx\/wp-content\/uploads\/2024\/02\/cropped-LogoBlanco.png\" \/>\n\t\t<meta property=\"article:published_time\" content=\"2026-09-02T15:56:10+00:00\" \/>\n\t\t<meta property=\"article:modified_time\" content=\"2026-09-02T15:56:10+00:00\" \/>\n\t\t<meta name=\"twitter:card\" content=\"summary_large_image\" \/>\n\t\t<meta name=\"twitter:title\" content=\"Felifer Mac\u00edas: Quer\u00e9taro crece gracias a sus adultos mayores - elprogresivo.mx\" \/>\n\t\t<meta name=\"twitter:description\" content=\"El alcalde de Quer\u00e9taro, Felifer Mac\u00edas, agradeci\u00f3 p\u00fablicamente a m\u00e1s de 3,500 adultos mayores durante el evento Baile de Plata, organizado por el DIF Municipal. En la celebraci\u00f3n, Mac\u00edas, acompa\u00f1ado de su esposa Adriana Olvera, reconoci\u00f3 que el crecimiento de la ciudad se debe a la formaci\u00f3n y los valores que esta generaci\u00f3n ha transmitido\" \/>\n\t\t<meta name=\"twitter:image\" content=\"https:\/\/elprogresivo.mx\/wp-content\/uploads\/2024\/02\/cropped-LogoBlanco.png\" \/>\n\t\t<script type=\"application\/ld+json\" class=\"aioseo-schema\">\n\t\t\t{\"@context\":\"https:\\\/\\\/schema.org\",\"@graph\":[{\"@type\":\"BlogPosting\",\"@id\":\"https:\\\/\\\/elprogresivo.mx\\\/index.php\\\/2026\\\/09\\\/02\\\/felifer-macias-queretaro-crece-gracias-a-sus-adultos-mayores\\\/#blogposting\",\"name\":\"Felifer Mac\\u00edas: Quer\\u00e9taro crece gracias a sus adultos mayores - elprogresivo.mx\",\"headline\":\"Felifer Mac\\u00edas: Quer\\u00e9taro crece gracias a sus adultos mayores\",\"author\":{\"@id\":\"https:\\\/\\\/elprogresivo.mx\\\/index.php\\\/author\\\/emmanuel-galvan\\\/#author\"},\"publisher\":{\"@id\":\"https:\\\/\\\/elprogresivo.mx\\\/#organization\"},\"image\":{\"@type\":\"ImageObject\",\"url\":\"https:\\\/\\\/elprogresivo.mx\\\/wp-content\\\/uploads\\\/2026\\\/09\\\/noticia_20260902095603.jpg\",\"width\":1280,\"height\":854},\"datePublished\":\"2026-09-02T15:56:10+00:00\",\"dateModified\":\"2026-09-02T15:56:10+00:00\",\"inLanguage\":\"es-MX\",\"mainEntityOfPage\":{\"@id\":\"https:\\\/\\\/elprogresivo.mx\\\/index.php\\\/2026\\\/09\\\/02\\\/felifer-macias-queretaro-crece-gracias-a-sus-adultos-mayores\\\/#webpage\"},\"isPartOf\":{\"@id\":\"https:\\\/\\\/elprogresivo.mx\\\/index.php\\\/2026\\\/09\\\/02\\\/felifer-macias-queretaro-crece-gracias-a-sus-adultos-mayores\\\/#webpage\"},\"articleSection\":\"Blog, Principal, adultos mayores, agua familias Quer\\u00e9taro 2026, Baile de Plata, DIF Quer\\u00e9taro, Felifer Mac\\u00edas\"},{\"@type\":\"BreadcrumbList\",\"@id\":\"https:\\\/\\\/elprogresivo.mx\\\/index.php\\\/2026\\\/09\\\/02\\\/felifer-macias-queretaro-crece-gracias-a-sus-adultos-mayores\\\/#breadcrumblist\",\"itemListElement\":[{\"@type\":\"ListItem\",\"@id\":\"https:\\\/\\\/elprogresivo.mx#listItem\",\"position\":1,\"name\":\"Home\",\"item\":\"https:\\\/\\\/elprogresivo.mx\",\"nextItem\":{\"@type\":\"ListItem\",\"@id\":\"https:\\\/\\\/elprogresivo.mx\\\/index.php\\\/category\\\/blog\\\/#listItem\",\"name\":\"Blog\"}},{\"@type\":\"ListItem\",\"@id\":\"https:\\\/\\\/elprogresivo.mx\\\/index.php\\\/category\\\/blog\\\/#listItem\",\"position\":2,\"name\":\"Blog\",\"item\":\"https:\\\/\\\/elprogresivo.mx\\\/index.php\\\/category\\\/blog\\\/\",\"nextItem\":{\"@type\":\"ListItem\",\"@id\":\"https:\\\/\\\/elprogresivo.mx\\\/index.php\\\/2026\\\/09\\\/02\\\/felifer-macias-queretaro-crece-gracias-a-sus-adultos-mayores\\\/#listItem\",\"name\":\"Felifer Mac\\u00edas: Quer\\u00e9taro crece gracias a sus adultos mayores\"},\"previousItem\":{\"@type\":\"ListItem\",\"@id\":\"https:\\\/\\\/elprogresivo.mx#listItem\",\"name\":\"Home\"}},{\"@type\":\"ListItem\",\"@id\":\"https:\\\/\\\/elprogresivo.mx\\\/index.php\\\/2026\\\/09\\\/02\\\/felifer-macias-queretaro-crece-gracias-a-sus-adultos-mayores\\\/#listItem\",\"position\":3,\"name\":\"Felifer Mac\\u00edas: Quer\\u00e9taro crece gracias a sus adultos mayores\",\"previousItem\":{\"@type\":\"ListItem\",\"@id\":\"https:\\\/\\\/elprogresivo.mx\\\/index.php\\\/category\\\/blog\\\/#listItem\",\"name\":\"Blog\"}}]},{\"@type\":\"Organization\",\"@id\":\"https:\\\/\\\/elprogresivo.mx\\\/#organization\",\"name\":\"elprogresivo.mx\",\"description\":\"Construimos una nueva etapa en informaci\\u00f3n\",\"url\":\"https:\\\/\\\/elprogresivo.mx\\\/\",\"logo\":{\"@type\":\"ImageObject\",\"url\":\"https:\\\/\\\/elprogresivo.mx\\\/wp-content\\\/uploads\\\/2024\\\/02\\\/cropped-LogoBlanco.png\",\"@id\":\"https:\\\/\\\/elprogresivo.mx\\\/index.php\\\/2026\\\/09\\\/02\\\/felifer-macias-queretaro-crece-gracias-a-sus-adultos-mayores\\\/#organizationLogo\",\"width\":2096,\"height\":332},\"image\":{\"@id\":\"https:\\\/\\\/elprogresivo.mx\\\/index.php\\\/2026\\\/09\\\/02\\\/felifer-macias-queretaro-crece-gracias-a-sus-adultos-mayores\\\/#organizationLogo\"}},{\"@type\":\"Person\",\"@id\":\"https:\\\/\\\/elprogresivo.mx\\\/index.php\\\/author\\\/emmanuel-galvan\\\/#author\",\"url\":\"https:\\\/\\\/elprogresivo.mx\\\/index.php\\\/author\\\/emmanuel-galvan\\\/\",\"name\":\"Staff\",\"image\":{\"@type\":\"ImageObject\",\"@id\":\"https:\\\/\\\/elprogresivo.mx\\\/index.php\\\/2026\\\/09\\\/02\\\/felifer-macias-queretaro-crece-gracias-a-sus-adultos-mayores\\\/#authorImage\",\"url\":\"https:\\\/\\\/secure.gravatar.com\\\/avatar\\\/3bb87242634c3adf910515f41e6e392ab758b98c8ee7fd12a54fcb5270441486?s=96&d=mm&r=g\",\"width\":96,\"height\":96,\"caption\":\"Staff\"}},{\"@type\":\"WebPage\",\"@id\":\"https:\\\/\\\/elprogresivo.mx\\\/index.php\\\/2026\\\/09\\\/02\\\/felifer-macias-queretaro-crece-gracias-a-sus-adultos-mayores\\\/#webpage\",\"url\":\"https:\\\/\\\/elprogresivo.mx\\\/index.php\\\/2026\\\/09\\\/02\\\/felifer-macias-queretaro-crece-gracias-a-sus-adultos-mayores\\\/\",\"name\":\"Felifer Mac\\u00edas: Quer\\u00e9taro crece gracias a sus adultos mayores - elprogresivo.mx\",\"description\":\"El alcalde de Quer\\u00e9taro, Felifer Mac\\u00edas, agradeci\\u00f3 p\\u00fablicamente a m\\u00e1s de 3,500 adultos mayores durante el evento Baile de Plata, organizado por el DIF Municipal. En la celebraci\\u00f3n, Mac\\u00edas, acompa\\u00f1ado de su esposa Adriana Olvera, reconoci\\u00f3 que el crecimiento de la ciudad se debe a la formaci\\u00f3n y los valores que esta generaci\\u00f3n ha transmitido\",\"inLanguage\":\"es-MX\",\"isPartOf\":{\"@id\":\"https:\\\/\\\/elprogresivo.mx\\\/#website\"},\"breadcrumb\":{\"@id\":\"https:\\\/\\\/elprogresivo.mx\\\/index.php\\\/2026\\\/09\\\/02\\\/felifer-macias-queretaro-crece-gracias-a-sus-adultos-mayores\\\/#breadcrumblist\"},\"author\":{\"@id\":\"https:\\\/\\\/elprogresivo.mx\\\/index.php\\\/author\\\/emmanuel-galvan\\\/#author\"},\"creator\":{\"@id\":\"https:\\\/\\\/elprogresivo.mx\\\/index.php\\\/author\\\/emmanuel-galvan\\\/#author\"},\"image\":{\"@type\":\"ImageObject\",\"url\":\"https:\\\/\\\/elprogresivo.mx\\\/wp-content\\\/uploads\\\/2026\\\/09\\\/noticia_20260902095603.jpg\",\"@id\":\"https:\\\/\\\/elprogresivo.mx\\\/index.php\\\/2026\\\/09\\\/02\\\/felifer-macias-queretaro-crece-gracias-a-sus-adultos-mayores\\\/#mainImage\",\"width\":1280,\"height\":854},\"primaryImageOfPage\":{\"@id\":\"https:\\\/\\\/elprogresivo.mx\\\/index.php\\\/2026\\\/09\\\/02\\\/felifer-macias-queretaro-crece-gracias-a-sus-adultos-mayores\\\/#mainImage\"},\"datePublished\":\"2026-09-02T15:56:10+00:00\",\"dateModified\":\"2026-09-02T15:56:10+00:00\"},{\"@type\":\"WebSite\",\"@id\":\"https:\\\/\\\/elprogresivo.mx\\\/#website\",\"url\":\"https:\\\/\\\/elprogresivo.mx\\\/\",\"name\":\"elprogresivo.mx\",\"description\":\"Construimos una nueva etapa en informaci\\u00f3n\",\"inLanguage\":\"es-MX\",\"publisher\":{\"@id\":\"https:\\\/\\\/elprogresivo.mx\\\/#organization\"}}]}\n\t\t<\/script>\n\t\t<!-- All in One SEO -->\n\n","aioseo_head_json":{"title":"Felifer Mac\u00edas: Quer\u00e9taro crece gracias a sus adultos mayores - elprogresivo.mx","description":"El alcalde de Quer\u00e9taro, Felifer Mac\u00edas, agradeci\u00f3 p\u00fablicamente a m\u00e1s de 3,500 adultos mayores durante el evento Baile de Plata, organizado por el DIF Municipal. En la celebraci\u00f3n, Mac\u00edas, acompa\u00f1ado de su esposa Adriana Olvera, reconoci\u00f3 que el crecimiento de la ciudad se debe a la formaci\u00f3n y los valores que esta generaci\u00f3n ha transmitido","canonical_url":"https:\/\/elprogresivo.mx\/index.php\/2026\/09\/02\/felifer-macias-queretaro-crece-gracias-a-sus-adultos-mayores\/","robots":"max-image-preview:large","keywords":"","webmasterTools":{"miscellaneous":""},"schema":{"@context":"https:\/\/schema.org","@graph":[{"@type":"BlogPosting","@id":"https:\/\/elprogresivo.mx\/index.php\/2026\/09\/02\/felifer-macias-queretaro-crece-gracias-a-sus-adultos-mayores\/#blogposting","name":"Felifer Mac\u00edas: Quer\u00e9taro crece gracias a sus adultos mayores - elprogresivo.mx","headline":"Felifer Mac\u00edas: Quer\u00e9taro crece gracias a sus adultos mayores","author":{"@id":"https:\/\/elprogresivo.mx\/index.php\/author\/emmanuel-galvan\/#author"},"publisher":{"@id":"https:\/\/elprogresivo.mx\/#organization"},"image":{"@type":"ImageObject","url":"https:\/\/elprogresivo.mx\/wp-content\/uploads\/2026\/09\/noticia_20260902095603.jpg","width":1280,"height":854},"datePublished":"2026-09-02T15:56:10+00:00","dateModified":"2026-09-02T15:56:10+00:00","inLanguage":"es-MX","mainEntityOfPage":{"@id":"https:\/\/elprogresivo.mx\/index.php\/2026\/09\/02\/felifer-macias-queretaro-crece-gracias-a-sus-adultos-mayores\/#webpage"},"isPartOf":{"@id":"https:\/\/elprogresivo.mx\/index.php\/2026\/09\/02\/felifer-macias-queretaro-crece-gracias-a-sus-adultos-mayores\/#webpage"},"articleSection":"Blog, Principal, adultos mayores, agua familias Quer\u00e9taro 2026, Baile de Plata, DIF Quer\u00e9taro, Felifer Mac\u00edas"},{"@type":"BreadcrumbList","@id":"https:\/\/elprogresivo.mx\/index.php\/2026\/09\/02\/felifer-macias-queretaro-crece-gracias-a-sus-adultos-mayores\/#breadcrumblist","itemListElement":[{"@type":"ListItem","@id":"https:\/\/elprogresivo.mx#listItem","position":1,"name":"Home","item":"https:\/\/elprogresivo.mx","nextItem":{"@type":"ListItem","@id":"https:\/\/elprogresivo.mx\/index.php\/category\/blog\/#listItem","name":"Blog"}},{"@type":"ListItem","@id":"https:\/\/elprogresivo.mx\/index.php\/category\/blog\/#listItem","position":2,"name":"Blog","item":"https:\/\/elprogresivo.mx\/index.php\/category\/blog\/","nextItem":{"@type":"ListItem","@id":"https:\/\/elprogresivo.mx\/index.php\/2026\/09\/02\/felifer-macias-queretaro-crece-gracias-a-sus-adultos-mayores\/#listItem","name":"Felifer Mac\u00edas: Quer\u00e9taro crece gracias a sus adultos mayores"},"previousItem":{"@type":"ListItem","@id":"https:\/\/elprogresivo.mx#listItem","name":"Home"}},{"@type":"ListItem","@id":"https:\/\/elprogresivo.mx\/index.php\/2026\/09\/02\/felifer-macias-queretaro-crece-gracias-a-sus-adultos-mayores\/#listItem","position":3,"name":"Felifer Mac\u00edas: Quer\u00e9taro crece gracias a sus adultos mayores","previousItem":{"@type":"ListItem","@id":"https:\/\/elprogresivo.mx\/index.php\/category\/blog\/#listItem","name":"Blog"}}]},{"@type":"Organization","@id":"https:\/\/elprogresivo.mx\/#organization","name":"elprogresivo.mx","description":"Construimos una nueva etapa en informaci\u00f3n","url":"https:\/\/elprogresivo.mx\/","logo":{"@type":"ImageObject","url":"https:\/\/elprogresivo.mx\/wp-content\/uploads\/2024\/02\/cropped-LogoBlanco.png","@id":"https:\/\/elprogresivo.mx\/index.php\/2026\/09\/02\/felifer-macias-queretaro-crece-gracias-a-sus-adultos-mayores\/#organizationLogo","width":2096,"height":332},"image":{"@id":"https:\/\/elprogresivo.mx\/index.php\/2026\/09\/02\/felifer-macias-queretaro-crece-gracias-a-sus-adultos-mayores\/#organizationLogo"}},{"@type":"Person","@id":"https:\/\/elprogresivo.mx\/index.php\/author\/emmanuel-galvan\/#author","url":"https:\/\/elprogresivo.mx\/index.php\/author\/emmanuel-galvan\/","name":"Staff","image":{"@type":"ImageObject","@id":"https:\/\/elprogresivo.mx\/index.php\/2026\/09\/02\/felifer-macias-queretaro-crece-gracias-a-sus-adultos-mayores\/#authorImage","url":"https:\/\/secure.gravatar.com\/avatar\/3bb87242634c3adf910515f41e6e392ab758b98c8ee7fd12a54fcb5270441486?s=96&d=mm&r=g","width":96,"height":96,"caption":"Staff"}},{"@type":"WebPage","@id":"https:\/\/elprogresivo.mx\/index.php\/2026\/09\/02\/felifer-macias-queretaro-crece-gracias-a-sus-adultos-mayores\/#webpage","url":"https:\/\/elprogresivo.mx\/index.php\/2026\/09\/02\/felifer-macias-queretaro-crece-gracias-a-sus-adultos-mayores\/","name":"Felifer Mac\u00edas: Quer\u00e9taro crece gracias a sus adultos mayores - elprogresivo.mx","description":"El alcalde de Quer\u00e9taro, Felifer Mac\u00edas, agradeci\u00f3 p\u00fablicamente a m\u00e1s de 3,500 adultos mayores durante el evento Baile de Plata, organizado por el DIF Municipal. En la celebraci\u00f3n, Mac\u00edas, acompa\u00f1ado de su esposa Adriana Olvera, reconoci\u00f3 que el crecimiento de la ciudad se debe a la formaci\u00f3n y los valores que esta generaci\u00f3n ha transmitido","inLanguage":"es-MX","isPartOf":{"@id":"https:\/\/elprogresivo.mx\/#website"},"breadcrumb":{"@id":"https:\/\/elprogresivo.mx\/index.php\/2026\/09\/02\/felifer-macias-queretaro-crece-gracias-a-sus-adultos-mayores\/#breadcrumblist"},"author":{"@id":"https:\/\/elprogresivo.mx\/index.php\/author\/emmanuel-galvan\/#author"},"creator":{"@id":"https:\/\/elprogresivo.mx\/index.php\/author\/emmanuel-galvan\/#author"},"image":{"@type":"ImageObject","url":"https:\/\/elprogresivo.mx\/wp-content\/uploads\/2026\/09\/noticia_20260902095603.jpg","@id":"https:\/\/elprogresivo.mx\/index.php\/2026\/09\/02\/felifer-macias-queretaro-crece-gracias-a-sus-adultos-mayores\/#mainImage","width":1280,"height":854},"primaryImageOfPage":{"@id":"https:\/\/elprogresivo.mx\/index.php\/2026\/09\/02\/felifer-macias-queretaro-crece-gracias-a-sus-adultos-mayores\/#mainImage"},"datePublished":"2026-09-02T15:56:10+00:00","dateModified":"2026-09-02T15:56:10+00:00"},{"@type":"WebSite","@id":"https:\/\/elprogresivo.mx\/#website","url":"https:\/\/elprogresivo.mx\/","name":"elprogresivo.mx","description":"Construimos una nueva etapa en informaci\u00f3n","inLanguage":"es-MX","publisher":{"@id":"https:\/\/elprogresivo.mx\/#organization"}}]},"og:locale":"es_MX","og:site_name":"elprogresivo.mx - Construimos una nueva etapa en informaci\u00f3n","og:type":"article","og:title":"Felifer Mac\u00edas: Quer\u00e9taro crece gracias a sus adultos mayores - elprogresivo.mx","og:description":"El alcalde de Quer\u00e9taro, Felifer Mac\u00edas, agradeci\u00f3 p\u00fablicamente a m\u00e1s de 3,500 adultos mayores durante el evento Baile de Plata, organizado por el DIF Municipal. En la celebraci\u00f3n, Mac\u00edas, acompa\u00f1ado de su esposa Adriana Olvera, reconoci\u00f3 que el crecimiento de la ciudad se debe a la formaci\u00f3n y los valores que esta generaci\u00f3n ha transmitido","og:url":"https:\/\/elprogresivo.mx\/index.php\/2026\/09\/02\/felifer-macias-queretaro-crece-gracias-a-sus-adultos-mayores\/","og:image":"https:\/\/elprogresivo.mx\/wp-content\/uploads\/2024\/02\/cropped-LogoBlanco.png","og:image:secure_url":"https:\/\/elprogresivo.mx\/wp-content\/uploads\/2024\/02\/cropped-LogoBlanco.png","article:published_time":"2026-09-02T15:56:10+00:00","article:modified_time":"2026-09-02T15:56:10+00:00","twitter:card":"summary_large_image","twitter:title":"Felifer Mac\u00edas: Quer\u00e9taro crece gracias a sus adultos mayores - elprogresivo.mx","twitter:description":"El alcalde de Quer\u00e9taro, Felifer Mac\u00edas, agradeci\u00f3 p\u00fablicamente a m\u00e1s de 3,500 adultos mayores durante el evento Baile de Plata, organizado por el DIF Municipal. En la celebraci\u00f3n, Mac\u00edas, acompa\u00f1ado de su esposa Adriana Olvera, reconoci\u00f3 que el crecimiento de la ciudad se debe a la formaci\u00f3n y los valores que esta generaci\u00f3n ha transmitido","twitter:image":"https:\/\/elprogresivo.mx\/wp-content\/uploads\/2024\/02\/cropped-LogoBlanco.png"},"aioseo_meta_data":{"post_id":"4968","title":null,"description":null,"keywords":null,"keyphrases":{"focus":[],"additional":[]},"primary_term":null,"canonical_url":null,"og_title":null,"og_description":null,"og_object_type":"default","og_image_type":"default","og_image_url":null,"og_image_width":null,"og_image_height":null,"og_image_custom_url":null,"og_image_custom_fields":null,"og_video":null,"og_custom_url":null,"og_article_section":null,"og_article_tags":null,"twitter_use_og":false,"twitter_card":"default","twitter_image_type":"default","twitter_image_url":null,"twitter_image_custom_url":null,"twitter_image_custom_fields":null,"twitter_title":null,"twitter_description":null,"schema":{"blockGraphs":[],"customGraphs":[],"default":{"data":{"Article":[],"Course":[],"Dataset":[],"FAQPage":[],"Movie":[],"Person":[],"Product":[],"ProductReview":[],"Car":[],"Recipe":[],"Service":[],"SoftwareApplication":[],"WebPage":[]},"graphName":"","isEnabled":true},"graphs":[]},"schema_type":"default","schema_type_options":null,"pillar_content":false,"robots_default":true,"robots_noindex":false,"robots_noarchive":false,"robots_nosnippet":false,"robots_nofollow":false,"robots_noimageindex":false,"robots_noodp":false,"robots_notranslate":false,"robots_max_snippet":null,"robots_max_videopreview":null,"robots_max_imagepreview":"large","priority":null,"frequency":null,"local_seo":null,"limit_modified_date":false,"created":"2026-09-02 17:12:06","updated":"2026-09-02 18:33:35","ai":null,"breadcrumb_settings":null,"seo_analyzer_scan_date":null,"focus_keyword":null,"additional_keywords":null,"truseo_locale":null},"aioseo_breadcrumb":"<div class=\"aioseo-breadcrumbs\"><span class=\"aioseo-breadcrumb\">\n\t\t\t<a href=\"https:\/\/elprogresivo.mx\" title=\"Home\">Home<\/a>\n\t\t<\/span><span class=\"aioseo-breadcrumb-separator\">&raquo;<\/span><span class=\"aioseo-breadcrumb\">\n\t\t\t<a href=\"https:\/\/elprogresivo.mx\/index.php\/category\/blog\/\" title=\"Blog\">Blog<\/a>\n\t\t<\/span><span class=\"aioseo-breadcrumb-separator\">&raquo;<\/span><span class=\"aioseo-breadcrumb\">\n\t\t\tFelifer Mac\u00edas: Quer\u00e9taro crece gracias a sus adultos mayores\n\t\t<\/span><\/div>","aioseo_breadcrumb_json":[{"label":"Home","link":"https:\/\/elprogresivo.mx"},{"label":"Blog","link":"https:\/\/elprogresivo.mx\/index.php\/category\/blog\/"},{"label":"Felifer Mac\u00edas: Quer\u00e9taro crece gracias a sus adultos mayores","link":"https:\/\/elprogresivo.mx\/index.php\/2026\/09\/02\/felifer-macias-queretaro-crece-gracias-a-sus-adultos-mayores\/"}],"jetpack_publicize_connections":[],"_links":{"self":[{"href":"https:\/\/elprogresivo.mx\/index.php\/wp-json\/wp\/v2\/posts\/4968","targetHints":{"allow":["GET"]}}],"collection":[{"href":"https:\/\/elprogresivo.mx\/index.php\/wp-json\/wp\/v2\/posts"}],"about":[{"href":"https:\/\/elprogresivo.mx\/index.php\/wp-json\/wp\/v2\/types\/post"}],"author":[{"embeddable":true,"href":"https:\/\/elprogresivo.mx\/index.php\/wp-json\/wp\/v2\/users\/5"}],"replies":[{"embeddable":true,"href":"https:\/\/elprogresivo.mx\/index.php\/wp-json\/wp\/v2\/comments?post=4968"}],"version-history":[{"count":0,"href":"https:\/\/elprogresivo.mx\/index.php\/wp-json\/wp\/v2\/posts\/4968\/revisions"}],"wp:featuredmedia":[{"embeddable":true,"href":"https:\/\/elprogresivo.mx\/index.php\/wp-json\/wp\/v2\/media\/4967"}],"wp:attachment":[{"href":"https:\/\/elprogresivo.mx\/index.php\/wp-json\/wp\/v2\/media?parent=4968"}],"wp:term":[{"taxonomy":"category","embeddable":true,"href":"https:\/\/elprogresivo.mx\/index.php\/wp-json\/wp\/v2\/categories?post=4968"},{"taxonomy":"post_tag","embeddable":true,"href":"https:\/\/elprogresivo.mx\/index.php\/wp-json\/wp\/v2\/tags?post=4968"}],"curies":[{"name":"wp","href":"https:\/\/api.w.org\/{rel}","templated":true}]}}