{"id":4962,"date":"2026-09-02T15:55:33","date_gmt":"2026-09-02T15:55:33","guid":{"rendered":"https:\/\/elprogresivo.mx\/index.php\/2026\/09\/02\/felifer-macias-vigila-a-limpia-y-anuncia-app-para-rastreo\/"},"modified":"2026-09-02T15:55:33","modified_gmt":"2026-09-02T15:55:33","slug":"felifer-macias-vigila-a-limpia-y-anuncia-app-para-rastreo","status":"publish","type":"post","link":"https:\/\/elprogresivo.mx\/index.php\/2026\/09\/02\/felifer-macias-vigila-a-limpia-y-anuncia-app-para-rastreo\/","title":{"rendered":"Felifer Mac\u00edas vigila a limpia y anuncia app para rastreo"},"content":{"rendered":"<p>Felifer Mac\u00edas recorri\u00f3 las calles de Quer\u00e9taro en la madrugada de este lunes para ver c\u00f3mo inicia el trabajo de las cuadrillas de limpia. El presidente municipal camin\u00f3 junto al personal de Servicios P\u00fablicos mientras se preparaban para recoger la basura, su primer paso para dejar ordenada la ciudad.<\/p>\n<p>Mac\u00edas reconoci\u00f3 el esfuerzo diario de los trabajadores. &#8220;Estoy con parte del gran equipo del Municipio de Quer\u00e9taro que todos los d\u00edas pasa a tu casa a recoger tu basura y a mantener limpia nuestra ciudad. Este gran equipo hace una chamba enorme por darte el mejor servicio. Hay que reconocer su trabajo&#8221;, dijo.<\/p>\n<p>El alcald\u00e9 pidi\u00f3 a los vecinos colaborar para que el trabajo no sea peligroso. Exhort\u00f3 a no dejar vidrios, jeringas ni objetos punzocortantes dentro de las bolsas de basura. Estos materiales pueden herir a los operarios que vac\u00edan los contenedores. Si hay escombros, muebles o electrodom\u00e9sticos viejos, la instrucci\u00f3n es llamar a la l\u00ednea 070 para que los retiren de forma segura.<\/p>\n<p>Adem\u00e1s, anunci\u00f3 una herramienta digital para los ciudadanos. Pronto saldr\u00e1 una aplicaci\u00f3n m\u00f3vil que permitir\u00e1 ver en tiempo real por d\u00f3nde pasan los camiones recolectores. Esto ayudar\u00e1 a la gente a saber cu\u00e1ndo llega el servicio a su domicilio.<\/p>\n<p>Los camiones de limpia trabajan en turnos para cubrir las necesidades de la ciudad durante casi todo el d\u00eda.<\/p>\n","protected":false},"excerpt":{"rendered":"<p>Felifer Mac\u00edas recorri\u00f3 las calles de Quer\u00e9taro en la madrugada de este lunes para ver&#8230;<\/p>\n","protected":false},"author":5,"featured_media":4961,"comment_status":"open","ping_status":"open","sticky":false,"template":"","format":"standard","meta":{"om_disable_all_campaigns":false,"_monsterinsights_skip_tracking":false,"footnotes":"","jetpack_publicize_message":"","jetpack_publicize_feature_enabled":true,"jetpack_social_post_already_shared":true,"jetpack_social_options":{"image_generator_settings":{"template":"highway","default_image_id":0,"font":"","enabled":false},"version":2}},"categories":[1,70],"tags":[385,3275,2156,77,3274],"class_list":["post-4962","post","type-post","status-publish","format-standard","has-post-thumbnail","hentry","category-blog","category-destacado","tag-acompanado-de-fumigacion-en-colonias-cercanas-en-respuesta-a-reportes-ciudadanos-el-secretario-de-servicios-publicos-municipales","tag-app-recoleccion","tag-basura","tag-felifer-macias","tag-limpia-queretaro"],"aioseo_notices":[],"aioseo_head":"\n\t\t<!-- All in One SEO 5.0.1.1 - aioseo.com -->\n\t<meta name=\"description\" content=\"Felifer Mac\u00edas recorri\u00f3 las calles de Quer\u00e9taro en la madrugada de este lunes para ver c\u00f3mo inicia el trabajo de las cuadrillas de limpia. El presidente municipal camin\u00f3 junto al personal de Servicios P\u00fablicos mientras se preparaban para recoger la basura, su primer paso para dejar ordenada la ciudad. Mac\u00edas reconoci\u00f3 el esfuerzo diario de\" \/>\n\t<meta name=\"robots\" content=\"max-image-preview:large\" \/>\n\t<meta name=\"author\" content=\"Staff\"\/>\n\t<link rel=\"canonical\" href=\"https:\/\/elprogresivo.mx\/index.php\/2026\/09\/02\/felifer-macias-vigila-a-limpia-y-anuncia-app-para-rastreo\/\" \/>\n\t<meta name=\"generator\" content=\"All in One SEO (AIOSEO) 5.0.1.1\" \/>\n\t\t<meta property=\"og:locale\" content=\"es_MX\" \/>\n\t\t<meta property=\"og:site_name\" content=\"elprogresivo.mx - Construimos una nueva etapa en informaci\u00f3n\" \/>\n\t\t<meta property=\"og:type\" content=\"article\" \/>\n\t\t<meta property=\"og:title\" content=\"Felifer Mac\u00edas vigila a limpia y anuncia app para rastreo - elprogresivo.mx\" \/>\n\t\t<meta property=\"og:description\" content=\"Felifer Mac\u00edas recorri\u00f3 las calles de Quer\u00e9taro en la madrugada de este lunes para ver c\u00f3mo inicia el trabajo de las cuadrillas de limpia. El presidente municipal camin\u00f3 junto al personal de Servicios P\u00fablicos mientras se preparaban para recoger la basura, su primer paso para dejar ordenada la ciudad. Mac\u00edas reconoci\u00f3 el esfuerzo diario de\" \/>\n\t\t<meta property=\"og:url\" content=\"https:\/\/elprogresivo.mx\/index.php\/2026\/09\/02\/felifer-macias-vigila-a-limpia-y-anuncia-app-para-rastreo\/\" \/>\n\t\t<meta property=\"og:image\" content=\"https:\/\/elprogresivo.mx\/wp-content\/uploads\/2024\/02\/cropped-LogoBlanco.png\" \/>\n\t\t<meta property=\"og:image:secure_url\" content=\"https:\/\/elprogresivo.mx\/wp-content\/uploads\/2024\/02\/cropped-LogoBlanco.png\" \/>\n\t\t<meta property=\"article:published_time\" content=\"2026-09-02T15:55:33+00:00\" \/>\n\t\t<meta property=\"article:modified_time\" content=\"2026-09-02T15:55:33+00:00\" \/>\n\t\t<meta name=\"twitter:card\" content=\"summary_large_image\" \/>\n\t\t<meta name=\"twitter:title\" content=\"Felifer Mac\u00edas vigila a limpia y anuncia app para rastreo - elprogresivo.mx\" \/>\n\t\t<meta name=\"twitter:description\" content=\"Felifer Mac\u00edas recorri\u00f3 las calles de Quer\u00e9taro en la madrugada de este lunes para ver c\u00f3mo inicia el trabajo de las cuadrillas de limpia. El presidente municipal camin\u00f3 junto al personal de Servicios P\u00fablicos mientras se preparaban para recoger la basura, su primer paso para dejar ordenada la ciudad. Mac\u00edas reconoci\u00f3 el esfuerzo diario de\" \/>\n\t\t<meta name=\"twitter:image\" content=\"https:\/\/elprogresivo.mx\/wp-content\/uploads\/2024\/02\/cropped-LogoBlanco.png\" \/>\n\t\t<script type=\"application\/ld+json\" class=\"aioseo-schema\">\n\t\t\t{\"@context\":\"https:\\\/\\\/schema.org\",\"@graph\":[{\"@type\":\"BlogPosting\",\"@id\":\"https:\\\/\\\/elprogresivo.mx\\\/index.php\\\/2026\\\/09\\\/02\\\/felifer-macias-vigila-a-limpia-y-anuncia-app-para-rastreo\\\/#blogposting\",\"name\":\"Felifer Mac\\u00edas vigila a limpia y anuncia app para rastreo - elprogresivo.mx\",\"headline\":\"Felifer Mac\\u00edas vigila a limpia y anuncia app para rastreo\",\"author\":{\"@id\":\"https:\\\/\\\/elprogresivo.mx\\\/index.php\\\/author\\\/emmanuel-galvan\\\/#author\"},\"publisher\":{\"@id\":\"https:\\\/\\\/elprogresivo.mx\\\/#organization\"},\"image\":{\"@type\":\"ImageObject\",\"url\":\"https:\\\/\\\/elprogresivo.mx\\\/wp-content\\\/uploads\\\/2026\\\/09\\\/noticia_20260902095517.jpg\",\"width\":1280,\"height\":854},\"datePublished\":\"2026-09-02T15:55:33+00:00\",\"dateModified\":\"2026-09-02T15:55:33+00:00\",\"inLanguage\":\"es-MX\",\"mainEntityOfPage\":{\"@id\":\"https:\\\/\\\/elprogresivo.mx\\\/index.php\\\/2026\\\/09\\\/02\\\/felifer-macias-vigila-a-limpia-y-anuncia-app-para-rastreo\\\/#webpage\"},\"isPartOf\":{\"@id\":\"https:\\\/\\\/elprogresivo.mx\\\/index.php\\\/2026\\\/09\\\/02\\\/felifer-macias-vigila-a-limpia-y-anuncia-app-para-rastreo\\\/#webpage\"},\"articleSection\":\"Blog, Destacado, acompa\\u00f1ado de fumigaci\\u00f3n en colonias cercanas en respuesta a reportes ciudadanos. El secretario de Servicios P\\u00fablicos Municipales, App Recoleccion, basura, Felifer Mac\\u00edas, Limpia Queretaro\"},{\"@type\":\"BreadcrumbList\",\"@id\":\"https:\\\/\\\/elprogresivo.mx\\\/index.php\\\/2026\\\/09\\\/02\\\/felifer-macias-vigila-a-limpia-y-anuncia-app-para-rastreo\\\/#breadcrumblist\",\"itemListElement\":[{\"@type\":\"ListItem\",\"@id\":\"https:\\\/\\\/elprogresivo.mx#listItem\",\"position\":1,\"name\":\"Home\",\"item\":\"https:\\\/\\\/elprogresivo.mx\",\"nextItem\":{\"@type\":\"ListItem\",\"@id\":\"https:\\\/\\\/elprogresivo.mx\\\/index.php\\\/category\\\/blog\\\/#listItem\",\"name\":\"Blog\"}},{\"@type\":\"ListItem\",\"@id\":\"https:\\\/\\\/elprogresivo.mx\\\/index.php\\\/category\\\/blog\\\/#listItem\",\"position\":2,\"name\":\"Blog\",\"item\":\"https:\\\/\\\/elprogresivo.mx\\\/index.php\\\/category\\\/blog\\\/\",\"nextItem\":{\"@type\":\"ListItem\",\"@id\":\"https:\\\/\\\/elprogresivo.mx\\\/index.php\\\/2026\\\/09\\\/02\\\/felifer-macias-vigila-a-limpia-y-anuncia-app-para-rastreo\\\/#listItem\",\"name\":\"Felifer Mac\\u00edas vigila a limpia y anuncia app para rastreo\"},\"previousItem\":{\"@type\":\"ListItem\",\"@id\":\"https:\\\/\\\/elprogresivo.mx#listItem\",\"name\":\"Home\"}},{\"@type\":\"ListItem\",\"@id\":\"https:\\\/\\\/elprogresivo.mx\\\/index.php\\\/2026\\\/09\\\/02\\\/felifer-macias-vigila-a-limpia-y-anuncia-app-para-rastreo\\\/#listItem\",\"position\":3,\"name\":\"Felifer Mac\\u00edas vigila a limpia y anuncia app para rastreo\",\"previousItem\":{\"@type\":\"ListItem\",\"@id\":\"https:\\\/\\\/elprogresivo.mx\\\/index.php\\\/category\\\/blog\\\/#listItem\",\"name\":\"Blog\"}}]},{\"@type\":\"Organization\",\"@id\":\"https:\\\/\\\/elprogresivo.mx\\\/#organization\",\"name\":\"elprogresivo.mx\",\"description\":\"Construimos una nueva etapa en informaci\\u00f3n\",\"url\":\"https:\\\/\\\/elprogresivo.mx\\\/\",\"logo\":{\"@type\":\"ImageObject\",\"url\":\"https:\\\/\\\/elprogresivo.mx\\\/wp-content\\\/uploads\\\/2024\\\/02\\\/cropped-LogoBlanco.png\",\"@id\":\"https:\\\/\\\/elprogresivo.mx\\\/index.php\\\/2026\\\/09\\\/02\\\/felifer-macias-vigila-a-limpia-y-anuncia-app-para-rastreo\\\/#organizationLogo\",\"width\":2096,\"height\":332},\"image\":{\"@id\":\"https:\\\/\\\/elprogresivo.mx\\\/index.php\\\/2026\\\/09\\\/02\\\/felifer-macias-vigila-a-limpia-y-anuncia-app-para-rastreo\\\/#organizationLogo\"}},{\"@type\":\"Person\",\"@id\":\"https:\\\/\\\/elprogresivo.mx\\\/index.php\\\/author\\\/emmanuel-galvan\\\/#author\",\"url\":\"https:\\\/\\\/elprogresivo.mx\\\/index.php\\\/author\\\/emmanuel-galvan\\\/\",\"name\":\"Staff\",\"image\":{\"@type\":\"ImageObject\",\"@id\":\"https:\\\/\\\/elprogresivo.mx\\\/index.php\\\/2026\\\/09\\\/02\\\/felifer-macias-vigila-a-limpia-y-anuncia-app-para-rastreo\\\/#authorImage\",\"url\":\"https:\\\/\\\/secure.gravatar.com\\\/avatar\\\/3bb87242634c3adf910515f41e6e392ab758b98c8ee7fd12a54fcb5270441486?s=96&d=mm&r=g\",\"width\":96,\"height\":96,\"caption\":\"Staff\"}},{\"@type\":\"WebPage\",\"@id\":\"https:\\\/\\\/elprogresivo.mx\\\/index.php\\\/2026\\\/09\\\/02\\\/felifer-macias-vigila-a-limpia-y-anuncia-app-para-rastreo\\\/#webpage\",\"url\":\"https:\\\/\\\/elprogresivo.mx\\\/index.php\\\/2026\\\/09\\\/02\\\/felifer-macias-vigila-a-limpia-y-anuncia-app-para-rastreo\\\/\",\"name\":\"Felifer Mac\\u00edas vigila a limpia y anuncia app para rastreo - elprogresivo.mx\",\"description\":\"Felifer Mac\\u00edas recorri\\u00f3 las calles de Quer\\u00e9taro en la madrugada de este lunes para ver c\\u00f3mo inicia el trabajo de las cuadrillas de limpia. El presidente municipal camin\\u00f3 junto al personal de Servicios P\\u00fablicos mientras se preparaban para recoger la basura, su primer paso para dejar ordenada la ciudad. Mac\\u00edas reconoci\\u00f3 el esfuerzo diario de\",\"inLanguage\":\"es-MX\",\"isPartOf\":{\"@id\":\"https:\\\/\\\/elprogresivo.mx\\\/#website\"},\"breadcrumb\":{\"@id\":\"https:\\\/\\\/elprogresivo.mx\\\/index.php\\\/2026\\\/09\\\/02\\\/felifer-macias-vigila-a-limpia-y-anuncia-app-para-rastreo\\\/#breadcrumblist\"},\"author\":{\"@id\":\"https:\\\/\\\/elprogresivo.mx\\\/index.php\\\/author\\\/emmanuel-galvan\\\/#author\"},\"creator\":{\"@id\":\"https:\\\/\\\/elprogresivo.mx\\\/index.php\\\/author\\\/emmanuel-galvan\\\/#author\"},\"image\":{\"@type\":\"ImageObject\",\"url\":\"https:\\\/\\\/elprogresivo.mx\\\/wp-content\\\/uploads\\\/2026\\\/09\\\/noticia_20260902095517.jpg\",\"@id\":\"https:\\\/\\\/elprogresivo.mx\\\/index.php\\\/2026\\\/09\\\/02\\\/felifer-macias-vigila-a-limpia-y-anuncia-app-para-rastreo\\\/#mainImage\",\"width\":1280,\"height\":854},\"primaryImageOfPage\":{\"@id\":\"https:\\\/\\\/elprogresivo.mx\\\/index.php\\\/2026\\\/09\\\/02\\\/felifer-macias-vigila-a-limpia-y-anuncia-app-para-rastreo\\\/#mainImage\"},\"datePublished\":\"2026-09-02T15:55:33+00:00\",\"dateModified\":\"2026-09-02T15:55:33+00:00\"},{\"@type\":\"WebSite\",\"@id\":\"https:\\\/\\\/elprogresivo.mx\\\/#website\",\"url\":\"https:\\\/\\\/elprogresivo.mx\\\/\",\"name\":\"elprogresivo.mx\",\"description\":\"Construimos una nueva etapa en informaci\\u00f3n\",\"inLanguage\":\"es-MX\",\"publisher\":{\"@id\":\"https:\\\/\\\/elprogresivo.mx\\\/#organization\"}}]}\n\t\t<\/script>\n\t\t<!-- All in One SEO -->\n\n","aioseo_head_json":{"title":"Felifer Mac\u00edas vigila a limpia y anuncia app para rastreo - elprogresivo.mx","description":"Felifer Mac\u00edas recorri\u00f3 las calles de Quer\u00e9taro en la madrugada de este lunes para ver c\u00f3mo inicia el trabajo de las cuadrillas de limpia. El presidente municipal camin\u00f3 junto al personal de Servicios P\u00fablicos mientras se preparaban para recoger la basura, su primer paso para dejar ordenada la ciudad. Mac\u00edas reconoci\u00f3 el esfuerzo diario de","canonical_url":"https:\/\/elprogresivo.mx\/index.php\/2026\/09\/02\/felifer-macias-vigila-a-limpia-y-anuncia-app-para-rastreo\/","robots":"max-image-preview:large","keywords":"","webmasterTools":{"miscellaneous":""},"schema":{"@context":"https:\/\/schema.org","@graph":[{"@type":"BlogPosting","@id":"https:\/\/elprogresivo.mx\/index.php\/2026\/09\/02\/felifer-macias-vigila-a-limpia-y-anuncia-app-para-rastreo\/#blogposting","name":"Felifer Mac\u00edas vigila a limpia y anuncia app para rastreo - elprogresivo.mx","headline":"Felifer Mac\u00edas vigila a limpia y anuncia app para rastreo","author":{"@id":"https:\/\/elprogresivo.mx\/index.php\/author\/emmanuel-galvan\/#author"},"publisher":{"@id":"https:\/\/elprogresivo.mx\/#organization"},"image":{"@type":"ImageObject","url":"https:\/\/elprogresivo.mx\/wp-content\/uploads\/2026\/09\/noticia_20260902095517.jpg","width":1280,"height":854},"datePublished":"2026-09-02T15:55:33+00:00","dateModified":"2026-09-02T15:55:33+00:00","inLanguage":"es-MX","mainEntityOfPage":{"@id":"https:\/\/elprogresivo.mx\/index.php\/2026\/09\/02\/felifer-macias-vigila-a-limpia-y-anuncia-app-para-rastreo\/#webpage"},"isPartOf":{"@id":"https:\/\/elprogresivo.mx\/index.php\/2026\/09\/02\/felifer-macias-vigila-a-limpia-y-anuncia-app-para-rastreo\/#webpage"},"articleSection":"Blog, Destacado, acompa\u00f1ado de fumigaci\u00f3n en colonias cercanas en respuesta a reportes ciudadanos. El secretario de Servicios P\u00fablicos Municipales, App Recoleccion, basura, Felifer Mac\u00edas, Limpia Queretaro"},{"@type":"BreadcrumbList","@id":"https:\/\/elprogresivo.mx\/index.php\/2026\/09\/02\/felifer-macias-vigila-a-limpia-y-anuncia-app-para-rastreo\/#breadcrumblist","itemListElement":[{"@type":"ListItem","@id":"https:\/\/elprogresivo.mx#listItem","position":1,"name":"Home","item":"https:\/\/elprogresivo.mx","nextItem":{"@type":"ListItem","@id":"https:\/\/elprogresivo.mx\/index.php\/category\/blog\/#listItem","name":"Blog"}},{"@type":"ListItem","@id":"https:\/\/elprogresivo.mx\/index.php\/category\/blog\/#listItem","position":2,"name":"Blog","item":"https:\/\/elprogresivo.mx\/index.php\/category\/blog\/","nextItem":{"@type":"ListItem","@id":"https:\/\/elprogresivo.mx\/index.php\/2026\/09\/02\/felifer-macias-vigila-a-limpia-y-anuncia-app-para-rastreo\/#listItem","name":"Felifer Mac\u00edas vigila a limpia y anuncia app para rastreo"},"previousItem":{"@type":"ListItem","@id":"https:\/\/elprogresivo.mx#listItem","name":"Home"}},{"@type":"ListItem","@id":"https:\/\/elprogresivo.mx\/index.php\/2026\/09\/02\/felifer-macias-vigila-a-limpia-y-anuncia-app-para-rastreo\/#listItem","position":3,"name":"Felifer Mac\u00edas vigila a limpia y anuncia app para rastreo","previousItem":{"@type":"ListItem","@id":"https:\/\/elprogresivo.mx\/index.php\/category\/blog\/#listItem","name":"Blog"}}]},{"@type":"Organization","@id":"https:\/\/elprogresivo.mx\/#organization","name":"elprogresivo.mx","description":"Construimos una nueva etapa en informaci\u00f3n","url":"https:\/\/elprogresivo.mx\/","logo":{"@type":"ImageObject","url":"https:\/\/elprogresivo.mx\/wp-content\/uploads\/2024\/02\/cropped-LogoBlanco.png","@id":"https:\/\/elprogresivo.mx\/index.php\/2026\/09\/02\/felifer-macias-vigila-a-limpia-y-anuncia-app-para-rastreo\/#organizationLogo","width":2096,"height":332},"image":{"@id":"https:\/\/elprogresivo.mx\/index.php\/2026\/09\/02\/felifer-macias-vigila-a-limpia-y-anuncia-app-para-rastreo\/#organizationLogo"}},{"@type":"Person","@id":"https:\/\/elprogresivo.mx\/index.php\/author\/emmanuel-galvan\/#author","url":"https:\/\/elprogresivo.mx\/index.php\/author\/emmanuel-galvan\/","name":"Staff","image":{"@type":"ImageObject","@id":"https:\/\/elprogresivo.mx\/index.php\/2026\/09\/02\/felifer-macias-vigila-a-limpia-y-anuncia-app-para-rastreo\/#authorImage","url":"https:\/\/secure.gravatar.com\/avatar\/3bb87242634c3adf910515f41e6e392ab758b98c8ee7fd12a54fcb5270441486?s=96&d=mm&r=g","width":96,"height":96,"caption":"Staff"}},{"@type":"WebPage","@id":"https:\/\/elprogresivo.mx\/index.php\/2026\/09\/02\/felifer-macias-vigila-a-limpia-y-anuncia-app-para-rastreo\/#webpage","url":"https:\/\/elprogresivo.mx\/index.php\/2026\/09\/02\/felifer-macias-vigila-a-limpia-y-anuncia-app-para-rastreo\/","name":"Felifer Mac\u00edas vigila a limpia y anuncia app para rastreo - elprogresivo.mx","description":"Felifer Mac\u00edas recorri\u00f3 las calles de Quer\u00e9taro en la madrugada de este lunes para ver c\u00f3mo inicia el trabajo de las cuadrillas de limpia. El presidente municipal camin\u00f3 junto al personal de Servicios P\u00fablicos mientras se preparaban para recoger la basura, su primer paso para dejar ordenada la ciudad. Mac\u00edas reconoci\u00f3 el esfuerzo diario de","inLanguage":"es-MX","isPartOf":{"@id":"https:\/\/elprogresivo.mx\/#website"},"breadcrumb":{"@id":"https:\/\/elprogresivo.mx\/index.php\/2026\/09\/02\/felifer-macias-vigila-a-limpia-y-anuncia-app-para-rastreo\/#breadcrumblist"},"author":{"@id":"https:\/\/elprogresivo.mx\/index.php\/author\/emmanuel-galvan\/#author"},"creator":{"@id":"https:\/\/elprogresivo.mx\/index.php\/author\/emmanuel-galvan\/#author"},"image":{"@type":"ImageObject","url":"https:\/\/elprogresivo.mx\/wp-content\/uploads\/2026\/09\/noticia_20260902095517.jpg","@id":"https:\/\/elprogresivo.mx\/index.php\/2026\/09\/02\/felifer-macias-vigila-a-limpia-y-anuncia-app-para-rastreo\/#mainImage","width":1280,"height":854},"primaryImageOfPage":{"@id":"https:\/\/elprogresivo.mx\/index.php\/2026\/09\/02\/felifer-macias-vigila-a-limpia-y-anuncia-app-para-rastreo\/#mainImage"},"datePublished":"2026-09-02T15:55:33+00:00","dateModified":"2026-09-02T15:55:33+00:00"},{"@type":"WebSite","@id":"https:\/\/elprogresivo.mx\/#website","url":"https:\/\/elprogresivo.mx\/","name":"elprogresivo.mx","description":"Construimos una nueva etapa en informaci\u00f3n","inLanguage":"es-MX","publisher":{"@id":"https:\/\/elprogresivo.mx\/#organization"}}]},"og:locale":"es_MX","og:site_name":"elprogresivo.mx - Construimos una nueva etapa en informaci\u00f3n","og:type":"article","og:title":"Felifer Mac\u00edas vigila a limpia y anuncia app para rastreo - elprogresivo.mx","og:description":"Felifer Mac\u00edas recorri\u00f3 las calles de Quer\u00e9taro en la madrugada de este lunes para ver c\u00f3mo inicia el trabajo de las cuadrillas de limpia. El presidente municipal camin\u00f3 junto al personal de Servicios P\u00fablicos mientras se preparaban para recoger la basura, su primer paso para dejar ordenada la ciudad. Mac\u00edas reconoci\u00f3 el esfuerzo diario de","og:url":"https:\/\/elprogresivo.mx\/index.php\/2026\/09\/02\/felifer-macias-vigila-a-limpia-y-anuncia-app-para-rastreo\/","og:image":"https:\/\/elprogresivo.mx\/wp-content\/uploads\/2024\/02\/cropped-LogoBlanco.png","og:image:secure_url":"https:\/\/elprogresivo.mx\/wp-content\/uploads\/2024\/02\/cropped-LogoBlanco.png","article:published_time":"2026-09-02T15:55:33+00:00","article:modified_time":"2026-09-02T15:55:33+00:00","twitter:card":"summary_large_image","twitter:title":"Felifer Mac\u00edas vigila a limpia y anuncia app para rastreo - elprogresivo.mx","twitter:description":"Felifer Mac\u00edas recorri\u00f3 las calles de Quer\u00e9taro en la madrugada de este lunes para ver c\u00f3mo inicia el trabajo de las cuadrillas de limpia. El presidente municipal camin\u00f3 junto al personal de Servicios P\u00fablicos mientras se preparaban para recoger la basura, su primer paso para dejar ordenada la ciudad. Mac\u00edas reconoci\u00f3 el esfuerzo diario de","twitter:image":"https:\/\/elprogresivo.mx\/wp-content\/uploads\/2024\/02\/cropped-LogoBlanco.png"},"aioseo_meta_data":{"post_id":"4962","title":null,"description":null,"keywords":null,"keyphrases":{"focus":[],"additional":[]},"primary_term":null,"canonical_url":null,"og_title":null,"og_description":null,"og_object_type":"default","og_image_type":"default","og_image_url":null,"og_image_width":null,"og_image_height":null,"og_image_custom_url":null,"og_image_custom_fields":null,"og_video":null,"og_custom_url":null,"og_article_section":null,"og_article_tags":null,"twitter_use_og":false,"twitter_card":"default","twitter_image_type":"default","twitter_image_url":null,"twitter_image_custom_url":null,"twitter_image_custom_fields":null,"twitter_title":null,"twitter_description":null,"schema":{"blockGraphs":[],"customGraphs":[],"default":{"data":{"Article":[],"Course":[],"Dataset":[],"FAQPage":[],"Movie":[],"Person":[],"Product":[],"ProductReview":[],"Car":[],"Recipe":[],"Service":[],"SoftwareApplication":[],"WebPage":[]},"graphName":"","isEnabled":true},"graphs":[]},"schema_type":"default","schema_type_options":null,"pillar_content":false,"robots_default":true,"robots_noindex":false,"robots_noarchive":false,"robots_nosnippet":false,"robots_nofollow":false,"robots_noimageindex":false,"robots_noodp":false,"robots_notranslate":false,"robots_max_snippet":null,"robots_max_videopreview":null,"robots_max_imagepreview":"large","priority":null,"frequency":null,"local_seo":null,"limit_modified_date":false,"created":"2026-09-02 17:12:06","updated":"2026-09-02 18:33:35","ai":null,"breadcrumb_settings":null,"seo_analyzer_scan_date":null,"focus_keyword":null,"additional_keywords":null,"truseo_locale":null},"aioseo_breadcrumb":"<div class=\"aioseo-breadcrumbs\"><span class=\"aioseo-breadcrumb\">\n\t\t\t<a href=\"https:\/\/elprogresivo.mx\" title=\"Home\">Home<\/a>\n\t\t<\/span><span class=\"aioseo-breadcrumb-separator\">&raquo;<\/span><span class=\"aioseo-breadcrumb\">\n\t\t\t<a href=\"https:\/\/elprogresivo.mx\/index.php\/category\/blog\/\" title=\"Blog\">Blog<\/a>\n\t\t<\/span><span class=\"aioseo-breadcrumb-separator\">&raquo;<\/span><span class=\"aioseo-breadcrumb\">\n\t\t\tFelifer Mac\u00edas vigila a limpia y anuncia app para rastreo\n\t\t<\/span><\/div>","aioseo_breadcrumb_json":[{"label":"Home","link":"https:\/\/elprogresivo.mx"},{"label":"Blog","link":"https:\/\/elprogresivo.mx\/index.php\/category\/blog\/"},{"label":"Felifer Mac\u00edas vigila a limpia y anuncia app para rastreo","link":"https:\/\/elprogresivo.mx\/index.php\/2026\/09\/02\/felifer-macias-vigila-a-limpia-y-anuncia-app-para-rastreo\/"}],"jetpack_publicize_connections":[],"_links":{"self":[{"href":"https:\/\/elprogresivo.mx\/index.php\/wp-json\/wp\/v2\/posts\/4962","targetHints":{"allow":["GET"]}}],"collection":[{"href":"https:\/\/elprogresivo.mx\/index.php\/wp-json\/wp\/v2\/posts"}],"about":[{"href":"https:\/\/elprogresivo.mx\/index.php\/wp-json\/wp\/v2\/types\/post"}],"author":[{"embeddable":true,"href":"https:\/\/elprogresivo.mx\/index.php\/wp-json\/wp\/v2\/users\/5"}],"replies":[{"embeddable":true,"href":"https:\/\/elprogresivo.mx\/index.php\/wp-json\/wp\/v2\/comments?post=4962"}],"version-history":[{"count":0,"href":"https:\/\/elprogresivo.mx\/index.php\/wp-json\/wp\/v2\/posts\/4962\/revisions"}],"wp:featuredmedia":[{"embeddable":true,"href":"https:\/\/elprogresivo.mx\/index.php\/wp-json\/wp\/v2\/media\/4961"}],"wp:attachment":[{"href":"https:\/\/elprogresivo.mx\/index.php\/wp-json\/wp\/v2\/media?parent=4962"}],"wp:term":[{"taxonomy":"category","embeddable":true,"href":"https:\/\/elprogresivo.mx\/index.php\/wp-json\/wp\/v2\/categories?post=4962"},{"taxonomy":"post_tag","embeddable":true,"href":"https:\/\/elprogresivo.mx\/index.php\/wp-json\/wp\/v2\/tags?post=4962"}],"curies":[{"name":"wp","href":"https:\/\/api.w.org\/{rel}","templated":true}]}}