{"id":4954,"date":"2026-09-02T15:53:47","date_gmt":"2026-09-02T15:53:47","guid":{"rendered":"https:\/\/elprogresivo.mx\/index.php\/2026\/09\/02\/queretanos-abre-paso-el-registro-del-transporte-escolar-gratis\/"},"modified":"2026-09-02T15:53:47","modified_gmt":"2026-09-02T15:53:47","slug":"queretanos-abre-paso-el-registro-del-transporte-escolar-gratis","status":"publish","type":"post","link":"https:\/\/elprogresivo.mx\/index.php\/2026\/09\/02\/queretanos-abre-paso-el-registro-del-transporte-escolar-gratis\/","title":{"rendered":"Queretanos: abre paso el registro del transporte escolar gratis"},"content":{"rendered":"<p>El municipio de Quer\u00e9taro abri\u00f3 la puerta para inscribirse en el transporte escolar y universitario sin costo. El presidente municipal, Felifer Mac\u00edas, confirm\u00f3 que el registro para nuevos ingresos y refrendos estar\u00e1 disponible durante septiembre y octubre.<\/p>\n<p>Mac\u00edas visit\u00f3 el patio de maniobras al amanecer y subi\u00f3 a uno de los autobuses que salen a sus rutas. Ah\u00ed habl\u00f3 con los conductores y asistentes, quienes cuentan que su trabajo consiste en llevar a los alumnos a clase de forma segura. El alcalde destac\u00f3 que estos programas alivian el bolsillo de las familias y evitan que los estudiantes dejen la escuela por falta de movilidad.<\/p>\n<p>&#8220;Un programa que es de los que m\u00e1s satisfacci\u00f3n nos da, porque cambiamos vidas, le hacemos la vida mucho m\u00e1s f\u00e1cil a la gente. Te puedes registrar en el bus municipal, en el transporte escolar gratuito, en la p\u00e1gina, busmunicipal.municipiodequeretaro.gob.mx Ah\u00ed puedes registrar a tus hijos para que sean beneficiados de este programa del bus municipal&#8221;, se\u00f1al\u00f3.<\/p>\n<p>Actualmente, casi 6 mil alumnos de unas 70 escuelas usan este servicio a trav\u00e9s de 50 rutas. Los autobuses cuentan con cinturones de seguridad, c\u00e1maras y GPS. Adem\u00e1s, personal capacitado acompa\u00f1a a los ni\u00f1os y una central de monitoreo vigila el trayecto en tiempo real.<\/p>\n<p>El servicio est\u00e1 dirigido a estudiantes de cuarto a sexto grado de primaria y de primero a tercero de secundaria. Tambi\u00e9n hay un programa para universitarios. La primera etapa, del 1 al 30 de septiembre, es para quienes ya usan el servicio y quieren renovar, o para quienes inician cuarto de primaria, primero de secundaria o universidad.<\/p>\n<p>Del 1 al 30 de octubre, la convocatoria sigue abierta para estudiantes de cuarto de primaria en adelante. Para registrarse, se debe usar la plataforma busmunicipal.municipiodequeretaro.gob.mx.<\/p>\n<p>Los requisitos incluyen tener una tarjeta Qrobus vinculada a la app del sistema. Adem\u00e1s, se necesita comprobante de domicilio reciente de menos de dos meses, CURP y constancia de estudios. Si el alumno es menor de edad, se requiere la identificaci\u00f3n oficial del padre, madre o tutor. El proceso empieza creando una cuenta y generando el perfil en el sitio web.<\/p>\n","protected":false},"excerpt":{"rendered":"<p>El municipio de Quer\u00e9taro abri\u00f3 la puerta para inscribirse en el transporte escolar y universitario&#8230;<\/p>\n","protected":false},"author":5,"featured_media":4953,"comment_status":"open","ping_status":"open","sticky":false,"template":"","format":"standard","meta":{"om_disable_all_campaigns":false,"_monsterinsights_skip_tracking":false,"footnotes":"","jetpack_publicize_message":"","jetpack_publicize_feature_enabled":true,"jetpack_social_post_already_shared":true,"jetpack_social_options":{"image_generator_settings":{"template":"highway","default_image_id":0,"font":"","enabled":false},"version":2}},"categories":[1,70],"tags":[876,1735,1802,77,2221],"class_list":["post-4954","post","type-post","status-publish","format-standard","has-post-thumbnail","hentry","category-blog","category-destacado","tag-300-anos-acueducto-queretaro-el-marques","tag-agencia-de-movilidad-del-estado-de-queretaro","tag-alianza-por-la-educacion-y-la-paz","tag-felifer-macias","tag-transporte-escolar"],"aioseo_notices":[],"aioseo_head":"\n\t\t<!-- All in One SEO 5.0.1.1 - aioseo.com -->\n\t<meta name=\"description\" content=\"El municipio de Quer\u00e9taro abri\u00f3 la puerta para inscribirse en el transporte escolar y universitario sin costo. El presidente municipal, Felifer Mac\u00edas, confirm\u00f3 que el registro para nuevos ingresos y refrendos estar\u00e1 disponible durante septiembre y octubre. Mac\u00edas visit\u00f3 el patio de maniobras al amanecer y subi\u00f3 a uno de los autobuses que salen a\" \/>\n\t<meta name=\"robots\" content=\"max-image-preview:large\" \/>\n\t<meta name=\"author\" content=\"Staff\"\/>\n\t<link rel=\"canonical\" href=\"https:\/\/elprogresivo.mx\/index.php\/2026\/09\/02\/queretanos-abre-paso-el-registro-del-transporte-escolar-gratis\/\" \/>\n\t<meta name=\"generator\" content=\"All in One SEO (AIOSEO) 5.0.1.1\" \/>\n\t\t<meta property=\"og:locale\" content=\"es_MX\" \/>\n\t\t<meta property=\"og:site_name\" content=\"elprogresivo.mx - Construimos una nueva etapa en informaci\u00f3n\" \/>\n\t\t<meta property=\"og:type\" content=\"article\" \/>\n\t\t<meta property=\"og:title\" content=\"Queretanos: abre paso el registro del transporte escolar gratis - elprogresivo.mx\" \/>\n\t\t<meta property=\"og:description\" content=\"El municipio de Quer\u00e9taro abri\u00f3 la puerta para inscribirse en el transporte escolar y universitario sin costo. El presidente municipal, Felifer Mac\u00edas, confirm\u00f3 que el registro para nuevos ingresos y refrendos estar\u00e1 disponible durante septiembre y octubre. Mac\u00edas visit\u00f3 el patio de maniobras al amanecer y subi\u00f3 a uno de los autobuses que salen a\" \/>\n\t\t<meta property=\"og:url\" content=\"https:\/\/elprogresivo.mx\/index.php\/2026\/09\/02\/queretanos-abre-paso-el-registro-del-transporte-escolar-gratis\/\" \/>\n\t\t<meta property=\"og:image\" content=\"https:\/\/elprogresivo.mx\/wp-content\/uploads\/2024\/02\/cropped-LogoBlanco.png\" \/>\n\t\t<meta property=\"og:image:secure_url\" content=\"https:\/\/elprogresivo.mx\/wp-content\/uploads\/2024\/02\/cropped-LogoBlanco.png\" \/>\n\t\t<meta property=\"article:published_time\" content=\"2026-09-02T15:53:47+00:00\" \/>\n\t\t<meta property=\"article:modified_time\" content=\"2026-09-02T15:53:47+00:00\" \/>\n\t\t<meta name=\"twitter:card\" content=\"summary_large_image\" \/>\n\t\t<meta name=\"twitter:title\" content=\"Queretanos: abre paso el registro del transporte escolar gratis - elprogresivo.mx\" \/>\n\t\t<meta name=\"twitter:description\" content=\"El municipio de Quer\u00e9taro abri\u00f3 la puerta para inscribirse en el transporte escolar y universitario sin costo. El presidente municipal, Felifer Mac\u00edas, confirm\u00f3 que el registro para nuevos ingresos y refrendos estar\u00e1 disponible durante septiembre y octubre. Mac\u00edas visit\u00f3 el patio de maniobras al amanecer y subi\u00f3 a uno de los autobuses que salen a\" \/>\n\t\t<meta name=\"twitter:image\" content=\"https:\/\/elprogresivo.mx\/wp-content\/uploads\/2024\/02\/cropped-LogoBlanco.png\" \/>\n\t\t<script type=\"application\/ld+json\" class=\"aioseo-schema\">\n\t\t\t{\"@context\":\"https:\\\/\\\/schema.org\",\"@graph\":[{\"@type\":\"BlogPosting\",\"@id\":\"https:\\\/\\\/elprogresivo.mx\\\/index.php\\\/2026\\\/09\\\/02\\\/queretanos-abre-paso-el-registro-del-transporte-escolar-gratis\\\/#blogposting\",\"name\":\"Queretanos: abre paso el registro del transporte escolar gratis - elprogresivo.mx\",\"headline\":\"Queretanos: abre paso el registro del transporte escolar gratis\",\"author\":{\"@id\":\"https:\\\/\\\/elprogresivo.mx\\\/index.php\\\/author\\\/emmanuel-galvan\\\/#author\"},\"publisher\":{\"@id\":\"https:\\\/\\\/elprogresivo.mx\\\/#organization\"},\"image\":{\"@type\":\"ImageObject\",\"url\":\"https:\\\/\\\/elprogresivo.mx\\\/wp-content\\\/uploads\\\/2026\\\/09\\\/noticia_20260902095339.jpg\",\"width\":1280,\"height\":854},\"datePublished\":\"2026-09-02T15:53:47+00:00\",\"dateModified\":\"2026-09-02T15:53:47+00:00\",\"inLanguage\":\"es-MX\",\"mainEntityOfPage\":{\"@id\":\"https:\\\/\\\/elprogresivo.mx\\\/index.php\\\/2026\\\/09\\\/02\\\/queretanos-abre-paso-el-registro-del-transporte-escolar-gratis\\\/#webpage\"},\"isPartOf\":{\"@id\":\"https:\\\/\\\/elprogresivo.mx\\\/index.php\\\/2026\\\/09\\\/02\\\/queretanos-abre-paso-el-registro-del-transporte-escolar-gratis\\\/#webpage\"},\"articleSection\":\"Blog, Destacado, 300 a\\u00f1os Acueducto Quer\\u00e9taro El Marqu\\u00e9s, Agencia de Movilidad del Estado de Quer\\u00e9taro, Alianza por la Educaci\\u00f3n y la Paz, Felifer Mac\\u00edas, Transporte Escolar\"},{\"@type\":\"BreadcrumbList\",\"@id\":\"https:\\\/\\\/elprogresivo.mx\\\/index.php\\\/2026\\\/09\\\/02\\\/queretanos-abre-paso-el-registro-del-transporte-escolar-gratis\\\/#breadcrumblist\",\"itemListElement\":[{\"@type\":\"ListItem\",\"@id\":\"https:\\\/\\\/elprogresivo.mx#listItem\",\"position\":1,\"name\":\"Home\",\"item\":\"https:\\\/\\\/elprogresivo.mx\",\"nextItem\":{\"@type\":\"ListItem\",\"@id\":\"https:\\\/\\\/elprogresivo.mx\\\/index.php\\\/category\\\/blog\\\/#listItem\",\"name\":\"Blog\"}},{\"@type\":\"ListItem\",\"@id\":\"https:\\\/\\\/elprogresivo.mx\\\/index.php\\\/category\\\/blog\\\/#listItem\",\"position\":2,\"name\":\"Blog\",\"item\":\"https:\\\/\\\/elprogresivo.mx\\\/index.php\\\/category\\\/blog\\\/\",\"nextItem\":{\"@type\":\"ListItem\",\"@id\":\"https:\\\/\\\/elprogresivo.mx\\\/index.php\\\/2026\\\/09\\\/02\\\/queretanos-abre-paso-el-registro-del-transporte-escolar-gratis\\\/#listItem\",\"name\":\"Queretanos: abre paso el registro del transporte escolar gratis\"},\"previousItem\":{\"@type\":\"ListItem\",\"@id\":\"https:\\\/\\\/elprogresivo.mx#listItem\",\"name\":\"Home\"}},{\"@type\":\"ListItem\",\"@id\":\"https:\\\/\\\/elprogresivo.mx\\\/index.php\\\/2026\\\/09\\\/02\\\/queretanos-abre-paso-el-registro-del-transporte-escolar-gratis\\\/#listItem\",\"position\":3,\"name\":\"Queretanos: abre paso el registro del transporte escolar gratis\",\"previousItem\":{\"@type\":\"ListItem\",\"@id\":\"https:\\\/\\\/elprogresivo.mx\\\/index.php\\\/category\\\/blog\\\/#listItem\",\"name\":\"Blog\"}}]},{\"@type\":\"Organization\",\"@id\":\"https:\\\/\\\/elprogresivo.mx\\\/#organization\",\"name\":\"elprogresivo.mx\",\"description\":\"Construimos una nueva etapa en informaci\\u00f3n\",\"url\":\"https:\\\/\\\/elprogresivo.mx\\\/\",\"logo\":{\"@type\":\"ImageObject\",\"url\":\"https:\\\/\\\/elprogresivo.mx\\\/wp-content\\\/uploads\\\/2024\\\/02\\\/cropped-LogoBlanco.png\",\"@id\":\"https:\\\/\\\/elprogresivo.mx\\\/index.php\\\/2026\\\/09\\\/02\\\/queretanos-abre-paso-el-registro-del-transporte-escolar-gratis\\\/#organizationLogo\",\"width\":2096,\"height\":332},\"image\":{\"@id\":\"https:\\\/\\\/elprogresivo.mx\\\/index.php\\\/2026\\\/09\\\/02\\\/queretanos-abre-paso-el-registro-del-transporte-escolar-gratis\\\/#organizationLogo\"}},{\"@type\":\"Person\",\"@id\":\"https:\\\/\\\/elprogresivo.mx\\\/index.php\\\/author\\\/emmanuel-galvan\\\/#author\",\"url\":\"https:\\\/\\\/elprogresivo.mx\\\/index.php\\\/author\\\/emmanuel-galvan\\\/\",\"name\":\"Staff\",\"image\":{\"@type\":\"ImageObject\",\"@id\":\"https:\\\/\\\/elprogresivo.mx\\\/index.php\\\/2026\\\/09\\\/02\\\/queretanos-abre-paso-el-registro-del-transporte-escolar-gratis\\\/#authorImage\",\"url\":\"https:\\\/\\\/secure.gravatar.com\\\/avatar\\\/3bb87242634c3adf910515f41e6e392ab758b98c8ee7fd12a54fcb5270441486?s=96&d=mm&r=g\",\"width\":96,\"height\":96,\"caption\":\"Staff\"}},{\"@type\":\"WebPage\",\"@id\":\"https:\\\/\\\/elprogresivo.mx\\\/index.php\\\/2026\\\/09\\\/02\\\/queretanos-abre-paso-el-registro-del-transporte-escolar-gratis\\\/#webpage\",\"url\":\"https:\\\/\\\/elprogresivo.mx\\\/index.php\\\/2026\\\/09\\\/02\\\/queretanos-abre-paso-el-registro-del-transporte-escolar-gratis\\\/\",\"name\":\"Queretanos: abre paso el registro del transporte escolar gratis - elprogresivo.mx\",\"description\":\"El municipio de Quer\\u00e9taro abri\\u00f3 la puerta para inscribirse en el transporte escolar y universitario sin costo. El presidente municipal, Felifer Mac\\u00edas, confirm\\u00f3 que el registro para nuevos ingresos y refrendos estar\\u00e1 disponible durante septiembre y octubre. Mac\\u00edas visit\\u00f3 el patio de maniobras al amanecer y subi\\u00f3 a uno de los autobuses que salen a\",\"inLanguage\":\"es-MX\",\"isPartOf\":{\"@id\":\"https:\\\/\\\/elprogresivo.mx\\\/#website\"},\"breadcrumb\":{\"@id\":\"https:\\\/\\\/elprogresivo.mx\\\/index.php\\\/2026\\\/09\\\/02\\\/queretanos-abre-paso-el-registro-del-transporte-escolar-gratis\\\/#breadcrumblist\"},\"author\":{\"@id\":\"https:\\\/\\\/elprogresivo.mx\\\/index.php\\\/author\\\/emmanuel-galvan\\\/#author\"},\"creator\":{\"@id\":\"https:\\\/\\\/elprogresivo.mx\\\/index.php\\\/author\\\/emmanuel-galvan\\\/#author\"},\"image\":{\"@type\":\"ImageObject\",\"url\":\"https:\\\/\\\/elprogresivo.mx\\\/wp-content\\\/uploads\\\/2026\\\/09\\\/noticia_20260902095339.jpg\",\"@id\":\"https:\\\/\\\/elprogresivo.mx\\\/index.php\\\/2026\\\/09\\\/02\\\/queretanos-abre-paso-el-registro-del-transporte-escolar-gratis\\\/#mainImage\",\"width\":1280,\"height\":854},\"primaryImageOfPage\":{\"@id\":\"https:\\\/\\\/elprogresivo.mx\\\/index.php\\\/2026\\\/09\\\/02\\\/queretanos-abre-paso-el-registro-del-transporte-escolar-gratis\\\/#mainImage\"},\"datePublished\":\"2026-09-02T15:53:47+00:00\",\"dateModified\":\"2026-09-02T15:53:47+00:00\"},{\"@type\":\"WebSite\",\"@id\":\"https:\\\/\\\/elprogresivo.mx\\\/#website\",\"url\":\"https:\\\/\\\/elprogresivo.mx\\\/\",\"name\":\"elprogresivo.mx\",\"description\":\"Construimos una nueva etapa en informaci\\u00f3n\",\"inLanguage\":\"es-MX\",\"publisher\":{\"@id\":\"https:\\\/\\\/elprogresivo.mx\\\/#organization\"}}]}\n\t\t<\/script>\n\t\t<!-- All in One SEO -->\n\n","aioseo_head_json":{"title":"Queretanos: abre paso el registro del transporte escolar gratis - elprogresivo.mx","description":"El municipio de Quer\u00e9taro abri\u00f3 la puerta para inscribirse en el transporte escolar y universitario sin costo. El presidente municipal, Felifer Mac\u00edas, confirm\u00f3 que el registro para nuevos ingresos y refrendos estar\u00e1 disponible durante septiembre y octubre. Mac\u00edas visit\u00f3 el patio de maniobras al amanecer y subi\u00f3 a uno de los autobuses que salen a","canonical_url":"https:\/\/elprogresivo.mx\/index.php\/2026\/09\/02\/queretanos-abre-paso-el-registro-del-transporte-escolar-gratis\/","robots":"max-image-preview:large","keywords":"","webmasterTools":{"miscellaneous":""},"schema":{"@context":"https:\/\/schema.org","@graph":[{"@type":"BlogPosting","@id":"https:\/\/elprogresivo.mx\/index.php\/2026\/09\/02\/queretanos-abre-paso-el-registro-del-transporte-escolar-gratis\/#blogposting","name":"Queretanos: abre paso el registro del transporte escolar gratis - elprogresivo.mx","headline":"Queretanos: abre paso el registro del transporte escolar gratis","author":{"@id":"https:\/\/elprogresivo.mx\/index.php\/author\/emmanuel-galvan\/#author"},"publisher":{"@id":"https:\/\/elprogresivo.mx\/#organization"},"image":{"@type":"ImageObject","url":"https:\/\/elprogresivo.mx\/wp-content\/uploads\/2026\/09\/noticia_20260902095339.jpg","width":1280,"height":854},"datePublished":"2026-09-02T15:53:47+00:00","dateModified":"2026-09-02T15:53:47+00:00","inLanguage":"es-MX","mainEntityOfPage":{"@id":"https:\/\/elprogresivo.mx\/index.php\/2026\/09\/02\/queretanos-abre-paso-el-registro-del-transporte-escolar-gratis\/#webpage"},"isPartOf":{"@id":"https:\/\/elprogresivo.mx\/index.php\/2026\/09\/02\/queretanos-abre-paso-el-registro-del-transporte-escolar-gratis\/#webpage"},"articleSection":"Blog, Destacado, 300 a\u00f1os Acueducto Quer\u00e9taro El Marqu\u00e9s, Agencia de Movilidad del Estado de Quer\u00e9taro, Alianza por la Educaci\u00f3n y la Paz, Felifer Mac\u00edas, Transporte Escolar"},{"@type":"BreadcrumbList","@id":"https:\/\/elprogresivo.mx\/index.php\/2026\/09\/02\/queretanos-abre-paso-el-registro-del-transporte-escolar-gratis\/#breadcrumblist","itemListElement":[{"@type":"ListItem","@id":"https:\/\/elprogresivo.mx#listItem","position":1,"name":"Home","item":"https:\/\/elprogresivo.mx","nextItem":{"@type":"ListItem","@id":"https:\/\/elprogresivo.mx\/index.php\/category\/blog\/#listItem","name":"Blog"}},{"@type":"ListItem","@id":"https:\/\/elprogresivo.mx\/index.php\/category\/blog\/#listItem","position":2,"name":"Blog","item":"https:\/\/elprogresivo.mx\/index.php\/category\/blog\/","nextItem":{"@type":"ListItem","@id":"https:\/\/elprogresivo.mx\/index.php\/2026\/09\/02\/queretanos-abre-paso-el-registro-del-transporte-escolar-gratis\/#listItem","name":"Queretanos: abre paso el registro del transporte escolar gratis"},"previousItem":{"@type":"ListItem","@id":"https:\/\/elprogresivo.mx#listItem","name":"Home"}},{"@type":"ListItem","@id":"https:\/\/elprogresivo.mx\/index.php\/2026\/09\/02\/queretanos-abre-paso-el-registro-del-transporte-escolar-gratis\/#listItem","position":3,"name":"Queretanos: abre paso el registro del transporte escolar gratis","previousItem":{"@type":"ListItem","@id":"https:\/\/elprogresivo.mx\/index.php\/category\/blog\/#listItem","name":"Blog"}}]},{"@type":"Organization","@id":"https:\/\/elprogresivo.mx\/#organization","name":"elprogresivo.mx","description":"Construimos una nueva etapa en informaci\u00f3n","url":"https:\/\/elprogresivo.mx\/","logo":{"@type":"ImageObject","url":"https:\/\/elprogresivo.mx\/wp-content\/uploads\/2024\/02\/cropped-LogoBlanco.png","@id":"https:\/\/elprogresivo.mx\/index.php\/2026\/09\/02\/queretanos-abre-paso-el-registro-del-transporte-escolar-gratis\/#organizationLogo","width":2096,"height":332},"image":{"@id":"https:\/\/elprogresivo.mx\/index.php\/2026\/09\/02\/queretanos-abre-paso-el-registro-del-transporte-escolar-gratis\/#organizationLogo"}},{"@type":"Person","@id":"https:\/\/elprogresivo.mx\/index.php\/author\/emmanuel-galvan\/#author","url":"https:\/\/elprogresivo.mx\/index.php\/author\/emmanuel-galvan\/","name":"Staff","image":{"@type":"ImageObject","@id":"https:\/\/elprogresivo.mx\/index.php\/2026\/09\/02\/queretanos-abre-paso-el-registro-del-transporte-escolar-gratis\/#authorImage","url":"https:\/\/secure.gravatar.com\/avatar\/3bb87242634c3adf910515f41e6e392ab758b98c8ee7fd12a54fcb5270441486?s=96&d=mm&r=g","width":96,"height":96,"caption":"Staff"}},{"@type":"WebPage","@id":"https:\/\/elprogresivo.mx\/index.php\/2026\/09\/02\/queretanos-abre-paso-el-registro-del-transporte-escolar-gratis\/#webpage","url":"https:\/\/elprogresivo.mx\/index.php\/2026\/09\/02\/queretanos-abre-paso-el-registro-del-transporte-escolar-gratis\/","name":"Queretanos: abre paso el registro del transporte escolar gratis - elprogresivo.mx","description":"El municipio de Quer\u00e9taro abri\u00f3 la puerta para inscribirse en el transporte escolar y universitario sin costo. El presidente municipal, Felifer Mac\u00edas, confirm\u00f3 que el registro para nuevos ingresos y refrendos estar\u00e1 disponible durante septiembre y octubre. Mac\u00edas visit\u00f3 el patio de maniobras al amanecer y subi\u00f3 a uno de los autobuses que salen a","inLanguage":"es-MX","isPartOf":{"@id":"https:\/\/elprogresivo.mx\/#website"},"breadcrumb":{"@id":"https:\/\/elprogresivo.mx\/index.php\/2026\/09\/02\/queretanos-abre-paso-el-registro-del-transporte-escolar-gratis\/#breadcrumblist"},"author":{"@id":"https:\/\/elprogresivo.mx\/index.php\/author\/emmanuel-galvan\/#author"},"creator":{"@id":"https:\/\/elprogresivo.mx\/index.php\/author\/emmanuel-galvan\/#author"},"image":{"@type":"ImageObject","url":"https:\/\/elprogresivo.mx\/wp-content\/uploads\/2026\/09\/noticia_20260902095339.jpg","@id":"https:\/\/elprogresivo.mx\/index.php\/2026\/09\/02\/queretanos-abre-paso-el-registro-del-transporte-escolar-gratis\/#mainImage","width":1280,"height":854},"primaryImageOfPage":{"@id":"https:\/\/elprogresivo.mx\/index.php\/2026\/09\/02\/queretanos-abre-paso-el-registro-del-transporte-escolar-gratis\/#mainImage"},"datePublished":"2026-09-02T15:53:47+00:00","dateModified":"2026-09-02T15:53:47+00:00"},{"@type":"WebSite","@id":"https:\/\/elprogresivo.mx\/#website","url":"https:\/\/elprogresivo.mx\/","name":"elprogresivo.mx","description":"Construimos una nueva etapa en informaci\u00f3n","inLanguage":"es-MX","publisher":{"@id":"https:\/\/elprogresivo.mx\/#organization"}}]},"og:locale":"es_MX","og:site_name":"elprogresivo.mx - Construimos una nueva etapa en informaci\u00f3n","og:type":"article","og:title":"Queretanos: abre paso el registro del transporte escolar gratis - elprogresivo.mx","og:description":"El municipio de Quer\u00e9taro abri\u00f3 la puerta para inscribirse en el transporte escolar y universitario sin costo. El presidente municipal, Felifer Mac\u00edas, confirm\u00f3 que el registro para nuevos ingresos y refrendos estar\u00e1 disponible durante septiembre y octubre. Mac\u00edas visit\u00f3 el patio de maniobras al amanecer y subi\u00f3 a uno de los autobuses que salen a","og:url":"https:\/\/elprogresivo.mx\/index.php\/2026\/09\/02\/queretanos-abre-paso-el-registro-del-transporte-escolar-gratis\/","og:image":"https:\/\/elprogresivo.mx\/wp-content\/uploads\/2024\/02\/cropped-LogoBlanco.png","og:image:secure_url":"https:\/\/elprogresivo.mx\/wp-content\/uploads\/2024\/02\/cropped-LogoBlanco.png","article:published_time":"2026-09-02T15:53:47+00:00","article:modified_time":"2026-09-02T15:53:47+00:00","twitter:card":"summary_large_image","twitter:title":"Queretanos: abre paso el registro del transporte escolar gratis - elprogresivo.mx","twitter:description":"El municipio de Quer\u00e9taro abri\u00f3 la puerta para inscribirse en el transporte escolar y universitario sin costo. El presidente municipal, Felifer Mac\u00edas, confirm\u00f3 que el registro para nuevos ingresos y refrendos estar\u00e1 disponible durante septiembre y octubre. Mac\u00edas visit\u00f3 el patio de maniobras al amanecer y subi\u00f3 a uno de los autobuses que salen a","twitter:image":"https:\/\/elprogresivo.mx\/wp-content\/uploads\/2024\/02\/cropped-LogoBlanco.png"},"aioseo_meta_data":{"post_id":"4954","title":null,"description":null,"keywords":null,"keyphrases":{"focus":[],"additional":[]},"primary_term":null,"canonical_url":null,"og_title":null,"og_description":null,"og_object_type":"default","og_image_type":"default","og_image_url":null,"og_image_width":null,"og_image_height":null,"og_image_custom_url":null,"og_image_custom_fields":null,"og_video":null,"og_custom_url":null,"og_article_section":null,"og_article_tags":null,"twitter_use_og":false,"twitter_card":"default","twitter_image_type":"default","twitter_image_url":null,"twitter_image_custom_url":null,"twitter_image_custom_fields":null,"twitter_title":null,"twitter_description":null,"schema":{"blockGraphs":[],"customGraphs":[],"default":{"data":{"Article":[],"Course":[],"Dataset":[],"FAQPage":[],"Movie":[],"Person":[],"Product":[],"ProductReview":[],"Car":[],"Recipe":[],"Service":[],"SoftwareApplication":[],"WebPage":[]},"graphName":"","isEnabled":true},"graphs":[]},"schema_type":"default","schema_type_options":null,"pillar_content":false,"robots_default":true,"robots_noindex":false,"robots_noarchive":false,"robots_nosnippet":false,"robots_nofollow":false,"robots_noimageindex":false,"robots_noodp":false,"robots_notranslate":false,"robots_max_snippet":null,"robots_max_videopreview":null,"robots_max_imagepreview":"large","priority":null,"frequency":null,"local_seo":null,"limit_modified_date":false,"created":"2026-09-02 17:12:06","updated":"2026-09-02 18:33:36","ai":null,"breadcrumb_settings":null,"seo_analyzer_scan_date":null,"focus_keyword":null,"additional_keywords":null,"truseo_locale":null},"aioseo_breadcrumb":"<div class=\"aioseo-breadcrumbs\"><span class=\"aioseo-breadcrumb\">\n\t\t\t<a href=\"https:\/\/elprogresivo.mx\" title=\"Home\">Home<\/a>\n\t\t<\/span><span class=\"aioseo-breadcrumb-separator\">&raquo;<\/span><span class=\"aioseo-breadcrumb\">\n\t\t\t<a href=\"https:\/\/elprogresivo.mx\/index.php\/category\/blog\/\" title=\"Blog\">Blog<\/a>\n\t\t<\/span><span class=\"aioseo-breadcrumb-separator\">&raquo;<\/span><span class=\"aioseo-breadcrumb\">\n\t\t\tQueretanos: abre paso el registro del transporte escolar gratis\n\t\t<\/span><\/div>","aioseo_breadcrumb_json":[{"label":"Home","link":"https:\/\/elprogresivo.mx"},{"label":"Blog","link":"https:\/\/elprogresivo.mx\/index.php\/category\/blog\/"},{"label":"Queretanos: abre paso el registro del transporte escolar gratis","link":"https:\/\/elprogresivo.mx\/index.php\/2026\/09\/02\/queretanos-abre-paso-el-registro-del-transporte-escolar-gratis\/"}],"jetpack_publicize_connections":[],"_links":{"self":[{"href":"https:\/\/elprogresivo.mx\/index.php\/wp-json\/wp\/v2\/posts\/4954","targetHints":{"allow":["GET"]}}],"collection":[{"href":"https:\/\/elprogresivo.mx\/index.php\/wp-json\/wp\/v2\/posts"}],"about":[{"href":"https:\/\/elprogresivo.mx\/index.php\/wp-json\/wp\/v2\/types\/post"}],"author":[{"embeddable":true,"href":"https:\/\/elprogresivo.mx\/index.php\/wp-json\/wp\/v2\/users\/5"}],"replies":[{"embeddable":true,"href":"https:\/\/elprogresivo.mx\/index.php\/wp-json\/wp\/v2\/comments?post=4954"}],"version-history":[{"count":0,"href":"https:\/\/elprogresivo.mx\/index.php\/wp-json\/wp\/v2\/posts\/4954\/revisions"}],"wp:featuredmedia":[{"embeddable":true,"href":"https:\/\/elprogresivo.mx\/index.php\/wp-json\/wp\/v2\/media\/4953"}],"wp:attachment":[{"href":"https:\/\/elprogresivo.mx\/index.php\/wp-json\/wp\/v2\/media?parent=4954"}],"wp:term":[{"taxonomy":"category","embeddable":true,"href":"https:\/\/elprogresivo.mx\/index.php\/wp-json\/wp\/v2\/categories?post=4954"},{"taxonomy":"post_tag","embeddable":true,"href":"https:\/\/elprogresivo.mx\/index.php\/wp-json\/wp\/v2\/tags?post=4954"}],"curies":[{"name":"wp","href":"https:\/\/api.w.org\/{rel}","templated":true}]}}