{"id":4952,"date":"2026-09-02T15:53:33","date_gmt":"2026-09-02T15:53:33","guid":{"rendered":"https:\/\/elprogresivo.mx\/index.php\/2026\/09\/02\/queretaro-confirma-seis-casos-de-miasis-y-refuerza-salud\/"},"modified":"2026-09-02T15:53:33","modified_gmt":"2026-09-02T15:53:33","slug":"queretaro-confirma-seis-casos-de-miasis-y-refuerza-salud","status":"publish","type":"post","link":"https:\/\/elprogresivo.mx\/index.php\/2026\/09\/02\/queretaro-confirma-seis-casos-de-miasis-y-refuerza-salud\/","title":{"rendered":"Quer\u00e9taro confirma seis casos de miasis y refuerza salud"},"content":{"rendered":"<p>La Secretar\u00eda de Salud de Quer\u00e9taro encabez\u00f3 su primera reuni\u00f3n del Consejo Estatal de Salud. Aunque fue virtual, el objetivo era concreto: coordinar las acciones de las distintas dependencias para proteger a la poblaci\u00f3n. Mar\u00eda Martina P\u00e9rez Rend\u00f3n, titular de la SESA, presidi\u00f3 la sesi\u00f3n y subray\u00f3 que trabajar juntos permite llegar m\u00e1s lejos que cada quien por su lado.<\/p>\n<p>El consejo sirve para compartir experiencias y dise\u00f1ar estrategias ante los retos m\u00e9dicos del estado. La secretar\u00eda explic\u00f3 que esta coordinaci\u00f3n ajusta los servicios de salud para que la gente reciba atenci\u00f3n oportuna. El fin es mejorar la calidad de vida con prevenci\u00f3n y cuidado real, no solo con discursos.<\/p>\n<p>Un tema urgente fue la miasis humana causada por el gusano barrenador. Elsa Hern\u00e1ndez Pati\u00f1o, responsable de Vigilancia Epidemiol\u00f3gica, detall\u00f3 c\u00f3mo se detecta. Un caso probable es quien tiene heridas o mucosas con larvas, sensaci\u00f3n de movimiento, dolor o enrojecimiento en los \u00faltimos siete d\u00edas. Tambi\u00e9n cuenta si estuvo en zonas de riesgo o cerca de casos confirmados. En Quer\u00e9taro ya se confirmaron seis casos. La vigilancia busca encontrarlos a tiempo y reducir el riesgo para todos.<\/p>\n<p>En salud mental, Alma Delia Alcal\u00e1 G\u00f3mez present\u00f3 el panorama actual. Inform\u00f3 sobre la instalaci\u00f3n de Grupos de Ayuda Emocional, Unidades Centinela, Brigadas de Salud Mental y CECOSAMAS. Estos espacios brindan atenci\u00f3n directa. Adem\u00e1s, se realizan talleres sobre prevenci\u00f3n de violencia, adicciones, autocuidado y h\u00e1bitos saludables. Estas acciones acercan ayuda a las personas y ofrecen herramientas para proteger su bienestar.<\/p>\n<p>Wendoline P\u00e9rez Trejo, jefa de Promoci\u00f3n y Fomento a la Salud, present\u00f3 la estrategia &#8220;Nutriendo Futuros Saludables&#8221;. El plan apunta a prevenir enfermedades desde la ra\u00edz fomentando buenos h\u00e1bitos. Las acciones buscan reducir muertes y mejorar la salud general de los queretanos.<\/p>\n","protected":false},"excerpt":{"rendered":"<p>La Secretar\u00eda de Salud de Quer\u00e9taro encabez\u00f3 su primera reuni\u00f3n del Consejo Estatal de Salud&#8230;.<\/p>\n","protected":false},"author":5,"featured_media":4951,"comment_status":"open","ping_status":"open","sticky":false,"template":"","format":"standard","meta":{"om_disable_all_campaigns":false,"_monsterinsights_skip_tracking":false,"footnotes":"","jetpack_publicize_message":"","jetpack_publicize_feature_enabled":true,"jetpack_social_post_already_shared":true,"jetpack_social_options":{"image_generator_settings":{"template":"highway","default_image_id":0,"font":"","enabled":false},"version":2}},"categories":[1],"tags":[3271,474,568,2039,2068],"class_list":["post-4952","post","type-post","status-publish","format-standard","has-post-thumbnail","hentry","category-blog","tag-consejo-estatal-de-salud","tag-cultura-prevencion-queretaro","tag-infraestructura-salud-queretaro","tag-miasis","tag-sesa"],"aioseo_notices":[],"aioseo_head":"\n\t\t<!-- All in One SEO 5.0.1.1 - aioseo.com -->\n\t<meta name=\"description\" content=\"La Secretar\u00eda de Salud de Quer\u00e9taro encabez\u00f3 su primera reuni\u00f3n del Consejo Estatal de Salud. Aunque fue virtual, el objetivo era concreto: coordinar las acciones de las distintas dependencias para proteger a la poblaci\u00f3n. Mar\u00eda Martina P\u00e9rez Rend\u00f3n, titular de la SESA, presidi\u00f3 la sesi\u00f3n y subray\u00f3 que trabajar juntos permite llegar m\u00e1s lejos que\" \/>\n\t<meta name=\"robots\" content=\"max-image-preview:large\" \/>\n\t<meta name=\"author\" content=\"Staff\"\/>\n\t<link rel=\"canonical\" href=\"https:\/\/elprogresivo.mx\/index.php\/2026\/09\/02\/queretaro-confirma-seis-casos-de-miasis-y-refuerza-salud\/\" \/>\n\t<meta name=\"generator\" content=\"All in One SEO (AIOSEO) 5.0.1.1\" \/>\n\t\t<meta property=\"og:locale\" content=\"es_MX\" \/>\n\t\t<meta property=\"og:site_name\" content=\"elprogresivo.mx - Construimos una nueva etapa en informaci\u00f3n\" \/>\n\t\t<meta property=\"og:type\" content=\"article\" \/>\n\t\t<meta property=\"og:title\" content=\"Quer\u00e9taro confirma seis casos de miasis y refuerza salud - elprogresivo.mx\" \/>\n\t\t<meta property=\"og:description\" content=\"La Secretar\u00eda de Salud de Quer\u00e9taro encabez\u00f3 su primera reuni\u00f3n del Consejo Estatal de Salud. Aunque fue virtual, el objetivo era concreto: coordinar las acciones de las distintas dependencias para proteger a la poblaci\u00f3n. Mar\u00eda Martina P\u00e9rez Rend\u00f3n, titular de la SESA, presidi\u00f3 la sesi\u00f3n y subray\u00f3 que trabajar juntos permite llegar m\u00e1s lejos que\" \/>\n\t\t<meta property=\"og:url\" content=\"https:\/\/elprogresivo.mx\/index.php\/2026\/09\/02\/queretaro-confirma-seis-casos-de-miasis-y-refuerza-salud\/\" \/>\n\t\t<meta property=\"og:image\" content=\"https:\/\/elprogresivo.mx\/wp-content\/uploads\/2024\/02\/cropped-LogoBlanco.png\" \/>\n\t\t<meta property=\"og:image:secure_url\" content=\"https:\/\/elprogresivo.mx\/wp-content\/uploads\/2024\/02\/cropped-LogoBlanco.png\" \/>\n\t\t<meta property=\"article:published_time\" content=\"2026-09-02T15:53:33+00:00\" \/>\n\t\t<meta property=\"article:modified_time\" content=\"2026-09-02T15:53:33+00:00\" \/>\n\t\t<meta name=\"twitter:card\" content=\"summary_large_image\" \/>\n\t\t<meta name=\"twitter:title\" content=\"Quer\u00e9taro confirma seis casos de miasis y refuerza salud - elprogresivo.mx\" \/>\n\t\t<meta name=\"twitter:description\" content=\"La Secretar\u00eda de Salud de Quer\u00e9taro encabez\u00f3 su primera reuni\u00f3n del Consejo Estatal de Salud. Aunque fue virtual, el objetivo era concreto: coordinar las acciones de las distintas dependencias para proteger a la poblaci\u00f3n. Mar\u00eda Martina P\u00e9rez Rend\u00f3n, titular de la SESA, presidi\u00f3 la sesi\u00f3n y subray\u00f3 que trabajar juntos permite llegar m\u00e1s lejos que\" \/>\n\t\t<meta name=\"twitter:image\" content=\"https:\/\/elprogresivo.mx\/wp-content\/uploads\/2024\/02\/cropped-LogoBlanco.png\" \/>\n\t\t<script type=\"application\/ld+json\" class=\"aioseo-schema\">\n\t\t\t{\"@context\":\"https:\\\/\\\/schema.org\",\"@graph\":[{\"@type\":\"BlogPosting\",\"@id\":\"https:\\\/\\\/elprogresivo.mx\\\/index.php\\\/2026\\\/09\\\/02\\\/queretaro-confirma-seis-casos-de-miasis-y-refuerza-salud\\\/#blogposting\",\"name\":\"Quer\\u00e9taro confirma seis casos de miasis y refuerza salud - elprogresivo.mx\",\"headline\":\"Quer\\u00e9taro confirma seis casos de miasis y refuerza salud\",\"author\":{\"@id\":\"https:\\\/\\\/elprogresivo.mx\\\/index.php\\\/author\\\/emmanuel-galvan\\\/#author\"},\"publisher\":{\"@id\":\"https:\\\/\\\/elprogresivo.mx\\\/#organization\"},\"image\":{\"@type\":\"ImageObject\",\"url\":\"https:\\\/\\\/elprogresivo.mx\\\/wp-content\\\/uploads\\\/2026\\\/09\\\/noticia_20260902095323.jpg\",\"width\":1280,\"height\":853},\"datePublished\":\"2026-09-02T15:53:33+00:00\",\"dateModified\":\"2026-09-02T15:53:33+00:00\",\"inLanguage\":\"es-MX\",\"mainEntityOfPage\":{\"@id\":\"https:\\\/\\\/elprogresivo.mx\\\/index.php\\\/2026\\\/09\\\/02\\\/queretaro-confirma-seis-casos-de-miasis-y-refuerza-salud\\\/#webpage\"},\"isPartOf\":{\"@id\":\"https:\\\/\\\/elprogresivo.mx\\\/index.php\\\/2026\\\/09\\\/02\\\/queretaro-confirma-seis-casos-de-miasis-y-refuerza-salud\\\/#webpage\"},\"articleSection\":\"Blog, Consejo Estatal de Salud, cultura prevenci\\u00f3n Quer\\u00e9taro, infraestructura salud Quer\\u00e9taro, miasis, SESA\"},{\"@type\":\"BreadcrumbList\",\"@id\":\"https:\\\/\\\/elprogresivo.mx\\\/index.php\\\/2026\\\/09\\\/02\\\/queretaro-confirma-seis-casos-de-miasis-y-refuerza-salud\\\/#breadcrumblist\",\"itemListElement\":[{\"@type\":\"ListItem\",\"@id\":\"https:\\\/\\\/elprogresivo.mx#listItem\",\"position\":1,\"name\":\"Home\",\"item\":\"https:\\\/\\\/elprogresivo.mx\",\"nextItem\":{\"@type\":\"ListItem\",\"@id\":\"https:\\\/\\\/elprogresivo.mx\\\/index.php\\\/category\\\/blog\\\/#listItem\",\"name\":\"Blog\"}},{\"@type\":\"ListItem\",\"@id\":\"https:\\\/\\\/elprogresivo.mx\\\/index.php\\\/category\\\/blog\\\/#listItem\",\"position\":2,\"name\":\"Blog\",\"item\":\"https:\\\/\\\/elprogresivo.mx\\\/index.php\\\/category\\\/blog\\\/\",\"nextItem\":{\"@type\":\"ListItem\",\"@id\":\"https:\\\/\\\/elprogresivo.mx\\\/index.php\\\/2026\\\/09\\\/02\\\/queretaro-confirma-seis-casos-de-miasis-y-refuerza-salud\\\/#listItem\",\"name\":\"Quer\\u00e9taro confirma seis casos de miasis y refuerza salud\"},\"previousItem\":{\"@type\":\"ListItem\",\"@id\":\"https:\\\/\\\/elprogresivo.mx#listItem\",\"name\":\"Home\"}},{\"@type\":\"ListItem\",\"@id\":\"https:\\\/\\\/elprogresivo.mx\\\/index.php\\\/2026\\\/09\\\/02\\\/queretaro-confirma-seis-casos-de-miasis-y-refuerza-salud\\\/#listItem\",\"position\":3,\"name\":\"Quer\\u00e9taro confirma seis casos de miasis y refuerza salud\",\"previousItem\":{\"@type\":\"ListItem\",\"@id\":\"https:\\\/\\\/elprogresivo.mx\\\/index.php\\\/category\\\/blog\\\/#listItem\",\"name\":\"Blog\"}}]},{\"@type\":\"Organization\",\"@id\":\"https:\\\/\\\/elprogresivo.mx\\\/#organization\",\"name\":\"elprogresivo.mx\",\"description\":\"Construimos una nueva etapa en informaci\\u00f3n\",\"url\":\"https:\\\/\\\/elprogresivo.mx\\\/\",\"logo\":{\"@type\":\"ImageObject\",\"url\":\"https:\\\/\\\/elprogresivo.mx\\\/wp-content\\\/uploads\\\/2024\\\/02\\\/cropped-LogoBlanco.png\",\"@id\":\"https:\\\/\\\/elprogresivo.mx\\\/index.php\\\/2026\\\/09\\\/02\\\/queretaro-confirma-seis-casos-de-miasis-y-refuerza-salud\\\/#organizationLogo\",\"width\":2096,\"height\":332},\"image\":{\"@id\":\"https:\\\/\\\/elprogresivo.mx\\\/index.php\\\/2026\\\/09\\\/02\\\/queretaro-confirma-seis-casos-de-miasis-y-refuerza-salud\\\/#organizationLogo\"}},{\"@type\":\"Person\",\"@id\":\"https:\\\/\\\/elprogresivo.mx\\\/index.php\\\/author\\\/emmanuel-galvan\\\/#author\",\"url\":\"https:\\\/\\\/elprogresivo.mx\\\/index.php\\\/author\\\/emmanuel-galvan\\\/\",\"name\":\"Staff\",\"image\":{\"@type\":\"ImageObject\",\"@id\":\"https:\\\/\\\/elprogresivo.mx\\\/index.php\\\/2026\\\/09\\\/02\\\/queretaro-confirma-seis-casos-de-miasis-y-refuerza-salud\\\/#authorImage\",\"url\":\"https:\\\/\\\/secure.gravatar.com\\\/avatar\\\/3bb87242634c3adf910515f41e6e392ab758b98c8ee7fd12a54fcb5270441486?s=96&d=mm&r=g\",\"width\":96,\"height\":96,\"caption\":\"Staff\"}},{\"@type\":\"WebPage\",\"@id\":\"https:\\\/\\\/elprogresivo.mx\\\/index.php\\\/2026\\\/09\\\/02\\\/queretaro-confirma-seis-casos-de-miasis-y-refuerza-salud\\\/#webpage\",\"url\":\"https:\\\/\\\/elprogresivo.mx\\\/index.php\\\/2026\\\/09\\\/02\\\/queretaro-confirma-seis-casos-de-miasis-y-refuerza-salud\\\/\",\"name\":\"Quer\\u00e9taro confirma seis casos de miasis y refuerza salud - elprogresivo.mx\",\"description\":\"La Secretar\\u00eda de Salud de Quer\\u00e9taro encabez\\u00f3 su primera reuni\\u00f3n del Consejo Estatal de Salud. Aunque fue virtual, el objetivo era concreto: coordinar las acciones de las distintas dependencias para proteger a la poblaci\\u00f3n. Mar\\u00eda Martina P\\u00e9rez Rend\\u00f3n, titular de la SESA, presidi\\u00f3 la sesi\\u00f3n y subray\\u00f3 que trabajar juntos permite llegar m\\u00e1s lejos que\",\"inLanguage\":\"es-MX\",\"isPartOf\":{\"@id\":\"https:\\\/\\\/elprogresivo.mx\\\/#website\"},\"breadcrumb\":{\"@id\":\"https:\\\/\\\/elprogresivo.mx\\\/index.php\\\/2026\\\/09\\\/02\\\/queretaro-confirma-seis-casos-de-miasis-y-refuerza-salud\\\/#breadcrumblist\"},\"author\":{\"@id\":\"https:\\\/\\\/elprogresivo.mx\\\/index.php\\\/author\\\/emmanuel-galvan\\\/#author\"},\"creator\":{\"@id\":\"https:\\\/\\\/elprogresivo.mx\\\/index.php\\\/author\\\/emmanuel-galvan\\\/#author\"},\"image\":{\"@type\":\"ImageObject\",\"url\":\"https:\\\/\\\/elprogresivo.mx\\\/wp-content\\\/uploads\\\/2026\\\/09\\\/noticia_20260902095323.jpg\",\"@id\":\"https:\\\/\\\/elprogresivo.mx\\\/index.php\\\/2026\\\/09\\\/02\\\/queretaro-confirma-seis-casos-de-miasis-y-refuerza-salud\\\/#mainImage\",\"width\":1280,\"height\":853},\"primaryImageOfPage\":{\"@id\":\"https:\\\/\\\/elprogresivo.mx\\\/index.php\\\/2026\\\/09\\\/02\\\/queretaro-confirma-seis-casos-de-miasis-y-refuerza-salud\\\/#mainImage\"},\"datePublished\":\"2026-09-02T15:53:33+00:00\",\"dateModified\":\"2026-09-02T15:53:33+00:00\"},{\"@type\":\"WebSite\",\"@id\":\"https:\\\/\\\/elprogresivo.mx\\\/#website\",\"url\":\"https:\\\/\\\/elprogresivo.mx\\\/\",\"name\":\"elprogresivo.mx\",\"description\":\"Construimos una nueva etapa en informaci\\u00f3n\",\"inLanguage\":\"es-MX\",\"publisher\":{\"@id\":\"https:\\\/\\\/elprogresivo.mx\\\/#organization\"}}]}\n\t\t<\/script>\n\t\t<!-- All in One SEO -->\n\n","aioseo_head_json":{"title":"Quer\u00e9taro confirma seis casos de miasis y refuerza salud - elprogresivo.mx","description":"La Secretar\u00eda de Salud de Quer\u00e9taro encabez\u00f3 su primera reuni\u00f3n del Consejo Estatal de Salud. Aunque fue virtual, el objetivo era concreto: coordinar las acciones de las distintas dependencias para proteger a la poblaci\u00f3n. Mar\u00eda Martina P\u00e9rez Rend\u00f3n, titular de la SESA, presidi\u00f3 la sesi\u00f3n y subray\u00f3 que trabajar juntos permite llegar m\u00e1s lejos que","canonical_url":"https:\/\/elprogresivo.mx\/index.php\/2026\/09\/02\/queretaro-confirma-seis-casos-de-miasis-y-refuerza-salud\/","robots":"max-image-preview:large","keywords":"","webmasterTools":{"miscellaneous":""},"schema":{"@context":"https:\/\/schema.org","@graph":[{"@type":"BlogPosting","@id":"https:\/\/elprogresivo.mx\/index.php\/2026\/09\/02\/queretaro-confirma-seis-casos-de-miasis-y-refuerza-salud\/#blogposting","name":"Quer\u00e9taro confirma seis casos de miasis y refuerza salud - elprogresivo.mx","headline":"Quer\u00e9taro confirma seis casos de miasis y refuerza salud","author":{"@id":"https:\/\/elprogresivo.mx\/index.php\/author\/emmanuel-galvan\/#author"},"publisher":{"@id":"https:\/\/elprogresivo.mx\/#organization"},"image":{"@type":"ImageObject","url":"https:\/\/elprogresivo.mx\/wp-content\/uploads\/2026\/09\/noticia_20260902095323.jpg","width":1280,"height":853},"datePublished":"2026-09-02T15:53:33+00:00","dateModified":"2026-09-02T15:53:33+00:00","inLanguage":"es-MX","mainEntityOfPage":{"@id":"https:\/\/elprogresivo.mx\/index.php\/2026\/09\/02\/queretaro-confirma-seis-casos-de-miasis-y-refuerza-salud\/#webpage"},"isPartOf":{"@id":"https:\/\/elprogresivo.mx\/index.php\/2026\/09\/02\/queretaro-confirma-seis-casos-de-miasis-y-refuerza-salud\/#webpage"},"articleSection":"Blog, Consejo Estatal de Salud, cultura prevenci\u00f3n Quer\u00e9taro, infraestructura salud Quer\u00e9taro, miasis, SESA"},{"@type":"BreadcrumbList","@id":"https:\/\/elprogresivo.mx\/index.php\/2026\/09\/02\/queretaro-confirma-seis-casos-de-miasis-y-refuerza-salud\/#breadcrumblist","itemListElement":[{"@type":"ListItem","@id":"https:\/\/elprogresivo.mx#listItem","position":1,"name":"Home","item":"https:\/\/elprogresivo.mx","nextItem":{"@type":"ListItem","@id":"https:\/\/elprogresivo.mx\/index.php\/category\/blog\/#listItem","name":"Blog"}},{"@type":"ListItem","@id":"https:\/\/elprogresivo.mx\/index.php\/category\/blog\/#listItem","position":2,"name":"Blog","item":"https:\/\/elprogresivo.mx\/index.php\/category\/blog\/","nextItem":{"@type":"ListItem","@id":"https:\/\/elprogresivo.mx\/index.php\/2026\/09\/02\/queretaro-confirma-seis-casos-de-miasis-y-refuerza-salud\/#listItem","name":"Quer\u00e9taro confirma seis casos de miasis y refuerza salud"},"previousItem":{"@type":"ListItem","@id":"https:\/\/elprogresivo.mx#listItem","name":"Home"}},{"@type":"ListItem","@id":"https:\/\/elprogresivo.mx\/index.php\/2026\/09\/02\/queretaro-confirma-seis-casos-de-miasis-y-refuerza-salud\/#listItem","position":3,"name":"Quer\u00e9taro confirma seis casos de miasis y refuerza salud","previousItem":{"@type":"ListItem","@id":"https:\/\/elprogresivo.mx\/index.php\/category\/blog\/#listItem","name":"Blog"}}]},{"@type":"Organization","@id":"https:\/\/elprogresivo.mx\/#organization","name":"elprogresivo.mx","description":"Construimos una nueva etapa en informaci\u00f3n","url":"https:\/\/elprogresivo.mx\/","logo":{"@type":"ImageObject","url":"https:\/\/elprogresivo.mx\/wp-content\/uploads\/2024\/02\/cropped-LogoBlanco.png","@id":"https:\/\/elprogresivo.mx\/index.php\/2026\/09\/02\/queretaro-confirma-seis-casos-de-miasis-y-refuerza-salud\/#organizationLogo","width":2096,"height":332},"image":{"@id":"https:\/\/elprogresivo.mx\/index.php\/2026\/09\/02\/queretaro-confirma-seis-casos-de-miasis-y-refuerza-salud\/#organizationLogo"}},{"@type":"Person","@id":"https:\/\/elprogresivo.mx\/index.php\/author\/emmanuel-galvan\/#author","url":"https:\/\/elprogresivo.mx\/index.php\/author\/emmanuel-galvan\/","name":"Staff","image":{"@type":"ImageObject","@id":"https:\/\/elprogresivo.mx\/index.php\/2026\/09\/02\/queretaro-confirma-seis-casos-de-miasis-y-refuerza-salud\/#authorImage","url":"https:\/\/secure.gravatar.com\/avatar\/3bb87242634c3adf910515f41e6e392ab758b98c8ee7fd12a54fcb5270441486?s=96&d=mm&r=g","width":96,"height":96,"caption":"Staff"}},{"@type":"WebPage","@id":"https:\/\/elprogresivo.mx\/index.php\/2026\/09\/02\/queretaro-confirma-seis-casos-de-miasis-y-refuerza-salud\/#webpage","url":"https:\/\/elprogresivo.mx\/index.php\/2026\/09\/02\/queretaro-confirma-seis-casos-de-miasis-y-refuerza-salud\/","name":"Quer\u00e9taro confirma seis casos de miasis y refuerza salud - elprogresivo.mx","description":"La Secretar\u00eda de Salud de Quer\u00e9taro encabez\u00f3 su primera reuni\u00f3n del Consejo Estatal de Salud. Aunque fue virtual, el objetivo era concreto: coordinar las acciones de las distintas dependencias para proteger a la poblaci\u00f3n. Mar\u00eda Martina P\u00e9rez Rend\u00f3n, titular de la SESA, presidi\u00f3 la sesi\u00f3n y subray\u00f3 que trabajar juntos permite llegar m\u00e1s lejos que","inLanguage":"es-MX","isPartOf":{"@id":"https:\/\/elprogresivo.mx\/#website"},"breadcrumb":{"@id":"https:\/\/elprogresivo.mx\/index.php\/2026\/09\/02\/queretaro-confirma-seis-casos-de-miasis-y-refuerza-salud\/#breadcrumblist"},"author":{"@id":"https:\/\/elprogresivo.mx\/index.php\/author\/emmanuel-galvan\/#author"},"creator":{"@id":"https:\/\/elprogresivo.mx\/index.php\/author\/emmanuel-galvan\/#author"},"image":{"@type":"ImageObject","url":"https:\/\/elprogresivo.mx\/wp-content\/uploads\/2026\/09\/noticia_20260902095323.jpg","@id":"https:\/\/elprogresivo.mx\/index.php\/2026\/09\/02\/queretaro-confirma-seis-casos-de-miasis-y-refuerza-salud\/#mainImage","width":1280,"height":853},"primaryImageOfPage":{"@id":"https:\/\/elprogresivo.mx\/index.php\/2026\/09\/02\/queretaro-confirma-seis-casos-de-miasis-y-refuerza-salud\/#mainImage"},"datePublished":"2026-09-02T15:53:33+00:00","dateModified":"2026-09-02T15:53:33+00:00"},{"@type":"WebSite","@id":"https:\/\/elprogresivo.mx\/#website","url":"https:\/\/elprogresivo.mx\/","name":"elprogresivo.mx","description":"Construimos una nueva etapa en informaci\u00f3n","inLanguage":"es-MX","publisher":{"@id":"https:\/\/elprogresivo.mx\/#organization"}}]},"og:locale":"es_MX","og:site_name":"elprogresivo.mx - Construimos una nueva etapa en informaci\u00f3n","og:type":"article","og:title":"Quer\u00e9taro confirma seis casos de miasis y refuerza salud - elprogresivo.mx","og:description":"La Secretar\u00eda de Salud de Quer\u00e9taro encabez\u00f3 su primera reuni\u00f3n del Consejo Estatal de Salud. Aunque fue virtual, el objetivo era concreto: coordinar las acciones de las distintas dependencias para proteger a la poblaci\u00f3n. Mar\u00eda Martina P\u00e9rez Rend\u00f3n, titular de la SESA, presidi\u00f3 la sesi\u00f3n y subray\u00f3 que trabajar juntos permite llegar m\u00e1s lejos que","og:url":"https:\/\/elprogresivo.mx\/index.php\/2026\/09\/02\/queretaro-confirma-seis-casos-de-miasis-y-refuerza-salud\/","og:image":"https:\/\/elprogresivo.mx\/wp-content\/uploads\/2024\/02\/cropped-LogoBlanco.png","og:image:secure_url":"https:\/\/elprogresivo.mx\/wp-content\/uploads\/2024\/02\/cropped-LogoBlanco.png","article:published_time":"2026-09-02T15:53:33+00:00","article:modified_time":"2026-09-02T15:53:33+00:00","twitter:card":"summary_large_image","twitter:title":"Quer\u00e9taro confirma seis casos de miasis y refuerza salud - elprogresivo.mx","twitter:description":"La Secretar\u00eda de Salud de Quer\u00e9taro encabez\u00f3 su primera reuni\u00f3n del Consejo Estatal de Salud. Aunque fue virtual, el objetivo era concreto: coordinar las acciones de las distintas dependencias para proteger a la poblaci\u00f3n. Mar\u00eda Martina P\u00e9rez Rend\u00f3n, titular de la SESA, presidi\u00f3 la sesi\u00f3n y subray\u00f3 que trabajar juntos permite llegar m\u00e1s lejos que","twitter:image":"https:\/\/elprogresivo.mx\/wp-content\/uploads\/2024\/02\/cropped-LogoBlanco.png"},"aioseo_meta_data":{"post_id":"4952","title":null,"description":null,"keywords":null,"keyphrases":{"focus":[],"additional":[]},"primary_term":null,"canonical_url":null,"og_title":null,"og_description":null,"og_object_type":"default","og_image_type":"default","og_image_url":null,"og_image_width":null,"og_image_height":null,"og_image_custom_url":null,"og_image_custom_fields":null,"og_video":null,"og_custom_url":null,"og_article_section":null,"og_article_tags":null,"twitter_use_og":false,"twitter_card":"default","twitter_image_type":"default","twitter_image_url":null,"twitter_image_custom_url":null,"twitter_image_custom_fields":null,"twitter_title":null,"twitter_description":null,"schema":{"blockGraphs":[],"customGraphs":[],"default":{"data":{"Article":[],"Course":[],"Dataset":[],"FAQPage":[],"Movie":[],"Person":[],"Product":[],"ProductReview":[],"Car":[],"Recipe":[],"Service":[],"SoftwareApplication":[],"WebPage":[]},"graphName":"","isEnabled":true},"graphs":[]},"schema_type":"default","schema_type_options":null,"pillar_content":false,"robots_default":true,"robots_noindex":false,"robots_noarchive":false,"robots_nosnippet":false,"robots_nofollow":false,"robots_noimageindex":false,"robots_noodp":false,"robots_notranslate":false,"robots_max_snippet":null,"robots_max_videopreview":null,"robots_max_imagepreview":"large","priority":null,"frequency":null,"local_seo":null,"limit_modified_date":false,"created":"2026-09-02 17:10:15","updated":"2026-09-02 18:33:36","ai":null,"breadcrumb_settings":null,"seo_analyzer_scan_date":null,"focus_keyword":null,"additional_keywords":null,"truseo_locale":null},"aioseo_breadcrumb":"<div class=\"aioseo-breadcrumbs\"><span class=\"aioseo-breadcrumb\">\n\t\t\t<a href=\"https:\/\/elprogresivo.mx\" title=\"Home\">Home<\/a>\n\t\t<\/span><span class=\"aioseo-breadcrumb-separator\">&raquo;<\/span><span class=\"aioseo-breadcrumb\">\n\t\t\t<a href=\"https:\/\/elprogresivo.mx\/index.php\/category\/blog\/\" title=\"Blog\">Blog<\/a>\n\t\t<\/span><span class=\"aioseo-breadcrumb-separator\">&raquo;<\/span><span class=\"aioseo-breadcrumb\">\n\t\t\tQuer\u00e9taro confirma seis casos de miasis y refuerza salud\n\t\t<\/span><\/div>","aioseo_breadcrumb_json":[{"label":"Home","link":"https:\/\/elprogresivo.mx"},{"label":"Blog","link":"https:\/\/elprogresivo.mx\/index.php\/category\/blog\/"},{"label":"Quer\u00e9taro confirma seis casos de miasis y refuerza salud","link":"https:\/\/elprogresivo.mx\/index.php\/2026\/09\/02\/queretaro-confirma-seis-casos-de-miasis-y-refuerza-salud\/"}],"jetpack_publicize_connections":[],"_links":{"self":[{"href":"https:\/\/elprogresivo.mx\/index.php\/wp-json\/wp\/v2\/posts\/4952","targetHints":{"allow":["GET"]}}],"collection":[{"href":"https:\/\/elprogresivo.mx\/index.php\/wp-json\/wp\/v2\/posts"}],"about":[{"href":"https:\/\/elprogresivo.mx\/index.php\/wp-json\/wp\/v2\/types\/post"}],"author":[{"embeddable":true,"href":"https:\/\/elprogresivo.mx\/index.php\/wp-json\/wp\/v2\/users\/5"}],"replies":[{"embeddable":true,"href":"https:\/\/elprogresivo.mx\/index.php\/wp-json\/wp\/v2\/comments?post=4952"}],"version-history":[{"count":0,"href":"https:\/\/elprogresivo.mx\/index.php\/wp-json\/wp\/v2\/posts\/4952\/revisions"}],"wp:featuredmedia":[{"embeddable":true,"href":"https:\/\/elprogresivo.mx\/index.php\/wp-json\/wp\/v2\/media\/4951"}],"wp:attachment":[{"href":"https:\/\/elprogresivo.mx\/index.php\/wp-json\/wp\/v2\/media?parent=4952"}],"wp:term":[{"taxonomy":"category","embeddable":true,"href":"https:\/\/elprogresivo.mx\/index.php\/wp-json\/wp\/v2\/categories?post=4952"},{"taxonomy":"post_tag","embeddable":true,"href":"https:\/\/elprogresivo.mx\/index.php\/wp-json\/wp\/v2\/tags?post=4952"}],"curies":[{"name":"wp","href":"https:\/\/api.w.org\/{rel}","templated":true}]}}