{"id":4950,"date":"2026-09-02T15:53:21","date_gmt":"2026-09-02T15:53:21","guid":{"rendered":"https:\/\/elprogresivo.mx\/index.php\/2026\/09\/02\/la-uteq-da-la-bienvenida-a-mas-de-2800-nuevos-estudiantes\/"},"modified":"2026-09-02T15:53:21","modified_gmt":"2026-09-02T15:53:21","slug":"la-uteq-da-la-bienvenida-a-mas-de-2800-nuevos-estudiantes","status":"publish","type":"post","link":"https:\/\/elprogresivo.mx\/index.php\/2026\/09\/02\/la-uteq-da-la-bienvenida-a-mas-de-2800-nuevos-estudiantes\/","title":{"rendered":"La UTEQ da la bienvenida a m\u00e1s de 2,800 nuevos estudiantes"},"content":{"rendered":"<p>M\u00e1s de dos mil 800 j\u00f3venes comenzaron sus estudios en la Universidad Tecnol\u00f3gica de Quer\u00e9taro (UTEQ) este lunes. Se trata de la generaci\u00f3n 56, que pisa aulas para cursar alguna de las 16 opciones de ingenier\u00eda o licenciatura vigentes.<\/p>\n<p>Luis Fernando Pantoja Amaro, rector de la casa de estudios, encabez\u00f3 la ceremonia inaugural del cuatrimestre septiembre-diciembre 2026. Con esta nueva oleada de alumnos, la matr\u00edcula total de la instituci\u00f3n sobrepasa los siete mil estudiantes.<\/p>\n<p>La universidad reporta que el 80 por ciento de sus egresados consigue empleo en menos de seis meses despu\u00e9s de recibir su t\u00edtulo.<\/p>\n","protected":false},"excerpt":{"rendered":"<p>M\u00e1s de dos mil 800 j\u00f3venes comenzaron sus estudios en la Universidad Tecnol\u00f3gica de Quer\u00e9taro&#8230;<\/p>\n","protected":false},"author":5,"featured_media":4949,"comment_status":"open","ping_status":"open","sticky":false,"template":"","format":"standard","meta":{"om_disable_all_campaigns":false,"_monsterinsights_skip_tracking":false,"footnotes":"","jetpack_publicize_message":"","jetpack_publicize_feature_enabled":true,"jetpack_social_post_already_shared":true,"jetpack_social_options":{"image_generator_settings":{"template":"highway","default_image_id":0,"font":"","enabled":false},"version":2}},"categories":[1],"tags":[876,490,1802,1417,2253],"class_list":["post-4950","post","type-post","status-publish","format-standard","has-post-thumbnail","hentry","category-blog","tag-300-anos-acueducto-queretaro-el-marques","tag-70-mil-empleos-automotriz-queretaro","tag-alianza-por-la-educacion-y-la-paz","tag-experiencia-uteq-2026","tag-ingenieria"],"aioseo_notices":[],"aioseo_head":"\n\t\t<!-- All in One SEO 5.0.1.1 - aioseo.com -->\n\t<meta name=\"description\" content=\"M\u00e1s de dos mil 800 j\u00f3venes comenzaron sus estudios en la Universidad Tecnol\u00f3gica de Quer\u00e9taro (UTEQ) este lunes. Se trata de la generaci\u00f3n 56, que pisa aulas para cursar alguna de las 16 opciones de ingenier\u00eda o licenciatura vigentes. Luis Fernando Pantoja Amaro, rector de la casa de estudios, encabez\u00f3 la ceremonia inaugural del cuatrimestre\" \/>\n\t<meta name=\"robots\" content=\"max-image-preview:large\" \/>\n\t<meta name=\"author\" content=\"Staff\"\/>\n\t<link rel=\"canonical\" href=\"https:\/\/elprogresivo.mx\/index.php\/2026\/09\/02\/la-uteq-da-la-bienvenida-a-mas-de-2800-nuevos-estudiantes\/\" \/>\n\t<meta name=\"generator\" content=\"All in One SEO (AIOSEO) 5.0.1.1\" \/>\n\t\t<meta property=\"og:locale\" content=\"es_MX\" \/>\n\t\t<meta property=\"og:site_name\" content=\"elprogresivo.mx - Construimos una nueva etapa en informaci\u00f3n\" \/>\n\t\t<meta property=\"og:type\" content=\"article\" \/>\n\t\t<meta property=\"og:title\" content=\"La UTEQ da la bienvenida a m\u00e1s de 2,800 nuevos estudiantes - elprogresivo.mx\" \/>\n\t\t<meta property=\"og:description\" content=\"M\u00e1s de dos mil 800 j\u00f3venes comenzaron sus estudios en la Universidad Tecnol\u00f3gica de Quer\u00e9taro (UTEQ) este lunes. Se trata de la generaci\u00f3n 56, que pisa aulas para cursar alguna de las 16 opciones de ingenier\u00eda o licenciatura vigentes. Luis Fernando Pantoja Amaro, rector de la casa de estudios, encabez\u00f3 la ceremonia inaugural del cuatrimestre\" \/>\n\t\t<meta property=\"og:url\" content=\"https:\/\/elprogresivo.mx\/index.php\/2026\/09\/02\/la-uteq-da-la-bienvenida-a-mas-de-2800-nuevos-estudiantes\/\" \/>\n\t\t<meta property=\"og:image\" content=\"https:\/\/elprogresivo.mx\/wp-content\/uploads\/2024\/02\/cropped-LogoBlanco.png\" \/>\n\t\t<meta property=\"og:image:secure_url\" content=\"https:\/\/elprogresivo.mx\/wp-content\/uploads\/2024\/02\/cropped-LogoBlanco.png\" \/>\n\t\t<meta property=\"article:published_time\" content=\"2026-09-02T15:53:21+00:00\" \/>\n\t\t<meta property=\"article:modified_time\" content=\"2026-09-02T15:53:21+00:00\" \/>\n\t\t<meta name=\"twitter:card\" content=\"summary_large_image\" \/>\n\t\t<meta name=\"twitter:title\" content=\"La UTEQ da la bienvenida a m\u00e1s de 2,800 nuevos estudiantes - elprogresivo.mx\" \/>\n\t\t<meta name=\"twitter:description\" content=\"M\u00e1s de dos mil 800 j\u00f3venes comenzaron sus estudios en la Universidad Tecnol\u00f3gica de Quer\u00e9taro (UTEQ) este lunes. Se trata de la generaci\u00f3n 56, que pisa aulas para cursar alguna de las 16 opciones de ingenier\u00eda o licenciatura vigentes. Luis Fernando Pantoja Amaro, rector de la casa de estudios, encabez\u00f3 la ceremonia inaugural del cuatrimestre\" \/>\n\t\t<meta name=\"twitter:image\" content=\"https:\/\/elprogresivo.mx\/wp-content\/uploads\/2024\/02\/cropped-LogoBlanco.png\" \/>\n\t\t<script type=\"application\/ld+json\" class=\"aioseo-schema\">\n\t\t\t{\"@context\":\"https:\\\/\\\/schema.org\",\"@graph\":[{\"@type\":\"BlogPosting\",\"@id\":\"https:\\\/\\\/elprogresivo.mx\\\/index.php\\\/2026\\\/09\\\/02\\\/la-uteq-da-la-bienvenida-a-mas-de-2800-nuevos-estudiantes\\\/#blogposting\",\"name\":\"La UTEQ da la bienvenida a m\\u00e1s de 2,800 nuevos estudiantes - elprogresivo.mx\",\"headline\":\"La UTEQ da la bienvenida a m\\u00e1s de 2,800 nuevos estudiantes\",\"author\":{\"@id\":\"https:\\\/\\\/elprogresivo.mx\\\/index.php\\\/author\\\/emmanuel-galvan\\\/#author\"},\"publisher\":{\"@id\":\"https:\\\/\\\/elprogresivo.mx\\\/#organization\"},\"image\":{\"@type\":\"ImageObject\",\"url\":\"https:\\\/\\\/elprogresivo.mx\\\/wp-content\\\/uploads\\\/2026\\\/09\\\/noticia_20260902095257-scaled.jpg\",\"width\":2560,\"height\":1019},\"datePublished\":\"2026-09-02T15:53:21+00:00\",\"dateModified\":\"2026-09-02T15:53:21+00:00\",\"inLanguage\":\"es-MX\",\"mainEntityOfPage\":{\"@id\":\"https:\\\/\\\/elprogresivo.mx\\\/index.php\\\/2026\\\/09\\\/02\\\/la-uteq-da-la-bienvenida-a-mas-de-2800-nuevos-estudiantes\\\/#webpage\"},\"isPartOf\":{\"@id\":\"https:\\\/\\\/elprogresivo.mx\\\/index.php\\\/2026\\\/09\\\/02\\\/la-uteq-da-la-bienvenida-a-mas-de-2800-nuevos-estudiantes\\\/#webpage\"},\"articleSection\":\"Blog, 300 a\\u00f1os Acueducto Quer\\u00e9taro El Marqu\\u00e9s, 70 mil empleos automotriz Quer\\u00e9taro, Alianza por la Educaci\\u00f3n y la Paz, Experiencia UTEQ 2026, Ingenier\\u00eda\"},{\"@type\":\"BreadcrumbList\",\"@id\":\"https:\\\/\\\/elprogresivo.mx\\\/index.php\\\/2026\\\/09\\\/02\\\/la-uteq-da-la-bienvenida-a-mas-de-2800-nuevos-estudiantes\\\/#breadcrumblist\",\"itemListElement\":[{\"@type\":\"ListItem\",\"@id\":\"https:\\\/\\\/elprogresivo.mx#listItem\",\"position\":1,\"name\":\"Home\",\"item\":\"https:\\\/\\\/elprogresivo.mx\",\"nextItem\":{\"@type\":\"ListItem\",\"@id\":\"https:\\\/\\\/elprogresivo.mx\\\/index.php\\\/category\\\/blog\\\/#listItem\",\"name\":\"Blog\"}},{\"@type\":\"ListItem\",\"@id\":\"https:\\\/\\\/elprogresivo.mx\\\/index.php\\\/category\\\/blog\\\/#listItem\",\"position\":2,\"name\":\"Blog\",\"item\":\"https:\\\/\\\/elprogresivo.mx\\\/index.php\\\/category\\\/blog\\\/\",\"nextItem\":{\"@type\":\"ListItem\",\"@id\":\"https:\\\/\\\/elprogresivo.mx\\\/index.php\\\/2026\\\/09\\\/02\\\/la-uteq-da-la-bienvenida-a-mas-de-2800-nuevos-estudiantes\\\/#listItem\",\"name\":\"La UTEQ da la bienvenida a m\\u00e1s de 2,800 nuevos estudiantes\"},\"previousItem\":{\"@type\":\"ListItem\",\"@id\":\"https:\\\/\\\/elprogresivo.mx#listItem\",\"name\":\"Home\"}},{\"@type\":\"ListItem\",\"@id\":\"https:\\\/\\\/elprogresivo.mx\\\/index.php\\\/2026\\\/09\\\/02\\\/la-uteq-da-la-bienvenida-a-mas-de-2800-nuevos-estudiantes\\\/#listItem\",\"position\":3,\"name\":\"La UTEQ da la bienvenida a m\\u00e1s de 2,800 nuevos estudiantes\",\"previousItem\":{\"@type\":\"ListItem\",\"@id\":\"https:\\\/\\\/elprogresivo.mx\\\/index.php\\\/category\\\/blog\\\/#listItem\",\"name\":\"Blog\"}}]},{\"@type\":\"Organization\",\"@id\":\"https:\\\/\\\/elprogresivo.mx\\\/#organization\",\"name\":\"elprogresivo.mx\",\"description\":\"Construimos una nueva etapa en informaci\\u00f3n\",\"url\":\"https:\\\/\\\/elprogresivo.mx\\\/\",\"logo\":{\"@type\":\"ImageObject\",\"url\":\"https:\\\/\\\/elprogresivo.mx\\\/wp-content\\\/uploads\\\/2024\\\/02\\\/cropped-LogoBlanco.png\",\"@id\":\"https:\\\/\\\/elprogresivo.mx\\\/index.php\\\/2026\\\/09\\\/02\\\/la-uteq-da-la-bienvenida-a-mas-de-2800-nuevos-estudiantes\\\/#organizationLogo\",\"width\":2096,\"height\":332},\"image\":{\"@id\":\"https:\\\/\\\/elprogresivo.mx\\\/index.php\\\/2026\\\/09\\\/02\\\/la-uteq-da-la-bienvenida-a-mas-de-2800-nuevos-estudiantes\\\/#organizationLogo\"}},{\"@type\":\"Person\",\"@id\":\"https:\\\/\\\/elprogresivo.mx\\\/index.php\\\/author\\\/emmanuel-galvan\\\/#author\",\"url\":\"https:\\\/\\\/elprogresivo.mx\\\/index.php\\\/author\\\/emmanuel-galvan\\\/\",\"name\":\"Staff\",\"image\":{\"@type\":\"ImageObject\",\"@id\":\"https:\\\/\\\/elprogresivo.mx\\\/index.php\\\/2026\\\/09\\\/02\\\/la-uteq-da-la-bienvenida-a-mas-de-2800-nuevos-estudiantes\\\/#authorImage\",\"url\":\"https:\\\/\\\/secure.gravatar.com\\\/avatar\\\/3bb87242634c3adf910515f41e6e392ab758b98c8ee7fd12a54fcb5270441486?s=96&d=mm&r=g\",\"width\":96,\"height\":96,\"caption\":\"Staff\"}},{\"@type\":\"WebPage\",\"@id\":\"https:\\\/\\\/elprogresivo.mx\\\/index.php\\\/2026\\\/09\\\/02\\\/la-uteq-da-la-bienvenida-a-mas-de-2800-nuevos-estudiantes\\\/#webpage\",\"url\":\"https:\\\/\\\/elprogresivo.mx\\\/index.php\\\/2026\\\/09\\\/02\\\/la-uteq-da-la-bienvenida-a-mas-de-2800-nuevos-estudiantes\\\/\",\"name\":\"La UTEQ da la bienvenida a m\\u00e1s de 2,800 nuevos estudiantes - elprogresivo.mx\",\"description\":\"M\\u00e1s de dos mil 800 j\\u00f3venes comenzaron sus estudios en la Universidad Tecnol\\u00f3gica de Quer\\u00e9taro (UTEQ) este lunes. Se trata de la generaci\\u00f3n 56, que pisa aulas para cursar alguna de las 16 opciones de ingenier\\u00eda o licenciatura vigentes. Luis Fernando Pantoja Amaro, rector de la casa de estudios, encabez\\u00f3 la ceremonia inaugural del cuatrimestre\",\"inLanguage\":\"es-MX\",\"isPartOf\":{\"@id\":\"https:\\\/\\\/elprogresivo.mx\\\/#website\"},\"breadcrumb\":{\"@id\":\"https:\\\/\\\/elprogresivo.mx\\\/index.php\\\/2026\\\/09\\\/02\\\/la-uteq-da-la-bienvenida-a-mas-de-2800-nuevos-estudiantes\\\/#breadcrumblist\"},\"author\":{\"@id\":\"https:\\\/\\\/elprogresivo.mx\\\/index.php\\\/author\\\/emmanuel-galvan\\\/#author\"},\"creator\":{\"@id\":\"https:\\\/\\\/elprogresivo.mx\\\/index.php\\\/author\\\/emmanuel-galvan\\\/#author\"},\"image\":{\"@type\":\"ImageObject\",\"url\":\"https:\\\/\\\/elprogresivo.mx\\\/wp-content\\\/uploads\\\/2026\\\/09\\\/noticia_20260902095257-scaled.jpg\",\"@id\":\"https:\\\/\\\/elprogresivo.mx\\\/index.php\\\/2026\\\/09\\\/02\\\/la-uteq-da-la-bienvenida-a-mas-de-2800-nuevos-estudiantes\\\/#mainImage\",\"width\":2560,\"height\":1019},\"primaryImageOfPage\":{\"@id\":\"https:\\\/\\\/elprogresivo.mx\\\/index.php\\\/2026\\\/09\\\/02\\\/la-uteq-da-la-bienvenida-a-mas-de-2800-nuevos-estudiantes\\\/#mainImage\"},\"datePublished\":\"2026-09-02T15:53:21+00:00\",\"dateModified\":\"2026-09-02T15:53:21+00:00\"},{\"@type\":\"WebSite\",\"@id\":\"https:\\\/\\\/elprogresivo.mx\\\/#website\",\"url\":\"https:\\\/\\\/elprogresivo.mx\\\/\",\"name\":\"elprogresivo.mx\",\"description\":\"Construimos una nueva etapa en informaci\\u00f3n\",\"inLanguage\":\"es-MX\",\"publisher\":{\"@id\":\"https:\\\/\\\/elprogresivo.mx\\\/#organization\"}}]}\n\t\t<\/script>\n\t\t<!-- All in One SEO -->\n\n","aioseo_head_json":{"title":"La UTEQ da la bienvenida a m\u00e1s de 2,800 nuevos estudiantes - elprogresivo.mx","description":"M\u00e1s de dos mil 800 j\u00f3venes comenzaron sus estudios en la Universidad Tecnol\u00f3gica de Quer\u00e9taro (UTEQ) este lunes. Se trata de la generaci\u00f3n 56, que pisa aulas para cursar alguna de las 16 opciones de ingenier\u00eda o licenciatura vigentes. Luis Fernando Pantoja Amaro, rector de la casa de estudios, encabez\u00f3 la ceremonia inaugural del cuatrimestre","canonical_url":"https:\/\/elprogresivo.mx\/index.php\/2026\/09\/02\/la-uteq-da-la-bienvenida-a-mas-de-2800-nuevos-estudiantes\/","robots":"max-image-preview:large","keywords":"","webmasterTools":{"miscellaneous":""},"schema":{"@context":"https:\/\/schema.org","@graph":[{"@type":"BlogPosting","@id":"https:\/\/elprogresivo.mx\/index.php\/2026\/09\/02\/la-uteq-da-la-bienvenida-a-mas-de-2800-nuevos-estudiantes\/#blogposting","name":"La UTEQ da la bienvenida a m\u00e1s de 2,800 nuevos estudiantes - elprogresivo.mx","headline":"La UTEQ da la bienvenida a m\u00e1s de 2,800 nuevos estudiantes","author":{"@id":"https:\/\/elprogresivo.mx\/index.php\/author\/emmanuel-galvan\/#author"},"publisher":{"@id":"https:\/\/elprogresivo.mx\/#organization"},"image":{"@type":"ImageObject","url":"https:\/\/elprogresivo.mx\/wp-content\/uploads\/2026\/09\/noticia_20260902095257-scaled.jpg","width":2560,"height":1019},"datePublished":"2026-09-02T15:53:21+00:00","dateModified":"2026-09-02T15:53:21+00:00","inLanguage":"es-MX","mainEntityOfPage":{"@id":"https:\/\/elprogresivo.mx\/index.php\/2026\/09\/02\/la-uteq-da-la-bienvenida-a-mas-de-2800-nuevos-estudiantes\/#webpage"},"isPartOf":{"@id":"https:\/\/elprogresivo.mx\/index.php\/2026\/09\/02\/la-uteq-da-la-bienvenida-a-mas-de-2800-nuevos-estudiantes\/#webpage"},"articleSection":"Blog, 300 a\u00f1os Acueducto Quer\u00e9taro El Marqu\u00e9s, 70 mil empleos automotriz Quer\u00e9taro, Alianza por la Educaci\u00f3n y la Paz, Experiencia UTEQ 2026, Ingenier\u00eda"},{"@type":"BreadcrumbList","@id":"https:\/\/elprogresivo.mx\/index.php\/2026\/09\/02\/la-uteq-da-la-bienvenida-a-mas-de-2800-nuevos-estudiantes\/#breadcrumblist","itemListElement":[{"@type":"ListItem","@id":"https:\/\/elprogresivo.mx#listItem","position":1,"name":"Home","item":"https:\/\/elprogresivo.mx","nextItem":{"@type":"ListItem","@id":"https:\/\/elprogresivo.mx\/index.php\/category\/blog\/#listItem","name":"Blog"}},{"@type":"ListItem","@id":"https:\/\/elprogresivo.mx\/index.php\/category\/blog\/#listItem","position":2,"name":"Blog","item":"https:\/\/elprogresivo.mx\/index.php\/category\/blog\/","nextItem":{"@type":"ListItem","@id":"https:\/\/elprogresivo.mx\/index.php\/2026\/09\/02\/la-uteq-da-la-bienvenida-a-mas-de-2800-nuevos-estudiantes\/#listItem","name":"La UTEQ da la bienvenida a m\u00e1s de 2,800 nuevos estudiantes"},"previousItem":{"@type":"ListItem","@id":"https:\/\/elprogresivo.mx#listItem","name":"Home"}},{"@type":"ListItem","@id":"https:\/\/elprogresivo.mx\/index.php\/2026\/09\/02\/la-uteq-da-la-bienvenida-a-mas-de-2800-nuevos-estudiantes\/#listItem","position":3,"name":"La UTEQ da la bienvenida a m\u00e1s de 2,800 nuevos estudiantes","previousItem":{"@type":"ListItem","@id":"https:\/\/elprogresivo.mx\/index.php\/category\/blog\/#listItem","name":"Blog"}}]},{"@type":"Organization","@id":"https:\/\/elprogresivo.mx\/#organization","name":"elprogresivo.mx","description":"Construimos una nueva etapa en informaci\u00f3n","url":"https:\/\/elprogresivo.mx\/","logo":{"@type":"ImageObject","url":"https:\/\/elprogresivo.mx\/wp-content\/uploads\/2024\/02\/cropped-LogoBlanco.png","@id":"https:\/\/elprogresivo.mx\/index.php\/2026\/09\/02\/la-uteq-da-la-bienvenida-a-mas-de-2800-nuevos-estudiantes\/#organizationLogo","width":2096,"height":332},"image":{"@id":"https:\/\/elprogresivo.mx\/index.php\/2026\/09\/02\/la-uteq-da-la-bienvenida-a-mas-de-2800-nuevos-estudiantes\/#organizationLogo"}},{"@type":"Person","@id":"https:\/\/elprogresivo.mx\/index.php\/author\/emmanuel-galvan\/#author","url":"https:\/\/elprogresivo.mx\/index.php\/author\/emmanuel-galvan\/","name":"Staff","image":{"@type":"ImageObject","@id":"https:\/\/elprogresivo.mx\/index.php\/2026\/09\/02\/la-uteq-da-la-bienvenida-a-mas-de-2800-nuevos-estudiantes\/#authorImage","url":"https:\/\/secure.gravatar.com\/avatar\/3bb87242634c3adf910515f41e6e392ab758b98c8ee7fd12a54fcb5270441486?s=96&d=mm&r=g","width":96,"height":96,"caption":"Staff"}},{"@type":"WebPage","@id":"https:\/\/elprogresivo.mx\/index.php\/2026\/09\/02\/la-uteq-da-la-bienvenida-a-mas-de-2800-nuevos-estudiantes\/#webpage","url":"https:\/\/elprogresivo.mx\/index.php\/2026\/09\/02\/la-uteq-da-la-bienvenida-a-mas-de-2800-nuevos-estudiantes\/","name":"La UTEQ da la bienvenida a m\u00e1s de 2,800 nuevos estudiantes - elprogresivo.mx","description":"M\u00e1s de dos mil 800 j\u00f3venes comenzaron sus estudios en la Universidad Tecnol\u00f3gica de Quer\u00e9taro (UTEQ) este lunes. Se trata de la generaci\u00f3n 56, que pisa aulas para cursar alguna de las 16 opciones de ingenier\u00eda o licenciatura vigentes. Luis Fernando Pantoja Amaro, rector de la casa de estudios, encabez\u00f3 la ceremonia inaugural del cuatrimestre","inLanguage":"es-MX","isPartOf":{"@id":"https:\/\/elprogresivo.mx\/#website"},"breadcrumb":{"@id":"https:\/\/elprogresivo.mx\/index.php\/2026\/09\/02\/la-uteq-da-la-bienvenida-a-mas-de-2800-nuevos-estudiantes\/#breadcrumblist"},"author":{"@id":"https:\/\/elprogresivo.mx\/index.php\/author\/emmanuel-galvan\/#author"},"creator":{"@id":"https:\/\/elprogresivo.mx\/index.php\/author\/emmanuel-galvan\/#author"},"image":{"@type":"ImageObject","url":"https:\/\/elprogresivo.mx\/wp-content\/uploads\/2026\/09\/noticia_20260902095257-scaled.jpg","@id":"https:\/\/elprogresivo.mx\/index.php\/2026\/09\/02\/la-uteq-da-la-bienvenida-a-mas-de-2800-nuevos-estudiantes\/#mainImage","width":2560,"height":1019},"primaryImageOfPage":{"@id":"https:\/\/elprogresivo.mx\/index.php\/2026\/09\/02\/la-uteq-da-la-bienvenida-a-mas-de-2800-nuevos-estudiantes\/#mainImage"},"datePublished":"2026-09-02T15:53:21+00:00","dateModified":"2026-09-02T15:53:21+00:00"},{"@type":"WebSite","@id":"https:\/\/elprogresivo.mx\/#website","url":"https:\/\/elprogresivo.mx\/","name":"elprogresivo.mx","description":"Construimos una nueva etapa en informaci\u00f3n","inLanguage":"es-MX","publisher":{"@id":"https:\/\/elprogresivo.mx\/#organization"}}]},"og:locale":"es_MX","og:site_name":"elprogresivo.mx - Construimos una nueva etapa en informaci\u00f3n","og:type":"article","og:title":"La UTEQ da la bienvenida a m\u00e1s de 2,800 nuevos estudiantes - elprogresivo.mx","og:description":"M\u00e1s de dos mil 800 j\u00f3venes comenzaron sus estudios en la Universidad Tecnol\u00f3gica de Quer\u00e9taro (UTEQ) este lunes. Se trata de la generaci\u00f3n 56, que pisa aulas para cursar alguna de las 16 opciones de ingenier\u00eda o licenciatura vigentes. Luis Fernando Pantoja Amaro, rector de la casa de estudios, encabez\u00f3 la ceremonia inaugural del cuatrimestre","og:url":"https:\/\/elprogresivo.mx\/index.php\/2026\/09\/02\/la-uteq-da-la-bienvenida-a-mas-de-2800-nuevos-estudiantes\/","og:image":"https:\/\/elprogresivo.mx\/wp-content\/uploads\/2024\/02\/cropped-LogoBlanco.png","og:image:secure_url":"https:\/\/elprogresivo.mx\/wp-content\/uploads\/2024\/02\/cropped-LogoBlanco.png","article:published_time":"2026-09-02T15:53:21+00:00","article:modified_time":"2026-09-02T15:53:21+00:00","twitter:card":"summary_large_image","twitter:title":"La UTEQ da la bienvenida a m\u00e1s de 2,800 nuevos estudiantes - elprogresivo.mx","twitter:description":"M\u00e1s de dos mil 800 j\u00f3venes comenzaron sus estudios en la Universidad Tecnol\u00f3gica de Quer\u00e9taro (UTEQ) este lunes. Se trata de la generaci\u00f3n 56, que pisa aulas para cursar alguna de las 16 opciones de ingenier\u00eda o licenciatura vigentes. Luis Fernando Pantoja Amaro, rector de la casa de estudios, encabez\u00f3 la ceremonia inaugural del cuatrimestre","twitter:image":"https:\/\/elprogresivo.mx\/wp-content\/uploads\/2024\/02\/cropped-LogoBlanco.png"},"aioseo_meta_data":{"post_id":"4950","title":null,"description":null,"keywords":null,"keyphrases":{"focus":[],"additional":[]},"primary_term":null,"canonical_url":null,"og_title":null,"og_description":null,"og_object_type":"default","og_image_type":"default","og_image_url":null,"og_image_width":null,"og_image_height":null,"og_image_custom_url":null,"og_image_custom_fields":null,"og_video":null,"og_custom_url":null,"og_article_section":null,"og_article_tags":null,"twitter_use_og":false,"twitter_card":"default","twitter_image_type":"default","twitter_image_url":null,"twitter_image_custom_url":null,"twitter_image_custom_fields":null,"twitter_title":null,"twitter_description":null,"schema":{"blockGraphs":[],"customGraphs":[],"default":{"data":{"Article":[],"Course":[],"Dataset":[],"FAQPage":[],"Movie":[],"Person":[],"Product":[],"ProductReview":[],"Car":[],"Recipe":[],"Service":[],"SoftwareApplication":[],"WebPage":[]},"graphName":"","isEnabled":true},"graphs":[]},"schema_type":"default","schema_type_options":null,"pillar_content":false,"robots_default":true,"robots_noindex":false,"robots_noarchive":false,"robots_nosnippet":false,"robots_nofollow":false,"robots_noimageindex":false,"robots_noodp":false,"robots_notranslate":false,"robots_max_snippet":null,"robots_max_videopreview":null,"robots_max_imagepreview":"large","priority":null,"frequency":null,"local_seo":null,"limit_modified_date":false,"created":"2026-09-02 17:10:15","updated":"2026-09-02 18:33:36","ai":null,"breadcrumb_settings":null,"seo_analyzer_scan_date":null,"focus_keyword":null,"additional_keywords":null,"truseo_locale":null},"aioseo_breadcrumb":"<div class=\"aioseo-breadcrumbs\"><span class=\"aioseo-breadcrumb\">\n\t\t\t<a href=\"https:\/\/elprogresivo.mx\" title=\"Home\">Home<\/a>\n\t\t<\/span><span class=\"aioseo-breadcrumb-separator\">&raquo;<\/span><span class=\"aioseo-breadcrumb\">\n\t\t\t<a href=\"https:\/\/elprogresivo.mx\/index.php\/category\/blog\/\" title=\"Blog\">Blog<\/a>\n\t\t<\/span><span class=\"aioseo-breadcrumb-separator\">&raquo;<\/span><span class=\"aioseo-breadcrumb\">\n\t\t\tLa UTEQ da la bienvenida a m\u00e1s de 2,800 nuevos estudiantes\n\t\t<\/span><\/div>","aioseo_breadcrumb_json":[{"label":"Home","link":"https:\/\/elprogresivo.mx"},{"label":"Blog","link":"https:\/\/elprogresivo.mx\/index.php\/category\/blog\/"},{"label":"La UTEQ da la bienvenida a m\u00e1s de 2,800 nuevos estudiantes","link":"https:\/\/elprogresivo.mx\/index.php\/2026\/09\/02\/la-uteq-da-la-bienvenida-a-mas-de-2800-nuevos-estudiantes\/"}],"jetpack_publicize_connections":[],"_links":{"self":[{"href":"https:\/\/elprogresivo.mx\/index.php\/wp-json\/wp\/v2\/posts\/4950","targetHints":{"allow":["GET"]}}],"collection":[{"href":"https:\/\/elprogresivo.mx\/index.php\/wp-json\/wp\/v2\/posts"}],"about":[{"href":"https:\/\/elprogresivo.mx\/index.php\/wp-json\/wp\/v2\/types\/post"}],"author":[{"embeddable":true,"href":"https:\/\/elprogresivo.mx\/index.php\/wp-json\/wp\/v2\/users\/5"}],"replies":[{"embeddable":true,"href":"https:\/\/elprogresivo.mx\/index.php\/wp-json\/wp\/v2\/comments?post=4950"}],"version-history":[{"count":0,"href":"https:\/\/elprogresivo.mx\/index.php\/wp-json\/wp\/v2\/posts\/4950\/revisions"}],"wp:featuredmedia":[{"embeddable":true,"href":"https:\/\/elprogresivo.mx\/index.php\/wp-json\/wp\/v2\/media\/4949"}],"wp:attachment":[{"href":"https:\/\/elprogresivo.mx\/index.php\/wp-json\/wp\/v2\/media?parent=4950"}],"wp:term":[{"taxonomy":"category","embeddable":true,"href":"https:\/\/elprogresivo.mx\/index.php\/wp-json\/wp\/v2\/categories?post=4950"},{"taxonomy":"post_tag","embeddable":true,"href":"https:\/\/elprogresivo.mx\/index.php\/wp-json\/wp\/v2\/tags?post=4950"}],"curies":[{"name":"wp","href":"https:\/\/api.w.org\/{rel}","templated":true}]}}