{"id":4946,"date":"2026-09-02T15:52:02","date_gmt":"2026-09-02T15:52:02","guid":{"rendered":"https:\/\/elprogresivo.mx\/index.php\/2026\/09\/02\/retratos-de-ancianos-en-el-nuevo-arte-de-soledad-burgaleta\/"},"modified":"2026-09-02T15:52:02","modified_gmt":"2026-09-02T15:52:02","slug":"retratos-de-ancianos-en-el-nuevo-arte-de-soledad-burgaleta","status":"publish","type":"post","link":"https:\/\/elprogresivo.mx\/index.php\/2026\/09\/02\/retratos-de-ancianos-en-el-nuevo-arte-de-soledad-burgaleta\/","title":{"rendered":"Retratos de ancianos en el nuevo arte de Soledad Burgaleta"},"content":{"rendered":"<p>Soledad Burgaleta exhibe en Quer\u00e9taro la cara oculta de la vejez callejera. La artista espa\u00f1ola, que vive en M\u00e9xico desde hace m\u00e1s de 20 a\u00f1os, inaugur\u00f3 su muestra &#8216;Una vida en la mirada&#8217; en el Museo de Arte de Quer\u00e9taro (MAQRO).<\/p>\n<p>En la galer\u00eda cuelgan retratos de adultos mayores que venden artesan\u00edas o solicitan ayuda en las calles. Burgaleta captur\u00f3 estos rostros marcados por el sol y la lluvia durante a\u00f1os de fotograf\u00eda. Luego, pas\u00f3 esas im\u00e1genes a la pintura usando l\u00e1pices de colores sobre p\u00e1ginas de viejas novelas rom\u00e1nticas.<\/p>\n<p>Elegi\u00f3 ese soporte con intenci\u00f3n. Dibuja vidas reales llenas de dignidad y cansancio encima de historias que promet\u00edan finales felices. El contraste entre la ficci\u00f3n rosa del papel y la realidad dura de los sujetos es el centro de la obra.<\/p>\n<p>El proyecto no busca aprovecharse del dolor. Burgaleta quiere que el p\u00fablico vea a cada persona como un ser completo, con familia, fe y pasado. La vejez aqu\u00ed no es p\u00e9rdida, sino memoria viva condensada en los gestos.<\/p>\n<p>La artista dej\u00f3 una carrera en la alta direcci\u00f3n para dedicarse a este lenguaje visual. Su objetivo es unir al espectador con quien la sociedad suele ignorar.<\/p>\n<p>La entrada es libre. Se puede visitar de martes a domingo, de 10:00 a 18:00 horas, en el n\u00famero 14 de la calle Ignacio Allende Sur, en el Centro Hist\u00f3rico de la capital queretana.<\/p>\n","protected":false},"excerpt":{"rendered":"<p>Soledad Burgaleta exhibe en Quer\u00e9taro la cara oculta de la vejez callejera. La artista espa\u00f1ola,&#8230;<\/p>\n","protected":false},"author":5,"featured_media":4945,"comment_status":"open","ping_status":"open","sticky":false,"template":"","format":"standard","meta":{"om_disable_all_campaigns":false,"_monsterinsights_skip_tracking":false,"footnotes":"","jetpack_publicize_message":"","jetpack_publicize_feature_enabled":true,"jetpack_social_post_already_shared":true,"jetpack_social_options":{"image_generator_settings":{"template":"highway","default_image_id":0,"font":"","enabled":false},"version":2}},"categories":[1],"tags":[3268,110,937,3270,3269],"class_list":["post-4946","post","type-post","status-publish","format-standard","has-post-thumbnail","hentry","category-blog","tag-arte-en-queretaro","tag-arte-mexicano-independiente","tag-cavilaciones-exposicion-maqro","tag-exposiciones-culturales","tag-soledad-burgaleta"],"aioseo_notices":[],"aioseo_head":"\n\t\t<!-- All in One SEO 5.0.1.1 - aioseo.com -->\n\t<meta name=\"description\" content=\"Soledad Burgaleta exhibe en Quer\u00e9taro la cara oculta de la vejez callejera. La artista espa\u00f1ola, que vive en M\u00e9xico desde hace m\u00e1s de 20 a\u00f1os, inaugur\u00f3 su muestra &#039;Una vida en la mirada&#039; en el Museo de Arte de Quer\u00e9taro (MAQRO). En la galer\u00eda cuelgan retratos de adultos mayores que venden artesan\u00edas o solicitan ayuda\" \/>\n\t<meta name=\"robots\" content=\"max-image-preview:large\" \/>\n\t<meta name=\"author\" content=\"Staff\"\/>\n\t<link rel=\"canonical\" href=\"https:\/\/elprogresivo.mx\/index.php\/2026\/09\/02\/retratos-de-ancianos-en-el-nuevo-arte-de-soledad-burgaleta\/\" \/>\n\t<meta name=\"generator\" content=\"All in One SEO (AIOSEO) 5.0.1.1\" \/>\n\t\t<meta property=\"og:locale\" content=\"es_MX\" \/>\n\t\t<meta property=\"og:site_name\" content=\"elprogresivo.mx - Construimos una nueva etapa en informaci\u00f3n\" \/>\n\t\t<meta property=\"og:type\" content=\"article\" \/>\n\t\t<meta property=\"og:title\" content=\"Retratos de ancianos en el nuevo arte de Soledad Burgaleta - elprogresivo.mx\" \/>\n\t\t<meta property=\"og:description\" content=\"Soledad Burgaleta exhibe en Quer\u00e9taro la cara oculta de la vejez callejera. La artista espa\u00f1ola, que vive en M\u00e9xico desde hace m\u00e1s de 20 a\u00f1os, inaugur\u00f3 su muestra &#039;Una vida en la mirada&#039; en el Museo de Arte de Quer\u00e9taro (MAQRO). En la galer\u00eda cuelgan retratos de adultos mayores que venden artesan\u00edas o solicitan ayuda\" \/>\n\t\t<meta property=\"og:url\" content=\"https:\/\/elprogresivo.mx\/index.php\/2026\/09\/02\/retratos-de-ancianos-en-el-nuevo-arte-de-soledad-burgaleta\/\" \/>\n\t\t<meta property=\"og:image\" content=\"https:\/\/elprogresivo.mx\/wp-content\/uploads\/2024\/02\/cropped-LogoBlanco.png\" \/>\n\t\t<meta property=\"og:image:secure_url\" content=\"https:\/\/elprogresivo.mx\/wp-content\/uploads\/2024\/02\/cropped-LogoBlanco.png\" \/>\n\t\t<meta property=\"article:published_time\" content=\"2026-09-02T15:52:02+00:00\" \/>\n\t\t<meta property=\"article:modified_time\" content=\"2026-09-02T15:52:02+00:00\" \/>\n\t\t<meta name=\"twitter:card\" content=\"summary_large_image\" \/>\n\t\t<meta name=\"twitter:title\" content=\"Retratos de ancianos en el nuevo arte de Soledad Burgaleta - elprogresivo.mx\" \/>\n\t\t<meta name=\"twitter:description\" content=\"Soledad Burgaleta exhibe en Quer\u00e9taro la cara oculta de la vejez callejera. La artista espa\u00f1ola, que vive en M\u00e9xico desde hace m\u00e1s de 20 a\u00f1os, inaugur\u00f3 su muestra &#039;Una vida en la mirada&#039; en el Museo de Arte de Quer\u00e9taro (MAQRO). En la galer\u00eda cuelgan retratos de adultos mayores que venden artesan\u00edas o solicitan ayuda\" \/>\n\t\t<meta name=\"twitter:image\" content=\"https:\/\/elprogresivo.mx\/wp-content\/uploads\/2024\/02\/cropped-LogoBlanco.png\" \/>\n\t\t<script type=\"application\/ld+json\" class=\"aioseo-schema\">\n\t\t\t{\"@context\":\"https:\\\/\\\/schema.org\",\"@graph\":[{\"@type\":\"BlogPosting\",\"@id\":\"https:\\\/\\\/elprogresivo.mx\\\/index.php\\\/2026\\\/09\\\/02\\\/retratos-de-ancianos-en-el-nuevo-arte-de-soledad-burgaleta\\\/#blogposting\",\"name\":\"Retratos de ancianos en el nuevo arte de Soledad Burgaleta - elprogresivo.mx\",\"headline\":\"Retratos de ancianos en el nuevo arte de Soledad Burgaleta\",\"author\":{\"@id\":\"https:\\\/\\\/elprogresivo.mx\\\/index.php\\\/author\\\/emmanuel-galvan\\\/#author\"},\"publisher\":{\"@id\":\"https:\\\/\\\/elprogresivo.mx\\\/#organization\"},\"image\":{\"@type\":\"ImageObject\",\"url\":\"https:\\\/\\\/elprogresivo.mx\\\/wp-content\\\/uploads\\\/2026\\\/09\\\/noticia_20260902095148.jpg\",\"width\":960,\"height\":1280},\"datePublished\":\"2026-09-02T15:52:02+00:00\",\"dateModified\":\"2026-09-02T15:52:02+00:00\",\"inLanguage\":\"es-MX\",\"mainEntityOfPage\":{\"@id\":\"https:\\\/\\\/elprogresivo.mx\\\/index.php\\\/2026\\\/09\\\/02\\\/retratos-de-ancianos-en-el-nuevo-arte-de-soledad-burgaleta\\\/#webpage\"},\"isPartOf\":{\"@id\":\"https:\\\/\\\/elprogresivo.mx\\\/index.php\\\/2026\\\/09\\\/02\\\/retratos-de-ancianos-en-el-nuevo-arte-de-soledad-burgaleta\\\/#webpage\"},\"articleSection\":\"Blog, Arte en Quer\\u00e9taro, arte mexicano independiente, Cavilaciones exposici\\u00f3n MAQRO, Exposiciones culturales, Soledad Burgaleta\"},{\"@type\":\"BreadcrumbList\",\"@id\":\"https:\\\/\\\/elprogresivo.mx\\\/index.php\\\/2026\\\/09\\\/02\\\/retratos-de-ancianos-en-el-nuevo-arte-de-soledad-burgaleta\\\/#breadcrumblist\",\"itemListElement\":[{\"@type\":\"ListItem\",\"@id\":\"https:\\\/\\\/elprogresivo.mx#listItem\",\"position\":1,\"name\":\"Home\",\"item\":\"https:\\\/\\\/elprogresivo.mx\",\"nextItem\":{\"@type\":\"ListItem\",\"@id\":\"https:\\\/\\\/elprogresivo.mx\\\/index.php\\\/category\\\/blog\\\/#listItem\",\"name\":\"Blog\"}},{\"@type\":\"ListItem\",\"@id\":\"https:\\\/\\\/elprogresivo.mx\\\/index.php\\\/category\\\/blog\\\/#listItem\",\"position\":2,\"name\":\"Blog\",\"item\":\"https:\\\/\\\/elprogresivo.mx\\\/index.php\\\/category\\\/blog\\\/\",\"nextItem\":{\"@type\":\"ListItem\",\"@id\":\"https:\\\/\\\/elprogresivo.mx\\\/index.php\\\/2026\\\/09\\\/02\\\/retratos-de-ancianos-en-el-nuevo-arte-de-soledad-burgaleta\\\/#listItem\",\"name\":\"Retratos de ancianos en el nuevo arte de Soledad Burgaleta\"},\"previousItem\":{\"@type\":\"ListItem\",\"@id\":\"https:\\\/\\\/elprogresivo.mx#listItem\",\"name\":\"Home\"}},{\"@type\":\"ListItem\",\"@id\":\"https:\\\/\\\/elprogresivo.mx\\\/index.php\\\/2026\\\/09\\\/02\\\/retratos-de-ancianos-en-el-nuevo-arte-de-soledad-burgaleta\\\/#listItem\",\"position\":3,\"name\":\"Retratos de ancianos en el nuevo arte de Soledad Burgaleta\",\"previousItem\":{\"@type\":\"ListItem\",\"@id\":\"https:\\\/\\\/elprogresivo.mx\\\/index.php\\\/category\\\/blog\\\/#listItem\",\"name\":\"Blog\"}}]},{\"@type\":\"Organization\",\"@id\":\"https:\\\/\\\/elprogresivo.mx\\\/#organization\",\"name\":\"elprogresivo.mx\",\"description\":\"Construimos una nueva etapa en informaci\\u00f3n\",\"url\":\"https:\\\/\\\/elprogresivo.mx\\\/\",\"logo\":{\"@type\":\"ImageObject\",\"url\":\"https:\\\/\\\/elprogresivo.mx\\\/wp-content\\\/uploads\\\/2024\\\/02\\\/cropped-LogoBlanco.png\",\"@id\":\"https:\\\/\\\/elprogresivo.mx\\\/index.php\\\/2026\\\/09\\\/02\\\/retratos-de-ancianos-en-el-nuevo-arte-de-soledad-burgaleta\\\/#organizationLogo\",\"width\":2096,\"height\":332},\"image\":{\"@id\":\"https:\\\/\\\/elprogresivo.mx\\\/index.php\\\/2026\\\/09\\\/02\\\/retratos-de-ancianos-en-el-nuevo-arte-de-soledad-burgaleta\\\/#organizationLogo\"}},{\"@type\":\"Person\",\"@id\":\"https:\\\/\\\/elprogresivo.mx\\\/index.php\\\/author\\\/emmanuel-galvan\\\/#author\",\"url\":\"https:\\\/\\\/elprogresivo.mx\\\/index.php\\\/author\\\/emmanuel-galvan\\\/\",\"name\":\"Staff\",\"image\":{\"@type\":\"ImageObject\",\"@id\":\"https:\\\/\\\/elprogresivo.mx\\\/index.php\\\/2026\\\/09\\\/02\\\/retratos-de-ancianos-en-el-nuevo-arte-de-soledad-burgaleta\\\/#authorImage\",\"url\":\"https:\\\/\\\/secure.gravatar.com\\\/avatar\\\/3bb87242634c3adf910515f41e6e392ab758b98c8ee7fd12a54fcb5270441486?s=96&d=mm&r=g\",\"width\":96,\"height\":96,\"caption\":\"Staff\"}},{\"@type\":\"WebPage\",\"@id\":\"https:\\\/\\\/elprogresivo.mx\\\/index.php\\\/2026\\\/09\\\/02\\\/retratos-de-ancianos-en-el-nuevo-arte-de-soledad-burgaleta\\\/#webpage\",\"url\":\"https:\\\/\\\/elprogresivo.mx\\\/index.php\\\/2026\\\/09\\\/02\\\/retratos-de-ancianos-en-el-nuevo-arte-de-soledad-burgaleta\\\/\",\"name\":\"Retratos de ancianos en el nuevo arte de Soledad Burgaleta - elprogresivo.mx\",\"description\":\"Soledad Burgaleta exhibe en Quer\\u00e9taro la cara oculta de la vejez callejera. La artista espa\\u00f1ola, que vive en M\\u00e9xico desde hace m\\u00e1s de 20 a\\u00f1os, inaugur\\u00f3 su muestra 'Una vida en la mirada' en el Museo de Arte de Quer\\u00e9taro (MAQRO). En la galer\\u00eda cuelgan retratos de adultos mayores que venden artesan\\u00edas o solicitan ayuda\",\"inLanguage\":\"es-MX\",\"isPartOf\":{\"@id\":\"https:\\\/\\\/elprogresivo.mx\\\/#website\"},\"breadcrumb\":{\"@id\":\"https:\\\/\\\/elprogresivo.mx\\\/index.php\\\/2026\\\/09\\\/02\\\/retratos-de-ancianos-en-el-nuevo-arte-de-soledad-burgaleta\\\/#breadcrumblist\"},\"author\":{\"@id\":\"https:\\\/\\\/elprogresivo.mx\\\/index.php\\\/author\\\/emmanuel-galvan\\\/#author\"},\"creator\":{\"@id\":\"https:\\\/\\\/elprogresivo.mx\\\/index.php\\\/author\\\/emmanuel-galvan\\\/#author\"},\"image\":{\"@type\":\"ImageObject\",\"url\":\"https:\\\/\\\/elprogresivo.mx\\\/wp-content\\\/uploads\\\/2026\\\/09\\\/noticia_20260902095148.jpg\",\"@id\":\"https:\\\/\\\/elprogresivo.mx\\\/index.php\\\/2026\\\/09\\\/02\\\/retratos-de-ancianos-en-el-nuevo-arte-de-soledad-burgaleta\\\/#mainImage\",\"width\":960,\"height\":1280},\"primaryImageOfPage\":{\"@id\":\"https:\\\/\\\/elprogresivo.mx\\\/index.php\\\/2026\\\/09\\\/02\\\/retratos-de-ancianos-en-el-nuevo-arte-de-soledad-burgaleta\\\/#mainImage\"},\"datePublished\":\"2026-09-02T15:52:02+00:00\",\"dateModified\":\"2026-09-02T15:52:02+00:00\"},{\"@type\":\"WebSite\",\"@id\":\"https:\\\/\\\/elprogresivo.mx\\\/#website\",\"url\":\"https:\\\/\\\/elprogresivo.mx\\\/\",\"name\":\"elprogresivo.mx\",\"description\":\"Construimos una nueva etapa en informaci\\u00f3n\",\"inLanguage\":\"es-MX\",\"publisher\":{\"@id\":\"https:\\\/\\\/elprogresivo.mx\\\/#organization\"}}]}\n\t\t<\/script>\n\t\t<!-- All in One SEO -->\n\n","aioseo_head_json":{"title":"Retratos de ancianos en el nuevo arte de Soledad Burgaleta - elprogresivo.mx","description":"Soledad Burgaleta exhibe en Quer\u00e9taro la cara oculta de la vejez callejera. La artista espa\u00f1ola, que vive en M\u00e9xico desde hace m\u00e1s de 20 a\u00f1os, inaugur\u00f3 su muestra 'Una vida en la mirada' en el Museo de Arte de Quer\u00e9taro (MAQRO). En la galer\u00eda cuelgan retratos de adultos mayores que venden artesan\u00edas o solicitan ayuda","canonical_url":"https:\/\/elprogresivo.mx\/index.php\/2026\/09\/02\/retratos-de-ancianos-en-el-nuevo-arte-de-soledad-burgaleta\/","robots":"max-image-preview:large","keywords":"","webmasterTools":{"miscellaneous":""},"schema":{"@context":"https:\/\/schema.org","@graph":[{"@type":"BlogPosting","@id":"https:\/\/elprogresivo.mx\/index.php\/2026\/09\/02\/retratos-de-ancianos-en-el-nuevo-arte-de-soledad-burgaleta\/#blogposting","name":"Retratos de ancianos en el nuevo arte de Soledad Burgaleta - elprogresivo.mx","headline":"Retratos de ancianos en el nuevo arte de Soledad Burgaleta","author":{"@id":"https:\/\/elprogresivo.mx\/index.php\/author\/emmanuel-galvan\/#author"},"publisher":{"@id":"https:\/\/elprogresivo.mx\/#organization"},"image":{"@type":"ImageObject","url":"https:\/\/elprogresivo.mx\/wp-content\/uploads\/2026\/09\/noticia_20260902095148.jpg","width":960,"height":1280},"datePublished":"2026-09-02T15:52:02+00:00","dateModified":"2026-09-02T15:52:02+00:00","inLanguage":"es-MX","mainEntityOfPage":{"@id":"https:\/\/elprogresivo.mx\/index.php\/2026\/09\/02\/retratos-de-ancianos-en-el-nuevo-arte-de-soledad-burgaleta\/#webpage"},"isPartOf":{"@id":"https:\/\/elprogresivo.mx\/index.php\/2026\/09\/02\/retratos-de-ancianos-en-el-nuevo-arte-de-soledad-burgaleta\/#webpage"},"articleSection":"Blog, Arte en Quer\u00e9taro, arte mexicano independiente, Cavilaciones exposici\u00f3n MAQRO, Exposiciones culturales, Soledad Burgaleta"},{"@type":"BreadcrumbList","@id":"https:\/\/elprogresivo.mx\/index.php\/2026\/09\/02\/retratos-de-ancianos-en-el-nuevo-arte-de-soledad-burgaleta\/#breadcrumblist","itemListElement":[{"@type":"ListItem","@id":"https:\/\/elprogresivo.mx#listItem","position":1,"name":"Home","item":"https:\/\/elprogresivo.mx","nextItem":{"@type":"ListItem","@id":"https:\/\/elprogresivo.mx\/index.php\/category\/blog\/#listItem","name":"Blog"}},{"@type":"ListItem","@id":"https:\/\/elprogresivo.mx\/index.php\/category\/blog\/#listItem","position":2,"name":"Blog","item":"https:\/\/elprogresivo.mx\/index.php\/category\/blog\/","nextItem":{"@type":"ListItem","@id":"https:\/\/elprogresivo.mx\/index.php\/2026\/09\/02\/retratos-de-ancianos-en-el-nuevo-arte-de-soledad-burgaleta\/#listItem","name":"Retratos de ancianos en el nuevo arte de Soledad Burgaleta"},"previousItem":{"@type":"ListItem","@id":"https:\/\/elprogresivo.mx#listItem","name":"Home"}},{"@type":"ListItem","@id":"https:\/\/elprogresivo.mx\/index.php\/2026\/09\/02\/retratos-de-ancianos-en-el-nuevo-arte-de-soledad-burgaleta\/#listItem","position":3,"name":"Retratos de ancianos en el nuevo arte de Soledad Burgaleta","previousItem":{"@type":"ListItem","@id":"https:\/\/elprogresivo.mx\/index.php\/category\/blog\/#listItem","name":"Blog"}}]},{"@type":"Organization","@id":"https:\/\/elprogresivo.mx\/#organization","name":"elprogresivo.mx","description":"Construimos una nueva etapa en informaci\u00f3n","url":"https:\/\/elprogresivo.mx\/","logo":{"@type":"ImageObject","url":"https:\/\/elprogresivo.mx\/wp-content\/uploads\/2024\/02\/cropped-LogoBlanco.png","@id":"https:\/\/elprogresivo.mx\/index.php\/2026\/09\/02\/retratos-de-ancianos-en-el-nuevo-arte-de-soledad-burgaleta\/#organizationLogo","width":2096,"height":332},"image":{"@id":"https:\/\/elprogresivo.mx\/index.php\/2026\/09\/02\/retratos-de-ancianos-en-el-nuevo-arte-de-soledad-burgaleta\/#organizationLogo"}},{"@type":"Person","@id":"https:\/\/elprogresivo.mx\/index.php\/author\/emmanuel-galvan\/#author","url":"https:\/\/elprogresivo.mx\/index.php\/author\/emmanuel-galvan\/","name":"Staff","image":{"@type":"ImageObject","@id":"https:\/\/elprogresivo.mx\/index.php\/2026\/09\/02\/retratos-de-ancianos-en-el-nuevo-arte-de-soledad-burgaleta\/#authorImage","url":"https:\/\/secure.gravatar.com\/avatar\/3bb87242634c3adf910515f41e6e392ab758b98c8ee7fd12a54fcb5270441486?s=96&d=mm&r=g","width":96,"height":96,"caption":"Staff"}},{"@type":"WebPage","@id":"https:\/\/elprogresivo.mx\/index.php\/2026\/09\/02\/retratos-de-ancianos-en-el-nuevo-arte-de-soledad-burgaleta\/#webpage","url":"https:\/\/elprogresivo.mx\/index.php\/2026\/09\/02\/retratos-de-ancianos-en-el-nuevo-arte-de-soledad-burgaleta\/","name":"Retratos de ancianos en el nuevo arte de Soledad Burgaleta - elprogresivo.mx","description":"Soledad Burgaleta exhibe en Quer\u00e9taro la cara oculta de la vejez callejera. La artista espa\u00f1ola, que vive en M\u00e9xico desde hace m\u00e1s de 20 a\u00f1os, inaugur\u00f3 su muestra 'Una vida en la mirada' en el Museo de Arte de Quer\u00e9taro (MAQRO). En la galer\u00eda cuelgan retratos de adultos mayores que venden artesan\u00edas o solicitan ayuda","inLanguage":"es-MX","isPartOf":{"@id":"https:\/\/elprogresivo.mx\/#website"},"breadcrumb":{"@id":"https:\/\/elprogresivo.mx\/index.php\/2026\/09\/02\/retratos-de-ancianos-en-el-nuevo-arte-de-soledad-burgaleta\/#breadcrumblist"},"author":{"@id":"https:\/\/elprogresivo.mx\/index.php\/author\/emmanuel-galvan\/#author"},"creator":{"@id":"https:\/\/elprogresivo.mx\/index.php\/author\/emmanuel-galvan\/#author"},"image":{"@type":"ImageObject","url":"https:\/\/elprogresivo.mx\/wp-content\/uploads\/2026\/09\/noticia_20260902095148.jpg","@id":"https:\/\/elprogresivo.mx\/index.php\/2026\/09\/02\/retratos-de-ancianos-en-el-nuevo-arte-de-soledad-burgaleta\/#mainImage","width":960,"height":1280},"primaryImageOfPage":{"@id":"https:\/\/elprogresivo.mx\/index.php\/2026\/09\/02\/retratos-de-ancianos-en-el-nuevo-arte-de-soledad-burgaleta\/#mainImage"},"datePublished":"2026-09-02T15:52:02+00:00","dateModified":"2026-09-02T15:52:02+00:00"},{"@type":"WebSite","@id":"https:\/\/elprogresivo.mx\/#website","url":"https:\/\/elprogresivo.mx\/","name":"elprogresivo.mx","description":"Construimos una nueva etapa en informaci\u00f3n","inLanguage":"es-MX","publisher":{"@id":"https:\/\/elprogresivo.mx\/#organization"}}]},"og:locale":"es_MX","og:site_name":"elprogresivo.mx - Construimos una nueva etapa en informaci\u00f3n","og:type":"article","og:title":"Retratos de ancianos en el nuevo arte de Soledad Burgaleta - elprogresivo.mx","og:description":"Soledad Burgaleta exhibe en Quer\u00e9taro la cara oculta de la vejez callejera. La artista espa\u00f1ola, que vive en M\u00e9xico desde hace m\u00e1s de 20 a\u00f1os, inaugur\u00f3 su muestra 'Una vida en la mirada' en el Museo de Arte de Quer\u00e9taro (MAQRO). En la galer\u00eda cuelgan retratos de adultos mayores que venden artesan\u00edas o solicitan ayuda","og:url":"https:\/\/elprogresivo.mx\/index.php\/2026\/09\/02\/retratos-de-ancianos-en-el-nuevo-arte-de-soledad-burgaleta\/","og:image":"https:\/\/elprogresivo.mx\/wp-content\/uploads\/2024\/02\/cropped-LogoBlanco.png","og:image:secure_url":"https:\/\/elprogresivo.mx\/wp-content\/uploads\/2024\/02\/cropped-LogoBlanco.png","article:published_time":"2026-09-02T15:52:02+00:00","article:modified_time":"2026-09-02T15:52:02+00:00","twitter:card":"summary_large_image","twitter:title":"Retratos de ancianos en el nuevo arte de Soledad Burgaleta - elprogresivo.mx","twitter:description":"Soledad Burgaleta exhibe en Quer\u00e9taro la cara oculta de la vejez callejera. La artista espa\u00f1ola, que vive en M\u00e9xico desde hace m\u00e1s de 20 a\u00f1os, inaugur\u00f3 su muestra 'Una vida en la mirada' en el Museo de Arte de Quer\u00e9taro (MAQRO). En la galer\u00eda cuelgan retratos de adultos mayores que venden artesan\u00edas o solicitan ayuda","twitter:image":"https:\/\/elprogresivo.mx\/wp-content\/uploads\/2024\/02\/cropped-LogoBlanco.png"},"aioseo_meta_data":{"post_id":"4946","title":null,"description":null,"keywords":null,"keyphrases":{"focus":[],"additional":[]},"primary_term":null,"canonical_url":null,"og_title":null,"og_description":null,"og_object_type":"default","og_image_type":"default","og_image_url":null,"og_image_width":null,"og_image_height":null,"og_image_custom_url":null,"og_image_custom_fields":null,"og_video":null,"og_custom_url":null,"og_article_section":null,"og_article_tags":null,"twitter_use_og":false,"twitter_card":"default","twitter_image_type":"default","twitter_image_url":null,"twitter_image_custom_url":null,"twitter_image_custom_fields":null,"twitter_title":null,"twitter_description":null,"schema":{"blockGraphs":[],"customGraphs":[],"default":{"data":{"Article":[],"Course":[],"Dataset":[],"FAQPage":[],"Movie":[],"Person":[],"Product":[],"ProductReview":[],"Car":[],"Recipe":[],"Service":[],"SoftwareApplication":[],"WebPage":[]},"graphName":"","isEnabled":true},"graphs":[]},"schema_type":"default","schema_type_options":null,"pillar_content":false,"robots_default":true,"robots_noindex":false,"robots_noarchive":false,"robots_nosnippet":false,"robots_nofollow":false,"robots_noimageindex":false,"robots_noodp":false,"robots_notranslate":false,"robots_max_snippet":null,"robots_max_videopreview":null,"robots_max_imagepreview":"large","priority":null,"frequency":null,"local_seo":null,"limit_modified_date":false,"created":"2026-09-02 17:10:15","updated":"2026-09-02 18:33:37","ai":null,"breadcrumb_settings":null,"seo_analyzer_scan_date":null,"focus_keyword":null,"additional_keywords":null,"truseo_locale":null},"aioseo_breadcrumb":"<div class=\"aioseo-breadcrumbs\"><span class=\"aioseo-breadcrumb\">\n\t\t\t<a href=\"https:\/\/elprogresivo.mx\" title=\"Home\">Home<\/a>\n\t\t<\/span><span class=\"aioseo-breadcrumb-separator\">&raquo;<\/span><span class=\"aioseo-breadcrumb\">\n\t\t\t<a href=\"https:\/\/elprogresivo.mx\/index.php\/category\/blog\/\" title=\"Blog\">Blog<\/a>\n\t\t<\/span><span class=\"aioseo-breadcrumb-separator\">&raquo;<\/span><span class=\"aioseo-breadcrumb\">\n\t\t\tRetratos de ancianos en el nuevo arte de Soledad Burgaleta\n\t\t<\/span><\/div>","aioseo_breadcrumb_json":[{"label":"Home","link":"https:\/\/elprogresivo.mx"},{"label":"Blog","link":"https:\/\/elprogresivo.mx\/index.php\/category\/blog\/"},{"label":"Retratos de ancianos en el nuevo arte de Soledad Burgaleta","link":"https:\/\/elprogresivo.mx\/index.php\/2026\/09\/02\/retratos-de-ancianos-en-el-nuevo-arte-de-soledad-burgaleta\/"}],"jetpack_publicize_connections":[],"_links":{"self":[{"href":"https:\/\/elprogresivo.mx\/index.php\/wp-json\/wp\/v2\/posts\/4946","targetHints":{"allow":["GET"]}}],"collection":[{"href":"https:\/\/elprogresivo.mx\/index.php\/wp-json\/wp\/v2\/posts"}],"about":[{"href":"https:\/\/elprogresivo.mx\/index.php\/wp-json\/wp\/v2\/types\/post"}],"author":[{"embeddable":true,"href":"https:\/\/elprogresivo.mx\/index.php\/wp-json\/wp\/v2\/users\/5"}],"replies":[{"embeddable":true,"href":"https:\/\/elprogresivo.mx\/index.php\/wp-json\/wp\/v2\/comments?post=4946"}],"version-history":[{"count":0,"href":"https:\/\/elprogresivo.mx\/index.php\/wp-json\/wp\/v2\/posts\/4946\/revisions"}],"wp:featuredmedia":[{"embeddable":true,"href":"https:\/\/elprogresivo.mx\/index.php\/wp-json\/wp\/v2\/media\/4945"}],"wp:attachment":[{"href":"https:\/\/elprogresivo.mx\/index.php\/wp-json\/wp\/v2\/media?parent=4946"}],"wp:term":[{"taxonomy":"category","embeddable":true,"href":"https:\/\/elprogresivo.mx\/index.php\/wp-json\/wp\/v2\/categories?post=4946"},{"taxonomy":"post_tag","embeddable":true,"href":"https:\/\/elprogresivo.mx\/index.php\/wp-json\/wp\/v2\/tags?post=4946"}],"curies":[{"name":"wp","href":"https:\/\/api.w.org\/{rel}","templated":true}]}}