{"id":4944,"date":"2026-09-02T15:51:44","date_gmt":"2026-09-02T15:51:44","guid":{"rendered":"https:\/\/elprogresivo.mx\/index.php\/2026\/09\/02\/semujeres-capacita-a-funcionarios-para-igualdad-en-queretaro\/"},"modified":"2026-09-02T15:51:44","modified_gmt":"2026-09-02T15:51:44","slug":"semujeres-capacita-a-funcionarios-para-igualdad-en-queretaro","status":"publish","type":"post","link":"https:\/\/elprogresivo.mx\/index.php\/2026\/09\/02\/semujeres-capacita-a-funcionarios-para-igualdad-en-queretaro\/","title":{"rendered":"SEMujeres capacita a funcionarios para igualdad en Quer\u00e9taro"},"content":{"rendered":"<p>La igualdad debe guiar cada decisi\u00f3n del gobierno, afirm\u00f3 la acad\u00e9mica Rosa Cobo Bed\u00eda. Durante su conferencia en Quer\u00e9taro, dej\u00f3 claro que una pol\u00edtica p\u00fablica que no busca la equidad es, simplemente, mala. Su mensaje fue directo ante el gabinete estatal, legisladoras y activistas: sin igualdad no hay justicia social. La especialista se\u00f1al\u00f3 que para avanzar en el siglo XXI hacen falta dos cosas: un movimiento feminista fuerte y un gobierno que escuche sus demandas. Sonia Rocha Acosta, secretaria de las Mujeres, explic\u00f3 que su equipo ya est\u00e1 trabajando en esa l\u00ednea. Desde que tom\u00f3 el cargo, prioriz\u00f3 la capacitaci\u00f3n constante. El personal que atiende a las v\u00edctimas y los dise\u00f1adores de pol\u00edticas reciben formaci\u00f3n en derechos humanos y perspectiva de g\u00e9nero. Rocha dijo que quieren que ese conocimiento se vuelva acci\u00f3n concreta. El objetivo es que las mujeres de Quer\u00e9taro tengan mejores herramientas legales y sociales. La funcionaria record\u00f3 que el gobernador Mauricio Kuri pone a las mujeres como prioridad. Por eso, la Secretar\u00eda busca convertir ese compromiso en leyes y programas reales. La meta es construir un estado donde las mujeres tomen decisiones y participen en todos los espacios.<\/p>\n","protected":false},"excerpt":{"rendered":"<p>La igualdad debe guiar cada decisi\u00f3n del gobierno, afirm\u00f3 la acad\u00e9mica Rosa Cobo Bed\u00eda. Durante&#8230;<\/p>\n","protected":false},"author":5,"featured_media":4943,"comment_status":"open","ping_status":"open","sticky":false,"template":"","format":"standard","meta":{"om_disable_all_campaigns":false,"_monsterinsights_skip_tracking":false,"footnotes":"","jetpack_publicize_message":"","jetpack_publicize_feature_enabled":true,"jetpack_social_post_already_shared":true,"jetpack_social_options":{"image_generator_settings":{"template":"highway","default_image_id":0,"font":"","enabled":false},"version":2}},"categories":[1,71],"tags":[876,1204,1661,3115,2504],"class_list":["post-4944","post","type-post","status-publish","format-standard","has-post-thumbnail","hentry","category-blog","category-principal","tag-300-anos-acueducto-queretaro-el-marques","tag-igualdad-de-genero","tag-politicas-publicas","tag-semujeres","tag-sonia-rocha"],"aioseo_notices":[],"aioseo_head":"\n\t\t<!-- All in One SEO 5.0.1.1 - aioseo.com -->\n\t<meta name=\"description\" content=\"La igualdad debe guiar cada decisi\u00f3n del gobierno, afirm\u00f3 la acad\u00e9mica Rosa Cobo Bed\u00eda. Durante su conferencia en Quer\u00e9taro, dej\u00f3 claro que una pol\u00edtica p\u00fablica que no busca la equidad es, simplemente, mala. Su mensaje fue directo ante el gabinete estatal, legisladoras y activistas: sin igualdad no hay justicia social. La especialista se\u00f1al\u00f3 que para\" \/>\n\t<meta name=\"robots\" content=\"max-image-preview:large\" \/>\n\t<meta name=\"author\" content=\"Staff\"\/>\n\t<link rel=\"canonical\" href=\"https:\/\/elprogresivo.mx\/index.php\/2026\/09\/02\/semujeres-capacita-a-funcionarios-para-igualdad-en-queretaro\/\" \/>\n\t<meta name=\"generator\" content=\"All in One SEO (AIOSEO) 5.0.1.1\" \/>\n\t\t<meta property=\"og:locale\" content=\"es_MX\" \/>\n\t\t<meta property=\"og:site_name\" content=\"elprogresivo.mx - Construimos una nueva etapa en informaci\u00f3n\" \/>\n\t\t<meta property=\"og:type\" content=\"article\" \/>\n\t\t<meta property=\"og:title\" content=\"SEMujeres capacita a funcionarios para igualdad en Quer\u00e9taro - elprogresivo.mx\" \/>\n\t\t<meta property=\"og:description\" content=\"La igualdad debe guiar cada decisi\u00f3n del gobierno, afirm\u00f3 la acad\u00e9mica Rosa Cobo Bed\u00eda. Durante su conferencia en Quer\u00e9taro, dej\u00f3 claro que una pol\u00edtica p\u00fablica que no busca la equidad es, simplemente, mala. Su mensaje fue directo ante el gabinete estatal, legisladoras y activistas: sin igualdad no hay justicia social. La especialista se\u00f1al\u00f3 que para\" \/>\n\t\t<meta property=\"og:url\" content=\"https:\/\/elprogresivo.mx\/index.php\/2026\/09\/02\/semujeres-capacita-a-funcionarios-para-igualdad-en-queretaro\/\" \/>\n\t\t<meta property=\"og:image\" content=\"https:\/\/elprogresivo.mx\/wp-content\/uploads\/2024\/02\/cropped-LogoBlanco.png\" \/>\n\t\t<meta property=\"og:image:secure_url\" content=\"https:\/\/elprogresivo.mx\/wp-content\/uploads\/2024\/02\/cropped-LogoBlanco.png\" \/>\n\t\t<meta property=\"article:published_time\" content=\"2026-09-02T15:51:44+00:00\" \/>\n\t\t<meta property=\"article:modified_time\" content=\"2026-09-02T15:51:44+00:00\" \/>\n\t\t<meta name=\"twitter:card\" content=\"summary_large_image\" \/>\n\t\t<meta name=\"twitter:title\" content=\"SEMujeres capacita a funcionarios para igualdad en Quer\u00e9taro - elprogresivo.mx\" \/>\n\t\t<meta name=\"twitter:description\" content=\"La igualdad debe guiar cada decisi\u00f3n del gobierno, afirm\u00f3 la acad\u00e9mica Rosa Cobo Bed\u00eda. Durante su conferencia en Quer\u00e9taro, dej\u00f3 claro que una pol\u00edtica p\u00fablica que no busca la equidad es, simplemente, mala. Su mensaje fue directo ante el gabinete estatal, legisladoras y activistas: sin igualdad no hay justicia social. La especialista se\u00f1al\u00f3 que para\" \/>\n\t\t<meta name=\"twitter:image\" content=\"https:\/\/elprogresivo.mx\/wp-content\/uploads\/2024\/02\/cropped-LogoBlanco.png\" \/>\n\t\t<script type=\"application\/ld+json\" class=\"aioseo-schema\">\n\t\t\t{\"@context\":\"https:\\\/\\\/schema.org\",\"@graph\":[{\"@type\":\"BlogPosting\",\"@id\":\"https:\\\/\\\/elprogresivo.mx\\\/index.php\\\/2026\\\/09\\\/02\\\/semujeres-capacita-a-funcionarios-para-igualdad-en-queretaro\\\/#blogposting\",\"name\":\"SEMujeres capacita a funcionarios para igualdad en Quer\\u00e9taro - elprogresivo.mx\",\"headline\":\"SEMujeres capacita a funcionarios para igualdad en Quer\\u00e9taro\",\"author\":{\"@id\":\"https:\\\/\\\/elprogresivo.mx\\\/index.php\\\/author\\\/emmanuel-galvan\\\/#author\"},\"publisher\":{\"@id\":\"https:\\\/\\\/elprogresivo.mx\\\/#organization\"},\"image\":{\"@type\":\"ImageObject\",\"url\":\"https:\\\/\\\/elprogresivo.mx\\\/wp-content\\\/uploads\\\/2026\\\/09\\\/noticia_20260902095136.jpg\",\"width\":1280,\"height\":854},\"datePublished\":\"2026-09-02T15:51:44+00:00\",\"dateModified\":\"2026-09-02T15:51:44+00:00\",\"inLanguage\":\"es-MX\",\"mainEntityOfPage\":{\"@id\":\"https:\\\/\\\/elprogresivo.mx\\\/index.php\\\/2026\\\/09\\\/02\\\/semujeres-capacita-a-funcionarios-para-igualdad-en-queretaro\\\/#webpage\"},\"isPartOf\":{\"@id\":\"https:\\\/\\\/elprogresivo.mx\\\/index.php\\\/2026\\\/09\\\/02\\\/semujeres-capacita-a-funcionarios-para-igualdad-en-queretaro\\\/#webpage\"},\"articleSection\":\"Blog, Principal, 300 a\\u00f1os Acueducto Quer\\u00e9taro El Marqu\\u00e9s, Igualdad de g\\u00e9nero, pol\\u00edticas p\\u00fablicas, SEMUJERES, Sonia Rocha\"},{\"@type\":\"BreadcrumbList\",\"@id\":\"https:\\\/\\\/elprogresivo.mx\\\/index.php\\\/2026\\\/09\\\/02\\\/semujeres-capacita-a-funcionarios-para-igualdad-en-queretaro\\\/#breadcrumblist\",\"itemListElement\":[{\"@type\":\"ListItem\",\"@id\":\"https:\\\/\\\/elprogresivo.mx#listItem\",\"position\":1,\"name\":\"Home\",\"item\":\"https:\\\/\\\/elprogresivo.mx\",\"nextItem\":{\"@type\":\"ListItem\",\"@id\":\"https:\\\/\\\/elprogresivo.mx\\\/index.php\\\/category\\\/blog\\\/#listItem\",\"name\":\"Blog\"}},{\"@type\":\"ListItem\",\"@id\":\"https:\\\/\\\/elprogresivo.mx\\\/index.php\\\/category\\\/blog\\\/#listItem\",\"position\":2,\"name\":\"Blog\",\"item\":\"https:\\\/\\\/elprogresivo.mx\\\/index.php\\\/category\\\/blog\\\/\",\"nextItem\":{\"@type\":\"ListItem\",\"@id\":\"https:\\\/\\\/elprogresivo.mx\\\/index.php\\\/2026\\\/09\\\/02\\\/semujeres-capacita-a-funcionarios-para-igualdad-en-queretaro\\\/#listItem\",\"name\":\"SEMujeres capacita a funcionarios para igualdad en Quer\\u00e9taro\"},\"previousItem\":{\"@type\":\"ListItem\",\"@id\":\"https:\\\/\\\/elprogresivo.mx#listItem\",\"name\":\"Home\"}},{\"@type\":\"ListItem\",\"@id\":\"https:\\\/\\\/elprogresivo.mx\\\/index.php\\\/2026\\\/09\\\/02\\\/semujeres-capacita-a-funcionarios-para-igualdad-en-queretaro\\\/#listItem\",\"position\":3,\"name\":\"SEMujeres capacita a funcionarios para igualdad en Quer\\u00e9taro\",\"previousItem\":{\"@type\":\"ListItem\",\"@id\":\"https:\\\/\\\/elprogresivo.mx\\\/index.php\\\/category\\\/blog\\\/#listItem\",\"name\":\"Blog\"}}]},{\"@type\":\"Organization\",\"@id\":\"https:\\\/\\\/elprogresivo.mx\\\/#organization\",\"name\":\"elprogresivo.mx\",\"description\":\"Construimos una nueva etapa en informaci\\u00f3n\",\"url\":\"https:\\\/\\\/elprogresivo.mx\\\/\",\"logo\":{\"@type\":\"ImageObject\",\"url\":\"https:\\\/\\\/elprogresivo.mx\\\/wp-content\\\/uploads\\\/2024\\\/02\\\/cropped-LogoBlanco.png\",\"@id\":\"https:\\\/\\\/elprogresivo.mx\\\/index.php\\\/2026\\\/09\\\/02\\\/semujeres-capacita-a-funcionarios-para-igualdad-en-queretaro\\\/#organizationLogo\",\"width\":2096,\"height\":332},\"image\":{\"@id\":\"https:\\\/\\\/elprogresivo.mx\\\/index.php\\\/2026\\\/09\\\/02\\\/semujeres-capacita-a-funcionarios-para-igualdad-en-queretaro\\\/#organizationLogo\"}},{\"@type\":\"Person\",\"@id\":\"https:\\\/\\\/elprogresivo.mx\\\/index.php\\\/author\\\/emmanuel-galvan\\\/#author\",\"url\":\"https:\\\/\\\/elprogresivo.mx\\\/index.php\\\/author\\\/emmanuel-galvan\\\/\",\"name\":\"Staff\",\"image\":{\"@type\":\"ImageObject\",\"@id\":\"https:\\\/\\\/elprogresivo.mx\\\/index.php\\\/2026\\\/09\\\/02\\\/semujeres-capacita-a-funcionarios-para-igualdad-en-queretaro\\\/#authorImage\",\"url\":\"https:\\\/\\\/secure.gravatar.com\\\/avatar\\\/3bb87242634c3adf910515f41e6e392ab758b98c8ee7fd12a54fcb5270441486?s=96&d=mm&r=g\",\"width\":96,\"height\":96,\"caption\":\"Staff\"}},{\"@type\":\"WebPage\",\"@id\":\"https:\\\/\\\/elprogresivo.mx\\\/index.php\\\/2026\\\/09\\\/02\\\/semujeres-capacita-a-funcionarios-para-igualdad-en-queretaro\\\/#webpage\",\"url\":\"https:\\\/\\\/elprogresivo.mx\\\/index.php\\\/2026\\\/09\\\/02\\\/semujeres-capacita-a-funcionarios-para-igualdad-en-queretaro\\\/\",\"name\":\"SEMujeres capacita a funcionarios para igualdad en Quer\\u00e9taro - elprogresivo.mx\",\"description\":\"La igualdad debe guiar cada decisi\\u00f3n del gobierno, afirm\\u00f3 la acad\\u00e9mica Rosa Cobo Bed\\u00eda. Durante su conferencia en Quer\\u00e9taro, dej\\u00f3 claro que una pol\\u00edtica p\\u00fablica que no busca la equidad es, simplemente, mala. Su mensaje fue directo ante el gabinete estatal, legisladoras y activistas: sin igualdad no hay justicia social. La especialista se\\u00f1al\\u00f3 que para\",\"inLanguage\":\"es-MX\",\"isPartOf\":{\"@id\":\"https:\\\/\\\/elprogresivo.mx\\\/#website\"},\"breadcrumb\":{\"@id\":\"https:\\\/\\\/elprogresivo.mx\\\/index.php\\\/2026\\\/09\\\/02\\\/semujeres-capacita-a-funcionarios-para-igualdad-en-queretaro\\\/#breadcrumblist\"},\"author\":{\"@id\":\"https:\\\/\\\/elprogresivo.mx\\\/index.php\\\/author\\\/emmanuel-galvan\\\/#author\"},\"creator\":{\"@id\":\"https:\\\/\\\/elprogresivo.mx\\\/index.php\\\/author\\\/emmanuel-galvan\\\/#author\"},\"image\":{\"@type\":\"ImageObject\",\"url\":\"https:\\\/\\\/elprogresivo.mx\\\/wp-content\\\/uploads\\\/2026\\\/09\\\/noticia_20260902095136.jpg\",\"@id\":\"https:\\\/\\\/elprogresivo.mx\\\/index.php\\\/2026\\\/09\\\/02\\\/semujeres-capacita-a-funcionarios-para-igualdad-en-queretaro\\\/#mainImage\",\"width\":1280,\"height\":854},\"primaryImageOfPage\":{\"@id\":\"https:\\\/\\\/elprogresivo.mx\\\/index.php\\\/2026\\\/09\\\/02\\\/semujeres-capacita-a-funcionarios-para-igualdad-en-queretaro\\\/#mainImage\"},\"datePublished\":\"2026-09-02T15:51:44+00:00\",\"dateModified\":\"2026-09-02T15:51:44+00:00\"},{\"@type\":\"WebSite\",\"@id\":\"https:\\\/\\\/elprogresivo.mx\\\/#website\",\"url\":\"https:\\\/\\\/elprogresivo.mx\\\/\",\"name\":\"elprogresivo.mx\",\"description\":\"Construimos una nueva etapa en informaci\\u00f3n\",\"inLanguage\":\"es-MX\",\"publisher\":{\"@id\":\"https:\\\/\\\/elprogresivo.mx\\\/#organization\"}}]}\n\t\t<\/script>\n\t\t<!-- All in One SEO -->\n\n","aioseo_head_json":{"title":"SEMujeres capacita a funcionarios para igualdad en Quer\u00e9taro - elprogresivo.mx","description":"La igualdad debe guiar cada decisi\u00f3n del gobierno, afirm\u00f3 la acad\u00e9mica Rosa Cobo Bed\u00eda. Durante su conferencia en Quer\u00e9taro, dej\u00f3 claro que una pol\u00edtica p\u00fablica que no busca la equidad es, simplemente, mala. Su mensaje fue directo ante el gabinete estatal, legisladoras y activistas: sin igualdad no hay justicia social. La especialista se\u00f1al\u00f3 que para","canonical_url":"https:\/\/elprogresivo.mx\/index.php\/2026\/09\/02\/semujeres-capacita-a-funcionarios-para-igualdad-en-queretaro\/","robots":"max-image-preview:large","keywords":"","webmasterTools":{"miscellaneous":""},"schema":{"@context":"https:\/\/schema.org","@graph":[{"@type":"BlogPosting","@id":"https:\/\/elprogresivo.mx\/index.php\/2026\/09\/02\/semujeres-capacita-a-funcionarios-para-igualdad-en-queretaro\/#blogposting","name":"SEMujeres capacita a funcionarios para igualdad en Quer\u00e9taro - elprogresivo.mx","headline":"SEMujeres capacita a funcionarios para igualdad en Quer\u00e9taro","author":{"@id":"https:\/\/elprogresivo.mx\/index.php\/author\/emmanuel-galvan\/#author"},"publisher":{"@id":"https:\/\/elprogresivo.mx\/#organization"},"image":{"@type":"ImageObject","url":"https:\/\/elprogresivo.mx\/wp-content\/uploads\/2026\/09\/noticia_20260902095136.jpg","width":1280,"height":854},"datePublished":"2026-09-02T15:51:44+00:00","dateModified":"2026-09-02T15:51:44+00:00","inLanguage":"es-MX","mainEntityOfPage":{"@id":"https:\/\/elprogresivo.mx\/index.php\/2026\/09\/02\/semujeres-capacita-a-funcionarios-para-igualdad-en-queretaro\/#webpage"},"isPartOf":{"@id":"https:\/\/elprogresivo.mx\/index.php\/2026\/09\/02\/semujeres-capacita-a-funcionarios-para-igualdad-en-queretaro\/#webpage"},"articleSection":"Blog, Principal, 300 a\u00f1os Acueducto Quer\u00e9taro El Marqu\u00e9s, Igualdad de g\u00e9nero, pol\u00edticas p\u00fablicas, SEMUJERES, Sonia Rocha"},{"@type":"BreadcrumbList","@id":"https:\/\/elprogresivo.mx\/index.php\/2026\/09\/02\/semujeres-capacita-a-funcionarios-para-igualdad-en-queretaro\/#breadcrumblist","itemListElement":[{"@type":"ListItem","@id":"https:\/\/elprogresivo.mx#listItem","position":1,"name":"Home","item":"https:\/\/elprogresivo.mx","nextItem":{"@type":"ListItem","@id":"https:\/\/elprogresivo.mx\/index.php\/category\/blog\/#listItem","name":"Blog"}},{"@type":"ListItem","@id":"https:\/\/elprogresivo.mx\/index.php\/category\/blog\/#listItem","position":2,"name":"Blog","item":"https:\/\/elprogresivo.mx\/index.php\/category\/blog\/","nextItem":{"@type":"ListItem","@id":"https:\/\/elprogresivo.mx\/index.php\/2026\/09\/02\/semujeres-capacita-a-funcionarios-para-igualdad-en-queretaro\/#listItem","name":"SEMujeres capacita a funcionarios para igualdad en Quer\u00e9taro"},"previousItem":{"@type":"ListItem","@id":"https:\/\/elprogresivo.mx#listItem","name":"Home"}},{"@type":"ListItem","@id":"https:\/\/elprogresivo.mx\/index.php\/2026\/09\/02\/semujeres-capacita-a-funcionarios-para-igualdad-en-queretaro\/#listItem","position":3,"name":"SEMujeres capacita a funcionarios para igualdad en Quer\u00e9taro","previousItem":{"@type":"ListItem","@id":"https:\/\/elprogresivo.mx\/index.php\/category\/blog\/#listItem","name":"Blog"}}]},{"@type":"Organization","@id":"https:\/\/elprogresivo.mx\/#organization","name":"elprogresivo.mx","description":"Construimos una nueva etapa en informaci\u00f3n","url":"https:\/\/elprogresivo.mx\/","logo":{"@type":"ImageObject","url":"https:\/\/elprogresivo.mx\/wp-content\/uploads\/2024\/02\/cropped-LogoBlanco.png","@id":"https:\/\/elprogresivo.mx\/index.php\/2026\/09\/02\/semujeres-capacita-a-funcionarios-para-igualdad-en-queretaro\/#organizationLogo","width":2096,"height":332},"image":{"@id":"https:\/\/elprogresivo.mx\/index.php\/2026\/09\/02\/semujeres-capacita-a-funcionarios-para-igualdad-en-queretaro\/#organizationLogo"}},{"@type":"Person","@id":"https:\/\/elprogresivo.mx\/index.php\/author\/emmanuel-galvan\/#author","url":"https:\/\/elprogresivo.mx\/index.php\/author\/emmanuel-galvan\/","name":"Staff","image":{"@type":"ImageObject","@id":"https:\/\/elprogresivo.mx\/index.php\/2026\/09\/02\/semujeres-capacita-a-funcionarios-para-igualdad-en-queretaro\/#authorImage","url":"https:\/\/secure.gravatar.com\/avatar\/3bb87242634c3adf910515f41e6e392ab758b98c8ee7fd12a54fcb5270441486?s=96&d=mm&r=g","width":96,"height":96,"caption":"Staff"}},{"@type":"WebPage","@id":"https:\/\/elprogresivo.mx\/index.php\/2026\/09\/02\/semujeres-capacita-a-funcionarios-para-igualdad-en-queretaro\/#webpage","url":"https:\/\/elprogresivo.mx\/index.php\/2026\/09\/02\/semujeres-capacita-a-funcionarios-para-igualdad-en-queretaro\/","name":"SEMujeres capacita a funcionarios para igualdad en Quer\u00e9taro - elprogresivo.mx","description":"La igualdad debe guiar cada decisi\u00f3n del gobierno, afirm\u00f3 la acad\u00e9mica Rosa Cobo Bed\u00eda. Durante su conferencia en Quer\u00e9taro, dej\u00f3 claro que una pol\u00edtica p\u00fablica que no busca la equidad es, simplemente, mala. Su mensaje fue directo ante el gabinete estatal, legisladoras y activistas: sin igualdad no hay justicia social. La especialista se\u00f1al\u00f3 que para","inLanguage":"es-MX","isPartOf":{"@id":"https:\/\/elprogresivo.mx\/#website"},"breadcrumb":{"@id":"https:\/\/elprogresivo.mx\/index.php\/2026\/09\/02\/semujeres-capacita-a-funcionarios-para-igualdad-en-queretaro\/#breadcrumblist"},"author":{"@id":"https:\/\/elprogresivo.mx\/index.php\/author\/emmanuel-galvan\/#author"},"creator":{"@id":"https:\/\/elprogresivo.mx\/index.php\/author\/emmanuel-galvan\/#author"},"image":{"@type":"ImageObject","url":"https:\/\/elprogresivo.mx\/wp-content\/uploads\/2026\/09\/noticia_20260902095136.jpg","@id":"https:\/\/elprogresivo.mx\/index.php\/2026\/09\/02\/semujeres-capacita-a-funcionarios-para-igualdad-en-queretaro\/#mainImage","width":1280,"height":854},"primaryImageOfPage":{"@id":"https:\/\/elprogresivo.mx\/index.php\/2026\/09\/02\/semujeres-capacita-a-funcionarios-para-igualdad-en-queretaro\/#mainImage"},"datePublished":"2026-09-02T15:51:44+00:00","dateModified":"2026-09-02T15:51:44+00:00"},{"@type":"WebSite","@id":"https:\/\/elprogresivo.mx\/#website","url":"https:\/\/elprogresivo.mx\/","name":"elprogresivo.mx","description":"Construimos una nueva etapa en informaci\u00f3n","inLanguage":"es-MX","publisher":{"@id":"https:\/\/elprogresivo.mx\/#organization"}}]},"og:locale":"es_MX","og:site_name":"elprogresivo.mx - Construimos una nueva etapa en informaci\u00f3n","og:type":"article","og:title":"SEMujeres capacita a funcionarios para igualdad en Quer\u00e9taro - elprogresivo.mx","og:description":"La igualdad debe guiar cada decisi\u00f3n del gobierno, afirm\u00f3 la acad\u00e9mica Rosa Cobo Bed\u00eda. Durante su conferencia en Quer\u00e9taro, dej\u00f3 claro que una pol\u00edtica p\u00fablica que no busca la equidad es, simplemente, mala. Su mensaje fue directo ante el gabinete estatal, legisladoras y activistas: sin igualdad no hay justicia social. La especialista se\u00f1al\u00f3 que para","og:url":"https:\/\/elprogresivo.mx\/index.php\/2026\/09\/02\/semujeres-capacita-a-funcionarios-para-igualdad-en-queretaro\/","og:image":"https:\/\/elprogresivo.mx\/wp-content\/uploads\/2024\/02\/cropped-LogoBlanco.png","og:image:secure_url":"https:\/\/elprogresivo.mx\/wp-content\/uploads\/2024\/02\/cropped-LogoBlanco.png","article:published_time":"2026-09-02T15:51:44+00:00","article:modified_time":"2026-09-02T15:51:44+00:00","twitter:card":"summary_large_image","twitter:title":"SEMujeres capacita a funcionarios para igualdad en Quer\u00e9taro - elprogresivo.mx","twitter:description":"La igualdad debe guiar cada decisi\u00f3n del gobierno, afirm\u00f3 la acad\u00e9mica Rosa Cobo Bed\u00eda. Durante su conferencia en Quer\u00e9taro, dej\u00f3 claro que una pol\u00edtica p\u00fablica que no busca la equidad es, simplemente, mala. Su mensaje fue directo ante el gabinete estatal, legisladoras y activistas: sin igualdad no hay justicia social. La especialista se\u00f1al\u00f3 que para","twitter:image":"https:\/\/elprogresivo.mx\/wp-content\/uploads\/2024\/02\/cropped-LogoBlanco.png"},"aioseo_meta_data":{"post_id":"4944","title":null,"description":null,"keywords":null,"keyphrases":{"focus":[],"additional":[]},"primary_term":null,"canonical_url":null,"og_title":null,"og_description":null,"og_object_type":"default","og_image_type":"default","og_image_url":null,"og_image_width":null,"og_image_height":null,"og_image_custom_url":null,"og_image_custom_fields":null,"og_video":null,"og_custom_url":null,"og_article_section":null,"og_article_tags":null,"twitter_use_og":false,"twitter_card":"default","twitter_image_type":"default","twitter_image_url":null,"twitter_image_custom_url":null,"twitter_image_custom_fields":null,"twitter_title":null,"twitter_description":null,"schema":{"blockGraphs":[],"customGraphs":[],"default":{"data":{"Article":[],"Course":[],"Dataset":[],"FAQPage":[],"Movie":[],"Person":[],"Product":[],"ProductReview":[],"Car":[],"Recipe":[],"Service":[],"SoftwareApplication":[],"WebPage":[]},"graphName":"","isEnabled":true},"graphs":[]},"schema_type":"default","schema_type_options":null,"pillar_content":false,"robots_default":true,"robots_noindex":false,"robots_noarchive":false,"robots_nosnippet":false,"robots_nofollow":false,"robots_noimageindex":false,"robots_noodp":false,"robots_notranslate":false,"robots_max_snippet":null,"robots_max_videopreview":null,"robots_max_imagepreview":"large","priority":null,"frequency":null,"local_seo":null,"limit_modified_date":false,"created":"2026-09-02 17:10:15","updated":"2026-09-02 18:33:37","ai":null,"breadcrumb_settings":null,"seo_analyzer_scan_date":null,"focus_keyword":null,"additional_keywords":null,"truseo_locale":null},"aioseo_breadcrumb":"<div class=\"aioseo-breadcrumbs\"><span class=\"aioseo-breadcrumb\">\n\t\t\t<a href=\"https:\/\/elprogresivo.mx\" title=\"Home\">Home<\/a>\n\t\t<\/span><span class=\"aioseo-breadcrumb-separator\">&raquo;<\/span><span class=\"aioseo-breadcrumb\">\n\t\t\t<a href=\"https:\/\/elprogresivo.mx\/index.php\/category\/blog\/\" title=\"Blog\">Blog<\/a>\n\t\t<\/span><span class=\"aioseo-breadcrumb-separator\">&raquo;<\/span><span class=\"aioseo-breadcrumb\">\n\t\t\tSEMujeres capacita a funcionarios para igualdad en Quer\u00e9taro\n\t\t<\/span><\/div>","aioseo_breadcrumb_json":[{"label":"Home","link":"https:\/\/elprogresivo.mx"},{"label":"Blog","link":"https:\/\/elprogresivo.mx\/index.php\/category\/blog\/"},{"label":"SEMujeres capacita a funcionarios para igualdad en Quer\u00e9taro","link":"https:\/\/elprogresivo.mx\/index.php\/2026\/09\/02\/semujeres-capacita-a-funcionarios-para-igualdad-en-queretaro\/"}],"jetpack_publicize_connections":[],"_links":{"self":[{"href":"https:\/\/elprogresivo.mx\/index.php\/wp-json\/wp\/v2\/posts\/4944","targetHints":{"allow":["GET"]}}],"collection":[{"href":"https:\/\/elprogresivo.mx\/index.php\/wp-json\/wp\/v2\/posts"}],"about":[{"href":"https:\/\/elprogresivo.mx\/index.php\/wp-json\/wp\/v2\/types\/post"}],"author":[{"embeddable":true,"href":"https:\/\/elprogresivo.mx\/index.php\/wp-json\/wp\/v2\/users\/5"}],"replies":[{"embeddable":true,"href":"https:\/\/elprogresivo.mx\/index.php\/wp-json\/wp\/v2\/comments?post=4944"}],"version-history":[{"count":0,"href":"https:\/\/elprogresivo.mx\/index.php\/wp-json\/wp\/v2\/posts\/4944\/revisions"}],"wp:featuredmedia":[{"embeddable":true,"href":"https:\/\/elprogresivo.mx\/index.php\/wp-json\/wp\/v2\/media\/4943"}],"wp:attachment":[{"href":"https:\/\/elprogresivo.mx\/index.php\/wp-json\/wp\/v2\/media?parent=4944"}],"wp:term":[{"taxonomy":"category","embeddable":true,"href":"https:\/\/elprogresivo.mx\/index.php\/wp-json\/wp\/v2\/categories?post=4944"},{"taxonomy":"post_tag","embeddable":true,"href":"https:\/\/elprogresivo.mx\/index.php\/wp-json\/wp\/v2\/tags?post=4944"}],"curies":[{"name":"wp","href":"https:\/\/api.w.org\/{rel}","templated":true}]}}