{"id":4938,"date":"2026-08-25T19:36:03","date_gmt":"2026-08-25T19:36:03","guid":{"rendered":"https:\/\/elprogresivo.mx\/index.php\/2026\/08\/25\/900-ninos-cerraron-cursos-de-verano-en-el-marques\/"},"modified":"2026-08-25T19:36:03","modified_gmt":"2026-08-25T19:36:03","slug":"900-ninos-cerraron-cursos-de-verano-en-el-marques","status":"publish","type":"post","link":"https:\/\/elprogresivo.mx\/index.php\/2026\/08\/25\/900-ninos-cerraron-cursos-de-verano-en-el-marques\/","title":{"rendered":"900 ni\u00f1os cerraron cursos de verano en El Marqu\u00e9s"},"content":{"rendered":"<p>M\u00e1s de 900 ni\u00f1as y ni\u00f1os terminaron los cursos &#8220;Vive el Verano 2026&#8221; en El Marqu\u00e9s. Claudia Mart\u00ednez Guevara, coordinadora de Gabinete Municipal, cerr\u00f3 la segunda etapa en nombre del presidente Rodrigo Monsalvo. El programa us\u00f3 10 sedes: Amazcala, Jes\u00fas Mar\u00eda, La Ca\u00f1ada, La Piedad, La Pradera, Los H\u00e9roes, Paseos del Marqu\u00e9s, Real Solare, San Isidro Miranda y San Jos\u00e9 de Navajas.<\/p>\n<p>Las clases ense\u00f1aron a detectar se\u00f1ales de riesgo y problemas de salud mental desde temprano. El objetivo es que los menores aprendan a cuidar su salud y a convivir mejor. Mart\u00ednez Guevara dijo que los ni\u00f1os salen con herramientas para manejar sus emociones.<\/p>\n<p>Rafael Jim\u00e9nez L\u00f3pez, director del Centro Vive, se\u00f1al\u00f3 que El Marqu\u00e9s ofrece m\u00e1s cursos de verano que cualquier otro municipio de Quer\u00e9taro. Agradeci\u00f3 a la Unidad de Servicios Para la Educaci\u00f3n B\u00e1sica por prestar las escuelas para estas actividades.<\/p>\n","protected":false},"excerpt":{"rendered":"<p>M\u00e1s de 900 ni\u00f1as y ni\u00f1os terminaron los cursos &#8220;Vive el Verano 2026&#8221; en El&#8230;<\/p>\n","protected":false},"author":5,"featured_media":4937,"comment_status":"open","ping_status":"open","sticky":false,"template":"","format":"standard","meta":{"om_disable_all_campaigns":false,"_monsterinsights_skip_tracking":false,"footnotes":"","jetpack_publicize_message":"","jetpack_publicize_feature_enabled":true,"jetpack_social_post_already_shared":true,"jetpack_social_options":{"image_generator_settings":{"template":"highway","default_image_id":0,"font":"","enabled":false},"version":2}},"categories":[1,70],"tags":[3267,2353,1965,2030],"class_list":["post-4938","post","type-post","status-publish","format-standard","has-post-thumbnail","hentry","category-blog","category-destacado","tag-cursos-de-verano","tag-infancia","tag-prevencion","tag-salud-mental"],"aioseo_notices":[],"aioseo_head":"\n\t\t<!-- All in One SEO 5.0.1.1 - aioseo.com -->\n\t<meta name=\"description\" content=\"M\u00e1s de 900 ni\u00f1as y ni\u00f1os terminaron los cursos &quot;Vive el Verano 2026&quot; en El Marqu\u00e9s. Claudia Mart\u00ednez Guevara, coordinadora de Gabinete Municipal, cerr\u00f3 la segunda etapa en nombre del presidente Rodrigo Monsalvo. El programa us\u00f3 10 sedes: Amazcala, Jes\u00fas Mar\u00eda, La Ca\u00f1ada, La Piedad, La Pradera, Los H\u00e9roes, Paseos del Marqu\u00e9s, Real Solare, San\" \/>\n\t<meta name=\"robots\" content=\"max-image-preview:large\" \/>\n\t<meta name=\"author\" content=\"Staff\"\/>\n\t<link rel=\"canonical\" href=\"https:\/\/elprogresivo.mx\/index.php\/2026\/08\/25\/900-ninos-cerraron-cursos-de-verano-en-el-marques\/\" \/>\n\t<meta name=\"generator\" content=\"All in One SEO (AIOSEO) 5.0.1.1\" \/>\n\t\t<meta property=\"og:locale\" content=\"es_MX\" \/>\n\t\t<meta property=\"og:site_name\" content=\"elprogresivo.mx - Construimos una nueva etapa en informaci\u00f3n\" \/>\n\t\t<meta property=\"og:type\" content=\"article\" \/>\n\t\t<meta property=\"og:title\" content=\"900 ni\u00f1os cerraron cursos de verano en El Marqu\u00e9s - elprogresivo.mx\" \/>\n\t\t<meta property=\"og:description\" content=\"M\u00e1s de 900 ni\u00f1as y ni\u00f1os terminaron los cursos &quot;Vive el Verano 2026&quot; en El Marqu\u00e9s. Claudia Mart\u00ednez Guevara, coordinadora de Gabinete Municipal, cerr\u00f3 la segunda etapa en nombre del presidente Rodrigo Monsalvo. El programa us\u00f3 10 sedes: Amazcala, Jes\u00fas Mar\u00eda, La Ca\u00f1ada, La Piedad, La Pradera, Los H\u00e9roes, Paseos del Marqu\u00e9s, Real Solare, San\" \/>\n\t\t<meta property=\"og:url\" content=\"https:\/\/elprogresivo.mx\/index.php\/2026\/08\/25\/900-ninos-cerraron-cursos-de-verano-en-el-marques\/\" \/>\n\t\t<meta property=\"og:image\" content=\"https:\/\/elprogresivo.mx\/wp-content\/uploads\/2024\/02\/cropped-LogoBlanco.png\" \/>\n\t\t<meta property=\"og:image:secure_url\" content=\"https:\/\/elprogresivo.mx\/wp-content\/uploads\/2024\/02\/cropped-LogoBlanco.png\" \/>\n\t\t<meta property=\"article:published_time\" content=\"2026-08-25T19:36:03+00:00\" \/>\n\t\t<meta property=\"article:modified_time\" content=\"2026-08-25T19:36:03+00:00\" \/>\n\t\t<meta name=\"twitter:card\" content=\"summary_large_image\" \/>\n\t\t<meta name=\"twitter:title\" content=\"900 ni\u00f1os cerraron cursos de verano en El Marqu\u00e9s - elprogresivo.mx\" \/>\n\t\t<meta name=\"twitter:description\" content=\"M\u00e1s de 900 ni\u00f1as y ni\u00f1os terminaron los cursos &quot;Vive el Verano 2026&quot; en El Marqu\u00e9s. Claudia Mart\u00ednez Guevara, coordinadora de Gabinete Municipal, cerr\u00f3 la segunda etapa en nombre del presidente Rodrigo Monsalvo. El programa us\u00f3 10 sedes: Amazcala, Jes\u00fas Mar\u00eda, La Ca\u00f1ada, La Piedad, La Pradera, Los H\u00e9roes, Paseos del Marqu\u00e9s, Real Solare, San\" \/>\n\t\t<meta name=\"twitter:image\" content=\"https:\/\/elprogresivo.mx\/wp-content\/uploads\/2024\/02\/cropped-LogoBlanco.png\" \/>\n\t\t<script type=\"application\/ld+json\" class=\"aioseo-schema\">\n\t\t\t{\"@context\":\"https:\\\/\\\/schema.org\",\"@graph\":[{\"@type\":\"BlogPosting\",\"@id\":\"https:\\\/\\\/elprogresivo.mx\\\/index.php\\\/2026\\\/08\\\/25\\\/900-ninos-cerraron-cursos-de-verano-en-el-marques\\\/#blogposting\",\"name\":\"900 ni\\u00f1os cerraron cursos de verano en El Marqu\\u00e9s - elprogresivo.mx\",\"headline\":\"900 ni\\u00f1os cerraron cursos de verano en El Marqu\\u00e9s\",\"author\":{\"@id\":\"https:\\\/\\\/elprogresivo.mx\\\/index.php\\\/author\\\/emmanuel-galvan\\\/#author\"},\"publisher\":{\"@id\":\"https:\\\/\\\/elprogresivo.mx\\\/#organization\"},\"image\":{\"@type\":\"ImageObject\",\"url\":\"https:\\\/\\\/elprogresivo.mx\\\/wp-content\\\/uploads\\\/2026\\\/09\\\/noticia_20260901135632-scaled.jpg\",\"width\":2560,\"height\":1920},\"datePublished\":\"2026-08-25T19:36:03+00:00\",\"dateModified\":\"2026-08-25T19:36:03+00:00\",\"inLanguage\":\"es-MX\",\"mainEntityOfPage\":{\"@id\":\"https:\\\/\\\/elprogresivo.mx\\\/index.php\\\/2026\\\/08\\\/25\\\/900-ninos-cerraron-cursos-de-verano-en-el-marques\\\/#webpage\"},\"isPartOf\":{\"@id\":\"https:\\\/\\\/elprogresivo.mx\\\/index.php\\\/2026\\\/08\\\/25\\\/900-ninos-cerraron-cursos-de-verano-en-el-marques\\\/#webpage\"},\"articleSection\":\"Blog, Destacado, Cursos de Verano, Infancia, Prevenci\\u00f3n, salud mental\"},{\"@type\":\"BreadcrumbList\",\"@id\":\"https:\\\/\\\/elprogresivo.mx\\\/index.php\\\/2026\\\/08\\\/25\\\/900-ninos-cerraron-cursos-de-verano-en-el-marques\\\/#breadcrumblist\",\"itemListElement\":[{\"@type\":\"ListItem\",\"@id\":\"https:\\\/\\\/elprogresivo.mx#listItem\",\"position\":1,\"name\":\"Home\",\"item\":\"https:\\\/\\\/elprogresivo.mx\",\"nextItem\":{\"@type\":\"ListItem\",\"@id\":\"https:\\\/\\\/elprogresivo.mx\\\/index.php\\\/category\\\/blog\\\/#listItem\",\"name\":\"Blog\"}},{\"@type\":\"ListItem\",\"@id\":\"https:\\\/\\\/elprogresivo.mx\\\/index.php\\\/category\\\/blog\\\/#listItem\",\"position\":2,\"name\":\"Blog\",\"item\":\"https:\\\/\\\/elprogresivo.mx\\\/index.php\\\/category\\\/blog\\\/\",\"nextItem\":{\"@type\":\"ListItem\",\"@id\":\"https:\\\/\\\/elprogresivo.mx\\\/index.php\\\/2026\\\/08\\\/25\\\/900-ninos-cerraron-cursos-de-verano-en-el-marques\\\/#listItem\",\"name\":\"900 ni\\u00f1os cerraron cursos de verano en El Marqu\\u00e9s\"},\"previousItem\":{\"@type\":\"ListItem\",\"@id\":\"https:\\\/\\\/elprogresivo.mx#listItem\",\"name\":\"Home\"}},{\"@type\":\"ListItem\",\"@id\":\"https:\\\/\\\/elprogresivo.mx\\\/index.php\\\/2026\\\/08\\\/25\\\/900-ninos-cerraron-cursos-de-verano-en-el-marques\\\/#listItem\",\"position\":3,\"name\":\"900 ni\\u00f1os cerraron cursos de verano en El Marqu\\u00e9s\",\"previousItem\":{\"@type\":\"ListItem\",\"@id\":\"https:\\\/\\\/elprogresivo.mx\\\/index.php\\\/category\\\/blog\\\/#listItem\",\"name\":\"Blog\"}}]},{\"@type\":\"Organization\",\"@id\":\"https:\\\/\\\/elprogresivo.mx\\\/#organization\",\"name\":\"elprogresivo.mx\",\"description\":\"Construimos una nueva etapa en informaci\\u00f3n\",\"url\":\"https:\\\/\\\/elprogresivo.mx\\\/\",\"logo\":{\"@type\":\"ImageObject\",\"url\":\"https:\\\/\\\/elprogresivo.mx\\\/wp-content\\\/uploads\\\/2024\\\/02\\\/cropped-LogoBlanco.png\",\"@id\":\"https:\\\/\\\/elprogresivo.mx\\\/index.php\\\/2026\\\/08\\\/25\\\/900-ninos-cerraron-cursos-de-verano-en-el-marques\\\/#organizationLogo\",\"width\":2096,\"height\":332},\"image\":{\"@id\":\"https:\\\/\\\/elprogresivo.mx\\\/index.php\\\/2026\\\/08\\\/25\\\/900-ninos-cerraron-cursos-de-verano-en-el-marques\\\/#organizationLogo\"}},{\"@type\":\"Person\",\"@id\":\"https:\\\/\\\/elprogresivo.mx\\\/index.php\\\/author\\\/emmanuel-galvan\\\/#author\",\"url\":\"https:\\\/\\\/elprogresivo.mx\\\/index.php\\\/author\\\/emmanuel-galvan\\\/\",\"name\":\"Staff\",\"image\":{\"@type\":\"ImageObject\",\"@id\":\"https:\\\/\\\/elprogresivo.mx\\\/index.php\\\/2026\\\/08\\\/25\\\/900-ninos-cerraron-cursos-de-verano-en-el-marques\\\/#authorImage\",\"url\":\"https:\\\/\\\/secure.gravatar.com\\\/avatar\\\/3bb87242634c3adf910515f41e6e392ab758b98c8ee7fd12a54fcb5270441486?s=96&d=mm&r=g\",\"width\":96,\"height\":96,\"caption\":\"Staff\"}},{\"@type\":\"WebPage\",\"@id\":\"https:\\\/\\\/elprogresivo.mx\\\/index.php\\\/2026\\\/08\\\/25\\\/900-ninos-cerraron-cursos-de-verano-en-el-marques\\\/#webpage\",\"url\":\"https:\\\/\\\/elprogresivo.mx\\\/index.php\\\/2026\\\/08\\\/25\\\/900-ninos-cerraron-cursos-de-verano-en-el-marques\\\/\",\"name\":\"900 ni\\u00f1os cerraron cursos de verano en El Marqu\\u00e9s - elprogresivo.mx\",\"description\":\"M\\u00e1s de 900 ni\\u00f1as y ni\\u00f1os terminaron los cursos \\\"Vive el Verano 2026\\\" en El Marqu\\u00e9s. Claudia Mart\\u00ednez Guevara, coordinadora de Gabinete Municipal, cerr\\u00f3 la segunda etapa en nombre del presidente Rodrigo Monsalvo. El programa us\\u00f3 10 sedes: Amazcala, Jes\\u00fas Mar\\u00eda, La Ca\\u00f1ada, La Piedad, La Pradera, Los H\\u00e9roes, Paseos del Marqu\\u00e9s, Real Solare, San\",\"inLanguage\":\"es-MX\",\"isPartOf\":{\"@id\":\"https:\\\/\\\/elprogresivo.mx\\\/#website\"},\"breadcrumb\":{\"@id\":\"https:\\\/\\\/elprogresivo.mx\\\/index.php\\\/2026\\\/08\\\/25\\\/900-ninos-cerraron-cursos-de-verano-en-el-marques\\\/#breadcrumblist\"},\"author\":{\"@id\":\"https:\\\/\\\/elprogresivo.mx\\\/index.php\\\/author\\\/emmanuel-galvan\\\/#author\"},\"creator\":{\"@id\":\"https:\\\/\\\/elprogresivo.mx\\\/index.php\\\/author\\\/emmanuel-galvan\\\/#author\"},\"image\":{\"@type\":\"ImageObject\",\"url\":\"https:\\\/\\\/elprogresivo.mx\\\/wp-content\\\/uploads\\\/2026\\\/09\\\/noticia_20260901135632-scaled.jpg\",\"@id\":\"https:\\\/\\\/elprogresivo.mx\\\/index.php\\\/2026\\\/08\\\/25\\\/900-ninos-cerraron-cursos-de-verano-en-el-marques\\\/#mainImage\",\"width\":2560,\"height\":1920},\"primaryImageOfPage\":{\"@id\":\"https:\\\/\\\/elprogresivo.mx\\\/index.php\\\/2026\\\/08\\\/25\\\/900-ninos-cerraron-cursos-de-verano-en-el-marques\\\/#mainImage\"},\"datePublished\":\"2026-08-25T19:36:03+00:00\",\"dateModified\":\"2026-08-25T19:36:03+00:00\"},{\"@type\":\"WebSite\",\"@id\":\"https:\\\/\\\/elprogresivo.mx\\\/#website\",\"url\":\"https:\\\/\\\/elprogresivo.mx\\\/\",\"name\":\"elprogresivo.mx\",\"description\":\"Construimos una nueva etapa en informaci\\u00f3n\",\"inLanguage\":\"es-MX\",\"publisher\":{\"@id\":\"https:\\\/\\\/elprogresivo.mx\\\/#organization\"}}]}\n\t\t<\/script>\n\t\t<!-- All in One SEO -->\n\n","aioseo_head_json":{"title":"900 ni\u00f1os cerraron cursos de verano en El Marqu\u00e9s - elprogresivo.mx","description":"M\u00e1s de 900 ni\u00f1as y ni\u00f1os terminaron los cursos \"Vive el Verano 2026\" en El Marqu\u00e9s. Claudia Mart\u00ednez Guevara, coordinadora de Gabinete Municipal, cerr\u00f3 la segunda etapa en nombre del presidente Rodrigo Monsalvo. El programa us\u00f3 10 sedes: Amazcala, Jes\u00fas Mar\u00eda, La Ca\u00f1ada, La Piedad, La Pradera, Los H\u00e9roes, Paseos del Marqu\u00e9s, Real Solare, San","canonical_url":"https:\/\/elprogresivo.mx\/index.php\/2026\/08\/25\/900-ninos-cerraron-cursos-de-verano-en-el-marques\/","robots":"max-image-preview:large","keywords":"","webmasterTools":{"miscellaneous":""},"schema":{"@context":"https:\/\/schema.org","@graph":[{"@type":"BlogPosting","@id":"https:\/\/elprogresivo.mx\/index.php\/2026\/08\/25\/900-ninos-cerraron-cursos-de-verano-en-el-marques\/#blogposting","name":"900 ni\u00f1os cerraron cursos de verano en El Marqu\u00e9s - elprogresivo.mx","headline":"900 ni\u00f1os cerraron cursos de verano en El Marqu\u00e9s","author":{"@id":"https:\/\/elprogresivo.mx\/index.php\/author\/emmanuel-galvan\/#author"},"publisher":{"@id":"https:\/\/elprogresivo.mx\/#organization"},"image":{"@type":"ImageObject","url":"https:\/\/elprogresivo.mx\/wp-content\/uploads\/2026\/09\/noticia_20260901135632-scaled.jpg","width":2560,"height":1920},"datePublished":"2026-08-25T19:36:03+00:00","dateModified":"2026-08-25T19:36:03+00:00","inLanguage":"es-MX","mainEntityOfPage":{"@id":"https:\/\/elprogresivo.mx\/index.php\/2026\/08\/25\/900-ninos-cerraron-cursos-de-verano-en-el-marques\/#webpage"},"isPartOf":{"@id":"https:\/\/elprogresivo.mx\/index.php\/2026\/08\/25\/900-ninos-cerraron-cursos-de-verano-en-el-marques\/#webpage"},"articleSection":"Blog, Destacado, Cursos de Verano, Infancia, Prevenci\u00f3n, salud mental"},{"@type":"BreadcrumbList","@id":"https:\/\/elprogresivo.mx\/index.php\/2026\/08\/25\/900-ninos-cerraron-cursos-de-verano-en-el-marques\/#breadcrumblist","itemListElement":[{"@type":"ListItem","@id":"https:\/\/elprogresivo.mx#listItem","position":1,"name":"Home","item":"https:\/\/elprogresivo.mx","nextItem":{"@type":"ListItem","@id":"https:\/\/elprogresivo.mx\/index.php\/category\/blog\/#listItem","name":"Blog"}},{"@type":"ListItem","@id":"https:\/\/elprogresivo.mx\/index.php\/category\/blog\/#listItem","position":2,"name":"Blog","item":"https:\/\/elprogresivo.mx\/index.php\/category\/blog\/","nextItem":{"@type":"ListItem","@id":"https:\/\/elprogresivo.mx\/index.php\/2026\/08\/25\/900-ninos-cerraron-cursos-de-verano-en-el-marques\/#listItem","name":"900 ni\u00f1os cerraron cursos de verano en El Marqu\u00e9s"},"previousItem":{"@type":"ListItem","@id":"https:\/\/elprogresivo.mx#listItem","name":"Home"}},{"@type":"ListItem","@id":"https:\/\/elprogresivo.mx\/index.php\/2026\/08\/25\/900-ninos-cerraron-cursos-de-verano-en-el-marques\/#listItem","position":3,"name":"900 ni\u00f1os cerraron cursos de verano en El Marqu\u00e9s","previousItem":{"@type":"ListItem","@id":"https:\/\/elprogresivo.mx\/index.php\/category\/blog\/#listItem","name":"Blog"}}]},{"@type":"Organization","@id":"https:\/\/elprogresivo.mx\/#organization","name":"elprogresivo.mx","description":"Construimos una nueva etapa en informaci\u00f3n","url":"https:\/\/elprogresivo.mx\/","logo":{"@type":"ImageObject","url":"https:\/\/elprogresivo.mx\/wp-content\/uploads\/2024\/02\/cropped-LogoBlanco.png","@id":"https:\/\/elprogresivo.mx\/index.php\/2026\/08\/25\/900-ninos-cerraron-cursos-de-verano-en-el-marques\/#organizationLogo","width":2096,"height":332},"image":{"@id":"https:\/\/elprogresivo.mx\/index.php\/2026\/08\/25\/900-ninos-cerraron-cursos-de-verano-en-el-marques\/#organizationLogo"}},{"@type":"Person","@id":"https:\/\/elprogresivo.mx\/index.php\/author\/emmanuel-galvan\/#author","url":"https:\/\/elprogresivo.mx\/index.php\/author\/emmanuel-galvan\/","name":"Staff","image":{"@type":"ImageObject","@id":"https:\/\/elprogresivo.mx\/index.php\/2026\/08\/25\/900-ninos-cerraron-cursos-de-verano-en-el-marques\/#authorImage","url":"https:\/\/secure.gravatar.com\/avatar\/3bb87242634c3adf910515f41e6e392ab758b98c8ee7fd12a54fcb5270441486?s=96&d=mm&r=g","width":96,"height":96,"caption":"Staff"}},{"@type":"WebPage","@id":"https:\/\/elprogresivo.mx\/index.php\/2026\/08\/25\/900-ninos-cerraron-cursos-de-verano-en-el-marques\/#webpage","url":"https:\/\/elprogresivo.mx\/index.php\/2026\/08\/25\/900-ninos-cerraron-cursos-de-verano-en-el-marques\/","name":"900 ni\u00f1os cerraron cursos de verano en El Marqu\u00e9s - elprogresivo.mx","description":"M\u00e1s de 900 ni\u00f1as y ni\u00f1os terminaron los cursos \"Vive el Verano 2026\" en El Marqu\u00e9s. Claudia Mart\u00ednez Guevara, coordinadora de Gabinete Municipal, cerr\u00f3 la segunda etapa en nombre del presidente Rodrigo Monsalvo. El programa us\u00f3 10 sedes: Amazcala, Jes\u00fas Mar\u00eda, La Ca\u00f1ada, La Piedad, La Pradera, Los H\u00e9roes, Paseos del Marqu\u00e9s, Real Solare, San","inLanguage":"es-MX","isPartOf":{"@id":"https:\/\/elprogresivo.mx\/#website"},"breadcrumb":{"@id":"https:\/\/elprogresivo.mx\/index.php\/2026\/08\/25\/900-ninos-cerraron-cursos-de-verano-en-el-marques\/#breadcrumblist"},"author":{"@id":"https:\/\/elprogresivo.mx\/index.php\/author\/emmanuel-galvan\/#author"},"creator":{"@id":"https:\/\/elprogresivo.mx\/index.php\/author\/emmanuel-galvan\/#author"},"image":{"@type":"ImageObject","url":"https:\/\/elprogresivo.mx\/wp-content\/uploads\/2026\/09\/noticia_20260901135632-scaled.jpg","@id":"https:\/\/elprogresivo.mx\/index.php\/2026\/08\/25\/900-ninos-cerraron-cursos-de-verano-en-el-marques\/#mainImage","width":2560,"height":1920},"primaryImageOfPage":{"@id":"https:\/\/elprogresivo.mx\/index.php\/2026\/08\/25\/900-ninos-cerraron-cursos-de-verano-en-el-marques\/#mainImage"},"datePublished":"2026-08-25T19:36:03+00:00","dateModified":"2026-08-25T19:36:03+00:00"},{"@type":"WebSite","@id":"https:\/\/elprogresivo.mx\/#website","url":"https:\/\/elprogresivo.mx\/","name":"elprogresivo.mx","description":"Construimos una nueva etapa en informaci\u00f3n","inLanguage":"es-MX","publisher":{"@id":"https:\/\/elprogresivo.mx\/#organization"}}]},"og:locale":"es_MX","og:site_name":"elprogresivo.mx - Construimos una nueva etapa en informaci\u00f3n","og:type":"article","og:title":"900 ni\u00f1os cerraron cursos de verano en El Marqu\u00e9s - elprogresivo.mx","og:description":"M\u00e1s de 900 ni\u00f1as y ni\u00f1os terminaron los cursos &quot;Vive el Verano 2026&quot; en El Marqu\u00e9s. Claudia Mart\u00ednez Guevara, coordinadora de Gabinete Municipal, cerr\u00f3 la segunda etapa en nombre del presidente Rodrigo Monsalvo. El programa us\u00f3 10 sedes: Amazcala, Jes\u00fas Mar\u00eda, La Ca\u00f1ada, La Piedad, La Pradera, Los H\u00e9roes, Paseos del Marqu\u00e9s, Real Solare, San","og:url":"https:\/\/elprogresivo.mx\/index.php\/2026\/08\/25\/900-ninos-cerraron-cursos-de-verano-en-el-marques\/","og:image":"https:\/\/elprogresivo.mx\/wp-content\/uploads\/2024\/02\/cropped-LogoBlanco.png","og:image:secure_url":"https:\/\/elprogresivo.mx\/wp-content\/uploads\/2024\/02\/cropped-LogoBlanco.png","article:published_time":"2026-08-25T19:36:03+00:00","article:modified_time":"2026-08-25T19:36:03+00:00","twitter:card":"summary_large_image","twitter:title":"900 ni\u00f1os cerraron cursos de verano en El Marqu\u00e9s - elprogresivo.mx","twitter:description":"M\u00e1s de 900 ni\u00f1as y ni\u00f1os terminaron los cursos &quot;Vive el Verano 2026&quot; en El Marqu\u00e9s. Claudia Mart\u00ednez Guevara, coordinadora de Gabinete Municipal, cerr\u00f3 la segunda etapa en nombre del presidente Rodrigo Monsalvo. El programa us\u00f3 10 sedes: Amazcala, Jes\u00fas Mar\u00eda, La Ca\u00f1ada, La Piedad, La Pradera, Los H\u00e9roes, Paseos del Marqu\u00e9s, Real Solare, San","twitter:image":"https:\/\/elprogresivo.mx\/wp-content\/uploads\/2024\/02\/cropped-LogoBlanco.png"},"aioseo_meta_data":{"post_id":"4938","title":null,"description":null,"keywords":null,"keyphrases":null,"primary_term":null,"canonical_url":null,"og_title":null,"og_description":null,"og_object_type":"default","og_image_type":"default","og_image_url":null,"og_image_width":null,"og_image_height":null,"og_image_custom_url":null,"og_image_custom_fields":null,"og_video":null,"og_custom_url":null,"og_article_section":null,"og_article_tags":null,"twitter_use_og":false,"twitter_card":"default","twitter_image_type":"default","twitter_image_url":null,"twitter_image_custom_url":null,"twitter_image_custom_fields":null,"twitter_title":null,"twitter_description":null,"schema":{"blockGraphs":[],"customGraphs":[],"default":{"data":{"Article":[],"Course":[],"Dataset":[],"FAQPage":[],"Movie":[],"Person":[],"Product":[],"ProductReview":[],"Car":[],"Recipe":[],"Service":[],"SoftwareApplication":[],"WebPage":[]},"graphName":"","isEnabled":true},"graphs":[]},"schema_type":"default","schema_type_options":null,"pillar_content":false,"robots_default":true,"robots_noindex":false,"robots_noarchive":false,"robots_nosnippet":false,"robots_nofollow":false,"robots_noimageindex":false,"robots_noodp":false,"robots_notranslate":false,"robots_max_snippet":null,"robots_max_videopreview":null,"robots_max_imagepreview":"large","priority":null,"frequency":null,"local_seo":null,"limit_modified_date":false,"created":"2026-09-01 19:57:46","updated":"2026-09-01 19:57:46","ai":null,"breadcrumb_settings":null,"seo_analyzer_scan_date":null,"focus_keyword":null,"additional_keywords":null,"truseo_locale":null},"aioseo_breadcrumb":"<div class=\"aioseo-breadcrumbs\"><span class=\"aioseo-breadcrumb\">\n\t\t\t<a href=\"https:\/\/elprogresivo.mx\" title=\"Home\">Home<\/a>\n\t\t<\/span><span class=\"aioseo-breadcrumb-separator\">&raquo;<\/span><span class=\"aioseo-breadcrumb\">\n\t\t\t<a href=\"https:\/\/elprogresivo.mx\/index.php\/category\/blog\/\" title=\"Blog\">Blog<\/a>\n\t\t<\/span><span class=\"aioseo-breadcrumb-separator\">&raquo;<\/span><span class=\"aioseo-breadcrumb\">\n\t\t\t900 ni\u00f1os cerraron cursos de verano en El Marqu\u00e9s\n\t\t<\/span><\/div>","aioseo_breadcrumb_json":[{"label":"Home","link":"https:\/\/elprogresivo.mx"},{"label":"Blog","link":"https:\/\/elprogresivo.mx\/index.php\/category\/blog\/"},{"label":"900 ni\u00f1os cerraron cursos de verano en El Marqu\u00e9s","link":"https:\/\/elprogresivo.mx\/index.php\/2026\/08\/25\/900-ninos-cerraron-cursos-de-verano-en-el-marques\/"}],"jetpack_publicize_connections":[],"_links":{"self":[{"href":"https:\/\/elprogresivo.mx\/index.php\/wp-json\/wp\/v2\/posts\/4938","targetHints":{"allow":["GET"]}}],"collection":[{"href":"https:\/\/elprogresivo.mx\/index.php\/wp-json\/wp\/v2\/posts"}],"about":[{"href":"https:\/\/elprogresivo.mx\/index.php\/wp-json\/wp\/v2\/types\/post"}],"author":[{"embeddable":true,"href":"https:\/\/elprogresivo.mx\/index.php\/wp-json\/wp\/v2\/users\/5"}],"replies":[{"embeddable":true,"href":"https:\/\/elprogresivo.mx\/index.php\/wp-json\/wp\/v2\/comments?post=4938"}],"version-history":[{"count":0,"href":"https:\/\/elprogresivo.mx\/index.php\/wp-json\/wp\/v2\/posts\/4938\/revisions"}],"wp:featuredmedia":[{"embeddable":true,"href":"https:\/\/elprogresivo.mx\/index.php\/wp-json\/wp\/v2\/media\/4937"}],"wp:attachment":[{"href":"https:\/\/elprogresivo.mx\/index.php\/wp-json\/wp\/v2\/media?parent=4938"}],"wp:term":[{"taxonomy":"category","embeddable":true,"href":"https:\/\/elprogresivo.mx\/index.php\/wp-json\/wp\/v2\/categories?post=4938"},{"taxonomy":"post_tag","embeddable":true,"href":"https:\/\/elprogresivo.mx\/index.php\/wp-json\/wp\/v2\/tags?post=4938"}],"curies":[{"name":"wp","href":"https:\/\/api.w.org\/{rel}","templated":true}]}}