{"id":4936,"date":"2026-08-25T11:00:00","date_gmt":"2026-08-25T11:00:00","guid":{"rendered":"https:\/\/elprogresivo.mx\/index.php\/2026\/08\/25\/donan-12-hectareas-a-fiqma-mas-de-345-millones-en-verde\/"},"modified":"2026-08-25T11:00:00","modified_gmt":"2026-08-25T11:00:00","slug":"donan-12-hectareas-a-fiqma-mas-de-345-millones-en-verde","status":"publish","type":"post","link":"https:\/\/elprogresivo.mx\/index.php\/2026\/08\/25\/donan-12-hectareas-a-fiqma-mas-de-345-millones-en-verde\/","title":{"rendered":"Donan 12 hect\u00e1reas a FIQMA: m\u00e1s de 345 millones en verde"},"content":{"rendered":"<p>El Ayuntamiento de Quer\u00e9taro aprob\u00f3 la donaci\u00f3n de 12.5 hect\u00e1reas al Fideicomiso Queretano para la Conservaci\u00f3n del Medio Ambiente (FIQMA). Los terrenos, valorados en m\u00e1s de 345 millones de pesos, se destinan a la conservaci\u00f3n ecol\u00f3gica.<\/p>\n<p>Los predios, ubicados al norte del fraccionamiento La Espiga y del anillo vial Fray Jun\u00edpero Serra, suman 125 mil metros cuadrados. Uno mide 122 mil metros cuadrados y el otro, 2 mil 439. Ambos est\u00e1n en la delegaci\u00f3n Epigmenio Gonz\u00e1lez.<\/p>\n<p>Esta medida beneficia a m\u00e1s de 16 mil 533 personas de las colonias aleda\u00f1as. Las \u00e1reas ayudar\u00e1n a captar agua, regular la temperatura y preservar ecosistemas, adem\u00e1s de servir para plantar \u00e1rboles.<\/p>\n<p>Con esto, el alcalde Felifer Mac\u00edas cumple su promesa de donar al menos un terreno en cada sesi\u00f3n de Cabildo para crear una capital verde.<\/p>\n<p>Tambi\u00e9n aprobaron otorgar pensiones por muerte a Teresa \u00c1vila Rivera y Cirina Mendoza Mendoza, beneficiarias de Albino Romero Rico y Victorino Navarrete Tobar.<\/p>\n<p>Finalmente, reconocieron a Pablo Mer\u00e9 Hidalgo por su labor educativa. Destacaron el rendimiento de seis j\u00f3venes que ganaron 13 medallas en la olimpiada de matem\u00e1ticas SIMOC 2026.<\/p>\n","protected":false},"excerpt":{"rendered":"<p>El Ayuntamiento de Quer\u00e9taro aprob\u00f3 la donaci\u00f3n de 12.5 hect\u00e1reas al Fideicomiso Queretano para la&#8230;<\/p>\n","protected":false},"author":5,"featured_media":4935,"comment_status":"open","ping_status":"open","sticky":false,"template":"","format":"standard","meta":{"om_disable_all_campaigns":false,"_monsterinsights_skip_tracking":false,"footnotes":"","jetpack_publicize_message":"","jetpack_publicize_feature_enabled":true,"jetpack_social_post_already_shared":true,"jetpack_social_options":{"image_generator_settings":{"template":"highway","default_image_id":0,"font":"","enabled":false},"version":2}},"categories":[1,70],"tags":[3266,2265,77,3134],"class_list":["post-4936","post","type-post","status-publish","format-standard","has-post-thumbnail","hentry","category-blog","category-destacado","tag-ambiente","tag-donaciones","tag-felifer-macias","tag-fiqma"],"aioseo_notices":[],"aioseo_head":"\n\t\t<!-- All in One SEO 5.0.1.1 - aioseo.com -->\n\t<meta name=\"description\" content=\"El Ayuntamiento de Quer\u00e9taro aprob\u00f3 la donaci\u00f3n de 12.5 hect\u00e1reas al Fideicomiso Queretano para la Conservaci\u00f3n del Medio Ambiente (FIQMA). Los terrenos, valorados en m\u00e1s de 345 millones de pesos, se destinan a la conservaci\u00f3n ecol\u00f3gica. Los predios, ubicados al norte del fraccionamiento La Espiga y del anillo vial Fray Jun\u00edpero Serra, suman 125 mil\" \/>\n\t<meta name=\"robots\" content=\"max-image-preview:large\" \/>\n\t<meta name=\"author\" content=\"Staff\"\/>\n\t<link rel=\"canonical\" href=\"https:\/\/elprogresivo.mx\/index.php\/2026\/08\/25\/donan-12-hectareas-a-fiqma-mas-de-345-millones-en-verde\/\" \/>\n\t<meta name=\"generator\" content=\"All in One SEO (AIOSEO) 5.0.1.1\" \/>\n\t\t<meta property=\"og:locale\" content=\"es_MX\" \/>\n\t\t<meta property=\"og:site_name\" content=\"elprogresivo.mx - Construimos una nueva etapa en informaci\u00f3n\" \/>\n\t\t<meta property=\"og:type\" content=\"article\" \/>\n\t\t<meta property=\"og:title\" content=\"Donan 12 hect\u00e1reas a FIQMA: m\u00e1s de 345 millones en verde - elprogresivo.mx\" \/>\n\t\t<meta property=\"og:description\" content=\"El Ayuntamiento de Quer\u00e9taro aprob\u00f3 la donaci\u00f3n de 12.5 hect\u00e1reas al Fideicomiso Queretano para la Conservaci\u00f3n del Medio Ambiente (FIQMA). Los terrenos, valorados en m\u00e1s de 345 millones de pesos, se destinan a la conservaci\u00f3n ecol\u00f3gica. Los predios, ubicados al norte del fraccionamiento La Espiga y del anillo vial Fray Jun\u00edpero Serra, suman 125 mil\" \/>\n\t\t<meta property=\"og:url\" content=\"https:\/\/elprogresivo.mx\/index.php\/2026\/08\/25\/donan-12-hectareas-a-fiqma-mas-de-345-millones-en-verde\/\" \/>\n\t\t<meta property=\"og:image\" content=\"https:\/\/elprogresivo.mx\/wp-content\/uploads\/2024\/02\/cropped-LogoBlanco.png\" \/>\n\t\t<meta property=\"og:image:secure_url\" content=\"https:\/\/elprogresivo.mx\/wp-content\/uploads\/2024\/02\/cropped-LogoBlanco.png\" \/>\n\t\t<meta property=\"article:published_time\" content=\"2026-08-25T11:00:00+00:00\" \/>\n\t\t<meta property=\"article:modified_time\" content=\"2026-08-25T11:00:00+00:00\" \/>\n\t\t<meta name=\"twitter:card\" content=\"summary_large_image\" \/>\n\t\t<meta name=\"twitter:title\" content=\"Donan 12 hect\u00e1reas a FIQMA: m\u00e1s de 345 millones en verde - elprogresivo.mx\" \/>\n\t\t<meta name=\"twitter:description\" content=\"El Ayuntamiento de Quer\u00e9taro aprob\u00f3 la donaci\u00f3n de 12.5 hect\u00e1reas al Fideicomiso Queretano para la Conservaci\u00f3n del Medio Ambiente (FIQMA). Los terrenos, valorados en m\u00e1s de 345 millones de pesos, se destinan a la conservaci\u00f3n ecol\u00f3gica. Los predios, ubicados al norte del fraccionamiento La Espiga y del anillo vial Fray Jun\u00edpero Serra, suman 125 mil\" \/>\n\t\t<meta name=\"twitter:image\" content=\"https:\/\/elprogresivo.mx\/wp-content\/uploads\/2024\/02\/cropped-LogoBlanco.png\" \/>\n\t\t<script type=\"application\/ld+json\" class=\"aioseo-schema\">\n\t\t\t{\"@context\":\"https:\\\/\\\/schema.org\",\"@graph\":[{\"@type\":\"BlogPosting\",\"@id\":\"https:\\\/\\\/elprogresivo.mx\\\/index.php\\\/2026\\\/08\\\/25\\\/donan-12-hectareas-a-fiqma-mas-de-345-millones-en-verde\\\/#blogposting\",\"name\":\"Donan 12 hect\\u00e1reas a FIQMA: m\\u00e1s de 345 millones en verde - elprogresivo.mx\",\"headline\":\"Donan 12 hect\\u00e1reas a FIQMA: m\\u00e1s de 345 millones en verde\",\"author\":{\"@id\":\"https:\\\/\\\/elprogresivo.mx\\\/index.php\\\/author\\\/emmanuel-galvan\\\/#author\"},\"publisher\":{\"@id\":\"https:\\\/\\\/elprogresivo.mx\\\/#organization\"},\"image\":{\"@type\":\"ImageObject\",\"url\":\"https:\\\/\\\/elprogresivo.mx\\\/wp-content\\\/uploads\\\/2026\\\/09\\\/noticia_20260901135558.jpg\",\"width\":1280,\"height\":854},\"datePublished\":\"2026-08-25T11:00:00+00:00\",\"dateModified\":\"2026-08-25T11:00:00+00:00\",\"inLanguage\":\"es-MX\",\"mainEntityOfPage\":{\"@id\":\"https:\\\/\\\/elprogresivo.mx\\\/index.php\\\/2026\\\/08\\\/25\\\/donan-12-hectareas-a-fiqma-mas-de-345-millones-en-verde\\\/#webpage\"},\"isPartOf\":{\"@id\":\"https:\\\/\\\/elprogresivo.mx\\\/index.php\\\/2026\\\/08\\\/25\\\/donan-12-hectareas-a-fiqma-mas-de-345-millones-en-verde\\\/#webpage\"},\"articleSection\":\"Blog, Destacado, Ambiente, donaciones, Felifer Mac\\u00edas, FIQMA\"},{\"@type\":\"BreadcrumbList\",\"@id\":\"https:\\\/\\\/elprogresivo.mx\\\/index.php\\\/2026\\\/08\\\/25\\\/donan-12-hectareas-a-fiqma-mas-de-345-millones-en-verde\\\/#breadcrumblist\",\"itemListElement\":[{\"@type\":\"ListItem\",\"@id\":\"https:\\\/\\\/elprogresivo.mx#listItem\",\"position\":1,\"name\":\"Home\",\"item\":\"https:\\\/\\\/elprogresivo.mx\",\"nextItem\":{\"@type\":\"ListItem\",\"@id\":\"https:\\\/\\\/elprogresivo.mx\\\/index.php\\\/category\\\/blog\\\/#listItem\",\"name\":\"Blog\"}},{\"@type\":\"ListItem\",\"@id\":\"https:\\\/\\\/elprogresivo.mx\\\/index.php\\\/category\\\/blog\\\/#listItem\",\"position\":2,\"name\":\"Blog\",\"item\":\"https:\\\/\\\/elprogresivo.mx\\\/index.php\\\/category\\\/blog\\\/\",\"nextItem\":{\"@type\":\"ListItem\",\"@id\":\"https:\\\/\\\/elprogresivo.mx\\\/index.php\\\/2026\\\/08\\\/25\\\/donan-12-hectareas-a-fiqma-mas-de-345-millones-en-verde\\\/#listItem\",\"name\":\"Donan 12 hect\\u00e1reas a FIQMA: m\\u00e1s de 345 millones en verde\"},\"previousItem\":{\"@type\":\"ListItem\",\"@id\":\"https:\\\/\\\/elprogresivo.mx#listItem\",\"name\":\"Home\"}},{\"@type\":\"ListItem\",\"@id\":\"https:\\\/\\\/elprogresivo.mx\\\/index.php\\\/2026\\\/08\\\/25\\\/donan-12-hectareas-a-fiqma-mas-de-345-millones-en-verde\\\/#listItem\",\"position\":3,\"name\":\"Donan 12 hect\\u00e1reas a FIQMA: m\\u00e1s de 345 millones en verde\",\"previousItem\":{\"@type\":\"ListItem\",\"@id\":\"https:\\\/\\\/elprogresivo.mx\\\/index.php\\\/category\\\/blog\\\/#listItem\",\"name\":\"Blog\"}}]},{\"@type\":\"Organization\",\"@id\":\"https:\\\/\\\/elprogresivo.mx\\\/#organization\",\"name\":\"elprogresivo.mx\",\"description\":\"Construimos una nueva etapa en informaci\\u00f3n\",\"url\":\"https:\\\/\\\/elprogresivo.mx\\\/\",\"logo\":{\"@type\":\"ImageObject\",\"url\":\"https:\\\/\\\/elprogresivo.mx\\\/wp-content\\\/uploads\\\/2024\\\/02\\\/cropped-LogoBlanco.png\",\"@id\":\"https:\\\/\\\/elprogresivo.mx\\\/index.php\\\/2026\\\/08\\\/25\\\/donan-12-hectareas-a-fiqma-mas-de-345-millones-en-verde\\\/#organizationLogo\",\"width\":2096,\"height\":332},\"image\":{\"@id\":\"https:\\\/\\\/elprogresivo.mx\\\/index.php\\\/2026\\\/08\\\/25\\\/donan-12-hectareas-a-fiqma-mas-de-345-millones-en-verde\\\/#organizationLogo\"}},{\"@type\":\"Person\",\"@id\":\"https:\\\/\\\/elprogresivo.mx\\\/index.php\\\/author\\\/emmanuel-galvan\\\/#author\",\"url\":\"https:\\\/\\\/elprogresivo.mx\\\/index.php\\\/author\\\/emmanuel-galvan\\\/\",\"name\":\"Staff\",\"image\":{\"@type\":\"ImageObject\",\"@id\":\"https:\\\/\\\/elprogresivo.mx\\\/index.php\\\/2026\\\/08\\\/25\\\/donan-12-hectareas-a-fiqma-mas-de-345-millones-en-verde\\\/#authorImage\",\"url\":\"https:\\\/\\\/secure.gravatar.com\\\/avatar\\\/3bb87242634c3adf910515f41e6e392ab758b98c8ee7fd12a54fcb5270441486?s=96&d=mm&r=g\",\"width\":96,\"height\":96,\"caption\":\"Staff\"}},{\"@type\":\"WebPage\",\"@id\":\"https:\\\/\\\/elprogresivo.mx\\\/index.php\\\/2026\\\/08\\\/25\\\/donan-12-hectareas-a-fiqma-mas-de-345-millones-en-verde\\\/#webpage\",\"url\":\"https:\\\/\\\/elprogresivo.mx\\\/index.php\\\/2026\\\/08\\\/25\\\/donan-12-hectareas-a-fiqma-mas-de-345-millones-en-verde\\\/\",\"name\":\"Donan 12 hect\\u00e1reas a FIQMA: m\\u00e1s de 345 millones en verde - elprogresivo.mx\",\"description\":\"El Ayuntamiento de Quer\\u00e9taro aprob\\u00f3 la donaci\\u00f3n de 12.5 hect\\u00e1reas al Fideicomiso Queretano para la Conservaci\\u00f3n del Medio Ambiente (FIQMA). Los terrenos, valorados en m\\u00e1s de 345 millones de pesos, se destinan a la conservaci\\u00f3n ecol\\u00f3gica. Los predios, ubicados al norte del fraccionamiento La Espiga y del anillo vial Fray Jun\\u00edpero Serra, suman 125 mil\",\"inLanguage\":\"es-MX\",\"isPartOf\":{\"@id\":\"https:\\\/\\\/elprogresivo.mx\\\/#website\"},\"breadcrumb\":{\"@id\":\"https:\\\/\\\/elprogresivo.mx\\\/index.php\\\/2026\\\/08\\\/25\\\/donan-12-hectareas-a-fiqma-mas-de-345-millones-en-verde\\\/#breadcrumblist\"},\"author\":{\"@id\":\"https:\\\/\\\/elprogresivo.mx\\\/index.php\\\/author\\\/emmanuel-galvan\\\/#author\"},\"creator\":{\"@id\":\"https:\\\/\\\/elprogresivo.mx\\\/index.php\\\/author\\\/emmanuel-galvan\\\/#author\"},\"image\":{\"@type\":\"ImageObject\",\"url\":\"https:\\\/\\\/elprogresivo.mx\\\/wp-content\\\/uploads\\\/2026\\\/09\\\/noticia_20260901135558.jpg\",\"@id\":\"https:\\\/\\\/elprogresivo.mx\\\/index.php\\\/2026\\\/08\\\/25\\\/donan-12-hectareas-a-fiqma-mas-de-345-millones-en-verde\\\/#mainImage\",\"width\":1280,\"height\":854},\"primaryImageOfPage\":{\"@id\":\"https:\\\/\\\/elprogresivo.mx\\\/index.php\\\/2026\\\/08\\\/25\\\/donan-12-hectareas-a-fiqma-mas-de-345-millones-en-verde\\\/#mainImage\"},\"datePublished\":\"2026-08-25T11:00:00+00:00\",\"dateModified\":\"2026-08-25T11:00:00+00:00\"},{\"@type\":\"WebSite\",\"@id\":\"https:\\\/\\\/elprogresivo.mx\\\/#website\",\"url\":\"https:\\\/\\\/elprogresivo.mx\\\/\",\"name\":\"elprogresivo.mx\",\"description\":\"Construimos una nueva etapa en informaci\\u00f3n\",\"inLanguage\":\"es-MX\",\"publisher\":{\"@id\":\"https:\\\/\\\/elprogresivo.mx\\\/#organization\"}}]}\n\t\t<\/script>\n\t\t<!-- All in One SEO -->\n\n","aioseo_head_json":{"title":"Donan 12 hect\u00e1reas a FIQMA: m\u00e1s de 345 millones en verde - elprogresivo.mx","description":"El Ayuntamiento de Quer\u00e9taro aprob\u00f3 la donaci\u00f3n de 12.5 hect\u00e1reas al Fideicomiso Queretano para la Conservaci\u00f3n del Medio Ambiente (FIQMA). Los terrenos, valorados en m\u00e1s de 345 millones de pesos, se destinan a la conservaci\u00f3n ecol\u00f3gica. Los predios, ubicados al norte del fraccionamiento La Espiga y del anillo vial Fray Jun\u00edpero Serra, suman 125 mil","canonical_url":"https:\/\/elprogresivo.mx\/index.php\/2026\/08\/25\/donan-12-hectareas-a-fiqma-mas-de-345-millones-en-verde\/","robots":"max-image-preview:large","keywords":"","webmasterTools":{"miscellaneous":""},"schema":{"@context":"https:\/\/schema.org","@graph":[{"@type":"BlogPosting","@id":"https:\/\/elprogresivo.mx\/index.php\/2026\/08\/25\/donan-12-hectareas-a-fiqma-mas-de-345-millones-en-verde\/#blogposting","name":"Donan 12 hect\u00e1reas a FIQMA: m\u00e1s de 345 millones en verde - elprogresivo.mx","headline":"Donan 12 hect\u00e1reas a FIQMA: m\u00e1s de 345 millones en verde","author":{"@id":"https:\/\/elprogresivo.mx\/index.php\/author\/emmanuel-galvan\/#author"},"publisher":{"@id":"https:\/\/elprogresivo.mx\/#organization"},"image":{"@type":"ImageObject","url":"https:\/\/elprogresivo.mx\/wp-content\/uploads\/2026\/09\/noticia_20260901135558.jpg","width":1280,"height":854},"datePublished":"2026-08-25T11:00:00+00:00","dateModified":"2026-08-25T11:00:00+00:00","inLanguage":"es-MX","mainEntityOfPage":{"@id":"https:\/\/elprogresivo.mx\/index.php\/2026\/08\/25\/donan-12-hectareas-a-fiqma-mas-de-345-millones-en-verde\/#webpage"},"isPartOf":{"@id":"https:\/\/elprogresivo.mx\/index.php\/2026\/08\/25\/donan-12-hectareas-a-fiqma-mas-de-345-millones-en-verde\/#webpage"},"articleSection":"Blog, Destacado, Ambiente, donaciones, Felifer Mac\u00edas, FIQMA"},{"@type":"BreadcrumbList","@id":"https:\/\/elprogresivo.mx\/index.php\/2026\/08\/25\/donan-12-hectareas-a-fiqma-mas-de-345-millones-en-verde\/#breadcrumblist","itemListElement":[{"@type":"ListItem","@id":"https:\/\/elprogresivo.mx#listItem","position":1,"name":"Home","item":"https:\/\/elprogresivo.mx","nextItem":{"@type":"ListItem","@id":"https:\/\/elprogresivo.mx\/index.php\/category\/blog\/#listItem","name":"Blog"}},{"@type":"ListItem","@id":"https:\/\/elprogresivo.mx\/index.php\/category\/blog\/#listItem","position":2,"name":"Blog","item":"https:\/\/elprogresivo.mx\/index.php\/category\/blog\/","nextItem":{"@type":"ListItem","@id":"https:\/\/elprogresivo.mx\/index.php\/2026\/08\/25\/donan-12-hectareas-a-fiqma-mas-de-345-millones-en-verde\/#listItem","name":"Donan 12 hect\u00e1reas a FIQMA: m\u00e1s de 345 millones en verde"},"previousItem":{"@type":"ListItem","@id":"https:\/\/elprogresivo.mx#listItem","name":"Home"}},{"@type":"ListItem","@id":"https:\/\/elprogresivo.mx\/index.php\/2026\/08\/25\/donan-12-hectareas-a-fiqma-mas-de-345-millones-en-verde\/#listItem","position":3,"name":"Donan 12 hect\u00e1reas a FIQMA: m\u00e1s de 345 millones en verde","previousItem":{"@type":"ListItem","@id":"https:\/\/elprogresivo.mx\/index.php\/category\/blog\/#listItem","name":"Blog"}}]},{"@type":"Organization","@id":"https:\/\/elprogresivo.mx\/#organization","name":"elprogresivo.mx","description":"Construimos una nueva etapa en informaci\u00f3n","url":"https:\/\/elprogresivo.mx\/","logo":{"@type":"ImageObject","url":"https:\/\/elprogresivo.mx\/wp-content\/uploads\/2024\/02\/cropped-LogoBlanco.png","@id":"https:\/\/elprogresivo.mx\/index.php\/2026\/08\/25\/donan-12-hectareas-a-fiqma-mas-de-345-millones-en-verde\/#organizationLogo","width":2096,"height":332},"image":{"@id":"https:\/\/elprogresivo.mx\/index.php\/2026\/08\/25\/donan-12-hectareas-a-fiqma-mas-de-345-millones-en-verde\/#organizationLogo"}},{"@type":"Person","@id":"https:\/\/elprogresivo.mx\/index.php\/author\/emmanuel-galvan\/#author","url":"https:\/\/elprogresivo.mx\/index.php\/author\/emmanuel-galvan\/","name":"Staff","image":{"@type":"ImageObject","@id":"https:\/\/elprogresivo.mx\/index.php\/2026\/08\/25\/donan-12-hectareas-a-fiqma-mas-de-345-millones-en-verde\/#authorImage","url":"https:\/\/secure.gravatar.com\/avatar\/3bb87242634c3adf910515f41e6e392ab758b98c8ee7fd12a54fcb5270441486?s=96&d=mm&r=g","width":96,"height":96,"caption":"Staff"}},{"@type":"WebPage","@id":"https:\/\/elprogresivo.mx\/index.php\/2026\/08\/25\/donan-12-hectareas-a-fiqma-mas-de-345-millones-en-verde\/#webpage","url":"https:\/\/elprogresivo.mx\/index.php\/2026\/08\/25\/donan-12-hectareas-a-fiqma-mas-de-345-millones-en-verde\/","name":"Donan 12 hect\u00e1reas a FIQMA: m\u00e1s de 345 millones en verde - elprogresivo.mx","description":"El Ayuntamiento de Quer\u00e9taro aprob\u00f3 la donaci\u00f3n de 12.5 hect\u00e1reas al Fideicomiso Queretano para la Conservaci\u00f3n del Medio Ambiente (FIQMA). Los terrenos, valorados en m\u00e1s de 345 millones de pesos, se destinan a la conservaci\u00f3n ecol\u00f3gica. Los predios, ubicados al norte del fraccionamiento La Espiga y del anillo vial Fray Jun\u00edpero Serra, suman 125 mil","inLanguage":"es-MX","isPartOf":{"@id":"https:\/\/elprogresivo.mx\/#website"},"breadcrumb":{"@id":"https:\/\/elprogresivo.mx\/index.php\/2026\/08\/25\/donan-12-hectareas-a-fiqma-mas-de-345-millones-en-verde\/#breadcrumblist"},"author":{"@id":"https:\/\/elprogresivo.mx\/index.php\/author\/emmanuel-galvan\/#author"},"creator":{"@id":"https:\/\/elprogresivo.mx\/index.php\/author\/emmanuel-galvan\/#author"},"image":{"@type":"ImageObject","url":"https:\/\/elprogresivo.mx\/wp-content\/uploads\/2026\/09\/noticia_20260901135558.jpg","@id":"https:\/\/elprogresivo.mx\/index.php\/2026\/08\/25\/donan-12-hectareas-a-fiqma-mas-de-345-millones-en-verde\/#mainImage","width":1280,"height":854},"primaryImageOfPage":{"@id":"https:\/\/elprogresivo.mx\/index.php\/2026\/08\/25\/donan-12-hectareas-a-fiqma-mas-de-345-millones-en-verde\/#mainImage"},"datePublished":"2026-08-25T11:00:00+00:00","dateModified":"2026-08-25T11:00:00+00:00"},{"@type":"WebSite","@id":"https:\/\/elprogresivo.mx\/#website","url":"https:\/\/elprogresivo.mx\/","name":"elprogresivo.mx","description":"Construimos una nueva etapa en informaci\u00f3n","inLanguage":"es-MX","publisher":{"@id":"https:\/\/elprogresivo.mx\/#organization"}}]},"og:locale":"es_MX","og:site_name":"elprogresivo.mx - Construimos una nueva etapa en informaci\u00f3n","og:type":"article","og:title":"Donan 12 hect\u00e1reas a FIQMA: m\u00e1s de 345 millones en verde - elprogresivo.mx","og:description":"El Ayuntamiento de Quer\u00e9taro aprob\u00f3 la donaci\u00f3n de 12.5 hect\u00e1reas al Fideicomiso Queretano para la Conservaci\u00f3n del Medio Ambiente (FIQMA). Los terrenos, valorados en m\u00e1s de 345 millones de pesos, se destinan a la conservaci\u00f3n ecol\u00f3gica. Los predios, ubicados al norte del fraccionamiento La Espiga y del anillo vial Fray Jun\u00edpero Serra, suman 125 mil","og:url":"https:\/\/elprogresivo.mx\/index.php\/2026\/08\/25\/donan-12-hectareas-a-fiqma-mas-de-345-millones-en-verde\/","og:image":"https:\/\/elprogresivo.mx\/wp-content\/uploads\/2024\/02\/cropped-LogoBlanco.png","og:image:secure_url":"https:\/\/elprogresivo.mx\/wp-content\/uploads\/2024\/02\/cropped-LogoBlanco.png","article:published_time":"2026-08-25T11:00:00+00:00","article:modified_time":"2026-08-25T11:00:00+00:00","twitter:card":"summary_large_image","twitter:title":"Donan 12 hect\u00e1reas a FIQMA: m\u00e1s de 345 millones en verde - elprogresivo.mx","twitter:description":"El Ayuntamiento de Quer\u00e9taro aprob\u00f3 la donaci\u00f3n de 12.5 hect\u00e1reas al Fideicomiso Queretano para la Conservaci\u00f3n del Medio Ambiente (FIQMA). Los terrenos, valorados en m\u00e1s de 345 millones de pesos, se destinan a la conservaci\u00f3n ecol\u00f3gica. Los predios, ubicados al norte del fraccionamiento La Espiga y del anillo vial Fray Jun\u00edpero Serra, suman 125 mil","twitter:image":"https:\/\/elprogresivo.mx\/wp-content\/uploads\/2024\/02\/cropped-LogoBlanco.png"},"aioseo_meta_data":{"post_id":"4936","title":null,"description":null,"keywords":null,"keyphrases":null,"primary_term":null,"canonical_url":null,"og_title":null,"og_description":null,"og_object_type":"default","og_image_type":"default","og_image_url":null,"og_image_width":null,"og_image_height":null,"og_image_custom_url":null,"og_image_custom_fields":null,"og_video":null,"og_custom_url":null,"og_article_section":null,"og_article_tags":null,"twitter_use_og":false,"twitter_card":"default","twitter_image_type":"default","twitter_image_url":null,"twitter_image_custom_url":null,"twitter_image_custom_fields":null,"twitter_title":null,"twitter_description":null,"schema":{"blockGraphs":[],"customGraphs":[],"default":{"data":{"Article":[],"Course":[],"Dataset":[],"FAQPage":[],"Movie":[],"Person":[],"Product":[],"ProductReview":[],"Car":[],"Recipe":[],"Service":[],"SoftwareApplication":[],"WebPage":[]},"graphName":"","isEnabled":true},"graphs":[]},"schema_type":"default","schema_type_options":null,"pillar_content":false,"robots_default":true,"robots_noindex":false,"robots_noarchive":false,"robots_nosnippet":false,"robots_nofollow":false,"robots_noimageindex":false,"robots_noodp":false,"robots_notranslate":false,"robots_max_snippet":null,"robots_max_videopreview":null,"robots_max_imagepreview":"large","priority":null,"frequency":null,"local_seo":null,"limit_modified_date":false,"created":"2026-09-01 19:57:46","updated":"2026-09-01 19:57:46","ai":null,"breadcrumb_settings":null,"seo_analyzer_scan_date":null,"focus_keyword":null,"additional_keywords":null,"truseo_locale":null},"aioseo_breadcrumb":"<div class=\"aioseo-breadcrumbs\"><span class=\"aioseo-breadcrumb\">\n\t\t\t<a href=\"https:\/\/elprogresivo.mx\" title=\"Home\">Home<\/a>\n\t\t<\/span><span class=\"aioseo-breadcrumb-separator\">&raquo;<\/span><span class=\"aioseo-breadcrumb\">\n\t\t\t<a href=\"https:\/\/elprogresivo.mx\/index.php\/category\/blog\/\" title=\"Blog\">Blog<\/a>\n\t\t<\/span><span class=\"aioseo-breadcrumb-separator\">&raquo;<\/span><span class=\"aioseo-breadcrumb\">\n\t\t\tDonan 12 hect\u00e1reas a FIQMA: m\u00e1s de 345 millones en verde\n\t\t<\/span><\/div>","aioseo_breadcrumb_json":[{"label":"Home","link":"https:\/\/elprogresivo.mx"},{"label":"Blog","link":"https:\/\/elprogresivo.mx\/index.php\/category\/blog\/"},{"label":"Donan 12 hect\u00e1reas a FIQMA: m\u00e1s de 345 millones en verde","link":"https:\/\/elprogresivo.mx\/index.php\/2026\/08\/25\/donan-12-hectareas-a-fiqma-mas-de-345-millones-en-verde\/"}],"jetpack_publicize_connections":[],"_links":{"self":[{"href":"https:\/\/elprogresivo.mx\/index.php\/wp-json\/wp\/v2\/posts\/4936","targetHints":{"allow":["GET"]}}],"collection":[{"href":"https:\/\/elprogresivo.mx\/index.php\/wp-json\/wp\/v2\/posts"}],"about":[{"href":"https:\/\/elprogresivo.mx\/index.php\/wp-json\/wp\/v2\/types\/post"}],"author":[{"embeddable":true,"href":"https:\/\/elprogresivo.mx\/index.php\/wp-json\/wp\/v2\/users\/5"}],"replies":[{"embeddable":true,"href":"https:\/\/elprogresivo.mx\/index.php\/wp-json\/wp\/v2\/comments?post=4936"}],"version-history":[{"count":0,"href":"https:\/\/elprogresivo.mx\/index.php\/wp-json\/wp\/v2\/posts\/4936\/revisions"}],"wp:featuredmedia":[{"embeddable":true,"href":"https:\/\/elprogresivo.mx\/index.php\/wp-json\/wp\/v2\/media\/4935"}],"wp:attachment":[{"href":"https:\/\/elprogresivo.mx\/index.php\/wp-json\/wp\/v2\/media?parent=4936"}],"wp:term":[{"taxonomy":"category","embeddable":true,"href":"https:\/\/elprogresivo.mx\/index.php\/wp-json\/wp\/v2\/categories?post=4936"},{"taxonomy":"post_tag","embeddable":true,"href":"https:\/\/elprogresivo.mx\/index.php\/wp-json\/wp\/v2\/tags?post=4936"}],"curies":[{"name":"wp","href":"https:\/\/api.w.org\/{rel}","templated":true}]}}