{"id":4934,"date":"2026-08-26T09:00:00","date_gmt":"2026-08-26T09:00:00","guid":{"rendered":"https:\/\/elprogresivo.mx\/index.php\/2026\/08\/26\/macias-queretaro-sera-la-zona-metropolitana-mas-competitiva\/"},"modified":"2026-08-26T09:00:00","modified_gmt":"2026-08-26T09:00:00","slug":"macias-queretaro-sera-la-zona-metropolitana-mas-competitiva","status":"publish","type":"post","link":"https:\/\/elprogresivo.mx\/index.php\/2026\/08\/26\/macias-queretaro-sera-la-zona-metropolitana-mas-competitiva\/","title":{"rendered":"Mac\u00edas: Quer\u00e9taro ser\u00e1 la zona metropolitana m\u00e1s competitiva"},"content":{"rendered":"<p>Felifer Mac\u00edas, presidente municipal de Quer\u00e9taro, afirma que la coordinaci\u00f3n entre los cuatro alcaldes metropolitanos busca hacer de esta regi\u00f3n la zona m\u00e1s competitiva del pa\u00eds. El mandatario habl\u00f3 as\u00ed durante el Foro de Vivienda 2026, organizado por la CANADEVI.<\/p>\n<p>Mac\u00edas explic\u00f3 que ya no basta con que cada municipio atraiga inversi\u00f3n por su cuenta. Los alcaldes de Corregidora, Quer\u00e9taro, Huimilpan y El Marqu\u00e9s dise\u00f1aron una estrategia conjunta. Seg\u00fan el presidente municipal, esta alianza permite atacar de frente los problemas de seguridad, movilidad y desarrollo urbano que enfrentan los habitantes de toda la zona.<\/p>\n<p>\u201cM\u00e1s all\u00e1 de pensar en una planeaci\u00f3n y en la atracci\u00f3n de inversi\u00f3n de manera aislada, creo que lo que hemos venido trabajando, es en una aut\u00e9ntica estrategia metropolitana, donde nos vamos acompa\u00f1ando para que la venta de la regi\u00f3n sea la misma, sea la m\u00e1s competitiva del pa\u00eds. Y eso es algo que no tiene precedentes, nunca se hab\u00eda hecho un trabajo en conjunto tan fuerte, tan bien dise\u00f1ado como lo hemos realizado los cuatro alcaldes metropolitanos, porque hoy entendemos que la regi\u00f3n implica que nuestros habitantes de Corregidora, de Quer\u00e9taro, de Huimilpan y de El Marqu\u00e9s, sufren los mismos problemas, tienen los mismos retos y se vuelve vital homologar los procesos, homologar muchas estrategias, no nada m\u00e1s en materia de desarrollo urbano, en materia de seguridad, en materia de movilidad, entre much\u00edsimas otras cosas\u201d, se\u00f1al\u00f3.<\/p>\n<p>Para dar certeza a quien compra o vende un terreno, el gobierno municipal usa el Sem\u00e1foro Inmobiliario. Esta herramienta marca con colores qu\u00e9 desarrollos cumplen las normas y cu\u00e1les tienen irregularidades. El objetivo es proteger a las familias que buscan una vivienda y premiar a los constructores que siguen la ley.<\/p>\n<p>En cuanto a los tr\u00e1mites, Mac\u00edas admiti\u00f3 que algunos procesos se alargan m\u00e1s de lo necesario. La administraci\u00f3n trabaja ahora con el sector privado y las dependencias estatales y federales para reducir los tiempos de respuesta. La meta es que las autorizaciones para nuevos proyectos se resuelvan m\u00e1s r\u00e1pido.<\/p>\n<p>El tema de la movilidad tambi\u00e9n est\u00e1 en la mesa. La llegada del Tren M\u00e9xico-Quer\u00e9taro obliga a repensar la ciudad. El presidente municipal se\u00f1al\u00f3 que se deben crear nuevos polos de desarrollo para distribuir el crecimiento y evitar que todo se concentre en un solo punto.<\/p>\n","protected":false},"excerpt":{"rendered":"<p>Felifer Mac\u00edas, presidente municipal de Quer\u00e9taro, afirma que la coordinaci\u00f3n entre los cuatro alcaldes metropolitanos&#8230;<\/p>\n","protected":false},"author":5,"featured_media":4933,"comment_status":"open","ping_status":"open","sticky":false,"template":"","format":"standard","meta":{"om_disable_all_campaigns":false,"_monsterinsights_skip_tracking":false,"footnotes":"","jetpack_publicize_message":"","jetpack_publicize_feature_enabled":true,"jetpack_social_post_already_shared":true,"jetpack_social_options":{"image_generator_settings":{"template":"highway","default_image_id":0,"font":"","enabled":false},"version":2}},"categories":[1,70],"tags":[77,2000,1979,66],"class_list":["post-4934","post","type-post","status-publish","format-standard","has-post-thumbnail","hentry","category-blog","category-destacado","tag-felifer-macias","tag-inversion","tag-movilidad","tag-zona-metropolitana"],"aioseo_notices":[],"aioseo_head":"\n\t\t<!-- All in One SEO 5.0.1.1 - aioseo.com -->\n\t<meta name=\"description\" content=\"Felifer Mac\u00edas, presidente municipal de Quer\u00e9taro, afirma que la coordinaci\u00f3n entre los cuatro alcaldes metropolitanos busca hacer de esta regi\u00f3n la zona m\u00e1s competitiva del pa\u00eds. El mandatario habl\u00f3 as\u00ed durante el Foro de Vivienda 2026, organizado por la CANADEVI. Mac\u00edas explic\u00f3 que ya no basta con que cada municipio atraiga inversi\u00f3n por su cuenta.\" \/>\n\t<meta name=\"robots\" content=\"max-image-preview:large\" \/>\n\t<meta name=\"author\" content=\"Staff\"\/>\n\t<link rel=\"canonical\" href=\"https:\/\/elprogresivo.mx\/index.php\/2026\/08\/26\/macias-queretaro-sera-la-zona-metropolitana-mas-competitiva\/\" \/>\n\t<meta name=\"generator\" content=\"All in One SEO (AIOSEO) 5.0.1.1\" \/>\n\t\t<meta property=\"og:locale\" content=\"es_MX\" \/>\n\t\t<meta property=\"og:site_name\" content=\"elprogresivo.mx - Construimos una nueva etapa en informaci\u00f3n\" \/>\n\t\t<meta property=\"og:type\" content=\"article\" \/>\n\t\t<meta property=\"og:title\" content=\"Mac\u00edas: Quer\u00e9taro ser\u00e1 la zona metropolitana m\u00e1s competitiva - elprogresivo.mx\" \/>\n\t\t<meta property=\"og:description\" content=\"Felifer Mac\u00edas, presidente municipal de Quer\u00e9taro, afirma que la coordinaci\u00f3n entre los cuatro alcaldes metropolitanos busca hacer de esta regi\u00f3n la zona m\u00e1s competitiva del pa\u00eds. El mandatario habl\u00f3 as\u00ed durante el Foro de Vivienda 2026, organizado por la CANADEVI. Mac\u00edas explic\u00f3 que ya no basta con que cada municipio atraiga inversi\u00f3n por su cuenta.\" \/>\n\t\t<meta property=\"og:url\" content=\"https:\/\/elprogresivo.mx\/index.php\/2026\/08\/26\/macias-queretaro-sera-la-zona-metropolitana-mas-competitiva\/\" \/>\n\t\t<meta property=\"og:image\" content=\"https:\/\/elprogresivo.mx\/wp-content\/uploads\/2024\/02\/cropped-LogoBlanco.png\" \/>\n\t\t<meta property=\"og:image:secure_url\" content=\"https:\/\/elprogresivo.mx\/wp-content\/uploads\/2024\/02\/cropped-LogoBlanco.png\" \/>\n\t\t<meta property=\"article:published_time\" content=\"2026-08-26T09:00:00+00:00\" \/>\n\t\t<meta property=\"article:modified_time\" content=\"2026-08-26T09:00:00+00:00\" \/>\n\t\t<meta name=\"twitter:card\" content=\"summary_large_image\" \/>\n\t\t<meta name=\"twitter:title\" content=\"Mac\u00edas: Quer\u00e9taro ser\u00e1 la zona metropolitana m\u00e1s competitiva - elprogresivo.mx\" \/>\n\t\t<meta name=\"twitter:description\" content=\"Felifer Mac\u00edas, presidente municipal de Quer\u00e9taro, afirma que la coordinaci\u00f3n entre los cuatro alcaldes metropolitanos busca hacer de esta regi\u00f3n la zona m\u00e1s competitiva del pa\u00eds. El mandatario habl\u00f3 as\u00ed durante el Foro de Vivienda 2026, organizado por la CANADEVI. Mac\u00edas explic\u00f3 que ya no basta con que cada municipio atraiga inversi\u00f3n por su cuenta.\" \/>\n\t\t<meta name=\"twitter:image\" content=\"https:\/\/elprogresivo.mx\/wp-content\/uploads\/2024\/02\/cropped-LogoBlanco.png\" \/>\n\t\t<script type=\"application\/ld+json\" class=\"aioseo-schema\">\n\t\t\t{\"@context\":\"https:\\\/\\\/schema.org\",\"@graph\":[{\"@type\":\"BlogPosting\",\"@id\":\"https:\\\/\\\/elprogresivo.mx\\\/index.php\\\/2026\\\/08\\\/26\\\/macias-queretaro-sera-la-zona-metropolitana-mas-competitiva\\\/#blogposting\",\"name\":\"Mac\\u00edas: Quer\\u00e9taro ser\\u00e1 la zona metropolitana m\\u00e1s competitiva - elprogresivo.mx\",\"headline\":\"Mac\\u00edas: Quer\\u00e9taro ser\\u00e1 la zona metropolitana m\\u00e1s competitiva\",\"author\":{\"@id\":\"https:\\\/\\\/elprogresivo.mx\\\/index.php\\\/author\\\/emmanuel-galvan\\\/#author\"},\"publisher\":{\"@id\":\"https:\\\/\\\/elprogresivo.mx\\\/#organization\"},\"image\":{\"@type\":\"ImageObject\",\"url\":\"https:\\\/\\\/elprogresivo.mx\\\/wp-content\\\/uploads\\\/2026\\\/09\\\/noticia_20260901135540.jpg\",\"width\":1280,\"height\":854},\"datePublished\":\"2026-08-26T09:00:00+00:00\",\"dateModified\":\"2026-08-26T09:00:00+00:00\",\"inLanguage\":\"es-MX\",\"mainEntityOfPage\":{\"@id\":\"https:\\\/\\\/elprogresivo.mx\\\/index.php\\\/2026\\\/08\\\/26\\\/macias-queretaro-sera-la-zona-metropolitana-mas-competitiva\\\/#webpage\"},\"isPartOf\":{\"@id\":\"https:\\\/\\\/elprogresivo.mx\\\/index.php\\\/2026\\\/08\\\/26\\\/macias-queretaro-sera-la-zona-metropolitana-mas-competitiva\\\/#webpage\"},\"articleSection\":\"Blog, Destacado, Felifer Mac\\u00edas, Inversi\\u00f3n, movilidad, Zona Metropolitana\"},{\"@type\":\"BreadcrumbList\",\"@id\":\"https:\\\/\\\/elprogresivo.mx\\\/index.php\\\/2026\\\/08\\\/26\\\/macias-queretaro-sera-la-zona-metropolitana-mas-competitiva\\\/#breadcrumblist\",\"itemListElement\":[{\"@type\":\"ListItem\",\"@id\":\"https:\\\/\\\/elprogresivo.mx#listItem\",\"position\":1,\"name\":\"Home\",\"item\":\"https:\\\/\\\/elprogresivo.mx\",\"nextItem\":{\"@type\":\"ListItem\",\"@id\":\"https:\\\/\\\/elprogresivo.mx\\\/index.php\\\/category\\\/blog\\\/#listItem\",\"name\":\"Blog\"}},{\"@type\":\"ListItem\",\"@id\":\"https:\\\/\\\/elprogresivo.mx\\\/index.php\\\/category\\\/blog\\\/#listItem\",\"position\":2,\"name\":\"Blog\",\"item\":\"https:\\\/\\\/elprogresivo.mx\\\/index.php\\\/category\\\/blog\\\/\",\"nextItem\":{\"@type\":\"ListItem\",\"@id\":\"https:\\\/\\\/elprogresivo.mx\\\/index.php\\\/2026\\\/08\\\/26\\\/macias-queretaro-sera-la-zona-metropolitana-mas-competitiva\\\/#listItem\",\"name\":\"Mac\\u00edas: Quer\\u00e9taro ser\\u00e1 la zona metropolitana m\\u00e1s competitiva\"},\"previousItem\":{\"@type\":\"ListItem\",\"@id\":\"https:\\\/\\\/elprogresivo.mx#listItem\",\"name\":\"Home\"}},{\"@type\":\"ListItem\",\"@id\":\"https:\\\/\\\/elprogresivo.mx\\\/index.php\\\/2026\\\/08\\\/26\\\/macias-queretaro-sera-la-zona-metropolitana-mas-competitiva\\\/#listItem\",\"position\":3,\"name\":\"Mac\\u00edas: Quer\\u00e9taro ser\\u00e1 la zona metropolitana m\\u00e1s competitiva\",\"previousItem\":{\"@type\":\"ListItem\",\"@id\":\"https:\\\/\\\/elprogresivo.mx\\\/index.php\\\/category\\\/blog\\\/#listItem\",\"name\":\"Blog\"}}]},{\"@type\":\"Organization\",\"@id\":\"https:\\\/\\\/elprogresivo.mx\\\/#organization\",\"name\":\"elprogresivo.mx\",\"description\":\"Construimos una nueva etapa en informaci\\u00f3n\",\"url\":\"https:\\\/\\\/elprogresivo.mx\\\/\",\"logo\":{\"@type\":\"ImageObject\",\"url\":\"https:\\\/\\\/elprogresivo.mx\\\/wp-content\\\/uploads\\\/2024\\\/02\\\/cropped-LogoBlanco.png\",\"@id\":\"https:\\\/\\\/elprogresivo.mx\\\/index.php\\\/2026\\\/08\\\/26\\\/macias-queretaro-sera-la-zona-metropolitana-mas-competitiva\\\/#organizationLogo\",\"width\":2096,\"height\":332},\"image\":{\"@id\":\"https:\\\/\\\/elprogresivo.mx\\\/index.php\\\/2026\\\/08\\\/26\\\/macias-queretaro-sera-la-zona-metropolitana-mas-competitiva\\\/#organizationLogo\"}},{\"@type\":\"Person\",\"@id\":\"https:\\\/\\\/elprogresivo.mx\\\/index.php\\\/author\\\/emmanuel-galvan\\\/#author\",\"url\":\"https:\\\/\\\/elprogresivo.mx\\\/index.php\\\/author\\\/emmanuel-galvan\\\/\",\"name\":\"Staff\",\"image\":{\"@type\":\"ImageObject\",\"@id\":\"https:\\\/\\\/elprogresivo.mx\\\/index.php\\\/2026\\\/08\\\/26\\\/macias-queretaro-sera-la-zona-metropolitana-mas-competitiva\\\/#authorImage\",\"url\":\"https:\\\/\\\/secure.gravatar.com\\\/avatar\\\/3bb87242634c3adf910515f41e6e392ab758b98c8ee7fd12a54fcb5270441486?s=96&d=mm&r=g\",\"width\":96,\"height\":96,\"caption\":\"Staff\"}},{\"@type\":\"WebPage\",\"@id\":\"https:\\\/\\\/elprogresivo.mx\\\/index.php\\\/2026\\\/08\\\/26\\\/macias-queretaro-sera-la-zona-metropolitana-mas-competitiva\\\/#webpage\",\"url\":\"https:\\\/\\\/elprogresivo.mx\\\/index.php\\\/2026\\\/08\\\/26\\\/macias-queretaro-sera-la-zona-metropolitana-mas-competitiva\\\/\",\"name\":\"Mac\\u00edas: Quer\\u00e9taro ser\\u00e1 la zona metropolitana m\\u00e1s competitiva - elprogresivo.mx\",\"description\":\"Felifer Mac\\u00edas, presidente municipal de Quer\\u00e9taro, afirma que la coordinaci\\u00f3n entre los cuatro alcaldes metropolitanos busca hacer de esta regi\\u00f3n la zona m\\u00e1s competitiva del pa\\u00eds. El mandatario habl\\u00f3 as\\u00ed durante el Foro de Vivienda 2026, organizado por la CANADEVI. Mac\\u00edas explic\\u00f3 que ya no basta con que cada municipio atraiga inversi\\u00f3n por su cuenta.\",\"inLanguage\":\"es-MX\",\"isPartOf\":{\"@id\":\"https:\\\/\\\/elprogresivo.mx\\\/#website\"},\"breadcrumb\":{\"@id\":\"https:\\\/\\\/elprogresivo.mx\\\/index.php\\\/2026\\\/08\\\/26\\\/macias-queretaro-sera-la-zona-metropolitana-mas-competitiva\\\/#breadcrumblist\"},\"author\":{\"@id\":\"https:\\\/\\\/elprogresivo.mx\\\/index.php\\\/author\\\/emmanuel-galvan\\\/#author\"},\"creator\":{\"@id\":\"https:\\\/\\\/elprogresivo.mx\\\/index.php\\\/author\\\/emmanuel-galvan\\\/#author\"},\"image\":{\"@type\":\"ImageObject\",\"url\":\"https:\\\/\\\/elprogresivo.mx\\\/wp-content\\\/uploads\\\/2026\\\/09\\\/noticia_20260901135540.jpg\",\"@id\":\"https:\\\/\\\/elprogresivo.mx\\\/index.php\\\/2026\\\/08\\\/26\\\/macias-queretaro-sera-la-zona-metropolitana-mas-competitiva\\\/#mainImage\",\"width\":1280,\"height\":854},\"primaryImageOfPage\":{\"@id\":\"https:\\\/\\\/elprogresivo.mx\\\/index.php\\\/2026\\\/08\\\/26\\\/macias-queretaro-sera-la-zona-metropolitana-mas-competitiva\\\/#mainImage\"},\"datePublished\":\"2026-08-26T09:00:00+00:00\",\"dateModified\":\"2026-08-26T09:00:00+00:00\"},{\"@type\":\"WebSite\",\"@id\":\"https:\\\/\\\/elprogresivo.mx\\\/#website\",\"url\":\"https:\\\/\\\/elprogresivo.mx\\\/\",\"name\":\"elprogresivo.mx\",\"description\":\"Construimos una nueva etapa en informaci\\u00f3n\",\"inLanguage\":\"es-MX\",\"publisher\":{\"@id\":\"https:\\\/\\\/elprogresivo.mx\\\/#organization\"}}]}\n\t\t<\/script>\n\t\t<!-- All in One SEO -->\n\n","aioseo_head_json":{"title":"Mac\u00edas: Quer\u00e9taro ser\u00e1 la zona metropolitana m\u00e1s competitiva - elprogresivo.mx","description":"Felifer Mac\u00edas, presidente municipal de Quer\u00e9taro, afirma que la coordinaci\u00f3n entre los cuatro alcaldes metropolitanos busca hacer de esta regi\u00f3n la zona m\u00e1s competitiva del pa\u00eds. El mandatario habl\u00f3 as\u00ed durante el Foro de Vivienda 2026, organizado por la CANADEVI. Mac\u00edas explic\u00f3 que ya no basta con que cada municipio atraiga inversi\u00f3n por su cuenta.","canonical_url":"https:\/\/elprogresivo.mx\/index.php\/2026\/08\/26\/macias-queretaro-sera-la-zona-metropolitana-mas-competitiva\/","robots":"max-image-preview:large","keywords":"","webmasterTools":{"miscellaneous":""},"schema":{"@context":"https:\/\/schema.org","@graph":[{"@type":"BlogPosting","@id":"https:\/\/elprogresivo.mx\/index.php\/2026\/08\/26\/macias-queretaro-sera-la-zona-metropolitana-mas-competitiva\/#blogposting","name":"Mac\u00edas: Quer\u00e9taro ser\u00e1 la zona metropolitana m\u00e1s competitiva - elprogresivo.mx","headline":"Mac\u00edas: Quer\u00e9taro ser\u00e1 la zona metropolitana m\u00e1s competitiva","author":{"@id":"https:\/\/elprogresivo.mx\/index.php\/author\/emmanuel-galvan\/#author"},"publisher":{"@id":"https:\/\/elprogresivo.mx\/#organization"},"image":{"@type":"ImageObject","url":"https:\/\/elprogresivo.mx\/wp-content\/uploads\/2026\/09\/noticia_20260901135540.jpg","width":1280,"height":854},"datePublished":"2026-08-26T09:00:00+00:00","dateModified":"2026-08-26T09:00:00+00:00","inLanguage":"es-MX","mainEntityOfPage":{"@id":"https:\/\/elprogresivo.mx\/index.php\/2026\/08\/26\/macias-queretaro-sera-la-zona-metropolitana-mas-competitiva\/#webpage"},"isPartOf":{"@id":"https:\/\/elprogresivo.mx\/index.php\/2026\/08\/26\/macias-queretaro-sera-la-zona-metropolitana-mas-competitiva\/#webpage"},"articleSection":"Blog, Destacado, Felifer Mac\u00edas, Inversi\u00f3n, movilidad, Zona Metropolitana"},{"@type":"BreadcrumbList","@id":"https:\/\/elprogresivo.mx\/index.php\/2026\/08\/26\/macias-queretaro-sera-la-zona-metropolitana-mas-competitiva\/#breadcrumblist","itemListElement":[{"@type":"ListItem","@id":"https:\/\/elprogresivo.mx#listItem","position":1,"name":"Home","item":"https:\/\/elprogresivo.mx","nextItem":{"@type":"ListItem","@id":"https:\/\/elprogresivo.mx\/index.php\/category\/blog\/#listItem","name":"Blog"}},{"@type":"ListItem","@id":"https:\/\/elprogresivo.mx\/index.php\/category\/blog\/#listItem","position":2,"name":"Blog","item":"https:\/\/elprogresivo.mx\/index.php\/category\/blog\/","nextItem":{"@type":"ListItem","@id":"https:\/\/elprogresivo.mx\/index.php\/2026\/08\/26\/macias-queretaro-sera-la-zona-metropolitana-mas-competitiva\/#listItem","name":"Mac\u00edas: Quer\u00e9taro ser\u00e1 la zona metropolitana m\u00e1s competitiva"},"previousItem":{"@type":"ListItem","@id":"https:\/\/elprogresivo.mx#listItem","name":"Home"}},{"@type":"ListItem","@id":"https:\/\/elprogresivo.mx\/index.php\/2026\/08\/26\/macias-queretaro-sera-la-zona-metropolitana-mas-competitiva\/#listItem","position":3,"name":"Mac\u00edas: Quer\u00e9taro ser\u00e1 la zona metropolitana m\u00e1s competitiva","previousItem":{"@type":"ListItem","@id":"https:\/\/elprogresivo.mx\/index.php\/category\/blog\/#listItem","name":"Blog"}}]},{"@type":"Organization","@id":"https:\/\/elprogresivo.mx\/#organization","name":"elprogresivo.mx","description":"Construimos una nueva etapa en informaci\u00f3n","url":"https:\/\/elprogresivo.mx\/","logo":{"@type":"ImageObject","url":"https:\/\/elprogresivo.mx\/wp-content\/uploads\/2024\/02\/cropped-LogoBlanco.png","@id":"https:\/\/elprogresivo.mx\/index.php\/2026\/08\/26\/macias-queretaro-sera-la-zona-metropolitana-mas-competitiva\/#organizationLogo","width":2096,"height":332},"image":{"@id":"https:\/\/elprogresivo.mx\/index.php\/2026\/08\/26\/macias-queretaro-sera-la-zona-metropolitana-mas-competitiva\/#organizationLogo"}},{"@type":"Person","@id":"https:\/\/elprogresivo.mx\/index.php\/author\/emmanuel-galvan\/#author","url":"https:\/\/elprogresivo.mx\/index.php\/author\/emmanuel-galvan\/","name":"Staff","image":{"@type":"ImageObject","@id":"https:\/\/elprogresivo.mx\/index.php\/2026\/08\/26\/macias-queretaro-sera-la-zona-metropolitana-mas-competitiva\/#authorImage","url":"https:\/\/secure.gravatar.com\/avatar\/3bb87242634c3adf910515f41e6e392ab758b98c8ee7fd12a54fcb5270441486?s=96&d=mm&r=g","width":96,"height":96,"caption":"Staff"}},{"@type":"WebPage","@id":"https:\/\/elprogresivo.mx\/index.php\/2026\/08\/26\/macias-queretaro-sera-la-zona-metropolitana-mas-competitiva\/#webpage","url":"https:\/\/elprogresivo.mx\/index.php\/2026\/08\/26\/macias-queretaro-sera-la-zona-metropolitana-mas-competitiva\/","name":"Mac\u00edas: Quer\u00e9taro ser\u00e1 la zona metropolitana m\u00e1s competitiva - elprogresivo.mx","description":"Felifer Mac\u00edas, presidente municipal de Quer\u00e9taro, afirma que la coordinaci\u00f3n entre los cuatro alcaldes metropolitanos busca hacer de esta regi\u00f3n la zona m\u00e1s competitiva del pa\u00eds. El mandatario habl\u00f3 as\u00ed durante el Foro de Vivienda 2026, organizado por la CANADEVI. Mac\u00edas explic\u00f3 que ya no basta con que cada municipio atraiga inversi\u00f3n por su cuenta.","inLanguage":"es-MX","isPartOf":{"@id":"https:\/\/elprogresivo.mx\/#website"},"breadcrumb":{"@id":"https:\/\/elprogresivo.mx\/index.php\/2026\/08\/26\/macias-queretaro-sera-la-zona-metropolitana-mas-competitiva\/#breadcrumblist"},"author":{"@id":"https:\/\/elprogresivo.mx\/index.php\/author\/emmanuel-galvan\/#author"},"creator":{"@id":"https:\/\/elprogresivo.mx\/index.php\/author\/emmanuel-galvan\/#author"},"image":{"@type":"ImageObject","url":"https:\/\/elprogresivo.mx\/wp-content\/uploads\/2026\/09\/noticia_20260901135540.jpg","@id":"https:\/\/elprogresivo.mx\/index.php\/2026\/08\/26\/macias-queretaro-sera-la-zona-metropolitana-mas-competitiva\/#mainImage","width":1280,"height":854},"primaryImageOfPage":{"@id":"https:\/\/elprogresivo.mx\/index.php\/2026\/08\/26\/macias-queretaro-sera-la-zona-metropolitana-mas-competitiva\/#mainImage"},"datePublished":"2026-08-26T09:00:00+00:00","dateModified":"2026-08-26T09:00:00+00:00"},{"@type":"WebSite","@id":"https:\/\/elprogresivo.mx\/#website","url":"https:\/\/elprogresivo.mx\/","name":"elprogresivo.mx","description":"Construimos una nueva etapa en informaci\u00f3n","inLanguage":"es-MX","publisher":{"@id":"https:\/\/elprogresivo.mx\/#organization"}}]},"og:locale":"es_MX","og:site_name":"elprogresivo.mx - Construimos una nueva etapa en informaci\u00f3n","og:type":"article","og:title":"Mac\u00edas: Quer\u00e9taro ser\u00e1 la zona metropolitana m\u00e1s competitiva - elprogresivo.mx","og:description":"Felifer Mac\u00edas, presidente municipal de Quer\u00e9taro, afirma que la coordinaci\u00f3n entre los cuatro alcaldes metropolitanos busca hacer de esta regi\u00f3n la zona m\u00e1s competitiva del pa\u00eds. El mandatario habl\u00f3 as\u00ed durante el Foro de Vivienda 2026, organizado por la CANADEVI. Mac\u00edas explic\u00f3 que ya no basta con que cada municipio atraiga inversi\u00f3n por su cuenta.","og:url":"https:\/\/elprogresivo.mx\/index.php\/2026\/08\/26\/macias-queretaro-sera-la-zona-metropolitana-mas-competitiva\/","og:image":"https:\/\/elprogresivo.mx\/wp-content\/uploads\/2024\/02\/cropped-LogoBlanco.png","og:image:secure_url":"https:\/\/elprogresivo.mx\/wp-content\/uploads\/2024\/02\/cropped-LogoBlanco.png","article:published_time":"2026-08-26T09:00:00+00:00","article:modified_time":"2026-08-26T09:00:00+00:00","twitter:card":"summary_large_image","twitter:title":"Mac\u00edas: Quer\u00e9taro ser\u00e1 la zona metropolitana m\u00e1s competitiva - elprogresivo.mx","twitter:description":"Felifer Mac\u00edas, presidente municipal de Quer\u00e9taro, afirma que la coordinaci\u00f3n entre los cuatro alcaldes metropolitanos busca hacer de esta regi\u00f3n la zona m\u00e1s competitiva del pa\u00eds. El mandatario habl\u00f3 as\u00ed durante el Foro de Vivienda 2026, organizado por la CANADEVI. Mac\u00edas explic\u00f3 que ya no basta con que cada municipio atraiga inversi\u00f3n por su cuenta.","twitter:image":"https:\/\/elprogresivo.mx\/wp-content\/uploads\/2024\/02\/cropped-LogoBlanco.png"},"aioseo_meta_data":{"post_id":"4934","title":null,"description":null,"keywords":null,"keyphrases":null,"primary_term":null,"canonical_url":null,"og_title":null,"og_description":null,"og_object_type":"default","og_image_type":"default","og_image_url":null,"og_image_width":null,"og_image_height":null,"og_image_custom_url":null,"og_image_custom_fields":null,"og_video":null,"og_custom_url":null,"og_article_section":null,"og_article_tags":null,"twitter_use_og":false,"twitter_card":"default","twitter_image_type":"default","twitter_image_url":null,"twitter_image_custom_url":null,"twitter_image_custom_fields":null,"twitter_title":null,"twitter_description":null,"schema":{"blockGraphs":[],"customGraphs":[],"default":{"data":{"Article":[],"Course":[],"Dataset":[],"FAQPage":[],"Movie":[],"Person":[],"Product":[],"ProductReview":[],"Car":[],"Recipe":[],"Service":[],"SoftwareApplication":[],"WebPage":[]},"graphName":"","isEnabled":true},"graphs":[]},"schema_type":"default","schema_type_options":null,"pillar_content":false,"robots_default":true,"robots_noindex":false,"robots_noarchive":false,"robots_nosnippet":false,"robots_nofollow":false,"robots_noimageindex":false,"robots_noodp":false,"robots_notranslate":false,"robots_max_snippet":null,"robots_max_videopreview":null,"robots_max_imagepreview":"large","priority":null,"frequency":null,"local_seo":null,"limit_modified_date":false,"created":"2026-09-01 19:57:46","updated":"2026-09-01 19:57:46","ai":null,"breadcrumb_settings":null,"seo_analyzer_scan_date":null,"focus_keyword":null,"additional_keywords":null,"truseo_locale":null},"aioseo_breadcrumb":"<div class=\"aioseo-breadcrumbs\"><span class=\"aioseo-breadcrumb\">\n\t\t\t<a href=\"https:\/\/elprogresivo.mx\" title=\"Home\">Home<\/a>\n\t\t<\/span><span class=\"aioseo-breadcrumb-separator\">&raquo;<\/span><span class=\"aioseo-breadcrumb\">\n\t\t\t<a href=\"https:\/\/elprogresivo.mx\/index.php\/category\/blog\/\" title=\"Blog\">Blog<\/a>\n\t\t<\/span><span class=\"aioseo-breadcrumb-separator\">&raquo;<\/span><span class=\"aioseo-breadcrumb\">\n\t\t\tMac\u00edas: Quer\u00e9taro ser\u00e1 la zona metropolitana m\u00e1s competitiva\n\t\t<\/span><\/div>","aioseo_breadcrumb_json":[{"label":"Home","link":"https:\/\/elprogresivo.mx"},{"label":"Blog","link":"https:\/\/elprogresivo.mx\/index.php\/category\/blog\/"},{"label":"Mac\u00edas: Quer\u00e9taro ser\u00e1 la zona metropolitana m\u00e1s competitiva","link":"https:\/\/elprogresivo.mx\/index.php\/2026\/08\/26\/macias-queretaro-sera-la-zona-metropolitana-mas-competitiva\/"}],"jetpack_publicize_connections":[],"_links":{"self":[{"href":"https:\/\/elprogresivo.mx\/index.php\/wp-json\/wp\/v2\/posts\/4934","targetHints":{"allow":["GET"]}}],"collection":[{"href":"https:\/\/elprogresivo.mx\/index.php\/wp-json\/wp\/v2\/posts"}],"about":[{"href":"https:\/\/elprogresivo.mx\/index.php\/wp-json\/wp\/v2\/types\/post"}],"author":[{"embeddable":true,"href":"https:\/\/elprogresivo.mx\/index.php\/wp-json\/wp\/v2\/users\/5"}],"replies":[{"embeddable":true,"href":"https:\/\/elprogresivo.mx\/index.php\/wp-json\/wp\/v2\/comments?post=4934"}],"version-history":[{"count":0,"href":"https:\/\/elprogresivo.mx\/index.php\/wp-json\/wp\/v2\/posts\/4934\/revisions"}],"wp:featuredmedia":[{"embeddable":true,"href":"https:\/\/elprogresivo.mx\/index.php\/wp-json\/wp\/v2\/media\/4933"}],"wp:attachment":[{"href":"https:\/\/elprogresivo.mx\/index.php\/wp-json\/wp\/v2\/media?parent=4934"}],"wp:term":[{"taxonomy":"category","embeddable":true,"href":"https:\/\/elprogresivo.mx\/index.php\/wp-json\/wp\/v2\/categories?post=4934"},{"taxonomy":"post_tag","embeddable":true,"href":"https:\/\/elprogresivo.mx\/index.php\/wp-json\/wp\/v2\/tags?post=4934"}],"curies":[{"name":"wp","href":"https:\/\/api.w.org\/{rel}","templated":true}]}}