{"id":4932,"date":"2026-08-28T09:00:00","date_gmt":"2026-08-28T09:00:00","guid":{"rendered":"https:\/\/elprogresivo.mx\/index.php\/2026\/08\/28\/families-in-queretaro-watch-lunar-eclipse-at-certified-park\/"},"modified":"2026-08-28T09:00:00","modified_gmt":"2026-08-28T09:00:00","slug":"families-in-queretaro-watch-lunar-eclipse-at-certified-park","status":"publish","type":"post","link":"https:\/\/elprogresivo.mx\/index.php\/2026\/08\/28\/families-in-queretaro-watch-lunar-eclipse-at-certified-park\/","title":{"rendered":"Families in Queretaro watch lunar eclipse at certified park"},"content":{"rendered":"<p>Familias queretanas se reunieron el jueves en el Parque Joya La Barreta para ver el eclipse lunar de 2026. El presidente municipal, Felifer Mac\u00edas, estuvo presente en la Delegaci\u00f3n Santa Rosa J\u00e1uregui junto con la secretaria de Medio Ambiente, Guadalupe Espinosa, y miembros de la Asociaci\u00f3n Mexicana de Astroturismo Astronite. La sombra de la Tierra cubri\u00f3 gran parte de la luna, dej\u00e1ndola con un tono rojizo en el borde.<\/p>\n<p>El parque tiene certificaci\u00f3n DarkSky International, lo que significa que su oscuridad natural es ideal para mirar al cielo. Mac\u00edas dijo: &#8220;Para todos los que les gusta la exploraci\u00f3n espacial, todo lo que tiene que ver con el universo, tenemos una joya en el municipio, aqu\u00ed en Santa Rosa, en este parque, Joya La Barreta, para que vengan a hacer observaci\u00f3n astron\u00f3mica, y desde aqu\u00ed, desde el municipio de Quer\u00e9taro, explorar el universo entero\u2026 Aqu\u00ed, pr\u00e1cticamente, cada 8 d\u00edas se hace observaci\u00f3n astron\u00f3mica para que vengan toda la familia, ni\u00f1as, ni\u00f1os, j\u00f3venes, abuelitos, a quienes le gusta la ciencia, van a pasar veladas extraordinarias&#8221;.<\/p>\n<p>El sitio es un ecosistema de monta\u00f1a que filtra agua y protege a animales y plantas. Adem\u00e1s de mirar estrellas, el parque ofrece campismo, senderismo, ciclismo de monta\u00f1a y visitas guiadas para ver aves y mariposas. Tambi\u00e9n cuenta con sanitarios, estacionamiento, juegos infantiles y zonas con asadores para que las familias pasen el d\u00eda.<\/p>\n","protected":false},"excerpt":{"rendered":"<p>Familias queretanas se reunieron el jueves en el Parque Joya La Barreta para ver el&#8230;<\/p>\n","protected":false},"author":5,"featured_media":4931,"comment_status":"open","ping_status":"open","sticky":false,"template":"","format":"standard","meta":{"om_disable_all_campaigns":false,"_monsterinsights_skip_tracking":false,"footnotes":"","jetpack_publicize_message":"","jetpack_publicize_feature_enabled":true,"jetpack_social_post_already_shared":true,"jetpack_social_options":{"image_generator_settings":{"template":"highway","default_image_id":0,"font":"","enabled":false},"version":2}},"categories":[1,70],"tags":[3265,3263,77,3264,1097],"class_list":["post-4932","post","type-post","status-publish","format-standard","has-post-thumbnail","hentry","category-blog","category-destacado","tag-astroturismo","tag-eclipse-lunar","tag-felifer-macias","tag-parque-joya-la-barreta","tag-santa-rosa-jauregui"],"aioseo_notices":[],"aioseo_head":"\n\t\t<!-- All in One SEO 5.0.1.1 - aioseo.com -->\n\t<meta name=\"description\" content=\"Familias queretanas se reunieron el jueves en el Parque Joya La Barreta para ver el eclipse lunar de 2026. El presidente municipal, Felifer Mac\u00edas, estuvo presente en la Delegaci\u00f3n Santa Rosa J\u00e1uregui junto con la secretaria de Medio Ambiente, Guadalupe Espinosa, y miembros de la Asociaci\u00f3n Mexicana de Astroturismo Astronite. La sombra de la Tierra\" \/>\n\t<meta name=\"robots\" content=\"max-image-preview:large\" \/>\n\t<meta name=\"author\" content=\"Staff\"\/>\n\t<link rel=\"canonical\" href=\"https:\/\/elprogresivo.mx\/index.php\/2026\/08\/28\/families-in-queretaro-watch-lunar-eclipse-at-certified-park\/\" \/>\n\t<meta name=\"generator\" content=\"All in One SEO (AIOSEO) 5.0.1.1\" \/>\n\t\t<meta property=\"og:locale\" content=\"es_MX\" \/>\n\t\t<meta property=\"og:site_name\" content=\"elprogresivo.mx - Construimos una nueva etapa en informaci\u00f3n\" \/>\n\t\t<meta property=\"og:type\" content=\"article\" \/>\n\t\t<meta property=\"og:title\" content=\"Families in Queretaro watch lunar eclipse at certified park - elprogresivo.mx\" \/>\n\t\t<meta property=\"og:description\" content=\"Familias queretanas se reunieron el jueves en el Parque Joya La Barreta para ver el eclipse lunar de 2026. El presidente municipal, Felifer Mac\u00edas, estuvo presente en la Delegaci\u00f3n Santa Rosa J\u00e1uregui junto con la secretaria de Medio Ambiente, Guadalupe Espinosa, y miembros de la Asociaci\u00f3n Mexicana de Astroturismo Astronite. La sombra de la Tierra\" \/>\n\t\t<meta property=\"og:url\" content=\"https:\/\/elprogresivo.mx\/index.php\/2026\/08\/28\/families-in-queretaro-watch-lunar-eclipse-at-certified-park\/\" \/>\n\t\t<meta property=\"og:image\" content=\"https:\/\/elprogresivo.mx\/wp-content\/uploads\/2024\/02\/cropped-LogoBlanco.png\" \/>\n\t\t<meta property=\"og:image:secure_url\" content=\"https:\/\/elprogresivo.mx\/wp-content\/uploads\/2024\/02\/cropped-LogoBlanco.png\" \/>\n\t\t<meta property=\"article:published_time\" content=\"2026-08-28T09:00:00+00:00\" \/>\n\t\t<meta property=\"article:modified_time\" content=\"2026-08-28T09:00:00+00:00\" \/>\n\t\t<meta name=\"twitter:card\" content=\"summary_large_image\" \/>\n\t\t<meta name=\"twitter:title\" content=\"Families in Queretaro watch lunar eclipse at certified park - elprogresivo.mx\" \/>\n\t\t<meta name=\"twitter:description\" content=\"Familias queretanas se reunieron el jueves en el Parque Joya La Barreta para ver el eclipse lunar de 2026. El presidente municipal, Felifer Mac\u00edas, estuvo presente en la Delegaci\u00f3n Santa Rosa J\u00e1uregui junto con la secretaria de Medio Ambiente, Guadalupe Espinosa, y miembros de la Asociaci\u00f3n Mexicana de Astroturismo Astronite. La sombra de la Tierra\" \/>\n\t\t<meta name=\"twitter:image\" content=\"https:\/\/elprogresivo.mx\/wp-content\/uploads\/2024\/02\/cropped-LogoBlanco.png\" \/>\n\t\t<script type=\"application\/ld+json\" class=\"aioseo-schema\">\n\t\t\t{\"@context\":\"https:\\\/\\\/schema.org\",\"@graph\":[{\"@type\":\"BlogPosting\",\"@id\":\"https:\\\/\\\/elprogresivo.mx\\\/index.php\\\/2026\\\/08\\\/28\\\/families-in-queretaro-watch-lunar-eclipse-at-certified-park\\\/#blogposting\",\"name\":\"Families in Queretaro watch lunar eclipse at certified park - elprogresivo.mx\",\"headline\":\"Families in Queretaro watch lunar eclipse at certified park\",\"author\":{\"@id\":\"https:\\\/\\\/elprogresivo.mx\\\/index.php\\\/author\\\/emmanuel-galvan\\\/#author\"},\"publisher\":{\"@id\":\"https:\\\/\\\/elprogresivo.mx\\\/#organization\"},\"image\":{\"@type\":\"ImageObject\",\"url\":\"https:\\\/\\\/elprogresivo.mx\\\/wp-content\\\/uploads\\\/2026\\\/09\\\/noticia_20260901135504.jpg\",\"width\":1280,\"height\":854},\"datePublished\":\"2026-08-28T09:00:00+00:00\",\"dateModified\":\"2026-08-28T09:00:00+00:00\",\"inLanguage\":\"es-MX\",\"mainEntityOfPage\":{\"@id\":\"https:\\\/\\\/elprogresivo.mx\\\/index.php\\\/2026\\\/08\\\/28\\\/families-in-queretaro-watch-lunar-eclipse-at-certified-park\\\/#webpage\"},\"isPartOf\":{\"@id\":\"https:\\\/\\\/elprogresivo.mx\\\/index.php\\\/2026\\\/08\\\/28\\\/families-in-queretaro-watch-lunar-eclipse-at-certified-park\\\/#webpage\"},\"articleSection\":\"Blog, Destacado, astroturismo, eclipse lunar, Felifer Mac\\u00edas, Parque Joya La Barreta, Santa Rosa J\\u00e1uregui\"},{\"@type\":\"BreadcrumbList\",\"@id\":\"https:\\\/\\\/elprogresivo.mx\\\/index.php\\\/2026\\\/08\\\/28\\\/families-in-queretaro-watch-lunar-eclipse-at-certified-park\\\/#breadcrumblist\",\"itemListElement\":[{\"@type\":\"ListItem\",\"@id\":\"https:\\\/\\\/elprogresivo.mx#listItem\",\"position\":1,\"name\":\"Home\",\"item\":\"https:\\\/\\\/elprogresivo.mx\",\"nextItem\":{\"@type\":\"ListItem\",\"@id\":\"https:\\\/\\\/elprogresivo.mx\\\/index.php\\\/category\\\/blog\\\/#listItem\",\"name\":\"Blog\"}},{\"@type\":\"ListItem\",\"@id\":\"https:\\\/\\\/elprogresivo.mx\\\/index.php\\\/category\\\/blog\\\/#listItem\",\"position\":2,\"name\":\"Blog\",\"item\":\"https:\\\/\\\/elprogresivo.mx\\\/index.php\\\/category\\\/blog\\\/\",\"nextItem\":{\"@type\":\"ListItem\",\"@id\":\"https:\\\/\\\/elprogresivo.mx\\\/index.php\\\/2026\\\/08\\\/28\\\/families-in-queretaro-watch-lunar-eclipse-at-certified-park\\\/#listItem\",\"name\":\"Families in Queretaro watch lunar eclipse at certified park\"},\"previousItem\":{\"@type\":\"ListItem\",\"@id\":\"https:\\\/\\\/elprogresivo.mx#listItem\",\"name\":\"Home\"}},{\"@type\":\"ListItem\",\"@id\":\"https:\\\/\\\/elprogresivo.mx\\\/index.php\\\/2026\\\/08\\\/28\\\/families-in-queretaro-watch-lunar-eclipse-at-certified-park\\\/#listItem\",\"position\":3,\"name\":\"Families in Queretaro watch lunar eclipse at certified park\",\"previousItem\":{\"@type\":\"ListItem\",\"@id\":\"https:\\\/\\\/elprogresivo.mx\\\/index.php\\\/category\\\/blog\\\/#listItem\",\"name\":\"Blog\"}}]},{\"@type\":\"Organization\",\"@id\":\"https:\\\/\\\/elprogresivo.mx\\\/#organization\",\"name\":\"elprogresivo.mx\",\"description\":\"Construimos una nueva etapa en informaci\\u00f3n\",\"url\":\"https:\\\/\\\/elprogresivo.mx\\\/\",\"logo\":{\"@type\":\"ImageObject\",\"url\":\"https:\\\/\\\/elprogresivo.mx\\\/wp-content\\\/uploads\\\/2024\\\/02\\\/cropped-LogoBlanco.png\",\"@id\":\"https:\\\/\\\/elprogresivo.mx\\\/index.php\\\/2026\\\/08\\\/28\\\/families-in-queretaro-watch-lunar-eclipse-at-certified-park\\\/#organizationLogo\",\"width\":2096,\"height\":332},\"image\":{\"@id\":\"https:\\\/\\\/elprogresivo.mx\\\/index.php\\\/2026\\\/08\\\/28\\\/families-in-queretaro-watch-lunar-eclipse-at-certified-park\\\/#organizationLogo\"}},{\"@type\":\"Person\",\"@id\":\"https:\\\/\\\/elprogresivo.mx\\\/index.php\\\/author\\\/emmanuel-galvan\\\/#author\",\"url\":\"https:\\\/\\\/elprogresivo.mx\\\/index.php\\\/author\\\/emmanuel-galvan\\\/\",\"name\":\"Staff\",\"image\":{\"@type\":\"ImageObject\",\"@id\":\"https:\\\/\\\/elprogresivo.mx\\\/index.php\\\/2026\\\/08\\\/28\\\/families-in-queretaro-watch-lunar-eclipse-at-certified-park\\\/#authorImage\",\"url\":\"https:\\\/\\\/secure.gravatar.com\\\/avatar\\\/3bb87242634c3adf910515f41e6e392ab758b98c8ee7fd12a54fcb5270441486?s=96&d=mm&r=g\",\"width\":96,\"height\":96,\"caption\":\"Staff\"}},{\"@type\":\"WebPage\",\"@id\":\"https:\\\/\\\/elprogresivo.mx\\\/index.php\\\/2026\\\/08\\\/28\\\/families-in-queretaro-watch-lunar-eclipse-at-certified-park\\\/#webpage\",\"url\":\"https:\\\/\\\/elprogresivo.mx\\\/index.php\\\/2026\\\/08\\\/28\\\/families-in-queretaro-watch-lunar-eclipse-at-certified-park\\\/\",\"name\":\"Families in Queretaro watch lunar eclipse at certified park - elprogresivo.mx\",\"description\":\"Familias queretanas se reunieron el jueves en el Parque Joya La Barreta para ver el eclipse lunar de 2026. El presidente municipal, Felifer Mac\\u00edas, estuvo presente en la Delegaci\\u00f3n Santa Rosa J\\u00e1uregui junto con la secretaria de Medio Ambiente, Guadalupe Espinosa, y miembros de la Asociaci\\u00f3n Mexicana de Astroturismo Astronite. La sombra de la Tierra\",\"inLanguage\":\"es-MX\",\"isPartOf\":{\"@id\":\"https:\\\/\\\/elprogresivo.mx\\\/#website\"},\"breadcrumb\":{\"@id\":\"https:\\\/\\\/elprogresivo.mx\\\/index.php\\\/2026\\\/08\\\/28\\\/families-in-queretaro-watch-lunar-eclipse-at-certified-park\\\/#breadcrumblist\"},\"author\":{\"@id\":\"https:\\\/\\\/elprogresivo.mx\\\/index.php\\\/author\\\/emmanuel-galvan\\\/#author\"},\"creator\":{\"@id\":\"https:\\\/\\\/elprogresivo.mx\\\/index.php\\\/author\\\/emmanuel-galvan\\\/#author\"},\"image\":{\"@type\":\"ImageObject\",\"url\":\"https:\\\/\\\/elprogresivo.mx\\\/wp-content\\\/uploads\\\/2026\\\/09\\\/noticia_20260901135504.jpg\",\"@id\":\"https:\\\/\\\/elprogresivo.mx\\\/index.php\\\/2026\\\/08\\\/28\\\/families-in-queretaro-watch-lunar-eclipse-at-certified-park\\\/#mainImage\",\"width\":1280,\"height\":854},\"primaryImageOfPage\":{\"@id\":\"https:\\\/\\\/elprogresivo.mx\\\/index.php\\\/2026\\\/08\\\/28\\\/families-in-queretaro-watch-lunar-eclipse-at-certified-park\\\/#mainImage\"},\"datePublished\":\"2026-08-28T09:00:00+00:00\",\"dateModified\":\"2026-08-28T09:00:00+00:00\"},{\"@type\":\"WebSite\",\"@id\":\"https:\\\/\\\/elprogresivo.mx\\\/#website\",\"url\":\"https:\\\/\\\/elprogresivo.mx\\\/\",\"name\":\"elprogresivo.mx\",\"description\":\"Construimos una nueva etapa en informaci\\u00f3n\",\"inLanguage\":\"es-MX\",\"publisher\":{\"@id\":\"https:\\\/\\\/elprogresivo.mx\\\/#organization\"}}]}\n\t\t<\/script>\n\t\t<!-- All in One SEO -->\n\n","aioseo_head_json":{"title":"Families in Queretaro watch lunar eclipse at certified park - elprogresivo.mx","description":"Familias queretanas se reunieron el jueves en el Parque Joya La Barreta para ver el eclipse lunar de 2026. El presidente municipal, Felifer Mac\u00edas, estuvo presente en la Delegaci\u00f3n Santa Rosa J\u00e1uregui junto con la secretaria de Medio Ambiente, Guadalupe Espinosa, y miembros de la Asociaci\u00f3n Mexicana de Astroturismo Astronite. La sombra de la Tierra","canonical_url":"https:\/\/elprogresivo.mx\/index.php\/2026\/08\/28\/families-in-queretaro-watch-lunar-eclipse-at-certified-park\/","robots":"max-image-preview:large","keywords":"","webmasterTools":{"miscellaneous":""},"schema":{"@context":"https:\/\/schema.org","@graph":[{"@type":"BlogPosting","@id":"https:\/\/elprogresivo.mx\/index.php\/2026\/08\/28\/families-in-queretaro-watch-lunar-eclipse-at-certified-park\/#blogposting","name":"Families in Queretaro watch lunar eclipse at certified park - elprogresivo.mx","headline":"Families in Queretaro watch lunar eclipse at certified park","author":{"@id":"https:\/\/elprogresivo.mx\/index.php\/author\/emmanuel-galvan\/#author"},"publisher":{"@id":"https:\/\/elprogresivo.mx\/#organization"},"image":{"@type":"ImageObject","url":"https:\/\/elprogresivo.mx\/wp-content\/uploads\/2026\/09\/noticia_20260901135504.jpg","width":1280,"height":854},"datePublished":"2026-08-28T09:00:00+00:00","dateModified":"2026-08-28T09:00:00+00:00","inLanguage":"es-MX","mainEntityOfPage":{"@id":"https:\/\/elprogresivo.mx\/index.php\/2026\/08\/28\/families-in-queretaro-watch-lunar-eclipse-at-certified-park\/#webpage"},"isPartOf":{"@id":"https:\/\/elprogresivo.mx\/index.php\/2026\/08\/28\/families-in-queretaro-watch-lunar-eclipse-at-certified-park\/#webpage"},"articleSection":"Blog, Destacado, astroturismo, eclipse lunar, Felifer Mac\u00edas, Parque Joya La Barreta, Santa Rosa J\u00e1uregui"},{"@type":"BreadcrumbList","@id":"https:\/\/elprogresivo.mx\/index.php\/2026\/08\/28\/families-in-queretaro-watch-lunar-eclipse-at-certified-park\/#breadcrumblist","itemListElement":[{"@type":"ListItem","@id":"https:\/\/elprogresivo.mx#listItem","position":1,"name":"Home","item":"https:\/\/elprogresivo.mx","nextItem":{"@type":"ListItem","@id":"https:\/\/elprogresivo.mx\/index.php\/category\/blog\/#listItem","name":"Blog"}},{"@type":"ListItem","@id":"https:\/\/elprogresivo.mx\/index.php\/category\/blog\/#listItem","position":2,"name":"Blog","item":"https:\/\/elprogresivo.mx\/index.php\/category\/blog\/","nextItem":{"@type":"ListItem","@id":"https:\/\/elprogresivo.mx\/index.php\/2026\/08\/28\/families-in-queretaro-watch-lunar-eclipse-at-certified-park\/#listItem","name":"Families in Queretaro watch lunar eclipse at certified park"},"previousItem":{"@type":"ListItem","@id":"https:\/\/elprogresivo.mx#listItem","name":"Home"}},{"@type":"ListItem","@id":"https:\/\/elprogresivo.mx\/index.php\/2026\/08\/28\/families-in-queretaro-watch-lunar-eclipse-at-certified-park\/#listItem","position":3,"name":"Families in Queretaro watch lunar eclipse at certified park","previousItem":{"@type":"ListItem","@id":"https:\/\/elprogresivo.mx\/index.php\/category\/blog\/#listItem","name":"Blog"}}]},{"@type":"Organization","@id":"https:\/\/elprogresivo.mx\/#organization","name":"elprogresivo.mx","description":"Construimos una nueva etapa en informaci\u00f3n","url":"https:\/\/elprogresivo.mx\/","logo":{"@type":"ImageObject","url":"https:\/\/elprogresivo.mx\/wp-content\/uploads\/2024\/02\/cropped-LogoBlanco.png","@id":"https:\/\/elprogresivo.mx\/index.php\/2026\/08\/28\/families-in-queretaro-watch-lunar-eclipse-at-certified-park\/#organizationLogo","width":2096,"height":332},"image":{"@id":"https:\/\/elprogresivo.mx\/index.php\/2026\/08\/28\/families-in-queretaro-watch-lunar-eclipse-at-certified-park\/#organizationLogo"}},{"@type":"Person","@id":"https:\/\/elprogresivo.mx\/index.php\/author\/emmanuel-galvan\/#author","url":"https:\/\/elprogresivo.mx\/index.php\/author\/emmanuel-galvan\/","name":"Staff","image":{"@type":"ImageObject","@id":"https:\/\/elprogresivo.mx\/index.php\/2026\/08\/28\/families-in-queretaro-watch-lunar-eclipse-at-certified-park\/#authorImage","url":"https:\/\/secure.gravatar.com\/avatar\/3bb87242634c3adf910515f41e6e392ab758b98c8ee7fd12a54fcb5270441486?s=96&d=mm&r=g","width":96,"height":96,"caption":"Staff"}},{"@type":"WebPage","@id":"https:\/\/elprogresivo.mx\/index.php\/2026\/08\/28\/families-in-queretaro-watch-lunar-eclipse-at-certified-park\/#webpage","url":"https:\/\/elprogresivo.mx\/index.php\/2026\/08\/28\/families-in-queretaro-watch-lunar-eclipse-at-certified-park\/","name":"Families in Queretaro watch lunar eclipse at certified park - elprogresivo.mx","description":"Familias queretanas se reunieron el jueves en el Parque Joya La Barreta para ver el eclipse lunar de 2026. El presidente municipal, Felifer Mac\u00edas, estuvo presente en la Delegaci\u00f3n Santa Rosa J\u00e1uregui junto con la secretaria de Medio Ambiente, Guadalupe Espinosa, y miembros de la Asociaci\u00f3n Mexicana de Astroturismo Astronite. La sombra de la Tierra","inLanguage":"es-MX","isPartOf":{"@id":"https:\/\/elprogresivo.mx\/#website"},"breadcrumb":{"@id":"https:\/\/elprogresivo.mx\/index.php\/2026\/08\/28\/families-in-queretaro-watch-lunar-eclipse-at-certified-park\/#breadcrumblist"},"author":{"@id":"https:\/\/elprogresivo.mx\/index.php\/author\/emmanuel-galvan\/#author"},"creator":{"@id":"https:\/\/elprogresivo.mx\/index.php\/author\/emmanuel-galvan\/#author"},"image":{"@type":"ImageObject","url":"https:\/\/elprogresivo.mx\/wp-content\/uploads\/2026\/09\/noticia_20260901135504.jpg","@id":"https:\/\/elprogresivo.mx\/index.php\/2026\/08\/28\/families-in-queretaro-watch-lunar-eclipse-at-certified-park\/#mainImage","width":1280,"height":854},"primaryImageOfPage":{"@id":"https:\/\/elprogresivo.mx\/index.php\/2026\/08\/28\/families-in-queretaro-watch-lunar-eclipse-at-certified-park\/#mainImage"},"datePublished":"2026-08-28T09:00:00+00:00","dateModified":"2026-08-28T09:00:00+00:00"},{"@type":"WebSite","@id":"https:\/\/elprogresivo.mx\/#website","url":"https:\/\/elprogresivo.mx\/","name":"elprogresivo.mx","description":"Construimos una nueva etapa en informaci\u00f3n","inLanguage":"es-MX","publisher":{"@id":"https:\/\/elprogresivo.mx\/#organization"}}]},"og:locale":"es_MX","og:site_name":"elprogresivo.mx - Construimos una nueva etapa en informaci\u00f3n","og:type":"article","og:title":"Families in Queretaro watch lunar eclipse at certified park - elprogresivo.mx","og:description":"Familias queretanas se reunieron el jueves en el Parque Joya La Barreta para ver el eclipse lunar de 2026. El presidente municipal, Felifer Mac\u00edas, estuvo presente en la Delegaci\u00f3n Santa Rosa J\u00e1uregui junto con la secretaria de Medio Ambiente, Guadalupe Espinosa, y miembros de la Asociaci\u00f3n Mexicana de Astroturismo Astronite. La sombra de la Tierra","og:url":"https:\/\/elprogresivo.mx\/index.php\/2026\/08\/28\/families-in-queretaro-watch-lunar-eclipse-at-certified-park\/","og:image":"https:\/\/elprogresivo.mx\/wp-content\/uploads\/2024\/02\/cropped-LogoBlanco.png","og:image:secure_url":"https:\/\/elprogresivo.mx\/wp-content\/uploads\/2024\/02\/cropped-LogoBlanco.png","article:published_time":"2026-08-28T09:00:00+00:00","article:modified_time":"2026-08-28T09:00:00+00:00","twitter:card":"summary_large_image","twitter:title":"Families in Queretaro watch lunar eclipse at certified park - elprogresivo.mx","twitter:description":"Familias queretanas se reunieron el jueves en el Parque Joya La Barreta para ver el eclipse lunar de 2026. El presidente municipal, Felifer Mac\u00edas, estuvo presente en la Delegaci\u00f3n Santa Rosa J\u00e1uregui junto con la secretaria de Medio Ambiente, Guadalupe Espinosa, y miembros de la Asociaci\u00f3n Mexicana de Astroturismo Astronite. La sombra de la Tierra","twitter:image":"https:\/\/elprogresivo.mx\/wp-content\/uploads\/2024\/02\/cropped-LogoBlanco.png"},"aioseo_meta_data":{"post_id":"4932","title":null,"description":null,"keywords":null,"keyphrases":null,"primary_term":null,"canonical_url":null,"og_title":null,"og_description":null,"og_object_type":"default","og_image_type":"default","og_image_url":null,"og_image_width":null,"og_image_height":null,"og_image_custom_url":null,"og_image_custom_fields":null,"og_video":null,"og_custom_url":null,"og_article_section":null,"og_article_tags":null,"twitter_use_og":false,"twitter_card":"default","twitter_image_type":"default","twitter_image_url":null,"twitter_image_custom_url":null,"twitter_image_custom_fields":null,"twitter_title":null,"twitter_description":null,"schema":{"blockGraphs":[],"customGraphs":[],"default":{"data":{"Article":[],"Course":[],"Dataset":[],"FAQPage":[],"Movie":[],"Person":[],"Product":[],"ProductReview":[],"Car":[],"Recipe":[],"Service":[],"SoftwareApplication":[],"WebPage":[]},"graphName":"","isEnabled":true},"graphs":[]},"schema_type":"default","schema_type_options":null,"pillar_content":false,"robots_default":true,"robots_noindex":false,"robots_noarchive":false,"robots_nosnippet":false,"robots_nofollow":false,"robots_noimageindex":false,"robots_noodp":false,"robots_notranslate":false,"robots_max_snippet":null,"robots_max_videopreview":null,"robots_max_imagepreview":"large","priority":null,"frequency":null,"local_seo":null,"limit_modified_date":false,"created":"2026-09-01 19:57:46","updated":"2026-09-01 19:57:46","ai":null,"breadcrumb_settings":null,"seo_analyzer_scan_date":null,"focus_keyword":null,"additional_keywords":null,"truseo_locale":null},"aioseo_breadcrumb":"<div class=\"aioseo-breadcrumbs\"><span class=\"aioseo-breadcrumb\">\n\t\t\t<a href=\"https:\/\/elprogresivo.mx\" title=\"Home\">Home<\/a>\n\t\t<\/span><span class=\"aioseo-breadcrumb-separator\">&raquo;<\/span><span class=\"aioseo-breadcrumb\">\n\t\t\t<a href=\"https:\/\/elprogresivo.mx\/index.php\/category\/blog\/\" title=\"Blog\">Blog<\/a>\n\t\t<\/span><span class=\"aioseo-breadcrumb-separator\">&raquo;<\/span><span class=\"aioseo-breadcrumb\">\n\t\t\tFamilies in Queretaro watch lunar eclipse at certified park\n\t\t<\/span><\/div>","aioseo_breadcrumb_json":[{"label":"Home","link":"https:\/\/elprogresivo.mx"},{"label":"Blog","link":"https:\/\/elprogresivo.mx\/index.php\/category\/blog\/"},{"label":"Families in Queretaro watch lunar eclipse at certified park","link":"https:\/\/elprogresivo.mx\/index.php\/2026\/08\/28\/families-in-queretaro-watch-lunar-eclipse-at-certified-park\/"}],"jetpack_publicize_connections":[],"_links":{"self":[{"href":"https:\/\/elprogresivo.mx\/index.php\/wp-json\/wp\/v2\/posts\/4932","targetHints":{"allow":["GET"]}}],"collection":[{"href":"https:\/\/elprogresivo.mx\/index.php\/wp-json\/wp\/v2\/posts"}],"about":[{"href":"https:\/\/elprogresivo.mx\/index.php\/wp-json\/wp\/v2\/types\/post"}],"author":[{"embeddable":true,"href":"https:\/\/elprogresivo.mx\/index.php\/wp-json\/wp\/v2\/users\/5"}],"replies":[{"embeddable":true,"href":"https:\/\/elprogresivo.mx\/index.php\/wp-json\/wp\/v2\/comments?post=4932"}],"version-history":[{"count":0,"href":"https:\/\/elprogresivo.mx\/index.php\/wp-json\/wp\/v2\/posts\/4932\/revisions"}],"wp:featuredmedia":[{"embeddable":true,"href":"https:\/\/elprogresivo.mx\/index.php\/wp-json\/wp\/v2\/media\/4931"}],"wp:attachment":[{"href":"https:\/\/elprogresivo.mx\/index.php\/wp-json\/wp\/v2\/media?parent=4932"}],"wp:term":[{"taxonomy":"category","embeddable":true,"href":"https:\/\/elprogresivo.mx\/index.php\/wp-json\/wp\/v2\/categories?post=4932"},{"taxonomy":"post_tag","embeddable":true,"href":"https:\/\/elprogresivo.mx\/index.php\/wp-json\/wp\/v2\/tags?post=4932"}],"curies":[{"name":"wp","href":"https:\/\/api.w.org\/{rel}","templated":true}]}}