{"id":4930,"date":"2026-08-28T10:00:00","date_gmt":"2026-08-28T10:00:00","guid":{"rendered":"https:\/\/elprogresivo.mx\/index.php\/2026\/08\/28\/el-cam-norte-de-queretaro-atendio-a-mas-de-mil-personas-en-dos-meses\/"},"modified":"2026-08-28T10:00:00","modified_gmt":"2026-08-28T10:00:00","slug":"el-cam-norte-de-queretaro-atendio-a-mas-de-mil-personas-en-dos-meses","status":"publish","type":"post","link":"https:\/\/elprogresivo.mx\/index.php\/2026\/08\/28\/el-cam-norte-de-queretaro-atendio-a-mas-de-mil-personas-en-dos-meses\/","title":{"rendered":"El CAM Norte de Quer\u00e9taro atendi\u00f3 a m\u00e1s de mil personas en dos meses"},"content":{"rendered":"<p>M\u00e1s de mil vecinos del norte de Quer\u00e9taro resolvieron sus tr\u00e1mites municipales en el Centro de Atenci\u00f3n Municipal Norte durante julio y agosto. Este servicio temporal oper\u00f3 en las instalaciones del Centro de Innovaci\u00f3n y Tecnolog\u00eda Creativa BLOQUE para evitar que la gente se enfrentara al tr\u00e1fico intenso en Bernardo Quintana, derivado de las obras del tren M\u00e9xico-Quer\u00e9taro.<\/p>\n<p>Entre el 13 de julio y el 24 de agosto, personal de siete secretar\u00edas municipales atendi\u00f3 gestiones en las delegaciones F\u00e9lix Osores Sotomayor, Epigmenio Gonz\u00e1lez, Felipe Carrillo Puerto y Santa Rosa J\u00e1uregui. Los ciudadanos obtuvieron tarjetones de estacionamiento para discapacidad, licencias de construcci\u00f3n, constancias de residencia y contratos de recolecci\u00f3n de basura, adem\u00e1s de asesor\u00edas sobre pagos y catastral.<\/p>\n<p>La semana m\u00e1s ajetreada fue del 20 al 24 de julio, con m\u00e1s de 200 atenciones. En promedio, el centro recibi\u00f3 a 30 personas diarias y 150 por semana. Tambi\u00e9n se brindaron consultas presenciales a m\u00e1s de 70 vecinos que necesitaban aclarar dudas sobre sus tr\u00e1mites.<\/p>\n<p>Este viernes 28 de agosto cierra el operativo en BLOQUE, coincidiendo con el fin de las obras federales y la reapertura de la v\u00eda. A partir del lunes, m\u00e1s de 35 empleados regresan a Centro C\u00edvico para continuar con los servicios habituales.<\/p>\n","protected":false},"excerpt":{"rendered":"<p>M\u00e1s de mil vecinos del norte de Quer\u00e9taro resolvieron sus tr\u00e1mites municipales en el Centro&#8230;<\/p>\n","protected":false},"author":5,"featured_media":4929,"comment_status":"open","ping_status":"open","sticky":false,"template":"","format":"standard","meta":{"om_disable_all_campaigns":false,"_monsterinsights_skip_tracking":false,"footnotes":"","jetpack_publicize_message":"","jetpack_publicize_feature_enabled":true,"jetpack_social_post_already_shared":true,"jetpack_social_options":{"image_generator_settings":{"template":"highway","default_image_id":0,"font":"","enabled":false},"version":2}},"categories":[1],"tags":[1127,3261,3262,3260],"class_list":["post-4930","post","type-post","status-publish","format-standard","has-post-thumbnail","hentry","category-blog","tag-bernardo-quintana","tag-cam-norte","tag-obras-tren-mexico-queretaro","tag-tramites-municipales"],"aioseo_notices":[],"aioseo_head":"\n\t\t<!-- All in One SEO 5.0.1.1 - aioseo.com -->\n\t<meta name=\"description\" content=\"M\u00e1s de mil vecinos del norte de Quer\u00e9taro resolvieron sus tr\u00e1mites municipales en el Centro de Atenci\u00f3n Municipal Norte durante julio y agosto. Este servicio temporal oper\u00f3 en las instalaciones del Centro de Innovaci\u00f3n y Tecnolog\u00eda Creativa BLOQUE para evitar que la gente se enfrentara al tr\u00e1fico intenso en Bernardo Quintana, derivado de las obras\" \/>\n\t<meta name=\"robots\" content=\"max-image-preview:large\" \/>\n\t<meta name=\"author\" content=\"Staff\"\/>\n\t<link rel=\"canonical\" href=\"https:\/\/elprogresivo.mx\/index.php\/2026\/08\/28\/el-cam-norte-de-queretaro-atendio-a-mas-de-mil-personas-en-dos-meses\/\" \/>\n\t<meta name=\"generator\" content=\"All in One SEO (AIOSEO) 5.0.1.1\" \/>\n\t\t<meta property=\"og:locale\" content=\"es_MX\" \/>\n\t\t<meta property=\"og:site_name\" content=\"elprogresivo.mx - Construimos una nueva etapa en informaci\u00f3n\" \/>\n\t\t<meta property=\"og:type\" content=\"article\" \/>\n\t\t<meta property=\"og:title\" content=\"El CAM Norte de Quer\u00e9taro atendi\u00f3 a m\u00e1s de mil personas en dos meses - elprogresivo.mx\" \/>\n\t\t<meta property=\"og:description\" content=\"M\u00e1s de mil vecinos del norte de Quer\u00e9taro resolvieron sus tr\u00e1mites municipales en el Centro de Atenci\u00f3n Municipal Norte durante julio y agosto. Este servicio temporal oper\u00f3 en las instalaciones del Centro de Innovaci\u00f3n y Tecnolog\u00eda Creativa BLOQUE para evitar que la gente se enfrentara al tr\u00e1fico intenso en Bernardo Quintana, derivado de las obras\" \/>\n\t\t<meta property=\"og:url\" content=\"https:\/\/elprogresivo.mx\/index.php\/2026\/08\/28\/el-cam-norte-de-queretaro-atendio-a-mas-de-mil-personas-en-dos-meses\/\" \/>\n\t\t<meta property=\"og:image\" content=\"https:\/\/elprogresivo.mx\/wp-content\/uploads\/2024\/02\/cropped-LogoBlanco.png\" \/>\n\t\t<meta property=\"og:image:secure_url\" content=\"https:\/\/elprogresivo.mx\/wp-content\/uploads\/2024\/02\/cropped-LogoBlanco.png\" \/>\n\t\t<meta property=\"article:published_time\" content=\"2026-08-28T10:00:00+00:00\" \/>\n\t\t<meta property=\"article:modified_time\" content=\"2026-08-28T10:00:00+00:00\" \/>\n\t\t<meta name=\"twitter:card\" content=\"summary_large_image\" \/>\n\t\t<meta name=\"twitter:title\" content=\"El CAM Norte de Quer\u00e9taro atendi\u00f3 a m\u00e1s de mil personas en dos meses - elprogresivo.mx\" \/>\n\t\t<meta name=\"twitter:description\" content=\"M\u00e1s de mil vecinos del norte de Quer\u00e9taro resolvieron sus tr\u00e1mites municipales en el Centro de Atenci\u00f3n Municipal Norte durante julio y agosto. Este servicio temporal oper\u00f3 en las instalaciones del Centro de Innovaci\u00f3n y Tecnolog\u00eda Creativa BLOQUE para evitar que la gente se enfrentara al tr\u00e1fico intenso en Bernardo Quintana, derivado de las obras\" \/>\n\t\t<meta name=\"twitter:image\" content=\"https:\/\/elprogresivo.mx\/wp-content\/uploads\/2024\/02\/cropped-LogoBlanco.png\" \/>\n\t\t<script type=\"application\/ld+json\" class=\"aioseo-schema\">\n\t\t\t{\"@context\":\"https:\\\/\\\/schema.org\",\"@graph\":[{\"@type\":\"BlogPosting\",\"@id\":\"https:\\\/\\\/elprogresivo.mx\\\/index.php\\\/2026\\\/08\\\/28\\\/el-cam-norte-de-queretaro-atendio-a-mas-de-mil-personas-en-dos-meses\\\/#blogposting\",\"name\":\"El CAM Norte de Quer\\u00e9taro atendi\\u00f3 a m\\u00e1s de mil personas en dos meses - elprogresivo.mx\",\"headline\":\"El CAM Norte de Quer\\u00e9taro atendi\\u00f3 a m\\u00e1s de mil personas en dos meses\",\"author\":{\"@id\":\"https:\\\/\\\/elprogresivo.mx\\\/index.php\\\/author\\\/emmanuel-galvan\\\/#author\"},\"publisher\":{\"@id\":\"https:\\\/\\\/elprogresivo.mx\\\/#organization\"},\"image\":{\"@type\":\"ImageObject\",\"url\":\"https:\\\/\\\/elprogresivo.mx\\\/wp-content\\\/uploads\\\/2026\\\/09\\\/noticia_20260901135433.jpg\",\"width\":1280,\"height\":960},\"datePublished\":\"2026-08-28T10:00:00+00:00\",\"dateModified\":\"2026-08-28T10:00:00+00:00\",\"inLanguage\":\"es-MX\",\"mainEntityOfPage\":{\"@id\":\"https:\\\/\\\/elprogresivo.mx\\\/index.php\\\/2026\\\/08\\\/28\\\/el-cam-norte-de-queretaro-atendio-a-mas-de-mil-personas-en-dos-meses\\\/#webpage\"},\"isPartOf\":{\"@id\":\"https:\\\/\\\/elprogresivo.mx\\\/index.php\\\/2026\\\/08\\\/28\\\/el-cam-norte-de-queretaro-atendio-a-mas-de-mil-personas-en-dos-meses\\\/#webpage\"},\"articleSection\":\"Blog, Bernardo Quintana, CAM Norte, Obras Tren Mexico-Quer\\u00e9taro, Tr\\u00e1mites Municipales\"},{\"@type\":\"BreadcrumbList\",\"@id\":\"https:\\\/\\\/elprogresivo.mx\\\/index.php\\\/2026\\\/08\\\/28\\\/el-cam-norte-de-queretaro-atendio-a-mas-de-mil-personas-en-dos-meses\\\/#breadcrumblist\",\"itemListElement\":[{\"@type\":\"ListItem\",\"@id\":\"https:\\\/\\\/elprogresivo.mx#listItem\",\"position\":1,\"name\":\"Home\",\"item\":\"https:\\\/\\\/elprogresivo.mx\",\"nextItem\":{\"@type\":\"ListItem\",\"@id\":\"https:\\\/\\\/elprogresivo.mx\\\/index.php\\\/category\\\/blog\\\/#listItem\",\"name\":\"Blog\"}},{\"@type\":\"ListItem\",\"@id\":\"https:\\\/\\\/elprogresivo.mx\\\/index.php\\\/category\\\/blog\\\/#listItem\",\"position\":2,\"name\":\"Blog\",\"item\":\"https:\\\/\\\/elprogresivo.mx\\\/index.php\\\/category\\\/blog\\\/\",\"nextItem\":{\"@type\":\"ListItem\",\"@id\":\"https:\\\/\\\/elprogresivo.mx\\\/index.php\\\/2026\\\/08\\\/28\\\/el-cam-norte-de-queretaro-atendio-a-mas-de-mil-personas-en-dos-meses\\\/#listItem\",\"name\":\"El CAM Norte de Quer\\u00e9taro atendi\\u00f3 a m\\u00e1s de mil personas en dos meses\"},\"previousItem\":{\"@type\":\"ListItem\",\"@id\":\"https:\\\/\\\/elprogresivo.mx#listItem\",\"name\":\"Home\"}},{\"@type\":\"ListItem\",\"@id\":\"https:\\\/\\\/elprogresivo.mx\\\/index.php\\\/2026\\\/08\\\/28\\\/el-cam-norte-de-queretaro-atendio-a-mas-de-mil-personas-en-dos-meses\\\/#listItem\",\"position\":3,\"name\":\"El CAM Norte de Quer\\u00e9taro atendi\\u00f3 a m\\u00e1s de mil personas en dos meses\",\"previousItem\":{\"@type\":\"ListItem\",\"@id\":\"https:\\\/\\\/elprogresivo.mx\\\/index.php\\\/category\\\/blog\\\/#listItem\",\"name\":\"Blog\"}}]},{\"@type\":\"Organization\",\"@id\":\"https:\\\/\\\/elprogresivo.mx\\\/#organization\",\"name\":\"elprogresivo.mx\",\"description\":\"Construimos una nueva etapa en informaci\\u00f3n\",\"url\":\"https:\\\/\\\/elprogresivo.mx\\\/\",\"logo\":{\"@type\":\"ImageObject\",\"url\":\"https:\\\/\\\/elprogresivo.mx\\\/wp-content\\\/uploads\\\/2024\\\/02\\\/cropped-LogoBlanco.png\",\"@id\":\"https:\\\/\\\/elprogresivo.mx\\\/index.php\\\/2026\\\/08\\\/28\\\/el-cam-norte-de-queretaro-atendio-a-mas-de-mil-personas-en-dos-meses\\\/#organizationLogo\",\"width\":2096,\"height\":332},\"image\":{\"@id\":\"https:\\\/\\\/elprogresivo.mx\\\/index.php\\\/2026\\\/08\\\/28\\\/el-cam-norte-de-queretaro-atendio-a-mas-de-mil-personas-en-dos-meses\\\/#organizationLogo\"}},{\"@type\":\"Person\",\"@id\":\"https:\\\/\\\/elprogresivo.mx\\\/index.php\\\/author\\\/emmanuel-galvan\\\/#author\",\"url\":\"https:\\\/\\\/elprogresivo.mx\\\/index.php\\\/author\\\/emmanuel-galvan\\\/\",\"name\":\"Staff\",\"image\":{\"@type\":\"ImageObject\",\"@id\":\"https:\\\/\\\/elprogresivo.mx\\\/index.php\\\/2026\\\/08\\\/28\\\/el-cam-norte-de-queretaro-atendio-a-mas-de-mil-personas-en-dos-meses\\\/#authorImage\",\"url\":\"https:\\\/\\\/secure.gravatar.com\\\/avatar\\\/3bb87242634c3adf910515f41e6e392ab758b98c8ee7fd12a54fcb5270441486?s=96&d=mm&r=g\",\"width\":96,\"height\":96,\"caption\":\"Staff\"}},{\"@type\":\"WebPage\",\"@id\":\"https:\\\/\\\/elprogresivo.mx\\\/index.php\\\/2026\\\/08\\\/28\\\/el-cam-norte-de-queretaro-atendio-a-mas-de-mil-personas-en-dos-meses\\\/#webpage\",\"url\":\"https:\\\/\\\/elprogresivo.mx\\\/index.php\\\/2026\\\/08\\\/28\\\/el-cam-norte-de-queretaro-atendio-a-mas-de-mil-personas-en-dos-meses\\\/\",\"name\":\"El CAM Norte de Quer\\u00e9taro atendi\\u00f3 a m\\u00e1s de mil personas en dos meses - elprogresivo.mx\",\"description\":\"M\\u00e1s de mil vecinos del norte de Quer\\u00e9taro resolvieron sus tr\\u00e1mites municipales en el Centro de Atenci\\u00f3n Municipal Norte durante julio y agosto. Este servicio temporal oper\\u00f3 en las instalaciones del Centro de Innovaci\\u00f3n y Tecnolog\\u00eda Creativa BLOQUE para evitar que la gente se enfrentara al tr\\u00e1fico intenso en Bernardo Quintana, derivado de las obras\",\"inLanguage\":\"es-MX\",\"isPartOf\":{\"@id\":\"https:\\\/\\\/elprogresivo.mx\\\/#website\"},\"breadcrumb\":{\"@id\":\"https:\\\/\\\/elprogresivo.mx\\\/index.php\\\/2026\\\/08\\\/28\\\/el-cam-norte-de-queretaro-atendio-a-mas-de-mil-personas-en-dos-meses\\\/#breadcrumblist\"},\"author\":{\"@id\":\"https:\\\/\\\/elprogresivo.mx\\\/index.php\\\/author\\\/emmanuel-galvan\\\/#author\"},\"creator\":{\"@id\":\"https:\\\/\\\/elprogresivo.mx\\\/index.php\\\/author\\\/emmanuel-galvan\\\/#author\"},\"image\":{\"@type\":\"ImageObject\",\"url\":\"https:\\\/\\\/elprogresivo.mx\\\/wp-content\\\/uploads\\\/2026\\\/09\\\/noticia_20260901135433.jpg\",\"@id\":\"https:\\\/\\\/elprogresivo.mx\\\/index.php\\\/2026\\\/08\\\/28\\\/el-cam-norte-de-queretaro-atendio-a-mas-de-mil-personas-en-dos-meses\\\/#mainImage\",\"width\":1280,\"height\":960},\"primaryImageOfPage\":{\"@id\":\"https:\\\/\\\/elprogresivo.mx\\\/index.php\\\/2026\\\/08\\\/28\\\/el-cam-norte-de-queretaro-atendio-a-mas-de-mil-personas-en-dos-meses\\\/#mainImage\"},\"datePublished\":\"2026-08-28T10:00:00+00:00\",\"dateModified\":\"2026-08-28T10:00:00+00:00\"},{\"@type\":\"WebSite\",\"@id\":\"https:\\\/\\\/elprogresivo.mx\\\/#website\",\"url\":\"https:\\\/\\\/elprogresivo.mx\\\/\",\"name\":\"elprogresivo.mx\",\"description\":\"Construimos una nueva etapa en informaci\\u00f3n\",\"inLanguage\":\"es-MX\",\"publisher\":{\"@id\":\"https:\\\/\\\/elprogresivo.mx\\\/#organization\"}}]}\n\t\t<\/script>\n\t\t<!-- All in One SEO -->\n\n","aioseo_head_json":{"title":"El CAM Norte de Quer\u00e9taro atendi\u00f3 a m\u00e1s de mil personas en dos meses - elprogresivo.mx","description":"M\u00e1s de mil vecinos del norte de Quer\u00e9taro resolvieron sus tr\u00e1mites municipales en el Centro de Atenci\u00f3n Municipal Norte durante julio y agosto. Este servicio temporal oper\u00f3 en las instalaciones del Centro de Innovaci\u00f3n y Tecnolog\u00eda Creativa BLOQUE para evitar que la gente se enfrentara al tr\u00e1fico intenso en Bernardo Quintana, derivado de las obras","canonical_url":"https:\/\/elprogresivo.mx\/index.php\/2026\/08\/28\/el-cam-norte-de-queretaro-atendio-a-mas-de-mil-personas-en-dos-meses\/","robots":"max-image-preview:large","keywords":"","webmasterTools":{"miscellaneous":""},"schema":{"@context":"https:\/\/schema.org","@graph":[{"@type":"BlogPosting","@id":"https:\/\/elprogresivo.mx\/index.php\/2026\/08\/28\/el-cam-norte-de-queretaro-atendio-a-mas-de-mil-personas-en-dos-meses\/#blogposting","name":"El CAM Norte de Quer\u00e9taro atendi\u00f3 a m\u00e1s de mil personas en dos meses - elprogresivo.mx","headline":"El CAM Norte de Quer\u00e9taro atendi\u00f3 a m\u00e1s de mil personas en dos meses","author":{"@id":"https:\/\/elprogresivo.mx\/index.php\/author\/emmanuel-galvan\/#author"},"publisher":{"@id":"https:\/\/elprogresivo.mx\/#organization"},"image":{"@type":"ImageObject","url":"https:\/\/elprogresivo.mx\/wp-content\/uploads\/2026\/09\/noticia_20260901135433.jpg","width":1280,"height":960},"datePublished":"2026-08-28T10:00:00+00:00","dateModified":"2026-08-28T10:00:00+00:00","inLanguage":"es-MX","mainEntityOfPage":{"@id":"https:\/\/elprogresivo.mx\/index.php\/2026\/08\/28\/el-cam-norte-de-queretaro-atendio-a-mas-de-mil-personas-en-dos-meses\/#webpage"},"isPartOf":{"@id":"https:\/\/elprogresivo.mx\/index.php\/2026\/08\/28\/el-cam-norte-de-queretaro-atendio-a-mas-de-mil-personas-en-dos-meses\/#webpage"},"articleSection":"Blog, Bernardo Quintana, CAM Norte, Obras Tren Mexico-Quer\u00e9taro, Tr\u00e1mites Municipales"},{"@type":"BreadcrumbList","@id":"https:\/\/elprogresivo.mx\/index.php\/2026\/08\/28\/el-cam-norte-de-queretaro-atendio-a-mas-de-mil-personas-en-dos-meses\/#breadcrumblist","itemListElement":[{"@type":"ListItem","@id":"https:\/\/elprogresivo.mx#listItem","position":1,"name":"Home","item":"https:\/\/elprogresivo.mx","nextItem":{"@type":"ListItem","@id":"https:\/\/elprogresivo.mx\/index.php\/category\/blog\/#listItem","name":"Blog"}},{"@type":"ListItem","@id":"https:\/\/elprogresivo.mx\/index.php\/category\/blog\/#listItem","position":2,"name":"Blog","item":"https:\/\/elprogresivo.mx\/index.php\/category\/blog\/","nextItem":{"@type":"ListItem","@id":"https:\/\/elprogresivo.mx\/index.php\/2026\/08\/28\/el-cam-norte-de-queretaro-atendio-a-mas-de-mil-personas-en-dos-meses\/#listItem","name":"El CAM Norte de Quer\u00e9taro atendi\u00f3 a m\u00e1s de mil personas en dos meses"},"previousItem":{"@type":"ListItem","@id":"https:\/\/elprogresivo.mx#listItem","name":"Home"}},{"@type":"ListItem","@id":"https:\/\/elprogresivo.mx\/index.php\/2026\/08\/28\/el-cam-norte-de-queretaro-atendio-a-mas-de-mil-personas-en-dos-meses\/#listItem","position":3,"name":"El CAM Norte de Quer\u00e9taro atendi\u00f3 a m\u00e1s de mil personas en dos meses","previousItem":{"@type":"ListItem","@id":"https:\/\/elprogresivo.mx\/index.php\/category\/blog\/#listItem","name":"Blog"}}]},{"@type":"Organization","@id":"https:\/\/elprogresivo.mx\/#organization","name":"elprogresivo.mx","description":"Construimos una nueva etapa en informaci\u00f3n","url":"https:\/\/elprogresivo.mx\/","logo":{"@type":"ImageObject","url":"https:\/\/elprogresivo.mx\/wp-content\/uploads\/2024\/02\/cropped-LogoBlanco.png","@id":"https:\/\/elprogresivo.mx\/index.php\/2026\/08\/28\/el-cam-norte-de-queretaro-atendio-a-mas-de-mil-personas-en-dos-meses\/#organizationLogo","width":2096,"height":332},"image":{"@id":"https:\/\/elprogresivo.mx\/index.php\/2026\/08\/28\/el-cam-norte-de-queretaro-atendio-a-mas-de-mil-personas-en-dos-meses\/#organizationLogo"}},{"@type":"Person","@id":"https:\/\/elprogresivo.mx\/index.php\/author\/emmanuel-galvan\/#author","url":"https:\/\/elprogresivo.mx\/index.php\/author\/emmanuel-galvan\/","name":"Staff","image":{"@type":"ImageObject","@id":"https:\/\/elprogresivo.mx\/index.php\/2026\/08\/28\/el-cam-norte-de-queretaro-atendio-a-mas-de-mil-personas-en-dos-meses\/#authorImage","url":"https:\/\/secure.gravatar.com\/avatar\/3bb87242634c3adf910515f41e6e392ab758b98c8ee7fd12a54fcb5270441486?s=96&d=mm&r=g","width":96,"height":96,"caption":"Staff"}},{"@type":"WebPage","@id":"https:\/\/elprogresivo.mx\/index.php\/2026\/08\/28\/el-cam-norte-de-queretaro-atendio-a-mas-de-mil-personas-en-dos-meses\/#webpage","url":"https:\/\/elprogresivo.mx\/index.php\/2026\/08\/28\/el-cam-norte-de-queretaro-atendio-a-mas-de-mil-personas-en-dos-meses\/","name":"El CAM Norte de Quer\u00e9taro atendi\u00f3 a m\u00e1s de mil personas en dos meses - elprogresivo.mx","description":"M\u00e1s de mil vecinos del norte de Quer\u00e9taro resolvieron sus tr\u00e1mites municipales en el Centro de Atenci\u00f3n Municipal Norte durante julio y agosto. Este servicio temporal oper\u00f3 en las instalaciones del Centro de Innovaci\u00f3n y Tecnolog\u00eda Creativa BLOQUE para evitar que la gente se enfrentara al tr\u00e1fico intenso en Bernardo Quintana, derivado de las obras","inLanguage":"es-MX","isPartOf":{"@id":"https:\/\/elprogresivo.mx\/#website"},"breadcrumb":{"@id":"https:\/\/elprogresivo.mx\/index.php\/2026\/08\/28\/el-cam-norte-de-queretaro-atendio-a-mas-de-mil-personas-en-dos-meses\/#breadcrumblist"},"author":{"@id":"https:\/\/elprogresivo.mx\/index.php\/author\/emmanuel-galvan\/#author"},"creator":{"@id":"https:\/\/elprogresivo.mx\/index.php\/author\/emmanuel-galvan\/#author"},"image":{"@type":"ImageObject","url":"https:\/\/elprogresivo.mx\/wp-content\/uploads\/2026\/09\/noticia_20260901135433.jpg","@id":"https:\/\/elprogresivo.mx\/index.php\/2026\/08\/28\/el-cam-norte-de-queretaro-atendio-a-mas-de-mil-personas-en-dos-meses\/#mainImage","width":1280,"height":960},"primaryImageOfPage":{"@id":"https:\/\/elprogresivo.mx\/index.php\/2026\/08\/28\/el-cam-norte-de-queretaro-atendio-a-mas-de-mil-personas-en-dos-meses\/#mainImage"},"datePublished":"2026-08-28T10:00:00+00:00","dateModified":"2026-08-28T10:00:00+00:00"},{"@type":"WebSite","@id":"https:\/\/elprogresivo.mx\/#website","url":"https:\/\/elprogresivo.mx\/","name":"elprogresivo.mx","description":"Construimos una nueva etapa en informaci\u00f3n","inLanguage":"es-MX","publisher":{"@id":"https:\/\/elprogresivo.mx\/#organization"}}]},"og:locale":"es_MX","og:site_name":"elprogresivo.mx - Construimos una nueva etapa en informaci\u00f3n","og:type":"article","og:title":"El CAM Norte de Quer\u00e9taro atendi\u00f3 a m\u00e1s de mil personas en dos meses - elprogresivo.mx","og:description":"M\u00e1s de mil vecinos del norte de Quer\u00e9taro resolvieron sus tr\u00e1mites municipales en el Centro de Atenci\u00f3n Municipal Norte durante julio y agosto. Este servicio temporal oper\u00f3 en las instalaciones del Centro de Innovaci\u00f3n y Tecnolog\u00eda Creativa BLOQUE para evitar que la gente se enfrentara al tr\u00e1fico intenso en Bernardo Quintana, derivado de las obras","og:url":"https:\/\/elprogresivo.mx\/index.php\/2026\/08\/28\/el-cam-norte-de-queretaro-atendio-a-mas-de-mil-personas-en-dos-meses\/","og:image":"https:\/\/elprogresivo.mx\/wp-content\/uploads\/2024\/02\/cropped-LogoBlanco.png","og:image:secure_url":"https:\/\/elprogresivo.mx\/wp-content\/uploads\/2024\/02\/cropped-LogoBlanco.png","article:published_time":"2026-08-28T10:00:00+00:00","article:modified_time":"2026-08-28T10:00:00+00:00","twitter:card":"summary_large_image","twitter:title":"El CAM Norte de Quer\u00e9taro atendi\u00f3 a m\u00e1s de mil personas en dos meses - elprogresivo.mx","twitter:description":"M\u00e1s de mil vecinos del norte de Quer\u00e9taro resolvieron sus tr\u00e1mites municipales en el Centro de Atenci\u00f3n Municipal Norte durante julio y agosto. Este servicio temporal oper\u00f3 en las instalaciones del Centro de Innovaci\u00f3n y Tecnolog\u00eda Creativa BLOQUE para evitar que la gente se enfrentara al tr\u00e1fico intenso en Bernardo Quintana, derivado de las obras","twitter:image":"https:\/\/elprogresivo.mx\/wp-content\/uploads\/2024\/02\/cropped-LogoBlanco.png"},"aioseo_meta_data":{"post_id":"4930","title":null,"description":null,"keywords":null,"keyphrases":null,"primary_term":null,"canonical_url":null,"og_title":null,"og_description":null,"og_object_type":"default","og_image_type":"default","og_image_url":null,"og_image_width":null,"og_image_height":null,"og_image_custom_url":null,"og_image_custom_fields":null,"og_video":null,"og_custom_url":null,"og_article_section":null,"og_article_tags":null,"twitter_use_og":false,"twitter_card":"default","twitter_image_type":"default","twitter_image_url":null,"twitter_image_custom_url":null,"twitter_image_custom_fields":null,"twitter_title":null,"twitter_description":null,"schema":{"blockGraphs":[],"customGraphs":[],"default":{"data":{"Article":[],"Course":[],"Dataset":[],"FAQPage":[],"Movie":[],"Person":[],"Product":[],"ProductReview":[],"Car":[],"Recipe":[],"Service":[],"SoftwareApplication":[],"WebPage":[]},"graphName":"","isEnabled":true},"graphs":[]},"schema_type":"default","schema_type_options":null,"pillar_content":false,"robots_default":true,"robots_noindex":false,"robots_noarchive":false,"robots_nosnippet":false,"robots_nofollow":false,"robots_noimageindex":false,"robots_noodp":false,"robots_notranslate":false,"robots_max_snippet":null,"robots_max_videopreview":null,"robots_max_imagepreview":"large","priority":null,"frequency":null,"local_seo":null,"limit_modified_date":false,"created":"2026-09-01 19:57:46","updated":"2026-09-01 19:57:46","ai":null,"breadcrumb_settings":null,"seo_analyzer_scan_date":null,"focus_keyword":null,"additional_keywords":null,"truseo_locale":null},"aioseo_breadcrumb":"<div class=\"aioseo-breadcrumbs\"><span class=\"aioseo-breadcrumb\">\n\t\t\t<a href=\"https:\/\/elprogresivo.mx\" title=\"Home\">Home<\/a>\n\t\t<\/span><span class=\"aioseo-breadcrumb-separator\">&raquo;<\/span><span class=\"aioseo-breadcrumb\">\n\t\t\t<a href=\"https:\/\/elprogresivo.mx\/index.php\/category\/blog\/\" title=\"Blog\">Blog<\/a>\n\t\t<\/span><span class=\"aioseo-breadcrumb-separator\">&raquo;<\/span><span class=\"aioseo-breadcrumb\">\n\t\t\tEl CAM Norte de Quer\u00e9taro atendi\u00f3 a m\u00e1s de mil personas en dos meses\n\t\t<\/span><\/div>","aioseo_breadcrumb_json":[{"label":"Home","link":"https:\/\/elprogresivo.mx"},{"label":"Blog","link":"https:\/\/elprogresivo.mx\/index.php\/category\/blog\/"},{"label":"El CAM Norte de Quer\u00e9taro atendi\u00f3 a m\u00e1s de mil personas en dos meses","link":"https:\/\/elprogresivo.mx\/index.php\/2026\/08\/28\/el-cam-norte-de-queretaro-atendio-a-mas-de-mil-personas-en-dos-meses\/"}],"jetpack_publicize_connections":[],"_links":{"self":[{"href":"https:\/\/elprogresivo.mx\/index.php\/wp-json\/wp\/v2\/posts\/4930","targetHints":{"allow":["GET"]}}],"collection":[{"href":"https:\/\/elprogresivo.mx\/index.php\/wp-json\/wp\/v2\/posts"}],"about":[{"href":"https:\/\/elprogresivo.mx\/index.php\/wp-json\/wp\/v2\/types\/post"}],"author":[{"embeddable":true,"href":"https:\/\/elprogresivo.mx\/index.php\/wp-json\/wp\/v2\/users\/5"}],"replies":[{"embeddable":true,"href":"https:\/\/elprogresivo.mx\/index.php\/wp-json\/wp\/v2\/comments?post=4930"}],"version-history":[{"count":0,"href":"https:\/\/elprogresivo.mx\/index.php\/wp-json\/wp\/v2\/posts\/4930\/revisions"}],"wp:featuredmedia":[{"embeddable":true,"href":"https:\/\/elprogresivo.mx\/index.php\/wp-json\/wp\/v2\/media\/4929"}],"wp:attachment":[{"href":"https:\/\/elprogresivo.mx\/index.php\/wp-json\/wp\/v2\/media?parent=4930"}],"wp:term":[{"taxonomy":"category","embeddable":true,"href":"https:\/\/elprogresivo.mx\/index.php\/wp-json\/wp\/v2\/categories?post=4930"},{"taxonomy":"post_tag","embeddable":true,"href":"https:\/\/elprogresivo.mx\/index.php\/wp-json\/wp\/v2\/tags?post=4930"}],"curies":[{"name":"wp","href":"https:\/\/api.w.org\/{rel}","templated":true}]}}