{"id":4926,"date":"2026-08-28T12:00:00","date_gmt":"2026-08-28T12:00:00","guid":{"rendered":"https:\/\/elprogresivo.mx\/index.php\/2026\/08\/28\/macias-sin-sus-valores-no-hay-queretaro-de-hoy\/"},"modified":"2026-08-28T12:00:00","modified_gmt":"2026-08-28T12:00:00","slug":"macias-sin-sus-valores-no-hay-queretaro-de-hoy","status":"publish","type":"post","link":"https:\/\/elprogresivo.mx\/index.php\/2026\/08\/28\/macias-sin-sus-valores-no-hay-queretaro-de-hoy\/","title":{"rendered":"Mac\u00edas: Sin sus valores, no hay Quer\u00e9taro de hoy"},"content":{"rendered":"<p>Felifer Mac\u00edas, presidente municipal de Quer\u00e9taro, dijo ante m\u00e1s de tres mil 500 adultos mayores que el orgullo que hoy se siente por la ciudad se debe a la ense\u00f1anza de valores y principios que ellos transmitieron a sus familias.<\/p>\n<p>El mandatario asisti\u00f3 al &#8220;Baile de Plata&#8221;, evento del Sistema Municipal DIF para celebrar el D\u00eda de las Personas Adultas Mayores. All\u00ed, acompa\u00f1ado de Adriana Olvera de Mac\u00edas, presidenta del Patronato del DIF, reconoci\u00f3 que las generaciones actuales de hombres y mujeres exitosos son fruto de la formaci\u00f3n recibida en sus hogares.<\/p>\n<p>Mac\u00edas subray\u00f3 que la educaci\u00f3n vista por los abuelos y padres queretanos fue superior a la actual y llam\u00f3 a recuperar los cimientos que han dado identidad al municipio. &#8220;Amigas y amigos, yo les quiero decir que si hoy tenemos un estado de Quer\u00e9taro y una ciudad de Quer\u00e9taro, del cual nos sentimos sumamente orgullosos, es gracias a ustedes, porque ustedes fueron capaces de ense\u00f1ar, de formar generaciones de mujeres y hombres exitosos, de valores, de principios. A ustedes les ense\u00f1aron a las queretanas y queretanos que lo m\u00e1s valioso que podemos tener es la familia. \u00bfY saben qu\u00e9? La educaci\u00f3n y la formaci\u00f3n que ustedes vieron por much\u00edsimos a\u00f1os fue la mejor. Incluso mucho, mucho mejor que la de ahora. Hoy estamos tratando de buscar recuperar los valores y los principios que ustedes inculcaron&#8221;, afirm\u00f3.<\/p>\n<p>El alcalde tambi\u00e9n agradeci\u00f3 p\u00fablicamente a sus padres y, en especial, a su abuelo, Alfonso Olvera Morales, por el ejemplo y los consejos que moldearon su car\u00e1cter. Reiter\u00f3 el compromiso de su gobierno de trabajar por un mejor futuro para toda la poblaci\u00f3n y comparti\u00f3 la fiesta con asistentes provenientes de las siete delegaciones del municipio.<\/p>\n<p>Entre los invitados se encontraba la Reina de Oro 2026, Dolores Fausta Valdez. Tambi\u00e9n asistieron la Oficial Mayor, Linda Luz Luna Rangel; el director de la Agencia de Movilidad, Gerardo Cuanalo Santos; el diputado local Mauricio C\u00e1rdenas Palacios; la directora general del DIF, Gabriela Valencia Garc\u00eda; y el coordinador para el Desarrollo Integral de Personas Adultas Mayores, Alejandro Javier Lozano Vel\u00e1zquez.<\/p>\n","protected":false},"excerpt":{"rendered":"<p>Felifer Mac\u00edas, presidente municipal de Quer\u00e9taro, dijo ante m\u00e1s de tres mil 500 adultos mayores&#8230;<\/p>\n","protected":false},"author":5,"featured_media":4925,"comment_status":"open","ping_status":"open","sticky":false,"template":"","format":"standard","meta":{"om_disable_all_campaigns":false,"_monsterinsights_skip_tracking":false,"footnotes":"","jetpack_publicize_message":"","jetpack_publicize_feature_enabled":true,"jetpack_social_post_already_shared":true,"jetpack_social_options":{"image_generator_settings":{"template":"highway","default_image_id":0,"font":"","enabled":false},"version":2}},"categories":[1,71],"tags":[2393,3257,77,3256],"class_list":["post-4926","post","type-post","status-publish","format-standard","has-post-thumbnail","hentry","category-blog","category-principal","tag-adultos-mayores","tag-baile-de-plata","tag-felifer-macias","tag-sistema-dif"],"aioseo_notices":[],"aioseo_head":"\n\t\t<!-- All in One SEO 5.0.1.1 - aioseo.com -->\n\t<meta name=\"description\" content=\"Felifer Mac\u00edas, presidente municipal de Quer\u00e9taro, dijo ante m\u00e1s de tres mil 500 adultos mayores que el orgullo que hoy se siente por la ciudad se debe a la ense\u00f1anza de valores y principios que ellos transmitieron a sus familias. El mandatario asisti\u00f3 al &quot;Baile de Plata&quot;, evento del Sistema Municipal DIF para celebrar el\" \/>\n\t<meta name=\"robots\" content=\"max-image-preview:large\" \/>\n\t<meta name=\"author\" content=\"Staff\"\/>\n\t<link rel=\"canonical\" href=\"https:\/\/elprogresivo.mx\/index.php\/2026\/08\/28\/macias-sin-sus-valores-no-hay-queretaro-de-hoy\/\" \/>\n\t<meta name=\"generator\" content=\"All in One SEO (AIOSEO) 5.0.1.1\" \/>\n\t\t<meta property=\"og:locale\" content=\"es_MX\" \/>\n\t\t<meta property=\"og:site_name\" content=\"elprogresivo.mx - Construimos una nueva etapa en informaci\u00f3n\" \/>\n\t\t<meta property=\"og:type\" content=\"article\" \/>\n\t\t<meta property=\"og:title\" content=\"Mac\u00edas: Sin sus valores, no hay Quer\u00e9taro de hoy - elprogresivo.mx\" \/>\n\t\t<meta property=\"og:description\" content=\"Felifer Mac\u00edas, presidente municipal de Quer\u00e9taro, dijo ante m\u00e1s de tres mil 500 adultos mayores que el orgullo que hoy se siente por la ciudad se debe a la ense\u00f1anza de valores y principios que ellos transmitieron a sus familias. El mandatario asisti\u00f3 al &quot;Baile de Plata&quot;, evento del Sistema Municipal DIF para celebrar el\" \/>\n\t\t<meta property=\"og:url\" content=\"https:\/\/elprogresivo.mx\/index.php\/2026\/08\/28\/macias-sin-sus-valores-no-hay-queretaro-de-hoy\/\" \/>\n\t\t<meta property=\"og:image\" content=\"https:\/\/elprogresivo.mx\/wp-content\/uploads\/2024\/02\/cropped-LogoBlanco.png\" \/>\n\t\t<meta property=\"og:image:secure_url\" content=\"https:\/\/elprogresivo.mx\/wp-content\/uploads\/2024\/02\/cropped-LogoBlanco.png\" \/>\n\t\t<meta property=\"article:published_time\" content=\"2026-08-28T12:00:00+00:00\" \/>\n\t\t<meta property=\"article:modified_time\" content=\"2026-08-28T12:00:00+00:00\" \/>\n\t\t<meta name=\"twitter:card\" content=\"summary_large_image\" \/>\n\t\t<meta name=\"twitter:title\" content=\"Mac\u00edas: Sin sus valores, no hay Quer\u00e9taro de hoy - elprogresivo.mx\" \/>\n\t\t<meta name=\"twitter:description\" content=\"Felifer Mac\u00edas, presidente municipal de Quer\u00e9taro, dijo ante m\u00e1s de tres mil 500 adultos mayores que el orgullo que hoy se siente por la ciudad se debe a la ense\u00f1anza de valores y principios que ellos transmitieron a sus familias. El mandatario asisti\u00f3 al &quot;Baile de Plata&quot;, evento del Sistema Municipal DIF para celebrar el\" \/>\n\t\t<meta name=\"twitter:image\" content=\"https:\/\/elprogresivo.mx\/wp-content\/uploads\/2024\/02\/cropped-LogoBlanco.png\" \/>\n\t\t<script type=\"application\/ld+json\" class=\"aioseo-schema\">\n\t\t\t{\"@context\":\"https:\\\/\\\/schema.org\",\"@graph\":[{\"@type\":\"BlogPosting\",\"@id\":\"https:\\\/\\\/elprogresivo.mx\\\/index.php\\\/2026\\\/08\\\/28\\\/macias-sin-sus-valores-no-hay-queretaro-de-hoy\\\/#blogposting\",\"name\":\"Mac\\u00edas: Sin sus valores, no hay Quer\\u00e9taro de hoy - elprogresivo.mx\",\"headline\":\"Mac\\u00edas: Sin sus valores, no hay Quer\\u00e9taro de hoy\",\"author\":{\"@id\":\"https:\\\/\\\/elprogresivo.mx\\\/index.php\\\/author\\\/emmanuel-galvan\\\/#author\"},\"publisher\":{\"@id\":\"https:\\\/\\\/elprogresivo.mx\\\/#organization\"},\"image\":{\"@type\":\"ImageObject\",\"url\":\"https:\\\/\\\/elprogresivo.mx\\\/wp-content\\\/uploads\\\/2026\\\/09\\\/noticia_20260901135344.jpg\",\"width\":1280,\"height\":854},\"datePublished\":\"2026-08-28T12:00:00+00:00\",\"dateModified\":\"2026-08-28T12:00:00+00:00\",\"inLanguage\":\"es-MX\",\"mainEntityOfPage\":{\"@id\":\"https:\\\/\\\/elprogresivo.mx\\\/index.php\\\/2026\\\/08\\\/28\\\/macias-sin-sus-valores-no-hay-queretaro-de-hoy\\\/#webpage\"},\"isPartOf\":{\"@id\":\"https:\\\/\\\/elprogresivo.mx\\\/index.php\\\/2026\\\/08\\\/28\\\/macias-sin-sus-valores-no-hay-queretaro-de-hoy\\\/#webpage\"},\"articleSection\":\"Blog, Principal, adultos mayores, Baile de Plata, Felifer Mac\\u00edas, Sistema DIF\"},{\"@type\":\"BreadcrumbList\",\"@id\":\"https:\\\/\\\/elprogresivo.mx\\\/index.php\\\/2026\\\/08\\\/28\\\/macias-sin-sus-valores-no-hay-queretaro-de-hoy\\\/#breadcrumblist\",\"itemListElement\":[{\"@type\":\"ListItem\",\"@id\":\"https:\\\/\\\/elprogresivo.mx#listItem\",\"position\":1,\"name\":\"Home\",\"item\":\"https:\\\/\\\/elprogresivo.mx\",\"nextItem\":{\"@type\":\"ListItem\",\"@id\":\"https:\\\/\\\/elprogresivo.mx\\\/index.php\\\/category\\\/blog\\\/#listItem\",\"name\":\"Blog\"}},{\"@type\":\"ListItem\",\"@id\":\"https:\\\/\\\/elprogresivo.mx\\\/index.php\\\/category\\\/blog\\\/#listItem\",\"position\":2,\"name\":\"Blog\",\"item\":\"https:\\\/\\\/elprogresivo.mx\\\/index.php\\\/category\\\/blog\\\/\",\"nextItem\":{\"@type\":\"ListItem\",\"@id\":\"https:\\\/\\\/elprogresivo.mx\\\/index.php\\\/2026\\\/08\\\/28\\\/macias-sin-sus-valores-no-hay-queretaro-de-hoy\\\/#listItem\",\"name\":\"Mac\\u00edas: Sin sus valores, no hay Quer\\u00e9taro de hoy\"},\"previousItem\":{\"@type\":\"ListItem\",\"@id\":\"https:\\\/\\\/elprogresivo.mx#listItem\",\"name\":\"Home\"}},{\"@type\":\"ListItem\",\"@id\":\"https:\\\/\\\/elprogresivo.mx\\\/index.php\\\/2026\\\/08\\\/28\\\/macias-sin-sus-valores-no-hay-queretaro-de-hoy\\\/#listItem\",\"position\":3,\"name\":\"Mac\\u00edas: Sin sus valores, no hay Quer\\u00e9taro de hoy\",\"previousItem\":{\"@type\":\"ListItem\",\"@id\":\"https:\\\/\\\/elprogresivo.mx\\\/index.php\\\/category\\\/blog\\\/#listItem\",\"name\":\"Blog\"}}]},{\"@type\":\"Organization\",\"@id\":\"https:\\\/\\\/elprogresivo.mx\\\/#organization\",\"name\":\"elprogresivo.mx\",\"description\":\"Construimos una nueva etapa en informaci\\u00f3n\",\"url\":\"https:\\\/\\\/elprogresivo.mx\\\/\",\"logo\":{\"@type\":\"ImageObject\",\"url\":\"https:\\\/\\\/elprogresivo.mx\\\/wp-content\\\/uploads\\\/2024\\\/02\\\/cropped-LogoBlanco.png\",\"@id\":\"https:\\\/\\\/elprogresivo.mx\\\/index.php\\\/2026\\\/08\\\/28\\\/macias-sin-sus-valores-no-hay-queretaro-de-hoy\\\/#organizationLogo\",\"width\":2096,\"height\":332},\"image\":{\"@id\":\"https:\\\/\\\/elprogresivo.mx\\\/index.php\\\/2026\\\/08\\\/28\\\/macias-sin-sus-valores-no-hay-queretaro-de-hoy\\\/#organizationLogo\"}},{\"@type\":\"Person\",\"@id\":\"https:\\\/\\\/elprogresivo.mx\\\/index.php\\\/author\\\/emmanuel-galvan\\\/#author\",\"url\":\"https:\\\/\\\/elprogresivo.mx\\\/index.php\\\/author\\\/emmanuel-galvan\\\/\",\"name\":\"Staff\",\"image\":{\"@type\":\"ImageObject\",\"@id\":\"https:\\\/\\\/elprogresivo.mx\\\/index.php\\\/2026\\\/08\\\/28\\\/macias-sin-sus-valores-no-hay-queretaro-de-hoy\\\/#authorImage\",\"url\":\"https:\\\/\\\/secure.gravatar.com\\\/avatar\\\/3bb87242634c3adf910515f41e6e392ab758b98c8ee7fd12a54fcb5270441486?s=96&d=mm&r=g\",\"width\":96,\"height\":96,\"caption\":\"Staff\"}},{\"@type\":\"WebPage\",\"@id\":\"https:\\\/\\\/elprogresivo.mx\\\/index.php\\\/2026\\\/08\\\/28\\\/macias-sin-sus-valores-no-hay-queretaro-de-hoy\\\/#webpage\",\"url\":\"https:\\\/\\\/elprogresivo.mx\\\/index.php\\\/2026\\\/08\\\/28\\\/macias-sin-sus-valores-no-hay-queretaro-de-hoy\\\/\",\"name\":\"Mac\\u00edas: Sin sus valores, no hay Quer\\u00e9taro de hoy - elprogresivo.mx\",\"description\":\"Felifer Mac\\u00edas, presidente municipal de Quer\\u00e9taro, dijo ante m\\u00e1s de tres mil 500 adultos mayores que el orgullo que hoy se siente por la ciudad se debe a la ense\\u00f1anza de valores y principios que ellos transmitieron a sus familias. El mandatario asisti\\u00f3 al \\\"Baile de Plata\\\", evento del Sistema Municipal DIF para celebrar el\",\"inLanguage\":\"es-MX\",\"isPartOf\":{\"@id\":\"https:\\\/\\\/elprogresivo.mx\\\/#website\"},\"breadcrumb\":{\"@id\":\"https:\\\/\\\/elprogresivo.mx\\\/index.php\\\/2026\\\/08\\\/28\\\/macias-sin-sus-valores-no-hay-queretaro-de-hoy\\\/#breadcrumblist\"},\"author\":{\"@id\":\"https:\\\/\\\/elprogresivo.mx\\\/index.php\\\/author\\\/emmanuel-galvan\\\/#author\"},\"creator\":{\"@id\":\"https:\\\/\\\/elprogresivo.mx\\\/index.php\\\/author\\\/emmanuel-galvan\\\/#author\"},\"image\":{\"@type\":\"ImageObject\",\"url\":\"https:\\\/\\\/elprogresivo.mx\\\/wp-content\\\/uploads\\\/2026\\\/09\\\/noticia_20260901135344.jpg\",\"@id\":\"https:\\\/\\\/elprogresivo.mx\\\/index.php\\\/2026\\\/08\\\/28\\\/macias-sin-sus-valores-no-hay-queretaro-de-hoy\\\/#mainImage\",\"width\":1280,\"height\":854},\"primaryImageOfPage\":{\"@id\":\"https:\\\/\\\/elprogresivo.mx\\\/index.php\\\/2026\\\/08\\\/28\\\/macias-sin-sus-valores-no-hay-queretaro-de-hoy\\\/#mainImage\"},\"datePublished\":\"2026-08-28T12:00:00+00:00\",\"dateModified\":\"2026-08-28T12:00:00+00:00\"},{\"@type\":\"WebSite\",\"@id\":\"https:\\\/\\\/elprogresivo.mx\\\/#website\",\"url\":\"https:\\\/\\\/elprogresivo.mx\\\/\",\"name\":\"elprogresivo.mx\",\"description\":\"Construimos una nueva etapa en informaci\\u00f3n\",\"inLanguage\":\"es-MX\",\"publisher\":{\"@id\":\"https:\\\/\\\/elprogresivo.mx\\\/#organization\"}}]}\n\t\t<\/script>\n\t\t<!-- All in One SEO -->\n\n","aioseo_head_json":{"title":"Mac\u00edas: Sin sus valores, no hay Quer\u00e9taro de hoy - elprogresivo.mx","description":"Felifer Mac\u00edas, presidente municipal de Quer\u00e9taro, dijo ante m\u00e1s de tres mil 500 adultos mayores que el orgullo que hoy se siente por la ciudad se debe a la ense\u00f1anza de valores y principios que ellos transmitieron a sus familias. El mandatario asisti\u00f3 al \"Baile de Plata\", evento del Sistema Municipal DIF para celebrar el","canonical_url":"https:\/\/elprogresivo.mx\/index.php\/2026\/08\/28\/macias-sin-sus-valores-no-hay-queretaro-de-hoy\/","robots":"max-image-preview:large","keywords":"","webmasterTools":{"miscellaneous":""},"schema":{"@context":"https:\/\/schema.org","@graph":[{"@type":"BlogPosting","@id":"https:\/\/elprogresivo.mx\/index.php\/2026\/08\/28\/macias-sin-sus-valores-no-hay-queretaro-de-hoy\/#blogposting","name":"Mac\u00edas: Sin sus valores, no hay Quer\u00e9taro de hoy - elprogresivo.mx","headline":"Mac\u00edas: Sin sus valores, no hay Quer\u00e9taro de hoy","author":{"@id":"https:\/\/elprogresivo.mx\/index.php\/author\/emmanuel-galvan\/#author"},"publisher":{"@id":"https:\/\/elprogresivo.mx\/#organization"},"image":{"@type":"ImageObject","url":"https:\/\/elprogresivo.mx\/wp-content\/uploads\/2026\/09\/noticia_20260901135344.jpg","width":1280,"height":854},"datePublished":"2026-08-28T12:00:00+00:00","dateModified":"2026-08-28T12:00:00+00:00","inLanguage":"es-MX","mainEntityOfPage":{"@id":"https:\/\/elprogresivo.mx\/index.php\/2026\/08\/28\/macias-sin-sus-valores-no-hay-queretaro-de-hoy\/#webpage"},"isPartOf":{"@id":"https:\/\/elprogresivo.mx\/index.php\/2026\/08\/28\/macias-sin-sus-valores-no-hay-queretaro-de-hoy\/#webpage"},"articleSection":"Blog, Principal, adultos mayores, Baile de Plata, Felifer Mac\u00edas, Sistema DIF"},{"@type":"BreadcrumbList","@id":"https:\/\/elprogresivo.mx\/index.php\/2026\/08\/28\/macias-sin-sus-valores-no-hay-queretaro-de-hoy\/#breadcrumblist","itemListElement":[{"@type":"ListItem","@id":"https:\/\/elprogresivo.mx#listItem","position":1,"name":"Home","item":"https:\/\/elprogresivo.mx","nextItem":{"@type":"ListItem","@id":"https:\/\/elprogresivo.mx\/index.php\/category\/blog\/#listItem","name":"Blog"}},{"@type":"ListItem","@id":"https:\/\/elprogresivo.mx\/index.php\/category\/blog\/#listItem","position":2,"name":"Blog","item":"https:\/\/elprogresivo.mx\/index.php\/category\/blog\/","nextItem":{"@type":"ListItem","@id":"https:\/\/elprogresivo.mx\/index.php\/2026\/08\/28\/macias-sin-sus-valores-no-hay-queretaro-de-hoy\/#listItem","name":"Mac\u00edas: Sin sus valores, no hay Quer\u00e9taro de hoy"},"previousItem":{"@type":"ListItem","@id":"https:\/\/elprogresivo.mx#listItem","name":"Home"}},{"@type":"ListItem","@id":"https:\/\/elprogresivo.mx\/index.php\/2026\/08\/28\/macias-sin-sus-valores-no-hay-queretaro-de-hoy\/#listItem","position":3,"name":"Mac\u00edas: Sin sus valores, no hay Quer\u00e9taro de hoy","previousItem":{"@type":"ListItem","@id":"https:\/\/elprogresivo.mx\/index.php\/category\/blog\/#listItem","name":"Blog"}}]},{"@type":"Organization","@id":"https:\/\/elprogresivo.mx\/#organization","name":"elprogresivo.mx","description":"Construimos una nueva etapa en informaci\u00f3n","url":"https:\/\/elprogresivo.mx\/","logo":{"@type":"ImageObject","url":"https:\/\/elprogresivo.mx\/wp-content\/uploads\/2024\/02\/cropped-LogoBlanco.png","@id":"https:\/\/elprogresivo.mx\/index.php\/2026\/08\/28\/macias-sin-sus-valores-no-hay-queretaro-de-hoy\/#organizationLogo","width":2096,"height":332},"image":{"@id":"https:\/\/elprogresivo.mx\/index.php\/2026\/08\/28\/macias-sin-sus-valores-no-hay-queretaro-de-hoy\/#organizationLogo"}},{"@type":"Person","@id":"https:\/\/elprogresivo.mx\/index.php\/author\/emmanuel-galvan\/#author","url":"https:\/\/elprogresivo.mx\/index.php\/author\/emmanuel-galvan\/","name":"Staff","image":{"@type":"ImageObject","@id":"https:\/\/elprogresivo.mx\/index.php\/2026\/08\/28\/macias-sin-sus-valores-no-hay-queretaro-de-hoy\/#authorImage","url":"https:\/\/secure.gravatar.com\/avatar\/3bb87242634c3adf910515f41e6e392ab758b98c8ee7fd12a54fcb5270441486?s=96&d=mm&r=g","width":96,"height":96,"caption":"Staff"}},{"@type":"WebPage","@id":"https:\/\/elprogresivo.mx\/index.php\/2026\/08\/28\/macias-sin-sus-valores-no-hay-queretaro-de-hoy\/#webpage","url":"https:\/\/elprogresivo.mx\/index.php\/2026\/08\/28\/macias-sin-sus-valores-no-hay-queretaro-de-hoy\/","name":"Mac\u00edas: Sin sus valores, no hay Quer\u00e9taro de hoy - elprogresivo.mx","description":"Felifer Mac\u00edas, presidente municipal de Quer\u00e9taro, dijo ante m\u00e1s de tres mil 500 adultos mayores que el orgullo que hoy se siente por la ciudad se debe a la ense\u00f1anza de valores y principios que ellos transmitieron a sus familias. El mandatario asisti\u00f3 al \"Baile de Plata\", evento del Sistema Municipal DIF para celebrar el","inLanguage":"es-MX","isPartOf":{"@id":"https:\/\/elprogresivo.mx\/#website"},"breadcrumb":{"@id":"https:\/\/elprogresivo.mx\/index.php\/2026\/08\/28\/macias-sin-sus-valores-no-hay-queretaro-de-hoy\/#breadcrumblist"},"author":{"@id":"https:\/\/elprogresivo.mx\/index.php\/author\/emmanuel-galvan\/#author"},"creator":{"@id":"https:\/\/elprogresivo.mx\/index.php\/author\/emmanuel-galvan\/#author"},"image":{"@type":"ImageObject","url":"https:\/\/elprogresivo.mx\/wp-content\/uploads\/2026\/09\/noticia_20260901135344.jpg","@id":"https:\/\/elprogresivo.mx\/index.php\/2026\/08\/28\/macias-sin-sus-valores-no-hay-queretaro-de-hoy\/#mainImage","width":1280,"height":854},"primaryImageOfPage":{"@id":"https:\/\/elprogresivo.mx\/index.php\/2026\/08\/28\/macias-sin-sus-valores-no-hay-queretaro-de-hoy\/#mainImage"},"datePublished":"2026-08-28T12:00:00+00:00","dateModified":"2026-08-28T12:00:00+00:00"},{"@type":"WebSite","@id":"https:\/\/elprogresivo.mx\/#website","url":"https:\/\/elprogresivo.mx\/","name":"elprogresivo.mx","description":"Construimos una nueva etapa en informaci\u00f3n","inLanguage":"es-MX","publisher":{"@id":"https:\/\/elprogresivo.mx\/#organization"}}]},"og:locale":"es_MX","og:site_name":"elprogresivo.mx - Construimos una nueva etapa en informaci\u00f3n","og:type":"article","og:title":"Mac\u00edas: Sin sus valores, no hay Quer\u00e9taro de hoy - elprogresivo.mx","og:description":"Felifer Mac\u00edas, presidente municipal de Quer\u00e9taro, dijo ante m\u00e1s de tres mil 500 adultos mayores que el orgullo que hoy se siente por la ciudad se debe a la ense\u00f1anza de valores y principios que ellos transmitieron a sus familias. El mandatario asisti\u00f3 al &quot;Baile de Plata&quot;, evento del Sistema Municipal DIF para celebrar el","og:url":"https:\/\/elprogresivo.mx\/index.php\/2026\/08\/28\/macias-sin-sus-valores-no-hay-queretaro-de-hoy\/","og:image":"https:\/\/elprogresivo.mx\/wp-content\/uploads\/2024\/02\/cropped-LogoBlanco.png","og:image:secure_url":"https:\/\/elprogresivo.mx\/wp-content\/uploads\/2024\/02\/cropped-LogoBlanco.png","article:published_time":"2026-08-28T12:00:00+00:00","article:modified_time":"2026-08-28T12:00:00+00:00","twitter:card":"summary_large_image","twitter:title":"Mac\u00edas: Sin sus valores, no hay Quer\u00e9taro de hoy - elprogresivo.mx","twitter:description":"Felifer Mac\u00edas, presidente municipal de Quer\u00e9taro, dijo ante m\u00e1s de tres mil 500 adultos mayores que el orgullo que hoy se siente por la ciudad se debe a la ense\u00f1anza de valores y principios que ellos transmitieron a sus familias. El mandatario asisti\u00f3 al &quot;Baile de Plata&quot;, evento del Sistema Municipal DIF para celebrar el","twitter:image":"https:\/\/elprogresivo.mx\/wp-content\/uploads\/2024\/02\/cropped-LogoBlanco.png"},"aioseo_meta_data":{"post_id":"4926","title":null,"description":null,"keywords":null,"keyphrases":null,"primary_term":null,"canonical_url":null,"og_title":null,"og_description":null,"og_object_type":"default","og_image_type":"default","og_image_url":null,"og_image_width":null,"og_image_height":null,"og_image_custom_url":null,"og_image_custom_fields":null,"og_video":null,"og_custom_url":null,"og_article_section":null,"og_article_tags":null,"twitter_use_og":false,"twitter_card":"default","twitter_image_type":"default","twitter_image_url":null,"twitter_image_custom_url":null,"twitter_image_custom_fields":null,"twitter_title":null,"twitter_description":null,"schema":{"blockGraphs":[],"customGraphs":[],"default":{"data":{"Article":[],"Course":[],"Dataset":[],"FAQPage":[],"Movie":[],"Person":[],"Product":[],"ProductReview":[],"Car":[],"Recipe":[],"Service":[],"SoftwareApplication":[],"WebPage":[]},"graphName":"","isEnabled":true},"graphs":[]},"schema_type":"default","schema_type_options":null,"pillar_content":false,"robots_default":true,"robots_noindex":false,"robots_noarchive":false,"robots_nosnippet":false,"robots_nofollow":false,"robots_noimageindex":false,"robots_noodp":false,"robots_notranslate":false,"robots_max_snippet":null,"robots_max_videopreview":null,"robots_max_imagepreview":"large","priority":null,"frequency":null,"local_seo":null,"limit_modified_date":false,"created":"2026-09-01 19:56:44","updated":"2026-09-01 19:56:44","ai":null,"breadcrumb_settings":null,"seo_analyzer_scan_date":null,"focus_keyword":null,"additional_keywords":null,"truseo_locale":null},"aioseo_breadcrumb":"<div class=\"aioseo-breadcrumbs\"><span class=\"aioseo-breadcrumb\">\n\t\t\t<a href=\"https:\/\/elprogresivo.mx\" title=\"Home\">Home<\/a>\n\t\t<\/span><span class=\"aioseo-breadcrumb-separator\">&raquo;<\/span><span class=\"aioseo-breadcrumb\">\n\t\t\t<a href=\"https:\/\/elprogresivo.mx\/index.php\/category\/blog\/\" title=\"Blog\">Blog<\/a>\n\t\t<\/span><span class=\"aioseo-breadcrumb-separator\">&raquo;<\/span><span class=\"aioseo-breadcrumb\">\n\t\t\tMac\u00edas: Sin sus valores, no hay Quer\u00e9taro de hoy\n\t\t<\/span><\/div>","aioseo_breadcrumb_json":[{"label":"Home","link":"https:\/\/elprogresivo.mx"},{"label":"Blog","link":"https:\/\/elprogresivo.mx\/index.php\/category\/blog\/"},{"label":"Mac\u00edas: Sin sus valores, no hay Quer\u00e9taro de hoy","link":"https:\/\/elprogresivo.mx\/index.php\/2026\/08\/28\/macias-sin-sus-valores-no-hay-queretaro-de-hoy\/"}],"jetpack_publicize_connections":[],"_links":{"self":[{"href":"https:\/\/elprogresivo.mx\/index.php\/wp-json\/wp\/v2\/posts\/4926","targetHints":{"allow":["GET"]}}],"collection":[{"href":"https:\/\/elprogresivo.mx\/index.php\/wp-json\/wp\/v2\/posts"}],"about":[{"href":"https:\/\/elprogresivo.mx\/index.php\/wp-json\/wp\/v2\/types\/post"}],"author":[{"embeddable":true,"href":"https:\/\/elprogresivo.mx\/index.php\/wp-json\/wp\/v2\/users\/5"}],"replies":[{"embeddable":true,"href":"https:\/\/elprogresivo.mx\/index.php\/wp-json\/wp\/v2\/comments?post=4926"}],"version-history":[{"count":0,"href":"https:\/\/elprogresivo.mx\/index.php\/wp-json\/wp\/v2\/posts\/4926\/revisions"}],"wp:featuredmedia":[{"embeddable":true,"href":"https:\/\/elprogresivo.mx\/index.php\/wp-json\/wp\/v2\/media\/4925"}],"wp:attachment":[{"href":"https:\/\/elprogresivo.mx\/index.php\/wp-json\/wp\/v2\/media?parent=4926"}],"wp:term":[{"taxonomy":"category","embeddable":true,"href":"https:\/\/elprogresivo.mx\/index.php\/wp-json\/wp\/v2\/categories?post=4926"},{"taxonomy":"post_tag","embeddable":true,"href":"https:\/\/elprogresivo.mx\/index.php\/wp-json\/wp\/v2\/tags?post=4926"}],"curies":[{"name":"wp","href":"https:\/\/api.w.org\/{rel}","templated":true}]}}