{"id":4924,"date":"2026-08-29T09:00:00","date_gmt":"2026-08-29T09:00:00","guid":{"rendered":"https:\/\/elprogresivo.mx\/index.php\/2026\/08\/29\/baile-del-recuerdo-macias-celebra-a-adultos-mayores-en-queretaro\/"},"modified":"2026-08-29T09:00:00","modified_gmt":"2026-08-29T09:00:00","slug":"baile-del-recuerdo-macias-celebra-a-adultos-mayores-en-queretaro","status":"publish","type":"post","link":"https:\/\/elprogresivo.mx\/index.php\/2026\/08\/29\/baile-del-recuerdo-macias-celebra-a-adultos-mayores-en-queretaro\/","title":{"rendered":"Baile del Recuerdo: Mac\u00edas celebra a adultos mayores en Quer\u00e9taro"},"content":{"rendered":"<p>El presidente municipal de Quer\u00e9taro, Felifer Mac\u00edas, bail\u00f3 y comparti\u00f3 con adultos mayores en el Tradicional Baile del Recuerdo. El evento, organizado por el Sistema Estatal DIF, cerr\u00f3 los festejos del Mes de las Personas Adultas Mayores en la entidad.<\/p>\n<p>Gobernadores y directivos del DIF se juntaron con personas de los 18 municipios del estado. Vinieron tambi\u00e9n usuarios de casas hogar y asilos. La m\u00fasica llen\u00f3 la sala mientras la gente recordaba y socializaba.<\/p>\n<p>El gobernador Mauricio Kuri y la presidenta del Patronato del DIF, Car Herrera, encabezaron la reuni\u00f3n. Kuri dijo que quien tenga sue\u00f1os se considera joven. Agreg\u00f3 que Quer\u00e9taro es ejemplo de tranquilidad gracias a la huella que dejan los adultos mayores.<\/p>\n<p>El acto reconoci\u00f3 el trabajo y la historia de este grupo social. Las autoridades destacaron su papel en la construcci\u00f3n de la sociedad queretana actual.<\/p>\n","protected":false},"excerpt":{"rendered":"<p>El presidente municipal de Quer\u00e9taro, Felifer Mac\u00edas, bail\u00f3 y comparti\u00f3 con adultos mayores en el&#8230;<\/p>\n","protected":false},"author":5,"featured_media":4923,"comment_status":"open","ping_status":"open","sticky":false,"template":"","format":"standard","meta":{"om_disable_all_campaigns":false,"_monsterinsights_skip_tracking":false,"footnotes":"","jetpack_publicize_message":"","jetpack_publicize_feature_enabled":true,"jetpack_social_post_already_shared":true,"jetpack_social_options":{"image_generator_settings":{"template":"highway","default_image_id":0,"font":"","enabled":false},"version":2}},"categories":[1,71],"tags":[2393,21,77,129],"class_list":["post-4924","post","type-post","status-publish","format-standard","has-post-thumbnail","hentry","category-blog","category-principal","tag-adultos-mayores","tag-dif","tag-felifer-macias","tag-mauricio-kuri"],"aioseo_notices":[],"aioseo_head":"\n\t\t<!-- All in One SEO 5.0.1.1 - aioseo.com -->\n\t<meta name=\"description\" content=\"El presidente municipal de Quer\u00e9taro, Felifer Mac\u00edas, bail\u00f3 y comparti\u00f3 con adultos mayores en el Tradicional Baile del Recuerdo. El evento, organizado por el Sistema Estatal DIF, cerr\u00f3 los festejos del Mes de las Personas Adultas Mayores en la entidad. Gobernadores y directivos del DIF se juntaron con personas de los 18 municipios del estado.\" \/>\n\t<meta name=\"robots\" content=\"max-image-preview:large\" \/>\n\t<meta name=\"author\" content=\"Staff\"\/>\n\t<link rel=\"canonical\" href=\"https:\/\/elprogresivo.mx\/index.php\/2026\/08\/29\/baile-del-recuerdo-macias-celebra-a-adultos-mayores-en-queretaro\/\" \/>\n\t<meta name=\"generator\" content=\"All in One SEO (AIOSEO) 5.0.1.1\" \/>\n\t\t<meta property=\"og:locale\" content=\"es_MX\" \/>\n\t\t<meta property=\"og:site_name\" content=\"elprogresivo.mx - Construimos una nueva etapa en informaci\u00f3n\" \/>\n\t\t<meta property=\"og:type\" content=\"article\" \/>\n\t\t<meta property=\"og:title\" content=\"Baile del Recuerdo: Mac\u00edas celebra a adultos mayores en Quer\u00e9taro - elprogresivo.mx\" \/>\n\t\t<meta property=\"og:description\" content=\"El presidente municipal de Quer\u00e9taro, Felifer Mac\u00edas, bail\u00f3 y comparti\u00f3 con adultos mayores en el Tradicional Baile del Recuerdo. El evento, organizado por el Sistema Estatal DIF, cerr\u00f3 los festejos del Mes de las Personas Adultas Mayores en la entidad. Gobernadores y directivos del DIF se juntaron con personas de los 18 municipios del estado.\" \/>\n\t\t<meta property=\"og:url\" content=\"https:\/\/elprogresivo.mx\/index.php\/2026\/08\/29\/baile-del-recuerdo-macias-celebra-a-adultos-mayores-en-queretaro\/\" \/>\n\t\t<meta property=\"og:image\" content=\"https:\/\/elprogresivo.mx\/wp-content\/uploads\/2024\/02\/cropped-LogoBlanco.png\" \/>\n\t\t<meta property=\"og:image:secure_url\" content=\"https:\/\/elprogresivo.mx\/wp-content\/uploads\/2024\/02\/cropped-LogoBlanco.png\" \/>\n\t\t<meta property=\"article:published_time\" content=\"2026-08-29T09:00:00+00:00\" \/>\n\t\t<meta property=\"article:modified_time\" content=\"2026-08-29T09:00:00+00:00\" \/>\n\t\t<meta name=\"twitter:card\" content=\"summary_large_image\" \/>\n\t\t<meta name=\"twitter:title\" content=\"Baile del Recuerdo: Mac\u00edas celebra a adultos mayores en Quer\u00e9taro - elprogresivo.mx\" \/>\n\t\t<meta name=\"twitter:description\" content=\"El presidente municipal de Quer\u00e9taro, Felifer Mac\u00edas, bail\u00f3 y comparti\u00f3 con adultos mayores en el Tradicional Baile del Recuerdo. El evento, organizado por el Sistema Estatal DIF, cerr\u00f3 los festejos del Mes de las Personas Adultas Mayores en la entidad. Gobernadores y directivos del DIF se juntaron con personas de los 18 municipios del estado.\" \/>\n\t\t<meta name=\"twitter:image\" content=\"https:\/\/elprogresivo.mx\/wp-content\/uploads\/2024\/02\/cropped-LogoBlanco.png\" \/>\n\t\t<script type=\"application\/ld+json\" class=\"aioseo-schema\">\n\t\t\t{\"@context\":\"https:\\\/\\\/schema.org\",\"@graph\":[{\"@type\":\"BlogPosting\",\"@id\":\"https:\\\/\\\/elprogresivo.mx\\\/index.php\\\/2026\\\/08\\\/29\\\/baile-del-recuerdo-macias-celebra-a-adultos-mayores-en-queretaro\\\/#blogposting\",\"name\":\"Baile del Recuerdo: Mac\\u00edas celebra a adultos mayores en Quer\\u00e9taro - elprogresivo.mx\",\"headline\":\"Baile del Recuerdo: Mac\\u00edas celebra a adultos mayores en Quer\\u00e9taro\",\"author\":{\"@id\":\"https:\\\/\\\/elprogresivo.mx\\\/index.php\\\/author\\\/emmanuel-galvan\\\/#author\"},\"publisher\":{\"@id\":\"https:\\\/\\\/elprogresivo.mx\\\/#organization\"},\"image\":{\"@type\":\"ImageObject\",\"url\":\"https:\\\/\\\/elprogresivo.mx\\\/wp-content\\\/uploads\\\/2026\\\/09\\\/noticia_20260901135325.jpg\",\"width\":1280,\"height\":852},\"datePublished\":\"2026-08-29T09:00:00+00:00\",\"dateModified\":\"2026-08-29T09:00:00+00:00\",\"inLanguage\":\"es-MX\",\"mainEntityOfPage\":{\"@id\":\"https:\\\/\\\/elprogresivo.mx\\\/index.php\\\/2026\\\/08\\\/29\\\/baile-del-recuerdo-macias-celebra-a-adultos-mayores-en-queretaro\\\/#webpage\"},\"isPartOf\":{\"@id\":\"https:\\\/\\\/elprogresivo.mx\\\/index.php\\\/2026\\\/08\\\/29\\\/baile-del-recuerdo-macias-celebra-a-adultos-mayores-en-queretaro\\\/#webpage\"},\"articleSection\":\"Blog, Principal, adultos mayores, DIF, Felifer Mac\\u00edas, Mauricio Kuri\"},{\"@type\":\"BreadcrumbList\",\"@id\":\"https:\\\/\\\/elprogresivo.mx\\\/index.php\\\/2026\\\/08\\\/29\\\/baile-del-recuerdo-macias-celebra-a-adultos-mayores-en-queretaro\\\/#breadcrumblist\",\"itemListElement\":[{\"@type\":\"ListItem\",\"@id\":\"https:\\\/\\\/elprogresivo.mx#listItem\",\"position\":1,\"name\":\"Home\",\"item\":\"https:\\\/\\\/elprogresivo.mx\",\"nextItem\":{\"@type\":\"ListItem\",\"@id\":\"https:\\\/\\\/elprogresivo.mx\\\/index.php\\\/category\\\/blog\\\/#listItem\",\"name\":\"Blog\"}},{\"@type\":\"ListItem\",\"@id\":\"https:\\\/\\\/elprogresivo.mx\\\/index.php\\\/category\\\/blog\\\/#listItem\",\"position\":2,\"name\":\"Blog\",\"item\":\"https:\\\/\\\/elprogresivo.mx\\\/index.php\\\/category\\\/blog\\\/\",\"nextItem\":{\"@type\":\"ListItem\",\"@id\":\"https:\\\/\\\/elprogresivo.mx\\\/index.php\\\/2026\\\/08\\\/29\\\/baile-del-recuerdo-macias-celebra-a-adultos-mayores-en-queretaro\\\/#listItem\",\"name\":\"Baile del Recuerdo: Mac\\u00edas celebra a adultos mayores en Quer\\u00e9taro\"},\"previousItem\":{\"@type\":\"ListItem\",\"@id\":\"https:\\\/\\\/elprogresivo.mx#listItem\",\"name\":\"Home\"}},{\"@type\":\"ListItem\",\"@id\":\"https:\\\/\\\/elprogresivo.mx\\\/index.php\\\/2026\\\/08\\\/29\\\/baile-del-recuerdo-macias-celebra-a-adultos-mayores-en-queretaro\\\/#listItem\",\"position\":3,\"name\":\"Baile del Recuerdo: Mac\\u00edas celebra a adultos mayores en Quer\\u00e9taro\",\"previousItem\":{\"@type\":\"ListItem\",\"@id\":\"https:\\\/\\\/elprogresivo.mx\\\/index.php\\\/category\\\/blog\\\/#listItem\",\"name\":\"Blog\"}}]},{\"@type\":\"Organization\",\"@id\":\"https:\\\/\\\/elprogresivo.mx\\\/#organization\",\"name\":\"elprogresivo.mx\",\"description\":\"Construimos una nueva etapa en informaci\\u00f3n\",\"url\":\"https:\\\/\\\/elprogresivo.mx\\\/\",\"logo\":{\"@type\":\"ImageObject\",\"url\":\"https:\\\/\\\/elprogresivo.mx\\\/wp-content\\\/uploads\\\/2024\\\/02\\\/cropped-LogoBlanco.png\",\"@id\":\"https:\\\/\\\/elprogresivo.mx\\\/index.php\\\/2026\\\/08\\\/29\\\/baile-del-recuerdo-macias-celebra-a-adultos-mayores-en-queretaro\\\/#organizationLogo\",\"width\":2096,\"height\":332},\"image\":{\"@id\":\"https:\\\/\\\/elprogresivo.mx\\\/index.php\\\/2026\\\/08\\\/29\\\/baile-del-recuerdo-macias-celebra-a-adultos-mayores-en-queretaro\\\/#organizationLogo\"}},{\"@type\":\"Person\",\"@id\":\"https:\\\/\\\/elprogresivo.mx\\\/index.php\\\/author\\\/emmanuel-galvan\\\/#author\",\"url\":\"https:\\\/\\\/elprogresivo.mx\\\/index.php\\\/author\\\/emmanuel-galvan\\\/\",\"name\":\"Staff\",\"image\":{\"@type\":\"ImageObject\",\"@id\":\"https:\\\/\\\/elprogresivo.mx\\\/index.php\\\/2026\\\/08\\\/29\\\/baile-del-recuerdo-macias-celebra-a-adultos-mayores-en-queretaro\\\/#authorImage\",\"url\":\"https:\\\/\\\/secure.gravatar.com\\\/avatar\\\/3bb87242634c3adf910515f41e6e392ab758b98c8ee7fd12a54fcb5270441486?s=96&d=mm&r=g\",\"width\":96,\"height\":96,\"caption\":\"Staff\"}},{\"@type\":\"WebPage\",\"@id\":\"https:\\\/\\\/elprogresivo.mx\\\/index.php\\\/2026\\\/08\\\/29\\\/baile-del-recuerdo-macias-celebra-a-adultos-mayores-en-queretaro\\\/#webpage\",\"url\":\"https:\\\/\\\/elprogresivo.mx\\\/index.php\\\/2026\\\/08\\\/29\\\/baile-del-recuerdo-macias-celebra-a-adultos-mayores-en-queretaro\\\/\",\"name\":\"Baile del Recuerdo: Mac\\u00edas celebra a adultos mayores en Quer\\u00e9taro - elprogresivo.mx\",\"description\":\"El presidente municipal de Quer\\u00e9taro, Felifer Mac\\u00edas, bail\\u00f3 y comparti\\u00f3 con adultos mayores en el Tradicional Baile del Recuerdo. El evento, organizado por el Sistema Estatal DIF, cerr\\u00f3 los festejos del Mes de las Personas Adultas Mayores en la entidad. Gobernadores y directivos del DIF se juntaron con personas de los 18 municipios del estado.\",\"inLanguage\":\"es-MX\",\"isPartOf\":{\"@id\":\"https:\\\/\\\/elprogresivo.mx\\\/#website\"},\"breadcrumb\":{\"@id\":\"https:\\\/\\\/elprogresivo.mx\\\/index.php\\\/2026\\\/08\\\/29\\\/baile-del-recuerdo-macias-celebra-a-adultos-mayores-en-queretaro\\\/#breadcrumblist\"},\"author\":{\"@id\":\"https:\\\/\\\/elprogresivo.mx\\\/index.php\\\/author\\\/emmanuel-galvan\\\/#author\"},\"creator\":{\"@id\":\"https:\\\/\\\/elprogresivo.mx\\\/index.php\\\/author\\\/emmanuel-galvan\\\/#author\"},\"image\":{\"@type\":\"ImageObject\",\"url\":\"https:\\\/\\\/elprogresivo.mx\\\/wp-content\\\/uploads\\\/2026\\\/09\\\/noticia_20260901135325.jpg\",\"@id\":\"https:\\\/\\\/elprogresivo.mx\\\/index.php\\\/2026\\\/08\\\/29\\\/baile-del-recuerdo-macias-celebra-a-adultos-mayores-en-queretaro\\\/#mainImage\",\"width\":1280,\"height\":852},\"primaryImageOfPage\":{\"@id\":\"https:\\\/\\\/elprogresivo.mx\\\/index.php\\\/2026\\\/08\\\/29\\\/baile-del-recuerdo-macias-celebra-a-adultos-mayores-en-queretaro\\\/#mainImage\"},\"datePublished\":\"2026-08-29T09:00:00+00:00\",\"dateModified\":\"2026-08-29T09:00:00+00:00\"},{\"@type\":\"WebSite\",\"@id\":\"https:\\\/\\\/elprogresivo.mx\\\/#website\",\"url\":\"https:\\\/\\\/elprogresivo.mx\\\/\",\"name\":\"elprogresivo.mx\",\"description\":\"Construimos una nueva etapa en informaci\\u00f3n\",\"inLanguage\":\"es-MX\",\"publisher\":{\"@id\":\"https:\\\/\\\/elprogresivo.mx\\\/#organization\"}}]}\n\t\t<\/script>\n\t\t<!-- All in One SEO -->\n\n","aioseo_head_json":{"title":"Baile del Recuerdo: Mac\u00edas celebra a adultos mayores en Quer\u00e9taro - elprogresivo.mx","description":"El presidente municipal de Quer\u00e9taro, Felifer Mac\u00edas, bail\u00f3 y comparti\u00f3 con adultos mayores en el Tradicional Baile del Recuerdo. El evento, organizado por el Sistema Estatal DIF, cerr\u00f3 los festejos del Mes de las Personas Adultas Mayores en la entidad. Gobernadores y directivos del DIF se juntaron con personas de los 18 municipios del estado.","canonical_url":"https:\/\/elprogresivo.mx\/index.php\/2026\/08\/29\/baile-del-recuerdo-macias-celebra-a-adultos-mayores-en-queretaro\/","robots":"max-image-preview:large","keywords":"","webmasterTools":{"miscellaneous":""},"schema":{"@context":"https:\/\/schema.org","@graph":[{"@type":"BlogPosting","@id":"https:\/\/elprogresivo.mx\/index.php\/2026\/08\/29\/baile-del-recuerdo-macias-celebra-a-adultos-mayores-en-queretaro\/#blogposting","name":"Baile del Recuerdo: Mac\u00edas celebra a adultos mayores en Quer\u00e9taro - elprogresivo.mx","headline":"Baile del Recuerdo: Mac\u00edas celebra a adultos mayores en Quer\u00e9taro","author":{"@id":"https:\/\/elprogresivo.mx\/index.php\/author\/emmanuel-galvan\/#author"},"publisher":{"@id":"https:\/\/elprogresivo.mx\/#organization"},"image":{"@type":"ImageObject","url":"https:\/\/elprogresivo.mx\/wp-content\/uploads\/2026\/09\/noticia_20260901135325.jpg","width":1280,"height":852},"datePublished":"2026-08-29T09:00:00+00:00","dateModified":"2026-08-29T09:00:00+00:00","inLanguage":"es-MX","mainEntityOfPage":{"@id":"https:\/\/elprogresivo.mx\/index.php\/2026\/08\/29\/baile-del-recuerdo-macias-celebra-a-adultos-mayores-en-queretaro\/#webpage"},"isPartOf":{"@id":"https:\/\/elprogresivo.mx\/index.php\/2026\/08\/29\/baile-del-recuerdo-macias-celebra-a-adultos-mayores-en-queretaro\/#webpage"},"articleSection":"Blog, Principal, adultos mayores, DIF, Felifer Mac\u00edas, Mauricio Kuri"},{"@type":"BreadcrumbList","@id":"https:\/\/elprogresivo.mx\/index.php\/2026\/08\/29\/baile-del-recuerdo-macias-celebra-a-adultos-mayores-en-queretaro\/#breadcrumblist","itemListElement":[{"@type":"ListItem","@id":"https:\/\/elprogresivo.mx#listItem","position":1,"name":"Home","item":"https:\/\/elprogresivo.mx","nextItem":{"@type":"ListItem","@id":"https:\/\/elprogresivo.mx\/index.php\/category\/blog\/#listItem","name":"Blog"}},{"@type":"ListItem","@id":"https:\/\/elprogresivo.mx\/index.php\/category\/blog\/#listItem","position":2,"name":"Blog","item":"https:\/\/elprogresivo.mx\/index.php\/category\/blog\/","nextItem":{"@type":"ListItem","@id":"https:\/\/elprogresivo.mx\/index.php\/2026\/08\/29\/baile-del-recuerdo-macias-celebra-a-adultos-mayores-en-queretaro\/#listItem","name":"Baile del Recuerdo: Mac\u00edas celebra a adultos mayores en Quer\u00e9taro"},"previousItem":{"@type":"ListItem","@id":"https:\/\/elprogresivo.mx#listItem","name":"Home"}},{"@type":"ListItem","@id":"https:\/\/elprogresivo.mx\/index.php\/2026\/08\/29\/baile-del-recuerdo-macias-celebra-a-adultos-mayores-en-queretaro\/#listItem","position":3,"name":"Baile del Recuerdo: Mac\u00edas celebra a adultos mayores en Quer\u00e9taro","previousItem":{"@type":"ListItem","@id":"https:\/\/elprogresivo.mx\/index.php\/category\/blog\/#listItem","name":"Blog"}}]},{"@type":"Organization","@id":"https:\/\/elprogresivo.mx\/#organization","name":"elprogresivo.mx","description":"Construimos una nueva etapa en informaci\u00f3n","url":"https:\/\/elprogresivo.mx\/","logo":{"@type":"ImageObject","url":"https:\/\/elprogresivo.mx\/wp-content\/uploads\/2024\/02\/cropped-LogoBlanco.png","@id":"https:\/\/elprogresivo.mx\/index.php\/2026\/08\/29\/baile-del-recuerdo-macias-celebra-a-adultos-mayores-en-queretaro\/#organizationLogo","width":2096,"height":332},"image":{"@id":"https:\/\/elprogresivo.mx\/index.php\/2026\/08\/29\/baile-del-recuerdo-macias-celebra-a-adultos-mayores-en-queretaro\/#organizationLogo"}},{"@type":"Person","@id":"https:\/\/elprogresivo.mx\/index.php\/author\/emmanuel-galvan\/#author","url":"https:\/\/elprogresivo.mx\/index.php\/author\/emmanuel-galvan\/","name":"Staff","image":{"@type":"ImageObject","@id":"https:\/\/elprogresivo.mx\/index.php\/2026\/08\/29\/baile-del-recuerdo-macias-celebra-a-adultos-mayores-en-queretaro\/#authorImage","url":"https:\/\/secure.gravatar.com\/avatar\/3bb87242634c3adf910515f41e6e392ab758b98c8ee7fd12a54fcb5270441486?s=96&d=mm&r=g","width":96,"height":96,"caption":"Staff"}},{"@type":"WebPage","@id":"https:\/\/elprogresivo.mx\/index.php\/2026\/08\/29\/baile-del-recuerdo-macias-celebra-a-adultos-mayores-en-queretaro\/#webpage","url":"https:\/\/elprogresivo.mx\/index.php\/2026\/08\/29\/baile-del-recuerdo-macias-celebra-a-adultos-mayores-en-queretaro\/","name":"Baile del Recuerdo: Mac\u00edas celebra a adultos mayores en Quer\u00e9taro - elprogresivo.mx","description":"El presidente municipal de Quer\u00e9taro, Felifer Mac\u00edas, bail\u00f3 y comparti\u00f3 con adultos mayores en el Tradicional Baile del Recuerdo. El evento, organizado por el Sistema Estatal DIF, cerr\u00f3 los festejos del Mes de las Personas Adultas Mayores en la entidad. Gobernadores y directivos del DIF se juntaron con personas de los 18 municipios del estado.","inLanguage":"es-MX","isPartOf":{"@id":"https:\/\/elprogresivo.mx\/#website"},"breadcrumb":{"@id":"https:\/\/elprogresivo.mx\/index.php\/2026\/08\/29\/baile-del-recuerdo-macias-celebra-a-adultos-mayores-en-queretaro\/#breadcrumblist"},"author":{"@id":"https:\/\/elprogresivo.mx\/index.php\/author\/emmanuel-galvan\/#author"},"creator":{"@id":"https:\/\/elprogresivo.mx\/index.php\/author\/emmanuel-galvan\/#author"},"image":{"@type":"ImageObject","url":"https:\/\/elprogresivo.mx\/wp-content\/uploads\/2026\/09\/noticia_20260901135325.jpg","@id":"https:\/\/elprogresivo.mx\/index.php\/2026\/08\/29\/baile-del-recuerdo-macias-celebra-a-adultos-mayores-en-queretaro\/#mainImage","width":1280,"height":852},"primaryImageOfPage":{"@id":"https:\/\/elprogresivo.mx\/index.php\/2026\/08\/29\/baile-del-recuerdo-macias-celebra-a-adultos-mayores-en-queretaro\/#mainImage"},"datePublished":"2026-08-29T09:00:00+00:00","dateModified":"2026-08-29T09:00:00+00:00"},{"@type":"WebSite","@id":"https:\/\/elprogresivo.mx\/#website","url":"https:\/\/elprogresivo.mx\/","name":"elprogresivo.mx","description":"Construimos una nueva etapa en informaci\u00f3n","inLanguage":"es-MX","publisher":{"@id":"https:\/\/elprogresivo.mx\/#organization"}}]},"og:locale":"es_MX","og:site_name":"elprogresivo.mx - Construimos una nueva etapa en informaci\u00f3n","og:type":"article","og:title":"Baile del Recuerdo: Mac\u00edas celebra a adultos mayores en Quer\u00e9taro - elprogresivo.mx","og:description":"El presidente municipal de Quer\u00e9taro, Felifer Mac\u00edas, bail\u00f3 y comparti\u00f3 con adultos mayores en el Tradicional Baile del Recuerdo. El evento, organizado por el Sistema Estatal DIF, cerr\u00f3 los festejos del Mes de las Personas Adultas Mayores en la entidad. Gobernadores y directivos del DIF se juntaron con personas de los 18 municipios del estado.","og:url":"https:\/\/elprogresivo.mx\/index.php\/2026\/08\/29\/baile-del-recuerdo-macias-celebra-a-adultos-mayores-en-queretaro\/","og:image":"https:\/\/elprogresivo.mx\/wp-content\/uploads\/2024\/02\/cropped-LogoBlanco.png","og:image:secure_url":"https:\/\/elprogresivo.mx\/wp-content\/uploads\/2024\/02\/cropped-LogoBlanco.png","article:published_time":"2026-08-29T09:00:00+00:00","article:modified_time":"2026-08-29T09:00:00+00:00","twitter:card":"summary_large_image","twitter:title":"Baile del Recuerdo: Mac\u00edas celebra a adultos mayores en Quer\u00e9taro - elprogresivo.mx","twitter:description":"El presidente municipal de Quer\u00e9taro, Felifer Mac\u00edas, bail\u00f3 y comparti\u00f3 con adultos mayores en el Tradicional Baile del Recuerdo. El evento, organizado por el Sistema Estatal DIF, cerr\u00f3 los festejos del Mes de las Personas Adultas Mayores en la entidad. Gobernadores y directivos del DIF se juntaron con personas de los 18 municipios del estado.","twitter:image":"https:\/\/elprogresivo.mx\/wp-content\/uploads\/2024\/02\/cropped-LogoBlanco.png"},"aioseo_meta_data":{"post_id":"4924","title":null,"description":null,"keywords":null,"keyphrases":null,"primary_term":null,"canonical_url":null,"og_title":null,"og_description":null,"og_object_type":"default","og_image_type":"default","og_image_url":null,"og_image_width":null,"og_image_height":null,"og_image_custom_url":null,"og_image_custom_fields":null,"og_video":null,"og_custom_url":null,"og_article_section":null,"og_article_tags":null,"twitter_use_og":false,"twitter_card":"default","twitter_image_type":"default","twitter_image_url":null,"twitter_image_custom_url":null,"twitter_image_custom_fields":null,"twitter_title":null,"twitter_description":null,"schema":{"blockGraphs":[],"customGraphs":[],"default":{"data":{"Article":[],"Course":[],"Dataset":[],"FAQPage":[],"Movie":[],"Person":[],"Product":[],"ProductReview":[],"Car":[],"Recipe":[],"Service":[],"SoftwareApplication":[],"WebPage":[]},"graphName":"","isEnabled":true},"graphs":[]},"schema_type":"default","schema_type_options":null,"pillar_content":false,"robots_default":true,"robots_noindex":false,"robots_noarchive":false,"robots_nosnippet":false,"robots_nofollow":false,"robots_noimageindex":false,"robots_noodp":false,"robots_notranslate":false,"robots_max_snippet":null,"robots_max_videopreview":null,"robots_max_imagepreview":"large","priority":null,"frequency":null,"local_seo":null,"limit_modified_date":false,"created":"2026-09-01 19:56:44","updated":"2026-09-01 19:56:44","ai":null,"breadcrumb_settings":null,"seo_analyzer_scan_date":null,"focus_keyword":null,"additional_keywords":null,"truseo_locale":null},"aioseo_breadcrumb":"<div class=\"aioseo-breadcrumbs\"><span class=\"aioseo-breadcrumb\">\n\t\t\t<a href=\"https:\/\/elprogresivo.mx\" title=\"Home\">Home<\/a>\n\t\t<\/span><span class=\"aioseo-breadcrumb-separator\">&raquo;<\/span><span class=\"aioseo-breadcrumb\">\n\t\t\t<a href=\"https:\/\/elprogresivo.mx\/index.php\/category\/blog\/\" title=\"Blog\">Blog<\/a>\n\t\t<\/span><span class=\"aioseo-breadcrumb-separator\">&raquo;<\/span><span class=\"aioseo-breadcrumb\">\n\t\t\tBaile del Recuerdo: Mac\u00edas celebra a adultos mayores en Quer\u00e9taro\n\t\t<\/span><\/div>","aioseo_breadcrumb_json":[{"label":"Home","link":"https:\/\/elprogresivo.mx"},{"label":"Blog","link":"https:\/\/elprogresivo.mx\/index.php\/category\/blog\/"},{"label":"Baile del Recuerdo: Mac\u00edas celebra a adultos mayores en Quer\u00e9taro","link":"https:\/\/elprogresivo.mx\/index.php\/2026\/08\/29\/baile-del-recuerdo-macias-celebra-a-adultos-mayores-en-queretaro\/"}],"jetpack_publicize_connections":[],"_links":{"self":[{"href":"https:\/\/elprogresivo.mx\/index.php\/wp-json\/wp\/v2\/posts\/4924","targetHints":{"allow":["GET"]}}],"collection":[{"href":"https:\/\/elprogresivo.mx\/index.php\/wp-json\/wp\/v2\/posts"}],"about":[{"href":"https:\/\/elprogresivo.mx\/index.php\/wp-json\/wp\/v2\/types\/post"}],"author":[{"embeddable":true,"href":"https:\/\/elprogresivo.mx\/index.php\/wp-json\/wp\/v2\/users\/5"}],"replies":[{"embeddable":true,"href":"https:\/\/elprogresivo.mx\/index.php\/wp-json\/wp\/v2\/comments?post=4924"}],"version-history":[{"count":0,"href":"https:\/\/elprogresivo.mx\/index.php\/wp-json\/wp\/v2\/posts\/4924\/revisions"}],"wp:featuredmedia":[{"embeddable":true,"href":"https:\/\/elprogresivo.mx\/index.php\/wp-json\/wp\/v2\/media\/4923"}],"wp:attachment":[{"href":"https:\/\/elprogresivo.mx\/index.php\/wp-json\/wp\/v2\/media?parent=4924"}],"wp:term":[{"taxonomy":"category","embeddable":true,"href":"https:\/\/elprogresivo.mx\/index.php\/wp-json\/wp\/v2\/categories?post=4924"},{"taxonomy":"post_tag","embeddable":true,"href":"https:\/\/elprogresivo.mx\/index.php\/wp-json\/wp\/v2\/tags?post=4924"}],"curies":[{"name":"wp","href":"https:\/\/api.w.org\/{rel}","templated":true}]}}