{"id":4914,"date":"2026-09-01T09:00:00","date_gmt":"2026-09-01T09:00:00","guid":{"rendered":"https:\/\/elprogresivo.mx\/index.php\/2026\/09\/01\/trafico-intenso-en-queretaro-por-accidente-en-la-cuesta-china\/"},"modified":"2026-09-01T09:00:00","modified_gmt":"2026-09-01T09:00:00","slug":"trafico-intenso-en-queretaro-por-accidente-en-la-cuesta-china","status":"publish","type":"post","link":"https:\/\/elprogresivo.mx\/index.php\/2026\/09\/01\/trafico-intenso-en-queretaro-por-accidente-en-la-cuesta-china\/","title":{"rendered":"Tr\u00e1fico intenso en Quer\u00e9taro por accidente en la Cuesta China"},"content":{"rendered":"<p>Un choque en la carretera federal 57, cerca de la Cuesta China, satura la Prolongaci\u00f3n Constituyentes. El tr\u00e1fico se acumula desde el fraccionamiento El Mirador.<\/p>\n<p>Las autoridades piden que los conductores sumen tiempo a sus viajes y sigan las indicaciones de los agentes en la v\u00eda. Es mejor salir antes de lo planeado para evitar quedarse estancado.<\/p>\n<p>El municipio recomienda revisar los canales oficiales antes de salir. Tambi\u00e9n sugiere cambiar la ruta si es posible para facilitar el tr\u00e1nsito de los veh\u00edculos de emergencia.<\/p>\n","protected":false},"excerpt":{"rendered":"<p>Un choque en la carretera federal 57, cerca de la Cuesta China, satura la Prolongaci\u00f3n&#8230;<\/p>\n","protected":false},"author":5,"featured_media":4913,"comment_status":"open","ping_status":"open","sticky":false,"template":"","format":"standard","meta":{"om_disable_all_campaigns":false,"_monsterinsights_skip_tracking":false,"footnotes":"","jetpack_publicize_message":"","jetpack_publicize_feature_enabled":true,"jetpack_social_post_already_shared":true,"jetpack_social_options":{"image_generator_settings":{"template":"highway","default_image_id":0,"font":"","enabled":false},"version":2}},"categories":[1],"tags":[2202,3250,1979,2120],"class_list":["post-4914","post","type-post","status-publish","format-standard","has-post-thumbnail","hentry","category-blog","tag-carretera-57","tag-cuesta-china","tag-movilidad","tag-trafico"],"aioseo_notices":[],"aioseo_head":"\n\t\t<!-- All in One SEO 5.0.1.1 - aioseo.com -->\n\t<meta name=\"description\" content=\"Un choque en la carretera federal 57, cerca de la Cuesta China, satura la Prolongaci\u00f3n Constituyentes. El tr\u00e1fico se acumula desde el fraccionamiento El Mirador. Las autoridades piden que los conductores sumen tiempo a sus viajes y sigan las indicaciones de los agentes en la v\u00eda. Es mejor salir antes de lo planeado para evitar\" \/>\n\t<meta name=\"robots\" content=\"max-image-preview:large\" \/>\n\t<meta name=\"author\" content=\"Staff\"\/>\n\t<link rel=\"canonical\" href=\"https:\/\/elprogresivo.mx\/index.php\/2026\/09\/01\/trafico-intenso-en-queretaro-por-accidente-en-la-cuesta-china\/\" \/>\n\t<meta name=\"generator\" content=\"All in One SEO (AIOSEO) 5.0.1.1\" \/>\n\t\t<meta property=\"og:locale\" content=\"es_MX\" \/>\n\t\t<meta property=\"og:site_name\" content=\"elprogresivo.mx - Construimos una nueva etapa en informaci\u00f3n\" \/>\n\t\t<meta property=\"og:type\" content=\"article\" \/>\n\t\t<meta property=\"og:title\" content=\"Tr\u00e1fico intenso en Quer\u00e9taro por accidente en la Cuesta China - elprogresivo.mx\" \/>\n\t\t<meta property=\"og:description\" content=\"Un choque en la carretera federal 57, cerca de la Cuesta China, satura la Prolongaci\u00f3n Constituyentes. El tr\u00e1fico se acumula desde el fraccionamiento El Mirador. Las autoridades piden que los conductores sumen tiempo a sus viajes y sigan las indicaciones de los agentes en la v\u00eda. Es mejor salir antes de lo planeado para evitar\" \/>\n\t\t<meta property=\"og:url\" content=\"https:\/\/elprogresivo.mx\/index.php\/2026\/09\/01\/trafico-intenso-en-queretaro-por-accidente-en-la-cuesta-china\/\" \/>\n\t\t<meta property=\"og:image\" content=\"https:\/\/elprogresivo.mx\/wp-content\/uploads\/2024\/02\/cropped-LogoBlanco.png\" \/>\n\t\t<meta property=\"og:image:secure_url\" content=\"https:\/\/elprogresivo.mx\/wp-content\/uploads\/2024\/02\/cropped-LogoBlanco.png\" \/>\n\t\t<meta property=\"article:published_time\" content=\"2026-09-01T09:00:00+00:00\" \/>\n\t\t<meta property=\"article:modified_time\" content=\"2026-09-01T09:00:00+00:00\" \/>\n\t\t<meta name=\"twitter:card\" content=\"summary_large_image\" \/>\n\t\t<meta name=\"twitter:title\" content=\"Tr\u00e1fico intenso en Quer\u00e9taro por accidente en la Cuesta China - elprogresivo.mx\" \/>\n\t\t<meta name=\"twitter:description\" content=\"Un choque en la carretera federal 57, cerca de la Cuesta China, satura la Prolongaci\u00f3n Constituyentes. El tr\u00e1fico se acumula desde el fraccionamiento El Mirador. Las autoridades piden que los conductores sumen tiempo a sus viajes y sigan las indicaciones de los agentes en la v\u00eda. Es mejor salir antes de lo planeado para evitar\" \/>\n\t\t<meta name=\"twitter:image\" content=\"https:\/\/elprogresivo.mx\/wp-content\/uploads\/2024\/02\/cropped-LogoBlanco.png\" \/>\n\t\t<script type=\"application\/ld+json\" class=\"aioseo-schema\">\n\t\t\t{\"@context\":\"https:\\\/\\\/schema.org\",\"@graph\":[{\"@type\":\"BlogPosting\",\"@id\":\"https:\\\/\\\/elprogresivo.mx\\\/index.php\\\/2026\\\/09\\\/01\\\/trafico-intenso-en-queretaro-por-accidente-en-la-cuesta-china\\\/#blogposting\",\"name\":\"Tr\\u00e1fico intenso en Quer\\u00e9taro por accidente en la Cuesta China - elprogresivo.mx\",\"headline\":\"Tr\\u00e1fico intenso en Quer\\u00e9taro por accidente en la Cuesta China\",\"author\":{\"@id\":\"https:\\\/\\\/elprogresivo.mx\\\/index.php\\\/author\\\/emmanuel-galvan\\\/#author\"},\"publisher\":{\"@id\":\"https:\\\/\\\/elprogresivo.mx\\\/#organization\"},\"image\":{\"@type\":\"ImageObject\",\"url\":\"https:\\\/\\\/elprogresivo.mx\\\/wp-content\\\/uploads\\\/2026\\\/09\\\/noticia_20260901134954.jpg\",\"width\":1000,\"height\":530},\"datePublished\":\"2026-09-01T09:00:00+00:00\",\"dateModified\":\"2026-09-01T09:00:00+00:00\",\"inLanguage\":\"es-MX\",\"mainEntityOfPage\":{\"@id\":\"https:\\\/\\\/elprogresivo.mx\\\/index.php\\\/2026\\\/09\\\/01\\\/trafico-intenso-en-queretaro-por-accidente-en-la-cuesta-china\\\/#webpage\"},\"isPartOf\":{\"@id\":\"https:\\\/\\\/elprogresivo.mx\\\/index.php\\\/2026\\\/09\\\/01\\\/trafico-intenso-en-queretaro-por-accidente-en-la-cuesta-china\\\/#webpage\"},\"articleSection\":\"Blog, carretera 57, cuesta china, movilidad, tr\\u00e1fico\"},{\"@type\":\"BreadcrumbList\",\"@id\":\"https:\\\/\\\/elprogresivo.mx\\\/index.php\\\/2026\\\/09\\\/01\\\/trafico-intenso-en-queretaro-por-accidente-en-la-cuesta-china\\\/#breadcrumblist\",\"itemListElement\":[{\"@type\":\"ListItem\",\"@id\":\"https:\\\/\\\/elprogresivo.mx#listItem\",\"position\":1,\"name\":\"Home\",\"item\":\"https:\\\/\\\/elprogresivo.mx\",\"nextItem\":{\"@type\":\"ListItem\",\"@id\":\"https:\\\/\\\/elprogresivo.mx\\\/index.php\\\/category\\\/blog\\\/#listItem\",\"name\":\"Blog\"}},{\"@type\":\"ListItem\",\"@id\":\"https:\\\/\\\/elprogresivo.mx\\\/index.php\\\/category\\\/blog\\\/#listItem\",\"position\":2,\"name\":\"Blog\",\"item\":\"https:\\\/\\\/elprogresivo.mx\\\/index.php\\\/category\\\/blog\\\/\",\"nextItem\":{\"@type\":\"ListItem\",\"@id\":\"https:\\\/\\\/elprogresivo.mx\\\/index.php\\\/2026\\\/09\\\/01\\\/trafico-intenso-en-queretaro-por-accidente-en-la-cuesta-china\\\/#listItem\",\"name\":\"Tr\\u00e1fico intenso en Quer\\u00e9taro por accidente en la Cuesta China\"},\"previousItem\":{\"@type\":\"ListItem\",\"@id\":\"https:\\\/\\\/elprogresivo.mx#listItem\",\"name\":\"Home\"}},{\"@type\":\"ListItem\",\"@id\":\"https:\\\/\\\/elprogresivo.mx\\\/index.php\\\/2026\\\/09\\\/01\\\/trafico-intenso-en-queretaro-por-accidente-en-la-cuesta-china\\\/#listItem\",\"position\":3,\"name\":\"Tr\\u00e1fico intenso en Quer\\u00e9taro por accidente en la Cuesta China\",\"previousItem\":{\"@type\":\"ListItem\",\"@id\":\"https:\\\/\\\/elprogresivo.mx\\\/index.php\\\/category\\\/blog\\\/#listItem\",\"name\":\"Blog\"}}]},{\"@type\":\"Organization\",\"@id\":\"https:\\\/\\\/elprogresivo.mx\\\/#organization\",\"name\":\"elprogresivo.mx\",\"description\":\"Construimos una nueva etapa en informaci\\u00f3n\",\"url\":\"https:\\\/\\\/elprogresivo.mx\\\/\",\"logo\":{\"@type\":\"ImageObject\",\"url\":\"https:\\\/\\\/elprogresivo.mx\\\/wp-content\\\/uploads\\\/2024\\\/02\\\/cropped-LogoBlanco.png\",\"@id\":\"https:\\\/\\\/elprogresivo.mx\\\/index.php\\\/2026\\\/09\\\/01\\\/trafico-intenso-en-queretaro-por-accidente-en-la-cuesta-china\\\/#organizationLogo\",\"width\":2096,\"height\":332},\"image\":{\"@id\":\"https:\\\/\\\/elprogresivo.mx\\\/index.php\\\/2026\\\/09\\\/01\\\/trafico-intenso-en-queretaro-por-accidente-en-la-cuesta-china\\\/#organizationLogo\"}},{\"@type\":\"Person\",\"@id\":\"https:\\\/\\\/elprogresivo.mx\\\/index.php\\\/author\\\/emmanuel-galvan\\\/#author\",\"url\":\"https:\\\/\\\/elprogresivo.mx\\\/index.php\\\/author\\\/emmanuel-galvan\\\/\",\"name\":\"Staff\",\"image\":{\"@type\":\"ImageObject\",\"@id\":\"https:\\\/\\\/elprogresivo.mx\\\/index.php\\\/2026\\\/09\\\/01\\\/trafico-intenso-en-queretaro-por-accidente-en-la-cuesta-china\\\/#authorImage\",\"url\":\"https:\\\/\\\/secure.gravatar.com\\\/avatar\\\/3bb87242634c3adf910515f41e6e392ab758b98c8ee7fd12a54fcb5270441486?s=96&d=mm&r=g\",\"width\":96,\"height\":96,\"caption\":\"Staff\"}},{\"@type\":\"WebPage\",\"@id\":\"https:\\\/\\\/elprogresivo.mx\\\/index.php\\\/2026\\\/09\\\/01\\\/trafico-intenso-en-queretaro-por-accidente-en-la-cuesta-china\\\/#webpage\",\"url\":\"https:\\\/\\\/elprogresivo.mx\\\/index.php\\\/2026\\\/09\\\/01\\\/trafico-intenso-en-queretaro-por-accidente-en-la-cuesta-china\\\/\",\"name\":\"Tr\\u00e1fico intenso en Quer\\u00e9taro por accidente en la Cuesta China - elprogresivo.mx\",\"description\":\"Un choque en la carretera federal 57, cerca de la Cuesta China, satura la Prolongaci\\u00f3n Constituyentes. El tr\\u00e1fico se acumula desde el fraccionamiento El Mirador. Las autoridades piden que los conductores sumen tiempo a sus viajes y sigan las indicaciones de los agentes en la v\\u00eda. Es mejor salir antes de lo planeado para evitar\",\"inLanguage\":\"es-MX\",\"isPartOf\":{\"@id\":\"https:\\\/\\\/elprogresivo.mx\\\/#website\"},\"breadcrumb\":{\"@id\":\"https:\\\/\\\/elprogresivo.mx\\\/index.php\\\/2026\\\/09\\\/01\\\/trafico-intenso-en-queretaro-por-accidente-en-la-cuesta-china\\\/#breadcrumblist\"},\"author\":{\"@id\":\"https:\\\/\\\/elprogresivo.mx\\\/index.php\\\/author\\\/emmanuel-galvan\\\/#author\"},\"creator\":{\"@id\":\"https:\\\/\\\/elprogresivo.mx\\\/index.php\\\/author\\\/emmanuel-galvan\\\/#author\"},\"image\":{\"@type\":\"ImageObject\",\"url\":\"https:\\\/\\\/elprogresivo.mx\\\/wp-content\\\/uploads\\\/2026\\\/09\\\/noticia_20260901134954.jpg\",\"@id\":\"https:\\\/\\\/elprogresivo.mx\\\/index.php\\\/2026\\\/09\\\/01\\\/trafico-intenso-en-queretaro-por-accidente-en-la-cuesta-china\\\/#mainImage\",\"width\":1000,\"height\":530},\"primaryImageOfPage\":{\"@id\":\"https:\\\/\\\/elprogresivo.mx\\\/index.php\\\/2026\\\/09\\\/01\\\/trafico-intenso-en-queretaro-por-accidente-en-la-cuesta-china\\\/#mainImage\"},\"datePublished\":\"2026-09-01T09:00:00+00:00\",\"dateModified\":\"2026-09-01T09:00:00+00:00\"},{\"@type\":\"WebSite\",\"@id\":\"https:\\\/\\\/elprogresivo.mx\\\/#website\",\"url\":\"https:\\\/\\\/elprogresivo.mx\\\/\",\"name\":\"elprogresivo.mx\",\"description\":\"Construimos una nueva etapa en informaci\\u00f3n\",\"inLanguage\":\"es-MX\",\"publisher\":{\"@id\":\"https:\\\/\\\/elprogresivo.mx\\\/#organization\"}}]}\n\t\t<\/script>\n\t\t<!-- All in One SEO -->\n\n","aioseo_head_json":{"title":"Tr\u00e1fico intenso en Quer\u00e9taro por accidente en la Cuesta China - elprogresivo.mx","description":"Un choque en la carretera federal 57, cerca de la Cuesta China, satura la Prolongaci\u00f3n Constituyentes. El tr\u00e1fico se acumula desde el fraccionamiento El Mirador. Las autoridades piden que los conductores sumen tiempo a sus viajes y sigan las indicaciones de los agentes en la v\u00eda. Es mejor salir antes de lo planeado para evitar","canonical_url":"https:\/\/elprogresivo.mx\/index.php\/2026\/09\/01\/trafico-intenso-en-queretaro-por-accidente-en-la-cuesta-china\/","robots":"max-image-preview:large","keywords":"","webmasterTools":{"miscellaneous":""},"schema":{"@context":"https:\/\/schema.org","@graph":[{"@type":"BlogPosting","@id":"https:\/\/elprogresivo.mx\/index.php\/2026\/09\/01\/trafico-intenso-en-queretaro-por-accidente-en-la-cuesta-china\/#blogposting","name":"Tr\u00e1fico intenso en Quer\u00e9taro por accidente en la Cuesta China - elprogresivo.mx","headline":"Tr\u00e1fico intenso en Quer\u00e9taro por accidente en la Cuesta China","author":{"@id":"https:\/\/elprogresivo.mx\/index.php\/author\/emmanuel-galvan\/#author"},"publisher":{"@id":"https:\/\/elprogresivo.mx\/#organization"},"image":{"@type":"ImageObject","url":"https:\/\/elprogresivo.mx\/wp-content\/uploads\/2026\/09\/noticia_20260901134954.jpg","width":1000,"height":530},"datePublished":"2026-09-01T09:00:00+00:00","dateModified":"2026-09-01T09:00:00+00:00","inLanguage":"es-MX","mainEntityOfPage":{"@id":"https:\/\/elprogresivo.mx\/index.php\/2026\/09\/01\/trafico-intenso-en-queretaro-por-accidente-en-la-cuesta-china\/#webpage"},"isPartOf":{"@id":"https:\/\/elprogresivo.mx\/index.php\/2026\/09\/01\/trafico-intenso-en-queretaro-por-accidente-en-la-cuesta-china\/#webpage"},"articleSection":"Blog, carretera 57, cuesta china, movilidad, tr\u00e1fico"},{"@type":"BreadcrumbList","@id":"https:\/\/elprogresivo.mx\/index.php\/2026\/09\/01\/trafico-intenso-en-queretaro-por-accidente-en-la-cuesta-china\/#breadcrumblist","itemListElement":[{"@type":"ListItem","@id":"https:\/\/elprogresivo.mx#listItem","position":1,"name":"Home","item":"https:\/\/elprogresivo.mx","nextItem":{"@type":"ListItem","@id":"https:\/\/elprogresivo.mx\/index.php\/category\/blog\/#listItem","name":"Blog"}},{"@type":"ListItem","@id":"https:\/\/elprogresivo.mx\/index.php\/category\/blog\/#listItem","position":2,"name":"Blog","item":"https:\/\/elprogresivo.mx\/index.php\/category\/blog\/","nextItem":{"@type":"ListItem","@id":"https:\/\/elprogresivo.mx\/index.php\/2026\/09\/01\/trafico-intenso-en-queretaro-por-accidente-en-la-cuesta-china\/#listItem","name":"Tr\u00e1fico intenso en Quer\u00e9taro por accidente en la Cuesta China"},"previousItem":{"@type":"ListItem","@id":"https:\/\/elprogresivo.mx#listItem","name":"Home"}},{"@type":"ListItem","@id":"https:\/\/elprogresivo.mx\/index.php\/2026\/09\/01\/trafico-intenso-en-queretaro-por-accidente-en-la-cuesta-china\/#listItem","position":3,"name":"Tr\u00e1fico intenso en Quer\u00e9taro por accidente en la Cuesta China","previousItem":{"@type":"ListItem","@id":"https:\/\/elprogresivo.mx\/index.php\/category\/blog\/#listItem","name":"Blog"}}]},{"@type":"Organization","@id":"https:\/\/elprogresivo.mx\/#organization","name":"elprogresivo.mx","description":"Construimos una nueva etapa en informaci\u00f3n","url":"https:\/\/elprogresivo.mx\/","logo":{"@type":"ImageObject","url":"https:\/\/elprogresivo.mx\/wp-content\/uploads\/2024\/02\/cropped-LogoBlanco.png","@id":"https:\/\/elprogresivo.mx\/index.php\/2026\/09\/01\/trafico-intenso-en-queretaro-por-accidente-en-la-cuesta-china\/#organizationLogo","width":2096,"height":332},"image":{"@id":"https:\/\/elprogresivo.mx\/index.php\/2026\/09\/01\/trafico-intenso-en-queretaro-por-accidente-en-la-cuesta-china\/#organizationLogo"}},{"@type":"Person","@id":"https:\/\/elprogresivo.mx\/index.php\/author\/emmanuel-galvan\/#author","url":"https:\/\/elprogresivo.mx\/index.php\/author\/emmanuel-galvan\/","name":"Staff","image":{"@type":"ImageObject","@id":"https:\/\/elprogresivo.mx\/index.php\/2026\/09\/01\/trafico-intenso-en-queretaro-por-accidente-en-la-cuesta-china\/#authorImage","url":"https:\/\/secure.gravatar.com\/avatar\/3bb87242634c3adf910515f41e6e392ab758b98c8ee7fd12a54fcb5270441486?s=96&d=mm&r=g","width":96,"height":96,"caption":"Staff"}},{"@type":"WebPage","@id":"https:\/\/elprogresivo.mx\/index.php\/2026\/09\/01\/trafico-intenso-en-queretaro-por-accidente-en-la-cuesta-china\/#webpage","url":"https:\/\/elprogresivo.mx\/index.php\/2026\/09\/01\/trafico-intenso-en-queretaro-por-accidente-en-la-cuesta-china\/","name":"Tr\u00e1fico intenso en Quer\u00e9taro por accidente en la Cuesta China - elprogresivo.mx","description":"Un choque en la carretera federal 57, cerca de la Cuesta China, satura la Prolongaci\u00f3n Constituyentes. El tr\u00e1fico se acumula desde el fraccionamiento El Mirador. Las autoridades piden que los conductores sumen tiempo a sus viajes y sigan las indicaciones de los agentes en la v\u00eda. Es mejor salir antes de lo planeado para evitar","inLanguage":"es-MX","isPartOf":{"@id":"https:\/\/elprogresivo.mx\/#website"},"breadcrumb":{"@id":"https:\/\/elprogresivo.mx\/index.php\/2026\/09\/01\/trafico-intenso-en-queretaro-por-accidente-en-la-cuesta-china\/#breadcrumblist"},"author":{"@id":"https:\/\/elprogresivo.mx\/index.php\/author\/emmanuel-galvan\/#author"},"creator":{"@id":"https:\/\/elprogresivo.mx\/index.php\/author\/emmanuel-galvan\/#author"},"image":{"@type":"ImageObject","url":"https:\/\/elprogresivo.mx\/wp-content\/uploads\/2026\/09\/noticia_20260901134954.jpg","@id":"https:\/\/elprogresivo.mx\/index.php\/2026\/09\/01\/trafico-intenso-en-queretaro-por-accidente-en-la-cuesta-china\/#mainImage","width":1000,"height":530},"primaryImageOfPage":{"@id":"https:\/\/elprogresivo.mx\/index.php\/2026\/09\/01\/trafico-intenso-en-queretaro-por-accidente-en-la-cuesta-china\/#mainImage"},"datePublished":"2026-09-01T09:00:00+00:00","dateModified":"2026-09-01T09:00:00+00:00"},{"@type":"WebSite","@id":"https:\/\/elprogresivo.mx\/#website","url":"https:\/\/elprogresivo.mx\/","name":"elprogresivo.mx","description":"Construimos una nueva etapa en informaci\u00f3n","inLanguage":"es-MX","publisher":{"@id":"https:\/\/elprogresivo.mx\/#organization"}}]},"og:locale":"es_MX","og:site_name":"elprogresivo.mx - Construimos una nueva etapa en informaci\u00f3n","og:type":"article","og:title":"Tr\u00e1fico intenso en Quer\u00e9taro por accidente en la Cuesta China - elprogresivo.mx","og:description":"Un choque en la carretera federal 57, cerca de la Cuesta China, satura la Prolongaci\u00f3n Constituyentes. El tr\u00e1fico se acumula desde el fraccionamiento El Mirador. Las autoridades piden que los conductores sumen tiempo a sus viajes y sigan las indicaciones de los agentes en la v\u00eda. Es mejor salir antes de lo planeado para evitar","og:url":"https:\/\/elprogresivo.mx\/index.php\/2026\/09\/01\/trafico-intenso-en-queretaro-por-accidente-en-la-cuesta-china\/","og:image":"https:\/\/elprogresivo.mx\/wp-content\/uploads\/2024\/02\/cropped-LogoBlanco.png","og:image:secure_url":"https:\/\/elprogresivo.mx\/wp-content\/uploads\/2024\/02\/cropped-LogoBlanco.png","article:published_time":"2026-09-01T09:00:00+00:00","article:modified_time":"2026-09-01T09:00:00+00:00","twitter:card":"summary_large_image","twitter:title":"Tr\u00e1fico intenso en Quer\u00e9taro por accidente en la Cuesta China - elprogresivo.mx","twitter:description":"Un choque en la carretera federal 57, cerca de la Cuesta China, satura la Prolongaci\u00f3n Constituyentes. El tr\u00e1fico se acumula desde el fraccionamiento El Mirador. Las autoridades piden que los conductores sumen tiempo a sus viajes y sigan las indicaciones de los agentes en la v\u00eda. Es mejor salir antes de lo planeado para evitar","twitter:image":"https:\/\/elprogresivo.mx\/wp-content\/uploads\/2024\/02\/cropped-LogoBlanco.png"},"aioseo_meta_data":{"post_id":"4914","title":null,"description":null,"keywords":null,"keyphrases":{"focus":[],"additional":[]},"primary_term":null,"canonical_url":null,"og_title":null,"og_description":null,"og_object_type":"default","og_image_type":"default","og_image_url":null,"og_image_width":null,"og_image_height":null,"og_image_custom_url":null,"og_image_custom_fields":null,"og_video":null,"og_custom_url":null,"og_article_section":null,"og_article_tags":null,"twitter_use_og":false,"twitter_card":"default","twitter_image_type":"default","twitter_image_url":null,"twitter_image_custom_url":null,"twitter_image_custom_fields":null,"twitter_title":null,"twitter_description":null,"schema":{"blockGraphs":[],"customGraphs":[],"default":{"data":{"Article":[],"Course":[],"Dataset":[],"FAQPage":[],"Movie":[],"Person":[],"Product":[],"ProductReview":[],"Car":[],"Recipe":[],"Service":[],"SoftwareApplication":[],"WebPage":[]},"graphName":"","isEnabled":true},"graphs":[]},"schema_type":"default","schema_type_options":null,"pillar_content":false,"robots_default":true,"robots_noindex":false,"robots_noarchive":false,"robots_nosnippet":false,"robots_nofollow":false,"robots_noimageindex":false,"robots_noodp":false,"robots_notranslate":false,"robots_max_snippet":null,"robots_max_videopreview":null,"robots_max_imagepreview":"large","priority":null,"frequency":null,"local_seo":null,"limit_modified_date":false,"created":"2026-09-01 19:56:44","updated":"2026-09-01 21:41:08","ai":null,"breadcrumb_settings":null,"seo_analyzer_scan_date":null,"focus_keyword":null,"additional_keywords":null,"truseo_locale":null},"aioseo_breadcrumb":"<div class=\"aioseo-breadcrumbs\"><span class=\"aioseo-breadcrumb\">\n\t\t\t<a href=\"https:\/\/elprogresivo.mx\" title=\"Home\">Home<\/a>\n\t\t<\/span><span class=\"aioseo-breadcrumb-separator\">&raquo;<\/span><span class=\"aioseo-breadcrumb\">\n\t\t\t<a href=\"https:\/\/elprogresivo.mx\/index.php\/category\/blog\/\" title=\"Blog\">Blog<\/a>\n\t\t<\/span><span class=\"aioseo-breadcrumb-separator\">&raquo;<\/span><span class=\"aioseo-breadcrumb\">\n\t\t\tTr\u00e1fico intenso en Quer\u00e9taro por accidente en la Cuesta China\n\t\t<\/span><\/div>","aioseo_breadcrumb_json":[{"label":"Home","link":"https:\/\/elprogresivo.mx"},{"label":"Blog","link":"https:\/\/elprogresivo.mx\/index.php\/category\/blog\/"},{"label":"Tr\u00e1fico intenso en Quer\u00e9taro por accidente en la Cuesta China","link":"https:\/\/elprogresivo.mx\/index.php\/2026\/09\/01\/trafico-intenso-en-queretaro-por-accidente-en-la-cuesta-china\/"}],"jetpack_publicize_connections":[],"_links":{"self":[{"href":"https:\/\/elprogresivo.mx\/index.php\/wp-json\/wp\/v2\/posts\/4914","targetHints":{"allow":["GET"]}}],"collection":[{"href":"https:\/\/elprogresivo.mx\/index.php\/wp-json\/wp\/v2\/posts"}],"about":[{"href":"https:\/\/elprogresivo.mx\/index.php\/wp-json\/wp\/v2\/types\/post"}],"author":[{"embeddable":true,"href":"https:\/\/elprogresivo.mx\/index.php\/wp-json\/wp\/v2\/users\/5"}],"replies":[{"embeddable":true,"href":"https:\/\/elprogresivo.mx\/index.php\/wp-json\/wp\/v2\/comments?post=4914"}],"version-history":[{"count":0,"href":"https:\/\/elprogresivo.mx\/index.php\/wp-json\/wp\/v2\/posts\/4914\/revisions"}],"wp:featuredmedia":[{"embeddable":true,"href":"https:\/\/elprogresivo.mx\/index.php\/wp-json\/wp\/v2\/media\/4913"}],"wp:attachment":[{"href":"https:\/\/elprogresivo.mx\/index.php\/wp-json\/wp\/v2\/media?parent=4914"}],"wp:term":[{"taxonomy":"category","embeddable":true,"href":"https:\/\/elprogresivo.mx\/index.php\/wp-json\/wp\/v2\/categories?post=4914"},{"taxonomy":"post_tag","embeddable":true,"href":"https:\/\/elprogresivo.mx\/index.php\/wp-json\/wp\/v2\/tags?post=4914"}],"curies":[{"name":"wp","href":"https:\/\/api.w.org\/{rel}","templated":true}]}}