{"id":4912,"date":"2026-09-01T10:00:00","date_gmt":"2026-09-01T10:00:00","guid":{"rendered":"https:\/\/elprogresivo.mx\/index.php\/2026\/09\/01\/inscripciones-para-el-bus-escolar-gratis-en-queretaro\/"},"modified":"2026-09-01T10:00:00","modified_gmt":"2026-09-01T10:00:00","slug":"inscripciones-para-el-bus-escolar-gratis-en-queretaro","status":"publish","type":"post","link":"https:\/\/elprogresivo.mx\/index.php\/2026\/09\/01\/inscripciones-para-el-bus-escolar-gratis-en-queretaro\/","title":{"rendered":"Inscripciones para el bus escolar gratis en Quer\u00e9taro"},"content":{"rendered":"<p>El gobierno municipal de Quer\u00e9taro abre las puertas para inscribirse al transporte escolar y universitario gratuito. El registro se puede hacer en l\u00ednea durante septiembre y octubre.<\/p>\n<p>El presidente municipal, Felifer Mac\u00edas, confirm\u00f3 el inicio de la convocatoria. El programa busca que las familias gasten menos en movilidad y que los estudiantes lleguen seguros a sus clases.<\/p>\n<p>En la madrugada, Mac\u00edas visit\u00f3 el patio de maniobras de los autobuses. Acompa\u00f1\u00f3 a un equipo en su ruta y habl\u00f3 con los choferes y asistentes. Estos trabajadores explicaron c\u00f3mo cuidan a los ni\u00f1os en el trayecto.<\/p>\n<p>Un programa que es de los que m\u00e1s satisfacci\u00f3n nos da, porque cambiamos vidas, le hacemos la vida mucho m\u00e1s f\u00e1cil a la gente. Te puedes registrar en el bus municipal, en el transporte escolar gratuito, en la p\u00e1gina, busmunicipal.municipiodequeretaro.gob.mx Ah\u00ed puedes registrar a tus hijos para que sean beneficiados de este programa del bus municipal, dijo Mac\u00edas.<\/p>\n<p>El servicio mueve a casi 6 mil alumnos de unas 70 escuelas. Hay 50 rutas activas. Los autobuses tienen c\u00e1maras, GPS y cinturones de seguridad. Adem\u00e1s, la Secretar\u00eda de Movilidad vigila las unidades en tiempo real.<\/p>\n<p>El transporte escolar sirve a ni\u00f1os de cuarto a sexto de primaria y de primero a tercero de secundaria. El servicio universitario es para estudiantes de nivel superior.<\/p>\n<p>Entre el 1 y el 30 de septiembre, los alumnos de quinto y sexto de primaria, segundo y tercero de secundaria, y universitarios desde segundo semestre deben renovar su registro. En esas mismas fechas, nuevos alumnos de cuarto de primaria, primero de secundaria y primero de universidad pueden inscribirse.<\/p>\n<p>Del 1 al 30 de octubre, la convocatoria contin\u00faa abierta para estudiantes de cuarto de primaria en adelante.<\/p>\n<p>Para registrarse, hay que entrar a la plataforma busmunicipal.municipiodequeretaro.gob.mx. Se necesita una cuenta y una tarjeta Qrobus. Los documentos obligatorios son: comprobante de domicilio de menos de dos meses, CURP, identificaci\u00f3n oficial del padre o tutor si el alumno es menor, constancia de estudios y la tarjeta Qrobus vinculada a la aplicaci\u00f3n.<\/p>\n","protected":false},"excerpt":{"rendered":"<p>El gobierno municipal de Quer\u00e9taro abre las puertas para inscribirse al transporte escolar y universitario&#8230;<\/p>\n","protected":false},"author":5,"featured_media":4911,"comment_status":"open","ping_status":"open","sticky":false,"template":"","format":"standard","meta":{"om_disable_all_campaigns":false,"_monsterinsights_skip_tracking":false,"footnotes":"","jetpack_publicize_message":"","jetpack_publicize_feature_enabled":true,"jetpack_social_post_already_shared":true,"jetpack_social_options":{"image_generator_settings":{"template":"highway","default_image_id":0,"font":"","enabled":false},"version":2}},"categories":[1,70],"tags":[24,77,2141,2221],"class_list":["post-4912","post","type-post","status-publish","format-standard","has-post-thumbnail","hentry","category-blog","category-destacado","tag-educacion","tag-felifer-macias","tag-qrobus","tag-transporte-escolar"],"aioseo_notices":[],"aioseo_head":"\n\t\t<!-- All in One SEO 5.0.1.1 - aioseo.com -->\n\t<meta name=\"description\" content=\"El gobierno municipal de Quer\u00e9taro abre las puertas para inscribirse al transporte escolar y universitario gratuito. El registro se puede hacer en l\u00ednea durante septiembre y octubre. El presidente municipal, Felifer Mac\u00edas, confirm\u00f3 el inicio de la convocatoria. El programa busca que las familias gasten menos en movilidad y que los estudiantes lleguen seguros a\" \/>\n\t<meta name=\"robots\" content=\"max-image-preview:large\" \/>\n\t<meta name=\"author\" content=\"Staff\"\/>\n\t<link rel=\"canonical\" href=\"https:\/\/elprogresivo.mx\/index.php\/2026\/09\/01\/inscripciones-para-el-bus-escolar-gratis-en-queretaro\/\" \/>\n\t<meta name=\"generator\" content=\"All in One SEO (AIOSEO) 5.0.1.1\" \/>\n\t\t<meta property=\"og:locale\" content=\"es_MX\" \/>\n\t\t<meta property=\"og:site_name\" content=\"elprogresivo.mx - Construimos una nueva etapa en informaci\u00f3n\" \/>\n\t\t<meta property=\"og:type\" content=\"article\" \/>\n\t\t<meta property=\"og:title\" content=\"Inscripciones para el bus escolar gratis en Quer\u00e9taro - elprogresivo.mx\" \/>\n\t\t<meta property=\"og:description\" content=\"El gobierno municipal de Quer\u00e9taro abre las puertas para inscribirse al transporte escolar y universitario gratuito. El registro se puede hacer en l\u00ednea durante septiembre y octubre. El presidente municipal, Felifer Mac\u00edas, confirm\u00f3 el inicio de la convocatoria. El programa busca que las familias gasten menos en movilidad y que los estudiantes lleguen seguros a\" \/>\n\t\t<meta property=\"og:url\" content=\"https:\/\/elprogresivo.mx\/index.php\/2026\/09\/01\/inscripciones-para-el-bus-escolar-gratis-en-queretaro\/\" \/>\n\t\t<meta property=\"og:image\" content=\"https:\/\/elprogresivo.mx\/wp-content\/uploads\/2024\/02\/cropped-LogoBlanco.png\" \/>\n\t\t<meta property=\"og:image:secure_url\" content=\"https:\/\/elprogresivo.mx\/wp-content\/uploads\/2024\/02\/cropped-LogoBlanco.png\" \/>\n\t\t<meta property=\"article:published_time\" content=\"2026-09-01T10:00:00+00:00\" \/>\n\t\t<meta property=\"article:modified_time\" content=\"2026-09-01T10:00:00+00:00\" \/>\n\t\t<meta name=\"twitter:card\" content=\"summary_large_image\" \/>\n\t\t<meta name=\"twitter:title\" content=\"Inscripciones para el bus escolar gratis en Quer\u00e9taro - elprogresivo.mx\" \/>\n\t\t<meta name=\"twitter:description\" content=\"El gobierno municipal de Quer\u00e9taro abre las puertas para inscribirse al transporte escolar y universitario gratuito. El registro se puede hacer en l\u00ednea durante septiembre y octubre. El presidente municipal, Felifer Mac\u00edas, confirm\u00f3 el inicio de la convocatoria. El programa busca que las familias gasten menos en movilidad y que los estudiantes lleguen seguros a\" \/>\n\t\t<meta name=\"twitter:image\" content=\"https:\/\/elprogresivo.mx\/wp-content\/uploads\/2024\/02\/cropped-LogoBlanco.png\" \/>\n\t\t<script type=\"application\/ld+json\" class=\"aioseo-schema\">\n\t\t\t{\"@context\":\"https:\\\/\\\/schema.org\",\"@graph\":[{\"@type\":\"BlogPosting\",\"@id\":\"https:\\\/\\\/elprogresivo.mx\\\/index.php\\\/2026\\\/09\\\/01\\\/inscripciones-para-el-bus-escolar-gratis-en-queretaro\\\/#blogposting\",\"name\":\"Inscripciones para el bus escolar gratis en Quer\\u00e9taro - elprogresivo.mx\",\"headline\":\"Inscripciones para el bus escolar gratis en Quer\\u00e9taro\",\"author\":{\"@id\":\"https:\\\/\\\/elprogresivo.mx\\\/index.php\\\/author\\\/emmanuel-galvan\\\/#author\"},\"publisher\":{\"@id\":\"https:\\\/\\\/elprogresivo.mx\\\/#organization\"},\"image\":{\"@type\":\"ImageObject\",\"url\":\"https:\\\/\\\/elprogresivo.mx\\\/wp-content\\\/uploads\\\/2026\\\/09\\\/noticia_20260901134906.jpg\",\"width\":1280,\"height\":854},\"datePublished\":\"2026-09-01T10:00:00+00:00\",\"dateModified\":\"2026-09-01T10:00:00+00:00\",\"inLanguage\":\"es-MX\",\"mainEntityOfPage\":{\"@id\":\"https:\\\/\\\/elprogresivo.mx\\\/index.php\\\/2026\\\/09\\\/01\\\/inscripciones-para-el-bus-escolar-gratis-en-queretaro\\\/#webpage\"},\"isPartOf\":{\"@id\":\"https:\\\/\\\/elprogresivo.mx\\\/index.php\\\/2026\\\/09\\\/01\\\/inscripciones-para-el-bus-escolar-gratis-en-queretaro\\\/#webpage\"},\"articleSection\":\"Blog, Destacado, educaci\\u00f3n, Felifer Mac\\u00edas, Qrobus, Transporte Escolar\"},{\"@type\":\"BreadcrumbList\",\"@id\":\"https:\\\/\\\/elprogresivo.mx\\\/index.php\\\/2026\\\/09\\\/01\\\/inscripciones-para-el-bus-escolar-gratis-en-queretaro\\\/#breadcrumblist\",\"itemListElement\":[{\"@type\":\"ListItem\",\"@id\":\"https:\\\/\\\/elprogresivo.mx#listItem\",\"position\":1,\"name\":\"Home\",\"item\":\"https:\\\/\\\/elprogresivo.mx\",\"nextItem\":{\"@type\":\"ListItem\",\"@id\":\"https:\\\/\\\/elprogresivo.mx\\\/index.php\\\/category\\\/blog\\\/#listItem\",\"name\":\"Blog\"}},{\"@type\":\"ListItem\",\"@id\":\"https:\\\/\\\/elprogresivo.mx\\\/index.php\\\/category\\\/blog\\\/#listItem\",\"position\":2,\"name\":\"Blog\",\"item\":\"https:\\\/\\\/elprogresivo.mx\\\/index.php\\\/category\\\/blog\\\/\",\"nextItem\":{\"@type\":\"ListItem\",\"@id\":\"https:\\\/\\\/elprogresivo.mx\\\/index.php\\\/2026\\\/09\\\/01\\\/inscripciones-para-el-bus-escolar-gratis-en-queretaro\\\/#listItem\",\"name\":\"Inscripciones para el bus escolar gratis en Quer\\u00e9taro\"},\"previousItem\":{\"@type\":\"ListItem\",\"@id\":\"https:\\\/\\\/elprogresivo.mx#listItem\",\"name\":\"Home\"}},{\"@type\":\"ListItem\",\"@id\":\"https:\\\/\\\/elprogresivo.mx\\\/index.php\\\/2026\\\/09\\\/01\\\/inscripciones-para-el-bus-escolar-gratis-en-queretaro\\\/#listItem\",\"position\":3,\"name\":\"Inscripciones para el bus escolar gratis en Quer\\u00e9taro\",\"previousItem\":{\"@type\":\"ListItem\",\"@id\":\"https:\\\/\\\/elprogresivo.mx\\\/index.php\\\/category\\\/blog\\\/#listItem\",\"name\":\"Blog\"}}]},{\"@type\":\"Organization\",\"@id\":\"https:\\\/\\\/elprogresivo.mx\\\/#organization\",\"name\":\"elprogresivo.mx\",\"description\":\"Construimos una nueva etapa en informaci\\u00f3n\",\"url\":\"https:\\\/\\\/elprogresivo.mx\\\/\",\"logo\":{\"@type\":\"ImageObject\",\"url\":\"https:\\\/\\\/elprogresivo.mx\\\/wp-content\\\/uploads\\\/2024\\\/02\\\/cropped-LogoBlanco.png\",\"@id\":\"https:\\\/\\\/elprogresivo.mx\\\/index.php\\\/2026\\\/09\\\/01\\\/inscripciones-para-el-bus-escolar-gratis-en-queretaro\\\/#organizationLogo\",\"width\":2096,\"height\":332},\"image\":{\"@id\":\"https:\\\/\\\/elprogresivo.mx\\\/index.php\\\/2026\\\/09\\\/01\\\/inscripciones-para-el-bus-escolar-gratis-en-queretaro\\\/#organizationLogo\"}},{\"@type\":\"Person\",\"@id\":\"https:\\\/\\\/elprogresivo.mx\\\/index.php\\\/author\\\/emmanuel-galvan\\\/#author\",\"url\":\"https:\\\/\\\/elprogresivo.mx\\\/index.php\\\/author\\\/emmanuel-galvan\\\/\",\"name\":\"Staff\",\"image\":{\"@type\":\"ImageObject\",\"@id\":\"https:\\\/\\\/elprogresivo.mx\\\/index.php\\\/2026\\\/09\\\/01\\\/inscripciones-para-el-bus-escolar-gratis-en-queretaro\\\/#authorImage\",\"url\":\"https:\\\/\\\/secure.gravatar.com\\\/avatar\\\/3bb87242634c3adf910515f41e6e392ab758b98c8ee7fd12a54fcb5270441486?s=96&d=mm&r=g\",\"width\":96,\"height\":96,\"caption\":\"Staff\"}},{\"@type\":\"WebPage\",\"@id\":\"https:\\\/\\\/elprogresivo.mx\\\/index.php\\\/2026\\\/09\\\/01\\\/inscripciones-para-el-bus-escolar-gratis-en-queretaro\\\/#webpage\",\"url\":\"https:\\\/\\\/elprogresivo.mx\\\/index.php\\\/2026\\\/09\\\/01\\\/inscripciones-para-el-bus-escolar-gratis-en-queretaro\\\/\",\"name\":\"Inscripciones para el bus escolar gratis en Quer\\u00e9taro - elprogresivo.mx\",\"description\":\"El gobierno municipal de Quer\\u00e9taro abre las puertas para inscribirse al transporte escolar y universitario gratuito. El registro se puede hacer en l\\u00ednea durante septiembre y octubre. El presidente municipal, Felifer Mac\\u00edas, confirm\\u00f3 el inicio de la convocatoria. El programa busca que las familias gasten menos en movilidad y que los estudiantes lleguen seguros a\",\"inLanguage\":\"es-MX\",\"isPartOf\":{\"@id\":\"https:\\\/\\\/elprogresivo.mx\\\/#website\"},\"breadcrumb\":{\"@id\":\"https:\\\/\\\/elprogresivo.mx\\\/index.php\\\/2026\\\/09\\\/01\\\/inscripciones-para-el-bus-escolar-gratis-en-queretaro\\\/#breadcrumblist\"},\"author\":{\"@id\":\"https:\\\/\\\/elprogresivo.mx\\\/index.php\\\/author\\\/emmanuel-galvan\\\/#author\"},\"creator\":{\"@id\":\"https:\\\/\\\/elprogresivo.mx\\\/index.php\\\/author\\\/emmanuel-galvan\\\/#author\"},\"image\":{\"@type\":\"ImageObject\",\"url\":\"https:\\\/\\\/elprogresivo.mx\\\/wp-content\\\/uploads\\\/2026\\\/09\\\/noticia_20260901134906.jpg\",\"@id\":\"https:\\\/\\\/elprogresivo.mx\\\/index.php\\\/2026\\\/09\\\/01\\\/inscripciones-para-el-bus-escolar-gratis-en-queretaro\\\/#mainImage\",\"width\":1280,\"height\":854},\"primaryImageOfPage\":{\"@id\":\"https:\\\/\\\/elprogresivo.mx\\\/index.php\\\/2026\\\/09\\\/01\\\/inscripciones-para-el-bus-escolar-gratis-en-queretaro\\\/#mainImage\"},\"datePublished\":\"2026-09-01T10:00:00+00:00\",\"dateModified\":\"2026-09-01T10:00:00+00:00\"},{\"@type\":\"WebSite\",\"@id\":\"https:\\\/\\\/elprogresivo.mx\\\/#website\",\"url\":\"https:\\\/\\\/elprogresivo.mx\\\/\",\"name\":\"elprogresivo.mx\",\"description\":\"Construimos una nueva etapa en informaci\\u00f3n\",\"inLanguage\":\"es-MX\",\"publisher\":{\"@id\":\"https:\\\/\\\/elprogresivo.mx\\\/#organization\"}}]}\n\t\t<\/script>\n\t\t<!-- All in One SEO -->\n\n","aioseo_head_json":{"title":"Inscripciones para el bus escolar gratis en Quer\u00e9taro - elprogresivo.mx","description":"El gobierno municipal de Quer\u00e9taro abre las puertas para inscribirse al transporte escolar y universitario gratuito. El registro se puede hacer en l\u00ednea durante septiembre y octubre. El presidente municipal, Felifer Mac\u00edas, confirm\u00f3 el inicio de la convocatoria. El programa busca que las familias gasten menos en movilidad y que los estudiantes lleguen seguros a","canonical_url":"https:\/\/elprogresivo.mx\/index.php\/2026\/09\/01\/inscripciones-para-el-bus-escolar-gratis-en-queretaro\/","robots":"max-image-preview:large","keywords":"","webmasterTools":{"miscellaneous":""},"schema":{"@context":"https:\/\/schema.org","@graph":[{"@type":"BlogPosting","@id":"https:\/\/elprogresivo.mx\/index.php\/2026\/09\/01\/inscripciones-para-el-bus-escolar-gratis-en-queretaro\/#blogposting","name":"Inscripciones para el bus escolar gratis en Quer\u00e9taro - elprogresivo.mx","headline":"Inscripciones para el bus escolar gratis en Quer\u00e9taro","author":{"@id":"https:\/\/elprogresivo.mx\/index.php\/author\/emmanuel-galvan\/#author"},"publisher":{"@id":"https:\/\/elprogresivo.mx\/#organization"},"image":{"@type":"ImageObject","url":"https:\/\/elprogresivo.mx\/wp-content\/uploads\/2026\/09\/noticia_20260901134906.jpg","width":1280,"height":854},"datePublished":"2026-09-01T10:00:00+00:00","dateModified":"2026-09-01T10:00:00+00:00","inLanguage":"es-MX","mainEntityOfPage":{"@id":"https:\/\/elprogresivo.mx\/index.php\/2026\/09\/01\/inscripciones-para-el-bus-escolar-gratis-en-queretaro\/#webpage"},"isPartOf":{"@id":"https:\/\/elprogresivo.mx\/index.php\/2026\/09\/01\/inscripciones-para-el-bus-escolar-gratis-en-queretaro\/#webpage"},"articleSection":"Blog, Destacado, educaci\u00f3n, Felifer Mac\u00edas, Qrobus, Transporte Escolar"},{"@type":"BreadcrumbList","@id":"https:\/\/elprogresivo.mx\/index.php\/2026\/09\/01\/inscripciones-para-el-bus-escolar-gratis-en-queretaro\/#breadcrumblist","itemListElement":[{"@type":"ListItem","@id":"https:\/\/elprogresivo.mx#listItem","position":1,"name":"Home","item":"https:\/\/elprogresivo.mx","nextItem":{"@type":"ListItem","@id":"https:\/\/elprogresivo.mx\/index.php\/category\/blog\/#listItem","name":"Blog"}},{"@type":"ListItem","@id":"https:\/\/elprogresivo.mx\/index.php\/category\/blog\/#listItem","position":2,"name":"Blog","item":"https:\/\/elprogresivo.mx\/index.php\/category\/blog\/","nextItem":{"@type":"ListItem","@id":"https:\/\/elprogresivo.mx\/index.php\/2026\/09\/01\/inscripciones-para-el-bus-escolar-gratis-en-queretaro\/#listItem","name":"Inscripciones para el bus escolar gratis en Quer\u00e9taro"},"previousItem":{"@type":"ListItem","@id":"https:\/\/elprogresivo.mx#listItem","name":"Home"}},{"@type":"ListItem","@id":"https:\/\/elprogresivo.mx\/index.php\/2026\/09\/01\/inscripciones-para-el-bus-escolar-gratis-en-queretaro\/#listItem","position":3,"name":"Inscripciones para el bus escolar gratis en Quer\u00e9taro","previousItem":{"@type":"ListItem","@id":"https:\/\/elprogresivo.mx\/index.php\/category\/blog\/#listItem","name":"Blog"}}]},{"@type":"Organization","@id":"https:\/\/elprogresivo.mx\/#organization","name":"elprogresivo.mx","description":"Construimos una nueva etapa en informaci\u00f3n","url":"https:\/\/elprogresivo.mx\/","logo":{"@type":"ImageObject","url":"https:\/\/elprogresivo.mx\/wp-content\/uploads\/2024\/02\/cropped-LogoBlanco.png","@id":"https:\/\/elprogresivo.mx\/index.php\/2026\/09\/01\/inscripciones-para-el-bus-escolar-gratis-en-queretaro\/#organizationLogo","width":2096,"height":332},"image":{"@id":"https:\/\/elprogresivo.mx\/index.php\/2026\/09\/01\/inscripciones-para-el-bus-escolar-gratis-en-queretaro\/#organizationLogo"}},{"@type":"Person","@id":"https:\/\/elprogresivo.mx\/index.php\/author\/emmanuel-galvan\/#author","url":"https:\/\/elprogresivo.mx\/index.php\/author\/emmanuel-galvan\/","name":"Staff","image":{"@type":"ImageObject","@id":"https:\/\/elprogresivo.mx\/index.php\/2026\/09\/01\/inscripciones-para-el-bus-escolar-gratis-en-queretaro\/#authorImage","url":"https:\/\/secure.gravatar.com\/avatar\/3bb87242634c3adf910515f41e6e392ab758b98c8ee7fd12a54fcb5270441486?s=96&d=mm&r=g","width":96,"height":96,"caption":"Staff"}},{"@type":"WebPage","@id":"https:\/\/elprogresivo.mx\/index.php\/2026\/09\/01\/inscripciones-para-el-bus-escolar-gratis-en-queretaro\/#webpage","url":"https:\/\/elprogresivo.mx\/index.php\/2026\/09\/01\/inscripciones-para-el-bus-escolar-gratis-en-queretaro\/","name":"Inscripciones para el bus escolar gratis en Quer\u00e9taro - elprogresivo.mx","description":"El gobierno municipal de Quer\u00e9taro abre las puertas para inscribirse al transporte escolar y universitario gratuito. El registro se puede hacer en l\u00ednea durante septiembre y octubre. El presidente municipal, Felifer Mac\u00edas, confirm\u00f3 el inicio de la convocatoria. El programa busca que las familias gasten menos en movilidad y que los estudiantes lleguen seguros a","inLanguage":"es-MX","isPartOf":{"@id":"https:\/\/elprogresivo.mx\/#website"},"breadcrumb":{"@id":"https:\/\/elprogresivo.mx\/index.php\/2026\/09\/01\/inscripciones-para-el-bus-escolar-gratis-en-queretaro\/#breadcrumblist"},"author":{"@id":"https:\/\/elprogresivo.mx\/index.php\/author\/emmanuel-galvan\/#author"},"creator":{"@id":"https:\/\/elprogresivo.mx\/index.php\/author\/emmanuel-galvan\/#author"},"image":{"@type":"ImageObject","url":"https:\/\/elprogresivo.mx\/wp-content\/uploads\/2026\/09\/noticia_20260901134906.jpg","@id":"https:\/\/elprogresivo.mx\/index.php\/2026\/09\/01\/inscripciones-para-el-bus-escolar-gratis-en-queretaro\/#mainImage","width":1280,"height":854},"primaryImageOfPage":{"@id":"https:\/\/elprogresivo.mx\/index.php\/2026\/09\/01\/inscripciones-para-el-bus-escolar-gratis-en-queretaro\/#mainImage"},"datePublished":"2026-09-01T10:00:00+00:00","dateModified":"2026-09-01T10:00:00+00:00"},{"@type":"WebSite","@id":"https:\/\/elprogresivo.mx\/#website","url":"https:\/\/elprogresivo.mx\/","name":"elprogresivo.mx","description":"Construimos una nueva etapa en informaci\u00f3n","inLanguage":"es-MX","publisher":{"@id":"https:\/\/elprogresivo.mx\/#organization"}}]},"og:locale":"es_MX","og:site_name":"elprogresivo.mx - Construimos una nueva etapa en informaci\u00f3n","og:type":"article","og:title":"Inscripciones para el bus escolar gratis en Quer\u00e9taro - elprogresivo.mx","og:description":"El gobierno municipal de Quer\u00e9taro abre las puertas para inscribirse al transporte escolar y universitario gratuito. El registro se puede hacer en l\u00ednea durante septiembre y octubre. El presidente municipal, Felifer Mac\u00edas, confirm\u00f3 el inicio de la convocatoria. El programa busca que las familias gasten menos en movilidad y que los estudiantes lleguen seguros a","og:url":"https:\/\/elprogresivo.mx\/index.php\/2026\/09\/01\/inscripciones-para-el-bus-escolar-gratis-en-queretaro\/","og:image":"https:\/\/elprogresivo.mx\/wp-content\/uploads\/2024\/02\/cropped-LogoBlanco.png","og:image:secure_url":"https:\/\/elprogresivo.mx\/wp-content\/uploads\/2024\/02\/cropped-LogoBlanco.png","article:published_time":"2026-09-01T10:00:00+00:00","article:modified_time":"2026-09-01T10:00:00+00:00","twitter:card":"summary_large_image","twitter:title":"Inscripciones para el bus escolar gratis en Quer\u00e9taro - elprogresivo.mx","twitter:description":"El gobierno municipal de Quer\u00e9taro abre las puertas para inscribirse al transporte escolar y universitario gratuito. El registro se puede hacer en l\u00ednea durante septiembre y octubre. El presidente municipal, Felifer Mac\u00edas, confirm\u00f3 el inicio de la convocatoria. El programa busca que las familias gasten menos en movilidad y que los estudiantes lleguen seguros a","twitter:image":"https:\/\/elprogresivo.mx\/wp-content\/uploads\/2024\/02\/cropped-LogoBlanco.png"},"aioseo_meta_data":{"post_id":"4912","title":null,"description":null,"keywords":null,"keyphrases":{"focus":[],"additional":[]},"primary_term":null,"canonical_url":null,"og_title":null,"og_description":null,"og_object_type":"default","og_image_type":"default","og_image_url":null,"og_image_width":null,"og_image_height":null,"og_image_custom_url":null,"og_image_custom_fields":null,"og_video":null,"og_custom_url":null,"og_article_section":null,"og_article_tags":null,"twitter_use_og":false,"twitter_card":"default","twitter_image_type":"default","twitter_image_url":null,"twitter_image_custom_url":null,"twitter_image_custom_fields":null,"twitter_title":null,"twitter_description":null,"schema":{"blockGraphs":[],"customGraphs":[],"default":{"data":{"Article":[],"Course":[],"Dataset":[],"FAQPage":[],"Movie":[],"Person":[],"Product":[],"ProductReview":[],"Car":[],"Recipe":[],"Service":[],"SoftwareApplication":[],"WebPage":[]},"graphName":"","isEnabled":true},"graphs":[]},"schema_type":"default","schema_type_options":null,"pillar_content":false,"robots_default":true,"robots_noindex":false,"robots_noarchive":false,"robots_nosnippet":false,"robots_nofollow":false,"robots_noimageindex":false,"robots_noodp":false,"robots_notranslate":false,"robots_max_snippet":null,"robots_max_videopreview":null,"robots_max_imagepreview":"large","priority":null,"frequency":null,"local_seo":null,"limit_modified_date":false,"created":"2026-09-01 19:55:23","updated":"2026-09-01 21:41:08","ai":null,"breadcrumb_settings":null,"seo_analyzer_scan_date":null,"focus_keyword":null,"additional_keywords":null,"truseo_locale":null},"aioseo_breadcrumb":"<div class=\"aioseo-breadcrumbs\"><span class=\"aioseo-breadcrumb\">\n\t\t\t<a href=\"https:\/\/elprogresivo.mx\" title=\"Home\">Home<\/a>\n\t\t<\/span><span class=\"aioseo-breadcrumb-separator\">&raquo;<\/span><span class=\"aioseo-breadcrumb\">\n\t\t\t<a href=\"https:\/\/elprogresivo.mx\/index.php\/category\/blog\/\" title=\"Blog\">Blog<\/a>\n\t\t<\/span><span class=\"aioseo-breadcrumb-separator\">&raquo;<\/span><span class=\"aioseo-breadcrumb\">\n\t\t\tInscripciones para el bus escolar gratis en Quer\u00e9taro\n\t\t<\/span><\/div>","aioseo_breadcrumb_json":[{"label":"Home","link":"https:\/\/elprogresivo.mx"},{"label":"Blog","link":"https:\/\/elprogresivo.mx\/index.php\/category\/blog\/"},{"label":"Inscripciones para el bus escolar gratis en Quer\u00e9taro","link":"https:\/\/elprogresivo.mx\/index.php\/2026\/09\/01\/inscripciones-para-el-bus-escolar-gratis-en-queretaro\/"}],"jetpack_publicize_connections":[],"_links":{"self":[{"href":"https:\/\/elprogresivo.mx\/index.php\/wp-json\/wp\/v2\/posts\/4912","targetHints":{"allow":["GET"]}}],"collection":[{"href":"https:\/\/elprogresivo.mx\/index.php\/wp-json\/wp\/v2\/posts"}],"about":[{"href":"https:\/\/elprogresivo.mx\/index.php\/wp-json\/wp\/v2\/types\/post"}],"author":[{"embeddable":true,"href":"https:\/\/elprogresivo.mx\/index.php\/wp-json\/wp\/v2\/users\/5"}],"replies":[{"embeddable":true,"href":"https:\/\/elprogresivo.mx\/index.php\/wp-json\/wp\/v2\/comments?post=4912"}],"version-history":[{"count":0,"href":"https:\/\/elprogresivo.mx\/index.php\/wp-json\/wp\/v2\/posts\/4912\/revisions"}],"wp:featuredmedia":[{"embeddable":true,"href":"https:\/\/elprogresivo.mx\/index.php\/wp-json\/wp\/v2\/media\/4911"}],"wp:attachment":[{"href":"https:\/\/elprogresivo.mx\/index.php\/wp-json\/wp\/v2\/media?parent=4912"}],"wp:term":[{"taxonomy":"category","embeddable":true,"href":"https:\/\/elprogresivo.mx\/index.php\/wp-json\/wp\/v2\/categories?post=4912"},{"taxonomy":"post_tag","embeddable":true,"href":"https:\/\/elprogresivo.mx\/index.php\/wp-json\/wp\/v2\/tags?post=4912"}],"curies":[{"name":"wp","href":"https:\/\/api.w.org\/{rel}","templated":true}]}}