{"id":4910,"date":"2026-09-01T19:48:54","date_gmt":"2026-09-01T19:48:54","guid":{"rendered":"https:\/\/elprogresivo.mx\/index.php\/2026\/09\/01\/queretaro-confirma-6-casos-de-miasis-y-abre-centros-de-salud-mental\/"},"modified":"2026-09-01T19:48:54","modified_gmt":"2026-09-01T19:48:54","slug":"queretaro-confirma-6-casos-de-miasis-y-abre-centros-de-salud-mental","status":"publish","type":"post","link":"https:\/\/elprogresivo.mx\/index.php\/2026\/09\/01\/queretaro-confirma-6-casos-de-miasis-y-abre-centros-de-salud-mental\/","title":{"rendered":"Quer\u00e9taro confirma 6 casos de miasis y abre centros de salud mental"},"content":{"rendered":"<p>Quer\u00e9taro reforz\u00f3 su red de salud p\u00fablica tras reunir a las dependencias estatales para coordinar la atenci\u00f3n m\u00e9dica. La titular de la Secretar\u00eda de Salud, Mar\u00eda Martina P\u00e9rez Rend\u00f3n, presidi\u00f3 la primera sesi\u00f3n del Consejo Estatal de Salud en una llamada virtual. En la reuni\u00f3n, las instituciones acordaron sumar recursos y compartir datos para atender mejor a la poblaci\u00f3n. El objetivo es que los servicios lleguen a tiempo y se mejore la calidad de vida de los habitantes.<\/p>\n<p>La vigilancia epidemiol\u00f3gica detect\u00f3 seis casos confirmados de miasis humana causada por el gusano barrenador. Elsa Hern\u00e1ndez Pati\u00f1o, responsable de este rubro, explic\u00f3 c\u00f3mo identificar la enfermedad. Se trata de una persona que reporta larvas, dolor o sensaci\u00f3n de movimiento en una herida o mucosa. Tambi\u00e9n es caso probable si la persona estuvo en zonas de riesgo en los siete d\u00edas previos. Estas alertas ayudan a los m\u00e9dicos a orientar la atenci\u00f3n y reducir riesgos.<\/p>\n<p>En el \u00e1rea de salud mental, Alma Delia Alcal\u00e1 G\u00f3mez detall\u00f3 las acciones para atender a la poblaci\u00f3n. El estado instal\u00f3 Grupos de Ayuda Emocional, Unidades Centinela y brigadas especializadas. Tambi\u00e9n funcionan los CECOSAMAS para brindar terapia y apoyo. Adem\u00e1s, se realizaron talleres sobre autocuidado, prevenci\u00f3n de violencia y adicciones. Estas medidas buscan acercar la orientaci\u00f3n a las personas y prevenir crisis.<\/p>\n<p>Wendoline P\u00e9rez Trejo, del Departamento de Promoci\u00f3n y Fomento a la Salud, present\u00f3 la estrategia Nutriendo Futuros Saludables. Este plan busca crear h\u00e1bitos correctos desde la prevenci\u00f3n. Las acciones est\u00e1n dirigidas a evitar muertes prematuras y mejorar el bienestar general de la comunidad.<\/p>\n","protected":false},"excerpt":{"rendered":"<p>Quer\u00e9taro reforz\u00f3 su red de salud p\u00fablica tras reunir a las dependencias estatales para coordinar&#8230;<\/p>\n","protected":false},"author":5,"featured_media":4909,"comment_status":"open","ping_status":"open","sticky":false,"template":"","format":"standard","meta":{"om_disable_all_campaigns":false,"_monsterinsights_skip_tracking":false,"footnotes":"","jetpack_publicize_message":"","jetpack_publicize_feature_enabled":true,"jetpack_social_post_already_shared":true,"jetpack_social_options":{"image_generator_settings":{"template":"highway","default_image_id":0,"font":"","enabled":false},"version":2}},"categories":[1],"tags":[2039,3249,2030],"class_list":["post-4910","post","type-post","status-publish","format-standard","has-post-thumbnail","hentry","category-blog","tag-miasis","tag-prevenccion","tag-salud-mental"],"aioseo_notices":[],"aioseo_head":"\n\t\t<!-- All in One SEO 5.0.1.1 - aioseo.com -->\n\t<meta name=\"description\" content=\"Quer\u00e9taro reforz\u00f3 su red de salud p\u00fablica tras reunir a las dependencias estatales para coordinar la atenci\u00f3n m\u00e9dica. La titular de la Secretar\u00eda de Salud, Mar\u00eda Martina P\u00e9rez Rend\u00f3n, presidi\u00f3 la primera sesi\u00f3n del Consejo Estatal de Salud en una llamada virtual. En la reuni\u00f3n, las instituciones acordaron sumar recursos y compartir datos para atender\" \/>\n\t<meta name=\"robots\" content=\"max-image-preview:large\" \/>\n\t<meta name=\"author\" content=\"Staff\"\/>\n\t<link rel=\"canonical\" href=\"https:\/\/elprogresivo.mx\/index.php\/2026\/09\/01\/queretaro-confirma-6-casos-de-miasis-y-abre-centros-de-salud-mental\/\" \/>\n\t<meta name=\"generator\" content=\"All in One SEO (AIOSEO) 5.0.1.1\" \/>\n\t\t<meta property=\"og:locale\" content=\"es_MX\" \/>\n\t\t<meta property=\"og:site_name\" content=\"elprogresivo.mx - Construimos una nueva etapa en informaci\u00f3n\" \/>\n\t\t<meta property=\"og:type\" content=\"article\" \/>\n\t\t<meta property=\"og:title\" content=\"Quer\u00e9taro confirma 6 casos de miasis y abre centros de salud mental - elprogresivo.mx\" \/>\n\t\t<meta property=\"og:description\" content=\"Quer\u00e9taro reforz\u00f3 su red de salud p\u00fablica tras reunir a las dependencias estatales para coordinar la atenci\u00f3n m\u00e9dica. La titular de la Secretar\u00eda de Salud, Mar\u00eda Martina P\u00e9rez Rend\u00f3n, presidi\u00f3 la primera sesi\u00f3n del Consejo Estatal de Salud en una llamada virtual. En la reuni\u00f3n, las instituciones acordaron sumar recursos y compartir datos para atender\" \/>\n\t\t<meta property=\"og:url\" content=\"https:\/\/elprogresivo.mx\/index.php\/2026\/09\/01\/queretaro-confirma-6-casos-de-miasis-y-abre-centros-de-salud-mental\/\" \/>\n\t\t<meta property=\"og:image\" content=\"https:\/\/elprogresivo.mx\/wp-content\/uploads\/2024\/02\/cropped-LogoBlanco.png\" \/>\n\t\t<meta property=\"og:image:secure_url\" content=\"https:\/\/elprogresivo.mx\/wp-content\/uploads\/2024\/02\/cropped-LogoBlanco.png\" \/>\n\t\t<meta property=\"article:published_time\" content=\"2026-09-01T19:48:54+00:00\" \/>\n\t\t<meta property=\"article:modified_time\" content=\"2026-09-01T19:48:54+00:00\" \/>\n\t\t<meta name=\"twitter:card\" content=\"summary_large_image\" \/>\n\t\t<meta name=\"twitter:title\" content=\"Quer\u00e9taro confirma 6 casos de miasis y abre centros de salud mental - elprogresivo.mx\" \/>\n\t\t<meta name=\"twitter:description\" content=\"Quer\u00e9taro reforz\u00f3 su red de salud p\u00fablica tras reunir a las dependencias estatales para coordinar la atenci\u00f3n m\u00e9dica. La titular de la Secretar\u00eda de Salud, Mar\u00eda Martina P\u00e9rez Rend\u00f3n, presidi\u00f3 la primera sesi\u00f3n del Consejo Estatal de Salud en una llamada virtual. En la reuni\u00f3n, las instituciones acordaron sumar recursos y compartir datos para atender\" \/>\n\t\t<meta name=\"twitter:image\" content=\"https:\/\/elprogresivo.mx\/wp-content\/uploads\/2024\/02\/cropped-LogoBlanco.png\" \/>\n\t\t<script type=\"application\/ld+json\" class=\"aioseo-schema\">\n\t\t\t{\"@context\":\"https:\\\/\\\/schema.org\",\"@graph\":[{\"@type\":\"BlogPosting\",\"@id\":\"https:\\\/\\\/elprogresivo.mx\\\/index.php\\\/2026\\\/09\\\/01\\\/queretaro-confirma-6-casos-de-miasis-y-abre-centros-de-salud-mental\\\/#blogposting\",\"name\":\"Quer\\u00e9taro confirma 6 casos de miasis y abre centros de salud mental - elprogresivo.mx\",\"headline\":\"Quer\\u00e9taro confirma 6 casos de miasis y abre centros de salud mental\",\"author\":{\"@id\":\"https:\\\/\\\/elprogresivo.mx\\\/index.php\\\/author\\\/emmanuel-galvan\\\/#author\"},\"publisher\":{\"@id\":\"https:\\\/\\\/elprogresivo.mx\\\/#organization\"},\"image\":{\"@type\":\"ImageObject\",\"url\":\"https:\\\/\\\/elprogresivo.mx\\\/wp-content\\\/uploads\\\/2026\\\/09\\\/noticia_20260901134842.jpg\",\"width\":1280,\"height\":853},\"datePublished\":\"2026-09-01T19:48:54+00:00\",\"dateModified\":\"2026-09-01T19:48:54+00:00\",\"inLanguage\":\"es-MX\",\"mainEntityOfPage\":{\"@id\":\"https:\\\/\\\/elprogresivo.mx\\\/index.php\\\/2026\\\/09\\\/01\\\/queretaro-confirma-6-casos-de-miasis-y-abre-centros-de-salud-mental\\\/#webpage\"},\"isPartOf\":{\"@id\":\"https:\\\/\\\/elprogresivo.mx\\\/index.php\\\/2026\\\/09\\\/01\\\/queretaro-confirma-6-casos-de-miasis-y-abre-centros-de-salud-mental\\\/#webpage\"},\"articleSection\":\"Blog, miasis, Prevencci\\u00f3n, salud mental\"},{\"@type\":\"BreadcrumbList\",\"@id\":\"https:\\\/\\\/elprogresivo.mx\\\/index.php\\\/2026\\\/09\\\/01\\\/queretaro-confirma-6-casos-de-miasis-y-abre-centros-de-salud-mental\\\/#breadcrumblist\",\"itemListElement\":[{\"@type\":\"ListItem\",\"@id\":\"https:\\\/\\\/elprogresivo.mx#listItem\",\"position\":1,\"name\":\"Home\",\"item\":\"https:\\\/\\\/elprogresivo.mx\",\"nextItem\":{\"@type\":\"ListItem\",\"@id\":\"https:\\\/\\\/elprogresivo.mx\\\/index.php\\\/category\\\/blog\\\/#listItem\",\"name\":\"Blog\"}},{\"@type\":\"ListItem\",\"@id\":\"https:\\\/\\\/elprogresivo.mx\\\/index.php\\\/category\\\/blog\\\/#listItem\",\"position\":2,\"name\":\"Blog\",\"item\":\"https:\\\/\\\/elprogresivo.mx\\\/index.php\\\/category\\\/blog\\\/\",\"nextItem\":{\"@type\":\"ListItem\",\"@id\":\"https:\\\/\\\/elprogresivo.mx\\\/index.php\\\/2026\\\/09\\\/01\\\/queretaro-confirma-6-casos-de-miasis-y-abre-centros-de-salud-mental\\\/#listItem\",\"name\":\"Quer\\u00e9taro confirma 6 casos de miasis y abre centros de salud mental\"},\"previousItem\":{\"@type\":\"ListItem\",\"@id\":\"https:\\\/\\\/elprogresivo.mx#listItem\",\"name\":\"Home\"}},{\"@type\":\"ListItem\",\"@id\":\"https:\\\/\\\/elprogresivo.mx\\\/index.php\\\/2026\\\/09\\\/01\\\/queretaro-confirma-6-casos-de-miasis-y-abre-centros-de-salud-mental\\\/#listItem\",\"position\":3,\"name\":\"Quer\\u00e9taro confirma 6 casos de miasis y abre centros de salud mental\",\"previousItem\":{\"@type\":\"ListItem\",\"@id\":\"https:\\\/\\\/elprogresivo.mx\\\/index.php\\\/category\\\/blog\\\/#listItem\",\"name\":\"Blog\"}}]},{\"@type\":\"Organization\",\"@id\":\"https:\\\/\\\/elprogresivo.mx\\\/#organization\",\"name\":\"elprogresivo.mx\",\"description\":\"Construimos una nueva etapa en informaci\\u00f3n\",\"url\":\"https:\\\/\\\/elprogresivo.mx\\\/\",\"logo\":{\"@type\":\"ImageObject\",\"url\":\"https:\\\/\\\/elprogresivo.mx\\\/wp-content\\\/uploads\\\/2024\\\/02\\\/cropped-LogoBlanco.png\",\"@id\":\"https:\\\/\\\/elprogresivo.mx\\\/index.php\\\/2026\\\/09\\\/01\\\/queretaro-confirma-6-casos-de-miasis-y-abre-centros-de-salud-mental\\\/#organizationLogo\",\"width\":2096,\"height\":332},\"image\":{\"@id\":\"https:\\\/\\\/elprogresivo.mx\\\/index.php\\\/2026\\\/09\\\/01\\\/queretaro-confirma-6-casos-de-miasis-y-abre-centros-de-salud-mental\\\/#organizationLogo\"}},{\"@type\":\"Person\",\"@id\":\"https:\\\/\\\/elprogresivo.mx\\\/index.php\\\/author\\\/emmanuel-galvan\\\/#author\",\"url\":\"https:\\\/\\\/elprogresivo.mx\\\/index.php\\\/author\\\/emmanuel-galvan\\\/\",\"name\":\"Staff\",\"image\":{\"@type\":\"ImageObject\",\"@id\":\"https:\\\/\\\/elprogresivo.mx\\\/index.php\\\/2026\\\/09\\\/01\\\/queretaro-confirma-6-casos-de-miasis-y-abre-centros-de-salud-mental\\\/#authorImage\",\"url\":\"https:\\\/\\\/secure.gravatar.com\\\/avatar\\\/3bb87242634c3adf910515f41e6e392ab758b98c8ee7fd12a54fcb5270441486?s=96&d=mm&r=g\",\"width\":96,\"height\":96,\"caption\":\"Staff\"}},{\"@type\":\"WebPage\",\"@id\":\"https:\\\/\\\/elprogresivo.mx\\\/index.php\\\/2026\\\/09\\\/01\\\/queretaro-confirma-6-casos-de-miasis-y-abre-centros-de-salud-mental\\\/#webpage\",\"url\":\"https:\\\/\\\/elprogresivo.mx\\\/index.php\\\/2026\\\/09\\\/01\\\/queretaro-confirma-6-casos-de-miasis-y-abre-centros-de-salud-mental\\\/\",\"name\":\"Quer\\u00e9taro confirma 6 casos de miasis y abre centros de salud mental - elprogresivo.mx\",\"description\":\"Quer\\u00e9taro reforz\\u00f3 su red de salud p\\u00fablica tras reunir a las dependencias estatales para coordinar la atenci\\u00f3n m\\u00e9dica. La titular de la Secretar\\u00eda de Salud, Mar\\u00eda Martina P\\u00e9rez Rend\\u00f3n, presidi\\u00f3 la primera sesi\\u00f3n del Consejo Estatal de Salud en una llamada virtual. En la reuni\\u00f3n, las instituciones acordaron sumar recursos y compartir datos para atender\",\"inLanguage\":\"es-MX\",\"isPartOf\":{\"@id\":\"https:\\\/\\\/elprogresivo.mx\\\/#website\"},\"breadcrumb\":{\"@id\":\"https:\\\/\\\/elprogresivo.mx\\\/index.php\\\/2026\\\/09\\\/01\\\/queretaro-confirma-6-casos-de-miasis-y-abre-centros-de-salud-mental\\\/#breadcrumblist\"},\"author\":{\"@id\":\"https:\\\/\\\/elprogresivo.mx\\\/index.php\\\/author\\\/emmanuel-galvan\\\/#author\"},\"creator\":{\"@id\":\"https:\\\/\\\/elprogresivo.mx\\\/index.php\\\/author\\\/emmanuel-galvan\\\/#author\"},\"image\":{\"@type\":\"ImageObject\",\"url\":\"https:\\\/\\\/elprogresivo.mx\\\/wp-content\\\/uploads\\\/2026\\\/09\\\/noticia_20260901134842.jpg\",\"@id\":\"https:\\\/\\\/elprogresivo.mx\\\/index.php\\\/2026\\\/09\\\/01\\\/queretaro-confirma-6-casos-de-miasis-y-abre-centros-de-salud-mental\\\/#mainImage\",\"width\":1280,\"height\":853},\"primaryImageOfPage\":{\"@id\":\"https:\\\/\\\/elprogresivo.mx\\\/index.php\\\/2026\\\/09\\\/01\\\/queretaro-confirma-6-casos-de-miasis-y-abre-centros-de-salud-mental\\\/#mainImage\"},\"datePublished\":\"2026-09-01T19:48:54+00:00\",\"dateModified\":\"2026-09-01T19:48:54+00:00\"},{\"@type\":\"WebSite\",\"@id\":\"https:\\\/\\\/elprogresivo.mx\\\/#website\",\"url\":\"https:\\\/\\\/elprogresivo.mx\\\/\",\"name\":\"elprogresivo.mx\",\"description\":\"Construimos una nueva etapa en informaci\\u00f3n\",\"inLanguage\":\"es-MX\",\"publisher\":{\"@id\":\"https:\\\/\\\/elprogresivo.mx\\\/#organization\"}}]}\n\t\t<\/script>\n\t\t<!-- All in One SEO -->\n\n","aioseo_head_json":{"title":"Quer\u00e9taro confirma 6 casos de miasis y abre centros de salud mental - elprogresivo.mx","description":"Quer\u00e9taro reforz\u00f3 su red de salud p\u00fablica tras reunir a las dependencias estatales para coordinar la atenci\u00f3n m\u00e9dica. La titular de la Secretar\u00eda de Salud, Mar\u00eda Martina P\u00e9rez Rend\u00f3n, presidi\u00f3 la primera sesi\u00f3n del Consejo Estatal de Salud en una llamada virtual. En la reuni\u00f3n, las instituciones acordaron sumar recursos y compartir datos para atender","canonical_url":"https:\/\/elprogresivo.mx\/index.php\/2026\/09\/01\/queretaro-confirma-6-casos-de-miasis-y-abre-centros-de-salud-mental\/","robots":"max-image-preview:large","keywords":"","webmasterTools":{"miscellaneous":""},"schema":{"@context":"https:\/\/schema.org","@graph":[{"@type":"BlogPosting","@id":"https:\/\/elprogresivo.mx\/index.php\/2026\/09\/01\/queretaro-confirma-6-casos-de-miasis-y-abre-centros-de-salud-mental\/#blogposting","name":"Quer\u00e9taro confirma 6 casos de miasis y abre centros de salud mental - elprogresivo.mx","headline":"Quer\u00e9taro confirma 6 casos de miasis y abre centros de salud mental","author":{"@id":"https:\/\/elprogresivo.mx\/index.php\/author\/emmanuel-galvan\/#author"},"publisher":{"@id":"https:\/\/elprogresivo.mx\/#organization"},"image":{"@type":"ImageObject","url":"https:\/\/elprogresivo.mx\/wp-content\/uploads\/2026\/09\/noticia_20260901134842.jpg","width":1280,"height":853},"datePublished":"2026-09-01T19:48:54+00:00","dateModified":"2026-09-01T19:48:54+00:00","inLanguage":"es-MX","mainEntityOfPage":{"@id":"https:\/\/elprogresivo.mx\/index.php\/2026\/09\/01\/queretaro-confirma-6-casos-de-miasis-y-abre-centros-de-salud-mental\/#webpage"},"isPartOf":{"@id":"https:\/\/elprogresivo.mx\/index.php\/2026\/09\/01\/queretaro-confirma-6-casos-de-miasis-y-abre-centros-de-salud-mental\/#webpage"},"articleSection":"Blog, miasis, Prevencci\u00f3n, salud mental"},{"@type":"BreadcrumbList","@id":"https:\/\/elprogresivo.mx\/index.php\/2026\/09\/01\/queretaro-confirma-6-casos-de-miasis-y-abre-centros-de-salud-mental\/#breadcrumblist","itemListElement":[{"@type":"ListItem","@id":"https:\/\/elprogresivo.mx#listItem","position":1,"name":"Home","item":"https:\/\/elprogresivo.mx","nextItem":{"@type":"ListItem","@id":"https:\/\/elprogresivo.mx\/index.php\/category\/blog\/#listItem","name":"Blog"}},{"@type":"ListItem","@id":"https:\/\/elprogresivo.mx\/index.php\/category\/blog\/#listItem","position":2,"name":"Blog","item":"https:\/\/elprogresivo.mx\/index.php\/category\/blog\/","nextItem":{"@type":"ListItem","@id":"https:\/\/elprogresivo.mx\/index.php\/2026\/09\/01\/queretaro-confirma-6-casos-de-miasis-y-abre-centros-de-salud-mental\/#listItem","name":"Quer\u00e9taro confirma 6 casos de miasis y abre centros de salud mental"},"previousItem":{"@type":"ListItem","@id":"https:\/\/elprogresivo.mx#listItem","name":"Home"}},{"@type":"ListItem","@id":"https:\/\/elprogresivo.mx\/index.php\/2026\/09\/01\/queretaro-confirma-6-casos-de-miasis-y-abre-centros-de-salud-mental\/#listItem","position":3,"name":"Quer\u00e9taro confirma 6 casos de miasis y abre centros de salud mental","previousItem":{"@type":"ListItem","@id":"https:\/\/elprogresivo.mx\/index.php\/category\/blog\/#listItem","name":"Blog"}}]},{"@type":"Organization","@id":"https:\/\/elprogresivo.mx\/#organization","name":"elprogresivo.mx","description":"Construimos una nueva etapa en informaci\u00f3n","url":"https:\/\/elprogresivo.mx\/","logo":{"@type":"ImageObject","url":"https:\/\/elprogresivo.mx\/wp-content\/uploads\/2024\/02\/cropped-LogoBlanco.png","@id":"https:\/\/elprogresivo.mx\/index.php\/2026\/09\/01\/queretaro-confirma-6-casos-de-miasis-y-abre-centros-de-salud-mental\/#organizationLogo","width":2096,"height":332},"image":{"@id":"https:\/\/elprogresivo.mx\/index.php\/2026\/09\/01\/queretaro-confirma-6-casos-de-miasis-y-abre-centros-de-salud-mental\/#organizationLogo"}},{"@type":"Person","@id":"https:\/\/elprogresivo.mx\/index.php\/author\/emmanuel-galvan\/#author","url":"https:\/\/elprogresivo.mx\/index.php\/author\/emmanuel-galvan\/","name":"Staff","image":{"@type":"ImageObject","@id":"https:\/\/elprogresivo.mx\/index.php\/2026\/09\/01\/queretaro-confirma-6-casos-de-miasis-y-abre-centros-de-salud-mental\/#authorImage","url":"https:\/\/secure.gravatar.com\/avatar\/3bb87242634c3adf910515f41e6e392ab758b98c8ee7fd12a54fcb5270441486?s=96&d=mm&r=g","width":96,"height":96,"caption":"Staff"}},{"@type":"WebPage","@id":"https:\/\/elprogresivo.mx\/index.php\/2026\/09\/01\/queretaro-confirma-6-casos-de-miasis-y-abre-centros-de-salud-mental\/#webpage","url":"https:\/\/elprogresivo.mx\/index.php\/2026\/09\/01\/queretaro-confirma-6-casos-de-miasis-y-abre-centros-de-salud-mental\/","name":"Quer\u00e9taro confirma 6 casos de miasis y abre centros de salud mental - elprogresivo.mx","description":"Quer\u00e9taro reforz\u00f3 su red de salud p\u00fablica tras reunir a las dependencias estatales para coordinar la atenci\u00f3n m\u00e9dica. La titular de la Secretar\u00eda de Salud, Mar\u00eda Martina P\u00e9rez Rend\u00f3n, presidi\u00f3 la primera sesi\u00f3n del Consejo Estatal de Salud en una llamada virtual. En la reuni\u00f3n, las instituciones acordaron sumar recursos y compartir datos para atender","inLanguage":"es-MX","isPartOf":{"@id":"https:\/\/elprogresivo.mx\/#website"},"breadcrumb":{"@id":"https:\/\/elprogresivo.mx\/index.php\/2026\/09\/01\/queretaro-confirma-6-casos-de-miasis-y-abre-centros-de-salud-mental\/#breadcrumblist"},"author":{"@id":"https:\/\/elprogresivo.mx\/index.php\/author\/emmanuel-galvan\/#author"},"creator":{"@id":"https:\/\/elprogresivo.mx\/index.php\/author\/emmanuel-galvan\/#author"},"image":{"@type":"ImageObject","url":"https:\/\/elprogresivo.mx\/wp-content\/uploads\/2026\/09\/noticia_20260901134842.jpg","@id":"https:\/\/elprogresivo.mx\/index.php\/2026\/09\/01\/queretaro-confirma-6-casos-de-miasis-y-abre-centros-de-salud-mental\/#mainImage","width":1280,"height":853},"primaryImageOfPage":{"@id":"https:\/\/elprogresivo.mx\/index.php\/2026\/09\/01\/queretaro-confirma-6-casos-de-miasis-y-abre-centros-de-salud-mental\/#mainImage"},"datePublished":"2026-09-01T19:48:54+00:00","dateModified":"2026-09-01T19:48:54+00:00"},{"@type":"WebSite","@id":"https:\/\/elprogresivo.mx\/#website","url":"https:\/\/elprogresivo.mx\/","name":"elprogresivo.mx","description":"Construimos una nueva etapa en informaci\u00f3n","inLanguage":"es-MX","publisher":{"@id":"https:\/\/elprogresivo.mx\/#organization"}}]},"og:locale":"es_MX","og:site_name":"elprogresivo.mx - Construimos una nueva etapa en informaci\u00f3n","og:type":"article","og:title":"Quer\u00e9taro confirma 6 casos de miasis y abre centros de salud mental - elprogresivo.mx","og:description":"Quer\u00e9taro reforz\u00f3 su red de salud p\u00fablica tras reunir a las dependencias estatales para coordinar la atenci\u00f3n m\u00e9dica. La titular de la Secretar\u00eda de Salud, Mar\u00eda Martina P\u00e9rez Rend\u00f3n, presidi\u00f3 la primera sesi\u00f3n del Consejo Estatal de Salud en una llamada virtual. En la reuni\u00f3n, las instituciones acordaron sumar recursos y compartir datos para atender","og:url":"https:\/\/elprogresivo.mx\/index.php\/2026\/09\/01\/queretaro-confirma-6-casos-de-miasis-y-abre-centros-de-salud-mental\/","og:image":"https:\/\/elprogresivo.mx\/wp-content\/uploads\/2024\/02\/cropped-LogoBlanco.png","og:image:secure_url":"https:\/\/elprogresivo.mx\/wp-content\/uploads\/2024\/02\/cropped-LogoBlanco.png","article:published_time":"2026-09-01T19:48:54+00:00","article:modified_time":"2026-09-01T19:48:54+00:00","twitter:card":"summary_large_image","twitter:title":"Quer\u00e9taro confirma 6 casos de miasis y abre centros de salud mental - elprogresivo.mx","twitter:description":"Quer\u00e9taro reforz\u00f3 su red de salud p\u00fablica tras reunir a las dependencias estatales para coordinar la atenci\u00f3n m\u00e9dica. La titular de la Secretar\u00eda de Salud, Mar\u00eda Martina P\u00e9rez Rend\u00f3n, presidi\u00f3 la primera sesi\u00f3n del Consejo Estatal de Salud en una llamada virtual. En la reuni\u00f3n, las instituciones acordaron sumar recursos y compartir datos para atender","twitter:image":"https:\/\/elprogresivo.mx\/wp-content\/uploads\/2024\/02\/cropped-LogoBlanco.png"},"aioseo_meta_data":{"post_id":"4910","title":null,"description":null,"keywords":null,"keyphrases":{"focus":[],"additional":[]},"primary_term":null,"canonical_url":null,"og_title":null,"og_description":null,"og_object_type":"default","og_image_type":"default","og_image_url":null,"og_image_width":null,"og_image_height":null,"og_image_custom_url":null,"og_image_custom_fields":null,"og_video":null,"og_custom_url":null,"og_article_section":null,"og_article_tags":null,"twitter_use_og":false,"twitter_card":"default","twitter_image_type":"default","twitter_image_url":null,"twitter_image_custom_url":null,"twitter_image_custom_fields":null,"twitter_title":null,"twitter_description":null,"schema":{"blockGraphs":[],"customGraphs":[],"default":{"data":{"Article":[],"Course":[],"Dataset":[],"FAQPage":[],"Movie":[],"Person":[],"Product":[],"ProductReview":[],"Car":[],"Recipe":[],"Service":[],"SoftwareApplication":[],"WebPage":[]},"graphName":"","isEnabled":true},"graphs":[]},"schema_type":"default","schema_type_options":null,"pillar_content":false,"robots_default":true,"robots_noindex":false,"robots_noarchive":false,"robots_nosnippet":false,"robots_nofollow":false,"robots_noimageindex":false,"robots_noodp":false,"robots_notranslate":false,"robots_max_snippet":null,"robots_max_videopreview":null,"robots_max_imagepreview":"large","priority":null,"frequency":null,"local_seo":null,"limit_modified_date":false,"created":"2026-09-01 19:55:23","updated":"2026-09-01 21:41:08","ai":null,"breadcrumb_settings":null,"seo_analyzer_scan_date":null,"focus_keyword":null,"additional_keywords":null,"truseo_locale":null},"aioseo_breadcrumb":"<div class=\"aioseo-breadcrumbs\"><span class=\"aioseo-breadcrumb\">\n\t\t\t<a href=\"https:\/\/elprogresivo.mx\" title=\"Home\">Home<\/a>\n\t\t<\/span><span class=\"aioseo-breadcrumb-separator\">&raquo;<\/span><span class=\"aioseo-breadcrumb\">\n\t\t\t<a href=\"https:\/\/elprogresivo.mx\/index.php\/category\/blog\/\" title=\"Blog\">Blog<\/a>\n\t\t<\/span><span class=\"aioseo-breadcrumb-separator\">&raquo;<\/span><span class=\"aioseo-breadcrumb\">\n\t\t\tQuer\u00e9taro confirma 6 casos de miasis y abre centros de salud mental\n\t\t<\/span><\/div>","aioseo_breadcrumb_json":[{"label":"Home","link":"https:\/\/elprogresivo.mx"},{"label":"Blog","link":"https:\/\/elprogresivo.mx\/index.php\/category\/blog\/"},{"label":"Quer\u00e9taro confirma 6 casos de miasis y abre centros de salud mental","link":"https:\/\/elprogresivo.mx\/index.php\/2026\/09\/01\/queretaro-confirma-6-casos-de-miasis-y-abre-centros-de-salud-mental\/"}],"jetpack_publicize_connections":[],"_links":{"self":[{"href":"https:\/\/elprogresivo.mx\/index.php\/wp-json\/wp\/v2\/posts\/4910","targetHints":{"allow":["GET"]}}],"collection":[{"href":"https:\/\/elprogresivo.mx\/index.php\/wp-json\/wp\/v2\/posts"}],"about":[{"href":"https:\/\/elprogresivo.mx\/index.php\/wp-json\/wp\/v2\/types\/post"}],"author":[{"embeddable":true,"href":"https:\/\/elprogresivo.mx\/index.php\/wp-json\/wp\/v2\/users\/5"}],"replies":[{"embeddable":true,"href":"https:\/\/elprogresivo.mx\/index.php\/wp-json\/wp\/v2\/comments?post=4910"}],"version-history":[{"count":0,"href":"https:\/\/elprogresivo.mx\/index.php\/wp-json\/wp\/v2\/posts\/4910\/revisions"}],"wp:featuredmedia":[{"embeddable":true,"href":"https:\/\/elprogresivo.mx\/index.php\/wp-json\/wp\/v2\/media\/4909"}],"wp:attachment":[{"href":"https:\/\/elprogresivo.mx\/index.php\/wp-json\/wp\/v2\/media?parent=4910"}],"wp:term":[{"taxonomy":"category","embeddable":true,"href":"https:\/\/elprogresivo.mx\/index.php\/wp-json\/wp\/v2\/categories?post=4910"},{"taxonomy":"post_tag","embeddable":true,"href":"https:\/\/elprogresivo.mx\/index.php\/wp-json\/wp\/v2\/tags?post=4910"}],"curies":[{"name":"wp","href":"https:\/\/api.w.org\/{rel}","templated":true}]}}