{"id":4844,"date":"2026-09-01T19:45:26","date_gmt":"2026-09-01T19:45:26","guid":{"rendered":"https:\/\/elprogresivo.mx\/?p=4844"},"modified":"2026-09-01T21:41:27","modified_gmt":"2026-09-01T21:41:27","slug":"sheinbaum-marca-el-rumbo-hacia-2027-bienestar-seguridad-e-infraestructura-en-su-segundo-informe","status":"publish","type":"post","link":"https:\/\/elprogresivo.mx\/index.php\/2026\/09\/01\/sheinbaum-marca-el-rumbo-hacia-2027-bienestar-seguridad-e-infraestructura-en-su-segundo-informe\/","title":{"rendered":"Sheinbaum marca el rumbo hacia 2027: bienestar, seguridad e infraestructura en su Segundo Informe"},"content":{"rendered":"\n<figure class=\"wp-block-image size-large\"><img fetchpriority=\"high\" decoding=\"async\" width=\"1024\" height=\"668\" src=\"https:\/\/elprogresivo.mx\/wp-content\/uploads\/2026\/09\/WhatsApp-Image-2026-09-01-at-12.21.26-PM-1024x668.jpeg\" alt=\"\" class=\"wp-image-4846\" srcset=\"https:\/\/elprogresivo.mx\/wp-content\/uploads\/2026\/09\/WhatsApp-Image-2026-09-01-at-12.21.26-PM-1024x668.jpeg 1024w, https:\/\/elprogresivo.mx\/wp-content\/uploads\/2026\/09\/WhatsApp-Image-2026-09-01-at-12.21.26-PM-300x196.jpeg 300w, https:\/\/elprogresivo.mx\/wp-content\/uploads\/2026\/09\/WhatsApp-Image-2026-09-01-at-12.21.26-PM-768x501.jpeg 768w, https:\/\/elprogresivo.mx\/wp-content\/uploads\/2026\/09\/WhatsApp-Image-2026-09-01-at-12.21.26-PM-1536x1003.jpeg 1536w, https:\/\/elprogresivo.mx\/wp-content\/uploads\/2026\/09\/WhatsApp-Image-2026-09-01-at-12.21.26-PM-2048x1337.jpeg 2048w\" sizes=\"(max-width: 1024px) 100vw, 1024px\" \/><\/figure>\n\n\n\n<p>La presidenta Claudia Sheinbaum Pardo present\u00f3 este martes su Segundo Informe de Gobierno desde Palacio Nacional, donde asegur\u00f3 que M\u00e9xico avanza hacia un modelo de \u201cprosperidad compartida\u201d basado en la austeridad, los programas sociales, la recuperaci\u00f3n del salario y una mayor participaci\u00f3n del Estado en la econom\u00eda.<\/p>\n\n\n\n<p>Durante un mensaje de poco m\u00e1s de una hora, la mandataria sostuvo que los recursos p\u00fablicos pertenecen al pueblo y deben destinarse a garantizar derechos. Bajo el concepto de \u201chumanismo mexicano\u201d, afirm\u00f3 que gobernar implica convertir el amor al pueblo en pol\u00edticas p\u00fablicas y las pol\u00edticas p\u00fablicas en derechos.<\/p>\n\n\n\n<p>Sheinbaum destac\u00f3 que, al cierre de 2026, alrededor de 42.8 millones de personas recibir\u00e1n alg\u00fan apoyo de los Programas para el Bienestar, con una inversi\u00f3n superior a un bill\u00f3n de pesos. Entre los beneficiarios mencion\u00f3 a 13.7 millones de adultos mayores, casi 2.9 millones de mujeres de 60 a 64 a\u00f1os, dos millones de personas con discapacidad y medio mill\u00f3n de j\u00f3venes incorporados a J\u00f3venes Construyendo el Futuro.<\/p>\n\n\n\n<h2 class=\"wp-block-heading\">Salarios, empleo e inversi\u00f3n<\/h2>\n\n\n\n<p>En materia econ\u00f3mica, la presidenta inform\u00f3 que el salario m\u00ednimo aument\u00f3 154% respecto de 2018, al pasar de 2 mil 800 pesos mensuales a m\u00e1s de 9 mil pesos en 2026. Tambi\u00e9n destac\u00f3 la reforma laboral que reducir\u00e1 gradualmente la jornada hasta alcanzar 40 horas semanales en 2030.<\/p>\n\n\n\n<p>De acuerdo con las cifras presentadas, M\u00e9xico registra aproximadamente 60 millones de personas ocupadas, una tasa de desempleo de 2.7% y cerca de 35 mil millones de d\u00f3lares de Inversi\u00f3n Extranjera Directa.<\/p>\n\n\n\n<p>Sheinbaum asegur\u00f3 que la inflaci\u00f3n mantiene una tendencia descendente, que el peso permanece estable y que no se han registrado incrementos en los precios de la gasolina regular y el di\u00e9sel.<\/p>\n\n\n\n<p>La mandataria defendi\u00f3 una mayor rector\u00eda estatal para planear el desarrollo, garantizar derechos sociales y mejorar la distribuci\u00f3n de la riqueza, aunque manteniendo la participaci\u00f3n de la inversi\u00f3n privada y los proyectos mixtos.<\/p>\n\n\n\n<h2 class=\"wp-block-heading\">Gobierno reporta reducci\u00f3n de 51% en homicidios<\/h2>\n\n\n\n<p>La seguridad fue uno de los temas colocados al cierre del mensaje. Sheinbaum asegur\u00f3 que los homicidios dolosos disminuyeron 51% entre septiembre de 2024 y julio de 2026.<\/p>\n\n\n\n<p>El promedio diario habr\u00eda pasado de 86.9 a 42.5 homicidios, lo que, seg\u00fan la presidenta, representa 44 asesinatos menos cada d\u00eda. Tambi\u00e9n report\u00f3 una reducci\u00f3n aproximada de 32% en los delitos de alto impacto.<\/p>\n\n\n\n<p>Entre octubre de 2024 y julio de 2026, el Gobierno federal report\u00f3 la detenci\u00f3n de m\u00e1s de 63 mil 500 personas y la inhabilitaci\u00f3n de 2 mil 725 laboratorios clandestinos y \u00e1reas utilizadas para la producci\u00f3n de drogas.<\/p>\n\n\n\n<p>Sheinbaum atribuy\u00f3 estos resultados a la Estrategia Nacional de Seguridad, basada en atenci\u00f3n a las causas, inteligencia, investigaci\u00f3n y coordinaci\u00f3n entre las instituciones federales.<\/p>\n\n\n\n<h2 class=\"wp-block-heading\">Educaci\u00f3n, salud y vivienda<\/h2>\n\n\n\n<p>En educaci\u00f3n, la presidenta destac\u00f3 la ampliaci\u00f3n de las becas para estudiantes de escuelas p\u00fablicas, la creaci\u00f3n de m\u00e1s de 245 mil espacios universitarios y la incorporaci\u00f3n de 657 mil j\u00f3venes al nuevo Bachillerato Nacional.<\/p>\n\n\n\n<p>Tambi\u00e9n record\u00f3 la eliminaci\u00f3n del examen general de asignaci\u00f3n para ingresar a la educaci\u00f3n media superior y afirm\u00f3 que 200 mil docentes han recibido su basificaci\u00f3n.<\/p>\n\n\n\n<p>En salud, inform\u00f3 que el programa Salud Casa por Casa super\u00f3 los 23 millones de visitas domiciliarias y anunci\u00f3 la instalaci\u00f3n de m\u00e1s de 12 mil consultorios de atenci\u00f3n primaria en los estados incorporados al IMSS-Bienestar.<\/p>\n\n\n\n<p>El objetivo, se\u00f1al\u00f3, es avanzar hacia un Servicio Universal de Salud que coordine al IMSS, ISSSTE e IMSS-Bienestar.<\/p>\n\n\n\n<p>En vivienda, el Gobierno federal mantiene la meta de beneficiar a 12 millones de familias durante el sexenio mediante construcci\u00f3n, mejoramiento, cr\u00e9ditos accesibles, regularizaci\u00f3n de propiedades y reestructuraci\u00f3n de deudas impagables.<\/p>\n\n\n\n<h2 class=\"wp-block-heading\">Trenes e infraestructura<\/h2>\n\n\n\n<p>Sheinbaum present\u00f3 la infraestructura como una herramienta para mejorar la movilidad y detonar el desarrollo regional.<\/p>\n\n\n\n<p>Entre los avances mencion\u00f3 la construcci\u00f3n y rehabilitaci\u00f3n de 78 puentes, 709 kil\u00f3metros de carreteras, 135 caminos artesanales y diferentes proyectos de agua y saneamiento.<\/p>\n\n\n\n<p>La recuperaci\u00f3n de los trenes de pasajeros volvi\u00f3 a ocupar un lugar destacado. Entre las rutas prioritarias se encuentra el Tren M\u00e9xico\u2013Quer\u00e9taro, considerado una de las obras emblem\u00e1ticas de la administraci\u00f3n federal.<\/p>\n\n\n\n<p>Sin embargo, el mensaje nacional no profundiz\u00f3 en las afectaciones locales, derechos de v\u00eda, caminos alternos y compromisos con las comunidades ubicadas en la zona de construcci\u00f3n. Estos temas podr\u00edan abordarse durante la gira que realizar\u00e1 la presidenta por las 32 entidades.<\/p>\n\n\n\n<h2 class=\"wp-block-heading\">Mujeres, ciencia y soberan\u00eda<\/h2>\n\n\n\n<p>Como primera mujer presidenta, Sheinbaum afirm\u00f3 que las mujeres ya forman parte de la Constituci\u00f3n, las leyes y las decisiones fundamentales del pa\u00eds.<\/p>\n\n\n\n<p>Anunci\u00f3 que se alcanzar\u00e1 la meta de mil Centros Libres, destac\u00f3 la distribuci\u00f3n de 27 millones de Cartillas de Derechos de las Mujeres y confirm\u00f3 la presentaci\u00f3n de una Ley General para prevenir, investigar y sancionar el feminicidio, adem\u00e1s de reparar el da\u00f1o a las v\u00edctimas.<\/p>\n\n\n\n<p>En ciencia, report\u00f3 un incremento de 193% en los apoyos a proyectos de investigaci\u00f3n, as\u00ed como aumentos en becas al extranjero y estancias posdoctorales. Tambi\u00e9n destac\u00f3 proyectos como el autom\u00f3vil el\u00e9ctrico Olinia y la supercomputadora Coatlicue.<\/p>\n\n\n\n<p>En materia energ\u00e9tica, defendi\u00f3 el fortalecimiento de Pemex y la Comisi\u00f3n Federal de Electricidad como empresas p\u00fablicas, junto con inversiones para ampliar las redes el\u00e9ctricas e impulsar energ\u00edas renovables.<\/p>\n\n\n\n<h2 class=\"wp-block-heading\">Un mensaje hacia 2027<\/h2>\n\n\n\n<p>Adem\u00e1s del balance administrativo, el informe dej\u00f3 un mensaje pol\u00edtico hacia el interior de la Cuarta Transformaci\u00f3n.<\/p>\n\n\n\n<p>La insistencia en la honradez, la sencillez y la austeridad puede interpretarse como un llamado a los funcionarios y aspirantes de Morena para evitar que los esc\u00e1ndalos personales afecten al movimiento rumbo a las elecciones intermedias de 2027.<\/p>\n\n\n\n<p>Sheinbaum busca presentarse como garante de la continuidad de la 4T, pero con un estilo propio: m\u00e1s t\u00e9cnico, disciplinado y apoyado en cifras.<\/p>\n\n\n\n<p>El principal desaf\u00edo para su gobierno ser\u00e1 demostrar que los indicadores presentados se traducen en mejoras perceptibles para la poblaci\u00f3n, especialmente en seguridad, abasto de medicamentos, calidad de los servicios p\u00fablicos y ejecuci\u00f3n de las grandes obras de infraestructura.<\/p>\n\n\n\n<p>Tras el informe, la presidenta iniciar\u00e1 una gira nacional para presentar los resultados y proyectos espec\u00edficos de cada estado. En Quer\u00e9taro, la atenci\u00f3n se concentrar\u00e1 principalmente en el avance del tren, las obras federales, la disponibilidad de agua y energ\u00eda y la coordinaci\u00f3n entre la Federaci\u00f3n y el Gobierno estatal.<\/p>\n","protected":false},"excerpt":{"rendered":"<p>La presidenta Claudia Sheinbaum Pardo present\u00f3 este martes su Segundo Informe de Gobierno desde Palacio&#8230;<\/p>\n","protected":false},"author":2,"featured_media":0,"comment_status":"open","ping_status":"open","sticky":true,"template":"","format":"standard","meta":{"om_disable_all_campaigns":false,"_monsterinsights_skip_tracking":false,"footnotes":"","jetpack_publicize_message":"","jetpack_publicize_feature_enabled":true,"jetpack_social_post_already_shared":true,"jetpack_social_options":{"image_generator_settings":{"template":"highway","default_image_id":0,"font":"","enabled":false},"version":2}},"categories":[1,71],"tags":[],"class_list":["post-4844","post","type-post","status-publish","format-standard","hentry","category-blog","category-principal"],"aioseo_notices":[],"aioseo_head":"\n\t\t<!-- All in One SEO 5.0.1.1 - aioseo.com -->\n\t<meta name=\"description\" content=\"La presidenta Claudia Sheinbaum Pardo present\u00f3 este martes su Segundo Informe de Gobierno desde Palacio Nacional, donde asegur\u00f3 que M\u00e9xico avanza hacia un modelo de \u201cprosperidad compartida\u201d basado en la austeridad, los programas sociales, la recuperaci\u00f3n del salario y una mayor participaci\u00f3n del Estado en la econom\u00eda. Durante un mensaje de poco m\u00e1s de una\" \/>\n\t<meta name=\"robots\" content=\"max-image-preview:large\" \/>\n\t<meta name=\"author\" content=\"Tango Sierra\"\/>\n\t<link rel=\"canonical\" href=\"https:\/\/elprogresivo.mx\/index.php\/2026\/09\/01\/sheinbaum-marca-el-rumbo-hacia-2027-bienestar-seguridad-e-infraestructura-en-su-segundo-informe\/\" \/>\n\t<meta name=\"generator\" content=\"All in One SEO (AIOSEO) 5.0.1.1\" \/>\n\t\t<meta property=\"og:locale\" content=\"es_MX\" \/>\n\t\t<meta property=\"og:site_name\" content=\"elprogresivo.mx - Construimos una nueva etapa en informaci\u00f3n\" \/>\n\t\t<meta property=\"og:type\" content=\"article\" \/>\n\t\t<meta property=\"og:title\" content=\"Sheinbaum marca el rumbo hacia 2027: bienestar, seguridad e infraestructura en su Segundo Informe - elprogresivo.mx\" \/>\n\t\t<meta property=\"og:description\" content=\"La presidenta Claudia Sheinbaum Pardo present\u00f3 este martes su Segundo Informe de Gobierno desde Palacio Nacional, donde asegur\u00f3 que M\u00e9xico avanza hacia un modelo de \u201cprosperidad compartida\u201d basado en la austeridad, los programas sociales, la recuperaci\u00f3n del salario y una mayor participaci\u00f3n del Estado en la econom\u00eda. Durante un mensaje de poco m\u00e1s de una\" \/>\n\t\t<meta property=\"og:url\" content=\"https:\/\/elprogresivo.mx\/index.php\/2026\/09\/01\/sheinbaum-marca-el-rumbo-hacia-2027-bienestar-seguridad-e-infraestructura-en-su-segundo-informe\/\" \/>\n\t\t<meta property=\"og:image\" content=\"https:\/\/elprogresivo.mx\/wp-content\/uploads\/2024\/02\/cropped-LogoBlanco.png\" \/>\n\t\t<meta property=\"og:image:secure_url\" content=\"https:\/\/elprogresivo.mx\/wp-content\/uploads\/2024\/02\/cropped-LogoBlanco.png\" \/>\n\t\t<meta property=\"article:published_time\" content=\"2026-09-01T19:45:26+00:00\" \/>\n\t\t<meta property=\"article:modified_time\" content=\"2026-09-01T21:41:27+00:00\" \/>\n\t\t<meta name=\"twitter:card\" content=\"summary_large_image\" \/>\n\t\t<meta name=\"twitter:title\" content=\"Sheinbaum marca el rumbo hacia 2027: bienestar, seguridad e infraestructura en su Segundo Informe - elprogresivo.mx\" \/>\n\t\t<meta name=\"twitter:description\" content=\"La presidenta Claudia Sheinbaum Pardo present\u00f3 este martes su Segundo Informe de Gobierno desde Palacio Nacional, donde asegur\u00f3 que M\u00e9xico avanza hacia un modelo de \u201cprosperidad compartida\u201d basado en la austeridad, los programas sociales, la recuperaci\u00f3n del salario y una mayor participaci\u00f3n del Estado en la econom\u00eda. Durante un mensaje de poco m\u00e1s de una\" \/>\n\t\t<meta name=\"twitter:image\" content=\"https:\/\/elprogresivo.mx\/wp-content\/uploads\/2024\/02\/cropped-LogoBlanco.png\" \/>\n\t\t<script type=\"application\/ld+json\" class=\"aioseo-schema\">\n\t\t\t{\"@context\":\"https:\\\/\\\/schema.org\",\"@graph\":[{\"@type\":\"BlogPosting\",\"@id\":\"https:\\\/\\\/elprogresivo.mx\\\/index.php\\\/2026\\\/09\\\/01\\\/sheinbaum-marca-el-rumbo-hacia-2027-bienestar-seguridad-e-infraestructura-en-su-segundo-informe\\\/#blogposting\",\"name\":\"Sheinbaum marca el rumbo hacia 2027: bienestar, seguridad e infraestructura en su Segundo Informe - elprogresivo.mx\",\"headline\":\"Sheinbaum marca el rumbo hacia 2027: bienestar, seguridad e infraestructura en su Segundo Informe\",\"author\":{\"@id\":\"https:\\\/\\\/elprogresivo.mx\\\/index.php\\\/author\\\/tsayam\\\/#author\"},\"publisher\":{\"@id\":\"https:\\\/\\\/elprogresivo.mx\\\/#organization\"},\"image\":{\"@type\":\"ImageObject\",\"url\":\"https:\\\/\\\/elprogresivo.mx\\\/wp-content\\\/uploads\\\/2026\\\/09\\\/WhatsApp-Image-2026-09-01-at-12.21.26-PM-1024x668.jpeg\",\"@id\":\"https:\\\/\\\/elprogresivo.mx\\\/index.php\\\/2026\\\/09\\\/01\\\/sheinbaum-marca-el-rumbo-hacia-2027-bienestar-seguridad-e-infraestructura-en-su-segundo-informe\\\/#articleImage\"},\"datePublished\":\"2026-09-01T19:45:26+00:00\",\"dateModified\":\"2026-09-01T21:41:27+00:00\",\"inLanguage\":\"es-MX\",\"mainEntityOfPage\":{\"@id\":\"https:\\\/\\\/elprogresivo.mx\\\/index.php\\\/2026\\\/09\\\/01\\\/sheinbaum-marca-el-rumbo-hacia-2027-bienestar-seguridad-e-infraestructura-en-su-segundo-informe\\\/#webpage\"},\"isPartOf\":{\"@id\":\"https:\\\/\\\/elprogresivo.mx\\\/index.php\\\/2026\\\/09\\\/01\\\/sheinbaum-marca-el-rumbo-hacia-2027-bienestar-seguridad-e-infraestructura-en-su-segundo-informe\\\/#webpage\"},\"articleSection\":\"Blog, Principal\"},{\"@type\":\"BreadcrumbList\",\"@id\":\"https:\\\/\\\/elprogresivo.mx\\\/index.php\\\/2026\\\/09\\\/01\\\/sheinbaum-marca-el-rumbo-hacia-2027-bienestar-seguridad-e-infraestructura-en-su-segundo-informe\\\/#breadcrumblist\",\"itemListElement\":[{\"@type\":\"ListItem\",\"@id\":\"https:\\\/\\\/elprogresivo.mx#listItem\",\"position\":1,\"name\":\"Home\",\"item\":\"https:\\\/\\\/elprogresivo.mx\",\"nextItem\":{\"@type\":\"ListItem\",\"@id\":\"https:\\\/\\\/elprogresivo.mx\\\/index.php\\\/category\\\/blog\\\/#listItem\",\"name\":\"Blog\"}},{\"@type\":\"ListItem\",\"@id\":\"https:\\\/\\\/elprogresivo.mx\\\/index.php\\\/category\\\/blog\\\/#listItem\",\"position\":2,\"name\":\"Blog\",\"item\":\"https:\\\/\\\/elprogresivo.mx\\\/index.php\\\/category\\\/blog\\\/\",\"nextItem\":{\"@type\":\"ListItem\",\"@id\":\"https:\\\/\\\/elprogresivo.mx\\\/index.php\\\/2026\\\/09\\\/01\\\/sheinbaum-marca-el-rumbo-hacia-2027-bienestar-seguridad-e-infraestructura-en-su-segundo-informe\\\/#listItem\",\"name\":\"Sheinbaum marca el rumbo hacia 2027: bienestar, seguridad e infraestructura en su Segundo Informe\"},\"previousItem\":{\"@type\":\"ListItem\",\"@id\":\"https:\\\/\\\/elprogresivo.mx#listItem\",\"name\":\"Home\"}},{\"@type\":\"ListItem\",\"@id\":\"https:\\\/\\\/elprogresivo.mx\\\/index.php\\\/2026\\\/09\\\/01\\\/sheinbaum-marca-el-rumbo-hacia-2027-bienestar-seguridad-e-infraestructura-en-su-segundo-informe\\\/#listItem\",\"position\":3,\"name\":\"Sheinbaum marca el rumbo hacia 2027: bienestar, seguridad e infraestructura en su Segundo Informe\",\"previousItem\":{\"@type\":\"ListItem\",\"@id\":\"https:\\\/\\\/elprogresivo.mx\\\/index.php\\\/category\\\/blog\\\/#listItem\",\"name\":\"Blog\"}}]},{\"@type\":\"Organization\",\"@id\":\"https:\\\/\\\/elprogresivo.mx\\\/#organization\",\"name\":\"elprogresivo.mx\",\"description\":\"Construimos una nueva etapa en informaci\\u00f3n\",\"url\":\"https:\\\/\\\/elprogresivo.mx\\\/\",\"logo\":{\"@type\":\"ImageObject\",\"url\":\"https:\\\/\\\/elprogresivo.mx\\\/wp-content\\\/uploads\\\/2024\\\/02\\\/cropped-LogoBlanco.png\",\"@id\":\"https:\\\/\\\/elprogresivo.mx\\\/index.php\\\/2026\\\/09\\\/01\\\/sheinbaum-marca-el-rumbo-hacia-2027-bienestar-seguridad-e-infraestructura-en-su-segundo-informe\\\/#organizationLogo\",\"width\":2096,\"height\":332},\"image\":{\"@id\":\"https:\\\/\\\/elprogresivo.mx\\\/index.php\\\/2026\\\/09\\\/01\\\/sheinbaum-marca-el-rumbo-hacia-2027-bienestar-seguridad-e-infraestructura-en-su-segundo-informe\\\/#organizationLogo\"}},{\"@type\":\"Person\",\"@id\":\"https:\\\/\\\/elprogresivo.mx\\\/index.php\\\/author\\\/tsayam\\\/#author\",\"url\":\"https:\\\/\\\/elprogresivo.mx\\\/index.php\\\/author\\\/tsayam\\\/\",\"name\":\"Tango Sierra\",\"image\":{\"@type\":\"ImageObject\",\"@id\":\"https:\\\/\\\/elprogresivo.mx\\\/index.php\\\/2026\\\/09\\\/01\\\/sheinbaum-marca-el-rumbo-hacia-2027-bienestar-seguridad-e-infraestructura-en-su-segundo-informe\\\/#authorImage\",\"url\":\"https:\\\/\\\/secure.gravatar.com\\\/avatar\\\/7d2a1a6e0e2f60f6194efafbd1b31ace490ff1c5a603763f1826842c4c5769e5?s=96&d=mm&r=g\",\"width\":96,\"height\":96,\"caption\":\"Tango Sierra\"}},{\"@type\":\"WebPage\",\"@id\":\"https:\\\/\\\/elprogresivo.mx\\\/index.php\\\/2026\\\/09\\\/01\\\/sheinbaum-marca-el-rumbo-hacia-2027-bienestar-seguridad-e-infraestructura-en-su-segundo-informe\\\/#webpage\",\"url\":\"https:\\\/\\\/elprogresivo.mx\\\/index.php\\\/2026\\\/09\\\/01\\\/sheinbaum-marca-el-rumbo-hacia-2027-bienestar-seguridad-e-infraestructura-en-su-segundo-informe\\\/\",\"name\":\"Sheinbaum marca el rumbo hacia 2027: bienestar, seguridad e infraestructura en su Segundo Informe - elprogresivo.mx\",\"description\":\"La presidenta Claudia Sheinbaum Pardo present\\u00f3 este martes su Segundo Informe de Gobierno desde Palacio Nacional, donde asegur\\u00f3 que M\\u00e9xico avanza hacia un modelo de \\u201cprosperidad compartida\\u201d basado en la austeridad, los programas sociales, la recuperaci\\u00f3n del salario y una mayor participaci\\u00f3n del Estado en la econom\\u00eda. Durante un mensaje de poco m\\u00e1s de una\",\"inLanguage\":\"es-MX\",\"isPartOf\":{\"@id\":\"https:\\\/\\\/elprogresivo.mx\\\/#website\"},\"breadcrumb\":{\"@id\":\"https:\\\/\\\/elprogresivo.mx\\\/index.php\\\/2026\\\/09\\\/01\\\/sheinbaum-marca-el-rumbo-hacia-2027-bienestar-seguridad-e-infraestructura-en-su-segundo-informe\\\/#breadcrumblist\"},\"author\":{\"@id\":\"https:\\\/\\\/elprogresivo.mx\\\/index.php\\\/author\\\/tsayam\\\/#author\"},\"creator\":{\"@id\":\"https:\\\/\\\/elprogresivo.mx\\\/index.php\\\/author\\\/tsayam\\\/#author\"},\"datePublished\":\"2026-09-01T19:45:26+00:00\",\"dateModified\":\"2026-09-01T21:41:27+00:00\"},{\"@type\":\"WebSite\",\"@id\":\"https:\\\/\\\/elprogresivo.mx\\\/#website\",\"url\":\"https:\\\/\\\/elprogresivo.mx\\\/\",\"name\":\"elprogresivo.mx\",\"description\":\"Construimos una nueva etapa en informaci\\u00f3n\",\"inLanguage\":\"es-MX\",\"publisher\":{\"@id\":\"https:\\\/\\\/elprogresivo.mx\\\/#organization\"}}]}\n\t\t<\/script>\n\t\t<!-- All in One SEO -->\n\n","aioseo_head_json":{"title":"Sheinbaum marca el rumbo hacia 2027: bienestar, seguridad e infraestructura en su Segundo Informe - elprogresivo.mx","description":"La presidenta Claudia Sheinbaum Pardo present\u00f3 este martes su Segundo Informe de Gobierno desde Palacio Nacional, donde asegur\u00f3 que M\u00e9xico avanza hacia un modelo de \u201cprosperidad compartida\u201d basado en la austeridad, los programas sociales, la recuperaci\u00f3n del salario y una mayor participaci\u00f3n del Estado en la econom\u00eda. Durante un mensaje de poco m\u00e1s de una","canonical_url":"https:\/\/elprogresivo.mx\/index.php\/2026\/09\/01\/sheinbaum-marca-el-rumbo-hacia-2027-bienestar-seguridad-e-infraestructura-en-su-segundo-informe\/","robots":"max-image-preview:large","keywords":"","webmasterTools":{"miscellaneous":""},"schema":{"@context":"https:\/\/schema.org","@graph":[{"@type":"BlogPosting","@id":"https:\/\/elprogresivo.mx\/index.php\/2026\/09\/01\/sheinbaum-marca-el-rumbo-hacia-2027-bienestar-seguridad-e-infraestructura-en-su-segundo-informe\/#blogposting","name":"Sheinbaum marca el rumbo hacia 2027: bienestar, seguridad e infraestructura en su Segundo Informe - elprogresivo.mx","headline":"Sheinbaum marca el rumbo hacia 2027: bienestar, seguridad e infraestructura en su Segundo Informe","author":{"@id":"https:\/\/elprogresivo.mx\/index.php\/author\/tsayam\/#author"},"publisher":{"@id":"https:\/\/elprogresivo.mx\/#organization"},"image":{"@type":"ImageObject","url":"https:\/\/elprogresivo.mx\/wp-content\/uploads\/2026\/09\/WhatsApp-Image-2026-09-01-at-12.21.26-PM-1024x668.jpeg","@id":"https:\/\/elprogresivo.mx\/index.php\/2026\/09\/01\/sheinbaum-marca-el-rumbo-hacia-2027-bienestar-seguridad-e-infraestructura-en-su-segundo-informe\/#articleImage"},"datePublished":"2026-09-01T19:45:26+00:00","dateModified":"2026-09-01T21:41:27+00:00","inLanguage":"es-MX","mainEntityOfPage":{"@id":"https:\/\/elprogresivo.mx\/index.php\/2026\/09\/01\/sheinbaum-marca-el-rumbo-hacia-2027-bienestar-seguridad-e-infraestructura-en-su-segundo-informe\/#webpage"},"isPartOf":{"@id":"https:\/\/elprogresivo.mx\/index.php\/2026\/09\/01\/sheinbaum-marca-el-rumbo-hacia-2027-bienestar-seguridad-e-infraestructura-en-su-segundo-informe\/#webpage"},"articleSection":"Blog, Principal"},{"@type":"BreadcrumbList","@id":"https:\/\/elprogresivo.mx\/index.php\/2026\/09\/01\/sheinbaum-marca-el-rumbo-hacia-2027-bienestar-seguridad-e-infraestructura-en-su-segundo-informe\/#breadcrumblist","itemListElement":[{"@type":"ListItem","@id":"https:\/\/elprogresivo.mx#listItem","position":1,"name":"Home","item":"https:\/\/elprogresivo.mx","nextItem":{"@type":"ListItem","@id":"https:\/\/elprogresivo.mx\/index.php\/category\/blog\/#listItem","name":"Blog"}},{"@type":"ListItem","@id":"https:\/\/elprogresivo.mx\/index.php\/category\/blog\/#listItem","position":2,"name":"Blog","item":"https:\/\/elprogresivo.mx\/index.php\/category\/blog\/","nextItem":{"@type":"ListItem","@id":"https:\/\/elprogresivo.mx\/index.php\/2026\/09\/01\/sheinbaum-marca-el-rumbo-hacia-2027-bienestar-seguridad-e-infraestructura-en-su-segundo-informe\/#listItem","name":"Sheinbaum marca el rumbo hacia 2027: bienestar, seguridad e infraestructura en su Segundo Informe"},"previousItem":{"@type":"ListItem","@id":"https:\/\/elprogresivo.mx#listItem","name":"Home"}},{"@type":"ListItem","@id":"https:\/\/elprogresivo.mx\/index.php\/2026\/09\/01\/sheinbaum-marca-el-rumbo-hacia-2027-bienestar-seguridad-e-infraestructura-en-su-segundo-informe\/#listItem","position":3,"name":"Sheinbaum marca el rumbo hacia 2027: bienestar, seguridad e infraestructura en su Segundo Informe","previousItem":{"@type":"ListItem","@id":"https:\/\/elprogresivo.mx\/index.php\/category\/blog\/#listItem","name":"Blog"}}]},{"@type":"Organization","@id":"https:\/\/elprogresivo.mx\/#organization","name":"elprogresivo.mx","description":"Construimos una nueva etapa en informaci\u00f3n","url":"https:\/\/elprogresivo.mx\/","logo":{"@type":"ImageObject","url":"https:\/\/elprogresivo.mx\/wp-content\/uploads\/2024\/02\/cropped-LogoBlanco.png","@id":"https:\/\/elprogresivo.mx\/index.php\/2026\/09\/01\/sheinbaum-marca-el-rumbo-hacia-2027-bienestar-seguridad-e-infraestructura-en-su-segundo-informe\/#organizationLogo","width":2096,"height":332},"image":{"@id":"https:\/\/elprogresivo.mx\/index.php\/2026\/09\/01\/sheinbaum-marca-el-rumbo-hacia-2027-bienestar-seguridad-e-infraestructura-en-su-segundo-informe\/#organizationLogo"}},{"@type":"Person","@id":"https:\/\/elprogresivo.mx\/index.php\/author\/tsayam\/#author","url":"https:\/\/elprogresivo.mx\/index.php\/author\/tsayam\/","name":"Tango Sierra","image":{"@type":"ImageObject","@id":"https:\/\/elprogresivo.mx\/index.php\/2026\/09\/01\/sheinbaum-marca-el-rumbo-hacia-2027-bienestar-seguridad-e-infraestructura-en-su-segundo-informe\/#authorImage","url":"https:\/\/secure.gravatar.com\/avatar\/7d2a1a6e0e2f60f6194efafbd1b31ace490ff1c5a603763f1826842c4c5769e5?s=96&d=mm&r=g","width":96,"height":96,"caption":"Tango Sierra"}},{"@type":"WebPage","@id":"https:\/\/elprogresivo.mx\/index.php\/2026\/09\/01\/sheinbaum-marca-el-rumbo-hacia-2027-bienestar-seguridad-e-infraestructura-en-su-segundo-informe\/#webpage","url":"https:\/\/elprogresivo.mx\/index.php\/2026\/09\/01\/sheinbaum-marca-el-rumbo-hacia-2027-bienestar-seguridad-e-infraestructura-en-su-segundo-informe\/","name":"Sheinbaum marca el rumbo hacia 2027: bienestar, seguridad e infraestructura en su Segundo Informe - elprogresivo.mx","description":"La presidenta Claudia Sheinbaum Pardo present\u00f3 este martes su Segundo Informe de Gobierno desde Palacio Nacional, donde asegur\u00f3 que M\u00e9xico avanza hacia un modelo de \u201cprosperidad compartida\u201d basado en la austeridad, los programas sociales, la recuperaci\u00f3n del salario y una mayor participaci\u00f3n del Estado en la econom\u00eda. Durante un mensaje de poco m\u00e1s de una","inLanguage":"es-MX","isPartOf":{"@id":"https:\/\/elprogresivo.mx\/#website"},"breadcrumb":{"@id":"https:\/\/elprogresivo.mx\/index.php\/2026\/09\/01\/sheinbaum-marca-el-rumbo-hacia-2027-bienestar-seguridad-e-infraestructura-en-su-segundo-informe\/#breadcrumblist"},"author":{"@id":"https:\/\/elprogresivo.mx\/index.php\/author\/tsayam\/#author"},"creator":{"@id":"https:\/\/elprogresivo.mx\/index.php\/author\/tsayam\/#author"},"datePublished":"2026-09-01T19:45:26+00:00","dateModified":"2026-09-01T21:41:27+00:00"},{"@type":"WebSite","@id":"https:\/\/elprogresivo.mx\/#website","url":"https:\/\/elprogresivo.mx\/","name":"elprogresivo.mx","description":"Construimos una nueva etapa en informaci\u00f3n","inLanguage":"es-MX","publisher":{"@id":"https:\/\/elprogresivo.mx\/#organization"}}]},"og:locale":"es_MX","og:site_name":"elprogresivo.mx - Construimos una nueva etapa en informaci\u00f3n","og:type":"article","og:title":"Sheinbaum marca el rumbo hacia 2027: bienestar, seguridad e infraestructura en su Segundo Informe - elprogresivo.mx","og:description":"La presidenta Claudia Sheinbaum Pardo present\u00f3 este martes su Segundo Informe de Gobierno desde Palacio Nacional, donde asegur\u00f3 que M\u00e9xico avanza hacia un modelo de \u201cprosperidad compartida\u201d basado en la austeridad, los programas sociales, la recuperaci\u00f3n del salario y una mayor participaci\u00f3n del Estado en la econom\u00eda. Durante un mensaje de poco m\u00e1s de una","og:url":"https:\/\/elprogresivo.mx\/index.php\/2026\/09\/01\/sheinbaum-marca-el-rumbo-hacia-2027-bienestar-seguridad-e-infraestructura-en-su-segundo-informe\/","og:image":"https:\/\/elprogresivo.mx\/wp-content\/uploads\/2024\/02\/cropped-LogoBlanco.png","og:image:secure_url":"https:\/\/elprogresivo.mx\/wp-content\/uploads\/2024\/02\/cropped-LogoBlanco.png","article:published_time":"2026-09-01T19:45:26+00:00","article:modified_time":"2026-09-01T21:41:27+00:00","twitter:card":"summary_large_image","twitter:title":"Sheinbaum marca el rumbo hacia 2027: bienestar, seguridad e infraestructura en su Segundo Informe - elprogresivo.mx","twitter:description":"La presidenta Claudia Sheinbaum Pardo present\u00f3 este martes su Segundo Informe de Gobierno desde Palacio Nacional, donde asegur\u00f3 que M\u00e9xico avanza hacia un modelo de \u201cprosperidad compartida\u201d basado en la austeridad, los programas sociales, la recuperaci\u00f3n del salario y una mayor participaci\u00f3n del Estado en la econom\u00eda. Durante un mensaje de poco m\u00e1s de una","twitter:image":"https:\/\/elprogresivo.mx\/wp-content\/uploads\/2024\/02\/cropped-LogoBlanco.png"},"aioseo_meta_data":{"post_id":"4844","title":null,"description":null,"keywords":null,"keyphrases":{"focus":{"keyphrase":"","score":0,"analysis":{"keyphraseInTitle":{"score":0,"maxScore":9,"error":1}}},"additional":[]},"primary_term":null,"canonical_url":null,"og_title":null,"og_description":null,"og_object_type":"default","og_image_type":"default","og_image_url":null,"og_image_width":null,"og_image_height":null,"og_image_custom_url":null,"og_image_custom_fields":null,"og_video":"","og_custom_url":null,"og_article_section":null,"og_article_tags":null,"twitter_use_og":false,"twitter_card":"default","twitter_image_type":"default","twitter_image_url":null,"twitter_image_custom_url":null,"twitter_image_custom_fields":null,"twitter_title":null,"twitter_description":null,"schema":{"blockGraphs":[],"customGraphs":[],"default":{"data":{"Article":[],"Course":[],"Dataset":[],"FAQPage":[],"Movie":[],"Person":[],"Product":[],"ProductReview":[],"Car":[],"Recipe":[],"Service":[],"SoftwareApplication":[],"WebPage":[]},"graphName":"BlogPosting","isEnabled":true},"graphs":[]},"schema_type":"default","schema_type_options":null,"pillar_content":false,"robots_default":true,"robots_noindex":false,"robots_noarchive":false,"robots_nosnippet":false,"robots_nofollow":false,"robots_noimageindex":false,"robots_noodp":false,"robots_notranslate":false,"robots_max_snippet":"-1","robots_max_videopreview":"-1","robots_max_imagepreview":"large","priority":null,"frequency":"default","local_seo":null,"limit_modified_date":false,"created":"2026-09-01 19:03:22","updated":"2026-09-01 22:30:06","ai":{"faqs":[],"keyPoints":[],"schemas":[],"titles":[],"descriptions":[],"socialPosts":{"email":{"subject":"","preview":"","content":""},"linkedin":[],"twitter":[],"facebook":[],"instagram":[]}},"breadcrumb_settings":null,"seo_analyzer_scan_date":null,"focus_keyword":null,"additional_keywords":null,"truseo_locale":null},"aioseo_breadcrumb":"<div class=\"aioseo-breadcrumbs\"><span class=\"aioseo-breadcrumb\">\n\t\t\t<a href=\"https:\/\/elprogresivo.mx\" title=\"Home\">Home<\/a>\n\t\t<\/span><span class=\"aioseo-breadcrumb-separator\">&raquo;<\/span><span class=\"aioseo-breadcrumb\">\n\t\t\t<a href=\"https:\/\/elprogresivo.mx\/index.php\/category\/blog\/\" title=\"Blog\">Blog<\/a>\n\t\t<\/span><span class=\"aioseo-breadcrumb-separator\">&raquo;<\/span><span class=\"aioseo-breadcrumb\">\n\t\t\tSheinbaum marca el rumbo hacia 2027: bienestar, seguridad e infraestructura en su Segundo Informe\n\t\t<\/span><\/div>","aioseo_breadcrumb_json":[{"label":"Home","link":"https:\/\/elprogresivo.mx"},{"label":"Blog","link":"https:\/\/elprogresivo.mx\/index.php\/category\/blog\/"},{"label":"Sheinbaum marca el rumbo hacia 2027: bienestar, seguridad e infraestructura en su Segundo Informe","link":"https:\/\/elprogresivo.mx\/index.php\/2026\/09\/01\/sheinbaum-marca-el-rumbo-hacia-2027-bienestar-seguridad-e-infraestructura-en-su-segundo-informe\/"}],"jetpack_publicize_connections":[],"_links":{"self":[{"href":"https:\/\/elprogresivo.mx\/index.php\/wp-json\/wp\/v2\/posts\/4844","targetHints":{"allow":["GET"]}}],"collection":[{"href":"https:\/\/elprogresivo.mx\/index.php\/wp-json\/wp\/v2\/posts"}],"about":[{"href":"https:\/\/elprogresivo.mx\/index.php\/wp-json\/wp\/v2\/types\/post"}],"author":[{"embeddable":true,"href":"https:\/\/elprogresivo.mx\/index.php\/wp-json\/wp\/v2\/users\/2"}],"replies":[{"embeddable":true,"href":"https:\/\/elprogresivo.mx\/index.php\/wp-json\/wp\/v2\/comments?post=4844"}],"version-history":[{"count":1,"href":"https:\/\/elprogresivo.mx\/index.php\/wp-json\/wp\/v2\/posts\/4844\/revisions"}],"predecessor-version":[{"id":4848,"href":"https:\/\/elprogresivo.mx\/index.php\/wp-json\/wp\/v2\/posts\/4844\/revisions\/4848"}],"wp:attachment":[{"href":"https:\/\/elprogresivo.mx\/index.php\/wp-json\/wp\/v2\/media?parent=4844"}],"wp:term":[{"taxonomy":"category","embeddable":true,"href":"https:\/\/elprogresivo.mx\/index.php\/wp-json\/wp\/v2\/categories?post=4844"},{"taxonomy":"post_tag","embeddable":true,"href":"https:\/\/elprogresivo.mx\/index.php\/wp-json\/wp\/v2\/tags?post=4844"}],"curies":[{"name":"wp","href":"https:\/\/api.w.org\/{rel}","templated":true}]}}