{"id":4832,"date":"2026-09-01T15:57:05","date_gmt":"2026-09-01T15:57:05","guid":{"rendered":"https:\/\/elprogresivo.mx\/index.php\/2026\/09\/01\/queretaro-recibe-al-congreso-mas-fuerte-del-turismo-en-mexico\/"},"modified":"2026-09-01T15:57:05","modified_gmt":"2026-09-01T15:57:05","slug":"queretaro-recibe-al-congreso-mas-fuerte-del-turismo-en-mexico","status":"publish","type":"post","link":"https:\/\/elprogresivo.mx\/index.php\/2026\/09\/01\/queretaro-recibe-al-congreso-mas-fuerte-del-turismo-en-mexico\/","title":{"rendered":"Quer\u00e9taro recibe al congreso m\u00e1s fuerte del turismo en M\u00e9xico"},"content":{"rendered":"<p>Quer\u00e9taro ser\u00e1 el escenario del XXXII Congreso Nacional de la Industria de Reuniones (CNIR), el evento m\u00e1s importante del pa\u00eds para el sector. La cita se celebra del 9 al 12 de septiembre en el Quer\u00e9taro Centro de Congresos (QCC) y reunir\u00e1 a m\u00e1s de 800 directivos, planificadores de viajes y l\u00edderes empresariales. Alfredo Espinosa Leal, director del recinto, confirm\u00f3 que la llegada de estos profesionales generar\u00e1 una derrama econ\u00f3mica superior a los 40 millones de pesos, es decir, lo que los asistentes gastar\u00e1n en hospedaje, comida y servicios durante su estancia.<\/p>\n<p>Costa Rica llegar\u00e1 como pa\u00eds invitado de honor para explicar c\u00f3mo organizan sus eventos respetando la naturaleza. Adem\u00e1s, los expertos debatir\u00e1n el uso de inteligencia artificial para planificar reuniones, un tema que est\u00e1 cambiando la forma de trabajar en la industria.<\/p>\n<p>Espinosa resalt\u00f3 la variedad de espacios que ofrece la entidad. Los organizadores ya no se limitan a los salones de convenciones; tambi\u00e9n usan haciendas hist\u00f3ricas, casonas y vi\u00f1edos. &#8220;Quer\u00e9taro cuenta con una oferta cada vez m\u00e1s diversa de recintos y escenarios para el turismo de reuniones: centros de convenciones, hoteles con salones especializados, haciendas hist\u00f3ricas, casonas, hoteles boutique y, por supuesto, vi\u00f1edos que permiten transformar una reuni\u00f3n de trabajo en una experiencia memorable. Hoy podemos llevar un congreso de un gran recinto a una cena entre vi\u00f1edos, un encuentro empresarial a una hacienda hist\u00f3rica o un programa de incentivos a una experiencia gastron\u00f3mica y enotur\u00edstica&#8221;, afirm\u00f3 Espinosa.<\/p>\n<p>Luis D\u00edaz Pascual, presidente del Consejo Mexicano de la Industria de Reuniones (COMIR), organizador del evento, detall\u00f3 la agenda. Los asistentes participar\u00e1n en conferencias, talleres y paneles donde se discutir\u00e1n la sostenibilidad, la profesionalizaci\u00f3n del sector y las nuevas tecnolog\u00edas. Tambi\u00e9n se incluir\u00e1n estrategias para impulsar el crecimiento econ\u00f3mico de la industria y mesas de trabajo directo entre empresas, conocidas como B2B. Quienes busquen m\u00e1s detalles pueden visitar la p\u00e1gina oficial del congreso.<\/p>\n","protected":false},"excerpt":{"rendered":"<p>Quer\u00e9taro ser\u00e1 el escenario del XXXII Congreso Nacional de la Industria de Reuniones (CNIR), el&#8230;<\/p>\n","protected":false},"author":5,"featured_media":4831,"comment_status":"open","ping_status":"open","sticky":false,"template":"","format":"standard","meta":{"om_disable_all_campaigns":false,"_monsterinsights_skip_tracking":false,"footnotes":"","jetpack_publicize_message":"","jetpack_publicize_feature_enabled":true,"jetpack_social_post_already_shared":true,"jetpack_social_options":{"image_generator_settings":{"template":"highway","default_image_id":0,"font":"","enabled":false},"version":2}},"categories":[1],"tags":[876,1078,1711,2176,3230],"class_list":["post-4832","post","type-post","status-publish","format-standard","has-post-thumbnail","hentry","category-blog","tag-300-anos-acueducto-queretaro-el-marques","tag-centro-de-congresos","tag-claudia-sheinbaum-turismo","tag-economia","tag-mice"],"aioseo_notices":[],"aioseo_head":"\n\t\t<!-- All in One SEO 5.0.1.1 - aioseo.com -->\n\t<meta name=\"description\" content=\"Quer\u00e9taro ser\u00e1 el escenario del XXXII Congreso Nacional de la Industria de Reuniones (CNIR), el evento m\u00e1s importante del pa\u00eds para el sector. La cita se celebra del 9 al 12 de septiembre en el Quer\u00e9taro Centro de Congresos (QCC) y reunir\u00e1 a m\u00e1s de 800 directivos, planificadores de viajes y l\u00edderes empresariales. Alfredo Espinosa\" \/>\n\t<meta name=\"robots\" content=\"max-image-preview:large\" \/>\n\t<meta name=\"author\" content=\"Staff\"\/>\n\t<link rel=\"canonical\" href=\"https:\/\/elprogresivo.mx\/index.php\/2026\/09\/01\/queretaro-recibe-al-congreso-mas-fuerte-del-turismo-en-mexico\/\" \/>\n\t<meta name=\"generator\" content=\"All in One SEO (AIOSEO) 5.0.1.1\" \/>\n\t\t<meta property=\"og:locale\" content=\"es_MX\" \/>\n\t\t<meta property=\"og:site_name\" content=\"elprogresivo.mx - Construimos una nueva etapa en informaci\u00f3n\" \/>\n\t\t<meta property=\"og:type\" content=\"article\" \/>\n\t\t<meta property=\"og:title\" content=\"Quer\u00e9taro recibe al congreso m\u00e1s fuerte del turismo en M\u00e9xico - elprogresivo.mx\" \/>\n\t\t<meta property=\"og:description\" content=\"Quer\u00e9taro ser\u00e1 el escenario del XXXII Congreso Nacional de la Industria de Reuniones (CNIR), el evento m\u00e1s importante del pa\u00eds para el sector. La cita se celebra del 9 al 12 de septiembre en el Quer\u00e9taro Centro de Congresos (QCC) y reunir\u00e1 a m\u00e1s de 800 directivos, planificadores de viajes y l\u00edderes empresariales. Alfredo Espinosa\" \/>\n\t\t<meta property=\"og:url\" content=\"https:\/\/elprogresivo.mx\/index.php\/2026\/09\/01\/queretaro-recibe-al-congreso-mas-fuerte-del-turismo-en-mexico\/\" \/>\n\t\t<meta property=\"og:image\" content=\"https:\/\/elprogresivo.mx\/wp-content\/uploads\/2024\/02\/cropped-LogoBlanco.png\" \/>\n\t\t<meta property=\"og:image:secure_url\" content=\"https:\/\/elprogresivo.mx\/wp-content\/uploads\/2024\/02\/cropped-LogoBlanco.png\" \/>\n\t\t<meta property=\"article:published_time\" content=\"2026-09-01T15:57:05+00:00\" \/>\n\t\t<meta property=\"article:modified_time\" content=\"2026-09-01T15:57:05+00:00\" \/>\n\t\t<meta name=\"twitter:card\" content=\"summary_large_image\" \/>\n\t\t<meta name=\"twitter:title\" content=\"Quer\u00e9taro recibe al congreso m\u00e1s fuerte del turismo en M\u00e9xico - elprogresivo.mx\" \/>\n\t\t<meta name=\"twitter:description\" content=\"Quer\u00e9taro ser\u00e1 el escenario del XXXII Congreso Nacional de la Industria de Reuniones (CNIR), el evento m\u00e1s importante del pa\u00eds para el sector. La cita se celebra del 9 al 12 de septiembre en el Quer\u00e9taro Centro de Congresos (QCC) y reunir\u00e1 a m\u00e1s de 800 directivos, planificadores de viajes y l\u00edderes empresariales. Alfredo Espinosa\" \/>\n\t\t<meta name=\"twitter:image\" content=\"https:\/\/elprogresivo.mx\/wp-content\/uploads\/2024\/02\/cropped-LogoBlanco.png\" \/>\n\t\t<script type=\"application\/ld+json\" class=\"aioseo-schema\">\n\t\t\t{\"@context\":\"https:\\\/\\\/schema.org\",\"@graph\":[{\"@type\":\"BlogPosting\",\"@id\":\"https:\\\/\\\/elprogresivo.mx\\\/index.php\\\/2026\\\/09\\\/01\\\/queretaro-recibe-al-congreso-mas-fuerte-del-turismo-en-mexico\\\/#blogposting\",\"name\":\"Quer\\u00e9taro recibe al congreso m\\u00e1s fuerte del turismo en M\\u00e9xico - elprogresivo.mx\",\"headline\":\"Quer\\u00e9taro recibe al congreso m\\u00e1s fuerte del turismo en M\\u00e9xico\",\"author\":{\"@id\":\"https:\\\/\\\/elprogresivo.mx\\\/index.php\\\/author\\\/emmanuel-galvan\\\/#author\"},\"publisher\":{\"@id\":\"https:\\\/\\\/elprogresivo.mx\\\/#organization\"},\"image\":{\"@type\":\"ImageObject\",\"url\":\"https:\\\/\\\/elprogresivo.mx\\\/wp-content\\\/uploads\\\/2026\\\/09\\\/noticia_20260901095654.jpg\",\"width\":1280,\"height\":853},\"datePublished\":\"2026-09-01T15:57:05+00:00\",\"dateModified\":\"2026-09-01T15:57:05+00:00\",\"inLanguage\":\"es-MX\",\"mainEntityOfPage\":{\"@id\":\"https:\\\/\\\/elprogresivo.mx\\\/index.php\\\/2026\\\/09\\\/01\\\/queretaro-recibe-al-congreso-mas-fuerte-del-turismo-en-mexico\\\/#webpage\"},\"isPartOf\":{\"@id\":\"https:\\\/\\\/elprogresivo.mx\\\/index.php\\\/2026\\\/09\\\/01\\\/queretaro-recibe-al-congreso-mas-fuerte-del-turismo-en-mexico\\\/#webpage\"},\"articleSection\":\"Blog, 300 a\\u00f1os Acueducto Quer\\u00e9taro El Marqu\\u00e9s, Centro de Congresos, Claudia Sheinbaum turismo, econom\\u00eda, MICE\"},{\"@type\":\"BreadcrumbList\",\"@id\":\"https:\\\/\\\/elprogresivo.mx\\\/index.php\\\/2026\\\/09\\\/01\\\/queretaro-recibe-al-congreso-mas-fuerte-del-turismo-en-mexico\\\/#breadcrumblist\",\"itemListElement\":[{\"@type\":\"ListItem\",\"@id\":\"https:\\\/\\\/elprogresivo.mx#listItem\",\"position\":1,\"name\":\"Home\",\"item\":\"https:\\\/\\\/elprogresivo.mx\",\"nextItem\":{\"@type\":\"ListItem\",\"@id\":\"https:\\\/\\\/elprogresivo.mx\\\/index.php\\\/category\\\/blog\\\/#listItem\",\"name\":\"Blog\"}},{\"@type\":\"ListItem\",\"@id\":\"https:\\\/\\\/elprogresivo.mx\\\/index.php\\\/category\\\/blog\\\/#listItem\",\"position\":2,\"name\":\"Blog\",\"item\":\"https:\\\/\\\/elprogresivo.mx\\\/index.php\\\/category\\\/blog\\\/\",\"nextItem\":{\"@type\":\"ListItem\",\"@id\":\"https:\\\/\\\/elprogresivo.mx\\\/index.php\\\/2026\\\/09\\\/01\\\/queretaro-recibe-al-congreso-mas-fuerte-del-turismo-en-mexico\\\/#listItem\",\"name\":\"Quer\\u00e9taro recibe al congreso m\\u00e1s fuerte del turismo en M\\u00e9xico\"},\"previousItem\":{\"@type\":\"ListItem\",\"@id\":\"https:\\\/\\\/elprogresivo.mx#listItem\",\"name\":\"Home\"}},{\"@type\":\"ListItem\",\"@id\":\"https:\\\/\\\/elprogresivo.mx\\\/index.php\\\/2026\\\/09\\\/01\\\/queretaro-recibe-al-congreso-mas-fuerte-del-turismo-en-mexico\\\/#listItem\",\"position\":3,\"name\":\"Quer\\u00e9taro recibe al congreso m\\u00e1s fuerte del turismo en M\\u00e9xico\",\"previousItem\":{\"@type\":\"ListItem\",\"@id\":\"https:\\\/\\\/elprogresivo.mx\\\/index.php\\\/category\\\/blog\\\/#listItem\",\"name\":\"Blog\"}}]},{\"@type\":\"Organization\",\"@id\":\"https:\\\/\\\/elprogresivo.mx\\\/#organization\",\"name\":\"elprogresivo.mx\",\"description\":\"Construimos una nueva etapa en informaci\\u00f3n\",\"url\":\"https:\\\/\\\/elprogresivo.mx\\\/\",\"logo\":{\"@type\":\"ImageObject\",\"url\":\"https:\\\/\\\/elprogresivo.mx\\\/wp-content\\\/uploads\\\/2024\\\/02\\\/cropped-LogoBlanco.png\",\"@id\":\"https:\\\/\\\/elprogresivo.mx\\\/index.php\\\/2026\\\/09\\\/01\\\/queretaro-recibe-al-congreso-mas-fuerte-del-turismo-en-mexico\\\/#organizationLogo\",\"width\":2096,\"height\":332},\"image\":{\"@id\":\"https:\\\/\\\/elprogresivo.mx\\\/index.php\\\/2026\\\/09\\\/01\\\/queretaro-recibe-al-congreso-mas-fuerte-del-turismo-en-mexico\\\/#organizationLogo\"}},{\"@type\":\"Person\",\"@id\":\"https:\\\/\\\/elprogresivo.mx\\\/index.php\\\/author\\\/emmanuel-galvan\\\/#author\",\"url\":\"https:\\\/\\\/elprogresivo.mx\\\/index.php\\\/author\\\/emmanuel-galvan\\\/\",\"name\":\"Staff\",\"image\":{\"@type\":\"ImageObject\",\"@id\":\"https:\\\/\\\/elprogresivo.mx\\\/index.php\\\/2026\\\/09\\\/01\\\/queretaro-recibe-al-congreso-mas-fuerte-del-turismo-en-mexico\\\/#authorImage\",\"url\":\"https:\\\/\\\/secure.gravatar.com\\\/avatar\\\/3bb87242634c3adf910515f41e6e392ab758b98c8ee7fd12a54fcb5270441486?s=96&d=mm&r=g\",\"width\":96,\"height\":96,\"caption\":\"Staff\"}},{\"@type\":\"WebPage\",\"@id\":\"https:\\\/\\\/elprogresivo.mx\\\/index.php\\\/2026\\\/09\\\/01\\\/queretaro-recibe-al-congreso-mas-fuerte-del-turismo-en-mexico\\\/#webpage\",\"url\":\"https:\\\/\\\/elprogresivo.mx\\\/index.php\\\/2026\\\/09\\\/01\\\/queretaro-recibe-al-congreso-mas-fuerte-del-turismo-en-mexico\\\/\",\"name\":\"Quer\\u00e9taro recibe al congreso m\\u00e1s fuerte del turismo en M\\u00e9xico - elprogresivo.mx\",\"description\":\"Quer\\u00e9taro ser\\u00e1 el escenario del XXXII Congreso Nacional de la Industria de Reuniones (CNIR), el evento m\\u00e1s importante del pa\\u00eds para el sector. La cita se celebra del 9 al 12 de septiembre en el Quer\\u00e9taro Centro de Congresos (QCC) y reunir\\u00e1 a m\\u00e1s de 800 directivos, planificadores de viajes y l\\u00edderes empresariales. Alfredo Espinosa\",\"inLanguage\":\"es-MX\",\"isPartOf\":{\"@id\":\"https:\\\/\\\/elprogresivo.mx\\\/#website\"},\"breadcrumb\":{\"@id\":\"https:\\\/\\\/elprogresivo.mx\\\/index.php\\\/2026\\\/09\\\/01\\\/queretaro-recibe-al-congreso-mas-fuerte-del-turismo-en-mexico\\\/#breadcrumblist\"},\"author\":{\"@id\":\"https:\\\/\\\/elprogresivo.mx\\\/index.php\\\/author\\\/emmanuel-galvan\\\/#author\"},\"creator\":{\"@id\":\"https:\\\/\\\/elprogresivo.mx\\\/index.php\\\/author\\\/emmanuel-galvan\\\/#author\"},\"image\":{\"@type\":\"ImageObject\",\"url\":\"https:\\\/\\\/elprogresivo.mx\\\/wp-content\\\/uploads\\\/2026\\\/09\\\/noticia_20260901095654.jpg\",\"@id\":\"https:\\\/\\\/elprogresivo.mx\\\/index.php\\\/2026\\\/09\\\/01\\\/queretaro-recibe-al-congreso-mas-fuerte-del-turismo-en-mexico\\\/#mainImage\",\"width\":1280,\"height\":853},\"primaryImageOfPage\":{\"@id\":\"https:\\\/\\\/elprogresivo.mx\\\/index.php\\\/2026\\\/09\\\/01\\\/queretaro-recibe-al-congreso-mas-fuerte-del-turismo-en-mexico\\\/#mainImage\"},\"datePublished\":\"2026-09-01T15:57:05+00:00\",\"dateModified\":\"2026-09-01T15:57:05+00:00\"},{\"@type\":\"WebSite\",\"@id\":\"https:\\\/\\\/elprogresivo.mx\\\/#website\",\"url\":\"https:\\\/\\\/elprogresivo.mx\\\/\",\"name\":\"elprogresivo.mx\",\"description\":\"Construimos una nueva etapa en informaci\\u00f3n\",\"inLanguage\":\"es-MX\",\"publisher\":{\"@id\":\"https:\\\/\\\/elprogresivo.mx\\\/#organization\"}}]}\n\t\t<\/script>\n\t\t<!-- All in One SEO -->\n\n","aioseo_head_json":{"title":"Quer\u00e9taro recibe al congreso m\u00e1s fuerte del turismo en M\u00e9xico - elprogresivo.mx","description":"Quer\u00e9taro ser\u00e1 el escenario del XXXII Congreso Nacional de la Industria de Reuniones (CNIR), el evento m\u00e1s importante del pa\u00eds para el sector. La cita se celebra del 9 al 12 de septiembre en el Quer\u00e9taro Centro de Congresos (QCC) y reunir\u00e1 a m\u00e1s de 800 directivos, planificadores de viajes y l\u00edderes empresariales. Alfredo Espinosa","canonical_url":"https:\/\/elprogresivo.mx\/index.php\/2026\/09\/01\/queretaro-recibe-al-congreso-mas-fuerte-del-turismo-en-mexico\/","robots":"max-image-preview:large","keywords":"","webmasterTools":{"miscellaneous":""},"schema":{"@context":"https:\/\/schema.org","@graph":[{"@type":"BlogPosting","@id":"https:\/\/elprogresivo.mx\/index.php\/2026\/09\/01\/queretaro-recibe-al-congreso-mas-fuerte-del-turismo-en-mexico\/#blogposting","name":"Quer\u00e9taro recibe al congreso m\u00e1s fuerte del turismo en M\u00e9xico - elprogresivo.mx","headline":"Quer\u00e9taro recibe al congreso m\u00e1s fuerte del turismo en M\u00e9xico","author":{"@id":"https:\/\/elprogresivo.mx\/index.php\/author\/emmanuel-galvan\/#author"},"publisher":{"@id":"https:\/\/elprogresivo.mx\/#organization"},"image":{"@type":"ImageObject","url":"https:\/\/elprogresivo.mx\/wp-content\/uploads\/2026\/09\/noticia_20260901095654.jpg","width":1280,"height":853},"datePublished":"2026-09-01T15:57:05+00:00","dateModified":"2026-09-01T15:57:05+00:00","inLanguage":"es-MX","mainEntityOfPage":{"@id":"https:\/\/elprogresivo.mx\/index.php\/2026\/09\/01\/queretaro-recibe-al-congreso-mas-fuerte-del-turismo-en-mexico\/#webpage"},"isPartOf":{"@id":"https:\/\/elprogresivo.mx\/index.php\/2026\/09\/01\/queretaro-recibe-al-congreso-mas-fuerte-del-turismo-en-mexico\/#webpage"},"articleSection":"Blog, 300 a\u00f1os Acueducto Quer\u00e9taro El Marqu\u00e9s, Centro de Congresos, Claudia Sheinbaum turismo, econom\u00eda, MICE"},{"@type":"BreadcrumbList","@id":"https:\/\/elprogresivo.mx\/index.php\/2026\/09\/01\/queretaro-recibe-al-congreso-mas-fuerte-del-turismo-en-mexico\/#breadcrumblist","itemListElement":[{"@type":"ListItem","@id":"https:\/\/elprogresivo.mx#listItem","position":1,"name":"Home","item":"https:\/\/elprogresivo.mx","nextItem":{"@type":"ListItem","@id":"https:\/\/elprogresivo.mx\/index.php\/category\/blog\/#listItem","name":"Blog"}},{"@type":"ListItem","@id":"https:\/\/elprogresivo.mx\/index.php\/category\/blog\/#listItem","position":2,"name":"Blog","item":"https:\/\/elprogresivo.mx\/index.php\/category\/blog\/","nextItem":{"@type":"ListItem","@id":"https:\/\/elprogresivo.mx\/index.php\/2026\/09\/01\/queretaro-recibe-al-congreso-mas-fuerte-del-turismo-en-mexico\/#listItem","name":"Quer\u00e9taro recibe al congreso m\u00e1s fuerte del turismo en M\u00e9xico"},"previousItem":{"@type":"ListItem","@id":"https:\/\/elprogresivo.mx#listItem","name":"Home"}},{"@type":"ListItem","@id":"https:\/\/elprogresivo.mx\/index.php\/2026\/09\/01\/queretaro-recibe-al-congreso-mas-fuerte-del-turismo-en-mexico\/#listItem","position":3,"name":"Quer\u00e9taro recibe al congreso m\u00e1s fuerte del turismo en M\u00e9xico","previousItem":{"@type":"ListItem","@id":"https:\/\/elprogresivo.mx\/index.php\/category\/blog\/#listItem","name":"Blog"}}]},{"@type":"Organization","@id":"https:\/\/elprogresivo.mx\/#organization","name":"elprogresivo.mx","description":"Construimos una nueva etapa en informaci\u00f3n","url":"https:\/\/elprogresivo.mx\/","logo":{"@type":"ImageObject","url":"https:\/\/elprogresivo.mx\/wp-content\/uploads\/2024\/02\/cropped-LogoBlanco.png","@id":"https:\/\/elprogresivo.mx\/index.php\/2026\/09\/01\/queretaro-recibe-al-congreso-mas-fuerte-del-turismo-en-mexico\/#organizationLogo","width":2096,"height":332},"image":{"@id":"https:\/\/elprogresivo.mx\/index.php\/2026\/09\/01\/queretaro-recibe-al-congreso-mas-fuerte-del-turismo-en-mexico\/#organizationLogo"}},{"@type":"Person","@id":"https:\/\/elprogresivo.mx\/index.php\/author\/emmanuel-galvan\/#author","url":"https:\/\/elprogresivo.mx\/index.php\/author\/emmanuel-galvan\/","name":"Staff","image":{"@type":"ImageObject","@id":"https:\/\/elprogresivo.mx\/index.php\/2026\/09\/01\/queretaro-recibe-al-congreso-mas-fuerte-del-turismo-en-mexico\/#authorImage","url":"https:\/\/secure.gravatar.com\/avatar\/3bb87242634c3adf910515f41e6e392ab758b98c8ee7fd12a54fcb5270441486?s=96&d=mm&r=g","width":96,"height":96,"caption":"Staff"}},{"@type":"WebPage","@id":"https:\/\/elprogresivo.mx\/index.php\/2026\/09\/01\/queretaro-recibe-al-congreso-mas-fuerte-del-turismo-en-mexico\/#webpage","url":"https:\/\/elprogresivo.mx\/index.php\/2026\/09\/01\/queretaro-recibe-al-congreso-mas-fuerte-del-turismo-en-mexico\/","name":"Quer\u00e9taro recibe al congreso m\u00e1s fuerte del turismo en M\u00e9xico - elprogresivo.mx","description":"Quer\u00e9taro ser\u00e1 el escenario del XXXII Congreso Nacional de la Industria de Reuniones (CNIR), el evento m\u00e1s importante del pa\u00eds para el sector. La cita se celebra del 9 al 12 de septiembre en el Quer\u00e9taro Centro de Congresos (QCC) y reunir\u00e1 a m\u00e1s de 800 directivos, planificadores de viajes y l\u00edderes empresariales. Alfredo Espinosa","inLanguage":"es-MX","isPartOf":{"@id":"https:\/\/elprogresivo.mx\/#website"},"breadcrumb":{"@id":"https:\/\/elprogresivo.mx\/index.php\/2026\/09\/01\/queretaro-recibe-al-congreso-mas-fuerte-del-turismo-en-mexico\/#breadcrumblist"},"author":{"@id":"https:\/\/elprogresivo.mx\/index.php\/author\/emmanuel-galvan\/#author"},"creator":{"@id":"https:\/\/elprogresivo.mx\/index.php\/author\/emmanuel-galvan\/#author"},"image":{"@type":"ImageObject","url":"https:\/\/elprogresivo.mx\/wp-content\/uploads\/2026\/09\/noticia_20260901095654.jpg","@id":"https:\/\/elprogresivo.mx\/index.php\/2026\/09\/01\/queretaro-recibe-al-congreso-mas-fuerte-del-turismo-en-mexico\/#mainImage","width":1280,"height":853},"primaryImageOfPage":{"@id":"https:\/\/elprogresivo.mx\/index.php\/2026\/09\/01\/queretaro-recibe-al-congreso-mas-fuerte-del-turismo-en-mexico\/#mainImage"},"datePublished":"2026-09-01T15:57:05+00:00","dateModified":"2026-09-01T15:57:05+00:00"},{"@type":"WebSite","@id":"https:\/\/elprogresivo.mx\/#website","url":"https:\/\/elprogresivo.mx\/","name":"elprogresivo.mx","description":"Construimos una nueva etapa en informaci\u00f3n","inLanguage":"es-MX","publisher":{"@id":"https:\/\/elprogresivo.mx\/#organization"}}]},"og:locale":"es_MX","og:site_name":"elprogresivo.mx - Construimos una nueva etapa en informaci\u00f3n","og:type":"article","og:title":"Quer\u00e9taro recibe al congreso m\u00e1s fuerte del turismo en M\u00e9xico - elprogresivo.mx","og:description":"Quer\u00e9taro ser\u00e1 el escenario del XXXII Congreso Nacional de la Industria de Reuniones (CNIR), el evento m\u00e1s importante del pa\u00eds para el sector. La cita se celebra del 9 al 12 de septiembre en el Quer\u00e9taro Centro de Congresos (QCC) y reunir\u00e1 a m\u00e1s de 800 directivos, planificadores de viajes y l\u00edderes empresariales. Alfredo Espinosa","og:url":"https:\/\/elprogresivo.mx\/index.php\/2026\/09\/01\/queretaro-recibe-al-congreso-mas-fuerte-del-turismo-en-mexico\/","og:image":"https:\/\/elprogresivo.mx\/wp-content\/uploads\/2024\/02\/cropped-LogoBlanco.png","og:image:secure_url":"https:\/\/elprogresivo.mx\/wp-content\/uploads\/2024\/02\/cropped-LogoBlanco.png","article:published_time":"2026-09-01T15:57:05+00:00","article:modified_time":"2026-09-01T15:57:05+00:00","twitter:card":"summary_large_image","twitter:title":"Quer\u00e9taro recibe al congreso m\u00e1s fuerte del turismo en M\u00e9xico - elprogresivo.mx","twitter:description":"Quer\u00e9taro ser\u00e1 el escenario del XXXII Congreso Nacional de la Industria de Reuniones (CNIR), el evento m\u00e1s importante del pa\u00eds para el sector. La cita se celebra del 9 al 12 de septiembre en el Quer\u00e9taro Centro de Congresos (QCC) y reunir\u00e1 a m\u00e1s de 800 directivos, planificadores de viajes y l\u00edderes empresariales. Alfredo Espinosa","twitter:image":"https:\/\/elprogresivo.mx\/wp-content\/uploads\/2024\/02\/cropped-LogoBlanco.png"},"aioseo_meta_data":{"post_id":"4832","title":null,"description":null,"keywords":null,"keyphrases":{"focus":[],"additional":[]},"primary_term":null,"canonical_url":null,"og_title":null,"og_description":null,"og_object_type":"default","og_image_type":"default","og_image_url":null,"og_image_width":null,"og_image_height":null,"og_image_custom_url":null,"og_image_custom_fields":null,"og_video":null,"og_custom_url":null,"og_article_section":null,"og_article_tags":null,"twitter_use_og":false,"twitter_card":"default","twitter_image_type":"default","twitter_image_url":null,"twitter_image_custom_url":null,"twitter_image_custom_fields":null,"twitter_title":null,"twitter_description":null,"schema":{"blockGraphs":[],"customGraphs":[],"default":{"data":{"Article":[],"Course":[],"Dataset":[],"FAQPage":[],"Movie":[],"Person":[],"Product":[],"ProductReview":[],"Car":[],"Recipe":[],"Service":[],"SoftwareApplication":[],"WebPage":[]},"graphName":"","isEnabled":true},"graphs":[]},"schema_type":"default","schema_type_options":null,"pillar_content":false,"robots_default":true,"robots_noindex":false,"robots_noarchive":false,"robots_nosnippet":false,"robots_nofollow":false,"robots_noimageindex":false,"robots_noodp":false,"robots_notranslate":false,"robots_max_snippet":null,"robots_max_videopreview":null,"robots_max_imagepreview":"large","priority":null,"frequency":null,"local_seo":null,"limit_modified_date":false,"created":"2026-09-01 15:59:27","updated":"2026-09-01 18:58:25","ai":null,"breadcrumb_settings":null,"seo_analyzer_scan_date":null,"focus_keyword":null,"additional_keywords":null,"truseo_locale":null},"aioseo_breadcrumb":"<div class=\"aioseo-breadcrumbs\"><span class=\"aioseo-breadcrumb\">\n\t\t\t<a href=\"https:\/\/elprogresivo.mx\" title=\"Home\">Home<\/a>\n\t\t<\/span><span class=\"aioseo-breadcrumb-separator\">&raquo;<\/span><span class=\"aioseo-breadcrumb\">\n\t\t\t<a href=\"https:\/\/elprogresivo.mx\/index.php\/category\/blog\/\" title=\"Blog\">Blog<\/a>\n\t\t<\/span><span class=\"aioseo-breadcrumb-separator\">&raquo;<\/span><span class=\"aioseo-breadcrumb\">\n\t\t\tQuer\u00e9taro recibe al congreso m\u00e1s fuerte del turismo en M\u00e9xico\n\t\t<\/span><\/div>","aioseo_breadcrumb_json":[{"label":"Home","link":"https:\/\/elprogresivo.mx"},{"label":"Blog","link":"https:\/\/elprogresivo.mx\/index.php\/category\/blog\/"},{"label":"Quer\u00e9taro recibe al congreso m\u00e1s fuerte del turismo en M\u00e9xico","link":"https:\/\/elprogresivo.mx\/index.php\/2026\/09\/01\/queretaro-recibe-al-congreso-mas-fuerte-del-turismo-en-mexico\/"}],"jetpack_publicize_connections":[],"_links":{"self":[{"href":"https:\/\/elprogresivo.mx\/index.php\/wp-json\/wp\/v2\/posts\/4832","targetHints":{"allow":["GET"]}}],"collection":[{"href":"https:\/\/elprogresivo.mx\/index.php\/wp-json\/wp\/v2\/posts"}],"about":[{"href":"https:\/\/elprogresivo.mx\/index.php\/wp-json\/wp\/v2\/types\/post"}],"author":[{"embeddable":true,"href":"https:\/\/elprogresivo.mx\/index.php\/wp-json\/wp\/v2\/users\/5"}],"replies":[{"embeddable":true,"href":"https:\/\/elprogresivo.mx\/index.php\/wp-json\/wp\/v2\/comments?post=4832"}],"version-history":[{"count":0,"href":"https:\/\/elprogresivo.mx\/index.php\/wp-json\/wp\/v2\/posts\/4832\/revisions"}],"wp:featuredmedia":[{"embeddable":true,"href":"https:\/\/elprogresivo.mx\/index.php\/wp-json\/wp\/v2\/media\/4831"}],"wp:attachment":[{"href":"https:\/\/elprogresivo.mx\/index.php\/wp-json\/wp\/v2\/media?parent=4832"}],"wp:term":[{"taxonomy":"category","embeddable":true,"href":"https:\/\/elprogresivo.mx\/index.php\/wp-json\/wp\/v2\/categories?post=4832"},{"taxonomy":"post_tag","embeddable":true,"href":"https:\/\/elprogresivo.mx\/index.php\/wp-json\/wp\/v2\/tags?post=4832"}],"curies":[{"name":"wp","href":"https:\/\/api.w.org\/{rel}","templated":true}]}}