{"id":4819,"date":"2026-09-01T15:13:11","date_gmt":"2026-09-01T15:13:11","guid":{"rendered":"https:\/\/elprogresivo.mx\/index.php\/2026\/09\/01\/capacitan-a-50-servidoras-de-queretaro-contra-violencia\/"},"modified":"2026-09-01T15:13:11","modified_gmt":"2026-09-01T15:13:11","slug":"capacitan-a-50-servidoras-de-queretaro-contra-violencia","status":"publish","type":"post","link":"https:\/\/elprogresivo.mx\/index.php\/2026\/09\/01\/capacitan-a-50-servidoras-de-queretaro-contra-violencia\/","title":{"rendered":"Capacitan a 50 servidoras de Quer\u00e9taro contra violencia"},"content":{"rendered":"<p>M\u00e1s de 50 servidoras p\u00fablicas de primer contacto en Quer\u00e9taro recibieron capacitaci\u00f3n especializada del Fondo de Poblaci\u00f3n de las Naciones Unidas (UNFPA). El objetivo es mejorar las herramientas para prevenir, identificar y atender casos de violencia contra mujeres, ni\u00f1as y adolescentes.<\/p>\n<p>Sonia Rocha Acosta, secretaria de las Mujeres, abri\u00f3 el curso titulado &#8216;Fortalecimiento de capacidades para el personal de los Centros de Atenci\u00f3n Integral Municipal&#8217;. Se\u00f1al\u00f3 que la formaci\u00f3n constante es clave para dar respuestas r\u00e1pidas y con perspectiva de g\u00e9nero.<\/p>\n<p>&#8220;Los Centros de Atenci\u00f3n Integral Municipal son una extensi\u00f3n de la Secretar\u00eda de las Mujeres en los municipios. Ustedes son nuestros ojos, nuestros o\u00eddos y, muchas veces, la primera puerta que toca una mujer cuando necesita ayuda&#8221;, dijo Rocha Acosta.<\/p>\n<p>El programa aborda las causas sociales, pol\u00edticas y culturales de la violencia. Tambi\u00e9n ense\u00f1a herramientas para identificar tipos y modalidades de agresi\u00f3n. Se capacita a los asistentes en atenci\u00f3n legal, m\u00e9dica y psicol\u00f3gica, adem\u00e1s de mecanismos de protecci\u00f3n y refugio. La coordinaci\u00f3n entre instituciones es otro eje central.<\/p>\n<p>Un tema prioritario es la prevenci\u00f3n y atenci\u00f3n de matrimonios infantiles, tempranos o forzados. El personal aprende a detectar estas situaciones y a entender las condiciones que las favorecen, para proteger mejor los derechos de ni\u00f1as y adolescentes.<\/p>\n<p>Ana Paola L\u00f3pez Birlain, secretaria de Cultura, record\u00f3 que el trabajo previo con mujeres artesanas busc\u00f3 crear liderazgos que replicaran conocimientos en sus comunidades. Consider\u00f3 que este mismo principio se aplica ahora al personal de los Centros de Atenci\u00f3n.<\/p>\n<p>Ang\u00e9lica Ram\u00edrez D\u00e1vila, coordinadora de Proyectos de Violencia Basada en G\u00e9nero del UNFPA en M\u00e9xico, destac\u00f3 que una respuesta adecuada del personal de primer contacto puede ser determinante. Esto garantiza la protecci\u00f3n y restituci\u00f3n de los derechos de las mujeres.<\/p>\n<p>Esta colaboraci\u00f3n surge de la iniciativa &#8216;Fashion Expressions: The Stories She Wears&#8217;, desarrollada con Grupo Prada. En ese proyecto, se trabaj\u00f3 con 46 artesanas de ocho municipios queretanos en temas de derechos humanos, salud sexual y reproductiva, y prevenci\u00f3n de la violencia de g\u00e9nero.<\/p>\n<p>Durante ese proceso se detectaron situaciones de violencia contra algunas participantes o mujeres cercanas a ellas. Esto evidenci\u00f3 la urgencia de fortalecer las rutas de atenci\u00f3n y las capacidades institucionales.<\/p>\n","protected":false},"excerpt":{"rendered":"<p>M\u00e1s de 50 servidoras p\u00fablicas de primer contacto en Quer\u00e9taro recibieron capacitaci\u00f3n especializada del Fondo&#8230;<\/p>\n","protected":false},"author":5,"featured_media":4818,"comment_status":"open","ping_status":"open","sticky":false,"template":"","format":"standard","meta":{"om_disable_all_campaigns":false,"_monsterinsights_skip_tracking":false,"footnotes":"","jetpack_publicize_message":"","jetpack_publicize_feature_enabled":true,"jetpack_social_post_already_shared":true,"jetpack_social_options":{"image_generator_settings":{"template":"highway","default_image_id":0,"font":"","enabled":false},"version":2}},"categories":[1],"tags":[876,1959,3115,3229,1175],"class_list":["post-4819","post","type-post","status-publish","format-standard","has-post-thumbnail","hentry","category-blog","tag-300-anos-acueducto-queretaro-el-marques","tag-capacitacion","tag-semujeres","tag-unfpa","tag-violencia-de-genero"],"aioseo_notices":[],"aioseo_head":"\n\t\t<!-- All in One SEO 5.0.1.1 - aioseo.com -->\n\t<meta name=\"description\" content=\"M\u00e1s de 50 servidoras p\u00fablicas de primer contacto en Quer\u00e9taro recibieron capacitaci\u00f3n especializada del Fondo de Poblaci\u00f3n de las Naciones Unidas (UNFPA). El objetivo es mejorar las herramientas para prevenir, identificar y atender casos de violencia contra mujeres, ni\u00f1as y adolescentes. Sonia Rocha Acosta, secretaria de las Mujeres, abri\u00f3 el curso titulado &#039;Fortalecimiento de capacidades\" \/>\n\t<meta name=\"robots\" content=\"max-image-preview:large\" \/>\n\t<meta name=\"author\" content=\"Staff\"\/>\n\t<link rel=\"canonical\" href=\"https:\/\/elprogresivo.mx\/index.php\/2026\/09\/01\/capacitan-a-50-servidoras-de-queretaro-contra-violencia\/\" \/>\n\t<meta name=\"generator\" content=\"All in One SEO (AIOSEO) 5.0.1.1\" \/>\n\t\t<meta property=\"og:locale\" content=\"es_MX\" \/>\n\t\t<meta property=\"og:site_name\" content=\"elprogresivo.mx - Construimos una nueva etapa en informaci\u00f3n\" \/>\n\t\t<meta property=\"og:type\" content=\"article\" \/>\n\t\t<meta property=\"og:title\" content=\"Capacitan a 50 servidoras de Quer\u00e9taro contra violencia - elprogresivo.mx\" \/>\n\t\t<meta property=\"og:description\" content=\"M\u00e1s de 50 servidoras p\u00fablicas de primer contacto en Quer\u00e9taro recibieron capacitaci\u00f3n especializada del Fondo de Poblaci\u00f3n de las Naciones Unidas (UNFPA). El objetivo es mejorar las herramientas para prevenir, identificar y atender casos de violencia contra mujeres, ni\u00f1as y adolescentes. Sonia Rocha Acosta, secretaria de las Mujeres, abri\u00f3 el curso titulado &#039;Fortalecimiento de capacidades\" \/>\n\t\t<meta property=\"og:url\" content=\"https:\/\/elprogresivo.mx\/index.php\/2026\/09\/01\/capacitan-a-50-servidoras-de-queretaro-contra-violencia\/\" \/>\n\t\t<meta property=\"og:image\" content=\"https:\/\/elprogresivo.mx\/wp-content\/uploads\/2024\/02\/cropped-LogoBlanco.png\" \/>\n\t\t<meta property=\"og:image:secure_url\" content=\"https:\/\/elprogresivo.mx\/wp-content\/uploads\/2024\/02\/cropped-LogoBlanco.png\" \/>\n\t\t<meta property=\"article:published_time\" content=\"2026-09-01T15:13:11+00:00\" \/>\n\t\t<meta property=\"article:modified_time\" content=\"2026-09-01T15:13:11+00:00\" \/>\n\t\t<meta name=\"twitter:card\" content=\"summary_large_image\" \/>\n\t\t<meta name=\"twitter:title\" content=\"Capacitan a 50 servidoras de Quer\u00e9taro contra violencia - elprogresivo.mx\" \/>\n\t\t<meta name=\"twitter:description\" content=\"M\u00e1s de 50 servidoras p\u00fablicas de primer contacto en Quer\u00e9taro recibieron capacitaci\u00f3n especializada del Fondo de Poblaci\u00f3n de las Naciones Unidas (UNFPA). El objetivo es mejorar las herramientas para prevenir, identificar y atender casos de violencia contra mujeres, ni\u00f1as y adolescentes. Sonia Rocha Acosta, secretaria de las Mujeres, abri\u00f3 el curso titulado &#039;Fortalecimiento de capacidades\" \/>\n\t\t<meta name=\"twitter:image\" content=\"https:\/\/elprogresivo.mx\/wp-content\/uploads\/2024\/02\/cropped-LogoBlanco.png\" \/>\n\t\t<script type=\"application\/ld+json\" class=\"aioseo-schema\">\n\t\t\t{\"@context\":\"https:\\\/\\\/schema.org\",\"@graph\":[{\"@type\":\"BlogPosting\",\"@id\":\"https:\\\/\\\/elprogresivo.mx\\\/index.php\\\/2026\\\/09\\\/01\\\/capacitan-a-50-servidoras-de-queretaro-contra-violencia\\\/#blogposting\",\"name\":\"Capacitan a 50 servidoras de Quer\\u00e9taro contra violencia - elprogresivo.mx\",\"headline\":\"Capacitan a 50 servidoras de Quer\\u00e9taro contra violencia\",\"author\":{\"@id\":\"https:\\\/\\\/elprogresivo.mx\\\/index.php\\\/author\\\/emmanuel-galvan\\\/#author\"},\"publisher\":{\"@id\":\"https:\\\/\\\/elprogresivo.mx\\\/#organization\"},\"image\":{\"@type\":\"ImageObject\",\"url\":\"https:\\\/\\\/elprogresivo.mx\\\/wp-content\\\/uploads\\\/2026\\\/09\\\/noticia_20260901091259.jpg\",\"width\":1451,\"height\":1005},\"datePublished\":\"2026-09-01T15:13:11+00:00\",\"dateModified\":\"2026-09-01T15:13:11+00:00\",\"inLanguage\":\"es-MX\",\"mainEntityOfPage\":{\"@id\":\"https:\\\/\\\/elprogresivo.mx\\\/index.php\\\/2026\\\/09\\\/01\\\/capacitan-a-50-servidoras-de-queretaro-contra-violencia\\\/#webpage\"},\"isPartOf\":{\"@id\":\"https:\\\/\\\/elprogresivo.mx\\\/index.php\\\/2026\\\/09\\\/01\\\/capacitan-a-50-servidoras-de-queretaro-contra-violencia\\\/#webpage\"},\"articleSection\":\"Blog, 300 a\\u00f1os Acueducto Quer\\u00e9taro El Marqu\\u00e9s, capacitaci\\u00f3n, SEMUJERES, UNFPA, Violencia de G\\u00e9nero\"},{\"@type\":\"BreadcrumbList\",\"@id\":\"https:\\\/\\\/elprogresivo.mx\\\/index.php\\\/2026\\\/09\\\/01\\\/capacitan-a-50-servidoras-de-queretaro-contra-violencia\\\/#breadcrumblist\",\"itemListElement\":[{\"@type\":\"ListItem\",\"@id\":\"https:\\\/\\\/elprogresivo.mx#listItem\",\"position\":1,\"name\":\"Home\",\"item\":\"https:\\\/\\\/elprogresivo.mx\",\"nextItem\":{\"@type\":\"ListItem\",\"@id\":\"https:\\\/\\\/elprogresivo.mx\\\/index.php\\\/category\\\/blog\\\/#listItem\",\"name\":\"Blog\"}},{\"@type\":\"ListItem\",\"@id\":\"https:\\\/\\\/elprogresivo.mx\\\/index.php\\\/category\\\/blog\\\/#listItem\",\"position\":2,\"name\":\"Blog\",\"item\":\"https:\\\/\\\/elprogresivo.mx\\\/index.php\\\/category\\\/blog\\\/\",\"nextItem\":{\"@type\":\"ListItem\",\"@id\":\"https:\\\/\\\/elprogresivo.mx\\\/index.php\\\/2026\\\/09\\\/01\\\/capacitan-a-50-servidoras-de-queretaro-contra-violencia\\\/#listItem\",\"name\":\"Capacitan a 50 servidoras de Quer\\u00e9taro contra violencia\"},\"previousItem\":{\"@type\":\"ListItem\",\"@id\":\"https:\\\/\\\/elprogresivo.mx#listItem\",\"name\":\"Home\"}},{\"@type\":\"ListItem\",\"@id\":\"https:\\\/\\\/elprogresivo.mx\\\/index.php\\\/2026\\\/09\\\/01\\\/capacitan-a-50-servidoras-de-queretaro-contra-violencia\\\/#listItem\",\"position\":3,\"name\":\"Capacitan a 50 servidoras de Quer\\u00e9taro contra violencia\",\"previousItem\":{\"@type\":\"ListItem\",\"@id\":\"https:\\\/\\\/elprogresivo.mx\\\/index.php\\\/category\\\/blog\\\/#listItem\",\"name\":\"Blog\"}}]},{\"@type\":\"Organization\",\"@id\":\"https:\\\/\\\/elprogresivo.mx\\\/#organization\",\"name\":\"elprogresivo.mx\",\"description\":\"Construimos una nueva etapa en informaci\\u00f3n\",\"url\":\"https:\\\/\\\/elprogresivo.mx\\\/\",\"logo\":{\"@type\":\"ImageObject\",\"url\":\"https:\\\/\\\/elprogresivo.mx\\\/wp-content\\\/uploads\\\/2024\\\/02\\\/cropped-LogoBlanco.png\",\"@id\":\"https:\\\/\\\/elprogresivo.mx\\\/index.php\\\/2026\\\/09\\\/01\\\/capacitan-a-50-servidoras-de-queretaro-contra-violencia\\\/#organizationLogo\",\"width\":2096,\"height\":332},\"image\":{\"@id\":\"https:\\\/\\\/elprogresivo.mx\\\/index.php\\\/2026\\\/09\\\/01\\\/capacitan-a-50-servidoras-de-queretaro-contra-violencia\\\/#organizationLogo\"}},{\"@type\":\"Person\",\"@id\":\"https:\\\/\\\/elprogresivo.mx\\\/index.php\\\/author\\\/emmanuel-galvan\\\/#author\",\"url\":\"https:\\\/\\\/elprogresivo.mx\\\/index.php\\\/author\\\/emmanuel-galvan\\\/\",\"name\":\"Staff\",\"image\":{\"@type\":\"ImageObject\",\"@id\":\"https:\\\/\\\/elprogresivo.mx\\\/index.php\\\/2026\\\/09\\\/01\\\/capacitan-a-50-servidoras-de-queretaro-contra-violencia\\\/#authorImage\",\"url\":\"https:\\\/\\\/secure.gravatar.com\\\/avatar\\\/3bb87242634c3adf910515f41e6e392ab758b98c8ee7fd12a54fcb5270441486?s=96&d=mm&r=g\",\"width\":96,\"height\":96,\"caption\":\"Staff\"}},{\"@type\":\"WebPage\",\"@id\":\"https:\\\/\\\/elprogresivo.mx\\\/index.php\\\/2026\\\/09\\\/01\\\/capacitan-a-50-servidoras-de-queretaro-contra-violencia\\\/#webpage\",\"url\":\"https:\\\/\\\/elprogresivo.mx\\\/index.php\\\/2026\\\/09\\\/01\\\/capacitan-a-50-servidoras-de-queretaro-contra-violencia\\\/\",\"name\":\"Capacitan a 50 servidoras de Quer\\u00e9taro contra violencia - elprogresivo.mx\",\"description\":\"M\\u00e1s de 50 servidoras p\\u00fablicas de primer contacto en Quer\\u00e9taro recibieron capacitaci\\u00f3n especializada del Fondo de Poblaci\\u00f3n de las Naciones Unidas (UNFPA). El objetivo es mejorar las herramientas para prevenir, identificar y atender casos de violencia contra mujeres, ni\\u00f1as y adolescentes. Sonia Rocha Acosta, secretaria de las Mujeres, abri\\u00f3 el curso titulado 'Fortalecimiento de capacidades\",\"inLanguage\":\"es-MX\",\"isPartOf\":{\"@id\":\"https:\\\/\\\/elprogresivo.mx\\\/#website\"},\"breadcrumb\":{\"@id\":\"https:\\\/\\\/elprogresivo.mx\\\/index.php\\\/2026\\\/09\\\/01\\\/capacitan-a-50-servidoras-de-queretaro-contra-violencia\\\/#breadcrumblist\"},\"author\":{\"@id\":\"https:\\\/\\\/elprogresivo.mx\\\/index.php\\\/author\\\/emmanuel-galvan\\\/#author\"},\"creator\":{\"@id\":\"https:\\\/\\\/elprogresivo.mx\\\/index.php\\\/author\\\/emmanuel-galvan\\\/#author\"},\"image\":{\"@type\":\"ImageObject\",\"url\":\"https:\\\/\\\/elprogresivo.mx\\\/wp-content\\\/uploads\\\/2026\\\/09\\\/noticia_20260901091259.jpg\",\"@id\":\"https:\\\/\\\/elprogresivo.mx\\\/index.php\\\/2026\\\/09\\\/01\\\/capacitan-a-50-servidoras-de-queretaro-contra-violencia\\\/#mainImage\",\"width\":1451,\"height\":1005},\"primaryImageOfPage\":{\"@id\":\"https:\\\/\\\/elprogresivo.mx\\\/index.php\\\/2026\\\/09\\\/01\\\/capacitan-a-50-servidoras-de-queretaro-contra-violencia\\\/#mainImage\"},\"datePublished\":\"2026-09-01T15:13:11+00:00\",\"dateModified\":\"2026-09-01T15:13:11+00:00\"},{\"@type\":\"WebSite\",\"@id\":\"https:\\\/\\\/elprogresivo.mx\\\/#website\",\"url\":\"https:\\\/\\\/elprogresivo.mx\\\/\",\"name\":\"elprogresivo.mx\",\"description\":\"Construimos una nueva etapa en informaci\\u00f3n\",\"inLanguage\":\"es-MX\",\"publisher\":{\"@id\":\"https:\\\/\\\/elprogresivo.mx\\\/#organization\"}}]}\n\t\t<\/script>\n\t\t<!-- All in One SEO -->\n\n","aioseo_head_json":{"title":"Capacitan a 50 servidoras de Quer\u00e9taro contra violencia - elprogresivo.mx","description":"M\u00e1s de 50 servidoras p\u00fablicas de primer contacto en Quer\u00e9taro recibieron capacitaci\u00f3n especializada del Fondo de Poblaci\u00f3n de las Naciones Unidas (UNFPA). El objetivo es mejorar las herramientas para prevenir, identificar y atender casos de violencia contra mujeres, ni\u00f1as y adolescentes. Sonia Rocha Acosta, secretaria de las Mujeres, abri\u00f3 el curso titulado 'Fortalecimiento de capacidades","canonical_url":"https:\/\/elprogresivo.mx\/index.php\/2026\/09\/01\/capacitan-a-50-servidoras-de-queretaro-contra-violencia\/","robots":"max-image-preview:large","keywords":"","webmasterTools":{"miscellaneous":""},"schema":{"@context":"https:\/\/schema.org","@graph":[{"@type":"BlogPosting","@id":"https:\/\/elprogresivo.mx\/index.php\/2026\/09\/01\/capacitan-a-50-servidoras-de-queretaro-contra-violencia\/#blogposting","name":"Capacitan a 50 servidoras de Quer\u00e9taro contra violencia - elprogresivo.mx","headline":"Capacitan a 50 servidoras de Quer\u00e9taro contra violencia","author":{"@id":"https:\/\/elprogresivo.mx\/index.php\/author\/emmanuel-galvan\/#author"},"publisher":{"@id":"https:\/\/elprogresivo.mx\/#organization"},"image":{"@type":"ImageObject","url":"https:\/\/elprogresivo.mx\/wp-content\/uploads\/2026\/09\/noticia_20260901091259.jpg","width":1451,"height":1005},"datePublished":"2026-09-01T15:13:11+00:00","dateModified":"2026-09-01T15:13:11+00:00","inLanguage":"es-MX","mainEntityOfPage":{"@id":"https:\/\/elprogresivo.mx\/index.php\/2026\/09\/01\/capacitan-a-50-servidoras-de-queretaro-contra-violencia\/#webpage"},"isPartOf":{"@id":"https:\/\/elprogresivo.mx\/index.php\/2026\/09\/01\/capacitan-a-50-servidoras-de-queretaro-contra-violencia\/#webpage"},"articleSection":"Blog, 300 a\u00f1os Acueducto Quer\u00e9taro El Marqu\u00e9s, capacitaci\u00f3n, SEMUJERES, UNFPA, Violencia de G\u00e9nero"},{"@type":"BreadcrumbList","@id":"https:\/\/elprogresivo.mx\/index.php\/2026\/09\/01\/capacitan-a-50-servidoras-de-queretaro-contra-violencia\/#breadcrumblist","itemListElement":[{"@type":"ListItem","@id":"https:\/\/elprogresivo.mx#listItem","position":1,"name":"Home","item":"https:\/\/elprogresivo.mx","nextItem":{"@type":"ListItem","@id":"https:\/\/elprogresivo.mx\/index.php\/category\/blog\/#listItem","name":"Blog"}},{"@type":"ListItem","@id":"https:\/\/elprogresivo.mx\/index.php\/category\/blog\/#listItem","position":2,"name":"Blog","item":"https:\/\/elprogresivo.mx\/index.php\/category\/blog\/","nextItem":{"@type":"ListItem","@id":"https:\/\/elprogresivo.mx\/index.php\/2026\/09\/01\/capacitan-a-50-servidoras-de-queretaro-contra-violencia\/#listItem","name":"Capacitan a 50 servidoras de Quer\u00e9taro contra violencia"},"previousItem":{"@type":"ListItem","@id":"https:\/\/elprogresivo.mx#listItem","name":"Home"}},{"@type":"ListItem","@id":"https:\/\/elprogresivo.mx\/index.php\/2026\/09\/01\/capacitan-a-50-servidoras-de-queretaro-contra-violencia\/#listItem","position":3,"name":"Capacitan a 50 servidoras de Quer\u00e9taro contra violencia","previousItem":{"@type":"ListItem","@id":"https:\/\/elprogresivo.mx\/index.php\/category\/blog\/#listItem","name":"Blog"}}]},{"@type":"Organization","@id":"https:\/\/elprogresivo.mx\/#organization","name":"elprogresivo.mx","description":"Construimos una nueva etapa en informaci\u00f3n","url":"https:\/\/elprogresivo.mx\/","logo":{"@type":"ImageObject","url":"https:\/\/elprogresivo.mx\/wp-content\/uploads\/2024\/02\/cropped-LogoBlanco.png","@id":"https:\/\/elprogresivo.mx\/index.php\/2026\/09\/01\/capacitan-a-50-servidoras-de-queretaro-contra-violencia\/#organizationLogo","width":2096,"height":332},"image":{"@id":"https:\/\/elprogresivo.mx\/index.php\/2026\/09\/01\/capacitan-a-50-servidoras-de-queretaro-contra-violencia\/#organizationLogo"}},{"@type":"Person","@id":"https:\/\/elprogresivo.mx\/index.php\/author\/emmanuel-galvan\/#author","url":"https:\/\/elprogresivo.mx\/index.php\/author\/emmanuel-galvan\/","name":"Staff","image":{"@type":"ImageObject","@id":"https:\/\/elprogresivo.mx\/index.php\/2026\/09\/01\/capacitan-a-50-servidoras-de-queretaro-contra-violencia\/#authorImage","url":"https:\/\/secure.gravatar.com\/avatar\/3bb87242634c3adf910515f41e6e392ab758b98c8ee7fd12a54fcb5270441486?s=96&d=mm&r=g","width":96,"height":96,"caption":"Staff"}},{"@type":"WebPage","@id":"https:\/\/elprogresivo.mx\/index.php\/2026\/09\/01\/capacitan-a-50-servidoras-de-queretaro-contra-violencia\/#webpage","url":"https:\/\/elprogresivo.mx\/index.php\/2026\/09\/01\/capacitan-a-50-servidoras-de-queretaro-contra-violencia\/","name":"Capacitan a 50 servidoras de Quer\u00e9taro contra violencia - elprogresivo.mx","description":"M\u00e1s de 50 servidoras p\u00fablicas de primer contacto en Quer\u00e9taro recibieron capacitaci\u00f3n especializada del Fondo de Poblaci\u00f3n de las Naciones Unidas (UNFPA). El objetivo es mejorar las herramientas para prevenir, identificar y atender casos de violencia contra mujeres, ni\u00f1as y adolescentes. Sonia Rocha Acosta, secretaria de las Mujeres, abri\u00f3 el curso titulado 'Fortalecimiento de capacidades","inLanguage":"es-MX","isPartOf":{"@id":"https:\/\/elprogresivo.mx\/#website"},"breadcrumb":{"@id":"https:\/\/elprogresivo.mx\/index.php\/2026\/09\/01\/capacitan-a-50-servidoras-de-queretaro-contra-violencia\/#breadcrumblist"},"author":{"@id":"https:\/\/elprogresivo.mx\/index.php\/author\/emmanuel-galvan\/#author"},"creator":{"@id":"https:\/\/elprogresivo.mx\/index.php\/author\/emmanuel-galvan\/#author"},"image":{"@type":"ImageObject","url":"https:\/\/elprogresivo.mx\/wp-content\/uploads\/2026\/09\/noticia_20260901091259.jpg","@id":"https:\/\/elprogresivo.mx\/index.php\/2026\/09\/01\/capacitan-a-50-servidoras-de-queretaro-contra-violencia\/#mainImage","width":1451,"height":1005},"primaryImageOfPage":{"@id":"https:\/\/elprogresivo.mx\/index.php\/2026\/09\/01\/capacitan-a-50-servidoras-de-queretaro-contra-violencia\/#mainImage"},"datePublished":"2026-09-01T15:13:11+00:00","dateModified":"2026-09-01T15:13:11+00:00"},{"@type":"WebSite","@id":"https:\/\/elprogresivo.mx\/#website","url":"https:\/\/elprogresivo.mx\/","name":"elprogresivo.mx","description":"Construimos una nueva etapa en informaci\u00f3n","inLanguage":"es-MX","publisher":{"@id":"https:\/\/elprogresivo.mx\/#organization"}}]},"og:locale":"es_MX","og:site_name":"elprogresivo.mx - Construimos una nueva etapa en informaci\u00f3n","og:type":"article","og:title":"Capacitan a 50 servidoras de Quer\u00e9taro contra violencia - elprogresivo.mx","og:description":"M\u00e1s de 50 servidoras p\u00fablicas de primer contacto en Quer\u00e9taro recibieron capacitaci\u00f3n especializada del Fondo de Poblaci\u00f3n de las Naciones Unidas (UNFPA). El objetivo es mejorar las herramientas para prevenir, identificar y atender casos de violencia contra mujeres, ni\u00f1as y adolescentes. Sonia Rocha Acosta, secretaria de las Mujeres, abri\u00f3 el curso titulado 'Fortalecimiento de capacidades","og:url":"https:\/\/elprogresivo.mx\/index.php\/2026\/09\/01\/capacitan-a-50-servidoras-de-queretaro-contra-violencia\/","og:image":"https:\/\/elprogresivo.mx\/wp-content\/uploads\/2024\/02\/cropped-LogoBlanco.png","og:image:secure_url":"https:\/\/elprogresivo.mx\/wp-content\/uploads\/2024\/02\/cropped-LogoBlanco.png","article:published_time":"2026-09-01T15:13:11+00:00","article:modified_time":"2026-09-01T15:13:11+00:00","twitter:card":"summary_large_image","twitter:title":"Capacitan a 50 servidoras de Quer\u00e9taro contra violencia - elprogresivo.mx","twitter:description":"M\u00e1s de 50 servidoras p\u00fablicas de primer contacto en Quer\u00e9taro recibieron capacitaci\u00f3n especializada del Fondo de Poblaci\u00f3n de las Naciones Unidas (UNFPA). El objetivo es mejorar las herramientas para prevenir, identificar y atender casos de violencia contra mujeres, ni\u00f1as y adolescentes. Sonia Rocha Acosta, secretaria de las Mujeres, abri\u00f3 el curso titulado 'Fortalecimiento de capacidades","twitter:image":"https:\/\/elprogresivo.mx\/wp-content\/uploads\/2024\/02\/cropped-LogoBlanco.png"},"aioseo_meta_data":{"post_id":"4819","title":null,"description":null,"keywords":null,"keyphrases":{"focus":[],"additional":[]},"primary_term":null,"canonical_url":null,"og_title":null,"og_description":null,"og_object_type":"default","og_image_type":"default","og_image_url":null,"og_image_width":null,"og_image_height":null,"og_image_custom_url":null,"og_image_custom_fields":null,"og_video":null,"og_custom_url":null,"og_article_section":null,"og_article_tags":null,"twitter_use_og":false,"twitter_card":"default","twitter_image_type":"default","twitter_image_url":null,"twitter_image_custom_url":null,"twitter_image_custom_fields":null,"twitter_title":null,"twitter_description":null,"schema":{"blockGraphs":[],"customGraphs":[],"default":{"data":{"Article":[],"Course":[],"Dataset":[],"FAQPage":[],"Movie":[],"Person":[],"Product":[],"ProductReview":[],"Car":[],"Recipe":[],"Service":[],"SoftwareApplication":[],"WebPage":[]},"graphName":"","isEnabled":true},"graphs":[]},"schema_type":"default","schema_type_options":null,"pillar_content":false,"robots_default":true,"robots_noindex":false,"robots_noarchive":false,"robots_nosnippet":false,"robots_nofollow":false,"robots_noimageindex":false,"robots_noodp":false,"robots_notranslate":false,"robots_max_snippet":null,"robots_max_videopreview":null,"robots_max_imagepreview":"large","priority":null,"frequency":null,"local_seo":null,"limit_modified_date":false,"created":"2026-09-01 15:59:27","updated":"2026-09-01 18:58:26","ai":null,"breadcrumb_settings":null,"seo_analyzer_scan_date":null,"focus_keyword":null,"additional_keywords":null,"truseo_locale":null},"aioseo_breadcrumb":"<div class=\"aioseo-breadcrumbs\"><span class=\"aioseo-breadcrumb\">\n\t\t\t<a href=\"https:\/\/elprogresivo.mx\" title=\"Home\">Home<\/a>\n\t\t<\/span><span class=\"aioseo-breadcrumb-separator\">&raquo;<\/span><span class=\"aioseo-breadcrumb\">\n\t\t\t<a href=\"https:\/\/elprogresivo.mx\/index.php\/category\/blog\/\" title=\"Blog\">Blog<\/a>\n\t\t<\/span><span class=\"aioseo-breadcrumb-separator\">&raquo;<\/span><span class=\"aioseo-breadcrumb\">\n\t\t\tCapacitan a 50 servidoras de Quer\u00e9taro contra violencia\n\t\t<\/span><\/div>","aioseo_breadcrumb_json":[{"label":"Home","link":"https:\/\/elprogresivo.mx"},{"label":"Blog","link":"https:\/\/elprogresivo.mx\/index.php\/category\/blog\/"},{"label":"Capacitan a 50 servidoras de Quer\u00e9taro contra violencia","link":"https:\/\/elprogresivo.mx\/index.php\/2026\/09\/01\/capacitan-a-50-servidoras-de-queretaro-contra-violencia\/"}],"jetpack_publicize_connections":[],"_links":{"self":[{"href":"https:\/\/elprogresivo.mx\/index.php\/wp-json\/wp\/v2\/posts\/4819","targetHints":{"allow":["GET"]}}],"collection":[{"href":"https:\/\/elprogresivo.mx\/index.php\/wp-json\/wp\/v2\/posts"}],"about":[{"href":"https:\/\/elprogresivo.mx\/index.php\/wp-json\/wp\/v2\/types\/post"}],"author":[{"embeddable":true,"href":"https:\/\/elprogresivo.mx\/index.php\/wp-json\/wp\/v2\/users\/5"}],"replies":[{"embeddable":true,"href":"https:\/\/elprogresivo.mx\/index.php\/wp-json\/wp\/v2\/comments?post=4819"}],"version-history":[{"count":0,"href":"https:\/\/elprogresivo.mx\/index.php\/wp-json\/wp\/v2\/posts\/4819\/revisions"}],"wp:featuredmedia":[{"embeddable":true,"href":"https:\/\/elprogresivo.mx\/index.php\/wp-json\/wp\/v2\/media\/4818"}],"wp:attachment":[{"href":"https:\/\/elprogresivo.mx\/index.php\/wp-json\/wp\/v2\/media?parent=4819"}],"wp:term":[{"taxonomy":"category","embeddable":true,"href":"https:\/\/elprogresivo.mx\/index.php\/wp-json\/wp\/v2\/categories?post=4819"},{"taxonomy":"post_tag","embeddable":true,"href":"https:\/\/elprogresivo.mx\/index.php\/wp-json\/wp\/v2\/tags?post=4819"}],"curies":[{"name":"wp","href":"https:\/\/api.w.org\/{rel}","templated":true}]}}