{"id":4808,"date":"2026-08-31T20:54:08","date_gmt":"2026-08-31T20:54:08","guid":{"rendered":"https:\/\/elprogresivo.mx\/index.php\/2026\/08\/31\/queretaro-atiende-2-mil-llamadas-911-al-dia\/"},"modified":"2026-08-31T20:54:08","modified_gmt":"2026-08-31T20:54:08","slug":"queretaro-atiende-2-mil-llamadas-911-al-dia","status":"publish","type":"post","link":"https:\/\/elprogresivo.mx\/index.php\/2026\/08\/31\/queretaro-atiende-2-mil-llamadas-911-al-dia\/","title":{"rendered":"Quer\u00e9taro atiende 2 mil llamadas 911 al d\u00eda"},"content":{"rendered":"<p>El Centro de Atenci\u00f3n de Emergencia 911 de Quer\u00e9taro responde a cerca de dos mil llamadas cada d\u00eda. El presidente municipal, Felifer Mac\u00edas, recorri\u00f3 las instalaciones en la madrugada del jueves para ver de cerca c\u00f3mo operan los operadores, polic\u00edas y elementos del Ej\u00e9rcito.<\/p>\n<p>Mac\u00edas se\u00f1al\u00f3 que este sistema tecnol\u00f3gico ayuda a que la ciudad ocupe el segundo lugar en percepci\u00f3n de seguridad en la encuesta del INEGI. &#8220;Este Centro de Monitoreo que est\u00e1s viendo es referente a nivel nacional, es de la m\u00e1s alta tecnolog\u00eda. Tenemos presencia de Ej\u00e9rcito Mexicano, de Protecci\u00f3n Civil y tambi\u00e9n nos volvemos un gestor de cualquier situaci\u00f3n de riesgo ante cualquier dependencia\u2026 Estamos haciendo un gran esfuerzo para estar a la altura de lo que t\u00fa exiges, que llegue la patrulla en menor tiempo o cualquier servicio que as\u00ed hayas requerido&#8221;, dijo el alcalde.<\/p>\n<p>Trabajan ah\u00ed 300 personas entre seguridad p\u00fablica y protecci\u00f3n civil. El secretario de Seguridad P\u00fablica, Juan Luis Ferrusca Ortiz, explic\u00f3 que cuentan con m\u00e1s de nueve mil c\u00e1maras de monitoreo y 911 puntos de asistencia en las siete delegaciones municipal. Todo el personal est\u00e1 certificado para manejar la demanda diaria.<\/p>\n<p>En lo que va del a\u00f1o, los operadores han dado instrucciones de reanimaci\u00f3n cardiopulmonar en 155 casos y han acompa\u00f1ado por tel\u00e9fono 55 partos. Ferrusca pidi\u00f3 a la ciudadan\u00eda usar la l\u00ednea solo para emergencias reales.<\/p>\n","protected":false},"excerpt":{"rendered":"<p>El Centro de Atenci\u00f3n de Emergencia 911 de Quer\u00e9taro responde a cerca de dos mil&#8230;<\/p>\n","protected":false},"author":5,"featured_media":4807,"comment_status":"open","ping_status":"open","sticky":false,"template":"","format":"standard","meta":{"om_disable_all_campaigns":false,"_monsterinsights_skip_tracking":false,"footnotes":"","jetpack_publicize_message":"","jetpack_publicize_feature_enabled":true,"jetpack_social_post_already_shared":true,"jetpack_social_options":{"image_generator_settings":{"template":"highway","default_image_id":0,"font":"","enabled":false},"version":2}},"categories":[1,70],"tags":[876,3221,1040,926,77],"class_list":["post-4808","post","type-post","status-publish","format-standard","has-post-thumbnail","hentry","category-blog","category-destacado","tag-300-anos-acueducto-queretaro-el-marques","tag-3221","tag-capacidad-respuesta-emergencias-corregidora","tag-centro-historico-queretaro-seguridad","tag-felifer-macias"],"aioseo_notices":[],"aioseo_head":"\n\t\t<!-- All in One SEO 5.0.1.1 - aioseo.com -->\n\t<meta name=\"description\" content=\"El Centro de Atenci\u00f3n de Emergencia 911 de Quer\u00e9taro responde a cerca de dos mil llamadas cada d\u00eda. El presidente municipal, Felifer Mac\u00edas, recorri\u00f3 las instalaciones en la madrugada del jueves para ver de cerca c\u00f3mo operan los operadores, polic\u00edas y elementos del Ej\u00e9rcito. Mac\u00edas se\u00f1al\u00f3 que este sistema tecnol\u00f3gico ayuda a que la ciudad\" \/>\n\t<meta name=\"robots\" content=\"max-image-preview:large\" \/>\n\t<meta name=\"author\" content=\"Staff\"\/>\n\t<link rel=\"canonical\" href=\"https:\/\/elprogresivo.mx\/index.php\/2026\/08\/31\/queretaro-atiende-2-mil-llamadas-911-al-dia\/\" \/>\n\t<meta name=\"generator\" content=\"All in One SEO (AIOSEO) 5.0.1.1\" \/>\n\t\t<meta property=\"og:locale\" content=\"es_MX\" \/>\n\t\t<meta property=\"og:site_name\" content=\"elprogresivo.mx - Construimos una nueva etapa en informaci\u00f3n\" \/>\n\t\t<meta property=\"og:type\" content=\"article\" \/>\n\t\t<meta property=\"og:title\" content=\"Quer\u00e9taro atiende 2 mil llamadas 911 al d\u00eda - elprogresivo.mx\" \/>\n\t\t<meta property=\"og:description\" content=\"El Centro de Atenci\u00f3n de Emergencia 911 de Quer\u00e9taro responde a cerca de dos mil llamadas cada d\u00eda. El presidente municipal, Felifer Mac\u00edas, recorri\u00f3 las instalaciones en la madrugada del jueves para ver de cerca c\u00f3mo operan los operadores, polic\u00edas y elementos del Ej\u00e9rcito. Mac\u00edas se\u00f1al\u00f3 que este sistema tecnol\u00f3gico ayuda a que la ciudad\" \/>\n\t\t<meta property=\"og:url\" content=\"https:\/\/elprogresivo.mx\/index.php\/2026\/08\/31\/queretaro-atiende-2-mil-llamadas-911-al-dia\/\" \/>\n\t\t<meta property=\"og:image\" content=\"https:\/\/elprogresivo.mx\/wp-content\/uploads\/2024\/02\/cropped-LogoBlanco.png\" \/>\n\t\t<meta property=\"og:image:secure_url\" content=\"https:\/\/elprogresivo.mx\/wp-content\/uploads\/2024\/02\/cropped-LogoBlanco.png\" \/>\n\t\t<meta property=\"article:published_time\" content=\"2026-08-31T20:54:08+00:00\" \/>\n\t\t<meta property=\"article:modified_time\" content=\"2026-08-31T20:54:08+00:00\" \/>\n\t\t<meta name=\"twitter:card\" content=\"summary_large_image\" \/>\n\t\t<meta name=\"twitter:title\" content=\"Quer\u00e9taro atiende 2 mil llamadas 911 al d\u00eda - elprogresivo.mx\" \/>\n\t\t<meta name=\"twitter:description\" content=\"El Centro de Atenci\u00f3n de Emergencia 911 de Quer\u00e9taro responde a cerca de dos mil llamadas cada d\u00eda. El presidente municipal, Felifer Mac\u00edas, recorri\u00f3 las instalaciones en la madrugada del jueves para ver de cerca c\u00f3mo operan los operadores, polic\u00edas y elementos del Ej\u00e9rcito. Mac\u00edas se\u00f1al\u00f3 que este sistema tecnol\u00f3gico ayuda a que la ciudad\" \/>\n\t\t<meta name=\"twitter:image\" content=\"https:\/\/elprogresivo.mx\/wp-content\/uploads\/2024\/02\/cropped-LogoBlanco.png\" \/>\n\t\t<script type=\"application\/ld+json\" class=\"aioseo-schema\">\n\t\t\t{\"@context\":\"https:\\\/\\\/schema.org\",\"@graph\":[{\"@type\":\"BlogPosting\",\"@id\":\"https:\\\/\\\/elprogresivo.mx\\\/index.php\\\/2026\\\/08\\\/31\\\/queretaro-atiende-2-mil-llamadas-911-al-dia\\\/#blogposting\",\"name\":\"Quer\\u00e9taro atiende 2 mil llamadas 911 al d\\u00eda - elprogresivo.mx\",\"headline\":\"Quer\\u00e9taro atiende 2 mil llamadas 911 al d\\u00eda\",\"author\":{\"@id\":\"https:\\\/\\\/elprogresivo.mx\\\/index.php\\\/author\\\/emmanuel-galvan\\\/#author\"},\"publisher\":{\"@id\":\"https:\\\/\\\/elprogresivo.mx\\\/#organization\"},\"image\":{\"@type\":\"ImageObject\",\"url\":\"https:\\\/\\\/elprogresivo.mx\\\/wp-content\\\/uploads\\\/2026\\\/08\\\/noticia_20260831145355.jpg\",\"width\":1280,\"height\":854},\"datePublished\":\"2026-08-31T20:54:08+00:00\",\"dateModified\":\"2026-08-31T20:54:08+00:00\",\"inLanguage\":\"es-MX\",\"mainEntityOfPage\":{\"@id\":\"https:\\\/\\\/elprogresivo.mx\\\/index.php\\\/2026\\\/08\\\/31\\\/queretaro-atiende-2-mil-llamadas-911-al-dia\\\/#webpage\"},\"isPartOf\":{\"@id\":\"https:\\\/\\\/elprogresivo.mx\\\/index.php\\\/2026\\\/08\\\/31\\\/queretaro-atiende-2-mil-llamadas-911-al-dia\\\/#webpage\"},\"articleSection\":\"Blog, Destacado, 300 a\\u00f1os Acueducto Quer\\u00e9taro El Marqu\\u00e9s, 911, capacidad respuesta emergencias Corregidora, Centro Hist\\u00f3rico Quer\\u00e9taro seguridad, Felifer Mac\\u00edas\"},{\"@type\":\"BreadcrumbList\",\"@id\":\"https:\\\/\\\/elprogresivo.mx\\\/index.php\\\/2026\\\/08\\\/31\\\/queretaro-atiende-2-mil-llamadas-911-al-dia\\\/#breadcrumblist\",\"itemListElement\":[{\"@type\":\"ListItem\",\"@id\":\"https:\\\/\\\/elprogresivo.mx#listItem\",\"position\":1,\"name\":\"Home\",\"item\":\"https:\\\/\\\/elprogresivo.mx\",\"nextItem\":{\"@type\":\"ListItem\",\"@id\":\"https:\\\/\\\/elprogresivo.mx\\\/index.php\\\/category\\\/blog\\\/#listItem\",\"name\":\"Blog\"}},{\"@type\":\"ListItem\",\"@id\":\"https:\\\/\\\/elprogresivo.mx\\\/index.php\\\/category\\\/blog\\\/#listItem\",\"position\":2,\"name\":\"Blog\",\"item\":\"https:\\\/\\\/elprogresivo.mx\\\/index.php\\\/category\\\/blog\\\/\",\"nextItem\":{\"@type\":\"ListItem\",\"@id\":\"https:\\\/\\\/elprogresivo.mx\\\/index.php\\\/2026\\\/08\\\/31\\\/queretaro-atiende-2-mil-llamadas-911-al-dia\\\/#listItem\",\"name\":\"Quer\\u00e9taro atiende 2 mil llamadas 911 al d\\u00eda\"},\"previousItem\":{\"@type\":\"ListItem\",\"@id\":\"https:\\\/\\\/elprogresivo.mx#listItem\",\"name\":\"Home\"}},{\"@type\":\"ListItem\",\"@id\":\"https:\\\/\\\/elprogresivo.mx\\\/index.php\\\/2026\\\/08\\\/31\\\/queretaro-atiende-2-mil-llamadas-911-al-dia\\\/#listItem\",\"position\":3,\"name\":\"Quer\\u00e9taro atiende 2 mil llamadas 911 al d\\u00eda\",\"previousItem\":{\"@type\":\"ListItem\",\"@id\":\"https:\\\/\\\/elprogresivo.mx\\\/index.php\\\/category\\\/blog\\\/#listItem\",\"name\":\"Blog\"}}]},{\"@type\":\"Organization\",\"@id\":\"https:\\\/\\\/elprogresivo.mx\\\/#organization\",\"name\":\"elprogresivo.mx\",\"description\":\"Construimos una nueva etapa en informaci\\u00f3n\",\"url\":\"https:\\\/\\\/elprogresivo.mx\\\/\",\"logo\":{\"@type\":\"ImageObject\",\"url\":\"https:\\\/\\\/elprogresivo.mx\\\/wp-content\\\/uploads\\\/2024\\\/02\\\/cropped-LogoBlanco.png\",\"@id\":\"https:\\\/\\\/elprogresivo.mx\\\/index.php\\\/2026\\\/08\\\/31\\\/queretaro-atiende-2-mil-llamadas-911-al-dia\\\/#organizationLogo\",\"width\":2096,\"height\":332},\"image\":{\"@id\":\"https:\\\/\\\/elprogresivo.mx\\\/index.php\\\/2026\\\/08\\\/31\\\/queretaro-atiende-2-mil-llamadas-911-al-dia\\\/#organizationLogo\"}},{\"@type\":\"Person\",\"@id\":\"https:\\\/\\\/elprogresivo.mx\\\/index.php\\\/author\\\/emmanuel-galvan\\\/#author\",\"url\":\"https:\\\/\\\/elprogresivo.mx\\\/index.php\\\/author\\\/emmanuel-galvan\\\/\",\"name\":\"Staff\",\"image\":{\"@type\":\"ImageObject\",\"@id\":\"https:\\\/\\\/elprogresivo.mx\\\/index.php\\\/2026\\\/08\\\/31\\\/queretaro-atiende-2-mil-llamadas-911-al-dia\\\/#authorImage\",\"url\":\"https:\\\/\\\/secure.gravatar.com\\\/avatar\\\/3bb87242634c3adf910515f41e6e392ab758b98c8ee7fd12a54fcb5270441486?s=96&d=mm&r=g\",\"width\":96,\"height\":96,\"caption\":\"Staff\"}},{\"@type\":\"WebPage\",\"@id\":\"https:\\\/\\\/elprogresivo.mx\\\/index.php\\\/2026\\\/08\\\/31\\\/queretaro-atiende-2-mil-llamadas-911-al-dia\\\/#webpage\",\"url\":\"https:\\\/\\\/elprogresivo.mx\\\/index.php\\\/2026\\\/08\\\/31\\\/queretaro-atiende-2-mil-llamadas-911-al-dia\\\/\",\"name\":\"Quer\\u00e9taro atiende 2 mil llamadas 911 al d\\u00eda - elprogresivo.mx\",\"description\":\"El Centro de Atenci\\u00f3n de Emergencia 911 de Quer\\u00e9taro responde a cerca de dos mil llamadas cada d\\u00eda. El presidente municipal, Felifer Mac\\u00edas, recorri\\u00f3 las instalaciones en la madrugada del jueves para ver de cerca c\\u00f3mo operan los operadores, polic\\u00edas y elementos del Ej\\u00e9rcito. Mac\\u00edas se\\u00f1al\\u00f3 que este sistema tecnol\\u00f3gico ayuda a que la ciudad\",\"inLanguage\":\"es-MX\",\"isPartOf\":{\"@id\":\"https:\\\/\\\/elprogresivo.mx\\\/#website\"},\"breadcrumb\":{\"@id\":\"https:\\\/\\\/elprogresivo.mx\\\/index.php\\\/2026\\\/08\\\/31\\\/queretaro-atiende-2-mil-llamadas-911-al-dia\\\/#breadcrumblist\"},\"author\":{\"@id\":\"https:\\\/\\\/elprogresivo.mx\\\/index.php\\\/author\\\/emmanuel-galvan\\\/#author\"},\"creator\":{\"@id\":\"https:\\\/\\\/elprogresivo.mx\\\/index.php\\\/author\\\/emmanuel-galvan\\\/#author\"},\"image\":{\"@type\":\"ImageObject\",\"url\":\"https:\\\/\\\/elprogresivo.mx\\\/wp-content\\\/uploads\\\/2026\\\/08\\\/noticia_20260831145355.jpg\",\"@id\":\"https:\\\/\\\/elprogresivo.mx\\\/index.php\\\/2026\\\/08\\\/31\\\/queretaro-atiende-2-mil-llamadas-911-al-dia\\\/#mainImage\",\"width\":1280,\"height\":854},\"primaryImageOfPage\":{\"@id\":\"https:\\\/\\\/elprogresivo.mx\\\/index.php\\\/2026\\\/08\\\/31\\\/queretaro-atiende-2-mil-llamadas-911-al-dia\\\/#mainImage\"},\"datePublished\":\"2026-08-31T20:54:08+00:00\",\"dateModified\":\"2026-08-31T20:54:08+00:00\"},{\"@type\":\"WebSite\",\"@id\":\"https:\\\/\\\/elprogresivo.mx\\\/#website\",\"url\":\"https:\\\/\\\/elprogresivo.mx\\\/\",\"name\":\"elprogresivo.mx\",\"description\":\"Construimos una nueva etapa en informaci\\u00f3n\",\"inLanguage\":\"es-MX\",\"publisher\":{\"@id\":\"https:\\\/\\\/elprogresivo.mx\\\/#organization\"}}]}\n\t\t<\/script>\n\t\t<!-- All in One SEO -->\n\n","aioseo_head_json":{"title":"Quer\u00e9taro atiende 2 mil llamadas 911 al d\u00eda - elprogresivo.mx","description":"El Centro de Atenci\u00f3n de Emergencia 911 de Quer\u00e9taro responde a cerca de dos mil llamadas cada d\u00eda. El presidente municipal, Felifer Mac\u00edas, recorri\u00f3 las instalaciones en la madrugada del jueves para ver de cerca c\u00f3mo operan los operadores, polic\u00edas y elementos del Ej\u00e9rcito. Mac\u00edas se\u00f1al\u00f3 que este sistema tecnol\u00f3gico ayuda a que la ciudad","canonical_url":"https:\/\/elprogresivo.mx\/index.php\/2026\/08\/31\/queretaro-atiende-2-mil-llamadas-911-al-dia\/","robots":"max-image-preview:large","keywords":"","webmasterTools":{"miscellaneous":""},"schema":{"@context":"https:\/\/schema.org","@graph":[{"@type":"BlogPosting","@id":"https:\/\/elprogresivo.mx\/index.php\/2026\/08\/31\/queretaro-atiende-2-mil-llamadas-911-al-dia\/#blogposting","name":"Quer\u00e9taro atiende 2 mil llamadas 911 al d\u00eda - elprogresivo.mx","headline":"Quer\u00e9taro atiende 2 mil llamadas 911 al d\u00eda","author":{"@id":"https:\/\/elprogresivo.mx\/index.php\/author\/emmanuel-galvan\/#author"},"publisher":{"@id":"https:\/\/elprogresivo.mx\/#organization"},"image":{"@type":"ImageObject","url":"https:\/\/elprogresivo.mx\/wp-content\/uploads\/2026\/08\/noticia_20260831145355.jpg","width":1280,"height":854},"datePublished":"2026-08-31T20:54:08+00:00","dateModified":"2026-08-31T20:54:08+00:00","inLanguage":"es-MX","mainEntityOfPage":{"@id":"https:\/\/elprogresivo.mx\/index.php\/2026\/08\/31\/queretaro-atiende-2-mil-llamadas-911-al-dia\/#webpage"},"isPartOf":{"@id":"https:\/\/elprogresivo.mx\/index.php\/2026\/08\/31\/queretaro-atiende-2-mil-llamadas-911-al-dia\/#webpage"},"articleSection":"Blog, Destacado, 300 a\u00f1os Acueducto Quer\u00e9taro El Marqu\u00e9s, 911, capacidad respuesta emergencias Corregidora, Centro Hist\u00f3rico Quer\u00e9taro seguridad, Felifer Mac\u00edas"},{"@type":"BreadcrumbList","@id":"https:\/\/elprogresivo.mx\/index.php\/2026\/08\/31\/queretaro-atiende-2-mil-llamadas-911-al-dia\/#breadcrumblist","itemListElement":[{"@type":"ListItem","@id":"https:\/\/elprogresivo.mx#listItem","position":1,"name":"Home","item":"https:\/\/elprogresivo.mx","nextItem":{"@type":"ListItem","@id":"https:\/\/elprogresivo.mx\/index.php\/category\/blog\/#listItem","name":"Blog"}},{"@type":"ListItem","@id":"https:\/\/elprogresivo.mx\/index.php\/category\/blog\/#listItem","position":2,"name":"Blog","item":"https:\/\/elprogresivo.mx\/index.php\/category\/blog\/","nextItem":{"@type":"ListItem","@id":"https:\/\/elprogresivo.mx\/index.php\/2026\/08\/31\/queretaro-atiende-2-mil-llamadas-911-al-dia\/#listItem","name":"Quer\u00e9taro atiende 2 mil llamadas 911 al d\u00eda"},"previousItem":{"@type":"ListItem","@id":"https:\/\/elprogresivo.mx#listItem","name":"Home"}},{"@type":"ListItem","@id":"https:\/\/elprogresivo.mx\/index.php\/2026\/08\/31\/queretaro-atiende-2-mil-llamadas-911-al-dia\/#listItem","position":3,"name":"Quer\u00e9taro atiende 2 mil llamadas 911 al d\u00eda","previousItem":{"@type":"ListItem","@id":"https:\/\/elprogresivo.mx\/index.php\/category\/blog\/#listItem","name":"Blog"}}]},{"@type":"Organization","@id":"https:\/\/elprogresivo.mx\/#organization","name":"elprogresivo.mx","description":"Construimos una nueva etapa en informaci\u00f3n","url":"https:\/\/elprogresivo.mx\/","logo":{"@type":"ImageObject","url":"https:\/\/elprogresivo.mx\/wp-content\/uploads\/2024\/02\/cropped-LogoBlanco.png","@id":"https:\/\/elprogresivo.mx\/index.php\/2026\/08\/31\/queretaro-atiende-2-mil-llamadas-911-al-dia\/#organizationLogo","width":2096,"height":332},"image":{"@id":"https:\/\/elprogresivo.mx\/index.php\/2026\/08\/31\/queretaro-atiende-2-mil-llamadas-911-al-dia\/#organizationLogo"}},{"@type":"Person","@id":"https:\/\/elprogresivo.mx\/index.php\/author\/emmanuel-galvan\/#author","url":"https:\/\/elprogresivo.mx\/index.php\/author\/emmanuel-galvan\/","name":"Staff","image":{"@type":"ImageObject","@id":"https:\/\/elprogresivo.mx\/index.php\/2026\/08\/31\/queretaro-atiende-2-mil-llamadas-911-al-dia\/#authorImage","url":"https:\/\/secure.gravatar.com\/avatar\/3bb87242634c3adf910515f41e6e392ab758b98c8ee7fd12a54fcb5270441486?s=96&d=mm&r=g","width":96,"height":96,"caption":"Staff"}},{"@type":"WebPage","@id":"https:\/\/elprogresivo.mx\/index.php\/2026\/08\/31\/queretaro-atiende-2-mil-llamadas-911-al-dia\/#webpage","url":"https:\/\/elprogresivo.mx\/index.php\/2026\/08\/31\/queretaro-atiende-2-mil-llamadas-911-al-dia\/","name":"Quer\u00e9taro atiende 2 mil llamadas 911 al d\u00eda - elprogresivo.mx","description":"El Centro de Atenci\u00f3n de Emergencia 911 de Quer\u00e9taro responde a cerca de dos mil llamadas cada d\u00eda. El presidente municipal, Felifer Mac\u00edas, recorri\u00f3 las instalaciones en la madrugada del jueves para ver de cerca c\u00f3mo operan los operadores, polic\u00edas y elementos del Ej\u00e9rcito. Mac\u00edas se\u00f1al\u00f3 que este sistema tecnol\u00f3gico ayuda a que la ciudad","inLanguage":"es-MX","isPartOf":{"@id":"https:\/\/elprogresivo.mx\/#website"},"breadcrumb":{"@id":"https:\/\/elprogresivo.mx\/index.php\/2026\/08\/31\/queretaro-atiende-2-mil-llamadas-911-al-dia\/#breadcrumblist"},"author":{"@id":"https:\/\/elprogresivo.mx\/index.php\/author\/emmanuel-galvan\/#author"},"creator":{"@id":"https:\/\/elprogresivo.mx\/index.php\/author\/emmanuel-galvan\/#author"},"image":{"@type":"ImageObject","url":"https:\/\/elprogresivo.mx\/wp-content\/uploads\/2026\/08\/noticia_20260831145355.jpg","@id":"https:\/\/elprogresivo.mx\/index.php\/2026\/08\/31\/queretaro-atiende-2-mil-llamadas-911-al-dia\/#mainImage","width":1280,"height":854},"primaryImageOfPage":{"@id":"https:\/\/elprogresivo.mx\/index.php\/2026\/08\/31\/queretaro-atiende-2-mil-llamadas-911-al-dia\/#mainImage"},"datePublished":"2026-08-31T20:54:08+00:00","dateModified":"2026-08-31T20:54:08+00:00"},{"@type":"WebSite","@id":"https:\/\/elprogresivo.mx\/#website","url":"https:\/\/elprogresivo.mx\/","name":"elprogresivo.mx","description":"Construimos una nueva etapa en informaci\u00f3n","inLanguage":"es-MX","publisher":{"@id":"https:\/\/elprogresivo.mx\/#organization"}}]},"og:locale":"es_MX","og:site_name":"elprogresivo.mx - Construimos una nueva etapa en informaci\u00f3n","og:type":"article","og:title":"Quer\u00e9taro atiende 2 mil llamadas 911 al d\u00eda - elprogresivo.mx","og:description":"El Centro de Atenci\u00f3n de Emergencia 911 de Quer\u00e9taro responde a cerca de dos mil llamadas cada d\u00eda. El presidente municipal, Felifer Mac\u00edas, recorri\u00f3 las instalaciones en la madrugada del jueves para ver de cerca c\u00f3mo operan los operadores, polic\u00edas y elementos del Ej\u00e9rcito. Mac\u00edas se\u00f1al\u00f3 que este sistema tecnol\u00f3gico ayuda a que la ciudad","og:url":"https:\/\/elprogresivo.mx\/index.php\/2026\/08\/31\/queretaro-atiende-2-mil-llamadas-911-al-dia\/","og:image":"https:\/\/elprogresivo.mx\/wp-content\/uploads\/2024\/02\/cropped-LogoBlanco.png","og:image:secure_url":"https:\/\/elprogresivo.mx\/wp-content\/uploads\/2024\/02\/cropped-LogoBlanco.png","article:published_time":"2026-08-31T20:54:08+00:00","article:modified_time":"2026-08-31T20:54:08+00:00","twitter:card":"summary_large_image","twitter:title":"Quer\u00e9taro atiende 2 mil llamadas 911 al d\u00eda - elprogresivo.mx","twitter:description":"El Centro de Atenci\u00f3n de Emergencia 911 de Quer\u00e9taro responde a cerca de dos mil llamadas cada d\u00eda. El presidente municipal, Felifer Mac\u00edas, recorri\u00f3 las instalaciones en la madrugada del jueves para ver de cerca c\u00f3mo operan los operadores, polic\u00edas y elementos del Ej\u00e9rcito. Mac\u00edas se\u00f1al\u00f3 que este sistema tecnol\u00f3gico ayuda a que la ciudad","twitter:image":"https:\/\/elprogresivo.mx\/wp-content\/uploads\/2024\/02\/cropped-LogoBlanco.png"},"aioseo_meta_data":{"post_id":"4808","title":null,"description":null,"keywords":null,"keyphrases":{"focus":[],"additional":[]},"primary_term":null,"canonical_url":null,"og_title":null,"og_description":null,"og_object_type":"default","og_image_type":"default","og_image_url":null,"og_image_width":null,"og_image_height":null,"og_image_custom_url":null,"og_image_custom_fields":null,"og_video":null,"og_custom_url":null,"og_article_section":null,"og_article_tags":null,"twitter_use_og":false,"twitter_card":"default","twitter_image_type":"default","twitter_image_url":null,"twitter_image_custom_url":null,"twitter_image_custom_fields":null,"twitter_title":null,"twitter_description":null,"schema":{"blockGraphs":[],"customGraphs":[],"default":{"data":{"Article":[],"Course":[],"Dataset":[],"FAQPage":[],"Movie":[],"Person":[],"Product":[],"ProductReview":[],"Car":[],"Recipe":[],"Service":[],"SoftwareApplication":[],"WebPage":[]},"graphName":"","isEnabled":true},"graphs":[]},"schema_type":"default","schema_type_options":null,"pillar_content":false,"robots_default":true,"robots_noindex":false,"robots_noarchive":false,"robots_nosnippet":false,"robots_nofollow":false,"robots_noimageindex":false,"robots_noodp":false,"robots_notranslate":false,"robots_max_snippet":null,"robots_max_videopreview":null,"robots_max_imagepreview":"large","priority":null,"frequency":null,"local_seo":null,"limit_modified_date":false,"created":"2026-08-31 21:24:46","updated":"2026-08-31 21:47:24","ai":null,"breadcrumb_settings":null,"seo_analyzer_scan_date":null,"focus_keyword":null,"additional_keywords":null,"truseo_locale":null},"aioseo_breadcrumb":"<div class=\"aioseo-breadcrumbs\"><span class=\"aioseo-breadcrumb\">\n\t\t\t<a href=\"https:\/\/elprogresivo.mx\" title=\"Home\">Home<\/a>\n\t\t<\/span><span class=\"aioseo-breadcrumb-separator\">&raquo;<\/span><span class=\"aioseo-breadcrumb\">\n\t\t\t<a href=\"https:\/\/elprogresivo.mx\/index.php\/category\/blog\/\" title=\"Blog\">Blog<\/a>\n\t\t<\/span><span class=\"aioseo-breadcrumb-separator\">&raquo;<\/span><span class=\"aioseo-breadcrumb\">\n\t\t\tQuer\u00e9taro atiende 2 mil llamadas 911 al d\u00eda\n\t\t<\/span><\/div>","aioseo_breadcrumb_json":[{"label":"Home","link":"https:\/\/elprogresivo.mx"},{"label":"Blog","link":"https:\/\/elprogresivo.mx\/index.php\/category\/blog\/"},{"label":"Quer\u00e9taro atiende 2 mil llamadas 911 al d\u00eda","link":"https:\/\/elprogresivo.mx\/index.php\/2026\/08\/31\/queretaro-atiende-2-mil-llamadas-911-al-dia\/"}],"jetpack_publicize_connections":[],"_links":{"self":[{"href":"https:\/\/elprogresivo.mx\/index.php\/wp-json\/wp\/v2\/posts\/4808","targetHints":{"allow":["GET"]}}],"collection":[{"href":"https:\/\/elprogresivo.mx\/index.php\/wp-json\/wp\/v2\/posts"}],"about":[{"href":"https:\/\/elprogresivo.mx\/index.php\/wp-json\/wp\/v2\/types\/post"}],"author":[{"embeddable":true,"href":"https:\/\/elprogresivo.mx\/index.php\/wp-json\/wp\/v2\/users\/5"}],"replies":[{"embeddable":true,"href":"https:\/\/elprogresivo.mx\/index.php\/wp-json\/wp\/v2\/comments?post=4808"}],"version-history":[{"count":0,"href":"https:\/\/elprogresivo.mx\/index.php\/wp-json\/wp\/v2\/posts\/4808\/revisions"}],"wp:featuredmedia":[{"embeddable":true,"href":"https:\/\/elprogresivo.mx\/index.php\/wp-json\/wp\/v2\/media\/4807"}],"wp:attachment":[{"href":"https:\/\/elprogresivo.mx\/index.php\/wp-json\/wp\/v2\/media?parent=4808"}],"wp:term":[{"taxonomy":"category","embeddable":true,"href":"https:\/\/elprogresivo.mx\/index.php\/wp-json\/wp\/v2\/categories?post=4808"},{"taxonomy":"post_tag","embeddable":true,"href":"https:\/\/elprogresivo.mx\/index.php\/wp-json\/wp\/v2\/tags?post=4808"}],"curies":[{"name":"wp","href":"https:\/\/api.w.org\/{rel}","templated":true}]}}