{"id":4802,"date":"2026-08-31T20:53:04","date_gmt":"2026-08-31T20:53:04","guid":{"rendered":"https:\/\/elprogresivo.mx\/index.php\/2026\/08\/31\/huimilpan-abre-cam-corazones-que-cuidan-para-40-alumnos\/"},"modified":"2026-08-31T20:53:04","modified_gmt":"2026-08-31T20:53:04","slug":"huimilpan-abre-cam-corazones-que-cuidan-para-40-alumnos","status":"publish","type":"post","link":"https:\/\/elprogresivo.mx\/index.php\/2026\/08\/31\/huimilpan-abre-cam-corazones-que-cuidan-para-40-alumnos\/","title":{"rendered":"Huimilpan abre CAM &#8216;Corazones que Cuidan&#8217; para 40 alumnos"},"content":{"rendered":"<p>El municipio de Huimilpan inaugur\u00f3 el Centro de Atenci\u00f3n M\u00faltiple (CAM) 23 del estado, llamado Corazones que Cuidan. Este espacio educativo inicia operaciones con 40 estudiantes de diversas comunidades locales que viven con discapacidad. La apertura marca el arranque del ciclo escolar 2026-2027 y busca ofrecer atenci\u00f3n especializada cerca de los hogares de los ni\u00f1os.<\/p>\n<p>El gobernador Mauricio Kuri Gonz\u00e1lez presidi\u00f3 la ceremonia. Reconoci\u00f3 que el gobierno municipal cumple con su promesa de campa\u00f1a al instalar este centro. Destac\u00f3 que el modelo de Huimilpan debe replicarse en otras partes de la entidad.<\/p>\n<p>Aqu\u00ed en un lugar que se llama Corazones que Cuidan para ni\u00f1os especiales (\u2026) La verdad es que lo que est\u00e1 haciendo Huimilpan se tiene que hacer en todos los municipios, es un caso \u00e9xito, ayudamos much\u00edsimo a las personas y a las familias que tienen un beb\u00e9 o un ni\u00f1o, que puedan tenerlo ac\u00e1 y darle la atenci\u00f3n digna que se merecen, mis respetos, dijo el gobernador.<\/p>\n<p>Irene Quintanar Mej\u00eda, coordinadora general de la USEBEQ, record\u00f3 que m\u00e1s de 350 mil alumnos inician clases en 2,114 escuelas este lunes. Afirm\u00f3 que la nueva escuela demuestra que educar implica cuidar a cada ni\u00f1o por sus capacidades, no por sus limitaciones. Agreg\u00f3 que en Quer\u00e9taro se mantienen abiertas las oportunidades para estudiantes y maestros.<\/p>\n<p>Cada vez que en Quer\u00e9taro se abre una escuela, se abre algo todav\u00eda m\u00e1s importante, abrimos una puerta al futuro, que sea un ciclo escolar de grandes aprendizajes, de nuevas oportunidades y por supuesto de muchos sue\u00f1os por cumplir, continuemos cuidando lo m\u00e1s valioso a nuestra ni\u00f1ez, a nuestras infancias y cuidemos Quer\u00e9taro, a\u00f1adi\u00f3 Quintanar.<\/p>\n<p>La funcionaria reconoci\u00f3 el trabajo de 14 mil docentes y pidi\u00f3 a las familias sumar esfuerzos. Recalc\u00f3 que las escuelas son espacios seguros. A los 18 meses de gesti\u00f3n, el estado entrega dispositivos a los alumnos para su convivencia y aprendizaje.<\/p>\n","protected":false},"excerpt":{"rendered":"<p>El municipio de Huimilpan inaugur\u00f3 el Centro de Atenci\u00f3n M\u00faltiple (CAM) 23 del estado, llamado&#8230;<\/p>\n","protected":false},"author":5,"featured_media":4801,"comment_status":"open","ping_status":"open","sticky":false,"template":"","format":"standard","meta":{"om_disable_all_campaigns":false,"_monsterinsights_skip_tracking":false,"footnotes":"","jetpack_publicize_message":"","jetpack_publicize_feature_enabled":true,"jetpack_social_post_already_shared":true,"jetpack_social_options":{"image_generator_settings":{"template":"highway","default_image_id":0,"font":"","enabled":false},"version":2}},"categories":[1,71],"tags":[876,1022,1802,715,129],"class_list":["post-4802","post","type-post","status-publish","format-standard","has-post-thumbnail","hentry","category-blog","category-principal","tag-300-anos-acueducto-queretaro-el-marques","tag-adopcion-discapacidad","tag-alianza-por-la-educacion-y-la-paz","tag-campirino-huimilpan","tag-mauricio-kuri"],"aioseo_notices":[],"aioseo_head":"\n\t\t<!-- All in One SEO 5.0.1.1 - aioseo.com -->\n\t<meta name=\"description\" content=\"El municipio de Huimilpan inaugur\u00f3 el Centro de Atenci\u00f3n M\u00faltiple (CAM) 23 del estado, llamado Corazones que Cuidan. Este espacio educativo inicia operaciones con 40 estudiantes de diversas comunidades locales que viven con discapacidad. La apertura marca el arranque del ciclo escolar 2026-2027 y busca ofrecer atenci\u00f3n especializada cerca de los hogares de los ni\u00f1os.\" \/>\n\t<meta name=\"robots\" content=\"max-image-preview:large\" \/>\n\t<meta name=\"author\" content=\"Staff\"\/>\n\t<link rel=\"canonical\" href=\"https:\/\/elprogresivo.mx\/index.php\/2026\/08\/31\/huimilpan-abre-cam-corazones-que-cuidan-para-40-alumnos\/\" \/>\n\t<meta name=\"generator\" content=\"All in One SEO (AIOSEO) 5.0.1.1\" \/>\n\t\t<meta property=\"og:locale\" content=\"es_MX\" \/>\n\t\t<meta property=\"og:site_name\" content=\"elprogresivo.mx - Construimos una nueva etapa en informaci\u00f3n\" \/>\n\t\t<meta property=\"og:type\" content=\"article\" \/>\n\t\t<meta property=\"og:title\" content=\"Huimilpan abre CAM \u2018Corazones que Cuidan\u2019 para 40 alumnos - elprogresivo.mx\" \/>\n\t\t<meta property=\"og:description\" content=\"El municipio de Huimilpan inaugur\u00f3 el Centro de Atenci\u00f3n M\u00faltiple (CAM) 23 del estado, llamado Corazones que Cuidan. Este espacio educativo inicia operaciones con 40 estudiantes de diversas comunidades locales que viven con discapacidad. La apertura marca el arranque del ciclo escolar 2026-2027 y busca ofrecer atenci\u00f3n especializada cerca de los hogares de los ni\u00f1os.\" \/>\n\t\t<meta property=\"og:url\" content=\"https:\/\/elprogresivo.mx\/index.php\/2026\/08\/31\/huimilpan-abre-cam-corazones-que-cuidan-para-40-alumnos\/\" \/>\n\t\t<meta property=\"og:image\" content=\"https:\/\/elprogresivo.mx\/wp-content\/uploads\/2024\/02\/cropped-LogoBlanco.png\" \/>\n\t\t<meta property=\"og:image:secure_url\" content=\"https:\/\/elprogresivo.mx\/wp-content\/uploads\/2024\/02\/cropped-LogoBlanco.png\" \/>\n\t\t<meta property=\"article:published_time\" content=\"2026-08-31T20:53:04+00:00\" \/>\n\t\t<meta property=\"article:modified_time\" content=\"2026-08-31T20:53:04+00:00\" \/>\n\t\t<meta name=\"twitter:card\" content=\"summary_large_image\" \/>\n\t\t<meta name=\"twitter:title\" content=\"Huimilpan abre CAM \u2018Corazones que Cuidan\u2019 para 40 alumnos - elprogresivo.mx\" \/>\n\t\t<meta name=\"twitter:description\" content=\"El municipio de Huimilpan inaugur\u00f3 el Centro de Atenci\u00f3n M\u00faltiple (CAM) 23 del estado, llamado Corazones que Cuidan. Este espacio educativo inicia operaciones con 40 estudiantes de diversas comunidades locales que viven con discapacidad. La apertura marca el arranque del ciclo escolar 2026-2027 y busca ofrecer atenci\u00f3n especializada cerca de los hogares de los ni\u00f1os.\" \/>\n\t\t<meta name=\"twitter:image\" content=\"https:\/\/elprogresivo.mx\/wp-content\/uploads\/2024\/02\/cropped-LogoBlanco.png\" \/>\n\t\t<script type=\"application\/ld+json\" class=\"aioseo-schema\">\n\t\t\t{\"@context\":\"https:\\\/\\\/schema.org\",\"@graph\":[{\"@type\":\"BlogPosting\",\"@id\":\"https:\\\/\\\/elprogresivo.mx\\\/index.php\\\/2026\\\/08\\\/31\\\/huimilpan-abre-cam-corazones-que-cuidan-para-40-alumnos\\\/#blogposting\",\"name\":\"Huimilpan abre CAM \\u2018Corazones que Cuidan\\u2019 para 40 alumnos - elprogresivo.mx\",\"headline\":\"Huimilpan abre CAM &#8216;Corazones que Cuidan&#8217; para 40 alumnos\",\"author\":{\"@id\":\"https:\\\/\\\/elprogresivo.mx\\\/index.php\\\/author\\\/emmanuel-galvan\\\/#author\"},\"publisher\":{\"@id\":\"https:\\\/\\\/elprogresivo.mx\\\/#organization\"},\"image\":{\"@type\":\"ImageObject\",\"url\":\"https:\\\/\\\/elprogresivo.mx\\\/wp-content\\\/uploads\\\/2026\\\/08\\\/noticia_20260831145254.jpg\",\"width\":2048,\"height\":1365},\"datePublished\":\"2026-08-31T20:53:04+00:00\",\"dateModified\":\"2026-08-31T20:53:04+00:00\",\"inLanguage\":\"es-MX\",\"mainEntityOfPage\":{\"@id\":\"https:\\\/\\\/elprogresivo.mx\\\/index.php\\\/2026\\\/08\\\/31\\\/huimilpan-abre-cam-corazones-que-cuidan-para-40-alumnos\\\/#webpage\"},\"isPartOf\":{\"@id\":\"https:\\\/\\\/elprogresivo.mx\\\/index.php\\\/2026\\\/08\\\/31\\\/huimilpan-abre-cam-corazones-que-cuidan-para-40-alumnos\\\/#webpage\"},\"articleSection\":\"Blog, Principal, 300 a\\u00f1os Acueducto Quer\\u00e9taro El Marqu\\u00e9s, adopci\\u00f3n discapacidad, Alianza por la Educaci\\u00f3n y la Paz, Campirino Huimilpan, Mauricio Kuri\"},{\"@type\":\"BreadcrumbList\",\"@id\":\"https:\\\/\\\/elprogresivo.mx\\\/index.php\\\/2026\\\/08\\\/31\\\/huimilpan-abre-cam-corazones-que-cuidan-para-40-alumnos\\\/#breadcrumblist\",\"itemListElement\":[{\"@type\":\"ListItem\",\"@id\":\"https:\\\/\\\/elprogresivo.mx#listItem\",\"position\":1,\"name\":\"Home\",\"item\":\"https:\\\/\\\/elprogresivo.mx\",\"nextItem\":{\"@type\":\"ListItem\",\"@id\":\"https:\\\/\\\/elprogresivo.mx\\\/index.php\\\/category\\\/blog\\\/#listItem\",\"name\":\"Blog\"}},{\"@type\":\"ListItem\",\"@id\":\"https:\\\/\\\/elprogresivo.mx\\\/index.php\\\/category\\\/blog\\\/#listItem\",\"position\":2,\"name\":\"Blog\",\"item\":\"https:\\\/\\\/elprogresivo.mx\\\/index.php\\\/category\\\/blog\\\/\",\"nextItem\":{\"@type\":\"ListItem\",\"@id\":\"https:\\\/\\\/elprogresivo.mx\\\/index.php\\\/2026\\\/08\\\/31\\\/huimilpan-abre-cam-corazones-que-cuidan-para-40-alumnos\\\/#listItem\",\"name\":\"Huimilpan abre CAM &#8216;Corazones que Cuidan&#8217; para 40 alumnos\"},\"previousItem\":{\"@type\":\"ListItem\",\"@id\":\"https:\\\/\\\/elprogresivo.mx#listItem\",\"name\":\"Home\"}},{\"@type\":\"ListItem\",\"@id\":\"https:\\\/\\\/elprogresivo.mx\\\/index.php\\\/2026\\\/08\\\/31\\\/huimilpan-abre-cam-corazones-que-cuidan-para-40-alumnos\\\/#listItem\",\"position\":3,\"name\":\"Huimilpan abre CAM &#8216;Corazones que Cuidan&#8217; para 40 alumnos\",\"previousItem\":{\"@type\":\"ListItem\",\"@id\":\"https:\\\/\\\/elprogresivo.mx\\\/index.php\\\/category\\\/blog\\\/#listItem\",\"name\":\"Blog\"}}]},{\"@type\":\"Organization\",\"@id\":\"https:\\\/\\\/elprogresivo.mx\\\/#organization\",\"name\":\"elprogresivo.mx\",\"description\":\"Construimos una nueva etapa en informaci\\u00f3n\",\"url\":\"https:\\\/\\\/elprogresivo.mx\\\/\",\"logo\":{\"@type\":\"ImageObject\",\"url\":\"https:\\\/\\\/elprogresivo.mx\\\/wp-content\\\/uploads\\\/2024\\\/02\\\/cropped-LogoBlanco.png\",\"@id\":\"https:\\\/\\\/elprogresivo.mx\\\/index.php\\\/2026\\\/08\\\/31\\\/huimilpan-abre-cam-corazones-que-cuidan-para-40-alumnos\\\/#organizationLogo\",\"width\":2096,\"height\":332},\"image\":{\"@id\":\"https:\\\/\\\/elprogresivo.mx\\\/index.php\\\/2026\\\/08\\\/31\\\/huimilpan-abre-cam-corazones-que-cuidan-para-40-alumnos\\\/#organizationLogo\"}},{\"@type\":\"Person\",\"@id\":\"https:\\\/\\\/elprogresivo.mx\\\/index.php\\\/author\\\/emmanuel-galvan\\\/#author\",\"url\":\"https:\\\/\\\/elprogresivo.mx\\\/index.php\\\/author\\\/emmanuel-galvan\\\/\",\"name\":\"Staff\",\"image\":{\"@type\":\"ImageObject\",\"@id\":\"https:\\\/\\\/elprogresivo.mx\\\/index.php\\\/2026\\\/08\\\/31\\\/huimilpan-abre-cam-corazones-que-cuidan-para-40-alumnos\\\/#authorImage\",\"url\":\"https:\\\/\\\/secure.gravatar.com\\\/avatar\\\/3bb87242634c3adf910515f41e6e392ab758b98c8ee7fd12a54fcb5270441486?s=96&d=mm&r=g\",\"width\":96,\"height\":96,\"caption\":\"Staff\"}},{\"@type\":\"WebPage\",\"@id\":\"https:\\\/\\\/elprogresivo.mx\\\/index.php\\\/2026\\\/08\\\/31\\\/huimilpan-abre-cam-corazones-que-cuidan-para-40-alumnos\\\/#webpage\",\"url\":\"https:\\\/\\\/elprogresivo.mx\\\/index.php\\\/2026\\\/08\\\/31\\\/huimilpan-abre-cam-corazones-que-cuidan-para-40-alumnos\\\/\",\"name\":\"Huimilpan abre CAM \\u2018Corazones que Cuidan\\u2019 para 40 alumnos - elprogresivo.mx\",\"description\":\"El municipio de Huimilpan inaugur\\u00f3 el Centro de Atenci\\u00f3n M\\u00faltiple (CAM) 23 del estado, llamado Corazones que Cuidan. Este espacio educativo inicia operaciones con 40 estudiantes de diversas comunidades locales que viven con discapacidad. La apertura marca el arranque del ciclo escolar 2026-2027 y busca ofrecer atenci\\u00f3n especializada cerca de los hogares de los ni\\u00f1os.\",\"inLanguage\":\"es-MX\",\"isPartOf\":{\"@id\":\"https:\\\/\\\/elprogresivo.mx\\\/#website\"},\"breadcrumb\":{\"@id\":\"https:\\\/\\\/elprogresivo.mx\\\/index.php\\\/2026\\\/08\\\/31\\\/huimilpan-abre-cam-corazones-que-cuidan-para-40-alumnos\\\/#breadcrumblist\"},\"author\":{\"@id\":\"https:\\\/\\\/elprogresivo.mx\\\/index.php\\\/author\\\/emmanuel-galvan\\\/#author\"},\"creator\":{\"@id\":\"https:\\\/\\\/elprogresivo.mx\\\/index.php\\\/author\\\/emmanuel-galvan\\\/#author\"},\"image\":{\"@type\":\"ImageObject\",\"url\":\"https:\\\/\\\/elprogresivo.mx\\\/wp-content\\\/uploads\\\/2026\\\/08\\\/noticia_20260831145254.jpg\",\"@id\":\"https:\\\/\\\/elprogresivo.mx\\\/index.php\\\/2026\\\/08\\\/31\\\/huimilpan-abre-cam-corazones-que-cuidan-para-40-alumnos\\\/#mainImage\",\"width\":2048,\"height\":1365},\"primaryImageOfPage\":{\"@id\":\"https:\\\/\\\/elprogresivo.mx\\\/index.php\\\/2026\\\/08\\\/31\\\/huimilpan-abre-cam-corazones-que-cuidan-para-40-alumnos\\\/#mainImage\"},\"datePublished\":\"2026-08-31T20:53:04+00:00\",\"dateModified\":\"2026-08-31T20:53:04+00:00\"},{\"@type\":\"WebSite\",\"@id\":\"https:\\\/\\\/elprogresivo.mx\\\/#website\",\"url\":\"https:\\\/\\\/elprogresivo.mx\\\/\",\"name\":\"elprogresivo.mx\",\"description\":\"Construimos una nueva etapa en informaci\\u00f3n\",\"inLanguage\":\"es-MX\",\"publisher\":{\"@id\":\"https:\\\/\\\/elprogresivo.mx\\\/#organization\"}}]}\n\t\t<\/script>\n\t\t<!-- All in One SEO -->\n\n","aioseo_head_json":{"title":"Huimilpan abre CAM \u2018Corazones que Cuidan\u2019 para 40 alumnos - elprogresivo.mx","description":"El municipio de Huimilpan inaugur\u00f3 el Centro de Atenci\u00f3n M\u00faltiple (CAM) 23 del estado, llamado Corazones que Cuidan. Este espacio educativo inicia operaciones con 40 estudiantes de diversas comunidades locales que viven con discapacidad. La apertura marca el arranque del ciclo escolar 2026-2027 y busca ofrecer atenci\u00f3n especializada cerca de los hogares de los ni\u00f1os.","canonical_url":"https:\/\/elprogresivo.mx\/index.php\/2026\/08\/31\/huimilpan-abre-cam-corazones-que-cuidan-para-40-alumnos\/","robots":"max-image-preview:large","keywords":"","webmasterTools":{"miscellaneous":""},"schema":{"@context":"https:\/\/schema.org","@graph":[{"@type":"BlogPosting","@id":"https:\/\/elprogresivo.mx\/index.php\/2026\/08\/31\/huimilpan-abre-cam-corazones-que-cuidan-para-40-alumnos\/#blogposting","name":"Huimilpan abre CAM \u2018Corazones que Cuidan\u2019 para 40 alumnos - elprogresivo.mx","headline":"Huimilpan abre CAM &#8216;Corazones que Cuidan&#8217; para 40 alumnos","author":{"@id":"https:\/\/elprogresivo.mx\/index.php\/author\/emmanuel-galvan\/#author"},"publisher":{"@id":"https:\/\/elprogresivo.mx\/#organization"},"image":{"@type":"ImageObject","url":"https:\/\/elprogresivo.mx\/wp-content\/uploads\/2026\/08\/noticia_20260831145254.jpg","width":2048,"height":1365},"datePublished":"2026-08-31T20:53:04+00:00","dateModified":"2026-08-31T20:53:04+00:00","inLanguage":"es-MX","mainEntityOfPage":{"@id":"https:\/\/elprogresivo.mx\/index.php\/2026\/08\/31\/huimilpan-abre-cam-corazones-que-cuidan-para-40-alumnos\/#webpage"},"isPartOf":{"@id":"https:\/\/elprogresivo.mx\/index.php\/2026\/08\/31\/huimilpan-abre-cam-corazones-que-cuidan-para-40-alumnos\/#webpage"},"articleSection":"Blog, Principal, 300 a\u00f1os Acueducto Quer\u00e9taro El Marqu\u00e9s, adopci\u00f3n discapacidad, Alianza por la Educaci\u00f3n y la Paz, Campirino Huimilpan, Mauricio Kuri"},{"@type":"BreadcrumbList","@id":"https:\/\/elprogresivo.mx\/index.php\/2026\/08\/31\/huimilpan-abre-cam-corazones-que-cuidan-para-40-alumnos\/#breadcrumblist","itemListElement":[{"@type":"ListItem","@id":"https:\/\/elprogresivo.mx#listItem","position":1,"name":"Home","item":"https:\/\/elprogresivo.mx","nextItem":{"@type":"ListItem","@id":"https:\/\/elprogresivo.mx\/index.php\/category\/blog\/#listItem","name":"Blog"}},{"@type":"ListItem","@id":"https:\/\/elprogresivo.mx\/index.php\/category\/blog\/#listItem","position":2,"name":"Blog","item":"https:\/\/elprogresivo.mx\/index.php\/category\/blog\/","nextItem":{"@type":"ListItem","@id":"https:\/\/elprogresivo.mx\/index.php\/2026\/08\/31\/huimilpan-abre-cam-corazones-que-cuidan-para-40-alumnos\/#listItem","name":"Huimilpan abre CAM &#8216;Corazones que Cuidan&#8217; para 40 alumnos"},"previousItem":{"@type":"ListItem","@id":"https:\/\/elprogresivo.mx#listItem","name":"Home"}},{"@type":"ListItem","@id":"https:\/\/elprogresivo.mx\/index.php\/2026\/08\/31\/huimilpan-abre-cam-corazones-que-cuidan-para-40-alumnos\/#listItem","position":3,"name":"Huimilpan abre CAM &#8216;Corazones que Cuidan&#8217; para 40 alumnos","previousItem":{"@type":"ListItem","@id":"https:\/\/elprogresivo.mx\/index.php\/category\/blog\/#listItem","name":"Blog"}}]},{"@type":"Organization","@id":"https:\/\/elprogresivo.mx\/#organization","name":"elprogresivo.mx","description":"Construimos una nueva etapa en informaci\u00f3n","url":"https:\/\/elprogresivo.mx\/","logo":{"@type":"ImageObject","url":"https:\/\/elprogresivo.mx\/wp-content\/uploads\/2024\/02\/cropped-LogoBlanco.png","@id":"https:\/\/elprogresivo.mx\/index.php\/2026\/08\/31\/huimilpan-abre-cam-corazones-que-cuidan-para-40-alumnos\/#organizationLogo","width":2096,"height":332},"image":{"@id":"https:\/\/elprogresivo.mx\/index.php\/2026\/08\/31\/huimilpan-abre-cam-corazones-que-cuidan-para-40-alumnos\/#organizationLogo"}},{"@type":"Person","@id":"https:\/\/elprogresivo.mx\/index.php\/author\/emmanuel-galvan\/#author","url":"https:\/\/elprogresivo.mx\/index.php\/author\/emmanuel-galvan\/","name":"Staff","image":{"@type":"ImageObject","@id":"https:\/\/elprogresivo.mx\/index.php\/2026\/08\/31\/huimilpan-abre-cam-corazones-que-cuidan-para-40-alumnos\/#authorImage","url":"https:\/\/secure.gravatar.com\/avatar\/3bb87242634c3adf910515f41e6e392ab758b98c8ee7fd12a54fcb5270441486?s=96&d=mm&r=g","width":96,"height":96,"caption":"Staff"}},{"@type":"WebPage","@id":"https:\/\/elprogresivo.mx\/index.php\/2026\/08\/31\/huimilpan-abre-cam-corazones-que-cuidan-para-40-alumnos\/#webpage","url":"https:\/\/elprogresivo.mx\/index.php\/2026\/08\/31\/huimilpan-abre-cam-corazones-que-cuidan-para-40-alumnos\/","name":"Huimilpan abre CAM \u2018Corazones que Cuidan\u2019 para 40 alumnos - elprogresivo.mx","description":"El municipio de Huimilpan inaugur\u00f3 el Centro de Atenci\u00f3n M\u00faltiple (CAM) 23 del estado, llamado Corazones que Cuidan. Este espacio educativo inicia operaciones con 40 estudiantes de diversas comunidades locales que viven con discapacidad. La apertura marca el arranque del ciclo escolar 2026-2027 y busca ofrecer atenci\u00f3n especializada cerca de los hogares de los ni\u00f1os.","inLanguage":"es-MX","isPartOf":{"@id":"https:\/\/elprogresivo.mx\/#website"},"breadcrumb":{"@id":"https:\/\/elprogresivo.mx\/index.php\/2026\/08\/31\/huimilpan-abre-cam-corazones-que-cuidan-para-40-alumnos\/#breadcrumblist"},"author":{"@id":"https:\/\/elprogresivo.mx\/index.php\/author\/emmanuel-galvan\/#author"},"creator":{"@id":"https:\/\/elprogresivo.mx\/index.php\/author\/emmanuel-galvan\/#author"},"image":{"@type":"ImageObject","url":"https:\/\/elprogresivo.mx\/wp-content\/uploads\/2026\/08\/noticia_20260831145254.jpg","@id":"https:\/\/elprogresivo.mx\/index.php\/2026\/08\/31\/huimilpan-abre-cam-corazones-que-cuidan-para-40-alumnos\/#mainImage","width":2048,"height":1365},"primaryImageOfPage":{"@id":"https:\/\/elprogresivo.mx\/index.php\/2026\/08\/31\/huimilpan-abre-cam-corazones-que-cuidan-para-40-alumnos\/#mainImage"},"datePublished":"2026-08-31T20:53:04+00:00","dateModified":"2026-08-31T20:53:04+00:00"},{"@type":"WebSite","@id":"https:\/\/elprogresivo.mx\/#website","url":"https:\/\/elprogresivo.mx\/","name":"elprogresivo.mx","description":"Construimos una nueva etapa en informaci\u00f3n","inLanguage":"es-MX","publisher":{"@id":"https:\/\/elprogresivo.mx\/#organization"}}]},"og:locale":"es_MX","og:site_name":"elprogresivo.mx - Construimos una nueva etapa en informaci\u00f3n","og:type":"article","og:title":"Huimilpan abre CAM \u2018Corazones que Cuidan\u2019 para 40 alumnos - elprogresivo.mx","og:description":"El municipio de Huimilpan inaugur\u00f3 el Centro de Atenci\u00f3n M\u00faltiple (CAM) 23 del estado, llamado Corazones que Cuidan. Este espacio educativo inicia operaciones con 40 estudiantes de diversas comunidades locales que viven con discapacidad. La apertura marca el arranque del ciclo escolar 2026-2027 y busca ofrecer atenci\u00f3n especializada cerca de los hogares de los ni\u00f1os.","og:url":"https:\/\/elprogresivo.mx\/index.php\/2026\/08\/31\/huimilpan-abre-cam-corazones-que-cuidan-para-40-alumnos\/","og:image":"https:\/\/elprogresivo.mx\/wp-content\/uploads\/2024\/02\/cropped-LogoBlanco.png","og:image:secure_url":"https:\/\/elprogresivo.mx\/wp-content\/uploads\/2024\/02\/cropped-LogoBlanco.png","article:published_time":"2026-08-31T20:53:04+00:00","article:modified_time":"2026-08-31T20:53:04+00:00","twitter:card":"summary_large_image","twitter:title":"Huimilpan abre CAM \u2018Corazones que Cuidan\u2019 para 40 alumnos - elprogresivo.mx","twitter:description":"El municipio de Huimilpan inaugur\u00f3 el Centro de Atenci\u00f3n M\u00faltiple (CAM) 23 del estado, llamado Corazones que Cuidan. Este espacio educativo inicia operaciones con 40 estudiantes de diversas comunidades locales que viven con discapacidad. La apertura marca el arranque del ciclo escolar 2026-2027 y busca ofrecer atenci\u00f3n especializada cerca de los hogares de los ni\u00f1os.","twitter:image":"https:\/\/elprogresivo.mx\/wp-content\/uploads\/2024\/02\/cropped-LogoBlanco.png"},"aioseo_meta_data":{"post_id":"4802","title":null,"description":null,"keywords":null,"keyphrases":{"focus":[],"additional":[]},"primary_term":null,"canonical_url":null,"og_title":null,"og_description":null,"og_object_type":"default","og_image_type":"default","og_image_url":null,"og_image_width":null,"og_image_height":null,"og_image_custom_url":null,"og_image_custom_fields":null,"og_video":null,"og_custom_url":null,"og_article_section":null,"og_article_tags":null,"twitter_use_og":false,"twitter_card":"default","twitter_image_type":"default","twitter_image_url":null,"twitter_image_custom_url":null,"twitter_image_custom_fields":null,"twitter_title":null,"twitter_description":null,"schema":{"blockGraphs":[],"customGraphs":[],"default":{"data":{"Article":[],"Course":[],"Dataset":[],"FAQPage":[],"Movie":[],"Person":[],"Product":[],"ProductReview":[],"Car":[],"Recipe":[],"Service":[],"SoftwareApplication":[],"WebPage":[]},"graphName":"","isEnabled":true},"graphs":[]},"schema_type":"default","schema_type_options":null,"pillar_content":false,"robots_default":true,"robots_noindex":false,"robots_noarchive":false,"robots_nosnippet":false,"robots_nofollow":false,"robots_noimageindex":false,"robots_noodp":false,"robots_notranslate":false,"robots_max_snippet":null,"robots_max_videopreview":null,"robots_max_imagepreview":"large","priority":null,"frequency":null,"local_seo":null,"limit_modified_date":false,"created":"2026-08-31 21:24:46","updated":"2026-08-31 21:47:24","ai":null,"breadcrumb_settings":null,"seo_analyzer_scan_date":null,"focus_keyword":null,"additional_keywords":null,"truseo_locale":null},"aioseo_breadcrumb":"<div class=\"aioseo-breadcrumbs\"><span class=\"aioseo-breadcrumb\">\n\t\t\t<a href=\"https:\/\/elprogresivo.mx\" title=\"Home\">Home<\/a>\n\t\t<\/span><span class=\"aioseo-breadcrumb-separator\">&raquo;<\/span><span class=\"aioseo-breadcrumb\">\n\t\t\t<a href=\"https:\/\/elprogresivo.mx\/index.php\/category\/blog\/\" title=\"Blog\">Blog<\/a>\n\t\t<\/span><span class=\"aioseo-breadcrumb-separator\">&raquo;<\/span><span class=\"aioseo-breadcrumb\">\n\t\t\tHuimilpan abre CAM \u2018Corazones que Cuidan\u2019 para 40 alumnos\n\t\t<\/span><\/div>","aioseo_breadcrumb_json":[{"label":"Home","link":"https:\/\/elprogresivo.mx"},{"label":"Blog","link":"https:\/\/elprogresivo.mx\/index.php\/category\/blog\/"},{"label":"Huimilpan abre CAM &#8216;Corazones que Cuidan&#8217; para 40 alumnos","link":"https:\/\/elprogresivo.mx\/index.php\/2026\/08\/31\/huimilpan-abre-cam-corazones-que-cuidan-para-40-alumnos\/"}],"jetpack_publicize_connections":[],"_links":{"self":[{"href":"https:\/\/elprogresivo.mx\/index.php\/wp-json\/wp\/v2\/posts\/4802","targetHints":{"allow":["GET"]}}],"collection":[{"href":"https:\/\/elprogresivo.mx\/index.php\/wp-json\/wp\/v2\/posts"}],"about":[{"href":"https:\/\/elprogresivo.mx\/index.php\/wp-json\/wp\/v2\/types\/post"}],"author":[{"embeddable":true,"href":"https:\/\/elprogresivo.mx\/index.php\/wp-json\/wp\/v2\/users\/5"}],"replies":[{"embeddable":true,"href":"https:\/\/elprogresivo.mx\/index.php\/wp-json\/wp\/v2\/comments?post=4802"}],"version-history":[{"count":0,"href":"https:\/\/elprogresivo.mx\/index.php\/wp-json\/wp\/v2\/posts\/4802\/revisions"}],"wp:featuredmedia":[{"embeddable":true,"href":"https:\/\/elprogresivo.mx\/index.php\/wp-json\/wp\/v2\/media\/4801"}],"wp:attachment":[{"href":"https:\/\/elprogresivo.mx\/index.php\/wp-json\/wp\/v2\/media?parent=4802"}],"wp:term":[{"taxonomy":"category","embeddable":true,"href":"https:\/\/elprogresivo.mx\/index.php\/wp-json\/wp\/v2\/categories?post=4802"},{"taxonomy":"post_tag","embeddable":true,"href":"https:\/\/elprogresivo.mx\/index.php\/wp-json\/wp\/v2\/tags?post=4802"}],"curies":[{"name":"wp","href":"https:\/\/api.w.org\/{rel}","templated":true}]}}