{"id":4797,"date":"2026-08-31T20:51:42","date_gmt":"2026-08-31T20:51:42","guid":{"rendered":"https:\/\/elprogresivo.mx\/index.php\/2026\/08\/31\/queretaro-recibira-a-800-lideres-del-turismo-este-septiembre\/"},"modified":"2026-08-31T20:51:42","modified_gmt":"2026-08-31T20:51:42","slug":"queretaro-recibira-a-800-lideres-del-turismo-este-septiembre","status":"publish","type":"post","link":"https:\/\/elprogresivo.mx\/index.php\/2026\/08\/31\/queretaro-recibira-a-800-lideres-del-turismo-este-septiembre\/","title":{"rendered":"Quer\u00e9taro recibir\u00e1 a 800 l\u00edderes del turismo este septiembre"},"content":{"rendered":"<p>M\u00e1s de 800 directivos y planificadores de eventos llegar\u00e1n a Quer\u00e9taro del 9 al 12 de septiembre para asistir al XXXII Congreso Nacional de la Industria de Reuniones. El recinto sede ser\u00e1 el Quer\u00e9taro Centro de Congresos, un espacio que Alfredo Espinosa Leal, director del lugar, describe como el escenario ideal para consolidar al estado como competencia fuerte en turismo de negocios.<\/p>\n<p>El dinero que inyectar\u00e1n estos visitantes superar\u00e1 los 40 millones de pesos, una suma que se repartir\u00e1 entre hoteles, restaurantes y proveedores locales. Este congreso es considerado el foro m\u00e1s grande del pa\u00eds para el sector MICE, que agrupa a quien organiza convenciones, viajes de incentivo y expos.<\/p>\n<p>Costa Rica llega como pa\u00eds invitado para mostrar c\u00f3mo manejan el turismo sostenible. Los asistentes tambi\u00e9n analizar\u00e1n c\u00f3mo usar inteligencia artificial para planificar mejores eventos. Luis D\u00edaz Pascual, presidente del Consejo Mexicano de la Industria de Reuniones, detall\u00f3 que la agenda incluye conferencias, talleres y mesas de trabajo entre empresas.<\/p>\n<p>Espinosa resalt\u00f3 la variedad de espacios que ofrece la entidad. No solo hay centros de convenciones y hoteles con salones, sino que las reuniones pueden trasladarse a haciendas hist\u00f3ricas, casonas o vi\u00f1edos. &#8220;Quer\u00e9taro cuenta con una oferta cada vez m\u00e1s diversa de recintos y escenarios para el turismo de reuniones: centros de convenciones, hoteles con salones especializados, haciendas hist\u00f3ricas, casonas, hoteles boutique y, por supuesto, vi\u00f1edos que permiten transformar una reuni\u00f3n de trabajo en una experiencia memorable. Hoy podemos llevar un congreso de un gran recinto a una cena entre vi\u00f1edos, un encuentro empresarial a una hacienda hist\u00f3rica o un programa de incentivos a una experiencia gastron\u00f3mica y enotur\u00edstica&#8221;, afirm\u00f3 Espinosa.<\/p>\n","protected":false},"excerpt":{"rendered":"<p>M\u00e1s de 800 directivos y planificadores de eventos llegar\u00e1n a Quer\u00e9taro del 9 al 12&#8230;<\/p>\n","protected":false},"author":5,"featured_media":4796,"comment_status":"open","ping_status":"open","sticky":false,"template":"","format":"standard","meta":{"om_disable_all_campaigns":false,"_monsterinsights_skip_tracking":false,"footnotes":"","jetpack_publicize_message":"","jetpack_publicize_feature_enabled":true,"jetpack_social_post_already_shared":true,"jetpack_social_options":{"image_generator_settings":{"template":"highway","default_image_id":0,"font":"","enabled":false},"version":2}},"categories":[1],"tags":[876,1076,2176,2361,453],"class_list":["post-4797","post","type-post","status-publish","format-standard","has-post-thumbnail","hentry","category-blog","tag-300-anos-acueducto-queretaro-el-marques","tag-cnir-2026-queretaro","tag-economia","tag-eventos","tag-mundial-2026-comercio-local-turismo-de-negocios-oportunidades-de-negocio-microempresas-emprendedor-mexicano-digitalizacion"],"aioseo_notices":[],"aioseo_head":"\n\t\t<!-- All in One SEO 5.0.1.1 - aioseo.com -->\n\t<meta name=\"description\" content=\"M\u00e1s de 800 directivos y planificadores de eventos llegar\u00e1n a Quer\u00e9taro del 9 al 12 de septiembre para asistir al XXXII Congreso Nacional de la Industria de Reuniones. El recinto sede ser\u00e1 el Quer\u00e9taro Centro de Congresos, un espacio que Alfredo Espinosa Leal, director del lugar, describe como el escenario ideal para consolidar al estado\" \/>\n\t<meta name=\"robots\" content=\"max-image-preview:large\" \/>\n\t<meta name=\"author\" content=\"Staff\"\/>\n\t<link rel=\"canonical\" href=\"https:\/\/elprogresivo.mx\/index.php\/2026\/08\/31\/queretaro-recibira-a-800-lideres-del-turismo-este-septiembre\/\" \/>\n\t<meta name=\"generator\" content=\"All in One SEO (AIOSEO) 5.0.1.1\" \/>\n\t\t<meta property=\"og:locale\" content=\"es_MX\" \/>\n\t\t<meta property=\"og:site_name\" content=\"elprogresivo.mx - Construimos una nueva etapa en informaci\u00f3n\" \/>\n\t\t<meta property=\"og:type\" content=\"article\" \/>\n\t\t<meta property=\"og:title\" content=\"Quer\u00e9taro recibir\u00e1 a 800 l\u00edderes del turismo este septiembre - elprogresivo.mx\" \/>\n\t\t<meta property=\"og:description\" content=\"M\u00e1s de 800 directivos y planificadores de eventos llegar\u00e1n a Quer\u00e9taro del 9 al 12 de septiembre para asistir al XXXII Congreso Nacional de la Industria de Reuniones. El recinto sede ser\u00e1 el Quer\u00e9taro Centro de Congresos, un espacio que Alfredo Espinosa Leal, director del lugar, describe como el escenario ideal para consolidar al estado\" \/>\n\t\t<meta property=\"og:url\" content=\"https:\/\/elprogresivo.mx\/index.php\/2026\/08\/31\/queretaro-recibira-a-800-lideres-del-turismo-este-septiembre\/\" \/>\n\t\t<meta property=\"og:image\" content=\"https:\/\/elprogresivo.mx\/wp-content\/uploads\/2024\/02\/cropped-LogoBlanco.png\" \/>\n\t\t<meta property=\"og:image:secure_url\" content=\"https:\/\/elprogresivo.mx\/wp-content\/uploads\/2024\/02\/cropped-LogoBlanco.png\" \/>\n\t\t<meta property=\"article:published_time\" content=\"2026-08-31T20:51:42+00:00\" \/>\n\t\t<meta property=\"article:modified_time\" content=\"2026-08-31T20:51:42+00:00\" \/>\n\t\t<meta name=\"twitter:card\" content=\"summary_large_image\" \/>\n\t\t<meta name=\"twitter:title\" content=\"Quer\u00e9taro recibir\u00e1 a 800 l\u00edderes del turismo este septiembre - elprogresivo.mx\" \/>\n\t\t<meta name=\"twitter:description\" content=\"M\u00e1s de 800 directivos y planificadores de eventos llegar\u00e1n a Quer\u00e9taro del 9 al 12 de septiembre para asistir al XXXII Congreso Nacional de la Industria de Reuniones. El recinto sede ser\u00e1 el Quer\u00e9taro Centro de Congresos, un espacio que Alfredo Espinosa Leal, director del lugar, describe como el escenario ideal para consolidar al estado\" \/>\n\t\t<meta name=\"twitter:image\" content=\"https:\/\/elprogresivo.mx\/wp-content\/uploads\/2024\/02\/cropped-LogoBlanco.png\" \/>\n\t\t<script type=\"application\/ld+json\" class=\"aioseo-schema\">\n\t\t\t{\"@context\":\"https:\\\/\\\/schema.org\",\"@graph\":[{\"@type\":\"BlogPosting\",\"@id\":\"https:\\\/\\\/elprogresivo.mx\\\/index.php\\\/2026\\\/08\\\/31\\\/queretaro-recibira-a-800-lideres-del-turismo-este-septiembre\\\/#blogposting\",\"name\":\"Quer\\u00e9taro recibir\\u00e1 a 800 l\\u00edderes del turismo este septiembre - elprogresivo.mx\",\"headline\":\"Quer\\u00e9taro recibir\\u00e1 a 800 l\\u00edderes del turismo este septiembre\",\"author\":{\"@id\":\"https:\\\/\\\/elprogresivo.mx\\\/index.php\\\/author\\\/emmanuel-galvan\\\/#author\"},\"publisher\":{\"@id\":\"https:\\\/\\\/elprogresivo.mx\\\/#organization\"},\"image\":{\"@type\":\"ImageObject\",\"url\":\"https:\\\/\\\/elprogresivo.mx\\\/wp-content\\\/uploads\\\/2026\\\/08\\\/noticia_20260831145135.jpg\",\"width\":1280,\"height\":853},\"datePublished\":\"2026-08-31T20:51:42+00:00\",\"dateModified\":\"2026-08-31T20:51:42+00:00\",\"inLanguage\":\"es-MX\",\"mainEntityOfPage\":{\"@id\":\"https:\\\/\\\/elprogresivo.mx\\\/index.php\\\/2026\\\/08\\\/31\\\/queretaro-recibira-a-800-lideres-del-turismo-este-septiembre\\\/#webpage\"},\"isPartOf\":{\"@id\":\"https:\\\/\\\/elprogresivo.mx\\\/index.php\\\/2026\\\/08\\\/31\\\/queretaro-recibira-a-800-lideres-del-turismo-este-septiembre\\\/#webpage\"},\"articleSection\":\"Blog, 300 a\\u00f1os Acueducto Quer\\u00e9taro El Marqu\\u00e9s, CNIR 2026 Quer\\u00e9taro, econom\\u00eda, Eventos, Mundial 2026 Comercio local Turismo de negocios Oportunidades de negocio Microempresas Emprendedor mexicano Digitalizaci\\u00f3n\"},{\"@type\":\"BreadcrumbList\",\"@id\":\"https:\\\/\\\/elprogresivo.mx\\\/index.php\\\/2026\\\/08\\\/31\\\/queretaro-recibira-a-800-lideres-del-turismo-este-septiembre\\\/#breadcrumblist\",\"itemListElement\":[{\"@type\":\"ListItem\",\"@id\":\"https:\\\/\\\/elprogresivo.mx#listItem\",\"position\":1,\"name\":\"Home\",\"item\":\"https:\\\/\\\/elprogresivo.mx\",\"nextItem\":{\"@type\":\"ListItem\",\"@id\":\"https:\\\/\\\/elprogresivo.mx\\\/index.php\\\/category\\\/blog\\\/#listItem\",\"name\":\"Blog\"}},{\"@type\":\"ListItem\",\"@id\":\"https:\\\/\\\/elprogresivo.mx\\\/index.php\\\/category\\\/blog\\\/#listItem\",\"position\":2,\"name\":\"Blog\",\"item\":\"https:\\\/\\\/elprogresivo.mx\\\/index.php\\\/category\\\/blog\\\/\",\"nextItem\":{\"@type\":\"ListItem\",\"@id\":\"https:\\\/\\\/elprogresivo.mx\\\/index.php\\\/2026\\\/08\\\/31\\\/queretaro-recibira-a-800-lideres-del-turismo-este-septiembre\\\/#listItem\",\"name\":\"Quer\\u00e9taro recibir\\u00e1 a 800 l\\u00edderes del turismo este septiembre\"},\"previousItem\":{\"@type\":\"ListItem\",\"@id\":\"https:\\\/\\\/elprogresivo.mx#listItem\",\"name\":\"Home\"}},{\"@type\":\"ListItem\",\"@id\":\"https:\\\/\\\/elprogresivo.mx\\\/index.php\\\/2026\\\/08\\\/31\\\/queretaro-recibira-a-800-lideres-del-turismo-este-septiembre\\\/#listItem\",\"position\":3,\"name\":\"Quer\\u00e9taro recibir\\u00e1 a 800 l\\u00edderes del turismo este septiembre\",\"previousItem\":{\"@type\":\"ListItem\",\"@id\":\"https:\\\/\\\/elprogresivo.mx\\\/index.php\\\/category\\\/blog\\\/#listItem\",\"name\":\"Blog\"}}]},{\"@type\":\"Organization\",\"@id\":\"https:\\\/\\\/elprogresivo.mx\\\/#organization\",\"name\":\"elprogresivo.mx\",\"description\":\"Construimos una nueva etapa en informaci\\u00f3n\",\"url\":\"https:\\\/\\\/elprogresivo.mx\\\/\",\"logo\":{\"@type\":\"ImageObject\",\"url\":\"https:\\\/\\\/elprogresivo.mx\\\/wp-content\\\/uploads\\\/2024\\\/02\\\/cropped-LogoBlanco.png\",\"@id\":\"https:\\\/\\\/elprogresivo.mx\\\/index.php\\\/2026\\\/08\\\/31\\\/queretaro-recibira-a-800-lideres-del-turismo-este-septiembre\\\/#organizationLogo\",\"width\":2096,\"height\":332},\"image\":{\"@id\":\"https:\\\/\\\/elprogresivo.mx\\\/index.php\\\/2026\\\/08\\\/31\\\/queretaro-recibira-a-800-lideres-del-turismo-este-septiembre\\\/#organizationLogo\"}},{\"@type\":\"Person\",\"@id\":\"https:\\\/\\\/elprogresivo.mx\\\/index.php\\\/author\\\/emmanuel-galvan\\\/#author\",\"url\":\"https:\\\/\\\/elprogresivo.mx\\\/index.php\\\/author\\\/emmanuel-galvan\\\/\",\"name\":\"Staff\",\"image\":{\"@type\":\"ImageObject\",\"@id\":\"https:\\\/\\\/elprogresivo.mx\\\/index.php\\\/2026\\\/08\\\/31\\\/queretaro-recibira-a-800-lideres-del-turismo-este-septiembre\\\/#authorImage\",\"url\":\"https:\\\/\\\/secure.gravatar.com\\\/avatar\\\/3bb87242634c3adf910515f41e6e392ab758b98c8ee7fd12a54fcb5270441486?s=96&d=mm&r=g\",\"width\":96,\"height\":96,\"caption\":\"Staff\"}},{\"@type\":\"WebPage\",\"@id\":\"https:\\\/\\\/elprogresivo.mx\\\/index.php\\\/2026\\\/08\\\/31\\\/queretaro-recibira-a-800-lideres-del-turismo-este-septiembre\\\/#webpage\",\"url\":\"https:\\\/\\\/elprogresivo.mx\\\/index.php\\\/2026\\\/08\\\/31\\\/queretaro-recibira-a-800-lideres-del-turismo-este-septiembre\\\/\",\"name\":\"Quer\\u00e9taro recibir\\u00e1 a 800 l\\u00edderes del turismo este septiembre - elprogresivo.mx\",\"description\":\"M\\u00e1s de 800 directivos y planificadores de eventos llegar\\u00e1n a Quer\\u00e9taro del 9 al 12 de septiembre para asistir al XXXII Congreso Nacional de la Industria de Reuniones. El recinto sede ser\\u00e1 el Quer\\u00e9taro Centro de Congresos, un espacio que Alfredo Espinosa Leal, director del lugar, describe como el escenario ideal para consolidar al estado\",\"inLanguage\":\"es-MX\",\"isPartOf\":{\"@id\":\"https:\\\/\\\/elprogresivo.mx\\\/#website\"},\"breadcrumb\":{\"@id\":\"https:\\\/\\\/elprogresivo.mx\\\/index.php\\\/2026\\\/08\\\/31\\\/queretaro-recibira-a-800-lideres-del-turismo-este-septiembre\\\/#breadcrumblist\"},\"author\":{\"@id\":\"https:\\\/\\\/elprogresivo.mx\\\/index.php\\\/author\\\/emmanuel-galvan\\\/#author\"},\"creator\":{\"@id\":\"https:\\\/\\\/elprogresivo.mx\\\/index.php\\\/author\\\/emmanuel-galvan\\\/#author\"},\"image\":{\"@type\":\"ImageObject\",\"url\":\"https:\\\/\\\/elprogresivo.mx\\\/wp-content\\\/uploads\\\/2026\\\/08\\\/noticia_20260831145135.jpg\",\"@id\":\"https:\\\/\\\/elprogresivo.mx\\\/index.php\\\/2026\\\/08\\\/31\\\/queretaro-recibira-a-800-lideres-del-turismo-este-septiembre\\\/#mainImage\",\"width\":1280,\"height\":853},\"primaryImageOfPage\":{\"@id\":\"https:\\\/\\\/elprogresivo.mx\\\/index.php\\\/2026\\\/08\\\/31\\\/queretaro-recibira-a-800-lideres-del-turismo-este-septiembre\\\/#mainImage\"},\"datePublished\":\"2026-08-31T20:51:42+00:00\",\"dateModified\":\"2026-08-31T20:51:42+00:00\"},{\"@type\":\"WebSite\",\"@id\":\"https:\\\/\\\/elprogresivo.mx\\\/#website\",\"url\":\"https:\\\/\\\/elprogresivo.mx\\\/\",\"name\":\"elprogresivo.mx\",\"description\":\"Construimos una nueva etapa en informaci\\u00f3n\",\"inLanguage\":\"es-MX\",\"publisher\":{\"@id\":\"https:\\\/\\\/elprogresivo.mx\\\/#organization\"}}]}\n\t\t<\/script>\n\t\t<!-- All in One SEO -->\n\n","aioseo_head_json":{"title":"Quer\u00e9taro recibir\u00e1 a 800 l\u00edderes del turismo este septiembre - elprogresivo.mx","description":"M\u00e1s de 800 directivos y planificadores de eventos llegar\u00e1n a Quer\u00e9taro del 9 al 12 de septiembre para asistir al XXXII Congreso Nacional de la Industria de Reuniones. El recinto sede ser\u00e1 el Quer\u00e9taro Centro de Congresos, un espacio que Alfredo Espinosa Leal, director del lugar, describe como el escenario ideal para consolidar al estado","canonical_url":"https:\/\/elprogresivo.mx\/index.php\/2026\/08\/31\/queretaro-recibira-a-800-lideres-del-turismo-este-septiembre\/","robots":"max-image-preview:large","keywords":"","webmasterTools":{"miscellaneous":""},"schema":{"@context":"https:\/\/schema.org","@graph":[{"@type":"BlogPosting","@id":"https:\/\/elprogresivo.mx\/index.php\/2026\/08\/31\/queretaro-recibira-a-800-lideres-del-turismo-este-septiembre\/#blogposting","name":"Quer\u00e9taro recibir\u00e1 a 800 l\u00edderes del turismo este septiembre - elprogresivo.mx","headline":"Quer\u00e9taro recibir\u00e1 a 800 l\u00edderes del turismo este septiembre","author":{"@id":"https:\/\/elprogresivo.mx\/index.php\/author\/emmanuel-galvan\/#author"},"publisher":{"@id":"https:\/\/elprogresivo.mx\/#organization"},"image":{"@type":"ImageObject","url":"https:\/\/elprogresivo.mx\/wp-content\/uploads\/2026\/08\/noticia_20260831145135.jpg","width":1280,"height":853},"datePublished":"2026-08-31T20:51:42+00:00","dateModified":"2026-08-31T20:51:42+00:00","inLanguage":"es-MX","mainEntityOfPage":{"@id":"https:\/\/elprogresivo.mx\/index.php\/2026\/08\/31\/queretaro-recibira-a-800-lideres-del-turismo-este-septiembre\/#webpage"},"isPartOf":{"@id":"https:\/\/elprogresivo.mx\/index.php\/2026\/08\/31\/queretaro-recibira-a-800-lideres-del-turismo-este-septiembre\/#webpage"},"articleSection":"Blog, 300 a\u00f1os Acueducto Quer\u00e9taro El Marqu\u00e9s, CNIR 2026 Quer\u00e9taro, econom\u00eda, Eventos, Mundial 2026 Comercio local Turismo de negocios Oportunidades de negocio Microempresas Emprendedor mexicano Digitalizaci\u00f3n"},{"@type":"BreadcrumbList","@id":"https:\/\/elprogresivo.mx\/index.php\/2026\/08\/31\/queretaro-recibira-a-800-lideres-del-turismo-este-septiembre\/#breadcrumblist","itemListElement":[{"@type":"ListItem","@id":"https:\/\/elprogresivo.mx#listItem","position":1,"name":"Home","item":"https:\/\/elprogresivo.mx","nextItem":{"@type":"ListItem","@id":"https:\/\/elprogresivo.mx\/index.php\/category\/blog\/#listItem","name":"Blog"}},{"@type":"ListItem","@id":"https:\/\/elprogresivo.mx\/index.php\/category\/blog\/#listItem","position":2,"name":"Blog","item":"https:\/\/elprogresivo.mx\/index.php\/category\/blog\/","nextItem":{"@type":"ListItem","@id":"https:\/\/elprogresivo.mx\/index.php\/2026\/08\/31\/queretaro-recibira-a-800-lideres-del-turismo-este-septiembre\/#listItem","name":"Quer\u00e9taro recibir\u00e1 a 800 l\u00edderes del turismo este septiembre"},"previousItem":{"@type":"ListItem","@id":"https:\/\/elprogresivo.mx#listItem","name":"Home"}},{"@type":"ListItem","@id":"https:\/\/elprogresivo.mx\/index.php\/2026\/08\/31\/queretaro-recibira-a-800-lideres-del-turismo-este-septiembre\/#listItem","position":3,"name":"Quer\u00e9taro recibir\u00e1 a 800 l\u00edderes del turismo este septiembre","previousItem":{"@type":"ListItem","@id":"https:\/\/elprogresivo.mx\/index.php\/category\/blog\/#listItem","name":"Blog"}}]},{"@type":"Organization","@id":"https:\/\/elprogresivo.mx\/#organization","name":"elprogresivo.mx","description":"Construimos una nueva etapa en informaci\u00f3n","url":"https:\/\/elprogresivo.mx\/","logo":{"@type":"ImageObject","url":"https:\/\/elprogresivo.mx\/wp-content\/uploads\/2024\/02\/cropped-LogoBlanco.png","@id":"https:\/\/elprogresivo.mx\/index.php\/2026\/08\/31\/queretaro-recibira-a-800-lideres-del-turismo-este-septiembre\/#organizationLogo","width":2096,"height":332},"image":{"@id":"https:\/\/elprogresivo.mx\/index.php\/2026\/08\/31\/queretaro-recibira-a-800-lideres-del-turismo-este-septiembre\/#organizationLogo"}},{"@type":"Person","@id":"https:\/\/elprogresivo.mx\/index.php\/author\/emmanuel-galvan\/#author","url":"https:\/\/elprogresivo.mx\/index.php\/author\/emmanuel-galvan\/","name":"Staff","image":{"@type":"ImageObject","@id":"https:\/\/elprogresivo.mx\/index.php\/2026\/08\/31\/queretaro-recibira-a-800-lideres-del-turismo-este-septiembre\/#authorImage","url":"https:\/\/secure.gravatar.com\/avatar\/3bb87242634c3adf910515f41e6e392ab758b98c8ee7fd12a54fcb5270441486?s=96&d=mm&r=g","width":96,"height":96,"caption":"Staff"}},{"@type":"WebPage","@id":"https:\/\/elprogresivo.mx\/index.php\/2026\/08\/31\/queretaro-recibira-a-800-lideres-del-turismo-este-septiembre\/#webpage","url":"https:\/\/elprogresivo.mx\/index.php\/2026\/08\/31\/queretaro-recibira-a-800-lideres-del-turismo-este-septiembre\/","name":"Quer\u00e9taro recibir\u00e1 a 800 l\u00edderes del turismo este septiembre - elprogresivo.mx","description":"M\u00e1s de 800 directivos y planificadores de eventos llegar\u00e1n a Quer\u00e9taro del 9 al 12 de septiembre para asistir al XXXII Congreso Nacional de la Industria de Reuniones. El recinto sede ser\u00e1 el Quer\u00e9taro Centro de Congresos, un espacio que Alfredo Espinosa Leal, director del lugar, describe como el escenario ideal para consolidar al estado","inLanguage":"es-MX","isPartOf":{"@id":"https:\/\/elprogresivo.mx\/#website"},"breadcrumb":{"@id":"https:\/\/elprogresivo.mx\/index.php\/2026\/08\/31\/queretaro-recibira-a-800-lideres-del-turismo-este-septiembre\/#breadcrumblist"},"author":{"@id":"https:\/\/elprogresivo.mx\/index.php\/author\/emmanuel-galvan\/#author"},"creator":{"@id":"https:\/\/elprogresivo.mx\/index.php\/author\/emmanuel-galvan\/#author"},"image":{"@type":"ImageObject","url":"https:\/\/elprogresivo.mx\/wp-content\/uploads\/2026\/08\/noticia_20260831145135.jpg","@id":"https:\/\/elprogresivo.mx\/index.php\/2026\/08\/31\/queretaro-recibira-a-800-lideres-del-turismo-este-septiembre\/#mainImage","width":1280,"height":853},"primaryImageOfPage":{"@id":"https:\/\/elprogresivo.mx\/index.php\/2026\/08\/31\/queretaro-recibira-a-800-lideres-del-turismo-este-septiembre\/#mainImage"},"datePublished":"2026-08-31T20:51:42+00:00","dateModified":"2026-08-31T20:51:42+00:00"},{"@type":"WebSite","@id":"https:\/\/elprogresivo.mx\/#website","url":"https:\/\/elprogresivo.mx\/","name":"elprogresivo.mx","description":"Construimos una nueva etapa en informaci\u00f3n","inLanguage":"es-MX","publisher":{"@id":"https:\/\/elprogresivo.mx\/#organization"}}]},"og:locale":"es_MX","og:site_name":"elprogresivo.mx - Construimos una nueva etapa en informaci\u00f3n","og:type":"article","og:title":"Quer\u00e9taro recibir\u00e1 a 800 l\u00edderes del turismo este septiembre - elprogresivo.mx","og:description":"M\u00e1s de 800 directivos y planificadores de eventos llegar\u00e1n a Quer\u00e9taro del 9 al 12 de septiembre para asistir al XXXII Congreso Nacional de la Industria de Reuniones. El recinto sede ser\u00e1 el Quer\u00e9taro Centro de Congresos, un espacio que Alfredo Espinosa Leal, director del lugar, describe como el escenario ideal para consolidar al estado","og:url":"https:\/\/elprogresivo.mx\/index.php\/2026\/08\/31\/queretaro-recibira-a-800-lideres-del-turismo-este-septiembre\/","og:image":"https:\/\/elprogresivo.mx\/wp-content\/uploads\/2024\/02\/cropped-LogoBlanco.png","og:image:secure_url":"https:\/\/elprogresivo.mx\/wp-content\/uploads\/2024\/02\/cropped-LogoBlanco.png","article:published_time":"2026-08-31T20:51:42+00:00","article:modified_time":"2026-08-31T20:51:42+00:00","twitter:card":"summary_large_image","twitter:title":"Quer\u00e9taro recibir\u00e1 a 800 l\u00edderes del turismo este septiembre - elprogresivo.mx","twitter:description":"M\u00e1s de 800 directivos y planificadores de eventos llegar\u00e1n a Quer\u00e9taro del 9 al 12 de septiembre para asistir al XXXII Congreso Nacional de la Industria de Reuniones. El recinto sede ser\u00e1 el Quer\u00e9taro Centro de Congresos, un espacio que Alfredo Espinosa Leal, director del lugar, describe como el escenario ideal para consolidar al estado","twitter:image":"https:\/\/elprogresivo.mx\/wp-content\/uploads\/2024\/02\/cropped-LogoBlanco.png"},"aioseo_meta_data":{"post_id":"4797","title":null,"description":null,"keywords":null,"keyphrases":{"focus":[],"additional":[]},"primary_term":null,"canonical_url":null,"og_title":null,"og_description":null,"og_object_type":"default","og_image_type":"default","og_image_url":null,"og_image_width":null,"og_image_height":null,"og_image_custom_url":null,"og_image_custom_fields":null,"og_video":null,"og_custom_url":null,"og_article_section":null,"og_article_tags":null,"twitter_use_og":false,"twitter_card":"default","twitter_image_type":"default","twitter_image_url":null,"twitter_image_custom_url":null,"twitter_image_custom_fields":null,"twitter_title":null,"twitter_description":null,"schema":{"blockGraphs":[],"customGraphs":[],"default":{"data":{"Article":[],"Course":[],"Dataset":[],"FAQPage":[],"Movie":[],"Person":[],"Product":[],"ProductReview":[],"Car":[],"Recipe":[],"Service":[],"SoftwareApplication":[],"WebPage":[]},"graphName":"","isEnabled":true},"graphs":[]},"schema_type":"default","schema_type_options":null,"pillar_content":false,"robots_default":true,"robots_noindex":false,"robots_noarchive":false,"robots_nosnippet":false,"robots_nofollow":false,"robots_noimageindex":false,"robots_noodp":false,"robots_notranslate":false,"robots_max_snippet":null,"robots_max_videopreview":null,"robots_max_imagepreview":"large","priority":null,"frequency":null,"local_seo":null,"limit_modified_date":false,"created":"2026-08-31 20:53:01","updated":"2026-08-31 21:47:24","ai":null,"breadcrumb_settings":null,"seo_analyzer_scan_date":null,"focus_keyword":null,"additional_keywords":null,"truseo_locale":null},"aioseo_breadcrumb":"<div class=\"aioseo-breadcrumbs\"><span class=\"aioseo-breadcrumb\">\n\t\t\t<a href=\"https:\/\/elprogresivo.mx\" title=\"Home\">Home<\/a>\n\t\t<\/span><span class=\"aioseo-breadcrumb-separator\">&raquo;<\/span><span class=\"aioseo-breadcrumb\">\n\t\t\t<a href=\"https:\/\/elprogresivo.mx\/index.php\/category\/blog\/\" title=\"Blog\">Blog<\/a>\n\t\t<\/span><span class=\"aioseo-breadcrumb-separator\">&raquo;<\/span><span class=\"aioseo-breadcrumb\">\n\t\t\tQuer\u00e9taro recibir\u00e1 a 800 l\u00edderes del turismo este septiembre\n\t\t<\/span><\/div>","aioseo_breadcrumb_json":[{"label":"Home","link":"https:\/\/elprogresivo.mx"},{"label":"Blog","link":"https:\/\/elprogresivo.mx\/index.php\/category\/blog\/"},{"label":"Quer\u00e9taro recibir\u00e1 a 800 l\u00edderes del turismo este septiembre","link":"https:\/\/elprogresivo.mx\/index.php\/2026\/08\/31\/queretaro-recibira-a-800-lideres-del-turismo-este-septiembre\/"}],"jetpack_publicize_connections":[],"_links":{"self":[{"href":"https:\/\/elprogresivo.mx\/index.php\/wp-json\/wp\/v2\/posts\/4797","targetHints":{"allow":["GET"]}}],"collection":[{"href":"https:\/\/elprogresivo.mx\/index.php\/wp-json\/wp\/v2\/posts"}],"about":[{"href":"https:\/\/elprogresivo.mx\/index.php\/wp-json\/wp\/v2\/types\/post"}],"author":[{"embeddable":true,"href":"https:\/\/elprogresivo.mx\/index.php\/wp-json\/wp\/v2\/users\/5"}],"replies":[{"embeddable":true,"href":"https:\/\/elprogresivo.mx\/index.php\/wp-json\/wp\/v2\/comments?post=4797"}],"version-history":[{"count":0,"href":"https:\/\/elprogresivo.mx\/index.php\/wp-json\/wp\/v2\/posts\/4797\/revisions"}],"wp:featuredmedia":[{"embeddable":true,"href":"https:\/\/elprogresivo.mx\/index.php\/wp-json\/wp\/v2\/media\/4796"}],"wp:attachment":[{"href":"https:\/\/elprogresivo.mx\/index.php\/wp-json\/wp\/v2\/media?parent=4797"}],"wp:term":[{"taxonomy":"category","embeddable":true,"href":"https:\/\/elprogresivo.mx\/index.php\/wp-json\/wp\/v2\/categories?post=4797"},{"taxonomy":"post_tag","embeddable":true,"href":"https:\/\/elprogresivo.mx\/index.php\/wp-json\/wp\/v2\/tags?post=4797"}],"curies":[{"name":"wp","href":"https:\/\/api.w.org\/{rel}","templated":true}]}}