{"id":4788,"date":"2026-08-31T17:31:25","date_gmt":"2026-08-31T17:31:25","guid":{"rendered":"https:\/\/elprogresivo.mx\/?p=4788"},"modified":"2026-08-31T17:31:27","modified_gmt":"2026-08-31T17:31:27","slug":"tercera-edicion-de-manos-de-papa-chepe-guerrero-aprende-a-peinar-junto-a-40-padres-de-corregidora","status":"publish","type":"post","link":"https:\/\/elprogresivo.mx\/index.php\/2026\/08\/31\/tercera-edicion-de-manos-de-papa-chepe-guerrero-aprende-a-peinar-junto-a-40-padres-de-corregidora\/","title":{"rendered":"Tercera edici\u00f3n de &#8220;Manos de Pap\u00e1&#8221;: Chepe Guerrero aprende a peinar junto a 40 padres de Corregidora"},"content":{"rendered":"\n<p>El presidente municipal de Corregidora, Chepe Guerrero, acompa\u00f1\u00f3 la&nbsp;<strong>tercera edici\u00f3n del taller &#8220;Manos de Pap\u00e1&#8221;<\/strong>&nbsp;del programa Pir\u00e1mides, donde&nbsp;<strong>40 padres de familia<\/strong>&nbsp;aprendieron t\u00e9cnicas de peinado para sus hijas y culminaron con una pasarela donde demostraron lo aprendido.<\/p>\n\n\n\n<p>Chepe Guerrero record\u00f3 que Pir\u00e1mides ofrece m\u00e1s de&nbsp;<strong>60 talleres gratuitos y a bajo costo<\/strong>&nbsp;que benefician directamente a alrededor de&nbsp;<strong>mil 500 personas<\/strong>. Cada participante recibi\u00f3 un kit con herramientas para seguir practicando en casa.<\/p>\n\n\n\n<p>&#8220;Les agradezco que se den la oportunidad de aprender algo nuevo. Me da gusto que, en el marco de un programa de gobierno, se puedan llevar algo que les d\u00e9 mucha cercan\u00eda con sus ni\u00f1as y su familia&#8221;, afirm\u00f3 el alcalde.<\/p>\n","protected":false},"excerpt":{"rendered":"<p>El presidente municipal de Corregidora, Chepe Guerrero, acompa\u00f1\u00f3 la&nbsp;tercera edici\u00f3n del taller &#8220;Manos de Pap\u00e1&#8221;&nbsp;del&#8230;<\/p>\n","protected":false},"author":1,"featured_media":4789,"comment_status":"open","ping_status":"open","sticky":false,"template":"","format":"standard","meta":{"om_disable_all_campaigns":false,"_monsterinsights_skip_tracking":false,"footnotes":"","jetpack_publicize_message":"","jetpack_publicize_feature_enabled":true,"jetpack_social_post_already_shared":true,"jetpack_social_options":{"image_generator_settings":{"template":"highway","default_image_id":0,"font":"","enabled":false},"version":2}},"categories":[1],"tags":[],"class_list":["post-4788","post","type-post","status-publish","format-standard","has-post-thumbnail","hentry","category-blog"],"aioseo_notices":[],"aioseo_head":"\n\t\t<!-- All in One SEO 5.0.1.1 - aioseo.com -->\n\t<meta name=\"description\" content=\"El presidente municipal de Corregidora, Chepe Guerrero, acompa\u00f1\u00f3 la tercera edici\u00f3n del taller &quot;Manos de Pap\u00e1&quot; del programa Pir\u00e1mides, donde 40 padres de familia aprendieron t\u00e9cnicas de peinado para sus hijas y culminaron con una pasarela donde demostraron lo aprendido. Chepe Guerrero record\u00f3 que Pir\u00e1mides ofrece m\u00e1s de 60 talleres gratuitos y a bajo costo que benefician directamente a alrededor de mil\" \/>\n\t<meta name=\"robots\" content=\"max-image-preview:large\" \/>\n\t<meta name=\"author\" content=\"elprogresivo.mx\"\/>\n\t<link rel=\"canonical\" href=\"https:\/\/elprogresivo.mx\/index.php\/2026\/08\/31\/tercera-edicion-de-manos-de-papa-chepe-guerrero-aprende-a-peinar-junto-a-40-padres-de-corregidora\/\" \/>\n\t<meta name=\"generator\" content=\"All in One SEO (AIOSEO) 5.0.1.1\" \/>\n\t\t<meta property=\"og:locale\" content=\"es_MX\" \/>\n\t\t<meta property=\"og:site_name\" content=\"elprogresivo.mx - Construimos una nueva etapa en informaci\u00f3n\" \/>\n\t\t<meta property=\"og:type\" content=\"article\" \/>\n\t\t<meta property=\"og:title\" content=\"Tercera edici\u00f3n de \u201cManos de Pap\u00e1\u201d: Chepe Guerrero aprende a peinar junto a 40 padres de Corregidora - elprogresivo.mx\" \/>\n\t\t<meta property=\"og:description\" content=\"El presidente municipal de Corregidora, Chepe Guerrero, acompa\u00f1\u00f3 la tercera edici\u00f3n del taller &quot;Manos de Pap\u00e1&quot; del programa Pir\u00e1mides, donde 40 padres de familia aprendieron t\u00e9cnicas de peinado para sus hijas y culminaron con una pasarela donde demostraron lo aprendido. Chepe Guerrero record\u00f3 que Pir\u00e1mides ofrece m\u00e1s de 60 talleres gratuitos y a bajo costo que benefician directamente a alrededor de mil\" \/>\n\t\t<meta property=\"og:url\" content=\"https:\/\/elprogresivo.mx\/index.php\/2026\/08\/31\/tercera-edicion-de-manos-de-papa-chepe-guerrero-aprende-a-peinar-junto-a-40-padres-de-corregidora\/\" \/>\n\t\t<meta property=\"og:image\" content=\"https:\/\/elprogresivo.mx\/wp-content\/uploads\/2024\/02\/cropped-LogoBlanco.png\" \/>\n\t\t<meta property=\"og:image:secure_url\" content=\"https:\/\/elprogresivo.mx\/wp-content\/uploads\/2024\/02\/cropped-LogoBlanco.png\" \/>\n\t\t<meta property=\"article:published_time\" content=\"2026-08-31T17:31:25+00:00\" \/>\n\t\t<meta property=\"article:modified_time\" content=\"2026-08-31T17:31:27+00:00\" \/>\n\t\t<meta name=\"twitter:card\" content=\"summary_large_image\" \/>\n\t\t<meta name=\"twitter:title\" content=\"Tercera edici\u00f3n de \u201cManos de Pap\u00e1\u201d: Chepe Guerrero aprende a peinar junto a 40 padres de Corregidora - elprogresivo.mx\" \/>\n\t\t<meta name=\"twitter:description\" content=\"El presidente municipal de Corregidora, Chepe Guerrero, acompa\u00f1\u00f3 la tercera edici\u00f3n del taller &quot;Manos de Pap\u00e1&quot; del programa Pir\u00e1mides, donde 40 padres de familia aprendieron t\u00e9cnicas de peinado para sus hijas y culminaron con una pasarela donde demostraron lo aprendido. Chepe Guerrero record\u00f3 que Pir\u00e1mides ofrece m\u00e1s de 60 talleres gratuitos y a bajo costo que benefician directamente a alrededor de mil\" \/>\n\t\t<meta name=\"twitter:image\" content=\"https:\/\/elprogresivo.mx\/wp-content\/uploads\/2024\/02\/cropped-LogoBlanco.png\" \/>\n\t\t<script type=\"application\/ld+json\" class=\"aioseo-schema\">\n\t\t\t{\"@context\":\"https:\\\/\\\/schema.org\",\"@graph\":[{\"@type\":\"BlogPosting\",\"@id\":\"https:\\\/\\\/elprogresivo.mx\\\/index.php\\\/2026\\\/08\\\/31\\\/tercera-edicion-de-manos-de-papa-chepe-guerrero-aprende-a-peinar-junto-a-40-padres-de-corregidora\\\/#blogposting\",\"name\":\"Tercera edici\\u00f3n de \\u201cManos de Pap\\u00e1\\u201d: Chepe Guerrero aprende a peinar junto a 40 padres de Corregidora - elprogresivo.mx\",\"headline\":\"Tercera edici\\u00f3n de &#8220;Manos de Pap\\u00e1&#8221;: Chepe Guerrero aprende a peinar junto a 40 padres de Corregidora\",\"author\":{\"@id\":\"https:\\\/\\\/elprogresivo.mx\\\/index.php\\\/author\\\/elprogresivo-mx\\\/#author\"},\"publisher\":{\"@id\":\"https:\\\/\\\/elprogresivo.mx\\\/#organization\"},\"image\":{\"@type\":\"ImageObject\",\"url\":\"https:\\\/\\\/elprogresivo.mx\\\/wp-content\\\/uploads\\\/2026\\\/08\\\/WhatsApp-Image-2026-08-30-at-09.56.58.jpeg\",\"width\":1280,\"height\":854},\"datePublished\":\"2026-08-31T17:31:25+00:00\",\"dateModified\":\"2026-08-31T17:31:27+00:00\",\"inLanguage\":\"es-MX\",\"mainEntityOfPage\":{\"@id\":\"https:\\\/\\\/elprogresivo.mx\\\/index.php\\\/2026\\\/08\\\/31\\\/tercera-edicion-de-manos-de-papa-chepe-guerrero-aprende-a-peinar-junto-a-40-padres-de-corregidora\\\/#webpage\"},\"isPartOf\":{\"@id\":\"https:\\\/\\\/elprogresivo.mx\\\/index.php\\\/2026\\\/08\\\/31\\\/tercera-edicion-de-manos-de-papa-chepe-guerrero-aprende-a-peinar-junto-a-40-padres-de-corregidora\\\/#webpage\"},\"articleSection\":\"Blog\"},{\"@type\":\"BreadcrumbList\",\"@id\":\"https:\\\/\\\/elprogresivo.mx\\\/index.php\\\/2026\\\/08\\\/31\\\/tercera-edicion-de-manos-de-papa-chepe-guerrero-aprende-a-peinar-junto-a-40-padres-de-corregidora\\\/#breadcrumblist\",\"itemListElement\":[{\"@type\":\"ListItem\",\"@id\":\"https:\\\/\\\/elprogresivo.mx#listItem\",\"position\":1,\"name\":\"Home\",\"item\":\"https:\\\/\\\/elprogresivo.mx\",\"nextItem\":{\"@type\":\"ListItem\",\"@id\":\"https:\\\/\\\/elprogresivo.mx\\\/index.php\\\/category\\\/blog\\\/#listItem\",\"name\":\"Blog\"}},{\"@type\":\"ListItem\",\"@id\":\"https:\\\/\\\/elprogresivo.mx\\\/index.php\\\/category\\\/blog\\\/#listItem\",\"position\":2,\"name\":\"Blog\",\"item\":\"https:\\\/\\\/elprogresivo.mx\\\/index.php\\\/category\\\/blog\\\/\",\"nextItem\":{\"@type\":\"ListItem\",\"@id\":\"https:\\\/\\\/elprogresivo.mx\\\/index.php\\\/2026\\\/08\\\/31\\\/tercera-edicion-de-manos-de-papa-chepe-guerrero-aprende-a-peinar-junto-a-40-padres-de-corregidora\\\/#listItem\",\"name\":\"Tercera edici\\u00f3n de &#8220;Manos de Pap\\u00e1&#8221;: Chepe Guerrero aprende a peinar junto a 40 padres de Corregidora\"},\"previousItem\":{\"@type\":\"ListItem\",\"@id\":\"https:\\\/\\\/elprogresivo.mx#listItem\",\"name\":\"Home\"}},{\"@type\":\"ListItem\",\"@id\":\"https:\\\/\\\/elprogresivo.mx\\\/index.php\\\/2026\\\/08\\\/31\\\/tercera-edicion-de-manos-de-papa-chepe-guerrero-aprende-a-peinar-junto-a-40-padres-de-corregidora\\\/#listItem\",\"position\":3,\"name\":\"Tercera edici\\u00f3n de &#8220;Manos de Pap\\u00e1&#8221;: Chepe Guerrero aprende a peinar junto a 40 padres de Corregidora\",\"previousItem\":{\"@type\":\"ListItem\",\"@id\":\"https:\\\/\\\/elprogresivo.mx\\\/index.php\\\/category\\\/blog\\\/#listItem\",\"name\":\"Blog\"}}]},{\"@type\":\"Organization\",\"@id\":\"https:\\\/\\\/elprogresivo.mx\\\/#organization\",\"name\":\"elprogresivo.mx\",\"description\":\"Construimos una nueva etapa en informaci\\u00f3n\",\"url\":\"https:\\\/\\\/elprogresivo.mx\\\/\",\"logo\":{\"@type\":\"ImageObject\",\"url\":\"https:\\\/\\\/elprogresivo.mx\\\/wp-content\\\/uploads\\\/2024\\\/02\\\/cropped-LogoBlanco.png\",\"@id\":\"https:\\\/\\\/elprogresivo.mx\\\/index.php\\\/2026\\\/08\\\/31\\\/tercera-edicion-de-manos-de-papa-chepe-guerrero-aprende-a-peinar-junto-a-40-padres-de-corregidora\\\/#organizationLogo\",\"width\":2096,\"height\":332},\"image\":{\"@id\":\"https:\\\/\\\/elprogresivo.mx\\\/index.php\\\/2026\\\/08\\\/31\\\/tercera-edicion-de-manos-de-papa-chepe-guerrero-aprende-a-peinar-junto-a-40-padres-de-corregidora\\\/#organizationLogo\"}},{\"@type\":\"Person\",\"@id\":\"https:\\\/\\\/elprogresivo.mx\\\/index.php\\\/author\\\/elprogresivo-mx\\\/#author\",\"url\":\"https:\\\/\\\/elprogresivo.mx\\\/index.php\\\/author\\\/elprogresivo-mx\\\/\",\"name\":\"elprogresivo.mx\",\"image\":{\"@type\":\"ImageObject\",\"@id\":\"https:\\\/\\\/elprogresivo.mx\\\/index.php\\\/2026\\\/08\\\/31\\\/tercera-edicion-de-manos-de-papa-chepe-guerrero-aprende-a-peinar-junto-a-40-padres-de-corregidora\\\/#authorImage\",\"url\":\"https:\\\/\\\/secure.gravatar.com\\\/avatar\\\/f8f619b2b94bf196501220695d5a6b8552763754143ed0ab1cf99ef065ae37cf?s=96&d=mm&r=g\",\"width\":96,\"height\":96,\"caption\":\"elprogresivo.mx\"}},{\"@type\":\"WebPage\",\"@id\":\"https:\\\/\\\/elprogresivo.mx\\\/index.php\\\/2026\\\/08\\\/31\\\/tercera-edicion-de-manos-de-papa-chepe-guerrero-aprende-a-peinar-junto-a-40-padres-de-corregidora\\\/#webpage\",\"url\":\"https:\\\/\\\/elprogresivo.mx\\\/index.php\\\/2026\\\/08\\\/31\\\/tercera-edicion-de-manos-de-papa-chepe-guerrero-aprende-a-peinar-junto-a-40-padres-de-corregidora\\\/\",\"name\":\"Tercera edici\\u00f3n de \\u201cManos de Pap\\u00e1\\u201d: Chepe Guerrero aprende a peinar junto a 40 padres de Corregidora - elprogresivo.mx\",\"description\":\"El presidente municipal de Corregidora, Chepe Guerrero, acompa\\u00f1\\u00f3 la tercera edici\\u00f3n del taller \\\"Manos de Pap\\u00e1\\\" del programa Pir\\u00e1mides, donde 40 padres de familia aprendieron t\\u00e9cnicas de peinado para sus hijas y culminaron con una pasarela donde demostraron lo aprendido. Chepe Guerrero record\\u00f3 que Pir\\u00e1mides ofrece m\\u00e1s de 60 talleres gratuitos y a bajo costo que benefician directamente a alrededor de mil\",\"inLanguage\":\"es-MX\",\"isPartOf\":{\"@id\":\"https:\\\/\\\/elprogresivo.mx\\\/#website\"},\"breadcrumb\":{\"@id\":\"https:\\\/\\\/elprogresivo.mx\\\/index.php\\\/2026\\\/08\\\/31\\\/tercera-edicion-de-manos-de-papa-chepe-guerrero-aprende-a-peinar-junto-a-40-padres-de-corregidora\\\/#breadcrumblist\"},\"author\":{\"@id\":\"https:\\\/\\\/elprogresivo.mx\\\/index.php\\\/author\\\/elprogresivo-mx\\\/#author\"},\"creator\":{\"@id\":\"https:\\\/\\\/elprogresivo.mx\\\/index.php\\\/author\\\/elprogresivo-mx\\\/#author\"},\"image\":{\"@type\":\"ImageObject\",\"url\":\"https:\\\/\\\/elprogresivo.mx\\\/wp-content\\\/uploads\\\/2026\\\/08\\\/WhatsApp-Image-2026-08-30-at-09.56.58.jpeg\",\"@id\":\"https:\\\/\\\/elprogresivo.mx\\\/index.php\\\/2026\\\/08\\\/31\\\/tercera-edicion-de-manos-de-papa-chepe-guerrero-aprende-a-peinar-junto-a-40-padres-de-corregidora\\\/#mainImage\",\"width\":1280,\"height\":854},\"primaryImageOfPage\":{\"@id\":\"https:\\\/\\\/elprogresivo.mx\\\/index.php\\\/2026\\\/08\\\/31\\\/tercera-edicion-de-manos-de-papa-chepe-guerrero-aprende-a-peinar-junto-a-40-padres-de-corregidora\\\/#mainImage\"},\"datePublished\":\"2026-08-31T17:31:25+00:00\",\"dateModified\":\"2026-08-31T17:31:27+00:00\"},{\"@type\":\"WebSite\",\"@id\":\"https:\\\/\\\/elprogresivo.mx\\\/#website\",\"url\":\"https:\\\/\\\/elprogresivo.mx\\\/\",\"name\":\"elprogresivo.mx\",\"description\":\"Construimos una nueva etapa en informaci\\u00f3n\",\"inLanguage\":\"es-MX\",\"publisher\":{\"@id\":\"https:\\\/\\\/elprogresivo.mx\\\/#organization\"}}]}\n\t\t<\/script>\n\t\t<!-- All in One SEO -->\n\n","aioseo_head_json":{"title":"Tercera edici\u00f3n de \u201cManos de Pap\u00e1\u201d: Chepe Guerrero aprende a peinar junto a 40 padres de Corregidora - elprogresivo.mx","description":"El presidente municipal de Corregidora, Chepe Guerrero, acompa\u00f1\u00f3 la tercera edici\u00f3n del taller \"Manos de Pap\u00e1\" del programa Pir\u00e1mides, donde 40 padres de familia aprendieron t\u00e9cnicas de peinado para sus hijas y culminaron con una pasarela donde demostraron lo aprendido. Chepe Guerrero record\u00f3 que Pir\u00e1mides ofrece m\u00e1s de 60 talleres gratuitos y a bajo costo que benefician directamente a alrededor de mil","canonical_url":"https:\/\/elprogresivo.mx\/index.php\/2026\/08\/31\/tercera-edicion-de-manos-de-papa-chepe-guerrero-aprende-a-peinar-junto-a-40-padres-de-corregidora\/","robots":"max-image-preview:large","keywords":"","webmasterTools":{"miscellaneous":""},"schema":{"@context":"https:\/\/schema.org","@graph":[{"@type":"BlogPosting","@id":"https:\/\/elprogresivo.mx\/index.php\/2026\/08\/31\/tercera-edicion-de-manos-de-papa-chepe-guerrero-aprende-a-peinar-junto-a-40-padres-de-corregidora\/#blogposting","name":"Tercera edici\u00f3n de \u201cManos de Pap\u00e1\u201d: Chepe Guerrero aprende a peinar junto a 40 padres de Corregidora - elprogresivo.mx","headline":"Tercera edici\u00f3n de &#8220;Manos de Pap\u00e1&#8221;: Chepe Guerrero aprende a peinar junto a 40 padres de Corregidora","author":{"@id":"https:\/\/elprogresivo.mx\/index.php\/author\/elprogresivo-mx\/#author"},"publisher":{"@id":"https:\/\/elprogresivo.mx\/#organization"},"image":{"@type":"ImageObject","url":"https:\/\/elprogresivo.mx\/wp-content\/uploads\/2026\/08\/WhatsApp-Image-2026-08-30-at-09.56.58.jpeg","width":1280,"height":854},"datePublished":"2026-08-31T17:31:25+00:00","dateModified":"2026-08-31T17:31:27+00:00","inLanguage":"es-MX","mainEntityOfPage":{"@id":"https:\/\/elprogresivo.mx\/index.php\/2026\/08\/31\/tercera-edicion-de-manos-de-papa-chepe-guerrero-aprende-a-peinar-junto-a-40-padres-de-corregidora\/#webpage"},"isPartOf":{"@id":"https:\/\/elprogresivo.mx\/index.php\/2026\/08\/31\/tercera-edicion-de-manos-de-papa-chepe-guerrero-aprende-a-peinar-junto-a-40-padres-de-corregidora\/#webpage"},"articleSection":"Blog"},{"@type":"BreadcrumbList","@id":"https:\/\/elprogresivo.mx\/index.php\/2026\/08\/31\/tercera-edicion-de-manos-de-papa-chepe-guerrero-aprende-a-peinar-junto-a-40-padres-de-corregidora\/#breadcrumblist","itemListElement":[{"@type":"ListItem","@id":"https:\/\/elprogresivo.mx#listItem","position":1,"name":"Home","item":"https:\/\/elprogresivo.mx","nextItem":{"@type":"ListItem","@id":"https:\/\/elprogresivo.mx\/index.php\/category\/blog\/#listItem","name":"Blog"}},{"@type":"ListItem","@id":"https:\/\/elprogresivo.mx\/index.php\/category\/blog\/#listItem","position":2,"name":"Blog","item":"https:\/\/elprogresivo.mx\/index.php\/category\/blog\/","nextItem":{"@type":"ListItem","@id":"https:\/\/elprogresivo.mx\/index.php\/2026\/08\/31\/tercera-edicion-de-manos-de-papa-chepe-guerrero-aprende-a-peinar-junto-a-40-padres-de-corregidora\/#listItem","name":"Tercera edici\u00f3n de &#8220;Manos de Pap\u00e1&#8221;: Chepe Guerrero aprende a peinar junto a 40 padres de Corregidora"},"previousItem":{"@type":"ListItem","@id":"https:\/\/elprogresivo.mx#listItem","name":"Home"}},{"@type":"ListItem","@id":"https:\/\/elprogresivo.mx\/index.php\/2026\/08\/31\/tercera-edicion-de-manos-de-papa-chepe-guerrero-aprende-a-peinar-junto-a-40-padres-de-corregidora\/#listItem","position":3,"name":"Tercera edici\u00f3n de &#8220;Manos de Pap\u00e1&#8221;: Chepe Guerrero aprende a peinar junto a 40 padres de Corregidora","previousItem":{"@type":"ListItem","@id":"https:\/\/elprogresivo.mx\/index.php\/category\/blog\/#listItem","name":"Blog"}}]},{"@type":"Organization","@id":"https:\/\/elprogresivo.mx\/#organization","name":"elprogresivo.mx","description":"Construimos una nueva etapa en informaci\u00f3n","url":"https:\/\/elprogresivo.mx\/","logo":{"@type":"ImageObject","url":"https:\/\/elprogresivo.mx\/wp-content\/uploads\/2024\/02\/cropped-LogoBlanco.png","@id":"https:\/\/elprogresivo.mx\/index.php\/2026\/08\/31\/tercera-edicion-de-manos-de-papa-chepe-guerrero-aprende-a-peinar-junto-a-40-padres-de-corregidora\/#organizationLogo","width":2096,"height":332},"image":{"@id":"https:\/\/elprogresivo.mx\/index.php\/2026\/08\/31\/tercera-edicion-de-manos-de-papa-chepe-guerrero-aprende-a-peinar-junto-a-40-padres-de-corregidora\/#organizationLogo"}},{"@type":"Person","@id":"https:\/\/elprogresivo.mx\/index.php\/author\/elprogresivo-mx\/#author","url":"https:\/\/elprogresivo.mx\/index.php\/author\/elprogresivo-mx\/","name":"elprogresivo.mx","image":{"@type":"ImageObject","@id":"https:\/\/elprogresivo.mx\/index.php\/2026\/08\/31\/tercera-edicion-de-manos-de-papa-chepe-guerrero-aprende-a-peinar-junto-a-40-padres-de-corregidora\/#authorImage","url":"https:\/\/secure.gravatar.com\/avatar\/f8f619b2b94bf196501220695d5a6b8552763754143ed0ab1cf99ef065ae37cf?s=96&d=mm&r=g","width":96,"height":96,"caption":"elprogresivo.mx"}},{"@type":"WebPage","@id":"https:\/\/elprogresivo.mx\/index.php\/2026\/08\/31\/tercera-edicion-de-manos-de-papa-chepe-guerrero-aprende-a-peinar-junto-a-40-padres-de-corregidora\/#webpage","url":"https:\/\/elprogresivo.mx\/index.php\/2026\/08\/31\/tercera-edicion-de-manos-de-papa-chepe-guerrero-aprende-a-peinar-junto-a-40-padres-de-corregidora\/","name":"Tercera edici\u00f3n de \u201cManos de Pap\u00e1\u201d: Chepe Guerrero aprende a peinar junto a 40 padres de Corregidora - elprogresivo.mx","description":"El presidente municipal de Corregidora, Chepe Guerrero, acompa\u00f1\u00f3 la tercera edici\u00f3n del taller \"Manos de Pap\u00e1\" del programa Pir\u00e1mides, donde 40 padres de familia aprendieron t\u00e9cnicas de peinado para sus hijas y culminaron con una pasarela donde demostraron lo aprendido. Chepe Guerrero record\u00f3 que Pir\u00e1mides ofrece m\u00e1s de 60 talleres gratuitos y a bajo costo que benefician directamente a alrededor de mil","inLanguage":"es-MX","isPartOf":{"@id":"https:\/\/elprogresivo.mx\/#website"},"breadcrumb":{"@id":"https:\/\/elprogresivo.mx\/index.php\/2026\/08\/31\/tercera-edicion-de-manos-de-papa-chepe-guerrero-aprende-a-peinar-junto-a-40-padres-de-corregidora\/#breadcrumblist"},"author":{"@id":"https:\/\/elprogresivo.mx\/index.php\/author\/elprogresivo-mx\/#author"},"creator":{"@id":"https:\/\/elprogresivo.mx\/index.php\/author\/elprogresivo-mx\/#author"},"image":{"@type":"ImageObject","url":"https:\/\/elprogresivo.mx\/wp-content\/uploads\/2026\/08\/WhatsApp-Image-2026-08-30-at-09.56.58.jpeg","@id":"https:\/\/elprogresivo.mx\/index.php\/2026\/08\/31\/tercera-edicion-de-manos-de-papa-chepe-guerrero-aprende-a-peinar-junto-a-40-padres-de-corregidora\/#mainImage","width":1280,"height":854},"primaryImageOfPage":{"@id":"https:\/\/elprogresivo.mx\/index.php\/2026\/08\/31\/tercera-edicion-de-manos-de-papa-chepe-guerrero-aprende-a-peinar-junto-a-40-padres-de-corregidora\/#mainImage"},"datePublished":"2026-08-31T17:31:25+00:00","dateModified":"2026-08-31T17:31:27+00:00"},{"@type":"WebSite","@id":"https:\/\/elprogresivo.mx\/#website","url":"https:\/\/elprogresivo.mx\/","name":"elprogresivo.mx","description":"Construimos una nueva etapa en informaci\u00f3n","inLanguage":"es-MX","publisher":{"@id":"https:\/\/elprogresivo.mx\/#organization"}}]},"og:locale":"es_MX","og:site_name":"elprogresivo.mx - Construimos una nueva etapa en informaci\u00f3n","og:type":"article","og:title":"Tercera edici\u00f3n de \u201cManos de Pap\u00e1\u201d: Chepe Guerrero aprende a peinar junto a 40 padres de Corregidora - elprogresivo.mx","og:description":"El presidente municipal de Corregidora, Chepe Guerrero, acompa\u00f1\u00f3 la tercera edici\u00f3n del taller &quot;Manos de Pap\u00e1&quot; del programa Pir\u00e1mides, donde 40 padres de familia aprendieron t\u00e9cnicas de peinado para sus hijas y culminaron con una pasarela donde demostraron lo aprendido. Chepe Guerrero record\u00f3 que Pir\u00e1mides ofrece m\u00e1s de 60 talleres gratuitos y a bajo costo que benefician directamente a alrededor de mil","og:url":"https:\/\/elprogresivo.mx\/index.php\/2026\/08\/31\/tercera-edicion-de-manos-de-papa-chepe-guerrero-aprende-a-peinar-junto-a-40-padres-de-corregidora\/","og:image":"https:\/\/elprogresivo.mx\/wp-content\/uploads\/2024\/02\/cropped-LogoBlanco.png","og:image:secure_url":"https:\/\/elprogresivo.mx\/wp-content\/uploads\/2024\/02\/cropped-LogoBlanco.png","article:published_time":"2026-08-31T17:31:25+00:00","article:modified_time":"2026-08-31T17:31:27+00:00","twitter:card":"summary_large_image","twitter:title":"Tercera edici\u00f3n de \u201cManos de Pap\u00e1\u201d: Chepe Guerrero aprende a peinar junto a 40 padres de Corregidora - elprogresivo.mx","twitter:description":"El presidente municipal de Corregidora, Chepe Guerrero, acompa\u00f1\u00f3 la tercera edici\u00f3n del taller &quot;Manos de Pap\u00e1&quot; del programa Pir\u00e1mides, donde 40 padres de familia aprendieron t\u00e9cnicas de peinado para sus hijas y culminaron con una pasarela donde demostraron lo aprendido. Chepe Guerrero record\u00f3 que Pir\u00e1mides ofrece m\u00e1s de 60 talleres gratuitos y a bajo costo que benefician directamente a alrededor de mil","twitter:image":"https:\/\/elprogresivo.mx\/wp-content\/uploads\/2024\/02\/cropped-LogoBlanco.png"},"aioseo_meta_data":{"post_id":"4788","title":null,"description":null,"keywords":null,"keyphrases":{"focus":{"keyphrase":"","score":0,"analysis":{"keyphraseInTitle":{"score":0,"maxScore":9,"error":1}}},"additional":[]},"primary_term":null,"canonical_url":null,"og_title":null,"og_description":null,"og_object_type":"default","og_image_type":"default","og_image_url":null,"og_image_width":null,"og_image_height":null,"og_image_custom_url":null,"og_image_custom_fields":null,"og_video":"","og_custom_url":null,"og_article_section":null,"og_article_tags":null,"twitter_use_og":false,"twitter_card":"default","twitter_image_type":"default","twitter_image_url":null,"twitter_image_custom_url":null,"twitter_image_custom_fields":null,"twitter_title":null,"twitter_description":null,"schema":{"blockGraphs":[],"customGraphs":[],"default":{"data":{"Article":[],"Course":[],"Dataset":[],"FAQPage":[],"Movie":[],"Person":[],"Product":[],"ProductReview":[],"Car":[],"Recipe":[],"Service":[],"SoftwareApplication":[],"WebPage":[]},"graphName":"BlogPosting","isEnabled":true},"graphs":[]},"schema_type":"default","schema_type_options":null,"pillar_content":false,"robots_default":true,"robots_noindex":false,"robots_noarchive":false,"robots_nosnippet":false,"robots_nofollow":false,"robots_noimageindex":false,"robots_noodp":false,"robots_notranslate":false,"robots_max_snippet":"-1","robots_max_videopreview":"-1","robots_max_imagepreview":"large","priority":null,"frequency":"default","local_seo":null,"limit_modified_date":false,"created":"2026-08-31 17:31:27","updated":"2026-08-31 18:00:04","ai":{"faqs":[],"keyPoints":[],"schemas":[],"titles":[],"descriptions":[],"socialPosts":{"email":{"subject":"","preview":"","content":""},"linkedin":[],"twitter":[],"facebook":[],"instagram":[]}},"breadcrumb_settings":null,"seo_analyzer_scan_date":null,"focus_keyword":null,"additional_keywords":null,"truseo_locale":null},"aioseo_breadcrumb":"<div class=\"aioseo-breadcrumbs\"><span class=\"aioseo-breadcrumb\">\n\t\t\t<a href=\"https:\/\/elprogresivo.mx\" title=\"Home\">Home<\/a>\n\t\t<\/span><span class=\"aioseo-breadcrumb-separator\">&raquo;<\/span><span class=\"aioseo-breadcrumb\">\n\t\t\t<a href=\"https:\/\/elprogresivo.mx\/index.php\/category\/blog\/\" title=\"Blog\">Blog<\/a>\n\t\t<\/span><span class=\"aioseo-breadcrumb-separator\">&raquo;<\/span><span class=\"aioseo-breadcrumb\">\n\t\t\tTercera edici\u00f3n de \u201cManos de Pap\u00e1\u201d: Chepe Guerrero aprende a peinar junto a 40 padres de Corregidora\n\t\t<\/span><\/div>","aioseo_breadcrumb_json":[{"label":"Home","link":"https:\/\/elprogresivo.mx"},{"label":"Blog","link":"https:\/\/elprogresivo.mx\/index.php\/category\/blog\/"},{"label":"Tercera edici\u00f3n de &#8220;Manos de Pap\u00e1&#8221;: Chepe Guerrero aprende a peinar junto a 40 padres de Corregidora","link":"https:\/\/elprogresivo.mx\/index.php\/2026\/08\/31\/tercera-edicion-de-manos-de-papa-chepe-guerrero-aprende-a-peinar-junto-a-40-padres-de-corregidora\/"}],"jetpack_publicize_connections":[],"_links":{"self":[{"href":"https:\/\/elprogresivo.mx\/index.php\/wp-json\/wp\/v2\/posts\/4788","targetHints":{"allow":["GET"]}}],"collection":[{"href":"https:\/\/elprogresivo.mx\/index.php\/wp-json\/wp\/v2\/posts"}],"about":[{"href":"https:\/\/elprogresivo.mx\/index.php\/wp-json\/wp\/v2\/types\/post"}],"author":[{"embeddable":true,"href":"https:\/\/elprogresivo.mx\/index.php\/wp-json\/wp\/v2\/users\/1"}],"replies":[{"embeddable":true,"href":"https:\/\/elprogresivo.mx\/index.php\/wp-json\/wp\/v2\/comments?post=4788"}],"version-history":[{"count":1,"href":"https:\/\/elprogresivo.mx\/index.php\/wp-json\/wp\/v2\/posts\/4788\/revisions"}],"predecessor-version":[{"id":4790,"href":"https:\/\/elprogresivo.mx\/index.php\/wp-json\/wp\/v2\/posts\/4788\/revisions\/4790"}],"wp:featuredmedia":[{"embeddable":true,"href":"https:\/\/elprogresivo.mx\/index.php\/wp-json\/wp\/v2\/media\/4789"}],"wp:attachment":[{"href":"https:\/\/elprogresivo.mx\/index.php\/wp-json\/wp\/v2\/media?parent=4788"}],"wp:term":[{"taxonomy":"category","embeddable":true,"href":"https:\/\/elprogresivo.mx\/index.php\/wp-json\/wp\/v2\/categories?post=4788"},{"taxonomy":"post_tag","embeddable":true,"href":"https:\/\/elprogresivo.mx\/index.php\/wp-json\/wp\/v2\/tags?post=4788"}],"curies":[{"name":"wp","href":"https:\/\/api.w.org\/{rel}","templated":true}]}}